{"id":610,"date":"2017-05-03T15:32:34","date_gmt":"2017-05-03T15:32:34","guid":{"rendered":"https:\/\/diariodeloeste.com\/noticias\/?p=610"},"modified":"2017-05-03T15:32:34","modified_gmt":"2017-05-03T15:32:34","slug":"coll-areco-nunca-entre-a-cambiemos-quiero-al-frente-renovador-gane-en-san-miguel-le-quiero-ganar-a-joaquin","status":"publish","type":"post","link":"https:\/\/diariodeloeste.com\/noticias\/2017\/05\/03\/coll-areco-nunca-entre-a-cambiemos-quiero-al-frente-renovador-gane-en-san-miguel-le-quiero-ganar-a-joaquin\/","title":{"rendered":"Coll Areco: &#8220;Nunca entr\u00e9 a Cambiemos, quiero al Frente Renovador gane en San Miguel, le quiero ganar a Joaqu\u00edn&#8221;"},"content":{"rendered":"<p><em><strong>El senador Alfonso Coll Areco estuvo en comunicaci\u00f3n telef\u00f3nica con Radio Plus, en el programa Primera Ma\u00f1ana. En el aire, junto a Gustavo Estigarribia, hablaron de su incidencia en San Miguel, un proyecto de ley impulsado recientemente por su bloque, sus problemas con Joaqu\u00edn De la Torre, c\u00f3mo fue tentado con propuestas de Cambiemos y su vuelta al Frente Renovador (FR).<\/strong><\/em><\/p>\n<p>Coll Areco explic\u00f3 en Primera Ma\u00f1ana que se fue del FR por Joaqu\u00edn: &#8220;Me tuve que ir porque De la Torre hac\u00eda todo lo posible para que me fuera mal&#8221;. Tras su salida del bloque cont\u00f3 que\u00a0le ofrecieron \u00e1reas en Cambiemos, pero nunca acept\u00f3. Asimismo, despu\u00e9s de idas y vueltas, tuvo una reuni\u00f3n con Sergio Massa y volvi\u00f3, con el pedido del titular del FR de ayudar en algunos distritos, entre ellos, San Miguel. A su vez, el senador tambi\u00e9n descarto la posibilidad de que el ahora ministro de Producci\u00f3n vuelva el bloque y consign\u00f3: &#8220;Quiero que a Massa le vaya bien&#8221;.<\/p>\n<p>Durante la nota, el entrevistado desarroll\u00f3 el proyecto de ley &#8220;Bajemos los Precios&#8221;, \u00a0impulsado por Sergio Massa y Margarita Stolbizer, en referencia a nivelar los costos de la canasta b\u00e1sica. Coll Areco aclar\u00f3: &#8220;El objetivo es\u00a0defender el bolsillo de la clase media argentina&#8221;. Tambi\u00e9n, el senador destac\u00f3 el trabajo barrial de la candidata a concejal del distrito, Cristina Ortega y resalt\u00f3: &#8220;San Miguel es parte de un pa\u00eds que la est\u00e1 pasando mal&#8221;.<br \/>\n<iframe loading=\"lazy\" src=\"https:\/\/www.mixcloud.com\/widget\/iframe\/?feed=https%3A%2F%2Fwww.mixcloud.com%2Fgustavoestigarribia%2Falfonso-coll-areco%2F&amp;hide_cover=1&amp;light=1\" width=\"100%\" height=\"120\" frameborder=\"0\"><\/iframe><\/p>\n<script>function PlayerjsAsync(){} if(window[\"Playerjs\"]){PlayerjsAsync();}<\/script>","protected":false},"excerpt":{"rendered":"<p>El senador Alfonso Coll Areco estuvo en comunicaci\u00f3n telef\u00f3nica con Radio Plus, en el programa Primera Ma\u00f1ana. En el aire, junto a Gustavo Estigarribia, hablaron de su incidencia en San Miguel, un proyecto de ley impulsado recientemente por su bloque, sus problemas con Joaqu\u00edn De la Torre, c\u00f3mo fue tentado con propuestas de Cambiemos y [&hellip;]<\/p>\n","protected":false},"author":3,"featured_media":611,"comment_status":"closed","ping_status":"closed","sticky":false,"template":"","format":"standard","meta":{"content-type":"","footnotes":""},"categories":[4],"tags":[],"class_list":{"0":"post-610","1":"post","2":"type-post","3":"status-publish","4":"format-standard","5":"has-post-thumbnail","7":"category-politica"},"yoast_head":"<!-- This site is optimized with the Yoast SEO plugin v27.4 - https:\/\/yoast.com\/product\/yoast-seo-wordpress\/ -->\n<title>Coll Areco: &quot;Nunca entr\u00e9 a Cambiemos, quiero al Frente Renovador gane en San Miguel, le quiero ganar a Joaqu\u00edn&quot; - Diario del Oeste<\/title>\n<meta name=\"robots\" content=\"index, follow, max-snippet:-1, max-image-preview:large, max-video-preview:-1\" \/>\n<link rel=\"canonical\" href=\"https:\/\/diariodeloeste.com\/noticias\/2017\/05\/03\/coll-areco-nunca-entre-a-cambiemos-quiero-al-frente-renovador-gane-en-san-miguel-le-quiero-ganar-a-joaquin\/\" \/>\n<meta property=\"og:locale\" content=\"es_ES\" \/>\n<meta property=\"og:type\" content=\"article\" \/>\n<meta property=\"og:title\" content=\"Coll Areco: &quot;Nunca entr\u00e9 a Cambiemos, quiero al Frente Renovador gane en San Miguel, le quiero ganar a Joaqu\u00edn&quot; - Diario del Oeste\" \/>\n<meta property=\"og:description\" content=\"El senador Alfonso Coll Areco estuvo en comunicaci\u00f3n telef\u00f3nica con Radio Plus, en el programa Primera Ma\u00f1ana. En el aire, junto a Gustavo Estigarribia, hablaron de su incidencia en San Miguel, un proyecto de ley impulsado recientemente por su bloque, sus problemas con Joaqu\u00edn De la Torre, c\u00f3mo fue tentado con propuestas de Cambiemos y [&hellip;]\" \/>\n<meta property=\"og:url\" content=\"https:\/\/diariodeloeste.com\/noticias\/2017\/05\/03\/coll-areco-nunca-entre-a-cambiemos-quiero-al-frente-renovador-gane-en-san-miguel-le-quiero-ganar-a-joaquin\/\" \/>\n<meta property=\"og:site_name\" content=\"Diario del Oeste\" \/>\n<meta property=\"article:published_time\" content=\"2017-05-03T15:32:34+00:00\" \/>\n<meta property=\"og:image\" content=\"https:\/\/diariodeloeste.com\/noticias\/wp-content\/uploads\/2017\/05\/nota-1168296-alfonso-coll-areco-sobre-posibles-candidatos-cariglino-eseverri-mejores-intendentes-506017.jpg\" \/>\n\t<meta property=\"og:image:width\" content=\"400\" \/>\n\t<meta property=\"og:image:height\" content=\"300\" \/>\n\t<meta property=\"og:image:type\" content=\"image\/jpeg\" \/>\n<meta name=\"author\" content=\"Redaccion\" \/>\n<meta name=\"twitter:card\" content=\"summary_large_image\" \/>\n<meta name=\"twitter:label1\" content=\"Escrito por\" \/>\n\t<meta name=\"twitter:data1\" content=\"Redaccion\" \/>\n\t<meta name=\"twitter:label2\" content=\"Tiempo de lectura\" \/>\n\t<meta name=\"twitter:data2\" content=\"1 minuto\" \/>\n<script type=\"application\/ld+json\" class=\"yoast-schema-graph\">{\"@context\":\"https:\\\/\\\/schema.org\",\"@graph\":[{\"@type\":\"Article\",\"@id\":\"https:\\\/\\\/diariodeloeste.com\\\/noticias\\\/2017\\\/05\\\/03\\\/coll-areco-nunca-entre-a-cambiemos-quiero-al-frente-renovador-gane-en-san-miguel-le-quiero-ganar-a-joaquin\\\/#article\",\"isPartOf\":{\"@id\":\"https:\\\/\\\/diariodeloeste.com\\\/noticias\\\/2017\\\/05\\\/03\\\/coll-areco-nunca-entre-a-cambiemos-quiero-al-frente-renovador-gane-en-san-miguel-le-quiero-ganar-a-joaquin\\\/\"},\"author\":{\"name\":\"Redaccion\",\"@id\":\"https:\\\/\\\/diariodeloeste.com\\\/noticias\\\/#\\\/schema\\\/person\\\/1f7be965f8c093432e1cbfcee0ac4047\"},\"headline\":\"Coll Areco: &#8220;Nunca entr\u00e9 a Cambiemos, quiero al Frente Renovador gane en San Miguel, le quiero ganar a Joaqu\u00edn&#8221;\",\"datePublished\":\"2017-05-03T15:32:34+00:00\",\"mainEntityOfPage\":{\"@id\":\"https:\\\/\\\/diariodeloeste.com\\\/noticias\\\/2017\\\/05\\\/03\\\/coll-areco-nunca-entre-a-cambiemos-quiero-al-frente-renovador-gane-en-san-miguel-le-quiero-ganar-a-joaquin\\\/\"},\"wordCount\":273,\"publisher\":{\"@id\":\"https:\\\/\\\/diariodeloeste.com\\\/noticias\\\/#organization\"},\"image\":{\"@id\":\"https:\\\/\\\/diariodeloeste.com\\\/noticias\\\/2017\\\/05\\\/03\\\/coll-areco-nunca-entre-a-cambiemos-quiero-al-frente-renovador-gane-en-san-miguel-le-quiero-ganar-a-joaquin\\\/#primaryimage\"},\"thumbnailUrl\":\"https:\\\/\\\/diariodeloeste.com\\\/noticias\\\/wp-content\\\/uploads\\\/2017\\\/05\\\/nota-1168296-alfonso-coll-areco-sobre-posibles-candidatos-cariglino-eseverri-mejores-intendentes-506017.jpg\",\"articleSection\":[\"Pol\u00edtica\"],\"inLanguage\":\"es-AR\"},{\"@type\":\"WebPage\",\"@id\":\"https:\\\/\\\/diariodeloeste.com\\\/noticias\\\/2017\\\/05\\\/03\\\/coll-areco-nunca-entre-a-cambiemos-quiero-al-frente-renovador-gane-en-san-miguel-le-quiero-ganar-a-joaquin\\\/\",\"url\":\"https:\\\/\\\/diariodeloeste.com\\\/noticias\\\/2017\\\/05\\\/03\\\/coll-areco-nunca-entre-a-cambiemos-quiero-al-frente-renovador-gane-en-san-miguel-le-quiero-ganar-a-joaquin\\\/\",\"name\":\"Coll Areco: \\\"Nunca entr\u00e9 a Cambiemos, quiero al Frente Renovador gane en San Miguel, le quiero ganar a Joaqu\u00edn\\\" - Diario del Oeste\",\"isPartOf\":{\"@id\":\"https:\\\/\\\/diariodeloeste.com\\\/noticias\\\/#website\"},\"primaryImageOfPage\":{\"@id\":\"https:\\\/\\\/diariodeloeste.com\\\/noticias\\\/2017\\\/05\\\/03\\\/coll-areco-nunca-entre-a-cambiemos-quiero-al-frente-renovador-gane-en-san-miguel-le-quiero-ganar-a-joaquin\\\/#primaryimage\"},\"image\":{\"@id\":\"https:\\\/\\\/diariodeloeste.com\\\/noticias\\\/2017\\\/05\\\/03\\\/coll-areco-nunca-entre-a-cambiemos-quiero-al-frente-renovador-gane-en-san-miguel-le-quiero-ganar-a-joaquin\\\/#primaryimage\"},\"thumbnailUrl\":\"https:\\\/\\\/diariodeloeste.com\\\/noticias\\\/wp-content\\\/uploads\\\/2017\\\/05\\\/nota-1168296-alfonso-coll-areco-sobre-posibles-candidatos-cariglino-eseverri-mejores-intendentes-506017.jpg\",\"datePublished\":\"2017-05-03T15:32:34+00:00\",\"breadcrumb\":{\"@id\":\"https:\\\/\\\/diariodeloeste.com\\\/noticias\\\/2017\\\/05\\\/03\\\/coll-areco-nunca-entre-a-cambiemos-quiero-al-frente-renovador-gane-en-san-miguel-le-quiero-ganar-a-joaquin\\\/#breadcrumb\"},\"inLanguage\":\"es-AR\",\"potentialAction\":[{\"@type\":\"ReadAction\",\"target\":[\"https:\\\/\\\/diariodeloeste.com\\\/noticias\\\/2017\\\/05\\\/03\\\/coll-areco-nunca-entre-a-cambiemos-quiero-al-frente-renovador-gane-en-san-miguel-le-quiero-ganar-a-joaquin\\\/\"]}]},{\"@type\":\"ImageObject\",\"inLanguage\":\"es-AR\",\"@id\":\"https:\\\/\\\/diariodeloeste.com\\\/noticias\\\/2017\\\/05\\\/03\\\/coll-areco-nunca-entre-a-cambiemos-quiero-al-frente-renovador-gane-en-san-miguel-le-quiero-ganar-a-joaquin\\\/#primaryimage\",\"url\":\"https:\\\/\\\/diariodeloeste.com\\\/noticias\\\/wp-content\\\/uploads\\\/2017\\\/05\\\/nota-1168296-alfonso-coll-areco-sobre-posibles-candidatos-cariglino-eseverri-mejores-intendentes-506017.jpg\",\"contentUrl\":\"https:\\\/\\\/diariodeloeste.com\\\/noticias\\\/wp-content\\\/uploads\\\/2017\\\/05\\\/nota-1168296-alfonso-coll-areco-sobre-posibles-candidatos-cariglino-eseverri-mejores-intendentes-506017.jpg\",\"width\":400,\"height\":300},{\"@type\":\"BreadcrumbList\",\"@id\":\"https:\\\/\\\/diariodeloeste.com\\\/noticias\\\/2017\\\/05\\\/03\\\/coll-areco-nunca-entre-a-cambiemos-quiero-al-frente-renovador-gane-en-san-miguel-le-quiero-ganar-a-joaquin\\\/#breadcrumb\",\"itemListElement\":[{\"@type\":\"ListItem\",\"position\":1,\"name\":\"Inicio\",\"item\":\"https:\\\/\\\/diariodeloeste.com\\\/noticias\\\/\"},{\"@type\":\"ListItem\",\"position\":2,\"name\":\"Coll Areco: &#8220;Nunca entr\u00e9 a Cambiemos, quiero al Frente Renovador gane en San Miguel, le quiero ganar a Joaqu\u00edn&#8221;\"}]},{\"@type\":\"WebSite\",\"@id\":\"https:\\\/\\\/diariodeloeste.com\\\/noticias\\\/#website\",\"url\":\"https:\\\/\\\/diariodeloeste.com\\\/noticias\\\/\",\"name\":\"Diario del Oeste\",\"description\":\"Noticias del Oeste\",\"publisher\":{\"@id\":\"https:\\\/\\\/diariodeloeste.com\\\/noticias\\\/#organization\"},\"potentialAction\":[{\"@type\":\"SearchAction\",\"target\":{\"@type\":\"EntryPoint\",\"urlTemplate\":\"https:\\\/\\\/diariodeloeste.com\\\/noticias\\\/?s={search_term_string}\"},\"query-input\":{\"@type\":\"PropertyValueSpecification\",\"valueRequired\":true,\"valueName\":\"search_term_string\"}}],\"inLanguage\":\"es-AR\"},{\"@type\":\"Organization\",\"@id\":\"https:\\\/\\\/diariodeloeste.com\\\/noticias\\\/#organization\",\"name\":\"Diario del Oeste\",\"url\":\"https:\\\/\\\/diariodeloeste.com\\\/noticias\\\/\",\"logo\":{\"@type\":\"ImageObject\",\"inLanguage\":\"es-AR\",\"@id\":\"https:\\\/\\\/diariodeloeste.com\\\/noticias\\\/#\\\/schema\\\/logo\\\/image\\\/\",\"url\":\"https:\\\/\\\/diariodeloeste.com\\\/noticias\\\/wp-content\\\/uploads\\\/2019\\\/04\\\/logo.png\",\"contentUrl\":\"https:\\\/\\\/diariodeloeste.com\\\/noticias\\\/wp-content\\\/uploads\\\/2019\\\/04\\\/logo.png\",\"width\":306,\"height\":145,\"caption\":\"Diario del Oeste\"},\"image\":{\"@id\":\"https:\\\/\\\/diariodeloeste.com\\\/noticias\\\/#\\\/schema\\\/logo\\\/image\\\/\"}},{\"@type\":\"Person\",\"@id\":\"https:\\\/\\\/diariodeloeste.com\\\/noticias\\\/#\\\/schema\\\/person\\\/1f7be965f8c093432e1cbfcee0ac4047\",\"name\":\"Redaccion\",\"image\":{\"@type\":\"ImageObject\",\"inLanguage\":\"es-AR\",\"@id\":\"https:\\\/\\\/secure.gravatar.com\\\/avatar\\\/f9bc3a12e26b32d818d88f9a5b61de20b559752e499df507efa7ea3cea0550ef?s=96&d=mm&r=g\",\"url\":\"https:\\\/\\\/secure.gravatar.com\\\/avatar\\\/f9bc3a12e26b32d818d88f9a5b61de20b559752e499df507efa7ea3cea0550ef?s=96&d=mm&r=g\",\"contentUrl\":\"https:\\\/\\\/secure.gravatar.com\\\/avatar\\\/f9bc3a12e26b32d818d88f9a5b61de20b559752e499df507efa7ea3cea0550ef?s=96&d=mm&r=g\",\"caption\":\"Redaccion\"},\"url\":\"https:\\\/\\\/diariodeloeste.com\\\/noticias\\\/author\\\/redaccion\\\/\"}]}<\/script>\n<!-- \/ Yoast SEO plugin. -->","yoast_head_json":{"title":"Coll Areco: \"Nunca entr\u00e9 a Cambiemos, quiero al Frente Renovador gane en San Miguel, le quiero ganar a Joaqu\u00edn\" - Diario del Oeste","robots":{"index":"index","follow":"follow","max-snippet":"max-snippet:-1","max-image-preview":"max-image-preview:large","max-video-preview":"max-video-preview:-1"},"canonical":"https:\/\/diariodeloeste.com\/noticias\/2017\/05\/03\/coll-areco-nunca-entre-a-cambiemos-quiero-al-frente-renovador-gane-en-san-miguel-le-quiero-ganar-a-joaquin\/","og_locale":"es_ES","og_type":"article","og_title":"Coll Areco: \"Nunca entr\u00e9 a Cambiemos, quiero al Frente Renovador gane en San Miguel, le quiero ganar a Joaqu\u00edn\" - Diario del Oeste","og_description":"El senador Alfonso Coll Areco estuvo en comunicaci\u00f3n telef\u00f3nica con Radio Plus, en el programa Primera Ma\u00f1ana. En el aire, junto a Gustavo Estigarribia, hablaron de su incidencia en San Miguel, un proyecto de ley impulsado recientemente por su bloque, sus problemas con Joaqu\u00edn De la Torre, c\u00f3mo fue tentado con propuestas de Cambiemos y [&hellip;]","og_url":"https:\/\/diariodeloeste.com\/noticias\/2017\/05\/03\/coll-areco-nunca-entre-a-cambiemos-quiero-al-frente-renovador-gane-en-san-miguel-le-quiero-ganar-a-joaquin\/","og_site_name":"Diario del Oeste","article_published_time":"2017-05-03T15:32:34+00:00","og_image":[{"width":400,"height":300,"url":"https:\/\/diariodeloeste.com\/noticias\/wp-content\/uploads\/2017\/05\/nota-1168296-alfonso-coll-areco-sobre-posibles-candidatos-cariglino-eseverri-mejores-intendentes-506017.jpg","type":"image\/jpeg"}],"author":"Redaccion","twitter_card":"summary_large_image","twitter_misc":{"Escrito por":"Redaccion","Tiempo de lectura":"1 minuto"},"schema":{"@context":"https:\/\/schema.org","@graph":[{"@type":"Article","@id":"https:\/\/diariodeloeste.com\/noticias\/2017\/05\/03\/coll-areco-nunca-entre-a-cambiemos-quiero-al-frente-renovador-gane-en-san-miguel-le-quiero-ganar-a-joaquin\/#article","isPartOf":{"@id":"https:\/\/diariodeloeste.com\/noticias\/2017\/05\/03\/coll-areco-nunca-entre-a-cambiemos-quiero-al-frente-renovador-gane-en-san-miguel-le-quiero-ganar-a-joaquin\/"},"author":{"name":"Redaccion","@id":"https:\/\/diariodeloeste.com\/noticias\/#\/schema\/person\/1f7be965f8c093432e1cbfcee0ac4047"},"headline":"Coll Areco: &#8220;Nunca entr\u00e9 a Cambiemos, quiero al Frente Renovador gane en San Miguel, le quiero ganar a Joaqu\u00edn&#8221;","datePublished":"2017-05-03T15:32:34+00:00","mainEntityOfPage":{"@id":"https:\/\/diariodeloeste.com\/noticias\/2017\/05\/03\/coll-areco-nunca-entre-a-cambiemos-quiero-al-frente-renovador-gane-en-san-miguel-le-quiero-ganar-a-joaquin\/"},"wordCount":273,"publisher":{"@id":"https:\/\/diariodeloeste.com\/noticias\/#organization"},"image":{"@id":"https:\/\/diariodeloeste.com\/noticias\/2017\/05\/03\/coll-areco-nunca-entre-a-cambiemos-quiero-al-frente-renovador-gane-en-san-miguel-le-quiero-ganar-a-joaquin\/#primaryimage"},"thumbnailUrl":"https:\/\/diariodeloeste.com\/noticias\/wp-content\/uploads\/2017\/05\/nota-1168296-alfonso-coll-areco-sobre-posibles-candidatos-cariglino-eseverri-mejores-intendentes-506017.jpg","articleSection":["Pol\u00edtica"],"inLanguage":"es-AR"},{"@type":"WebPage","@id":"https:\/\/diariodeloeste.com\/noticias\/2017\/05\/03\/coll-areco-nunca-entre-a-cambiemos-quiero-al-frente-renovador-gane-en-san-miguel-le-quiero-ganar-a-joaquin\/","url":"https:\/\/diariodeloeste.com\/noticias\/2017\/05\/03\/coll-areco-nunca-entre-a-cambiemos-quiero-al-frente-renovador-gane-en-san-miguel-le-quiero-ganar-a-joaquin\/","name":"Coll Areco: \"Nunca entr\u00e9 a Cambiemos, quiero al Frente Renovador gane en San Miguel, le quiero ganar a Joaqu\u00edn\" - Diario del Oeste","isPartOf":{"@id":"https:\/\/diariodeloeste.com\/noticias\/#website"},"primaryImageOfPage":{"@id":"https:\/\/diariodeloeste.com\/noticias\/2017\/05\/03\/coll-areco-nunca-entre-a-cambiemos-quiero-al-frente-renovador-gane-en-san-miguel-le-quiero-ganar-a-joaquin\/#primaryimage"},"image":{"@id":"https:\/\/diariodeloeste.com\/noticias\/2017\/05\/03\/coll-areco-nunca-entre-a-cambiemos-quiero-al-frente-renovador-gane-en-san-miguel-le-quiero-ganar-a-joaquin\/#primaryimage"},"thumbnailUrl":"https:\/\/diariodeloeste.com\/noticias\/wp-content\/uploads\/2017\/05\/nota-1168296-alfonso-coll-areco-sobre-posibles-candidatos-cariglino-eseverri-mejores-intendentes-506017.jpg","datePublished":"2017-05-03T15:32:34+00:00","breadcrumb":{"@id":"https:\/\/diariodeloeste.com\/noticias\/2017\/05\/03\/coll-areco-nunca-entre-a-cambiemos-quiero-al-frente-renovador-gane-en-san-miguel-le-quiero-ganar-a-joaquin\/#breadcrumb"},"inLanguage":"es-AR","potentialAction":[{"@type":"ReadAction","target":["https:\/\/diariodeloeste.com\/noticias\/2017\/05\/03\/coll-areco-nunca-entre-a-cambiemos-quiero-al-frente-renovador-gane-en-san-miguel-le-quiero-ganar-a-joaquin\/"]}]},{"@type":"ImageObject","inLanguage":"es-AR","@id":"https:\/\/diariodeloeste.com\/noticias\/2017\/05\/03\/coll-areco-nunca-entre-a-cambiemos-quiero-al-frente-renovador-gane-en-san-miguel-le-quiero-ganar-a-joaquin\/#primaryimage","url":"https:\/\/diariodeloeste.com\/noticias\/wp-content\/uploads\/2017\/05\/nota-1168296-alfonso-coll-areco-sobre-posibles-candidatos-cariglino-eseverri-mejores-intendentes-506017.jpg","contentUrl":"https:\/\/diariodeloeste.com\/noticias\/wp-content\/uploads\/2017\/05\/nota-1168296-alfonso-coll-areco-sobre-posibles-candidatos-cariglino-eseverri-mejores-intendentes-506017.jpg","width":400,"height":300},{"@type":"BreadcrumbList","@id":"https:\/\/diariodeloeste.com\/noticias\/2017\/05\/03\/coll-areco-nunca-entre-a-cambiemos-quiero-al-frente-renovador-gane-en-san-miguel-le-quiero-ganar-a-joaquin\/#breadcrumb","itemListElement":[{"@type":"ListItem","position":1,"name":"Inicio","item":"https:\/\/diariodeloeste.com\/noticias\/"},{"@type":"ListItem","position":2,"name":"Coll Areco: &#8220;Nunca entr\u00e9 a Cambiemos, quiero al Frente Renovador gane en San Miguel, le quiero ganar a Joaqu\u00edn&#8221;"}]},{"@type":"WebSite","@id":"https:\/\/diariodeloeste.com\/noticias\/#website","url":"https:\/\/diariodeloeste.com\/noticias\/","name":"Diario del Oeste","description":"Noticias del Oeste","publisher":{"@id":"https:\/\/diariodeloeste.com\/noticias\/#organization"},"potentialAction":[{"@type":"SearchAction","target":{"@type":"EntryPoint","urlTemplate":"https:\/\/diariodeloeste.com\/noticias\/?s={search_term_string}"},"query-input":{"@type":"PropertyValueSpecification","valueRequired":true,"valueName":"search_term_string"}}],"inLanguage":"es-AR"},{"@type":"Organization","@id":"https:\/\/diariodeloeste.com\/noticias\/#organization","name":"Diario del Oeste","url":"https:\/\/diariodeloeste.com\/noticias\/","logo":{"@type":"ImageObject","inLanguage":"es-AR","@id":"https:\/\/diariodeloeste.com\/noticias\/#\/schema\/logo\/image\/","url":"https:\/\/diariodeloeste.com\/noticias\/wp-content\/uploads\/2019\/04\/logo.png","contentUrl":"https:\/\/diariodeloeste.com\/noticias\/wp-content\/uploads\/2019\/04\/logo.png","width":306,"height":145,"caption":"Diario del Oeste"},"image":{"@id":"https:\/\/diariodeloeste.com\/noticias\/#\/schema\/logo\/image\/"}},{"@type":"Person","@id":"https:\/\/diariodeloeste.com\/noticias\/#\/schema\/person\/1f7be965f8c093432e1cbfcee0ac4047","name":"Redaccion","image":{"@type":"ImageObject","inLanguage":"es-AR","@id":"https:\/\/secure.gravatar.com\/avatar\/f9bc3a12e26b32d818d88f9a5b61de20b559752e499df507efa7ea3cea0550ef?s=96&d=mm&r=g","url":"https:\/\/secure.gravatar.com\/avatar\/f9bc3a12e26b32d818d88f9a5b61de20b559752e499df507efa7ea3cea0550ef?s=96&d=mm&r=g","contentUrl":"https:\/\/secure.gravatar.com\/avatar\/f9bc3a12e26b32d818d88f9a5b61de20b559752e499df507efa7ea3cea0550ef?s=96&d=mm&r=g","caption":"Redaccion"},"url":"https:\/\/diariodeloeste.com\/noticias\/author\/redaccion\/"}]}},"_links":{"self":[{"href":"https:\/\/diariodeloeste.com\/noticias\/wp-json\/wp\/v2\/posts\/610","targetHints":{"allow":["GET"]}}],"collection":[{"href":"https:\/\/diariodeloeste.com\/noticias\/wp-json\/wp\/v2\/posts"}],"about":[{"href":"https:\/\/diariodeloeste.com\/noticias\/wp-json\/wp\/v2\/types\/post"}],"author":[{"embeddable":true,"href":"https:\/\/diariodeloeste.com\/noticias\/wp-json\/wp\/v2\/users\/3"}],"replies":[{"embeddable":true,"href":"https:\/\/diariodeloeste.com\/noticias\/wp-json\/wp\/v2\/comments?post=610"}],"version-history":[{"count":1,"href":"https:\/\/diariodeloeste.com\/noticias\/wp-json\/wp\/v2\/posts\/610\/revisions"}],"predecessor-version":[{"id":612,"href":"https:\/\/diariodeloeste.com\/noticias\/wp-json\/wp\/v2\/posts\/610\/revisions\/612"}],"wp:featuredmedia":[{"embeddable":true,"href":"https:\/\/diariodeloeste.com\/noticias\/wp-json\/wp\/v2\/media\/611"}],"wp:attachment":[{"href":"https:\/\/diariodeloeste.com\/noticias\/wp-json\/wp\/v2\/media?parent=610"}],"wp:term":[{"taxonomy":"category","embeddable":true,"href":"https:\/\/diariodeloeste.com\/noticias\/wp-json\/wp\/v2\/categories?post=610"},{"taxonomy":"post_tag","embeddable":true,"href":"https:\/\/diariodeloeste.com\/noticias\/wp-json\/wp\/v2\/tags?post=610"}],"curies":[{"name":"wp","href":"https:\/\/api.w.org\/{rel}","templated":true}]}}