{"id":6055,"date":"2019-11-29T14:03:50","date_gmt":"2019-11-29T14:03:50","guid":{"rendered":"https:\/\/diariodeloeste.com\/noticias\/?p=6055"},"modified":"2019-11-29T14:03:50","modified_gmt":"2019-11-29T14:03:50","slug":"se-creo-el-movimiento-peronista-del-deporte-en-jose-c-paz","status":"publish","type":"post","link":"https:\/\/diariodeloeste.com\/noticias\/2019\/11\/29\/se-creo-el-movimiento-peronista-del-deporte-en-jose-c-paz\/","title":{"rendered":"Se cre\u00f3 el Movimiento Peronista del deporte en Jos\u00e9 C Paz"},"content":{"rendered":"<p><em><strong>En \u201cPrimera Ma\u00f1ana\u201d, programa conducido por Gustavo Estigarribia y emitido por FM PLUS 88.1 charlamos con Rodolfo Pino, secretario de deportes en Jos\u00e8 C Paz.<\/strong><\/em><\/p>\n<p>&nbsp;<\/p>\n<p><a href=\"http:\/\/iframe%20width%3D100%25%20height%3D65px%20scrolling%3Dno%20frameborder%3Dno%20src%3D\/\/ar.radiocut.fm\/audiocut\/embed\/mini\/movimiento-peronista-del-deporte-en-jose-c-paz\/%20\/iframe\"><iframe loading=\"lazy\" src=\"https:\/\/ar.radiocut.fm\/audiocut\/embed\/mini\/movimiento-peronista-del-deporte-en-jose-c-paz\/\" width=\"100%\" height=\"65px\" frameborder=\"no\" scrolling=\"no\" data-mce-fragment=\"1\"><\/iframe><\/a><\/p>\n<p><em><strong>Rodolfo Pino:<\/strong><\/em><\/p>\n<p><strong><em>\u201d EL MOPEDEP&nbsp; NACI\u00d3 PARA QUEDARSE\u201d.<\/em><\/strong><\/p>\n<p>&nbsp;<\/p>\n<p><strong><em>\u201cCOINCIDIMOS QUE EL DEPORTE ES INCLUSI\u00d3N, DESDE LA NACI\u00d3N ES LAMENTABLE\u201d.<\/em><\/strong><\/p>\n<p>&nbsp;<\/p>\n<p>\u201cHAY UN GRAN EQUIPO DE TRABAJO\u201d.<\/p>\n<p><em>\u201cES BRILLANTE LO QUE COPIAMOS DE MARIO, TIENE UN NIVEL POL\u00cdTICO , UNO APRENDE DE MARIO, PORQUE ES INCANSABLE&#8221;.<\/em><\/p>\n<p>&nbsp;<\/p>\n<p><img loading=\"lazy\" loading=\"lazy\" decoding=\"async\" class=\"alignnone  wp-image-7459\" src=\"https:\/\/diarioplus.com.ar\/wp-content\/uploads\/2019\/11\/mope-300x225.jpg\" sizes=\"auto, (max-width: 431px) 100vw, 431px\" srcset=\"https:\/\/diarioplus.com.ar\/wp-content\/uploads\/2019\/11\/mope-300x225.jpg 300w, https:\/\/diarioplus.com.ar\/wp-content\/uploads\/2019\/11\/mope-768x576.jpg 768w, https:\/\/diarioplus.com.ar\/wp-content\/uploads\/2019\/11\/mope.jpg 960w\" alt=\"\" width=\"431\" height=\"323\"><\/p>\n<p>&nbsp;<\/p>\n<p>Jos\u00e9 C Paz fue el lugar elegido para que el Movimiento Peronista del Deporte, cierre un a\u00f1o de intenso trabajo ,para llevar el Deporte de la Provincia de Bs As al lugar y valor que se merecen los Bonaerenses. Fue su anfitri\u00f3n Rodolfo Pino, quien dio la bienvenida a las m\u00e1s de 1.500 personas, entre deportistas, dirigentes y familia del Deporte de los 27 municipios que dieron el presente.<\/p>\n<p>Fue una intensa jornada que empez\u00f3 temprano con la visita del Gobernador electo Axel Kicillof, visitando la UNPAZ, en una actividad organizada por su rector Federico Thea; y acompa\u00f1ado por el Intendente local Mario Ishi, quien se encarg\u00f3 durante la jornada de recorrer el distrito, visitando varios lugares, y sobre todo la magn\u00edfica obra de la Facultad de Medicina.<\/p>\n<p>Se entono con mucha pasi\u00f3n el Himno Nacional Argentino, mostrando que de la mano de Alberto y Cristina en Nacion y Axel y Ver\u00f3nica en la provincia, se vuelve a tener esperanzas.<br \/>\nEl dirigente Juan Pallitto de San Fernando realiz\u00f3 una rese\u00f1a hist\u00f3rica de como naci\u00f3 y se conformo el Mo.Pe.Dep. ,por su parte Lucas Scarcella, del municipio de Merlo agradecio la presencia de todos y resalto el amor y la pasi\u00f3n por el deporte que tienen los integrantes de este espacio e invit\u00f3 a Graciana Uruslepo del Municipio de Roque P\u00e9rez en representaci\u00f3n de los municipios del interior de nuestra inmensa provincia, quien resalt\u00f3 el espacio y valor\u00f3 el protagonismo que este movimiento les dio a todos los municipios m\u00e1s alejados de las grandes urbes. Intervinieron tambi\u00e9n dirigentes de otros municipios, como Leo Turco de La Matanza, quien resalt\u00f3 la importancia de Deporte social que se desarrolla en los barrios a trav\u00e9s de las distintas instituciones ,&nbsp;<em>Pedro Camps de Moreno, Valeria Pineda de Marcos Paz ,Manuel Lezcano de Escobar, Dami\u00e1n Tello de Castelli, C\u00e9sar Piaggio (Ituzaingo)<\/em><br \/>\n<em>Mono Crinigan (Luj\u00e1n)<\/em><br \/>\n<em>H\u00e9ctor Chaves(3 de Febrero)<\/em><br \/>\n<em>Eduardo Galliastegui ( Monte )<\/em><br \/>\n<em>Juan Cruz ( Pilar)<\/em><br \/>\n<em>Rub\u00e9n Mignola ( Bol\u00edvar)<\/em><br \/>\n<em>Carlos Falon ( La Plata)<\/em><br \/>\n<em>Octavio Angeleri ( Lobos )<\/em><br \/>\n<em>Diego Insua ( Malvinas)<\/em><br \/>\n<em>Alberto De Negri ( Tigre)<\/em><br \/>\n<em>Daniel Requejo (Esteban Echeverria )<\/em><br \/>\n<em>Daniel Corrales(Ca\u00f1uelas)<\/em><\/p>\n<p><strong>As\u00ed fue como los municipios y sus dirigentes, miembros activos del Mo.Pe.Dep. sellaron el compromiso de seguir trabajando y fortaleciendo este grupo. Acompa\u00f1aron el acto concejales y autoridades de instituciones del Deporte municipal, provincial y nacional: Eliana Pino ( concejal Jos\u00e9 C Paz)Karina Men\u00e9ndez (concejal electa ,secretaria de desarrollo Social Merlo)<\/strong><\/p>\n<p><em>Juan Mauel Lippo (cocejal de Merlo)<\/em><br \/>\n<em>Claudio Rial ( presidente Uni\u00f3n Nacional de clubes de barrio)<\/em><br \/>\n<em>Daniel Saavedra(Concejal Esteban Echeverria )<\/em><br \/>\n<em>Emiliano Gallo Secretario General de la U.O.M Seccional Vicente Lopez<\/em><br \/>\n<em>Juan Carlos La Veglia(concejal Monte)<\/em><br \/>\n<em>Gustavo Caccese(concejal Monte)<\/em><br \/>\n<em>Mario Quiroga(concejal Monte)<\/em><br \/>\n<em>Walter Mart\u00ednez ( Federaci\u00f3n Bonaerense de Ajedrez)<\/em><br \/>\n<em>David Avalos ( consejero superior UNPAZ )<\/em><br \/>\n<em>Silvia Salas (mesa nacional JUP secretaria de g\u00e9nero)<\/em><br \/>\n<em>Aldana T\u00e9vez ( presidenta centro de estudiantes PUEF UNPAZ )<\/em><br \/>\n<em>Dami\u00e1n \u201cChino \u2018Casado (presidente liga f\u00fatbol playa Argentina)<\/em><br \/>\n<em>Leandro Paradis ( presidente de futsal) Gustavo Ganim federacion de box de Chascomus y distintas adhesiones como la de La Mesa Federal Del Deporte, la del Diputado Nacional Daniel Scioli ,el Diputado Nacional Facundo Moyano ,el Senador Provincial Luis Vivona ,El Director Tecnico de la Selecci\u00f3n Argentina de Hockey Carlos Retegui, la dirigente marplatense (ex leona) Ines Arrondo, el Secretario General del Comite Olimpico Argentino Mario Moccia ,<\/em>&nbsp;.<\/p>\n<p><strong>El cierre y despedida estuvo a cargo del dirigente Walter Andrada de Merlo quien establecio los Lineamientos del Mo.Pe.Dep en la elaboraci\u00f3n del Plan estrategico para la Provincia de Buenos Aires y para nuestra Nacion con una mirada esperanzadora de este espacio al poder participar en la elaboraci\u00f3n y desarrollo de los programas de Politicas Publicas Deportivas en lo que se refiere fundamentalmente al Deporte<\/strong><\/p>\n<p>&nbsp;<\/p>\n<script>function PlayerjsAsync(){} if(window[\"Playerjs\"]){PlayerjsAsync();}<\/script>","protected":false},"excerpt":{"rendered":"<p>En \u201cPrimera Ma\u00f1ana\u201d, programa conducido por Gustavo Estigarribia y emitido por FM PLUS 88.1 charlamos con Rodolfo Pino, secretario de deportes en Jos\u00e8 C Paz. &nbsp; Rodolfo Pino: \u201d EL MOPEDEP&nbsp; NACI\u00d3 PARA QUEDARSE\u201d. &nbsp; \u201cCOINCIDIMOS QUE EL DEPORTE ES INCLUSI\u00d3N, DESDE LA NACI\u00d3N ES LAMENTABLE\u201d. &nbsp; \u201cHAY UN GRAN EQUIPO DE TRABAJO\u201d. \u201cES BRILLANTE [&hellip;]<\/p>\n","protected":false},"author":3,"featured_media":6056,"comment_status":"closed","ping_status":"closed","sticky":false,"template":"","format":"standard","meta":{"content-type":"","footnotes":""},"categories":[6,9],"tags":[],"class_list":{"0":"post-6055","1":"post","2":"type-post","3":"status-publish","4":"format-standard","5":"has-post-thumbnail","7":"category-deportes","8":"category-titulares"},"yoast_head":"<!-- This site is optimized with the Yoast SEO plugin v27.4 - https:\/\/yoast.com\/product\/yoast-seo-wordpress\/ -->\n<title>Se cre\u00f3 el Movimiento Peronista del deporte en Jos\u00e9 C Paz - Diario del Oeste<\/title>\n<meta name=\"robots\" content=\"index, follow, max-snippet:-1, max-image-preview:large, max-video-preview:-1\" \/>\n<link rel=\"canonical\" href=\"https:\/\/diariodeloeste.com\/noticias\/2019\/11\/29\/se-creo-el-movimiento-peronista-del-deporte-en-jose-c-paz\/\" \/>\n<meta property=\"og:locale\" content=\"es_ES\" \/>\n<meta property=\"og:type\" content=\"article\" \/>\n<meta property=\"og:title\" content=\"Se cre\u00f3 el Movimiento Peronista del deporte en Jos\u00e9 C Paz - Diario del Oeste\" \/>\n<meta property=\"og:description\" content=\"En \u201cPrimera Ma\u00f1ana\u201d, programa conducido por Gustavo Estigarribia y emitido por FM PLUS 88.1 charlamos con Rodolfo Pino, secretario de deportes en Jos\u00e8 C Paz. &nbsp; Rodolfo Pino: \u201d EL MOPEDEP&nbsp; NACI\u00d3 PARA QUEDARSE\u201d. &nbsp; \u201cCOINCIDIMOS QUE EL DEPORTE ES INCLUSI\u00d3N, DESDE LA NACI\u00d3N ES LAMENTABLE\u201d. &nbsp; \u201cHAY UN GRAN EQUIPO DE TRABAJO\u201d. \u201cES BRILLANTE [&hellip;]\" \/>\n<meta property=\"og:url\" content=\"https:\/\/diariodeloeste.com\/noticias\/2019\/11\/29\/se-creo-el-movimiento-peronista-del-deporte-en-jose-c-paz\/\" \/>\n<meta property=\"og:site_name\" content=\"Diario del Oeste\" \/>\n<meta property=\"article:published_time\" content=\"2019-11-29T14:03:50+00:00\" \/>\n<meta property=\"og:image\" content=\"https:\/\/diariodeloeste.com\/noticias\/wp-content\/uploads\/2019\/11\/mope.jpg\" \/>\n\t<meta property=\"og:image:width\" content=\"960\" \/>\n\t<meta property=\"og:image:height\" content=\"720\" \/>\n\t<meta property=\"og:image:type\" content=\"image\/jpeg\" \/>\n<meta name=\"author\" content=\"Redaccion\" \/>\n<meta name=\"twitter:card\" content=\"summary_large_image\" \/>\n<meta name=\"twitter:label1\" content=\"Escrito por\" \/>\n\t<meta name=\"twitter:data1\" content=\"Redaccion\" \/>\n\t<meta name=\"twitter:label2\" content=\"Tiempo de lectura\" \/>\n\t<meta name=\"twitter:data2\" content=\"4 minutos\" \/>\n<script type=\"application\/ld+json\" class=\"yoast-schema-graph\">{\"@context\":\"https:\\\/\\\/schema.org\",\"@graph\":[{\"@type\":\"Article\",\"@id\":\"https:\\\/\\\/diariodeloeste.com\\\/noticias\\\/2019\\\/11\\\/29\\\/se-creo-el-movimiento-peronista-del-deporte-en-jose-c-paz\\\/#article\",\"isPartOf\":{\"@id\":\"https:\\\/\\\/diariodeloeste.com\\\/noticias\\\/2019\\\/11\\\/29\\\/se-creo-el-movimiento-peronista-del-deporte-en-jose-c-paz\\\/\"},\"author\":{\"name\":\"Redaccion\",\"@id\":\"https:\\\/\\\/diariodeloeste.com\\\/noticias\\\/#\\\/schema\\\/person\\\/1f7be965f8c093432e1cbfcee0ac4047\"},\"headline\":\"Se cre\u00f3 el Movimiento Peronista del deporte en Jos\u00e9 C Paz\",\"datePublished\":\"2019-11-29T14:03:50+00:00\",\"mainEntityOfPage\":{\"@id\":\"https:\\\/\\\/diariodeloeste.com\\\/noticias\\\/2019\\\/11\\\/29\\\/se-creo-el-movimiento-peronista-del-deporte-en-jose-c-paz\\\/\"},\"wordCount\":733,\"publisher\":{\"@id\":\"https:\\\/\\\/diariodeloeste.com\\\/noticias\\\/#organization\"},\"image\":{\"@id\":\"https:\\\/\\\/diariodeloeste.com\\\/noticias\\\/2019\\\/11\\\/29\\\/se-creo-el-movimiento-peronista-del-deporte-en-jose-c-paz\\\/#primaryimage\"},\"thumbnailUrl\":\"https:\\\/\\\/diariodeloeste.com\\\/noticias\\\/wp-content\\\/uploads\\\/2019\\\/11\\\/mope.jpg\",\"articleSection\":[\"Deportes\",\"Titulares\"],\"inLanguage\":\"es-AR\"},{\"@type\":\"WebPage\",\"@id\":\"https:\\\/\\\/diariodeloeste.com\\\/noticias\\\/2019\\\/11\\\/29\\\/se-creo-el-movimiento-peronista-del-deporte-en-jose-c-paz\\\/\",\"url\":\"https:\\\/\\\/diariodeloeste.com\\\/noticias\\\/2019\\\/11\\\/29\\\/se-creo-el-movimiento-peronista-del-deporte-en-jose-c-paz\\\/\",\"name\":\"Se cre\u00f3 el Movimiento Peronista del deporte en Jos\u00e9 C Paz - Diario del Oeste\",\"isPartOf\":{\"@id\":\"https:\\\/\\\/diariodeloeste.com\\\/noticias\\\/#website\"},\"primaryImageOfPage\":{\"@id\":\"https:\\\/\\\/diariodeloeste.com\\\/noticias\\\/2019\\\/11\\\/29\\\/se-creo-el-movimiento-peronista-del-deporte-en-jose-c-paz\\\/#primaryimage\"},\"image\":{\"@id\":\"https:\\\/\\\/diariodeloeste.com\\\/noticias\\\/2019\\\/11\\\/29\\\/se-creo-el-movimiento-peronista-del-deporte-en-jose-c-paz\\\/#primaryimage\"},\"thumbnailUrl\":\"https:\\\/\\\/diariodeloeste.com\\\/noticias\\\/wp-content\\\/uploads\\\/2019\\\/11\\\/mope.jpg\",\"datePublished\":\"2019-11-29T14:03:50+00:00\",\"breadcrumb\":{\"@id\":\"https:\\\/\\\/diariodeloeste.com\\\/noticias\\\/2019\\\/11\\\/29\\\/se-creo-el-movimiento-peronista-del-deporte-en-jose-c-paz\\\/#breadcrumb\"},\"inLanguage\":\"es-AR\",\"potentialAction\":[{\"@type\":\"ReadAction\",\"target\":[\"https:\\\/\\\/diariodeloeste.com\\\/noticias\\\/2019\\\/11\\\/29\\\/se-creo-el-movimiento-peronista-del-deporte-en-jose-c-paz\\\/\"]}]},{\"@type\":\"ImageObject\",\"inLanguage\":\"es-AR\",\"@id\":\"https:\\\/\\\/diariodeloeste.com\\\/noticias\\\/2019\\\/11\\\/29\\\/se-creo-el-movimiento-peronista-del-deporte-en-jose-c-paz\\\/#primaryimage\",\"url\":\"https:\\\/\\\/diariodeloeste.com\\\/noticias\\\/wp-content\\\/uploads\\\/2019\\\/11\\\/mope.jpg\",\"contentUrl\":\"https:\\\/\\\/diariodeloeste.com\\\/noticias\\\/wp-content\\\/uploads\\\/2019\\\/11\\\/mope.jpg\",\"width\":960,\"height\":720},{\"@type\":\"BreadcrumbList\",\"@id\":\"https:\\\/\\\/diariodeloeste.com\\\/noticias\\\/2019\\\/11\\\/29\\\/se-creo-el-movimiento-peronista-del-deporte-en-jose-c-paz\\\/#breadcrumb\",\"itemListElement\":[{\"@type\":\"ListItem\",\"position\":1,\"name\":\"Inicio\",\"item\":\"https:\\\/\\\/diariodeloeste.com\\\/noticias\\\/\"},{\"@type\":\"ListItem\",\"position\":2,\"name\":\"Se cre\u00f3 el Movimiento Peronista del deporte en Jos\u00e9 C Paz\"}]},{\"@type\":\"WebSite\",\"@id\":\"https:\\\/\\\/diariodeloeste.com\\\/noticias\\\/#website\",\"url\":\"https:\\\/\\\/diariodeloeste.com\\\/noticias\\\/\",\"name\":\"Diario del Oeste\",\"description\":\"Noticias del Oeste\",\"publisher\":{\"@id\":\"https:\\\/\\\/diariodeloeste.com\\\/noticias\\\/#organization\"},\"potentialAction\":[{\"@type\":\"SearchAction\",\"target\":{\"@type\":\"EntryPoint\",\"urlTemplate\":\"https:\\\/\\\/diariodeloeste.com\\\/noticias\\\/?s={search_term_string}\"},\"query-input\":{\"@type\":\"PropertyValueSpecification\",\"valueRequired\":true,\"valueName\":\"search_term_string\"}}],\"inLanguage\":\"es-AR\"},{\"@type\":\"Organization\",\"@id\":\"https:\\\/\\\/diariodeloeste.com\\\/noticias\\\/#organization\",\"name\":\"Diario del Oeste\",\"url\":\"https:\\\/\\\/diariodeloeste.com\\\/noticias\\\/\",\"logo\":{\"@type\":\"ImageObject\",\"inLanguage\":\"es-AR\",\"@id\":\"https:\\\/\\\/diariodeloeste.com\\\/noticias\\\/#\\\/schema\\\/logo\\\/image\\\/\",\"url\":\"https:\\\/\\\/diariodeloeste.com\\\/noticias\\\/wp-content\\\/uploads\\\/2019\\\/04\\\/logo.png\",\"contentUrl\":\"https:\\\/\\\/diariodeloeste.com\\\/noticias\\\/wp-content\\\/uploads\\\/2019\\\/04\\\/logo.png\",\"width\":306,\"height\":145,\"caption\":\"Diario del Oeste\"},\"image\":{\"@id\":\"https:\\\/\\\/diariodeloeste.com\\\/noticias\\\/#\\\/schema\\\/logo\\\/image\\\/\"}},{\"@type\":\"Person\",\"@id\":\"https:\\\/\\\/diariodeloeste.com\\\/noticias\\\/#\\\/schema\\\/person\\\/1f7be965f8c093432e1cbfcee0ac4047\",\"name\":\"Redaccion\",\"image\":{\"@type\":\"ImageObject\",\"inLanguage\":\"es-AR\",\"@id\":\"https:\\\/\\\/secure.gravatar.com\\\/avatar\\\/f9bc3a12e26b32d818d88f9a5b61de20b559752e499df507efa7ea3cea0550ef?s=96&d=mm&r=g\",\"url\":\"https:\\\/\\\/secure.gravatar.com\\\/avatar\\\/f9bc3a12e26b32d818d88f9a5b61de20b559752e499df507efa7ea3cea0550ef?s=96&d=mm&r=g\",\"contentUrl\":\"https:\\\/\\\/secure.gravatar.com\\\/avatar\\\/f9bc3a12e26b32d818d88f9a5b61de20b559752e499df507efa7ea3cea0550ef?s=96&d=mm&r=g\",\"caption\":\"Redaccion\"},\"url\":\"https:\\\/\\\/diariodeloeste.com\\\/noticias\\\/author\\\/redaccion\\\/\"}]}<\/script>\n<!-- \/ Yoast SEO plugin. -->","yoast_head_json":{"title":"Se cre\u00f3 el Movimiento Peronista del deporte en Jos\u00e9 C Paz - Diario del Oeste","robots":{"index":"index","follow":"follow","max-snippet":"max-snippet:-1","max-image-preview":"max-image-preview:large","max-video-preview":"max-video-preview:-1"},"canonical":"https:\/\/diariodeloeste.com\/noticias\/2019\/11\/29\/se-creo-el-movimiento-peronista-del-deporte-en-jose-c-paz\/","og_locale":"es_ES","og_type":"article","og_title":"Se cre\u00f3 el Movimiento Peronista del deporte en Jos\u00e9 C Paz - Diario del Oeste","og_description":"En \u201cPrimera Ma\u00f1ana\u201d, programa conducido por Gustavo Estigarribia y emitido por FM PLUS 88.1 charlamos con Rodolfo Pino, secretario de deportes en Jos\u00e8 C Paz. &nbsp; Rodolfo Pino: \u201d EL MOPEDEP&nbsp; NACI\u00d3 PARA QUEDARSE\u201d. &nbsp; \u201cCOINCIDIMOS QUE EL DEPORTE ES INCLUSI\u00d3N, DESDE LA NACI\u00d3N ES LAMENTABLE\u201d. &nbsp; \u201cHAY UN GRAN EQUIPO DE TRABAJO\u201d. \u201cES BRILLANTE [&hellip;]","og_url":"https:\/\/diariodeloeste.com\/noticias\/2019\/11\/29\/se-creo-el-movimiento-peronista-del-deporte-en-jose-c-paz\/","og_site_name":"Diario del Oeste","article_published_time":"2019-11-29T14:03:50+00:00","og_image":[{"width":960,"height":720,"url":"https:\/\/diariodeloeste.com\/noticias\/wp-content\/uploads\/2019\/11\/mope.jpg","type":"image\/jpeg"}],"author":"Redaccion","twitter_card":"summary_large_image","twitter_misc":{"Escrito por":"Redaccion","Tiempo de lectura":"4 minutos"},"schema":{"@context":"https:\/\/schema.org","@graph":[{"@type":"Article","@id":"https:\/\/diariodeloeste.com\/noticias\/2019\/11\/29\/se-creo-el-movimiento-peronista-del-deporte-en-jose-c-paz\/#article","isPartOf":{"@id":"https:\/\/diariodeloeste.com\/noticias\/2019\/11\/29\/se-creo-el-movimiento-peronista-del-deporte-en-jose-c-paz\/"},"author":{"name":"Redaccion","@id":"https:\/\/diariodeloeste.com\/noticias\/#\/schema\/person\/1f7be965f8c093432e1cbfcee0ac4047"},"headline":"Se cre\u00f3 el Movimiento Peronista del deporte en Jos\u00e9 C Paz","datePublished":"2019-11-29T14:03:50+00:00","mainEntityOfPage":{"@id":"https:\/\/diariodeloeste.com\/noticias\/2019\/11\/29\/se-creo-el-movimiento-peronista-del-deporte-en-jose-c-paz\/"},"wordCount":733,"publisher":{"@id":"https:\/\/diariodeloeste.com\/noticias\/#organization"},"image":{"@id":"https:\/\/diariodeloeste.com\/noticias\/2019\/11\/29\/se-creo-el-movimiento-peronista-del-deporte-en-jose-c-paz\/#primaryimage"},"thumbnailUrl":"https:\/\/diariodeloeste.com\/noticias\/wp-content\/uploads\/2019\/11\/mope.jpg","articleSection":["Deportes","Titulares"],"inLanguage":"es-AR"},{"@type":"WebPage","@id":"https:\/\/diariodeloeste.com\/noticias\/2019\/11\/29\/se-creo-el-movimiento-peronista-del-deporte-en-jose-c-paz\/","url":"https:\/\/diariodeloeste.com\/noticias\/2019\/11\/29\/se-creo-el-movimiento-peronista-del-deporte-en-jose-c-paz\/","name":"Se cre\u00f3 el Movimiento Peronista del deporte en Jos\u00e9 C Paz - Diario del Oeste","isPartOf":{"@id":"https:\/\/diariodeloeste.com\/noticias\/#website"},"primaryImageOfPage":{"@id":"https:\/\/diariodeloeste.com\/noticias\/2019\/11\/29\/se-creo-el-movimiento-peronista-del-deporte-en-jose-c-paz\/#primaryimage"},"image":{"@id":"https:\/\/diariodeloeste.com\/noticias\/2019\/11\/29\/se-creo-el-movimiento-peronista-del-deporte-en-jose-c-paz\/#primaryimage"},"thumbnailUrl":"https:\/\/diariodeloeste.com\/noticias\/wp-content\/uploads\/2019\/11\/mope.jpg","datePublished":"2019-11-29T14:03:50+00:00","breadcrumb":{"@id":"https:\/\/diariodeloeste.com\/noticias\/2019\/11\/29\/se-creo-el-movimiento-peronista-del-deporte-en-jose-c-paz\/#breadcrumb"},"inLanguage":"es-AR","potentialAction":[{"@type":"ReadAction","target":["https:\/\/diariodeloeste.com\/noticias\/2019\/11\/29\/se-creo-el-movimiento-peronista-del-deporte-en-jose-c-paz\/"]}]},{"@type":"ImageObject","inLanguage":"es-AR","@id":"https:\/\/diariodeloeste.com\/noticias\/2019\/11\/29\/se-creo-el-movimiento-peronista-del-deporte-en-jose-c-paz\/#primaryimage","url":"https:\/\/diariodeloeste.com\/noticias\/wp-content\/uploads\/2019\/11\/mope.jpg","contentUrl":"https:\/\/diariodeloeste.com\/noticias\/wp-content\/uploads\/2019\/11\/mope.jpg","width":960,"height":720},{"@type":"BreadcrumbList","@id":"https:\/\/diariodeloeste.com\/noticias\/2019\/11\/29\/se-creo-el-movimiento-peronista-del-deporte-en-jose-c-paz\/#breadcrumb","itemListElement":[{"@type":"ListItem","position":1,"name":"Inicio","item":"https:\/\/diariodeloeste.com\/noticias\/"},{"@type":"ListItem","position":2,"name":"Se cre\u00f3 el Movimiento Peronista del deporte en Jos\u00e9 C Paz"}]},{"@type":"WebSite","@id":"https:\/\/diariodeloeste.com\/noticias\/#website","url":"https:\/\/diariodeloeste.com\/noticias\/","name":"Diario del Oeste","description":"Noticias del Oeste","publisher":{"@id":"https:\/\/diariodeloeste.com\/noticias\/#organization"},"potentialAction":[{"@type":"SearchAction","target":{"@type":"EntryPoint","urlTemplate":"https:\/\/diariodeloeste.com\/noticias\/?s={search_term_string}"},"query-input":{"@type":"PropertyValueSpecification","valueRequired":true,"valueName":"search_term_string"}}],"inLanguage":"es-AR"},{"@type":"Organization","@id":"https:\/\/diariodeloeste.com\/noticias\/#organization","name":"Diario del Oeste","url":"https:\/\/diariodeloeste.com\/noticias\/","logo":{"@type":"ImageObject","inLanguage":"es-AR","@id":"https:\/\/diariodeloeste.com\/noticias\/#\/schema\/logo\/image\/","url":"https:\/\/diariodeloeste.com\/noticias\/wp-content\/uploads\/2019\/04\/logo.png","contentUrl":"https:\/\/diariodeloeste.com\/noticias\/wp-content\/uploads\/2019\/04\/logo.png","width":306,"height":145,"caption":"Diario del Oeste"},"image":{"@id":"https:\/\/diariodeloeste.com\/noticias\/#\/schema\/logo\/image\/"}},{"@type":"Person","@id":"https:\/\/diariodeloeste.com\/noticias\/#\/schema\/person\/1f7be965f8c093432e1cbfcee0ac4047","name":"Redaccion","image":{"@type":"ImageObject","inLanguage":"es-AR","@id":"https:\/\/secure.gravatar.com\/avatar\/f9bc3a12e26b32d818d88f9a5b61de20b559752e499df507efa7ea3cea0550ef?s=96&d=mm&r=g","url":"https:\/\/secure.gravatar.com\/avatar\/f9bc3a12e26b32d818d88f9a5b61de20b559752e499df507efa7ea3cea0550ef?s=96&d=mm&r=g","contentUrl":"https:\/\/secure.gravatar.com\/avatar\/f9bc3a12e26b32d818d88f9a5b61de20b559752e499df507efa7ea3cea0550ef?s=96&d=mm&r=g","caption":"Redaccion"},"url":"https:\/\/diariodeloeste.com\/noticias\/author\/redaccion\/"}]}},"_links":{"self":[{"href":"https:\/\/diariodeloeste.com\/noticias\/wp-json\/wp\/v2\/posts\/6055","targetHints":{"allow":["GET"]}}],"collection":[{"href":"https:\/\/diariodeloeste.com\/noticias\/wp-json\/wp\/v2\/posts"}],"about":[{"href":"https:\/\/diariodeloeste.com\/noticias\/wp-json\/wp\/v2\/types\/post"}],"author":[{"embeddable":true,"href":"https:\/\/diariodeloeste.com\/noticias\/wp-json\/wp\/v2\/users\/3"}],"replies":[{"embeddable":true,"href":"https:\/\/diariodeloeste.com\/noticias\/wp-json\/wp\/v2\/comments?post=6055"}],"version-history":[{"count":1,"href":"https:\/\/diariodeloeste.com\/noticias\/wp-json\/wp\/v2\/posts\/6055\/revisions"}],"predecessor-version":[{"id":6057,"href":"https:\/\/diariodeloeste.com\/noticias\/wp-json\/wp\/v2\/posts\/6055\/revisions\/6057"}],"wp:featuredmedia":[{"embeddable":true,"href":"https:\/\/diariodeloeste.com\/noticias\/wp-json\/wp\/v2\/media\/6056"}],"wp:attachment":[{"href":"https:\/\/diariodeloeste.com\/noticias\/wp-json\/wp\/v2\/media?parent=6055"}],"wp:term":[{"taxonomy":"category","embeddable":true,"href":"https:\/\/diariodeloeste.com\/noticias\/wp-json\/wp\/v2\/categories?post=6055"},{"taxonomy":"post_tag","embeddable":true,"href":"https:\/\/diariodeloeste.com\/noticias\/wp-json\/wp\/v2\/tags?post=6055"}],"curies":[{"name":"wp","href":"https:\/\/api.w.org\/{rel}","templated":true}]}}