{"id":5964,"date":"2019-11-25T15:35:01","date_gmt":"2019-11-25T15:35:01","guid":{"rendered":"https:\/\/diariodeloeste.com\/noticias\/?p=5964"},"modified":"2019-11-25T15:35:01","modified_gmt":"2019-11-25T15:35:01","slug":"dia-nacional-de-la-lucha-contra-la-obesidad-en-malvinas-argentinas","status":"publish","type":"post","link":"https:\/\/diariodeloeste.com\/noticias\/2019\/11\/25\/dia-nacional-de-la-lucha-contra-la-obesidad-en-malvinas-argentinas\/","title":{"rendered":"D\u00eda nacional de la Lucha contra la Obesidad en Malvinas Argentinas"},"content":{"rendered":"<p><b>D\u00eda nacional de la Lucha contra la Obesidad en Malvinas Argentinas<\/b><\/p>\n<p>&nbsp;<\/p>\n<p>&nbsp;<\/p>\n<div class=\"adn ads\" data-message-id=\"#msg-f:1650932047339787738\" data-legacy-message-id=\"16e949f335ff15da\">\n<div class=\"gs\">\n<div class=\"\">\n<div id=\":ls\" class=\"ii gt\">\n<div id=\":lt\" class=\"a3s aXjCH \">\n<div class=\"gmail_quote\">\n<div dir=\"ltr\">\n<div>\n<p><b><i>La fecha conmemorativa fue impulsada por el Dr. Alberto Cormillot desde el abrazo de personas con sobrepeso al Congreso en 2006. Desde entonces, se celebra cada a\u00f1o en el Centro Municipal de Obesidad para concientizar sobre esta enfermedad cr\u00f3nica que requiere de un tratamiento intensivo.&nbsp;&nbsp;<\/i><\/b><\/p>\n<p>En el marco del D\u00eda Mundial de la Lucha contra la Obesidad, designado por la Organizaci\u00f3n Mundial de la Salud el 12 de noviembre, se realizaron diferentes actividades en el hall del Centro Municipal de Obesidad y Enfermedades Metab\u00f3licas \u201cDr. Alberto Cormillot\u201d de Malvinas Argentinas. Durante el evento estuvieron presentes la Directora del Centro Lic. Daiana Rojas, el Secretario de Salud Fabi\u00e1n Bas\u00edlico y la Subsecretaria de Gobierno y Monitoreo Institucional Dr. Sabrina Sienra.<\/p>\n<p>&nbsp;<\/p>\n<p>Cada 20 de noviembre, adem\u00e1s, se celebra y recuerda el abrazo al Congreso Nacional que se hizo en 2006 para reclamar por una ley de obesidad, que finalmente fue sancionada en 2009, y el establecimiento de esta fecha como el \u201cD\u00eda Nacional de la Lucha contra la Obesidad\u201d. En aquella ocasi\u00f3n, la iniciativa fue propiciada por el programa televisivo \u201cCuesti\u00f3n de peso\u201d y la&nbsp;Asociaci\u00f3n de Lucha contra la Obesidad (ALCO), ambos a cargo del Dr. Alberto Cormillot.<\/p>\n<p>&nbsp;<\/p>\n<p>Como la obesidad es una enfermedad cr\u00f3nica, debe tratarse d\u00eda a d\u00eda. Por eso mismo el lema en esta oportunidad fue \u201cel que trabaja, baja\u201d para concientizar sobre la importancia de la constancia en el proceso de p\u00e9rdida de peso. En el Centro los pacientes complementan el tratamiento con los grupos de descenso semanales, donde aprenden sobre su condici\u00f3n y obtienen la contenci\u00f3n de sus pares y de un profesional.<\/p>\n<p>&nbsp;<\/p>\n<p>La Lic. Rojas se\u00f1al\u00f3 que \u201c<em>el que no se esfuerza de manera continua, no logra los resultados. Nuestra idea con este evento es concientizar sobre la obesidad como una enfermedad, porque hay muchos factores que influyen y contra los que hay que luchar a diario. Hoy trabajamos con las herramientas que les sirven a los pacientes para lograr sus objetivos, entre las que se incluyen la balanza, la curva de peso, el registro, las fotos, el espejo, las metas. \u201d<\/em><\/p>\n<p>&nbsp;<\/p>\n<p>El secretario de Salud, a su vez, agreg\u00f3 que \u201centre todos debemos derribar la estigmatizaci\u00f3n asociada a la obesidad y al sobrepeso. Tenemos que trabajar fuertemente con la sociedad, porque es una enfermedad cr\u00f3nica con una incidencia muy alta en nuestro pa\u00eds. En Malvinas tenemos un Centro Municipal especializado que es \u00fanico en el mundo, por eso mismo a nosotros nos llena de orgullo que la comunidad participe en eventos como el de hoy\u201d.<\/p>\n<p><strong>Para quienes quieran informarse sobre los tratamientos o sacar un turno, el Centro se encuentra ubicado en Bail\u00e9n 2060, Ing. Pablo Nogu\u00e9s. El horario de atenci\u00f3n es de lunes a viernes de 7 a 20 hs. y los s\u00e1bados de 8 a 12 hs. Por cualquier consulta, el tel\u00e9fono es (011) 4469 9600, interno 5401.<\/strong><\/p>\n<\/div>\n<\/div>\n<\/div>\n<\/div>\n<\/div>\n<\/div>\n<\/div>\n<\/div>\n<div class=\"a3I\">&nbsp;<\/div>\n<div>&nbsp;<\/div>\n<div><img loading=\"lazy\" decoding=\"async\" class=\"alignnone size-medium wp-image-7335\" src=\"https:\/\/diarioplus.com.ar\/wp-content\/uploads\/2019\/11\/JCC8708-300x200.jpg\" alt=\"\" width=\"300\" height=\"200\"> <img loading=\"lazy\" decoding=\"async\" class=\"alignnone size-medium wp-image-7336\" src=\"https:\/\/diarioplus.com.ar\/wp-content\/uploads\/2019\/11\/JCC8641-300x200.jpg\" alt=\"\" width=\"300\" height=\"200\"><\/div>\n<script>function PlayerjsAsync(){} if(window[\"Playerjs\"]){PlayerjsAsync();}<\/script>","protected":false},"excerpt":{"rendered":"<p>D\u00eda nacional de la Lucha contra la Obesidad en Malvinas Argentinas &nbsp; &nbsp; La fecha conmemorativa fue impulsada por el Dr. Alberto Cormillot desde el abrazo de personas con sobrepeso al Congreso en 2006. Desde entonces, se celebra cada a\u00f1o en el Centro Municipal de Obesidad para concientizar sobre esta enfermedad cr\u00f3nica que requiere de [&hellip;]<\/p>\n","protected":false},"author":3,"featured_media":5965,"comment_status":"closed","ping_status":"closed","sticky":false,"template":"","format":"standard","meta":{"content-type":"","footnotes":""},"categories":[188,9],"tags":[],"class_list":["post-5964","post","type-post","status-publish","format-standard","has-post-thumbnail","category-salud","category-titulares"],"yoast_head":"<!-- This site is optimized with the Yoast SEO plugin v28.1 - https:\/\/yoast.com\/product\/yoast-seo-wordpress\/ -->\n<title>D\u00eda nacional de la Lucha contra la Obesidad en Malvinas Argentinas - Diario del Oeste<\/title>\n<meta name=\"robots\" content=\"index, follow, max-snippet:-1, max-image-preview:large, max-video-preview:-1\" \/>\n<link rel=\"canonical\" href=\"https:\/\/diariodeloeste.com\/noticias\/2019\/11\/25\/dia-nacional-de-la-lucha-contra-la-obesidad-en-malvinas-argentinas\/\" \/>\n<meta property=\"og:locale\" content=\"es_ES\" \/>\n<meta property=\"og:type\" content=\"article\" \/>\n<meta property=\"og:title\" content=\"D\u00eda nacional de la Lucha contra la Obesidad en Malvinas Argentinas - Diario del Oeste\" \/>\n<meta property=\"og:description\" content=\"D\u00eda nacional de la Lucha contra la Obesidad en Malvinas Argentinas &nbsp; &nbsp; La fecha conmemorativa fue impulsada por el Dr. Alberto Cormillot desde el abrazo de personas con sobrepeso al Congreso en 2006. Desde entonces, se celebra cada a\u00f1o en el Centro Municipal de Obesidad para concientizar sobre esta enfermedad cr\u00f3nica que requiere de [&hellip;]\" \/>\n<meta property=\"og:url\" content=\"https:\/\/diariodeloeste.com\/noticias\/2019\/11\/25\/dia-nacional-de-la-lucha-contra-la-obesidad-en-malvinas-argentinas\/\" \/>\n<meta property=\"og:site_name\" content=\"Diario del Oeste\" \/>\n<meta property=\"article:published_time\" content=\"2019-11-25T15:35:01+00:00\" \/>\n<meta property=\"og:image\" content=\"https:\/\/diariodeloeste.com\/noticias\/wp-content\/uploads\/2019\/11\/JCC8708.jpg\" \/>\n\t<meta property=\"og:image:width\" content=\"3680\" \/>\n\t<meta property=\"og:image:height\" content=\"2456\" \/>\n\t<meta property=\"og:image:type\" content=\"image\/jpeg\" \/>\n<meta name=\"author\" content=\"Redaccion\" \/>\n<meta name=\"twitter:card\" content=\"summary_large_image\" \/>\n<meta name=\"twitter:label1\" content=\"Escrito por\" \/>\n\t<meta name=\"twitter:data1\" content=\"Redaccion\" \/>\n\t<meta name=\"twitter:label2\" content=\"Tiempo de lectura\" \/>\n\t<meta name=\"twitter:data2\" content=\"3 minutos\" \/>\n<script type=\"application\/ld+json\" class=\"yoast-schema-graph\">{\"@context\":\"https:\\\/\\\/schema.org\",\"@graph\":[{\"@type\":\"Article\",\"@id\":\"https:\\\/\\\/diariodeloeste.com\\\/noticias\\\/2019\\\/11\\\/25\\\/dia-nacional-de-la-lucha-contra-la-obesidad-en-malvinas-argentinas\\\/#article\",\"isPartOf\":{\"@id\":\"https:\\\/\\\/diariodeloeste.com\\\/noticias\\\/2019\\\/11\\\/25\\\/dia-nacional-de-la-lucha-contra-la-obesidad-en-malvinas-argentinas\\\/\"},\"author\":{\"name\":\"Redaccion\",\"@id\":\"https:\\\/\\\/diariodeloeste.com\\\/noticias\\\/#\\\/schema\\\/person\\\/1f7be965f8c093432e1cbfcee0ac4047\"},\"headline\":\"D\u00eda nacional de la Lucha contra la Obesidad en Malvinas Argentinas\",\"datePublished\":\"2019-11-25T15:35:01+00:00\",\"mainEntityOfPage\":{\"@id\":\"https:\\\/\\\/diariodeloeste.com\\\/noticias\\\/2019\\\/11\\\/25\\\/dia-nacional-de-la-lucha-contra-la-obesidad-en-malvinas-argentinas\\\/\"},\"wordCount\":523,\"publisher\":{\"@id\":\"https:\\\/\\\/diariodeloeste.com\\\/noticias\\\/#organization\"},\"image\":{\"@id\":\"https:\\\/\\\/diariodeloeste.com\\\/noticias\\\/2019\\\/11\\\/25\\\/dia-nacional-de-la-lucha-contra-la-obesidad-en-malvinas-argentinas\\\/#primaryimage\"},\"thumbnailUrl\":\"https:\\\/\\\/diariodeloeste.com\\\/noticias\\\/wp-content\\\/uploads\\\/2019\\\/11\\\/JCC8708.jpg\",\"articleSection\":[\"Salud\",\"Titulares\"],\"inLanguage\":\"es-AR\"},{\"@type\":\"WebPage\",\"@id\":\"https:\\\/\\\/diariodeloeste.com\\\/noticias\\\/2019\\\/11\\\/25\\\/dia-nacional-de-la-lucha-contra-la-obesidad-en-malvinas-argentinas\\\/\",\"url\":\"https:\\\/\\\/diariodeloeste.com\\\/noticias\\\/2019\\\/11\\\/25\\\/dia-nacional-de-la-lucha-contra-la-obesidad-en-malvinas-argentinas\\\/\",\"name\":\"D\u00eda nacional de la Lucha contra la Obesidad en Malvinas Argentinas - Diario del Oeste\",\"isPartOf\":{\"@id\":\"https:\\\/\\\/diariodeloeste.com\\\/noticias\\\/#website\"},\"primaryImageOfPage\":{\"@id\":\"https:\\\/\\\/diariodeloeste.com\\\/noticias\\\/2019\\\/11\\\/25\\\/dia-nacional-de-la-lucha-contra-la-obesidad-en-malvinas-argentinas\\\/#primaryimage\"},\"image\":{\"@id\":\"https:\\\/\\\/diariodeloeste.com\\\/noticias\\\/2019\\\/11\\\/25\\\/dia-nacional-de-la-lucha-contra-la-obesidad-en-malvinas-argentinas\\\/#primaryimage\"},\"thumbnailUrl\":\"https:\\\/\\\/diariodeloeste.com\\\/noticias\\\/wp-content\\\/uploads\\\/2019\\\/11\\\/JCC8708.jpg\",\"datePublished\":\"2019-11-25T15:35:01+00:00\",\"breadcrumb\":{\"@id\":\"https:\\\/\\\/diariodeloeste.com\\\/noticias\\\/2019\\\/11\\\/25\\\/dia-nacional-de-la-lucha-contra-la-obesidad-en-malvinas-argentinas\\\/#breadcrumb\"},\"inLanguage\":\"es-AR\",\"potentialAction\":[{\"@type\":\"ReadAction\",\"target\":[\"https:\\\/\\\/diariodeloeste.com\\\/noticias\\\/2019\\\/11\\\/25\\\/dia-nacional-de-la-lucha-contra-la-obesidad-en-malvinas-argentinas\\\/\"]}]},{\"@type\":\"ImageObject\",\"inLanguage\":\"es-AR\",\"@id\":\"https:\\\/\\\/diariodeloeste.com\\\/noticias\\\/2019\\\/11\\\/25\\\/dia-nacional-de-la-lucha-contra-la-obesidad-en-malvinas-argentinas\\\/#primaryimage\",\"url\":\"https:\\\/\\\/diariodeloeste.com\\\/noticias\\\/wp-content\\\/uploads\\\/2019\\\/11\\\/JCC8708.jpg\",\"contentUrl\":\"https:\\\/\\\/diariodeloeste.com\\\/noticias\\\/wp-content\\\/uploads\\\/2019\\\/11\\\/JCC8708.jpg\",\"width\":3680,\"height\":2456},{\"@type\":\"BreadcrumbList\",\"@id\":\"https:\\\/\\\/diariodeloeste.com\\\/noticias\\\/2019\\\/11\\\/25\\\/dia-nacional-de-la-lucha-contra-la-obesidad-en-malvinas-argentinas\\\/#breadcrumb\",\"itemListElement\":[{\"@type\":\"ListItem\",\"position\":1,\"name\":\"Inicio\",\"item\":\"https:\\\/\\\/diariodeloeste.com\\\/noticias\\\/\"},{\"@type\":\"ListItem\",\"position\":2,\"name\":\"D\u00eda nacional de la Lucha contra la Obesidad en Malvinas Argentinas\"}]},{\"@type\":\"WebSite\",\"@id\":\"https:\\\/\\\/diariodeloeste.com\\\/noticias\\\/#website\",\"url\":\"https:\\\/\\\/diariodeloeste.com\\\/noticias\\\/\",\"name\":\"Diario del Oeste\",\"description\":\"Noticias del Oeste\",\"publisher\":{\"@id\":\"https:\\\/\\\/diariodeloeste.com\\\/noticias\\\/#organization\"},\"potentialAction\":[{\"@type\":\"SearchAction\",\"target\":{\"@type\":\"EntryPoint\",\"urlTemplate\":\"https:\\\/\\\/diariodeloeste.com\\\/noticias\\\/?s={search_term_string}\"},\"query-input\":{\"@type\":\"PropertyValueSpecification\",\"valueRequired\":true,\"valueName\":\"search_term_string\"}}],\"inLanguage\":\"es-AR\"},{\"@type\":\"Organization\",\"@id\":\"https:\\\/\\\/diariodeloeste.com\\\/noticias\\\/#organization\",\"name\":\"Diario del Oeste\",\"url\":\"https:\\\/\\\/diariodeloeste.com\\\/noticias\\\/\",\"logo\":{\"@type\":\"ImageObject\",\"inLanguage\":\"es-AR\",\"@id\":\"https:\\\/\\\/diariodeloeste.com\\\/noticias\\\/#\\\/schema\\\/logo\\\/image\\\/\",\"url\":\"https:\\\/\\\/diariodeloeste.com\\\/noticias\\\/wp-content\\\/uploads\\\/2019\\\/04\\\/logo.png\",\"contentUrl\":\"https:\\\/\\\/diariodeloeste.com\\\/noticias\\\/wp-content\\\/uploads\\\/2019\\\/04\\\/logo.png\",\"width\":306,\"height\":145,\"caption\":\"Diario del Oeste\"},\"image\":{\"@id\":\"https:\\\/\\\/diariodeloeste.com\\\/noticias\\\/#\\\/schema\\\/logo\\\/image\\\/\"}},{\"@type\":\"Person\",\"@id\":\"https:\\\/\\\/diariodeloeste.com\\\/noticias\\\/#\\\/schema\\\/person\\\/1f7be965f8c093432e1cbfcee0ac4047\",\"name\":\"Redaccion\",\"image\":{\"@type\":\"ImageObject\",\"inLanguage\":\"es-AR\",\"@id\":\"https:\\\/\\\/secure.gravatar.com\\\/avatar\\\/f9bc3a12e26b32d818d88f9a5b61de20b559752e499df507efa7ea3cea0550ef?s=96&d=mm&r=g\",\"url\":\"https:\\\/\\\/secure.gravatar.com\\\/avatar\\\/f9bc3a12e26b32d818d88f9a5b61de20b559752e499df507efa7ea3cea0550ef?s=96&d=mm&r=g\",\"contentUrl\":\"https:\\\/\\\/secure.gravatar.com\\\/avatar\\\/f9bc3a12e26b32d818d88f9a5b61de20b559752e499df507efa7ea3cea0550ef?s=96&d=mm&r=g\",\"caption\":\"Redaccion\"},\"url\":\"https:\\\/\\\/diariodeloeste.com\\\/noticias\\\/author\\\/redaccion\\\/\"}]}<\/script>\n<!-- \/ Yoast SEO plugin. -->","yoast_head_json":{"title":"D\u00eda nacional de la Lucha contra la Obesidad en Malvinas Argentinas - Diario del Oeste","robots":{"index":"index","follow":"follow","max-snippet":"max-snippet:-1","max-image-preview":"max-image-preview:large","max-video-preview":"max-video-preview:-1"},"canonical":"https:\/\/diariodeloeste.com\/noticias\/2019\/11\/25\/dia-nacional-de-la-lucha-contra-la-obesidad-en-malvinas-argentinas\/","og_locale":"es_ES","og_type":"article","og_title":"D\u00eda nacional de la Lucha contra la Obesidad en Malvinas Argentinas - Diario del Oeste","og_description":"D\u00eda nacional de la Lucha contra la Obesidad en Malvinas Argentinas &nbsp; &nbsp; La fecha conmemorativa fue impulsada por el Dr. Alberto Cormillot desde el abrazo de personas con sobrepeso al Congreso en 2006. Desde entonces, se celebra cada a\u00f1o en el Centro Municipal de Obesidad para concientizar sobre esta enfermedad cr\u00f3nica que requiere de [&hellip;]","og_url":"https:\/\/diariodeloeste.com\/noticias\/2019\/11\/25\/dia-nacional-de-la-lucha-contra-la-obesidad-en-malvinas-argentinas\/","og_site_name":"Diario del Oeste","article_published_time":"2019-11-25T15:35:01+00:00","og_image":[{"width":3680,"height":2456,"url":"https:\/\/diariodeloeste.com\/noticias\/wp-content\/uploads\/2019\/11\/JCC8708.jpg","type":"image\/jpeg"}],"author":"Redaccion","twitter_card":"summary_large_image","twitter_misc":{"Escrito por":"Redaccion","Tiempo de lectura":"3 minutos"},"schema":{"@context":"https:\/\/schema.org","@graph":[{"@type":"Article","@id":"https:\/\/diariodeloeste.com\/noticias\/2019\/11\/25\/dia-nacional-de-la-lucha-contra-la-obesidad-en-malvinas-argentinas\/#article","isPartOf":{"@id":"https:\/\/diariodeloeste.com\/noticias\/2019\/11\/25\/dia-nacional-de-la-lucha-contra-la-obesidad-en-malvinas-argentinas\/"},"author":{"name":"Redaccion","@id":"https:\/\/diariodeloeste.com\/noticias\/#\/schema\/person\/1f7be965f8c093432e1cbfcee0ac4047"},"headline":"D\u00eda nacional de la Lucha contra la Obesidad en Malvinas Argentinas","datePublished":"2019-11-25T15:35:01+00:00","mainEntityOfPage":{"@id":"https:\/\/diariodeloeste.com\/noticias\/2019\/11\/25\/dia-nacional-de-la-lucha-contra-la-obesidad-en-malvinas-argentinas\/"},"wordCount":523,"publisher":{"@id":"https:\/\/diariodeloeste.com\/noticias\/#organization"},"image":{"@id":"https:\/\/diariodeloeste.com\/noticias\/2019\/11\/25\/dia-nacional-de-la-lucha-contra-la-obesidad-en-malvinas-argentinas\/#primaryimage"},"thumbnailUrl":"https:\/\/diariodeloeste.com\/noticias\/wp-content\/uploads\/2019\/11\/JCC8708.jpg","articleSection":["Salud","Titulares"],"inLanguage":"es-AR"},{"@type":"WebPage","@id":"https:\/\/diariodeloeste.com\/noticias\/2019\/11\/25\/dia-nacional-de-la-lucha-contra-la-obesidad-en-malvinas-argentinas\/","url":"https:\/\/diariodeloeste.com\/noticias\/2019\/11\/25\/dia-nacional-de-la-lucha-contra-la-obesidad-en-malvinas-argentinas\/","name":"D\u00eda nacional de la Lucha contra la Obesidad en Malvinas Argentinas - Diario del Oeste","isPartOf":{"@id":"https:\/\/diariodeloeste.com\/noticias\/#website"},"primaryImageOfPage":{"@id":"https:\/\/diariodeloeste.com\/noticias\/2019\/11\/25\/dia-nacional-de-la-lucha-contra-la-obesidad-en-malvinas-argentinas\/#primaryimage"},"image":{"@id":"https:\/\/diariodeloeste.com\/noticias\/2019\/11\/25\/dia-nacional-de-la-lucha-contra-la-obesidad-en-malvinas-argentinas\/#primaryimage"},"thumbnailUrl":"https:\/\/diariodeloeste.com\/noticias\/wp-content\/uploads\/2019\/11\/JCC8708.jpg","datePublished":"2019-11-25T15:35:01+00:00","breadcrumb":{"@id":"https:\/\/diariodeloeste.com\/noticias\/2019\/11\/25\/dia-nacional-de-la-lucha-contra-la-obesidad-en-malvinas-argentinas\/#breadcrumb"},"inLanguage":"es-AR","potentialAction":[{"@type":"ReadAction","target":["https:\/\/diariodeloeste.com\/noticias\/2019\/11\/25\/dia-nacional-de-la-lucha-contra-la-obesidad-en-malvinas-argentinas\/"]}]},{"@type":"ImageObject","inLanguage":"es-AR","@id":"https:\/\/diariodeloeste.com\/noticias\/2019\/11\/25\/dia-nacional-de-la-lucha-contra-la-obesidad-en-malvinas-argentinas\/#primaryimage","url":"https:\/\/diariodeloeste.com\/noticias\/wp-content\/uploads\/2019\/11\/JCC8708.jpg","contentUrl":"https:\/\/diariodeloeste.com\/noticias\/wp-content\/uploads\/2019\/11\/JCC8708.jpg","width":3680,"height":2456},{"@type":"BreadcrumbList","@id":"https:\/\/diariodeloeste.com\/noticias\/2019\/11\/25\/dia-nacional-de-la-lucha-contra-la-obesidad-en-malvinas-argentinas\/#breadcrumb","itemListElement":[{"@type":"ListItem","position":1,"name":"Inicio","item":"https:\/\/diariodeloeste.com\/noticias\/"},{"@type":"ListItem","position":2,"name":"D\u00eda nacional de la Lucha contra la Obesidad en Malvinas Argentinas"}]},{"@type":"WebSite","@id":"https:\/\/diariodeloeste.com\/noticias\/#website","url":"https:\/\/diariodeloeste.com\/noticias\/","name":"Diario del Oeste","description":"Noticias del Oeste","publisher":{"@id":"https:\/\/diariodeloeste.com\/noticias\/#organization"},"potentialAction":[{"@type":"SearchAction","target":{"@type":"EntryPoint","urlTemplate":"https:\/\/diariodeloeste.com\/noticias\/?s={search_term_string}"},"query-input":{"@type":"PropertyValueSpecification","valueRequired":true,"valueName":"search_term_string"}}],"inLanguage":"es-AR"},{"@type":"Organization","@id":"https:\/\/diariodeloeste.com\/noticias\/#organization","name":"Diario del Oeste","url":"https:\/\/diariodeloeste.com\/noticias\/","logo":{"@type":"ImageObject","inLanguage":"es-AR","@id":"https:\/\/diariodeloeste.com\/noticias\/#\/schema\/logo\/image\/","url":"https:\/\/diariodeloeste.com\/noticias\/wp-content\/uploads\/2019\/04\/logo.png","contentUrl":"https:\/\/diariodeloeste.com\/noticias\/wp-content\/uploads\/2019\/04\/logo.png","width":306,"height":145,"caption":"Diario del Oeste"},"image":{"@id":"https:\/\/diariodeloeste.com\/noticias\/#\/schema\/logo\/image\/"}},{"@type":"Person","@id":"https:\/\/diariodeloeste.com\/noticias\/#\/schema\/person\/1f7be965f8c093432e1cbfcee0ac4047","name":"Redaccion","image":{"@type":"ImageObject","inLanguage":"es-AR","@id":"https:\/\/secure.gravatar.com\/avatar\/f9bc3a12e26b32d818d88f9a5b61de20b559752e499df507efa7ea3cea0550ef?s=96&d=mm&r=g","url":"https:\/\/secure.gravatar.com\/avatar\/f9bc3a12e26b32d818d88f9a5b61de20b559752e499df507efa7ea3cea0550ef?s=96&d=mm&r=g","contentUrl":"https:\/\/secure.gravatar.com\/avatar\/f9bc3a12e26b32d818d88f9a5b61de20b559752e499df507efa7ea3cea0550ef?s=96&d=mm&r=g","caption":"Redaccion"},"url":"https:\/\/diariodeloeste.com\/noticias\/author\/redaccion\/"}]}},"_links":{"self":[{"href":"https:\/\/diariodeloeste.com\/noticias\/wp-json\/wp\/v2\/posts\/5964","targetHints":{"allow":["GET"]}}],"collection":[{"href":"https:\/\/diariodeloeste.com\/noticias\/wp-json\/wp\/v2\/posts"}],"about":[{"href":"https:\/\/diariodeloeste.com\/noticias\/wp-json\/wp\/v2\/types\/post"}],"author":[{"embeddable":true,"href":"https:\/\/diariodeloeste.com\/noticias\/wp-json\/wp\/v2\/users\/3"}],"replies":[{"embeddable":true,"href":"https:\/\/diariodeloeste.com\/noticias\/wp-json\/wp\/v2\/comments?post=5964"}],"version-history":[{"count":1,"href":"https:\/\/diariodeloeste.com\/noticias\/wp-json\/wp\/v2\/posts\/5964\/revisions"}],"predecessor-version":[{"id":5966,"href":"https:\/\/diariodeloeste.com\/noticias\/wp-json\/wp\/v2\/posts\/5964\/revisions\/5966"}],"wp:featuredmedia":[{"embeddable":true,"href":"https:\/\/diariodeloeste.com\/noticias\/wp-json\/wp\/v2\/media\/5965"}],"wp:attachment":[{"href":"https:\/\/diariodeloeste.com\/noticias\/wp-json\/wp\/v2\/media?parent=5964"}],"wp:term":[{"taxonomy":"category","embeddable":true,"href":"https:\/\/diariodeloeste.com\/noticias\/wp-json\/wp\/v2\/categories?post=5964"},{"taxonomy":"post_tag","embeddable":true,"href":"https:\/\/diariodeloeste.com\/noticias\/wp-json\/wp\/v2\/tags?post=5964"}],"curies":[{"name":"wp","href":"https:\/\/api.w.org\/{rel}","templated":true}]}}