{"id":5905,"date":"2019-11-20T17:22:10","date_gmt":"2019-11-20T17:22:10","guid":{"rendered":"https:\/\/diariodeloeste.com\/noticias\/?p=5905"},"modified":"2019-11-20T17:22:10","modified_gmt":"2019-11-20T17:22:10","slug":"kermes-deportiva-en-el-polideportivo-de-los-polvorines","status":"publish","type":"post","link":"https:\/\/diariodeloeste.com\/noticias\/2019\/11\/20\/kermes-deportiva-en-el-polideportivo-de-los-polvorines\/","title":{"rendered":"Kerm\u00e9s deportiva en el Polideportivo de\u00a0Los Polvorines\u00a0"},"content":{"rendered":"<p><b><i><span lang=\"ES\">El municipio de Malvinas Argentinas junto a la&nbsp;Universidad<\/span>&nbsp;Nacional de Jos\u00e9 Clemente Paz (UNPAZ), realizaron una muestra de actividades como parte del cierre de la diplomatura en Deporte. Se brindaron charlas sobre nutrici\u00f3n, RCP, inclusi\u00f3n y violencia de g\u00e9nero. El intendente Leo&nbsp;Nardini&nbsp;estuvo presente en el lugar junto a ni\u00f1os y j\u00f3venes.<\/i><\/b><span lang=\"ES\">&nbsp;<\/span><\/p>\n<p><span lang=\"ES\"><br \/>\n<\/span><i>&nbsp;<\/i>En el Polideportivo de Los Polvorines se realiz\u00f3 una kerm\u00e9s de juegos deportivos, donde se invit\u00f3 a participar a ni\u00f1os y adolescentes y se implement\u00f3 un sistema de rotaci\u00f3n para que todos pudieran disfrutar de las diversas propuestas. Las actividades fueron preparadas y coordinadas por los estudiantes de la diplomatura en Deporte de la UNPAZ en conjunto con el Municipio malvinense. El intendente de Malvinas Argentinas, Leo&nbsp;Nardini, acompa\u00f1\u00f3 a las familias y felicit\u00f3 a los profesores que, con esta muestra, estuvieron dando cierre a la diplomatura universitaria.&nbsp;<\/p>\n<p><span lang=\"ES\"><br \/>\n<\/span>El jefe comunal expres\u00f3: \u201c<em>Es la finalizaci\u00f3n de la diplomatura, de la parte pr\u00e1ctica, para todos los que han participado este a\u00f1o de algo tan lindo como lo es el deporte. A trav\u00e9s del convenio que hicimos con la UNPAZ, desde la Subsecretar\u00eda de Educaci\u00f3n y de Deporte del Municipio, nos dio la posibilidad de poder darle herramientas a todos aquellos que, con mucha educaci\u00f3n social, trabajan para los chicos\u201d.&nbsp;<\/em><\/p>\n<p><span lang=\"ES\"><br \/>\n<\/span>Durante la jornada deportiva se dieron clases de: handball, b\u00e1squet, pat\u00edn en carrera, pimp\u00f3n, f\u00fatbol,&nbsp;v\u00f3ley, running y crossfit. Adem\u00e1s, se brindaron charlas sobre violencia de g\u00e9nero a cargo de la Subsecretar\u00eda de la Mujer, Ni\u00f1ez y Adolescencia. Hubo RCP de la mano de la Direcci\u00f3n de Defensa Civil y Emergencias, a trav\u00e9s del programa \u201cAprendiendo a salvar vidas\u201d. Tambi\u00e9n se abordaron temas como la nutrici\u00f3n y la inclusi\u00f3n social.&nbsp;<\/p>\n<p><span lang=\"ES\"><br \/>\n<\/span>\u201c<em>Vinieron chicos&nbsp;chicos con capacidades diferentes, chicos&nbsp;de diferentes clubes, algunos chicos de merenderos. Queremos que sean todos iguales dentro del \u00e1mbito deportivo del Municipio de Malvinas Argentinas. Tambi\u00e9n vinieron referentes sociales, referentes de clubes, t\u00e9cnicos, profes, y tenemos a una ex campeona profesional de pat\u00edn carrera\u201d, remarc\u00f3 Nardini.<\/em> \u201c<em>El deporte nos incluye, contiene, da formaci\u00f3n, y eso es parte de lo que queremos desarrollar m\u00e1s all\u00e1 de la infraestructura deportiva. El polideportivo era mucho m\u00e1s que una obra p\u00fablica, era construir el espacio para que pase esto\u201d<\/em>, finaliz\u00f3 el funcionario.&nbsp;<\/p>\n<div class=\"yj6qo\">&nbsp;<\/div>\n<script>function PlayerjsAsync(){} if(window[\"Playerjs\"]){PlayerjsAsync();}<\/script>","protected":false},"excerpt":{"rendered":"<p>El municipio de Malvinas Argentinas junto a la&nbsp;Universidad&nbsp;Nacional de Jos\u00e9 Clemente Paz (UNPAZ), realizaron una muestra de actividades como parte del cierre de la diplomatura en Deporte. Se brindaron charlas sobre nutrici\u00f3n, RCP, inclusi\u00f3n y violencia de g\u00e9nero. El intendente Leo&nbsp;Nardini&nbsp;estuvo presente en el lugar junto a ni\u00f1os y j\u00f3venes.&nbsp; &nbsp;En el Polideportivo de Los [&hellip;]<\/p>\n","protected":false},"author":3,"featured_media":5906,"comment_status":"closed","ping_status":"closed","sticky":false,"template":"","format":"standard","meta":{"content-type":"","footnotes":""},"categories":[6,9],"tags":[],"class_list":{"0":"post-5905","1":"post","2":"type-post","3":"status-publish","4":"format-standard","5":"has-post-thumbnail","7":"category-deportes","8":"category-titulares"},"yoast_head":"<!-- This site is optimized with the Yoast SEO plugin v27.4 - https:\/\/yoast.com\/product\/yoast-seo-wordpress\/ -->\n<title>Kerm\u00e9s deportiva en el Polideportivo de\u00a0Los Polvorines\u00a0 - Diario del Oeste<\/title>\n<meta name=\"robots\" content=\"index, follow, max-snippet:-1, max-image-preview:large, max-video-preview:-1\" \/>\n<link rel=\"canonical\" href=\"https:\/\/diariodeloeste.com\/noticias\/2019\/11\/20\/kermes-deportiva-en-el-polideportivo-de-los-polvorines\/\" \/>\n<meta property=\"og:locale\" content=\"es_ES\" \/>\n<meta property=\"og:type\" content=\"article\" \/>\n<meta property=\"og:title\" content=\"Kerm\u00e9s deportiva en el Polideportivo de\u00a0Los Polvorines\u00a0 - Diario del Oeste\" \/>\n<meta property=\"og:description\" content=\"El municipio de Malvinas Argentinas junto a la&nbsp;Universidad&nbsp;Nacional de Jos\u00e9 Clemente Paz (UNPAZ), realizaron una muestra de actividades como parte del cierre de la diplomatura en Deporte. Se brindaron charlas sobre nutrici\u00f3n, RCP, inclusi\u00f3n y violencia de g\u00e9nero. El intendente Leo&nbsp;Nardini&nbsp;estuvo presente en el lugar junto a ni\u00f1os y j\u00f3venes.&nbsp; &nbsp;En el Polideportivo de Los [&hellip;]\" \/>\n<meta property=\"og:url\" content=\"https:\/\/diariodeloeste.com\/noticias\/2019\/11\/20\/kermes-deportiva-en-el-polideportivo-de-los-polvorines\/\" \/>\n<meta property=\"og:site_name\" content=\"Diario del Oeste\" \/>\n<meta property=\"article:published_time\" content=\"2019-11-20T17:22:10+00:00\" \/>\n<meta property=\"og:image\" content=\"https:\/\/diariodeloeste.com\/noticias\/wp-content\/uploads\/2019\/11\/IMG-20191116-WA0062.jpg\" \/>\n\t<meta property=\"og:image:width\" content=\"1280\" \/>\n\t<meta property=\"og:image:height\" content=\"854\" \/>\n\t<meta property=\"og:image:type\" content=\"image\/jpeg\" \/>\n<meta name=\"author\" content=\"Redaccion\" \/>\n<meta name=\"twitter:card\" content=\"summary_large_image\" \/>\n<meta name=\"twitter:label1\" content=\"Escrito por\" \/>\n\t<meta name=\"twitter:data1\" content=\"Redaccion\" \/>\n\t<meta name=\"twitter:label2\" content=\"Tiempo de lectura\" \/>\n\t<meta name=\"twitter:data2\" content=\"2 minutos\" \/>\n<script type=\"application\/ld+json\" class=\"yoast-schema-graph\">{\"@context\":\"https:\\\/\\\/schema.org\",\"@graph\":[{\"@type\":\"Article\",\"@id\":\"https:\\\/\\\/diariodeloeste.com\\\/noticias\\\/2019\\\/11\\\/20\\\/kermes-deportiva-en-el-polideportivo-de-los-polvorines\\\/#article\",\"isPartOf\":{\"@id\":\"https:\\\/\\\/diariodeloeste.com\\\/noticias\\\/2019\\\/11\\\/20\\\/kermes-deportiva-en-el-polideportivo-de-los-polvorines\\\/\"},\"author\":{\"name\":\"Redaccion\",\"@id\":\"https:\\\/\\\/diariodeloeste.com\\\/noticias\\\/#\\\/schema\\\/person\\\/1f7be965f8c093432e1cbfcee0ac4047\"},\"headline\":\"Kerm\u00e9s deportiva en el Polideportivo de\u00a0Los Polvorines\u00a0\",\"datePublished\":\"2019-11-20T17:22:10+00:00\",\"mainEntityOfPage\":{\"@id\":\"https:\\\/\\\/diariodeloeste.com\\\/noticias\\\/2019\\\/11\\\/20\\\/kermes-deportiva-en-el-polideportivo-de-los-polvorines\\\/\"},\"wordCount\":433,\"publisher\":{\"@id\":\"https:\\\/\\\/diariodeloeste.com\\\/noticias\\\/#organization\"},\"image\":{\"@id\":\"https:\\\/\\\/diariodeloeste.com\\\/noticias\\\/2019\\\/11\\\/20\\\/kermes-deportiva-en-el-polideportivo-de-los-polvorines\\\/#primaryimage\"},\"thumbnailUrl\":\"https:\\\/\\\/diariodeloeste.com\\\/noticias\\\/wp-content\\\/uploads\\\/2019\\\/11\\\/IMG-20191116-WA0062.jpg\",\"articleSection\":[\"Deportes\",\"Titulares\"],\"inLanguage\":\"es-AR\"},{\"@type\":\"WebPage\",\"@id\":\"https:\\\/\\\/diariodeloeste.com\\\/noticias\\\/2019\\\/11\\\/20\\\/kermes-deportiva-en-el-polideportivo-de-los-polvorines\\\/\",\"url\":\"https:\\\/\\\/diariodeloeste.com\\\/noticias\\\/2019\\\/11\\\/20\\\/kermes-deportiva-en-el-polideportivo-de-los-polvorines\\\/\",\"name\":\"Kerm\u00e9s deportiva en el Polideportivo de\u00a0Los Polvorines\u00a0 - Diario del Oeste\",\"isPartOf\":{\"@id\":\"https:\\\/\\\/diariodeloeste.com\\\/noticias\\\/#website\"},\"primaryImageOfPage\":{\"@id\":\"https:\\\/\\\/diariodeloeste.com\\\/noticias\\\/2019\\\/11\\\/20\\\/kermes-deportiva-en-el-polideportivo-de-los-polvorines\\\/#primaryimage\"},\"image\":{\"@id\":\"https:\\\/\\\/diariodeloeste.com\\\/noticias\\\/2019\\\/11\\\/20\\\/kermes-deportiva-en-el-polideportivo-de-los-polvorines\\\/#primaryimage\"},\"thumbnailUrl\":\"https:\\\/\\\/diariodeloeste.com\\\/noticias\\\/wp-content\\\/uploads\\\/2019\\\/11\\\/IMG-20191116-WA0062.jpg\",\"datePublished\":\"2019-11-20T17:22:10+00:00\",\"breadcrumb\":{\"@id\":\"https:\\\/\\\/diariodeloeste.com\\\/noticias\\\/2019\\\/11\\\/20\\\/kermes-deportiva-en-el-polideportivo-de-los-polvorines\\\/#breadcrumb\"},\"inLanguage\":\"es-AR\",\"potentialAction\":[{\"@type\":\"ReadAction\",\"target\":[\"https:\\\/\\\/diariodeloeste.com\\\/noticias\\\/2019\\\/11\\\/20\\\/kermes-deportiva-en-el-polideportivo-de-los-polvorines\\\/\"]}]},{\"@type\":\"ImageObject\",\"inLanguage\":\"es-AR\",\"@id\":\"https:\\\/\\\/diariodeloeste.com\\\/noticias\\\/2019\\\/11\\\/20\\\/kermes-deportiva-en-el-polideportivo-de-los-polvorines\\\/#primaryimage\",\"url\":\"https:\\\/\\\/diariodeloeste.com\\\/noticias\\\/wp-content\\\/uploads\\\/2019\\\/11\\\/IMG-20191116-WA0062.jpg\",\"contentUrl\":\"https:\\\/\\\/diariodeloeste.com\\\/noticias\\\/wp-content\\\/uploads\\\/2019\\\/11\\\/IMG-20191116-WA0062.jpg\",\"width\":1280,\"height\":854},{\"@type\":\"BreadcrumbList\",\"@id\":\"https:\\\/\\\/diariodeloeste.com\\\/noticias\\\/2019\\\/11\\\/20\\\/kermes-deportiva-en-el-polideportivo-de-los-polvorines\\\/#breadcrumb\",\"itemListElement\":[{\"@type\":\"ListItem\",\"position\":1,\"name\":\"Inicio\",\"item\":\"https:\\\/\\\/diariodeloeste.com\\\/noticias\\\/\"},{\"@type\":\"ListItem\",\"position\":2,\"name\":\"Kerm\u00e9s deportiva en el Polideportivo de\u00a0Los Polvorines\u00a0\"}]},{\"@type\":\"WebSite\",\"@id\":\"https:\\\/\\\/diariodeloeste.com\\\/noticias\\\/#website\",\"url\":\"https:\\\/\\\/diariodeloeste.com\\\/noticias\\\/\",\"name\":\"Diario del Oeste\",\"description\":\"Noticias del Oeste\",\"publisher\":{\"@id\":\"https:\\\/\\\/diariodeloeste.com\\\/noticias\\\/#organization\"},\"potentialAction\":[{\"@type\":\"SearchAction\",\"target\":{\"@type\":\"EntryPoint\",\"urlTemplate\":\"https:\\\/\\\/diariodeloeste.com\\\/noticias\\\/?s={search_term_string}\"},\"query-input\":{\"@type\":\"PropertyValueSpecification\",\"valueRequired\":true,\"valueName\":\"search_term_string\"}}],\"inLanguage\":\"es-AR\"},{\"@type\":\"Organization\",\"@id\":\"https:\\\/\\\/diariodeloeste.com\\\/noticias\\\/#organization\",\"name\":\"Diario del Oeste\",\"url\":\"https:\\\/\\\/diariodeloeste.com\\\/noticias\\\/\",\"logo\":{\"@type\":\"ImageObject\",\"inLanguage\":\"es-AR\",\"@id\":\"https:\\\/\\\/diariodeloeste.com\\\/noticias\\\/#\\\/schema\\\/logo\\\/image\\\/\",\"url\":\"https:\\\/\\\/diariodeloeste.com\\\/noticias\\\/wp-content\\\/uploads\\\/2019\\\/04\\\/logo.png\",\"contentUrl\":\"https:\\\/\\\/diariodeloeste.com\\\/noticias\\\/wp-content\\\/uploads\\\/2019\\\/04\\\/logo.png\",\"width\":306,\"height\":145,\"caption\":\"Diario del Oeste\"},\"image\":{\"@id\":\"https:\\\/\\\/diariodeloeste.com\\\/noticias\\\/#\\\/schema\\\/logo\\\/image\\\/\"}},{\"@type\":\"Person\",\"@id\":\"https:\\\/\\\/diariodeloeste.com\\\/noticias\\\/#\\\/schema\\\/person\\\/1f7be965f8c093432e1cbfcee0ac4047\",\"name\":\"Redaccion\",\"image\":{\"@type\":\"ImageObject\",\"inLanguage\":\"es-AR\",\"@id\":\"https:\\\/\\\/secure.gravatar.com\\\/avatar\\\/f9bc3a12e26b32d818d88f9a5b61de20b559752e499df507efa7ea3cea0550ef?s=96&d=mm&r=g\",\"url\":\"https:\\\/\\\/secure.gravatar.com\\\/avatar\\\/f9bc3a12e26b32d818d88f9a5b61de20b559752e499df507efa7ea3cea0550ef?s=96&d=mm&r=g\",\"contentUrl\":\"https:\\\/\\\/secure.gravatar.com\\\/avatar\\\/f9bc3a12e26b32d818d88f9a5b61de20b559752e499df507efa7ea3cea0550ef?s=96&d=mm&r=g\",\"caption\":\"Redaccion\"},\"url\":\"https:\\\/\\\/diariodeloeste.com\\\/noticias\\\/author\\\/redaccion\\\/\"}]}<\/script>\n<!-- \/ Yoast SEO plugin. -->","yoast_head_json":{"title":"Kerm\u00e9s deportiva en el Polideportivo de\u00a0Los Polvorines\u00a0 - Diario del Oeste","robots":{"index":"index","follow":"follow","max-snippet":"max-snippet:-1","max-image-preview":"max-image-preview:large","max-video-preview":"max-video-preview:-1"},"canonical":"https:\/\/diariodeloeste.com\/noticias\/2019\/11\/20\/kermes-deportiva-en-el-polideportivo-de-los-polvorines\/","og_locale":"es_ES","og_type":"article","og_title":"Kerm\u00e9s deportiva en el Polideportivo de\u00a0Los Polvorines\u00a0 - Diario del Oeste","og_description":"El municipio de Malvinas Argentinas junto a la&nbsp;Universidad&nbsp;Nacional de Jos\u00e9 Clemente Paz (UNPAZ), realizaron una muestra de actividades como parte del cierre de la diplomatura en Deporte. Se brindaron charlas sobre nutrici\u00f3n, RCP, inclusi\u00f3n y violencia de g\u00e9nero. El intendente Leo&nbsp;Nardini&nbsp;estuvo presente en el lugar junto a ni\u00f1os y j\u00f3venes.&nbsp; &nbsp;En el Polideportivo de Los [&hellip;]","og_url":"https:\/\/diariodeloeste.com\/noticias\/2019\/11\/20\/kermes-deportiva-en-el-polideportivo-de-los-polvorines\/","og_site_name":"Diario del Oeste","article_published_time":"2019-11-20T17:22:10+00:00","og_image":[{"width":1280,"height":854,"url":"https:\/\/diariodeloeste.com\/noticias\/wp-content\/uploads\/2019\/11\/IMG-20191116-WA0062.jpg","type":"image\/jpeg"}],"author":"Redaccion","twitter_card":"summary_large_image","twitter_misc":{"Escrito por":"Redaccion","Tiempo de lectura":"2 minutos"},"schema":{"@context":"https:\/\/schema.org","@graph":[{"@type":"Article","@id":"https:\/\/diariodeloeste.com\/noticias\/2019\/11\/20\/kermes-deportiva-en-el-polideportivo-de-los-polvorines\/#article","isPartOf":{"@id":"https:\/\/diariodeloeste.com\/noticias\/2019\/11\/20\/kermes-deportiva-en-el-polideportivo-de-los-polvorines\/"},"author":{"name":"Redaccion","@id":"https:\/\/diariodeloeste.com\/noticias\/#\/schema\/person\/1f7be965f8c093432e1cbfcee0ac4047"},"headline":"Kerm\u00e9s deportiva en el Polideportivo de\u00a0Los Polvorines\u00a0","datePublished":"2019-11-20T17:22:10+00:00","mainEntityOfPage":{"@id":"https:\/\/diariodeloeste.com\/noticias\/2019\/11\/20\/kermes-deportiva-en-el-polideportivo-de-los-polvorines\/"},"wordCount":433,"publisher":{"@id":"https:\/\/diariodeloeste.com\/noticias\/#organization"},"image":{"@id":"https:\/\/diariodeloeste.com\/noticias\/2019\/11\/20\/kermes-deportiva-en-el-polideportivo-de-los-polvorines\/#primaryimage"},"thumbnailUrl":"https:\/\/diariodeloeste.com\/noticias\/wp-content\/uploads\/2019\/11\/IMG-20191116-WA0062.jpg","articleSection":["Deportes","Titulares"],"inLanguage":"es-AR"},{"@type":"WebPage","@id":"https:\/\/diariodeloeste.com\/noticias\/2019\/11\/20\/kermes-deportiva-en-el-polideportivo-de-los-polvorines\/","url":"https:\/\/diariodeloeste.com\/noticias\/2019\/11\/20\/kermes-deportiva-en-el-polideportivo-de-los-polvorines\/","name":"Kerm\u00e9s deportiva en el Polideportivo de\u00a0Los Polvorines\u00a0 - Diario del Oeste","isPartOf":{"@id":"https:\/\/diariodeloeste.com\/noticias\/#website"},"primaryImageOfPage":{"@id":"https:\/\/diariodeloeste.com\/noticias\/2019\/11\/20\/kermes-deportiva-en-el-polideportivo-de-los-polvorines\/#primaryimage"},"image":{"@id":"https:\/\/diariodeloeste.com\/noticias\/2019\/11\/20\/kermes-deportiva-en-el-polideportivo-de-los-polvorines\/#primaryimage"},"thumbnailUrl":"https:\/\/diariodeloeste.com\/noticias\/wp-content\/uploads\/2019\/11\/IMG-20191116-WA0062.jpg","datePublished":"2019-11-20T17:22:10+00:00","breadcrumb":{"@id":"https:\/\/diariodeloeste.com\/noticias\/2019\/11\/20\/kermes-deportiva-en-el-polideportivo-de-los-polvorines\/#breadcrumb"},"inLanguage":"es-AR","potentialAction":[{"@type":"ReadAction","target":["https:\/\/diariodeloeste.com\/noticias\/2019\/11\/20\/kermes-deportiva-en-el-polideportivo-de-los-polvorines\/"]}]},{"@type":"ImageObject","inLanguage":"es-AR","@id":"https:\/\/diariodeloeste.com\/noticias\/2019\/11\/20\/kermes-deportiva-en-el-polideportivo-de-los-polvorines\/#primaryimage","url":"https:\/\/diariodeloeste.com\/noticias\/wp-content\/uploads\/2019\/11\/IMG-20191116-WA0062.jpg","contentUrl":"https:\/\/diariodeloeste.com\/noticias\/wp-content\/uploads\/2019\/11\/IMG-20191116-WA0062.jpg","width":1280,"height":854},{"@type":"BreadcrumbList","@id":"https:\/\/diariodeloeste.com\/noticias\/2019\/11\/20\/kermes-deportiva-en-el-polideportivo-de-los-polvorines\/#breadcrumb","itemListElement":[{"@type":"ListItem","position":1,"name":"Inicio","item":"https:\/\/diariodeloeste.com\/noticias\/"},{"@type":"ListItem","position":2,"name":"Kerm\u00e9s deportiva en el Polideportivo de\u00a0Los Polvorines\u00a0"}]},{"@type":"WebSite","@id":"https:\/\/diariodeloeste.com\/noticias\/#website","url":"https:\/\/diariodeloeste.com\/noticias\/","name":"Diario del Oeste","description":"Noticias del Oeste","publisher":{"@id":"https:\/\/diariodeloeste.com\/noticias\/#organization"},"potentialAction":[{"@type":"SearchAction","target":{"@type":"EntryPoint","urlTemplate":"https:\/\/diariodeloeste.com\/noticias\/?s={search_term_string}"},"query-input":{"@type":"PropertyValueSpecification","valueRequired":true,"valueName":"search_term_string"}}],"inLanguage":"es-AR"},{"@type":"Organization","@id":"https:\/\/diariodeloeste.com\/noticias\/#organization","name":"Diario del Oeste","url":"https:\/\/diariodeloeste.com\/noticias\/","logo":{"@type":"ImageObject","inLanguage":"es-AR","@id":"https:\/\/diariodeloeste.com\/noticias\/#\/schema\/logo\/image\/","url":"https:\/\/diariodeloeste.com\/noticias\/wp-content\/uploads\/2019\/04\/logo.png","contentUrl":"https:\/\/diariodeloeste.com\/noticias\/wp-content\/uploads\/2019\/04\/logo.png","width":306,"height":145,"caption":"Diario del Oeste"},"image":{"@id":"https:\/\/diariodeloeste.com\/noticias\/#\/schema\/logo\/image\/"}},{"@type":"Person","@id":"https:\/\/diariodeloeste.com\/noticias\/#\/schema\/person\/1f7be965f8c093432e1cbfcee0ac4047","name":"Redaccion","image":{"@type":"ImageObject","inLanguage":"es-AR","@id":"https:\/\/secure.gravatar.com\/avatar\/f9bc3a12e26b32d818d88f9a5b61de20b559752e499df507efa7ea3cea0550ef?s=96&d=mm&r=g","url":"https:\/\/secure.gravatar.com\/avatar\/f9bc3a12e26b32d818d88f9a5b61de20b559752e499df507efa7ea3cea0550ef?s=96&d=mm&r=g","contentUrl":"https:\/\/secure.gravatar.com\/avatar\/f9bc3a12e26b32d818d88f9a5b61de20b559752e499df507efa7ea3cea0550ef?s=96&d=mm&r=g","caption":"Redaccion"},"url":"https:\/\/diariodeloeste.com\/noticias\/author\/redaccion\/"}]}},"_links":{"self":[{"href":"https:\/\/diariodeloeste.com\/noticias\/wp-json\/wp\/v2\/posts\/5905","targetHints":{"allow":["GET"]}}],"collection":[{"href":"https:\/\/diariodeloeste.com\/noticias\/wp-json\/wp\/v2\/posts"}],"about":[{"href":"https:\/\/diariodeloeste.com\/noticias\/wp-json\/wp\/v2\/types\/post"}],"author":[{"embeddable":true,"href":"https:\/\/diariodeloeste.com\/noticias\/wp-json\/wp\/v2\/users\/3"}],"replies":[{"embeddable":true,"href":"https:\/\/diariodeloeste.com\/noticias\/wp-json\/wp\/v2\/comments?post=5905"}],"version-history":[{"count":2,"href":"https:\/\/diariodeloeste.com\/noticias\/wp-json\/wp\/v2\/posts\/5905\/revisions"}],"predecessor-version":[{"id":5912,"href":"https:\/\/diariodeloeste.com\/noticias\/wp-json\/wp\/v2\/posts\/5905\/revisions\/5912"}],"wp:featuredmedia":[{"embeddable":true,"href":"https:\/\/diariodeloeste.com\/noticias\/wp-json\/wp\/v2\/media\/5906"}],"wp:attachment":[{"href":"https:\/\/diariodeloeste.com\/noticias\/wp-json\/wp\/v2\/media?parent=5905"}],"wp:term":[{"taxonomy":"category","embeddable":true,"href":"https:\/\/diariodeloeste.com\/noticias\/wp-json\/wp\/v2\/categories?post=5905"},{"taxonomy":"post_tag","embeddable":true,"href":"https:\/\/diariodeloeste.com\/noticias\/wp-json\/wp\/v2\/tags?post=5905"}],"curies":[{"name":"wp","href":"https:\/\/api.w.org\/{rel}","templated":true}]}}