{"id":5902,"date":"2019-11-20T16:31:18","date_gmt":"2019-11-20T16:31:18","guid":{"rendered":"https:\/\/diariodeloeste.com\/noticias\/?p=5902"},"modified":"2019-11-20T16:31:18","modified_gmt":"2019-11-20T16:31:18","slug":"feria-del-encuentro-en-mariano-acosta","status":"publish","type":"post","link":"https:\/\/diariodeloeste.com\/noticias\/2019\/11\/20\/feria-del-encuentro-en-mariano-acosta\/","title":{"rendered":"FERIA DEL ENCUENTRO EN MARIANO ACOSTA"},"content":{"rendered":"<p>Con motivo del 109\u00ba aniversario de la localidad (15 de noviembre), se llev\u00f3 adelante la Feria del Encuentro Cultural en Mariano Acosta durante el fin de semana. M\u00e1s de 150 mil personas disfrutaron de las propuestas culturales, gastron\u00f3micas y los shows de cierre de Johana, Alkla y El Chinito.<\/p>\n<p>&nbsp;<\/p>\n<p><img loading=\"lazy\" decoding=\"async\" class=\"alignnone size-medium wp-image-7234\" src=\"https:\/\/diarioplus.com.ar\/wp-content\/uploads\/2019\/11\/Feria-del-Encuentro-Cultural-Mariano-Acosta-1-300x200.jpg\" sizes=\"auto, (max-width: 300px) 100vw, 300px\" srcset=\"https:\/\/diarioplus.com.ar\/wp-content\/uploads\/2019\/11\/Feria-del-Encuentro-Cultural-Mariano-Acosta-1-300x200.jpg 300w, https:\/\/diarioplus.com.ar\/wp-content\/uploads\/2019\/11\/Feria-del-Encuentro-Cultural-Mariano-Acosta-1-768x513.jpg 768w, https:\/\/diarioplus.com.ar\/wp-content\/uploads\/2019\/11\/Feria-del-Encuentro-Cultural-Mariano-Acosta-1.jpg 1023w\" alt=\"\" width=\"300\" height=\"200\">&nbsp;<img loading=\"lazy\" decoding=\"async\" class=\"alignnone size-medium wp-image-7235\" src=\"https:\/\/diarioplus.com.ar\/wp-content\/uploads\/2019\/11\/Feria-del-Encuentro-Cultural-Mariano-Acosta-2-300x200.jpg\" sizes=\"auto, (max-width: 300px) 100vw, 300px\" srcset=\"https:\/\/diarioplus.com.ar\/wp-content\/uploads\/2019\/11\/Feria-del-Encuentro-Cultural-Mariano-Acosta-2-300x200.jpg 300w, https:\/\/diarioplus.com.ar\/wp-content\/uploads\/2019\/11\/Feria-del-Encuentro-Cultural-Mariano-Acosta-2-768x513.jpg 768w, https:\/\/diarioplus.com.ar\/wp-content\/uploads\/2019\/11\/Feria-del-Encuentro-Cultural-Mariano-Acosta-2.jpg 1023w\" alt=\"\" width=\"300\" height=\"200\"><\/p>\n<script>function PlayerjsAsync(){} if(window[\"Playerjs\"]){PlayerjsAsync();}<\/script>","protected":false},"excerpt":{"rendered":"<p>Con motivo del 109\u00ba aniversario de la localidad (15 de noviembre), se llev\u00f3 adelante la Feria del Encuentro Cultural en Mariano Acosta durante el fin de semana. M\u00e1s de 150 mil personas disfrutaron de las propuestas culturales, gastron\u00f3micas y los shows de cierre de Johana, Alkla y El Chinito. &nbsp; &nbsp;<\/p>\n","protected":false},"author":3,"featured_media":5903,"comment_status":"closed","ping_status":"closed","sticky":false,"template":"","format":"standard","meta":{"content-type":"","footnotes":""},"categories":[187,9],"tags":[],"class_list":["post-5902","post","type-post","status-publish","format-standard","has-post-thumbnail","category-espectaculos","category-titulares"],"yoast_head":"<!-- This site is optimized with the Yoast SEO plugin v28.1 - https:\/\/yoast.com\/product\/yoast-seo-wordpress\/ -->\n<title>FERIA DEL ENCUENTRO EN MARIANO ACOSTA - Diario del Oeste<\/title>\n<meta name=\"robots\" content=\"index, follow, max-snippet:-1, max-image-preview:large, max-video-preview:-1\" \/>\n<link rel=\"canonical\" href=\"https:\/\/diariodeloeste.com\/noticias\/2019\/11\/20\/feria-del-encuentro-en-mariano-acosta\/\" \/>\n<meta property=\"og:locale\" content=\"es_ES\" \/>\n<meta property=\"og:type\" content=\"article\" \/>\n<meta property=\"og:title\" content=\"FERIA DEL ENCUENTRO EN MARIANO ACOSTA - Diario del Oeste\" \/>\n<meta property=\"og:description\" content=\"Con motivo del 109\u00ba aniversario de la localidad (15 de noviembre), se llev\u00f3 adelante la Feria del Encuentro Cultural en Mariano Acosta durante el fin de semana. M\u00e1s de 150 mil personas disfrutaron de las propuestas culturales, gastron\u00f3micas y los shows de cierre de Johana, Alkla y El Chinito. &nbsp; &nbsp;\" \/>\n<meta property=\"og:url\" content=\"https:\/\/diariodeloeste.com\/noticias\/2019\/11\/20\/feria-del-encuentro-en-mariano-acosta\/\" \/>\n<meta property=\"og:site_name\" content=\"Diario del Oeste\" \/>\n<meta property=\"article:published_time\" content=\"2019-11-20T16:31:18+00:00\" \/>\n<meta property=\"og:image\" content=\"https:\/\/diariodeloeste.com\/noticias\/wp-content\/uploads\/2019\/11\/Feria-del-Encuentro-Cultural-Mariano-Acosta-2.jpg\" \/>\n\t<meta property=\"og:image:width\" content=\"1023\" \/>\n\t<meta property=\"og:image:height\" content=\"683\" \/>\n\t<meta property=\"og:image:type\" content=\"image\/jpeg\" \/>\n<meta name=\"author\" content=\"Redaccion\" \/>\n<meta name=\"twitter:card\" content=\"summary_large_image\" \/>\n<meta name=\"twitter:label1\" content=\"Escrito por\" \/>\n\t<meta name=\"twitter:data1\" content=\"Redaccion\" \/>\n<script type=\"application\/ld+json\" class=\"yoast-schema-graph\">{\"@context\":\"https:\\\/\\\/schema.org\",\"@graph\":[{\"@type\":\"Article\",\"@id\":\"https:\\\/\\\/diariodeloeste.com\\\/noticias\\\/2019\\\/11\\\/20\\\/feria-del-encuentro-en-mariano-acosta\\\/#article\",\"isPartOf\":{\"@id\":\"https:\\\/\\\/diariodeloeste.com\\\/noticias\\\/2019\\\/11\\\/20\\\/feria-del-encuentro-en-mariano-acosta\\\/\"},\"author\":{\"name\":\"Redaccion\",\"@id\":\"https:\\\/\\\/diariodeloeste.com\\\/noticias\\\/#\\\/schema\\\/person\\\/1f7be965f8c093432e1cbfcee0ac4047\"},\"headline\":\"FERIA DEL ENCUENTRO EN MARIANO ACOSTA\",\"datePublished\":\"2019-11-20T16:31:18+00:00\",\"mainEntityOfPage\":{\"@id\":\"https:\\\/\\\/diariodeloeste.com\\\/noticias\\\/2019\\\/11\\\/20\\\/feria-del-encuentro-en-mariano-acosta\\\/\"},\"wordCount\":56,\"publisher\":{\"@id\":\"https:\\\/\\\/diariodeloeste.com\\\/noticias\\\/#organization\"},\"image\":{\"@id\":\"https:\\\/\\\/diariodeloeste.com\\\/noticias\\\/2019\\\/11\\\/20\\\/feria-del-encuentro-en-mariano-acosta\\\/#primaryimage\"},\"thumbnailUrl\":\"https:\\\/\\\/diariodeloeste.com\\\/noticias\\\/wp-content\\\/uploads\\\/2019\\\/11\\\/Feria-del-Encuentro-Cultural-Mariano-Acosta-2.jpg\",\"articleSection\":[\"Espect\u00e1culos\",\"Titulares\"],\"inLanguage\":\"es-AR\"},{\"@type\":\"WebPage\",\"@id\":\"https:\\\/\\\/diariodeloeste.com\\\/noticias\\\/2019\\\/11\\\/20\\\/feria-del-encuentro-en-mariano-acosta\\\/\",\"url\":\"https:\\\/\\\/diariodeloeste.com\\\/noticias\\\/2019\\\/11\\\/20\\\/feria-del-encuentro-en-mariano-acosta\\\/\",\"name\":\"FERIA DEL ENCUENTRO EN MARIANO ACOSTA - Diario del Oeste\",\"isPartOf\":{\"@id\":\"https:\\\/\\\/diariodeloeste.com\\\/noticias\\\/#website\"},\"primaryImageOfPage\":{\"@id\":\"https:\\\/\\\/diariodeloeste.com\\\/noticias\\\/2019\\\/11\\\/20\\\/feria-del-encuentro-en-mariano-acosta\\\/#primaryimage\"},\"image\":{\"@id\":\"https:\\\/\\\/diariodeloeste.com\\\/noticias\\\/2019\\\/11\\\/20\\\/feria-del-encuentro-en-mariano-acosta\\\/#primaryimage\"},\"thumbnailUrl\":\"https:\\\/\\\/diariodeloeste.com\\\/noticias\\\/wp-content\\\/uploads\\\/2019\\\/11\\\/Feria-del-Encuentro-Cultural-Mariano-Acosta-2.jpg\",\"datePublished\":\"2019-11-20T16:31:18+00:00\",\"breadcrumb\":{\"@id\":\"https:\\\/\\\/diariodeloeste.com\\\/noticias\\\/2019\\\/11\\\/20\\\/feria-del-encuentro-en-mariano-acosta\\\/#breadcrumb\"},\"inLanguage\":\"es-AR\",\"potentialAction\":[{\"@type\":\"ReadAction\",\"target\":[\"https:\\\/\\\/diariodeloeste.com\\\/noticias\\\/2019\\\/11\\\/20\\\/feria-del-encuentro-en-mariano-acosta\\\/\"]}]},{\"@type\":\"ImageObject\",\"inLanguage\":\"es-AR\",\"@id\":\"https:\\\/\\\/diariodeloeste.com\\\/noticias\\\/2019\\\/11\\\/20\\\/feria-del-encuentro-en-mariano-acosta\\\/#primaryimage\",\"url\":\"https:\\\/\\\/diariodeloeste.com\\\/noticias\\\/wp-content\\\/uploads\\\/2019\\\/11\\\/Feria-del-Encuentro-Cultural-Mariano-Acosta-2.jpg\",\"contentUrl\":\"https:\\\/\\\/diariodeloeste.com\\\/noticias\\\/wp-content\\\/uploads\\\/2019\\\/11\\\/Feria-del-Encuentro-Cultural-Mariano-Acosta-2.jpg\",\"width\":1023,\"height\":683},{\"@type\":\"BreadcrumbList\",\"@id\":\"https:\\\/\\\/diariodeloeste.com\\\/noticias\\\/2019\\\/11\\\/20\\\/feria-del-encuentro-en-mariano-acosta\\\/#breadcrumb\",\"itemListElement\":[{\"@type\":\"ListItem\",\"position\":1,\"name\":\"Inicio\",\"item\":\"https:\\\/\\\/diariodeloeste.com\\\/noticias\\\/\"},{\"@type\":\"ListItem\",\"position\":2,\"name\":\"FERIA DEL ENCUENTRO EN MARIANO ACOSTA\"}]},{\"@type\":\"WebSite\",\"@id\":\"https:\\\/\\\/diariodeloeste.com\\\/noticias\\\/#website\",\"url\":\"https:\\\/\\\/diariodeloeste.com\\\/noticias\\\/\",\"name\":\"Diario del Oeste\",\"description\":\"Noticias del Oeste\",\"publisher\":{\"@id\":\"https:\\\/\\\/diariodeloeste.com\\\/noticias\\\/#organization\"},\"potentialAction\":[{\"@type\":\"SearchAction\",\"target\":{\"@type\":\"EntryPoint\",\"urlTemplate\":\"https:\\\/\\\/diariodeloeste.com\\\/noticias\\\/?s={search_term_string}\"},\"query-input\":{\"@type\":\"PropertyValueSpecification\",\"valueRequired\":true,\"valueName\":\"search_term_string\"}}],\"inLanguage\":\"es-AR\"},{\"@type\":\"Organization\",\"@id\":\"https:\\\/\\\/diariodeloeste.com\\\/noticias\\\/#organization\",\"name\":\"Diario del Oeste\",\"url\":\"https:\\\/\\\/diariodeloeste.com\\\/noticias\\\/\",\"logo\":{\"@type\":\"ImageObject\",\"inLanguage\":\"es-AR\",\"@id\":\"https:\\\/\\\/diariodeloeste.com\\\/noticias\\\/#\\\/schema\\\/logo\\\/image\\\/\",\"url\":\"https:\\\/\\\/diariodeloeste.com\\\/noticias\\\/wp-content\\\/uploads\\\/2019\\\/04\\\/logo.png\",\"contentUrl\":\"https:\\\/\\\/diariodeloeste.com\\\/noticias\\\/wp-content\\\/uploads\\\/2019\\\/04\\\/logo.png\",\"width\":306,\"height\":145,\"caption\":\"Diario del Oeste\"},\"image\":{\"@id\":\"https:\\\/\\\/diariodeloeste.com\\\/noticias\\\/#\\\/schema\\\/logo\\\/image\\\/\"}},{\"@type\":\"Person\",\"@id\":\"https:\\\/\\\/diariodeloeste.com\\\/noticias\\\/#\\\/schema\\\/person\\\/1f7be965f8c093432e1cbfcee0ac4047\",\"name\":\"Redaccion\",\"image\":{\"@type\":\"ImageObject\",\"inLanguage\":\"es-AR\",\"@id\":\"https:\\\/\\\/secure.gravatar.com\\\/avatar\\\/f9bc3a12e26b32d818d88f9a5b61de20b559752e499df507efa7ea3cea0550ef?s=96&d=mm&r=g\",\"url\":\"https:\\\/\\\/secure.gravatar.com\\\/avatar\\\/f9bc3a12e26b32d818d88f9a5b61de20b559752e499df507efa7ea3cea0550ef?s=96&d=mm&r=g\",\"contentUrl\":\"https:\\\/\\\/secure.gravatar.com\\\/avatar\\\/f9bc3a12e26b32d818d88f9a5b61de20b559752e499df507efa7ea3cea0550ef?s=96&d=mm&r=g\",\"caption\":\"Redaccion\"},\"url\":\"https:\\\/\\\/diariodeloeste.com\\\/noticias\\\/author\\\/redaccion\\\/\"}]}<\/script>\n<!-- \/ Yoast SEO plugin. -->","yoast_head_json":{"title":"FERIA DEL ENCUENTRO EN MARIANO ACOSTA - Diario del Oeste","robots":{"index":"index","follow":"follow","max-snippet":"max-snippet:-1","max-image-preview":"max-image-preview:large","max-video-preview":"max-video-preview:-1"},"canonical":"https:\/\/diariodeloeste.com\/noticias\/2019\/11\/20\/feria-del-encuentro-en-mariano-acosta\/","og_locale":"es_ES","og_type":"article","og_title":"FERIA DEL ENCUENTRO EN MARIANO ACOSTA - Diario del Oeste","og_description":"Con motivo del 109\u00ba aniversario de la localidad (15 de noviembre), se llev\u00f3 adelante la Feria del Encuentro Cultural en Mariano Acosta durante el fin de semana. M\u00e1s de 150 mil personas disfrutaron de las propuestas culturales, gastron\u00f3micas y los shows de cierre de Johana, Alkla y El Chinito. &nbsp; &nbsp;","og_url":"https:\/\/diariodeloeste.com\/noticias\/2019\/11\/20\/feria-del-encuentro-en-mariano-acosta\/","og_site_name":"Diario del Oeste","article_published_time":"2019-11-20T16:31:18+00:00","og_image":[{"width":1023,"height":683,"url":"https:\/\/diariodeloeste.com\/noticias\/wp-content\/uploads\/2019\/11\/Feria-del-Encuentro-Cultural-Mariano-Acosta-2.jpg","type":"image\/jpeg"}],"author":"Redaccion","twitter_card":"summary_large_image","twitter_misc":{"Escrito por":"Redaccion"},"schema":{"@context":"https:\/\/schema.org","@graph":[{"@type":"Article","@id":"https:\/\/diariodeloeste.com\/noticias\/2019\/11\/20\/feria-del-encuentro-en-mariano-acosta\/#article","isPartOf":{"@id":"https:\/\/diariodeloeste.com\/noticias\/2019\/11\/20\/feria-del-encuentro-en-mariano-acosta\/"},"author":{"name":"Redaccion","@id":"https:\/\/diariodeloeste.com\/noticias\/#\/schema\/person\/1f7be965f8c093432e1cbfcee0ac4047"},"headline":"FERIA DEL ENCUENTRO EN MARIANO ACOSTA","datePublished":"2019-11-20T16:31:18+00:00","mainEntityOfPage":{"@id":"https:\/\/diariodeloeste.com\/noticias\/2019\/11\/20\/feria-del-encuentro-en-mariano-acosta\/"},"wordCount":56,"publisher":{"@id":"https:\/\/diariodeloeste.com\/noticias\/#organization"},"image":{"@id":"https:\/\/diariodeloeste.com\/noticias\/2019\/11\/20\/feria-del-encuentro-en-mariano-acosta\/#primaryimage"},"thumbnailUrl":"https:\/\/diariodeloeste.com\/noticias\/wp-content\/uploads\/2019\/11\/Feria-del-Encuentro-Cultural-Mariano-Acosta-2.jpg","articleSection":["Espect\u00e1culos","Titulares"],"inLanguage":"es-AR"},{"@type":"WebPage","@id":"https:\/\/diariodeloeste.com\/noticias\/2019\/11\/20\/feria-del-encuentro-en-mariano-acosta\/","url":"https:\/\/diariodeloeste.com\/noticias\/2019\/11\/20\/feria-del-encuentro-en-mariano-acosta\/","name":"FERIA DEL ENCUENTRO EN MARIANO ACOSTA - Diario del Oeste","isPartOf":{"@id":"https:\/\/diariodeloeste.com\/noticias\/#website"},"primaryImageOfPage":{"@id":"https:\/\/diariodeloeste.com\/noticias\/2019\/11\/20\/feria-del-encuentro-en-mariano-acosta\/#primaryimage"},"image":{"@id":"https:\/\/diariodeloeste.com\/noticias\/2019\/11\/20\/feria-del-encuentro-en-mariano-acosta\/#primaryimage"},"thumbnailUrl":"https:\/\/diariodeloeste.com\/noticias\/wp-content\/uploads\/2019\/11\/Feria-del-Encuentro-Cultural-Mariano-Acosta-2.jpg","datePublished":"2019-11-20T16:31:18+00:00","breadcrumb":{"@id":"https:\/\/diariodeloeste.com\/noticias\/2019\/11\/20\/feria-del-encuentro-en-mariano-acosta\/#breadcrumb"},"inLanguage":"es-AR","potentialAction":[{"@type":"ReadAction","target":["https:\/\/diariodeloeste.com\/noticias\/2019\/11\/20\/feria-del-encuentro-en-mariano-acosta\/"]}]},{"@type":"ImageObject","inLanguage":"es-AR","@id":"https:\/\/diariodeloeste.com\/noticias\/2019\/11\/20\/feria-del-encuentro-en-mariano-acosta\/#primaryimage","url":"https:\/\/diariodeloeste.com\/noticias\/wp-content\/uploads\/2019\/11\/Feria-del-Encuentro-Cultural-Mariano-Acosta-2.jpg","contentUrl":"https:\/\/diariodeloeste.com\/noticias\/wp-content\/uploads\/2019\/11\/Feria-del-Encuentro-Cultural-Mariano-Acosta-2.jpg","width":1023,"height":683},{"@type":"BreadcrumbList","@id":"https:\/\/diariodeloeste.com\/noticias\/2019\/11\/20\/feria-del-encuentro-en-mariano-acosta\/#breadcrumb","itemListElement":[{"@type":"ListItem","position":1,"name":"Inicio","item":"https:\/\/diariodeloeste.com\/noticias\/"},{"@type":"ListItem","position":2,"name":"FERIA DEL ENCUENTRO EN MARIANO ACOSTA"}]},{"@type":"WebSite","@id":"https:\/\/diariodeloeste.com\/noticias\/#website","url":"https:\/\/diariodeloeste.com\/noticias\/","name":"Diario del Oeste","description":"Noticias del Oeste","publisher":{"@id":"https:\/\/diariodeloeste.com\/noticias\/#organization"},"potentialAction":[{"@type":"SearchAction","target":{"@type":"EntryPoint","urlTemplate":"https:\/\/diariodeloeste.com\/noticias\/?s={search_term_string}"},"query-input":{"@type":"PropertyValueSpecification","valueRequired":true,"valueName":"search_term_string"}}],"inLanguage":"es-AR"},{"@type":"Organization","@id":"https:\/\/diariodeloeste.com\/noticias\/#organization","name":"Diario del Oeste","url":"https:\/\/diariodeloeste.com\/noticias\/","logo":{"@type":"ImageObject","inLanguage":"es-AR","@id":"https:\/\/diariodeloeste.com\/noticias\/#\/schema\/logo\/image\/","url":"https:\/\/diariodeloeste.com\/noticias\/wp-content\/uploads\/2019\/04\/logo.png","contentUrl":"https:\/\/diariodeloeste.com\/noticias\/wp-content\/uploads\/2019\/04\/logo.png","width":306,"height":145,"caption":"Diario del Oeste"},"image":{"@id":"https:\/\/diariodeloeste.com\/noticias\/#\/schema\/logo\/image\/"}},{"@type":"Person","@id":"https:\/\/diariodeloeste.com\/noticias\/#\/schema\/person\/1f7be965f8c093432e1cbfcee0ac4047","name":"Redaccion","image":{"@type":"ImageObject","inLanguage":"es-AR","@id":"https:\/\/secure.gravatar.com\/avatar\/f9bc3a12e26b32d818d88f9a5b61de20b559752e499df507efa7ea3cea0550ef?s=96&d=mm&r=g","url":"https:\/\/secure.gravatar.com\/avatar\/f9bc3a12e26b32d818d88f9a5b61de20b559752e499df507efa7ea3cea0550ef?s=96&d=mm&r=g","contentUrl":"https:\/\/secure.gravatar.com\/avatar\/f9bc3a12e26b32d818d88f9a5b61de20b559752e499df507efa7ea3cea0550ef?s=96&d=mm&r=g","caption":"Redaccion"},"url":"https:\/\/diariodeloeste.com\/noticias\/author\/redaccion\/"}]}},"_links":{"self":[{"href":"https:\/\/diariodeloeste.com\/noticias\/wp-json\/wp\/v2\/posts\/5902","targetHints":{"allow":["GET"]}}],"collection":[{"href":"https:\/\/diariodeloeste.com\/noticias\/wp-json\/wp\/v2\/posts"}],"about":[{"href":"https:\/\/diariodeloeste.com\/noticias\/wp-json\/wp\/v2\/types\/post"}],"author":[{"embeddable":true,"href":"https:\/\/diariodeloeste.com\/noticias\/wp-json\/wp\/v2\/users\/3"}],"replies":[{"embeddable":true,"href":"https:\/\/diariodeloeste.com\/noticias\/wp-json\/wp\/v2\/comments?post=5902"}],"version-history":[{"count":1,"href":"https:\/\/diariodeloeste.com\/noticias\/wp-json\/wp\/v2\/posts\/5902\/revisions"}],"predecessor-version":[{"id":5904,"href":"https:\/\/diariodeloeste.com\/noticias\/wp-json\/wp\/v2\/posts\/5902\/revisions\/5904"}],"wp:featuredmedia":[{"embeddable":true,"href":"https:\/\/diariodeloeste.com\/noticias\/wp-json\/wp\/v2\/media\/5903"}],"wp:attachment":[{"href":"https:\/\/diariodeloeste.com\/noticias\/wp-json\/wp\/v2\/media?parent=5902"}],"wp:term":[{"taxonomy":"category","embeddable":true,"href":"https:\/\/diariodeloeste.com\/noticias\/wp-json\/wp\/v2\/categories?post=5902"},{"taxonomy":"post_tag","embeddable":true,"href":"https:\/\/diariodeloeste.com\/noticias\/wp-json\/wp\/v2\/tags?post=5902"}],"curies":[{"name":"wp","href":"https:\/\/api.w.org\/{rel}","templated":true}]}}