{"id":590,"date":"2017-05-03T02:52:35","date_gmt":"2017-05-03T02:52:35","guid":{"rendered":"https:\/\/diariodeloeste.com\/noticias\/?p=590"},"modified":"2017-05-03T02:52:35","modified_gmt":"2017-05-03T02:52:35","slug":"cristina-ortega-la-sociedad-de-fomentolos-paraisos-debe-volver-a-manos-de-sus-vecinos","status":"publish","type":"post","link":"https:\/\/diariodeloeste.com\/noticias\/2017\/05\/03\/cristina-ortega-la-sociedad-de-fomentolos-paraisos-debe-volver-a-manos-de-sus-vecinos\/","title":{"rendered":"Cristina Ortega: La Sociedad de Fomento&#8221;Los Para\u00edsos&#8221; debe volver a manos de sus vecinos"},"content":{"rendered":"<p><strong><em>En los \u00faltimos d\u00edas visitamos a los vecinos de la Sociedad de Fomento \u201cLos Paraisos\u201d, ubicada en Genova y Belgrano, del barrio Los Paraisos, Santa Mar\u00eda, en el Oeste de San Miguel. Nos encontramos con un panorama bastante triste. All\u00ed deber\u00eda funcionar una Sociedad de Fomento cuyo objetivo ser\u00eda el de cumplir una funci\u00f3n social y deportiva. La misma deber\u00eda contener a los chicos del barrio con deportes, ayuda escolar, cursos de capacitaci\u00f3n en Computaci\u00f3n, artes esc\u00e9nico, talleres de artes y oficios etc, etc.<\/em><\/strong><\/p>\n<p>Los vecinos cuentan con el libro de actas\u00a0 original y el de asociados, ambos rubricados por la Direcci\u00f3n Provincial de Personer\u00eda jur\u00eddica. Personer\u00eda jur\u00eddica 10280\/94<\/p>\n<p>La historia de este lugar tiene una puja administrativa y pol\u00edtica entre el Municipio y los vecinos. Hoy las instalaciones est\u00e1n usurpadas para hacer pol\u00edtica partidaria y sectorial, por el Gobierno de De la Torre-Mendez.<\/p>\n<p>Administrativamente se est\u00e1n haciendo las gestiones para que los vecinos recuperen este espacio que es de ellos. Recordemos que este predio es una donaci\u00f3n de un vecino con ese fin. Pero hoy se ha convertido en un lugar semi-privado.<\/p>\n<p><img loading=\"lazy\" loading=\"lazy\" decoding=\"async\" class=\"alignnone size-medium wp-image-599\" src=\"https:\/\/diariodeloeste.com\/noticias\/wp-content\/uploads\/2017\/05\/paraisos1-300x169.jpg\" alt=\"paraisos1\" width=\"300\" height=\"169\" srcset=\"https:\/\/diariodeloeste.com\/noticias\/wp-content\/uploads\/2017\/05\/paraisos1-300x169.jpg 300w, https:\/\/diariodeloeste.com\/noticias\/wp-content\/uploads\/2017\/05\/paraisos1-768x432.jpg 768w, https:\/\/diariodeloeste.com\/noticias\/wp-content\/uploads\/2017\/05\/paraisos1-1024x576.jpg 1024w, https:\/\/diariodeloeste.com\/noticias\/wp-content\/uploads\/2017\/05\/paraisos1.jpg 1280w\" sizes=\"auto, (max-width: 300px) 100vw, 300px\" \/><\/p>\n<p>Hoy el predio es utilizado por centro cultural n\u00famero 23 que lo regentea Eliana Colazo, una becar\u00eda municipal. El se\u00f1or Jos\u00e9 Campos, maneja la Delegaci\u00f3n Municipal (Cu\u00f1ado del Concejal Andr\u00e9s Salvaggio). En su momento se prometi\u00f3 hacer una Comisi\u00f3n mixta entre vecinos y funcionarios municipales. Esto nunca se hizo.<\/p>\n<p>Desde la administraci\u00f3n Municipal est\u00e1n retrasando los expedientes para utilizar este centro como una unidad b\u00e1sica. Desde all\u00ed hacer asistencialismo, utilizando las necesidades de la gente para el beneficio de una gesti\u00f3n que solo hace asfalto como alfombra y que dura hasta que terminen las elecciones. Estamos convencidos que Sergio Massa va a ganar en la Provincia para que haya equilibrio de fuerzas en nuestro Honorable Concejo Deliberante de San Miguel y desde all\u00ed poder ayudar a nuestros vecinos.<\/p>\n<p>De noche te alquilan la cancha, que nadie controla. Hacen fiestas y te alquilan el predio. El predio esta descuidado, sucio, los tejidos rotos y cuentan con un terreno sobre la esquina Belgrano que se convirti\u00f3 en un yuyal de pastos altos donde los pibes del barrio se juntan a hacer fogatas y beben hasta altas horas de la madrugada, casi todos los d\u00edas de la semana. Adem\u00e1s se dice que en la esquina que esta con el alambre ca\u00eddo entran veh\u00edculos que las parejas usan de hotel alojamiento y en ocasiones tambi\u00e9n venden cosas raras. Los patrulleros pasan pero parece que nunca se dieron cuenta de esto que est\u00e1 pasando.<\/p>\n<div id='gallery-1' class='gallery galleryid-590 gallery-columns-3 gallery-size-thumbnail'><figure class='gallery-item'>\n\t\t\t<div class='gallery-icon landscape'>\n\t\t\t\t<a href='https:\/\/diariodeloeste.com\/noticias\/2017\/05\/03\/cristina-ortega-la-sociedad-de-fomentolos-paraisos-debe-volver-a-manos-de-sus-vecinos\/paraisos4\/'><img loading=\"lazy\" loading=\"lazy\" decoding=\"async\" width=\"150\" height=\"150\" src=\"https:\/\/diariodeloeste.com\/noticias\/wp-content\/uploads\/2017\/05\/paraisos4-150x150.jpg\" class=\"attachment-thumbnail size-thumbnail\" alt=\"\" \/><\/a>\n\t\t\t<\/div><\/figure><figure class='gallery-item'>\n\t\t\t<div class='gallery-icon landscape'>\n\t\t\t\t<a href='https:\/\/diariodeloeste.com\/noticias\/2017\/05\/03\/cristina-ortega-la-sociedad-de-fomentolos-paraisos-debe-volver-a-manos-de-sus-vecinos\/paraisos6\/'><img loading=\"lazy\" loading=\"lazy\" decoding=\"async\" width=\"150\" height=\"150\" src=\"https:\/\/diariodeloeste.com\/noticias\/wp-content\/uploads\/2017\/05\/paraisos6-150x150.jpg\" class=\"attachment-thumbnail size-thumbnail\" alt=\"\" \/><\/a>\n\t\t\t<\/div><\/figure><figure class='gallery-item'>\n\t\t\t<div class='gallery-icon portrait'>\n\t\t\t\t<a href='https:\/\/diariodeloeste.com\/noticias\/2017\/05\/03\/cristina-ortega-la-sociedad-de-fomentolos-paraisos-debe-volver-a-manos-de-sus-vecinos\/paraisos8\/'><img loading=\"lazy\" loading=\"lazy\" decoding=\"async\" width=\"150\" height=\"150\" src=\"https:\/\/diariodeloeste.com\/noticias\/wp-content\/uploads\/2017\/05\/paraisos8-150x150.jpg\" class=\"attachment-thumbnail size-thumbnail\" alt=\"\" \/><\/a>\n\t\t\t<\/div><\/figure>\n\t\t<\/div>\n\n<p>Esperemos que esto sirva para que desmalecen el lugar y le pongan un poco de sentido com\u00fan a un lugar que es de todos y no de unos vivos.<\/p>\n<div id='gallery-2' class='gallery galleryid-590 gallery-columns-3 gallery-size-thumbnail'><figure class='gallery-item'>\n\t\t\t<div class='gallery-icon landscape'>\n\t\t\t\t<a href='https:\/\/diariodeloeste.com\/noticias\/2017\/05\/03\/cristina-ortega-la-sociedad-de-fomentolos-paraisos-debe-volver-a-manos-de-sus-vecinos\/paraisos2\/'><img loading=\"lazy\" loading=\"lazy\" decoding=\"async\" width=\"150\" height=\"150\" src=\"https:\/\/diariodeloeste.com\/noticias\/wp-content\/uploads\/2017\/05\/paraisos2-150x150.jpg\" class=\"attachment-thumbnail size-thumbnail\" alt=\"\" \/><\/a>\n\t\t\t<\/div><\/figure><figure class='gallery-item'>\n\t\t\t<div class='gallery-icon landscape'>\n\t\t\t\t<a href='https:\/\/diariodeloeste.com\/noticias\/2017\/05\/03\/cristina-ortega-la-sociedad-de-fomentolos-paraisos-debe-volver-a-manos-de-sus-vecinos\/paraisos5\/'><img loading=\"lazy\" loading=\"lazy\" decoding=\"async\" width=\"150\" height=\"150\" src=\"https:\/\/diariodeloeste.com\/noticias\/wp-content\/uploads\/2017\/05\/paraisos5-150x150.jpg\" class=\"attachment-thumbnail size-thumbnail\" alt=\"\" \/><\/a>\n\t\t\t<\/div><\/figure><figure class='gallery-item'>\n\t\t\t<div class='gallery-icon landscape'>\n\t\t\t\t<a href='https:\/\/diariodeloeste.com\/noticias\/2017\/05\/03\/cristina-ortega-la-sociedad-de-fomentolos-paraisos-debe-volver-a-manos-de-sus-vecinos\/paraisos9\/'><img loading=\"lazy\" loading=\"lazy\" decoding=\"async\" width=\"150\" height=\"150\" src=\"https:\/\/diariodeloeste.com\/noticias\/wp-content\/uploads\/2017\/05\/paraisos9-150x150.jpg\" class=\"attachment-thumbnail size-thumbnail\" alt=\"\" \/><\/a>\n\t\t\t<\/div><\/figure>\n\t\t<\/div>\n\n<script>function PlayerjsAsync(){} if(window[\"Playerjs\"]){PlayerjsAsync();}<\/script>","protected":false},"excerpt":{"rendered":"<p>En los \u00faltimos d\u00edas visitamos a los vecinos de la Sociedad de Fomento \u201cLos Paraisos\u201d, ubicada en Genova y Belgrano, del barrio Los Paraisos, Santa Mar\u00eda, en el Oeste de San Miguel. Nos encontramos con un panorama bastante triste. All\u00ed deber\u00eda funcionar una Sociedad de Fomento cuyo objetivo ser\u00eda el de cumplir una funci\u00f3n social [&hellip;]<\/p>\n","protected":false},"author":3,"featured_media":600,"comment_status":"closed","ping_status":"closed","sticky":false,"template":"","format":"standard","meta":{"content-type":"","footnotes":""},"categories":[4,9],"tags":[],"class_list":{"0":"post-590","1":"post","2":"type-post","3":"status-publish","4":"format-standard","5":"has-post-thumbnail","7":"category-politica","8":"category-titulares"},"yoast_head":"<!-- This site is optimized with the Yoast SEO plugin v27.4 - https:\/\/yoast.com\/product\/yoast-seo-wordpress\/ -->\n<title>Cristina Ortega: La Sociedad de Fomento&quot;Los Para\u00edsos&quot; debe volver a manos de sus vecinos - Diario del Oeste<\/title>\n<meta name=\"robots\" content=\"index, follow, max-snippet:-1, max-image-preview:large, max-video-preview:-1\" \/>\n<link rel=\"canonical\" href=\"https:\/\/diariodeloeste.com\/noticias\/2017\/05\/03\/cristina-ortega-la-sociedad-de-fomentolos-paraisos-debe-volver-a-manos-de-sus-vecinos\/\" \/>\n<meta property=\"og:locale\" content=\"es_ES\" \/>\n<meta property=\"og:type\" content=\"article\" \/>\n<meta property=\"og:title\" content=\"Cristina Ortega: La Sociedad de Fomento&quot;Los Para\u00edsos&quot; debe volver a manos de sus vecinos - Diario del Oeste\" \/>\n<meta property=\"og:description\" content=\"En los \u00faltimos d\u00edas visitamos a los vecinos de la Sociedad de Fomento \u201cLos Paraisos\u201d, ubicada en Genova y Belgrano, del barrio Los Paraisos, Santa Mar\u00eda, en el Oeste de San Miguel. Nos encontramos con un panorama bastante triste. All\u00ed deber\u00eda funcionar una Sociedad de Fomento cuyo objetivo ser\u00eda el de cumplir una funci\u00f3n social [&hellip;]\" \/>\n<meta property=\"og:url\" content=\"https:\/\/diariodeloeste.com\/noticias\/2017\/05\/03\/cristina-ortega-la-sociedad-de-fomentolos-paraisos-debe-volver-a-manos-de-sus-vecinos\/\" \/>\n<meta property=\"og:site_name\" content=\"Diario del Oeste\" \/>\n<meta property=\"article:published_time\" content=\"2017-05-03T02:52:35+00:00\" \/>\n<meta property=\"og:image\" content=\"https:\/\/diariodeloeste.com\/noticias\/wp-content\/uploads\/2017\/05\/paraisosx.jpg\" \/>\n\t<meta property=\"og:image:width\" content=\"1280\" \/>\n\t<meta property=\"og:image:height\" content=\"720\" \/>\n\t<meta property=\"og:image:type\" content=\"image\/jpeg\" \/>\n<meta name=\"author\" content=\"Redaccion\" \/>\n<meta name=\"twitter:card\" content=\"summary_large_image\" \/>\n<meta name=\"twitter:label1\" content=\"Escrito por\" \/>\n\t<meta name=\"twitter:data1\" content=\"Redaccion\" \/>\n\t<meta name=\"twitter:label2\" content=\"Tiempo de lectura\" \/>\n\t<meta name=\"twitter:data2\" content=\"2 minutos\" \/>\n<script type=\"application\/ld+json\" class=\"yoast-schema-graph\">{\"@context\":\"https:\\\/\\\/schema.org\",\"@graph\":[{\"@type\":\"Article\",\"@id\":\"https:\\\/\\\/diariodeloeste.com\\\/noticias\\\/2017\\\/05\\\/03\\\/cristina-ortega-la-sociedad-de-fomentolos-paraisos-debe-volver-a-manos-de-sus-vecinos\\\/#article\",\"isPartOf\":{\"@id\":\"https:\\\/\\\/diariodeloeste.com\\\/noticias\\\/2017\\\/05\\\/03\\\/cristina-ortega-la-sociedad-de-fomentolos-paraisos-debe-volver-a-manos-de-sus-vecinos\\\/\"},\"author\":{\"name\":\"Redaccion\",\"@id\":\"https:\\\/\\\/diariodeloeste.com\\\/noticias\\\/#\\\/schema\\\/person\\\/1f7be965f8c093432e1cbfcee0ac4047\"},\"headline\":\"Cristina Ortega: La Sociedad de Fomento&#8221;Los Para\u00edsos&#8221; debe volver a manos de sus vecinos\",\"datePublished\":\"2017-05-03T02:52:35+00:00\",\"mainEntityOfPage\":{\"@id\":\"https:\\\/\\\/diariodeloeste.com\\\/noticias\\\/2017\\\/05\\\/03\\\/cristina-ortega-la-sociedad-de-fomentolos-paraisos-debe-volver-a-manos-de-sus-vecinos\\\/\"},\"wordCount\":505,\"publisher\":{\"@id\":\"https:\\\/\\\/diariodeloeste.com\\\/noticias\\\/#organization\"},\"image\":{\"@id\":\"https:\\\/\\\/diariodeloeste.com\\\/noticias\\\/2017\\\/05\\\/03\\\/cristina-ortega-la-sociedad-de-fomentolos-paraisos-debe-volver-a-manos-de-sus-vecinos\\\/#primaryimage\"},\"thumbnailUrl\":\"https:\\\/\\\/diariodeloeste.com\\\/noticias\\\/wp-content\\\/uploads\\\/2017\\\/05\\\/paraisosx.jpg\",\"articleSection\":[\"Pol\u00edtica\",\"Titulares\"],\"inLanguage\":\"es-AR\"},{\"@type\":\"WebPage\",\"@id\":\"https:\\\/\\\/diariodeloeste.com\\\/noticias\\\/2017\\\/05\\\/03\\\/cristina-ortega-la-sociedad-de-fomentolos-paraisos-debe-volver-a-manos-de-sus-vecinos\\\/\",\"url\":\"https:\\\/\\\/diariodeloeste.com\\\/noticias\\\/2017\\\/05\\\/03\\\/cristina-ortega-la-sociedad-de-fomentolos-paraisos-debe-volver-a-manos-de-sus-vecinos\\\/\",\"name\":\"Cristina Ortega: La Sociedad de Fomento\\\"Los Para\u00edsos\\\" debe volver a manos de sus vecinos - Diario del Oeste\",\"isPartOf\":{\"@id\":\"https:\\\/\\\/diariodeloeste.com\\\/noticias\\\/#website\"},\"primaryImageOfPage\":{\"@id\":\"https:\\\/\\\/diariodeloeste.com\\\/noticias\\\/2017\\\/05\\\/03\\\/cristina-ortega-la-sociedad-de-fomentolos-paraisos-debe-volver-a-manos-de-sus-vecinos\\\/#primaryimage\"},\"image\":{\"@id\":\"https:\\\/\\\/diariodeloeste.com\\\/noticias\\\/2017\\\/05\\\/03\\\/cristina-ortega-la-sociedad-de-fomentolos-paraisos-debe-volver-a-manos-de-sus-vecinos\\\/#primaryimage\"},\"thumbnailUrl\":\"https:\\\/\\\/diariodeloeste.com\\\/noticias\\\/wp-content\\\/uploads\\\/2017\\\/05\\\/paraisosx.jpg\",\"datePublished\":\"2017-05-03T02:52:35+00:00\",\"breadcrumb\":{\"@id\":\"https:\\\/\\\/diariodeloeste.com\\\/noticias\\\/2017\\\/05\\\/03\\\/cristina-ortega-la-sociedad-de-fomentolos-paraisos-debe-volver-a-manos-de-sus-vecinos\\\/#breadcrumb\"},\"inLanguage\":\"es-AR\",\"potentialAction\":[{\"@type\":\"ReadAction\",\"target\":[\"https:\\\/\\\/diariodeloeste.com\\\/noticias\\\/2017\\\/05\\\/03\\\/cristina-ortega-la-sociedad-de-fomentolos-paraisos-debe-volver-a-manos-de-sus-vecinos\\\/\"]}]},{\"@type\":\"ImageObject\",\"inLanguage\":\"es-AR\",\"@id\":\"https:\\\/\\\/diariodeloeste.com\\\/noticias\\\/2017\\\/05\\\/03\\\/cristina-ortega-la-sociedad-de-fomentolos-paraisos-debe-volver-a-manos-de-sus-vecinos\\\/#primaryimage\",\"url\":\"https:\\\/\\\/diariodeloeste.com\\\/noticias\\\/wp-content\\\/uploads\\\/2017\\\/05\\\/paraisosx.jpg\",\"contentUrl\":\"https:\\\/\\\/diariodeloeste.com\\\/noticias\\\/wp-content\\\/uploads\\\/2017\\\/05\\\/paraisosx.jpg\",\"width\":1280,\"height\":720},{\"@type\":\"BreadcrumbList\",\"@id\":\"https:\\\/\\\/diariodeloeste.com\\\/noticias\\\/2017\\\/05\\\/03\\\/cristina-ortega-la-sociedad-de-fomentolos-paraisos-debe-volver-a-manos-de-sus-vecinos\\\/#breadcrumb\",\"itemListElement\":[{\"@type\":\"ListItem\",\"position\":1,\"name\":\"Inicio\",\"item\":\"https:\\\/\\\/diariodeloeste.com\\\/noticias\\\/\"},{\"@type\":\"ListItem\",\"position\":2,\"name\":\"Cristina Ortega: La Sociedad de Fomento&#8221;Los Para\u00edsos&#8221; debe volver a manos de sus vecinos\"}]},{\"@type\":\"WebSite\",\"@id\":\"https:\\\/\\\/diariodeloeste.com\\\/noticias\\\/#website\",\"url\":\"https:\\\/\\\/diariodeloeste.com\\\/noticias\\\/\",\"name\":\"Diario del Oeste\",\"description\":\"Noticias del Oeste\",\"publisher\":{\"@id\":\"https:\\\/\\\/diariodeloeste.com\\\/noticias\\\/#organization\"},\"potentialAction\":[{\"@type\":\"SearchAction\",\"target\":{\"@type\":\"EntryPoint\",\"urlTemplate\":\"https:\\\/\\\/diariodeloeste.com\\\/noticias\\\/?s={search_term_string}\"},\"query-input\":{\"@type\":\"PropertyValueSpecification\",\"valueRequired\":true,\"valueName\":\"search_term_string\"}}],\"inLanguage\":\"es-AR\"},{\"@type\":\"Organization\",\"@id\":\"https:\\\/\\\/diariodeloeste.com\\\/noticias\\\/#organization\",\"name\":\"Diario del Oeste\",\"url\":\"https:\\\/\\\/diariodeloeste.com\\\/noticias\\\/\",\"logo\":{\"@type\":\"ImageObject\",\"inLanguage\":\"es-AR\",\"@id\":\"https:\\\/\\\/diariodeloeste.com\\\/noticias\\\/#\\\/schema\\\/logo\\\/image\\\/\",\"url\":\"https:\\\/\\\/diariodeloeste.com\\\/noticias\\\/wp-content\\\/uploads\\\/2019\\\/04\\\/logo.png\",\"contentUrl\":\"https:\\\/\\\/diariodeloeste.com\\\/noticias\\\/wp-content\\\/uploads\\\/2019\\\/04\\\/logo.png\",\"width\":306,\"height\":145,\"caption\":\"Diario del Oeste\"},\"image\":{\"@id\":\"https:\\\/\\\/diariodeloeste.com\\\/noticias\\\/#\\\/schema\\\/logo\\\/image\\\/\"}},{\"@type\":\"Person\",\"@id\":\"https:\\\/\\\/diariodeloeste.com\\\/noticias\\\/#\\\/schema\\\/person\\\/1f7be965f8c093432e1cbfcee0ac4047\",\"name\":\"Redaccion\",\"image\":{\"@type\":\"ImageObject\",\"inLanguage\":\"es-AR\",\"@id\":\"https:\\\/\\\/secure.gravatar.com\\\/avatar\\\/f9bc3a12e26b32d818d88f9a5b61de20b559752e499df507efa7ea3cea0550ef?s=96&d=mm&r=g\",\"url\":\"https:\\\/\\\/secure.gravatar.com\\\/avatar\\\/f9bc3a12e26b32d818d88f9a5b61de20b559752e499df507efa7ea3cea0550ef?s=96&d=mm&r=g\",\"contentUrl\":\"https:\\\/\\\/secure.gravatar.com\\\/avatar\\\/f9bc3a12e26b32d818d88f9a5b61de20b559752e499df507efa7ea3cea0550ef?s=96&d=mm&r=g\",\"caption\":\"Redaccion\"},\"url\":\"https:\\\/\\\/diariodeloeste.com\\\/noticias\\\/author\\\/redaccion\\\/\"}]}<\/script>\n<!-- \/ Yoast SEO plugin. -->","yoast_head_json":{"title":"Cristina Ortega: La Sociedad de Fomento\"Los Para\u00edsos\" debe volver a manos de sus vecinos - Diario del Oeste","robots":{"index":"index","follow":"follow","max-snippet":"max-snippet:-1","max-image-preview":"max-image-preview:large","max-video-preview":"max-video-preview:-1"},"canonical":"https:\/\/diariodeloeste.com\/noticias\/2017\/05\/03\/cristina-ortega-la-sociedad-de-fomentolos-paraisos-debe-volver-a-manos-de-sus-vecinos\/","og_locale":"es_ES","og_type":"article","og_title":"Cristina Ortega: La Sociedad de Fomento\"Los Para\u00edsos\" debe volver a manos de sus vecinos - Diario del Oeste","og_description":"En los \u00faltimos d\u00edas visitamos a los vecinos de la Sociedad de Fomento \u201cLos Paraisos\u201d, ubicada en Genova y Belgrano, del barrio Los Paraisos, Santa Mar\u00eda, en el Oeste de San Miguel. Nos encontramos con un panorama bastante triste. All\u00ed deber\u00eda funcionar una Sociedad de Fomento cuyo objetivo ser\u00eda el de cumplir una funci\u00f3n social [&hellip;]","og_url":"https:\/\/diariodeloeste.com\/noticias\/2017\/05\/03\/cristina-ortega-la-sociedad-de-fomentolos-paraisos-debe-volver-a-manos-de-sus-vecinos\/","og_site_name":"Diario del Oeste","article_published_time":"2017-05-03T02:52:35+00:00","og_image":[{"width":1280,"height":720,"url":"https:\/\/diariodeloeste.com\/noticias\/wp-content\/uploads\/2017\/05\/paraisosx.jpg","type":"image\/jpeg"}],"author":"Redaccion","twitter_card":"summary_large_image","twitter_misc":{"Escrito por":"Redaccion","Tiempo de lectura":"2 minutos"},"schema":{"@context":"https:\/\/schema.org","@graph":[{"@type":"Article","@id":"https:\/\/diariodeloeste.com\/noticias\/2017\/05\/03\/cristina-ortega-la-sociedad-de-fomentolos-paraisos-debe-volver-a-manos-de-sus-vecinos\/#article","isPartOf":{"@id":"https:\/\/diariodeloeste.com\/noticias\/2017\/05\/03\/cristina-ortega-la-sociedad-de-fomentolos-paraisos-debe-volver-a-manos-de-sus-vecinos\/"},"author":{"name":"Redaccion","@id":"https:\/\/diariodeloeste.com\/noticias\/#\/schema\/person\/1f7be965f8c093432e1cbfcee0ac4047"},"headline":"Cristina Ortega: La Sociedad de Fomento&#8221;Los Para\u00edsos&#8221; debe volver a manos de sus vecinos","datePublished":"2017-05-03T02:52:35+00:00","mainEntityOfPage":{"@id":"https:\/\/diariodeloeste.com\/noticias\/2017\/05\/03\/cristina-ortega-la-sociedad-de-fomentolos-paraisos-debe-volver-a-manos-de-sus-vecinos\/"},"wordCount":505,"publisher":{"@id":"https:\/\/diariodeloeste.com\/noticias\/#organization"},"image":{"@id":"https:\/\/diariodeloeste.com\/noticias\/2017\/05\/03\/cristina-ortega-la-sociedad-de-fomentolos-paraisos-debe-volver-a-manos-de-sus-vecinos\/#primaryimage"},"thumbnailUrl":"https:\/\/diariodeloeste.com\/noticias\/wp-content\/uploads\/2017\/05\/paraisosx.jpg","articleSection":["Pol\u00edtica","Titulares"],"inLanguage":"es-AR"},{"@type":"WebPage","@id":"https:\/\/diariodeloeste.com\/noticias\/2017\/05\/03\/cristina-ortega-la-sociedad-de-fomentolos-paraisos-debe-volver-a-manos-de-sus-vecinos\/","url":"https:\/\/diariodeloeste.com\/noticias\/2017\/05\/03\/cristina-ortega-la-sociedad-de-fomentolos-paraisos-debe-volver-a-manos-de-sus-vecinos\/","name":"Cristina Ortega: La Sociedad de Fomento\"Los Para\u00edsos\" debe volver a manos de sus vecinos - Diario del Oeste","isPartOf":{"@id":"https:\/\/diariodeloeste.com\/noticias\/#website"},"primaryImageOfPage":{"@id":"https:\/\/diariodeloeste.com\/noticias\/2017\/05\/03\/cristina-ortega-la-sociedad-de-fomentolos-paraisos-debe-volver-a-manos-de-sus-vecinos\/#primaryimage"},"image":{"@id":"https:\/\/diariodeloeste.com\/noticias\/2017\/05\/03\/cristina-ortega-la-sociedad-de-fomentolos-paraisos-debe-volver-a-manos-de-sus-vecinos\/#primaryimage"},"thumbnailUrl":"https:\/\/diariodeloeste.com\/noticias\/wp-content\/uploads\/2017\/05\/paraisosx.jpg","datePublished":"2017-05-03T02:52:35+00:00","breadcrumb":{"@id":"https:\/\/diariodeloeste.com\/noticias\/2017\/05\/03\/cristina-ortega-la-sociedad-de-fomentolos-paraisos-debe-volver-a-manos-de-sus-vecinos\/#breadcrumb"},"inLanguage":"es-AR","potentialAction":[{"@type":"ReadAction","target":["https:\/\/diariodeloeste.com\/noticias\/2017\/05\/03\/cristina-ortega-la-sociedad-de-fomentolos-paraisos-debe-volver-a-manos-de-sus-vecinos\/"]}]},{"@type":"ImageObject","inLanguage":"es-AR","@id":"https:\/\/diariodeloeste.com\/noticias\/2017\/05\/03\/cristina-ortega-la-sociedad-de-fomentolos-paraisos-debe-volver-a-manos-de-sus-vecinos\/#primaryimage","url":"https:\/\/diariodeloeste.com\/noticias\/wp-content\/uploads\/2017\/05\/paraisosx.jpg","contentUrl":"https:\/\/diariodeloeste.com\/noticias\/wp-content\/uploads\/2017\/05\/paraisosx.jpg","width":1280,"height":720},{"@type":"BreadcrumbList","@id":"https:\/\/diariodeloeste.com\/noticias\/2017\/05\/03\/cristina-ortega-la-sociedad-de-fomentolos-paraisos-debe-volver-a-manos-de-sus-vecinos\/#breadcrumb","itemListElement":[{"@type":"ListItem","position":1,"name":"Inicio","item":"https:\/\/diariodeloeste.com\/noticias\/"},{"@type":"ListItem","position":2,"name":"Cristina Ortega: La Sociedad de Fomento&#8221;Los Para\u00edsos&#8221; debe volver a manos de sus vecinos"}]},{"@type":"WebSite","@id":"https:\/\/diariodeloeste.com\/noticias\/#website","url":"https:\/\/diariodeloeste.com\/noticias\/","name":"Diario del Oeste","description":"Noticias del Oeste","publisher":{"@id":"https:\/\/diariodeloeste.com\/noticias\/#organization"},"potentialAction":[{"@type":"SearchAction","target":{"@type":"EntryPoint","urlTemplate":"https:\/\/diariodeloeste.com\/noticias\/?s={search_term_string}"},"query-input":{"@type":"PropertyValueSpecification","valueRequired":true,"valueName":"search_term_string"}}],"inLanguage":"es-AR"},{"@type":"Organization","@id":"https:\/\/diariodeloeste.com\/noticias\/#organization","name":"Diario del Oeste","url":"https:\/\/diariodeloeste.com\/noticias\/","logo":{"@type":"ImageObject","inLanguage":"es-AR","@id":"https:\/\/diariodeloeste.com\/noticias\/#\/schema\/logo\/image\/","url":"https:\/\/diariodeloeste.com\/noticias\/wp-content\/uploads\/2019\/04\/logo.png","contentUrl":"https:\/\/diariodeloeste.com\/noticias\/wp-content\/uploads\/2019\/04\/logo.png","width":306,"height":145,"caption":"Diario del Oeste"},"image":{"@id":"https:\/\/diariodeloeste.com\/noticias\/#\/schema\/logo\/image\/"}},{"@type":"Person","@id":"https:\/\/diariodeloeste.com\/noticias\/#\/schema\/person\/1f7be965f8c093432e1cbfcee0ac4047","name":"Redaccion","image":{"@type":"ImageObject","inLanguage":"es-AR","@id":"https:\/\/secure.gravatar.com\/avatar\/f9bc3a12e26b32d818d88f9a5b61de20b559752e499df507efa7ea3cea0550ef?s=96&d=mm&r=g","url":"https:\/\/secure.gravatar.com\/avatar\/f9bc3a12e26b32d818d88f9a5b61de20b559752e499df507efa7ea3cea0550ef?s=96&d=mm&r=g","contentUrl":"https:\/\/secure.gravatar.com\/avatar\/f9bc3a12e26b32d818d88f9a5b61de20b559752e499df507efa7ea3cea0550ef?s=96&d=mm&r=g","caption":"Redaccion"},"url":"https:\/\/diariodeloeste.com\/noticias\/author\/redaccion\/"}]}},"_links":{"self":[{"href":"https:\/\/diariodeloeste.com\/noticias\/wp-json\/wp\/v2\/posts\/590","targetHints":{"allow":["GET"]}}],"collection":[{"href":"https:\/\/diariodeloeste.com\/noticias\/wp-json\/wp\/v2\/posts"}],"about":[{"href":"https:\/\/diariodeloeste.com\/noticias\/wp-json\/wp\/v2\/types\/post"}],"author":[{"embeddable":true,"href":"https:\/\/diariodeloeste.com\/noticias\/wp-json\/wp\/v2\/users\/3"}],"replies":[{"embeddable":true,"href":"https:\/\/diariodeloeste.com\/noticias\/wp-json\/wp\/v2\/comments?post=590"}],"version-history":[{"count":1,"href":"https:\/\/diariodeloeste.com\/noticias\/wp-json\/wp\/v2\/posts\/590\/revisions"}],"predecessor-version":[{"id":601,"href":"https:\/\/diariodeloeste.com\/noticias\/wp-json\/wp\/v2\/posts\/590\/revisions\/601"}],"wp:featuredmedia":[{"embeddable":true,"href":"https:\/\/diariodeloeste.com\/noticias\/wp-json\/wp\/v2\/media\/600"}],"wp:attachment":[{"href":"https:\/\/diariodeloeste.com\/noticias\/wp-json\/wp\/v2\/media?parent=590"}],"wp:term":[{"taxonomy":"category","embeddable":true,"href":"https:\/\/diariodeloeste.com\/noticias\/wp-json\/wp\/v2\/categories?post=590"},{"taxonomy":"post_tag","embeddable":true,"href":"https:\/\/diariodeloeste.com\/noticias\/wp-json\/wp\/v2\/tags?post=590"}],"curies":[{"name":"wp","href":"https:\/\/api.w.org\/{rel}","templated":true}]}}