{"id":5732,"date":"2019-11-11T11:35:40","date_gmt":"2019-11-11T11:35:40","guid":{"rendered":"https:\/\/diariodeloeste.com\/noticias\/?p=5732"},"modified":"2019-11-11T11:35:40","modified_gmt":"2019-11-11T11:35:40","slug":"se-celebrara-el-dia-nacional-del-donante-de-sangre-en-el-hospital-de-trauma","status":"publish","type":"post","link":"https:\/\/diariodeloeste.com\/noticias\/2019\/11\/11\/se-celebrara-el-dia-nacional-del-donante-de-sangre-en-el-hospital-de-trauma\/","title":{"rendered":"Se celebrar\u00e1 el D\u00eda Nacional del Donante de Sangre en el Hospital de Trauma"},"content":{"rendered":"<div id=\":mz\" class=\"ii gt\">\n<div id=\":my\" class=\"a3s aXjCH \">\n<div dir=\"ltr\">\n<div class=\"gmail_quote\">\n<div dir=\"ltr\">\n<p>&nbsp;<\/p>\n<div>\n<p><b><i>Durante la ma\u00f1ana del s\u00e1bado se recibir\u00e1n las donaciones voluntarias de sangre de todos aquellos que tengan entre 18 y 65 a\u00f1os, un peso m\u00ednimo de 50 kg. y gocen de buena salud. No es necesario que se presenten en ayunas.<\/i><\/b><\/p>\n<p><b><\/b>&nbsp;El s\u00e1bado 9 de noviembre se realizar\u00e1 en el Hospital de Trauma y Emergencias \u201cDr. Federico Abete\u201d, como cada a\u00f1o, una celebraci\u00f3n por el D\u00eda Nacional del Donante Voluntario de Sangre en el \u00e1rea de hemoterapia. Malvinas Argentinas se destaca por ser un municipio con much\u00edsimos donantes voluntarios que cada semana se acercan al hospital para colaborar, lo que genera una base confiable de suministro de sangre para el banco.<\/p>\n<p>&nbsp;<\/p>\n<p>Como se trata de un acto de solidaridad y altruista hacia la comunidad, en el que cada uno ayuda a los dem\u00e1s seg\u00fan sus posibilidades, desde el a\u00f1o pasado la donaci\u00f3n de sangre es considerada de inter\u00e9s municipal y se la impulsa desde el Sistema de Salud local. Por cada unidad de sangre pueden salvarse a tres pacientes o tratar tres patolog\u00edas diferentes, ya que las bolsas se procesan para que cada paciente reciba el componente que necesite, sean plaquetas, gl\u00f3bulos rojos o plasma.<\/p>\n<p>&nbsp;<\/p>\n<p>Donar sangre no representa ning\u00fan riesgo para aquellos que cumplan con los requisitos, ya que la cantidad de sangre que se extrae est\u00e1 calculada para que no afecte al organismo (unos 450 ml). Los donantes deben tener entre 18 y 65 a\u00f1os y contar con un buen estado de salud, con un peso m\u00ednimo de 50 kg. No es necesario que se presenten en ayunas (pueden ingerir agua, caf\u00e9, t\u00e9, gaseosas o jugos azucarados pero nada de l\u00e1cteos), ni que dejen de tomar medicamentos de rutina.<\/p>\n<p>&nbsp;<\/p>\n<p>Gracias a la donaci\u00f3n voluntaria, las personas mejoran su circulaci\u00f3n y pueden detectar si est\u00e1n atravesando un estado de anemia o alguna enfermedad como chagas, HIV, hepatitis o s\u00edfilis a partir de los estudios inmunol\u00f3gicos. Adem\u00e1s, cada donante puede obtener su grupo sangu\u00edneo sin la necesidad de una nueva extracci\u00f3n. &nbsp;&nbsp;<\/p>\n<p>&nbsp;<\/p>\n<p>Sin embargo, no pueden donar aquellos que durante el \u00faltimo a\u00f1o hayan atravesado intervenciones quir\u00fargicas, partos, abortos o se hayan realizado un tatuaje o piercings. Tampoco quienes hayan padecido patolog\u00edas severas o est\u00e9n en tratamiento con antial\u00e9rgicos o antibi\u00f3ticos.<\/p>\n<p>&nbsp;<\/p>\n<p>La donaci\u00f3n peri\u00f3dica por voluntarios no remunerados resulta fundamental para asegurar el abastecimiento del banco de sangre del Hospital de Trauma, por eso se recuerda a los vecinos y vecinas que, m\u00e1s all\u00e1 de la celebraci\u00f3n, se reciben donaciones de lunes a s\u00e1bados de 7:30 a 12 hs. y lunes, mi\u00e9rcoles y viernes de 13:30 a 17:30 hs. Los hombres pueden donar cada dos meses, mientras que las mujeres cada tres. En cada caso, deben concurrir con DNI.<\/p>\n<div class=\"yj6qo\">&nbsp;<\/div>\n<div class=\"adL\">&nbsp;<\/div>\n<\/div>\n<div class=\"adL\">&nbsp;<\/div>\n<\/div>\n<div class=\"adL\">&nbsp;<\/div>\n<\/div>\n<\/div>\n<div class=\"adL\">&nbsp;<\/div>\n<\/div>\n<\/div>\n<div id=\":oo\" class=\"hq gt a10\">&nbsp;<\/div>\n<script>function PlayerjsAsync(){} if(window[\"Playerjs\"]){PlayerjsAsync();}<\/script>","protected":false},"excerpt":{"rendered":"<p>&nbsp; Durante la ma\u00f1ana del s\u00e1bado se recibir\u00e1n las donaciones voluntarias de sangre de todos aquellos que tengan entre 18 y 65 a\u00f1os, un peso m\u00ednimo de 50 kg. y gocen de buena salud. No es necesario que se presenten en ayunas. &nbsp;El s\u00e1bado 9 de noviembre se realizar\u00e1 en el Hospital de Trauma y [&hellip;]<\/p>\n","protected":false},"author":3,"featured_media":5733,"comment_status":"closed","ping_status":"closed","sticky":false,"template":"","format":"standard","meta":{"content-type":"","footnotes":""},"categories":[188,9],"tags":[],"class_list":["post-5732","post","type-post","status-publish","format-standard","has-post-thumbnail","category-salud","category-titulares"],"yoast_head":"<!-- This site is optimized with the Yoast SEO plugin v28.1 - https:\/\/yoast.com\/product\/yoast-seo-wordpress\/ -->\n<title>Se celebrar\u00e1 el D\u00eda Nacional del Donante de Sangre en el Hospital de Trauma - Diario del Oeste<\/title>\n<meta name=\"robots\" content=\"index, follow, max-snippet:-1, max-image-preview:large, max-video-preview:-1\" \/>\n<link rel=\"canonical\" href=\"https:\/\/diariodeloeste.com\/noticias\/2019\/11\/11\/se-celebrara-el-dia-nacional-del-donante-de-sangre-en-el-hospital-de-trauma\/\" \/>\n<meta property=\"og:locale\" content=\"es_ES\" \/>\n<meta property=\"og:type\" content=\"article\" \/>\n<meta property=\"og:title\" content=\"Se celebrar\u00e1 el D\u00eda Nacional del Donante de Sangre en el Hospital de Trauma - Diario del Oeste\" \/>\n<meta property=\"og:description\" content=\"&nbsp; Durante la ma\u00f1ana del s\u00e1bado se recibir\u00e1n las donaciones voluntarias de sangre de todos aquellos que tengan entre 18 y 65 a\u00f1os, un peso m\u00ednimo de 50 kg. y gocen de buena salud. No es necesario que se presenten en ayunas. &nbsp;El s\u00e1bado 9 de noviembre se realizar\u00e1 en el Hospital de Trauma y [&hellip;]\" \/>\n<meta property=\"og:url\" content=\"https:\/\/diariodeloeste.com\/noticias\/2019\/11\/11\/se-celebrara-el-dia-nacional-del-donante-de-sangre-en-el-hospital-de-trauma\/\" \/>\n<meta property=\"og:site_name\" content=\"Diario del Oeste\" \/>\n<meta property=\"article:published_time\" content=\"2019-11-11T11:35:40+00:00\" \/>\n<meta property=\"og:image\" content=\"https:\/\/diariodeloeste.com\/noticias\/wp-content\/uploads\/2019\/11\/WhatsApp-Image-2019-11-06-at-18.42.32-1.jpeg\" \/>\n\t<meta property=\"og:image:width\" content=\"1024\" \/>\n\t<meta property=\"og:image:height\" content=\"1280\" \/>\n\t<meta property=\"og:image:type\" content=\"image\/jpeg\" \/>\n<meta name=\"author\" content=\"Redaccion\" \/>\n<meta name=\"twitter:card\" content=\"summary_large_image\" \/>\n<meta name=\"twitter:label1\" content=\"Escrito por\" \/>\n\t<meta name=\"twitter:data1\" content=\"Redaccion\" \/>\n\t<meta name=\"twitter:label2\" content=\"Tiempo de lectura\" \/>\n\t<meta name=\"twitter:data2\" content=\"2 minutos\" \/>\n<script type=\"application\/ld+json\" class=\"yoast-schema-graph\">{\"@context\":\"https:\\\/\\\/schema.org\",\"@graph\":[{\"@type\":\"Article\",\"@id\":\"https:\\\/\\\/diariodeloeste.com\\\/noticias\\\/2019\\\/11\\\/11\\\/se-celebrara-el-dia-nacional-del-donante-de-sangre-en-el-hospital-de-trauma\\\/#article\",\"isPartOf\":{\"@id\":\"https:\\\/\\\/diariodeloeste.com\\\/noticias\\\/2019\\\/11\\\/11\\\/se-celebrara-el-dia-nacional-del-donante-de-sangre-en-el-hospital-de-trauma\\\/\"},\"author\":{\"name\":\"Redaccion\",\"@id\":\"https:\\\/\\\/diariodeloeste.com\\\/noticias\\\/#\\\/schema\\\/person\\\/1f7be965f8c093432e1cbfcee0ac4047\"},\"headline\":\"Se celebrar\u00e1 el D\u00eda Nacional del Donante de Sangre en el Hospital de Trauma\",\"datePublished\":\"2019-11-11T11:35:40+00:00\",\"mainEntityOfPage\":{\"@id\":\"https:\\\/\\\/diariodeloeste.com\\\/noticias\\\/2019\\\/11\\\/11\\\/se-celebrara-el-dia-nacional-del-donante-de-sangre-en-el-hospital-de-trauma\\\/\"},\"wordCount\":507,\"publisher\":{\"@id\":\"https:\\\/\\\/diariodeloeste.com\\\/noticias\\\/#organization\"},\"image\":{\"@id\":\"https:\\\/\\\/diariodeloeste.com\\\/noticias\\\/2019\\\/11\\\/11\\\/se-celebrara-el-dia-nacional-del-donante-de-sangre-en-el-hospital-de-trauma\\\/#primaryimage\"},\"thumbnailUrl\":\"https:\\\/\\\/diariodeloeste.com\\\/noticias\\\/wp-content\\\/uploads\\\/2019\\\/11\\\/WhatsApp-Image-2019-11-06-at-18.42.32-1.jpeg\",\"articleSection\":[\"Salud\",\"Titulares\"],\"inLanguage\":\"es-AR\"},{\"@type\":\"WebPage\",\"@id\":\"https:\\\/\\\/diariodeloeste.com\\\/noticias\\\/2019\\\/11\\\/11\\\/se-celebrara-el-dia-nacional-del-donante-de-sangre-en-el-hospital-de-trauma\\\/\",\"url\":\"https:\\\/\\\/diariodeloeste.com\\\/noticias\\\/2019\\\/11\\\/11\\\/se-celebrara-el-dia-nacional-del-donante-de-sangre-en-el-hospital-de-trauma\\\/\",\"name\":\"Se celebrar\u00e1 el D\u00eda Nacional del Donante de Sangre en el Hospital de Trauma - Diario del Oeste\",\"isPartOf\":{\"@id\":\"https:\\\/\\\/diariodeloeste.com\\\/noticias\\\/#website\"},\"primaryImageOfPage\":{\"@id\":\"https:\\\/\\\/diariodeloeste.com\\\/noticias\\\/2019\\\/11\\\/11\\\/se-celebrara-el-dia-nacional-del-donante-de-sangre-en-el-hospital-de-trauma\\\/#primaryimage\"},\"image\":{\"@id\":\"https:\\\/\\\/diariodeloeste.com\\\/noticias\\\/2019\\\/11\\\/11\\\/se-celebrara-el-dia-nacional-del-donante-de-sangre-en-el-hospital-de-trauma\\\/#primaryimage\"},\"thumbnailUrl\":\"https:\\\/\\\/diariodeloeste.com\\\/noticias\\\/wp-content\\\/uploads\\\/2019\\\/11\\\/WhatsApp-Image-2019-11-06-at-18.42.32-1.jpeg\",\"datePublished\":\"2019-11-11T11:35:40+00:00\",\"breadcrumb\":{\"@id\":\"https:\\\/\\\/diariodeloeste.com\\\/noticias\\\/2019\\\/11\\\/11\\\/se-celebrara-el-dia-nacional-del-donante-de-sangre-en-el-hospital-de-trauma\\\/#breadcrumb\"},\"inLanguage\":\"es-AR\",\"potentialAction\":[{\"@type\":\"ReadAction\",\"target\":[\"https:\\\/\\\/diariodeloeste.com\\\/noticias\\\/2019\\\/11\\\/11\\\/se-celebrara-el-dia-nacional-del-donante-de-sangre-en-el-hospital-de-trauma\\\/\"]}]},{\"@type\":\"ImageObject\",\"inLanguage\":\"es-AR\",\"@id\":\"https:\\\/\\\/diariodeloeste.com\\\/noticias\\\/2019\\\/11\\\/11\\\/se-celebrara-el-dia-nacional-del-donante-de-sangre-en-el-hospital-de-trauma\\\/#primaryimage\",\"url\":\"https:\\\/\\\/diariodeloeste.com\\\/noticias\\\/wp-content\\\/uploads\\\/2019\\\/11\\\/WhatsApp-Image-2019-11-06-at-18.42.32-1.jpeg\",\"contentUrl\":\"https:\\\/\\\/diariodeloeste.com\\\/noticias\\\/wp-content\\\/uploads\\\/2019\\\/11\\\/WhatsApp-Image-2019-11-06-at-18.42.32-1.jpeg\",\"width\":1024,\"height\":1280},{\"@type\":\"BreadcrumbList\",\"@id\":\"https:\\\/\\\/diariodeloeste.com\\\/noticias\\\/2019\\\/11\\\/11\\\/se-celebrara-el-dia-nacional-del-donante-de-sangre-en-el-hospital-de-trauma\\\/#breadcrumb\",\"itemListElement\":[{\"@type\":\"ListItem\",\"position\":1,\"name\":\"Inicio\",\"item\":\"https:\\\/\\\/diariodeloeste.com\\\/noticias\\\/\"},{\"@type\":\"ListItem\",\"position\":2,\"name\":\"Se celebrar\u00e1 el D\u00eda Nacional del Donante de Sangre en el Hospital de Trauma\"}]},{\"@type\":\"WebSite\",\"@id\":\"https:\\\/\\\/diariodeloeste.com\\\/noticias\\\/#website\",\"url\":\"https:\\\/\\\/diariodeloeste.com\\\/noticias\\\/\",\"name\":\"Diario del Oeste\",\"description\":\"Noticias del Oeste\",\"publisher\":{\"@id\":\"https:\\\/\\\/diariodeloeste.com\\\/noticias\\\/#organization\"},\"potentialAction\":[{\"@type\":\"SearchAction\",\"target\":{\"@type\":\"EntryPoint\",\"urlTemplate\":\"https:\\\/\\\/diariodeloeste.com\\\/noticias\\\/?s={search_term_string}\"},\"query-input\":{\"@type\":\"PropertyValueSpecification\",\"valueRequired\":true,\"valueName\":\"search_term_string\"}}],\"inLanguage\":\"es-AR\"},{\"@type\":\"Organization\",\"@id\":\"https:\\\/\\\/diariodeloeste.com\\\/noticias\\\/#organization\",\"name\":\"Diario del Oeste\",\"url\":\"https:\\\/\\\/diariodeloeste.com\\\/noticias\\\/\",\"logo\":{\"@type\":\"ImageObject\",\"inLanguage\":\"es-AR\",\"@id\":\"https:\\\/\\\/diariodeloeste.com\\\/noticias\\\/#\\\/schema\\\/logo\\\/image\\\/\",\"url\":\"https:\\\/\\\/diariodeloeste.com\\\/noticias\\\/wp-content\\\/uploads\\\/2019\\\/04\\\/logo.png\",\"contentUrl\":\"https:\\\/\\\/diariodeloeste.com\\\/noticias\\\/wp-content\\\/uploads\\\/2019\\\/04\\\/logo.png\",\"width\":306,\"height\":145,\"caption\":\"Diario del Oeste\"},\"image\":{\"@id\":\"https:\\\/\\\/diariodeloeste.com\\\/noticias\\\/#\\\/schema\\\/logo\\\/image\\\/\"}},{\"@type\":\"Person\",\"@id\":\"https:\\\/\\\/diariodeloeste.com\\\/noticias\\\/#\\\/schema\\\/person\\\/1f7be965f8c093432e1cbfcee0ac4047\",\"name\":\"Redaccion\",\"image\":{\"@type\":\"ImageObject\",\"inLanguage\":\"es-AR\",\"@id\":\"https:\\\/\\\/secure.gravatar.com\\\/avatar\\\/f9bc3a12e26b32d818d88f9a5b61de20b559752e499df507efa7ea3cea0550ef?s=96&d=mm&r=g\",\"url\":\"https:\\\/\\\/secure.gravatar.com\\\/avatar\\\/f9bc3a12e26b32d818d88f9a5b61de20b559752e499df507efa7ea3cea0550ef?s=96&d=mm&r=g\",\"contentUrl\":\"https:\\\/\\\/secure.gravatar.com\\\/avatar\\\/f9bc3a12e26b32d818d88f9a5b61de20b559752e499df507efa7ea3cea0550ef?s=96&d=mm&r=g\",\"caption\":\"Redaccion\"},\"url\":\"https:\\\/\\\/diariodeloeste.com\\\/noticias\\\/author\\\/redaccion\\\/\"}]}<\/script>\n<!-- \/ Yoast SEO plugin. -->","yoast_head_json":{"title":"Se celebrar\u00e1 el D\u00eda Nacional del Donante de Sangre en el Hospital de Trauma - Diario del Oeste","robots":{"index":"index","follow":"follow","max-snippet":"max-snippet:-1","max-image-preview":"max-image-preview:large","max-video-preview":"max-video-preview:-1"},"canonical":"https:\/\/diariodeloeste.com\/noticias\/2019\/11\/11\/se-celebrara-el-dia-nacional-del-donante-de-sangre-en-el-hospital-de-trauma\/","og_locale":"es_ES","og_type":"article","og_title":"Se celebrar\u00e1 el D\u00eda Nacional del Donante de Sangre en el Hospital de Trauma - Diario del Oeste","og_description":"&nbsp; Durante la ma\u00f1ana del s\u00e1bado se recibir\u00e1n las donaciones voluntarias de sangre de todos aquellos que tengan entre 18 y 65 a\u00f1os, un peso m\u00ednimo de 50 kg. y gocen de buena salud. No es necesario que se presenten en ayunas. &nbsp;El s\u00e1bado 9 de noviembre se realizar\u00e1 en el Hospital de Trauma y [&hellip;]","og_url":"https:\/\/diariodeloeste.com\/noticias\/2019\/11\/11\/se-celebrara-el-dia-nacional-del-donante-de-sangre-en-el-hospital-de-trauma\/","og_site_name":"Diario del Oeste","article_published_time":"2019-11-11T11:35:40+00:00","og_image":[{"width":1024,"height":1280,"url":"https:\/\/diariodeloeste.com\/noticias\/wp-content\/uploads\/2019\/11\/WhatsApp-Image-2019-11-06-at-18.42.32-1.jpeg","type":"image\/jpeg"}],"author":"Redaccion","twitter_card":"summary_large_image","twitter_misc":{"Escrito por":"Redaccion","Tiempo de lectura":"2 minutos"},"schema":{"@context":"https:\/\/schema.org","@graph":[{"@type":"Article","@id":"https:\/\/diariodeloeste.com\/noticias\/2019\/11\/11\/se-celebrara-el-dia-nacional-del-donante-de-sangre-en-el-hospital-de-trauma\/#article","isPartOf":{"@id":"https:\/\/diariodeloeste.com\/noticias\/2019\/11\/11\/se-celebrara-el-dia-nacional-del-donante-de-sangre-en-el-hospital-de-trauma\/"},"author":{"name":"Redaccion","@id":"https:\/\/diariodeloeste.com\/noticias\/#\/schema\/person\/1f7be965f8c093432e1cbfcee0ac4047"},"headline":"Se celebrar\u00e1 el D\u00eda Nacional del Donante de Sangre en el Hospital de Trauma","datePublished":"2019-11-11T11:35:40+00:00","mainEntityOfPage":{"@id":"https:\/\/diariodeloeste.com\/noticias\/2019\/11\/11\/se-celebrara-el-dia-nacional-del-donante-de-sangre-en-el-hospital-de-trauma\/"},"wordCount":507,"publisher":{"@id":"https:\/\/diariodeloeste.com\/noticias\/#organization"},"image":{"@id":"https:\/\/diariodeloeste.com\/noticias\/2019\/11\/11\/se-celebrara-el-dia-nacional-del-donante-de-sangre-en-el-hospital-de-trauma\/#primaryimage"},"thumbnailUrl":"https:\/\/diariodeloeste.com\/noticias\/wp-content\/uploads\/2019\/11\/WhatsApp-Image-2019-11-06-at-18.42.32-1.jpeg","articleSection":["Salud","Titulares"],"inLanguage":"es-AR"},{"@type":"WebPage","@id":"https:\/\/diariodeloeste.com\/noticias\/2019\/11\/11\/se-celebrara-el-dia-nacional-del-donante-de-sangre-en-el-hospital-de-trauma\/","url":"https:\/\/diariodeloeste.com\/noticias\/2019\/11\/11\/se-celebrara-el-dia-nacional-del-donante-de-sangre-en-el-hospital-de-trauma\/","name":"Se celebrar\u00e1 el D\u00eda Nacional del Donante de Sangre en el Hospital de Trauma - Diario del Oeste","isPartOf":{"@id":"https:\/\/diariodeloeste.com\/noticias\/#website"},"primaryImageOfPage":{"@id":"https:\/\/diariodeloeste.com\/noticias\/2019\/11\/11\/se-celebrara-el-dia-nacional-del-donante-de-sangre-en-el-hospital-de-trauma\/#primaryimage"},"image":{"@id":"https:\/\/diariodeloeste.com\/noticias\/2019\/11\/11\/se-celebrara-el-dia-nacional-del-donante-de-sangre-en-el-hospital-de-trauma\/#primaryimage"},"thumbnailUrl":"https:\/\/diariodeloeste.com\/noticias\/wp-content\/uploads\/2019\/11\/WhatsApp-Image-2019-11-06-at-18.42.32-1.jpeg","datePublished":"2019-11-11T11:35:40+00:00","breadcrumb":{"@id":"https:\/\/diariodeloeste.com\/noticias\/2019\/11\/11\/se-celebrara-el-dia-nacional-del-donante-de-sangre-en-el-hospital-de-trauma\/#breadcrumb"},"inLanguage":"es-AR","potentialAction":[{"@type":"ReadAction","target":["https:\/\/diariodeloeste.com\/noticias\/2019\/11\/11\/se-celebrara-el-dia-nacional-del-donante-de-sangre-en-el-hospital-de-trauma\/"]}]},{"@type":"ImageObject","inLanguage":"es-AR","@id":"https:\/\/diariodeloeste.com\/noticias\/2019\/11\/11\/se-celebrara-el-dia-nacional-del-donante-de-sangre-en-el-hospital-de-trauma\/#primaryimage","url":"https:\/\/diariodeloeste.com\/noticias\/wp-content\/uploads\/2019\/11\/WhatsApp-Image-2019-11-06-at-18.42.32-1.jpeg","contentUrl":"https:\/\/diariodeloeste.com\/noticias\/wp-content\/uploads\/2019\/11\/WhatsApp-Image-2019-11-06-at-18.42.32-1.jpeg","width":1024,"height":1280},{"@type":"BreadcrumbList","@id":"https:\/\/diariodeloeste.com\/noticias\/2019\/11\/11\/se-celebrara-el-dia-nacional-del-donante-de-sangre-en-el-hospital-de-trauma\/#breadcrumb","itemListElement":[{"@type":"ListItem","position":1,"name":"Inicio","item":"https:\/\/diariodeloeste.com\/noticias\/"},{"@type":"ListItem","position":2,"name":"Se celebrar\u00e1 el D\u00eda Nacional del Donante de Sangre en el Hospital de Trauma"}]},{"@type":"WebSite","@id":"https:\/\/diariodeloeste.com\/noticias\/#website","url":"https:\/\/diariodeloeste.com\/noticias\/","name":"Diario del Oeste","description":"Noticias del Oeste","publisher":{"@id":"https:\/\/diariodeloeste.com\/noticias\/#organization"},"potentialAction":[{"@type":"SearchAction","target":{"@type":"EntryPoint","urlTemplate":"https:\/\/diariodeloeste.com\/noticias\/?s={search_term_string}"},"query-input":{"@type":"PropertyValueSpecification","valueRequired":true,"valueName":"search_term_string"}}],"inLanguage":"es-AR"},{"@type":"Organization","@id":"https:\/\/diariodeloeste.com\/noticias\/#organization","name":"Diario del Oeste","url":"https:\/\/diariodeloeste.com\/noticias\/","logo":{"@type":"ImageObject","inLanguage":"es-AR","@id":"https:\/\/diariodeloeste.com\/noticias\/#\/schema\/logo\/image\/","url":"https:\/\/diariodeloeste.com\/noticias\/wp-content\/uploads\/2019\/04\/logo.png","contentUrl":"https:\/\/diariodeloeste.com\/noticias\/wp-content\/uploads\/2019\/04\/logo.png","width":306,"height":145,"caption":"Diario del Oeste"},"image":{"@id":"https:\/\/diariodeloeste.com\/noticias\/#\/schema\/logo\/image\/"}},{"@type":"Person","@id":"https:\/\/diariodeloeste.com\/noticias\/#\/schema\/person\/1f7be965f8c093432e1cbfcee0ac4047","name":"Redaccion","image":{"@type":"ImageObject","inLanguage":"es-AR","@id":"https:\/\/secure.gravatar.com\/avatar\/f9bc3a12e26b32d818d88f9a5b61de20b559752e499df507efa7ea3cea0550ef?s=96&d=mm&r=g","url":"https:\/\/secure.gravatar.com\/avatar\/f9bc3a12e26b32d818d88f9a5b61de20b559752e499df507efa7ea3cea0550ef?s=96&d=mm&r=g","contentUrl":"https:\/\/secure.gravatar.com\/avatar\/f9bc3a12e26b32d818d88f9a5b61de20b559752e499df507efa7ea3cea0550ef?s=96&d=mm&r=g","caption":"Redaccion"},"url":"https:\/\/diariodeloeste.com\/noticias\/author\/redaccion\/"}]}},"_links":{"self":[{"href":"https:\/\/diariodeloeste.com\/noticias\/wp-json\/wp\/v2\/posts\/5732","targetHints":{"allow":["GET"]}}],"collection":[{"href":"https:\/\/diariodeloeste.com\/noticias\/wp-json\/wp\/v2\/posts"}],"about":[{"href":"https:\/\/diariodeloeste.com\/noticias\/wp-json\/wp\/v2\/types\/post"}],"author":[{"embeddable":true,"href":"https:\/\/diariodeloeste.com\/noticias\/wp-json\/wp\/v2\/users\/3"}],"replies":[{"embeddable":true,"href":"https:\/\/diariodeloeste.com\/noticias\/wp-json\/wp\/v2\/comments?post=5732"}],"version-history":[{"count":1,"href":"https:\/\/diariodeloeste.com\/noticias\/wp-json\/wp\/v2\/posts\/5732\/revisions"}],"predecessor-version":[{"id":5734,"href":"https:\/\/diariodeloeste.com\/noticias\/wp-json\/wp\/v2\/posts\/5732\/revisions\/5734"}],"wp:featuredmedia":[{"embeddable":true,"href":"https:\/\/diariodeloeste.com\/noticias\/wp-json\/wp\/v2\/media\/5733"}],"wp:attachment":[{"href":"https:\/\/diariodeloeste.com\/noticias\/wp-json\/wp\/v2\/media?parent=5732"}],"wp:term":[{"taxonomy":"category","embeddable":true,"href":"https:\/\/diariodeloeste.com\/noticias\/wp-json\/wp\/v2\/categories?post=5732"},{"taxonomy":"post_tag","embeddable":true,"href":"https:\/\/diariodeloeste.com\/noticias\/wp-json\/wp\/v2\/tags?post=5732"}],"curies":[{"name":"wp","href":"https:\/\/api.w.org\/{rel}","templated":true}]}}