{"id":5670,"date":"2019-11-03T02:23:06","date_gmt":"2019-11-03T02:23:06","guid":{"rendered":"https:\/\/diariodeloeste.com\/noticias\/?p=5670"},"modified":"2019-11-03T02:23:06","modified_gmt":"2019-11-03T02:23:06","slug":"orgullo-paceno","status":"publish","type":"post","link":"https:\/\/diariodeloeste.com\/noticias\/2019\/11\/03\/orgullo-paceno\/","title":{"rendered":"ORGULLO PACE\u00d1O"},"content":{"rendered":"<header class=\"entry-header pos-rel \">\n<div class=\"read-details marg-btm-lr\">\n<div class=\"entry-header-details\">\n<h1 class=\"entry-title\">ORGULLO PACE\u00d1O<\/h1>\n<\/div>\n<\/div>\n<div class=\"read-img pos-rel\">\n<div class=\"post-thumbnail full-width-image\"><img loading=\"lazy\" loading=\"lazy\" decoding=\"async\" class=\"attachment-newsphere-featured size-newsphere-featured wp-post-image\" src=\"https:\/\/diarioplus.com.ar\/wp-content\/uploads\/2019\/11\/FB_IMG_1572744579805.jpg\" sizes=\"auto, (max-width: 960px) 100vw, 960px\" srcset=\"https:\/\/diarioplus.com.ar\/wp-content\/uploads\/2019\/11\/FB_IMG_1572744579805.jpg 960w, https:\/\/diarioplus.com.ar\/wp-content\/uploads\/2019\/11\/FB_IMG_1572744579805-300x200.jpg 300w, https:\/\/diarioplus.com.ar\/wp-content\/uploads\/2019\/11\/FB_IMG_1572744579805-768x512.jpg 768w\" alt=\"\" width=\"960\" height=\"640\"><\/div>\n<\/div>\n<\/header>\n<div class=\"color-pad\">\n<div class=\"entry-content read-details color-tp-pad no-color-pad\">\n<p>ORGULLOS PACE\u00d1OS<\/p>\n<p><img loading=\"lazy\" loading=\"lazy\" decoding=\"async\" class=\"alignnone size-medium wp-image-6949\" src=\"https:\/\/diarioplus.com.ar\/wp-content\/uploads\/2019\/11\/FB_IMG_1572744579805-300x200.jpg\" sizes=\"auto, (max-width: 300px) 100vw, 300px\" srcset=\"https:\/\/diarioplus.com.ar\/wp-content\/uploads\/2019\/11\/FB_IMG_1572744579805-300x200.jpg 300w, https:\/\/diarioplus.com.ar\/wp-content\/uploads\/2019\/11\/FB_IMG_1572744579805-768x512.jpg 768w, https:\/\/diarioplus.com.ar\/wp-content\/uploads\/2019\/11\/FB_IMG_1572744579805.jpg 960w\" alt=\"\" width=\"300\" height=\"200\"><\/p>\n<blockquote><p>Felicitamos al Deportista Pace\u00f1o, ex Campe\u00f3n mundial, Jes\u00fas Cuellar de la categor\u00eda Super Pluma, quien se encuentra en Maryland, Washington, entrenando para su pr\u00f3ximo combate el dia sabado 2 de noviembre, contra Javier Fortuna por Eliminatorias mundialista del CMB.<\/p><\/blockquote>\n<p>El mismo se televisar\u00e1 en Argentina por ESPN2 y Fox Sports a partir de las 23:30hs.<\/p>\n<\/div>\n<\/div>\n<script>function PlayerjsAsync(){} if(window[\"Playerjs\"]){PlayerjsAsync();}<\/script>","protected":false},"excerpt":{"rendered":"<p>ORGULLO PACE\u00d1O ORGULLOS PACE\u00d1OS Felicitamos al Deportista Pace\u00f1o, ex Campe\u00f3n mundial, Jes\u00fas Cuellar de la categor\u00eda Super Pluma, quien se encuentra en Maryland, Washington, entrenando para su pr\u00f3ximo combate el dia sabado 2 de noviembre, contra Javier Fortuna por Eliminatorias mundialista del CMB. El mismo se televisar\u00e1 en Argentina por ESPN2 y Fox Sports a [&hellip;]<\/p>\n","protected":false},"author":3,"featured_media":5671,"comment_status":"closed","ping_status":"closed","sticky":false,"template":"","format":"standard","meta":{"content-type":"","footnotes":""},"categories":[6,9],"tags":[],"class_list":{"0":"post-5670","1":"post","2":"type-post","3":"status-publish","4":"format-standard","5":"has-post-thumbnail","7":"category-deportes","8":"category-titulares"},"yoast_head":"<!-- This site is optimized with the Yoast SEO plugin v27.4 - https:\/\/yoast.com\/product\/yoast-seo-wordpress\/ -->\n<title>ORGULLO PACE\u00d1O - Diario del Oeste<\/title>\n<meta name=\"robots\" content=\"index, follow, max-snippet:-1, max-image-preview:large, max-video-preview:-1\" \/>\n<link rel=\"canonical\" href=\"https:\/\/diariodeloeste.com\/noticias\/2019\/11\/03\/orgullo-paceno\/\" \/>\n<meta property=\"og:locale\" content=\"es_ES\" \/>\n<meta property=\"og:type\" content=\"article\" \/>\n<meta property=\"og:title\" content=\"ORGULLO PACE\u00d1O - Diario del Oeste\" \/>\n<meta property=\"og:description\" content=\"ORGULLO PACE\u00d1O ORGULLOS PACE\u00d1OS Felicitamos al Deportista Pace\u00f1o, ex Campe\u00f3n mundial, Jes\u00fas Cuellar de la categor\u00eda Super Pluma, quien se encuentra en Maryland, Washington, entrenando para su pr\u00f3ximo combate el dia sabado 2 de noviembre, contra Javier Fortuna por Eliminatorias mundialista del CMB. El mismo se televisar\u00e1 en Argentina por ESPN2 y Fox Sports a [&hellip;]\" \/>\n<meta property=\"og:url\" content=\"https:\/\/diariodeloeste.com\/noticias\/2019\/11\/03\/orgullo-paceno\/\" \/>\n<meta property=\"og:site_name\" content=\"Diario del Oeste\" \/>\n<meta property=\"article:published_time\" content=\"2019-11-03T02:23:06+00:00\" \/>\n<meta property=\"og:image\" content=\"https:\/\/diariodeloeste.com\/noticias\/wp-content\/uploads\/2019\/11\/FB_IMG_1572744579805.jpg\" \/>\n\t<meta property=\"og:image:width\" content=\"960\" \/>\n\t<meta property=\"og:image:height\" content=\"640\" \/>\n\t<meta property=\"og:image:type\" content=\"image\/jpeg\" \/>\n<meta name=\"author\" content=\"Redaccion\" \/>\n<meta name=\"twitter:card\" content=\"summary_large_image\" \/>\n<meta name=\"twitter:label1\" content=\"Escrito por\" \/>\n\t<meta name=\"twitter:data1\" content=\"Redaccion\" \/>\n<script type=\"application\/ld+json\" class=\"yoast-schema-graph\">{\"@context\":\"https:\\\/\\\/schema.org\",\"@graph\":[{\"@type\":\"Article\",\"@id\":\"https:\\\/\\\/diariodeloeste.com\\\/noticias\\\/2019\\\/11\\\/03\\\/orgullo-paceno\\\/#article\",\"isPartOf\":{\"@id\":\"https:\\\/\\\/diariodeloeste.com\\\/noticias\\\/2019\\\/11\\\/03\\\/orgullo-paceno\\\/\"},\"author\":{\"name\":\"Redaccion\",\"@id\":\"https:\\\/\\\/diariodeloeste.com\\\/noticias\\\/#\\\/schema\\\/person\\\/1f7be965f8c093432e1cbfcee0ac4047\"},\"headline\":\"ORGULLO PACE\u00d1O\",\"datePublished\":\"2019-11-03T02:23:06+00:00\",\"mainEntityOfPage\":{\"@id\":\"https:\\\/\\\/diariodeloeste.com\\\/noticias\\\/2019\\\/11\\\/03\\\/orgullo-paceno\\\/\"},\"wordCount\":68,\"publisher\":{\"@id\":\"https:\\\/\\\/diariodeloeste.com\\\/noticias\\\/#organization\"},\"image\":{\"@id\":\"https:\\\/\\\/diariodeloeste.com\\\/noticias\\\/2019\\\/11\\\/03\\\/orgullo-paceno\\\/#primaryimage\"},\"thumbnailUrl\":\"https:\\\/\\\/diariodeloeste.com\\\/noticias\\\/wp-content\\\/uploads\\\/2019\\\/11\\\/FB_IMG_1572744579805.jpg\",\"articleSection\":[\"Deportes\",\"Titulares\"],\"inLanguage\":\"es-AR\"},{\"@type\":\"WebPage\",\"@id\":\"https:\\\/\\\/diariodeloeste.com\\\/noticias\\\/2019\\\/11\\\/03\\\/orgullo-paceno\\\/\",\"url\":\"https:\\\/\\\/diariodeloeste.com\\\/noticias\\\/2019\\\/11\\\/03\\\/orgullo-paceno\\\/\",\"name\":\"ORGULLO PACE\u00d1O - Diario del Oeste\",\"isPartOf\":{\"@id\":\"https:\\\/\\\/diariodeloeste.com\\\/noticias\\\/#website\"},\"primaryImageOfPage\":{\"@id\":\"https:\\\/\\\/diariodeloeste.com\\\/noticias\\\/2019\\\/11\\\/03\\\/orgullo-paceno\\\/#primaryimage\"},\"image\":{\"@id\":\"https:\\\/\\\/diariodeloeste.com\\\/noticias\\\/2019\\\/11\\\/03\\\/orgullo-paceno\\\/#primaryimage\"},\"thumbnailUrl\":\"https:\\\/\\\/diariodeloeste.com\\\/noticias\\\/wp-content\\\/uploads\\\/2019\\\/11\\\/FB_IMG_1572744579805.jpg\",\"datePublished\":\"2019-11-03T02:23:06+00:00\",\"breadcrumb\":{\"@id\":\"https:\\\/\\\/diariodeloeste.com\\\/noticias\\\/2019\\\/11\\\/03\\\/orgullo-paceno\\\/#breadcrumb\"},\"inLanguage\":\"es-AR\",\"potentialAction\":[{\"@type\":\"ReadAction\",\"target\":[\"https:\\\/\\\/diariodeloeste.com\\\/noticias\\\/2019\\\/11\\\/03\\\/orgullo-paceno\\\/\"]}]},{\"@type\":\"ImageObject\",\"inLanguage\":\"es-AR\",\"@id\":\"https:\\\/\\\/diariodeloeste.com\\\/noticias\\\/2019\\\/11\\\/03\\\/orgullo-paceno\\\/#primaryimage\",\"url\":\"https:\\\/\\\/diariodeloeste.com\\\/noticias\\\/wp-content\\\/uploads\\\/2019\\\/11\\\/FB_IMG_1572744579805.jpg\",\"contentUrl\":\"https:\\\/\\\/diariodeloeste.com\\\/noticias\\\/wp-content\\\/uploads\\\/2019\\\/11\\\/FB_IMG_1572744579805.jpg\",\"width\":960,\"height\":640},{\"@type\":\"BreadcrumbList\",\"@id\":\"https:\\\/\\\/diariodeloeste.com\\\/noticias\\\/2019\\\/11\\\/03\\\/orgullo-paceno\\\/#breadcrumb\",\"itemListElement\":[{\"@type\":\"ListItem\",\"position\":1,\"name\":\"Inicio\",\"item\":\"https:\\\/\\\/diariodeloeste.com\\\/noticias\\\/\"},{\"@type\":\"ListItem\",\"position\":2,\"name\":\"ORGULLO PACE\u00d1O\"}]},{\"@type\":\"WebSite\",\"@id\":\"https:\\\/\\\/diariodeloeste.com\\\/noticias\\\/#website\",\"url\":\"https:\\\/\\\/diariodeloeste.com\\\/noticias\\\/\",\"name\":\"Diario del Oeste\",\"description\":\"Noticias del Oeste\",\"publisher\":{\"@id\":\"https:\\\/\\\/diariodeloeste.com\\\/noticias\\\/#organization\"},\"potentialAction\":[{\"@type\":\"SearchAction\",\"target\":{\"@type\":\"EntryPoint\",\"urlTemplate\":\"https:\\\/\\\/diariodeloeste.com\\\/noticias\\\/?s={search_term_string}\"},\"query-input\":{\"@type\":\"PropertyValueSpecification\",\"valueRequired\":true,\"valueName\":\"search_term_string\"}}],\"inLanguage\":\"es-AR\"},{\"@type\":\"Organization\",\"@id\":\"https:\\\/\\\/diariodeloeste.com\\\/noticias\\\/#organization\",\"name\":\"Diario del Oeste\",\"url\":\"https:\\\/\\\/diariodeloeste.com\\\/noticias\\\/\",\"logo\":{\"@type\":\"ImageObject\",\"inLanguage\":\"es-AR\",\"@id\":\"https:\\\/\\\/diariodeloeste.com\\\/noticias\\\/#\\\/schema\\\/logo\\\/image\\\/\",\"url\":\"https:\\\/\\\/diariodeloeste.com\\\/noticias\\\/wp-content\\\/uploads\\\/2019\\\/04\\\/logo.png\",\"contentUrl\":\"https:\\\/\\\/diariodeloeste.com\\\/noticias\\\/wp-content\\\/uploads\\\/2019\\\/04\\\/logo.png\",\"width\":306,\"height\":145,\"caption\":\"Diario del Oeste\"},\"image\":{\"@id\":\"https:\\\/\\\/diariodeloeste.com\\\/noticias\\\/#\\\/schema\\\/logo\\\/image\\\/\"}},{\"@type\":\"Person\",\"@id\":\"https:\\\/\\\/diariodeloeste.com\\\/noticias\\\/#\\\/schema\\\/person\\\/1f7be965f8c093432e1cbfcee0ac4047\",\"name\":\"Redaccion\",\"image\":{\"@type\":\"ImageObject\",\"inLanguage\":\"es-AR\",\"@id\":\"https:\\\/\\\/secure.gravatar.com\\\/avatar\\\/f9bc3a12e26b32d818d88f9a5b61de20b559752e499df507efa7ea3cea0550ef?s=96&d=mm&r=g\",\"url\":\"https:\\\/\\\/secure.gravatar.com\\\/avatar\\\/f9bc3a12e26b32d818d88f9a5b61de20b559752e499df507efa7ea3cea0550ef?s=96&d=mm&r=g\",\"contentUrl\":\"https:\\\/\\\/secure.gravatar.com\\\/avatar\\\/f9bc3a12e26b32d818d88f9a5b61de20b559752e499df507efa7ea3cea0550ef?s=96&d=mm&r=g\",\"caption\":\"Redaccion\"},\"url\":\"https:\\\/\\\/diariodeloeste.com\\\/noticias\\\/author\\\/redaccion\\\/\"}]}<\/script>\n<!-- \/ Yoast SEO plugin. -->","yoast_head_json":{"title":"ORGULLO PACE\u00d1O - Diario del Oeste","robots":{"index":"index","follow":"follow","max-snippet":"max-snippet:-1","max-image-preview":"max-image-preview:large","max-video-preview":"max-video-preview:-1"},"canonical":"https:\/\/diariodeloeste.com\/noticias\/2019\/11\/03\/orgullo-paceno\/","og_locale":"es_ES","og_type":"article","og_title":"ORGULLO PACE\u00d1O - Diario del Oeste","og_description":"ORGULLO PACE\u00d1O ORGULLOS PACE\u00d1OS Felicitamos al Deportista Pace\u00f1o, ex Campe\u00f3n mundial, Jes\u00fas Cuellar de la categor\u00eda Super Pluma, quien se encuentra en Maryland, Washington, entrenando para su pr\u00f3ximo combate el dia sabado 2 de noviembre, contra Javier Fortuna por Eliminatorias mundialista del CMB. El mismo se televisar\u00e1 en Argentina por ESPN2 y Fox Sports a [&hellip;]","og_url":"https:\/\/diariodeloeste.com\/noticias\/2019\/11\/03\/orgullo-paceno\/","og_site_name":"Diario del Oeste","article_published_time":"2019-11-03T02:23:06+00:00","og_image":[{"width":960,"height":640,"url":"https:\/\/diariodeloeste.com\/noticias\/wp-content\/uploads\/2019\/11\/FB_IMG_1572744579805.jpg","type":"image\/jpeg"}],"author":"Redaccion","twitter_card":"summary_large_image","twitter_misc":{"Escrito por":"Redaccion"},"schema":{"@context":"https:\/\/schema.org","@graph":[{"@type":"Article","@id":"https:\/\/diariodeloeste.com\/noticias\/2019\/11\/03\/orgullo-paceno\/#article","isPartOf":{"@id":"https:\/\/diariodeloeste.com\/noticias\/2019\/11\/03\/orgullo-paceno\/"},"author":{"name":"Redaccion","@id":"https:\/\/diariodeloeste.com\/noticias\/#\/schema\/person\/1f7be965f8c093432e1cbfcee0ac4047"},"headline":"ORGULLO PACE\u00d1O","datePublished":"2019-11-03T02:23:06+00:00","mainEntityOfPage":{"@id":"https:\/\/diariodeloeste.com\/noticias\/2019\/11\/03\/orgullo-paceno\/"},"wordCount":68,"publisher":{"@id":"https:\/\/diariodeloeste.com\/noticias\/#organization"},"image":{"@id":"https:\/\/diariodeloeste.com\/noticias\/2019\/11\/03\/orgullo-paceno\/#primaryimage"},"thumbnailUrl":"https:\/\/diariodeloeste.com\/noticias\/wp-content\/uploads\/2019\/11\/FB_IMG_1572744579805.jpg","articleSection":["Deportes","Titulares"],"inLanguage":"es-AR"},{"@type":"WebPage","@id":"https:\/\/diariodeloeste.com\/noticias\/2019\/11\/03\/orgullo-paceno\/","url":"https:\/\/diariodeloeste.com\/noticias\/2019\/11\/03\/orgullo-paceno\/","name":"ORGULLO PACE\u00d1O - Diario del Oeste","isPartOf":{"@id":"https:\/\/diariodeloeste.com\/noticias\/#website"},"primaryImageOfPage":{"@id":"https:\/\/diariodeloeste.com\/noticias\/2019\/11\/03\/orgullo-paceno\/#primaryimage"},"image":{"@id":"https:\/\/diariodeloeste.com\/noticias\/2019\/11\/03\/orgullo-paceno\/#primaryimage"},"thumbnailUrl":"https:\/\/diariodeloeste.com\/noticias\/wp-content\/uploads\/2019\/11\/FB_IMG_1572744579805.jpg","datePublished":"2019-11-03T02:23:06+00:00","breadcrumb":{"@id":"https:\/\/diariodeloeste.com\/noticias\/2019\/11\/03\/orgullo-paceno\/#breadcrumb"},"inLanguage":"es-AR","potentialAction":[{"@type":"ReadAction","target":["https:\/\/diariodeloeste.com\/noticias\/2019\/11\/03\/orgullo-paceno\/"]}]},{"@type":"ImageObject","inLanguage":"es-AR","@id":"https:\/\/diariodeloeste.com\/noticias\/2019\/11\/03\/orgullo-paceno\/#primaryimage","url":"https:\/\/diariodeloeste.com\/noticias\/wp-content\/uploads\/2019\/11\/FB_IMG_1572744579805.jpg","contentUrl":"https:\/\/diariodeloeste.com\/noticias\/wp-content\/uploads\/2019\/11\/FB_IMG_1572744579805.jpg","width":960,"height":640},{"@type":"BreadcrumbList","@id":"https:\/\/diariodeloeste.com\/noticias\/2019\/11\/03\/orgullo-paceno\/#breadcrumb","itemListElement":[{"@type":"ListItem","position":1,"name":"Inicio","item":"https:\/\/diariodeloeste.com\/noticias\/"},{"@type":"ListItem","position":2,"name":"ORGULLO PACE\u00d1O"}]},{"@type":"WebSite","@id":"https:\/\/diariodeloeste.com\/noticias\/#website","url":"https:\/\/diariodeloeste.com\/noticias\/","name":"Diario del Oeste","description":"Noticias del Oeste","publisher":{"@id":"https:\/\/diariodeloeste.com\/noticias\/#organization"},"potentialAction":[{"@type":"SearchAction","target":{"@type":"EntryPoint","urlTemplate":"https:\/\/diariodeloeste.com\/noticias\/?s={search_term_string}"},"query-input":{"@type":"PropertyValueSpecification","valueRequired":true,"valueName":"search_term_string"}}],"inLanguage":"es-AR"},{"@type":"Organization","@id":"https:\/\/diariodeloeste.com\/noticias\/#organization","name":"Diario del Oeste","url":"https:\/\/diariodeloeste.com\/noticias\/","logo":{"@type":"ImageObject","inLanguage":"es-AR","@id":"https:\/\/diariodeloeste.com\/noticias\/#\/schema\/logo\/image\/","url":"https:\/\/diariodeloeste.com\/noticias\/wp-content\/uploads\/2019\/04\/logo.png","contentUrl":"https:\/\/diariodeloeste.com\/noticias\/wp-content\/uploads\/2019\/04\/logo.png","width":306,"height":145,"caption":"Diario del Oeste"},"image":{"@id":"https:\/\/diariodeloeste.com\/noticias\/#\/schema\/logo\/image\/"}},{"@type":"Person","@id":"https:\/\/diariodeloeste.com\/noticias\/#\/schema\/person\/1f7be965f8c093432e1cbfcee0ac4047","name":"Redaccion","image":{"@type":"ImageObject","inLanguage":"es-AR","@id":"https:\/\/secure.gravatar.com\/avatar\/f9bc3a12e26b32d818d88f9a5b61de20b559752e499df507efa7ea3cea0550ef?s=96&d=mm&r=g","url":"https:\/\/secure.gravatar.com\/avatar\/f9bc3a12e26b32d818d88f9a5b61de20b559752e499df507efa7ea3cea0550ef?s=96&d=mm&r=g","contentUrl":"https:\/\/secure.gravatar.com\/avatar\/f9bc3a12e26b32d818d88f9a5b61de20b559752e499df507efa7ea3cea0550ef?s=96&d=mm&r=g","caption":"Redaccion"},"url":"https:\/\/diariodeloeste.com\/noticias\/author\/redaccion\/"}]}},"_links":{"self":[{"href":"https:\/\/diariodeloeste.com\/noticias\/wp-json\/wp\/v2\/posts\/5670","targetHints":{"allow":["GET"]}}],"collection":[{"href":"https:\/\/diariodeloeste.com\/noticias\/wp-json\/wp\/v2\/posts"}],"about":[{"href":"https:\/\/diariodeloeste.com\/noticias\/wp-json\/wp\/v2\/types\/post"}],"author":[{"embeddable":true,"href":"https:\/\/diariodeloeste.com\/noticias\/wp-json\/wp\/v2\/users\/3"}],"replies":[{"embeddable":true,"href":"https:\/\/diariodeloeste.com\/noticias\/wp-json\/wp\/v2\/comments?post=5670"}],"version-history":[{"count":1,"href":"https:\/\/diariodeloeste.com\/noticias\/wp-json\/wp\/v2\/posts\/5670\/revisions"}],"predecessor-version":[{"id":5672,"href":"https:\/\/diariodeloeste.com\/noticias\/wp-json\/wp\/v2\/posts\/5670\/revisions\/5672"}],"wp:featuredmedia":[{"embeddable":true,"href":"https:\/\/diariodeloeste.com\/noticias\/wp-json\/wp\/v2\/media\/5671"}],"wp:attachment":[{"href":"https:\/\/diariodeloeste.com\/noticias\/wp-json\/wp\/v2\/media?parent=5670"}],"wp:term":[{"taxonomy":"category","embeddable":true,"href":"https:\/\/diariodeloeste.com\/noticias\/wp-json\/wp\/v2\/categories?post=5670"},{"taxonomy":"post_tag","embeddable":true,"href":"https:\/\/diariodeloeste.com\/noticias\/wp-json\/wp\/v2\/tags?post=5670"}],"curies":[{"name":"wp","href":"https:\/\/api.w.org\/{rel}","templated":true}]}}