{"id":5627,"date":"2019-10-28T15:19:59","date_gmt":"2019-10-28T15:19:59","guid":{"rendered":"https:\/\/diariodeloeste.com\/noticias\/?p=5627"},"modified":"2019-10-28T15:19:59","modified_gmt":"2019-10-28T15:19:59","slug":"nardini-consiguio-la-reeleccion-y-fue-el-intendente-mas-votado-del-conurbano-bonaerense","status":"publish","type":"post","link":"https:\/\/diariodeloeste.com\/noticias\/2019\/10\/28\/nardini-consiguio-la-reeleccion-y-fue-el-intendente-mas-votado-del-conurbano-bonaerense\/","title":{"rendered":"Nardini consigui\u00f3 la reelecci\u00f3n y fue el intendente m\u00e1s votado del conurbano bonaerense"},"content":{"rendered":"<p>&nbsp;<\/p>\n<p><em><strong>En \u201cPrimera ma\u00f1ana\u201d programa conducido por Gustavo Estigarribia y emitido por FM PLUS 88.1 charlamos con Leo Nardini, intendente reelecto de Malvinas Argentinas.<\/strong><\/em><\/p>\n<p>&nbsp;<\/p>\n<p>&nbsp;<\/p>\n<p><a href=\"http:\/\/iframe%20width=100%%20height=65px%20scrolling=no%20frameborder=no%20src=\/\/ar.radiocut.fm\/audiocut\/embed\/mini\/gran-triunfo-leo-nardini\/%20\/iframe\"><iframe loading=\"lazy\" src=\"\/\/ar.radiocut.fm\/audiocut\/embed\/mini\/gran-triunfo-leo-nardini\/\" width=\"100%\" height=\"65px\" frameborder=\"no\" scrolling=\"no\"><\/iframe><\/a><\/p>\n<p>&nbsp;<\/p>\n<p><img loading=\"lazy\" loading=\"lazy\" decoding=\"async\" class=\"alignnone size-medium wp-image-5628\" src=\"https:\/\/diariodeloeste.com\/noticias\/wp-content\/uploads\/2019\/10\/leo-na-300x200.jpg\" alt=\"\" width=\"300\" height=\"200\" srcset=\"https:\/\/diariodeloeste.com\/noticias\/wp-content\/uploads\/2019\/10\/leo-na-300x200.jpg 300w, https:\/\/diariodeloeste.com\/noticias\/wp-content\/uploads\/2019\/10\/leo-na-768x513.jpg 768w, https:\/\/diariodeloeste.com\/noticias\/wp-content\/uploads\/2019\/10\/leo-na.jpg 800w\" sizes=\"auto, (max-width: 300px) 100vw, 300px\" \/><img loading=\"lazy\" loading=\"lazy\" decoding=\"async\" class=\"alignnone  wp-image-5629\" src=\"https:\/\/diariodeloeste.com\/noticias\/wp-content\/uploads\/2019\/10\/WhatsApp-Image-2019-10-27-at-19.37.54-300x300.jpeg\" alt=\"\" width=\"202\" height=\"202\" srcset=\"https:\/\/diariodeloeste.com\/noticias\/wp-content\/uploads\/2019\/10\/WhatsApp-Image-2019-10-27-at-19.37.54-300x300.jpeg 300w, https:\/\/diariodeloeste.com\/noticias\/wp-content\/uploads\/2019\/10\/WhatsApp-Image-2019-10-27-at-19.37.54-150x150.jpeg 150w, https:\/\/diariodeloeste.com\/noticias\/wp-content\/uploads\/2019\/10\/WhatsApp-Image-2019-10-27-at-19.37.54.jpeg 360w\" sizes=\"auto, (max-width: 202px) 100vw, 202px\" \/><\/p>\n<p>&nbsp;<\/p>\n<p>&nbsp;<\/p>\n<p>&nbsp;<\/p>\n<script>function PlayerjsAsync(){} if(window[\"Playerjs\"]){PlayerjsAsync();}<\/script>","protected":false},"excerpt":{"rendered":"<p>&nbsp; En \u201cPrimera ma\u00f1ana\u201d programa conducido por Gustavo Estigarribia y emitido por FM PLUS 88.1 charlamos con Leo Nardini, intendente reelecto de Malvinas Argentinas. &nbsp; &nbsp; &nbsp; &nbsp; &nbsp; &nbsp;<\/p>\n","protected":false},"author":3,"featured_media":5628,"comment_status":"closed","ping_status":"closed","sticky":false,"template":"","format":"standard","meta":{"content-type":"","footnotes":""},"categories":[3,4,9],"tags":[211],"class_list":{"0":"post-5627","1":"post","2":"type-post","3":"status-publish","4":"format-standard","5":"has-post-thumbnail","7":"category-municipios","8":"category-politica","9":"category-titulares","10":"tag-leo-nardini"},"yoast_head":"<!-- This site is optimized with the Yoast SEO plugin v27.4 - https:\/\/yoast.com\/product\/yoast-seo-wordpress\/ -->\n<title>Nardini consigui\u00f3 la reelecci\u00f3n y fue el intendente m\u00e1s votado del conurbano bonaerense - Diario del Oeste<\/title>\n<meta name=\"robots\" content=\"index, follow, max-snippet:-1, max-image-preview:large, max-video-preview:-1\" \/>\n<link rel=\"canonical\" href=\"https:\/\/diariodeloeste.com\/noticias\/2019\/10\/28\/nardini-consiguio-la-reeleccion-y-fue-el-intendente-mas-votado-del-conurbano-bonaerense\/\" \/>\n<meta property=\"og:locale\" content=\"es_ES\" \/>\n<meta property=\"og:type\" content=\"article\" \/>\n<meta property=\"og:title\" content=\"Nardini consigui\u00f3 la reelecci\u00f3n y fue el intendente m\u00e1s votado del conurbano bonaerense - Diario del Oeste\" \/>\n<meta property=\"og:description\" content=\"&nbsp; En \u201cPrimera ma\u00f1ana\u201d programa conducido por Gustavo Estigarribia y emitido por FM PLUS 88.1 charlamos con Leo Nardini, intendente reelecto de Malvinas Argentinas. &nbsp; &nbsp; &nbsp; &nbsp; &nbsp; &nbsp;\" \/>\n<meta property=\"og:url\" content=\"https:\/\/diariodeloeste.com\/noticias\/2019\/10\/28\/nardini-consiguio-la-reeleccion-y-fue-el-intendente-mas-votado-del-conurbano-bonaerense\/\" \/>\n<meta property=\"og:site_name\" content=\"Diario del Oeste\" \/>\n<meta property=\"article:published_time\" content=\"2019-10-28T15:19:59+00:00\" \/>\n<meta property=\"og:image\" content=\"https:\/\/diariodeloeste.com\/noticias\/wp-content\/uploads\/2019\/10\/leo-na.jpg\" \/>\n\t<meta property=\"og:image:width\" content=\"800\" \/>\n\t<meta property=\"og:image:height\" content=\"534\" \/>\n\t<meta property=\"og:image:type\" content=\"image\/jpeg\" \/>\n<meta name=\"author\" content=\"Redaccion\" \/>\n<meta name=\"twitter:card\" content=\"summary_large_image\" \/>\n<meta name=\"twitter:label1\" content=\"Escrito por\" \/>\n\t<meta name=\"twitter:data1\" content=\"Redaccion\" \/>\n<script type=\"application\/ld+json\" class=\"yoast-schema-graph\">{\"@context\":\"https:\\\/\\\/schema.org\",\"@graph\":[{\"@type\":\"Article\",\"@id\":\"https:\\\/\\\/diariodeloeste.com\\\/noticias\\\/2019\\\/10\\\/28\\\/nardini-consiguio-la-reeleccion-y-fue-el-intendente-mas-votado-del-conurbano-bonaerense\\\/#article\",\"isPartOf\":{\"@id\":\"https:\\\/\\\/diariodeloeste.com\\\/noticias\\\/2019\\\/10\\\/28\\\/nardini-consiguio-la-reeleccion-y-fue-el-intendente-mas-votado-del-conurbano-bonaerense\\\/\"},\"author\":{\"name\":\"Redaccion\",\"@id\":\"https:\\\/\\\/diariodeloeste.com\\\/noticias\\\/#\\\/schema\\\/person\\\/1f7be965f8c093432e1cbfcee0ac4047\"},\"headline\":\"Nardini consigui\u00f3 la reelecci\u00f3n y fue el intendente m\u00e1s votado del conurbano bonaerense\",\"datePublished\":\"2019-10-28T15:19:59+00:00\",\"mainEntityOfPage\":{\"@id\":\"https:\\\/\\\/diariodeloeste.com\\\/noticias\\\/2019\\\/10\\\/28\\\/nardini-consiguio-la-reeleccion-y-fue-el-intendente-mas-votado-del-conurbano-bonaerense\\\/\"},\"wordCount\":45,\"publisher\":{\"@id\":\"https:\\\/\\\/diariodeloeste.com\\\/noticias\\\/#organization\"},\"image\":{\"@id\":\"https:\\\/\\\/diariodeloeste.com\\\/noticias\\\/2019\\\/10\\\/28\\\/nardini-consiguio-la-reeleccion-y-fue-el-intendente-mas-votado-del-conurbano-bonaerense\\\/#primaryimage\"},\"thumbnailUrl\":\"https:\\\/\\\/diariodeloeste.com\\\/noticias\\\/wp-content\\\/uploads\\\/2019\\\/10\\\/leo-na.jpg\",\"keywords\":[\"leo nardini\"],\"articleSection\":[\"Municipios\",\"Pol\u00edtica\",\"Titulares\"],\"inLanguage\":\"es-AR\"},{\"@type\":\"WebPage\",\"@id\":\"https:\\\/\\\/diariodeloeste.com\\\/noticias\\\/2019\\\/10\\\/28\\\/nardini-consiguio-la-reeleccion-y-fue-el-intendente-mas-votado-del-conurbano-bonaerense\\\/\",\"url\":\"https:\\\/\\\/diariodeloeste.com\\\/noticias\\\/2019\\\/10\\\/28\\\/nardini-consiguio-la-reeleccion-y-fue-el-intendente-mas-votado-del-conurbano-bonaerense\\\/\",\"name\":\"Nardini consigui\u00f3 la reelecci\u00f3n y fue el intendente m\u00e1s votado del conurbano bonaerense - Diario del Oeste\",\"isPartOf\":{\"@id\":\"https:\\\/\\\/diariodeloeste.com\\\/noticias\\\/#website\"},\"primaryImageOfPage\":{\"@id\":\"https:\\\/\\\/diariodeloeste.com\\\/noticias\\\/2019\\\/10\\\/28\\\/nardini-consiguio-la-reeleccion-y-fue-el-intendente-mas-votado-del-conurbano-bonaerense\\\/#primaryimage\"},\"image\":{\"@id\":\"https:\\\/\\\/diariodeloeste.com\\\/noticias\\\/2019\\\/10\\\/28\\\/nardini-consiguio-la-reeleccion-y-fue-el-intendente-mas-votado-del-conurbano-bonaerense\\\/#primaryimage\"},\"thumbnailUrl\":\"https:\\\/\\\/diariodeloeste.com\\\/noticias\\\/wp-content\\\/uploads\\\/2019\\\/10\\\/leo-na.jpg\",\"datePublished\":\"2019-10-28T15:19:59+00:00\",\"breadcrumb\":{\"@id\":\"https:\\\/\\\/diariodeloeste.com\\\/noticias\\\/2019\\\/10\\\/28\\\/nardini-consiguio-la-reeleccion-y-fue-el-intendente-mas-votado-del-conurbano-bonaerense\\\/#breadcrumb\"},\"inLanguage\":\"es-AR\",\"potentialAction\":[{\"@type\":\"ReadAction\",\"target\":[\"https:\\\/\\\/diariodeloeste.com\\\/noticias\\\/2019\\\/10\\\/28\\\/nardini-consiguio-la-reeleccion-y-fue-el-intendente-mas-votado-del-conurbano-bonaerense\\\/\"]}]},{\"@type\":\"ImageObject\",\"inLanguage\":\"es-AR\",\"@id\":\"https:\\\/\\\/diariodeloeste.com\\\/noticias\\\/2019\\\/10\\\/28\\\/nardini-consiguio-la-reeleccion-y-fue-el-intendente-mas-votado-del-conurbano-bonaerense\\\/#primaryimage\",\"url\":\"https:\\\/\\\/diariodeloeste.com\\\/noticias\\\/wp-content\\\/uploads\\\/2019\\\/10\\\/leo-na.jpg\",\"contentUrl\":\"https:\\\/\\\/diariodeloeste.com\\\/noticias\\\/wp-content\\\/uploads\\\/2019\\\/10\\\/leo-na.jpg\",\"width\":800,\"height\":534},{\"@type\":\"BreadcrumbList\",\"@id\":\"https:\\\/\\\/diariodeloeste.com\\\/noticias\\\/2019\\\/10\\\/28\\\/nardini-consiguio-la-reeleccion-y-fue-el-intendente-mas-votado-del-conurbano-bonaerense\\\/#breadcrumb\",\"itemListElement\":[{\"@type\":\"ListItem\",\"position\":1,\"name\":\"Inicio\",\"item\":\"https:\\\/\\\/diariodeloeste.com\\\/noticias\\\/\"},{\"@type\":\"ListItem\",\"position\":2,\"name\":\"Nardini consigui\u00f3 la reelecci\u00f3n y fue el intendente m\u00e1s votado del conurbano bonaerense\"}]},{\"@type\":\"WebSite\",\"@id\":\"https:\\\/\\\/diariodeloeste.com\\\/noticias\\\/#website\",\"url\":\"https:\\\/\\\/diariodeloeste.com\\\/noticias\\\/\",\"name\":\"Diario del Oeste\",\"description\":\"Noticias del Oeste\",\"publisher\":{\"@id\":\"https:\\\/\\\/diariodeloeste.com\\\/noticias\\\/#organization\"},\"potentialAction\":[{\"@type\":\"SearchAction\",\"target\":{\"@type\":\"EntryPoint\",\"urlTemplate\":\"https:\\\/\\\/diariodeloeste.com\\\/noticias\\\/?s={search_term_string}\"},\"query-input\":{\"@type\":\"PropertyValueSpecification\",\"valueRequired\":true,\"valueName\":\"search_term_string\"}}],\"inLanguage\":\"es-AR\"},{\"@type\":\"Organization\",\"@id\":\"https:\\\/\\\/diariodeloeste.com\\\/noticias\\\/#organization\",\"name\":\"Diario del Oeste\",\"url\":\"https:\\\/\\\/diariodeloeste.com\\\/noticias\\\/\",\"logo\":{\"@type\":\"ImageObject\",\"inLanguage\":\"es-AR\",\"@id\":\"https:\\\/\\\/diariodeloeste.com\\\/noticias\\\/#\\\/schema\\\/logo\\\/image\\\/\",\"url\":\"https:\\\/\\\/diariodeloeste.com\\\/noticias\\\/wp-content\\\/uploads\\\/2019\\\/04\\\/logo.png\",\"contentUrl\":\"https:\\\/\\\/diariodeloeste.com\\\/noticias\\\/wp-content\\\/uploads\\\/2019\\\/04\\\/logo.png\",\"width\":306,\"height\":145,\"caption\":\"Diario del Oeste\"},\"image\":{\"@id\":\"https:\\\/\\\/diariodeloeste.com\\\/noticias\\\/#\\\/schema\\\/logo\\\/image\\\/\"}},{\"@type\":\"Person\",\"@id\":\"https:\\\/\\\/diariodeloeste.com\\\/noticias\\\/#\\\/schema\\\/person\\\/1f7be965f8c093432e1cbfcee0ac4047\",\"name\":\"Redaccion\",\"image\":{\"@type\":\"ImageObject\",\"inLanguage\":\"es-AR\",\"@id\":\"https:\\\/\\\/secure.gravatar.com\\\/avatar\\\/f9bc3a12e26b32d818d88f9a5b61de20b559752e499df507efa7ea3cea0550ef?s=96&d=mm&r=g\",\"url\":\"https:\\\/\\\/secure.gravatar.com\\\/avatar\\\/f9bc3a12e26b32d818d88f9a5b61de20b559752e499df507efa7ea3cea0550ef?s=96&d=mm&r=g\",\"contentUrl\":\"https:\\\/\\\/secure.gravatar.com\\\/avatar\\\/f9bc3a12e26b32d818d88f9a5b61de20b559752e499df507efa7ea3cea0550ef?s=96&d=mm&r=g\",\"caption\":\"Redaccion\"},\"url\":\"https:\\\/\\\/diariodeloeste.com\\\/noticias\\\/author\\\/redaccion\\\/\"}]}<\/script>\n<!-- \/ Yoast SEO plugin. -->","yoast_head_json":{"title":"Nardini consigui\u00f3 la reelecci\u00f3n y fue el intendente m\u00e1s votado del conurbano bonaerense - Diario del Oeste","robots":{"index":"index","follow":"follow","max-snippet":"max-snippet:-1","max-image-preview":"max-image-preview:large","max-video-preview":"max-video-preview:-1"},"canonical":"https:\/\/diariodeloeste.com\/noticias\/2019\/10\/28\/nardini-consiguio-la-reeleccion-y-fue-el-intendente-mas-votado-del-conurbano-bonaerense\/","og_locale":"es_ES","og_type":"article","og_title":"Nardini consigui\u00f3 la reelecci\u00f3n y fue el intendente m\u00e1s votado del conurbano bonaerense - Diario del Oeste","og_description":"&nbsp; En \u201cPrimera ma\u00f1ana\u201d programa conducido por Gustavo Estigarribia y emitido por FM PLUS 88.1 charlamos con Leo Nardini, intendente reelecto de Malvinas Argentinas. &nbsp; &nbsp; &nbsp; &nbsp; &nbsp; &nbsp;","og_url":"https:\/\/diariodeloeste.com\/noticias\/2019\/10\/28\/nardini-consiguio-la-reeleccion-y-fue-el-intendente-mas-votado-del-conurbano-bonaerense\/","og_site_name":"Diario del Oeste","article_published_time":"2019-10-28T15:19:59+00:00","og_image":[{"width":800,"height":534,"url":"https:\/\/diariodeloeste.com\/noticias\/wp-content\/uploads\/2019\/10\/leo-na.jpg","type":"image\/jpeg"}],"author":"Redaccion","twitter_card":"summary_large_image","twitter_misc":{"Escrito por":"Redaccion"},"schema":{"@context":"https:\/\/schema.org","@graph":[{"@type":"Article","@id":"https:\/\/diariodeloeste.com\/noticias\/2019\/10\/28\/nardini-consiguio-la-reeleccion-y-fue-el-intendente-mas-votado-del-conurbano-bonaerense\/#article","isPartOf":{"@id":"https:\/\/diariodeloeste.com\/noticias\/2019\/10\/28\/nardini-consiguio-la-reeleccion-y-fue-el-intendente-mas-votado-del-conurbano-bonaerense\/"},"author":{"name":"Redaccion","@id":"https:\/\/diariodeloeste.com\/noticias\/#\/schema\/person\/1f7be965f8c093432e1cbfcee0ac4047"},"headline":"Nardini consigui\u00f3 la reelecci\u00f3n y fue el intendente m\u00e1s votado del conurbano bonaerense","datePublished":"2019-10-28T15:19:59+00:00","mainEntityOfPage":{"@id":"https:\/\/diariodeloeste.com\/noticias\/2019\/10\/28\/nardini-consiguio-la-reeleccion-y-fue-el-intendente-mas-votado-del-conurbano-bonaerense\/"},"wordCount":45,"publisher":{"@id":"https:\/\/diariodeloeste.com\/noticias\/#organization"},"image":{"@id":"https:\/\/diariodeloeste.com\/noticias\/2019\/10\/28\/nardini-consiguio-la-reeleccion-y-fue-el-intendente-mas-votado-del-conurbano-bonaerense\/#primaryimage"},"thumbnailUrl":"https:\/\/diariodeloeste.com\/noticias\/wp-content\/uploads\/2019\/10\/leo-na.jpg","keywords":["leo nardini"],"articleSection":["Municipios","Pol\u00edtica","Titulares"],"inLanguage":"es-AR"},{"@type":"WebPage","@id":"https:\/\/diariodeloeste.com\/noticias\/2019\/10\/28\/nardini-consiguio-la-reeleccion-y-fue-el-intendente-mas-votado-del-conurbano-bonaerense\/","url":"https:\/\/diariodeloeste.com\/noticias\/2019\/10\/28\/nardini-consiguio-la-reeleccion-y-fue-el-intendente-mas-votado-del-conurbano-bonaerense\/","name":"Nardini consigui\u00f3 la reelecci\u00f3n y fue el intendente m\u00e1s votado del conurbano bonaerense - Diario del Oeste","isPartOf":{"@id":"https:\/\/diariodeloeste.com\/noticias\/#website"},"primaryImageOfPage":{"@id":"https:\/\/diariodeloeste.com\/noticias\/2019\/10\/28\/nardini-consiguio-la-reeleccion-y-fue-el-intendente-mas-votado-del-conurbano-bonaerense\/#primaryimage"},"image":{"@id":"https:\/\/diariodeloeste.com\/noticias\/2019\/10\/28\/nardini-consiguio-la-reeleccion-y-fue-el-intendente-mas-votado-del-conurbano-bonaerense\/#primaryimage"},"thumbnailUrl":"https:\/\/diariodeloeste.com\/noticias\/wp-content\/uploads\/2019\/10\/leo-na.jpg","datePublished":"2019-10-28T15:19:59+00:00","breadcrumb":{"@id":"https:\/\/diariodeloeste.com\/noticias\/2019\/10\/28\/nardini-consiguio-la-reeleccion-y-fue-el-intendente-mas-votado-del-conurbano-bonaerense\/#breadcrumb"},"inLanguage":"es-AR","potentialAction":[{"@type":"ReadAction","target":["https:\/\/diariodeloeste.com\/noticias\/2019\/10\/28\/nardini-consiguio-la-reeleccion-y-fue-el-intendente-mas-votado-del-conurbano-bonaerense\/"]}]},{"@type":"ImageObject","inLanguage":"es-AR","@id":"https:\/\/diariodeloeste.com\/noticias\/2019\/10\/28\/nardini-consiguio-la-reeleccion-y-fue-el-intendente-mas-votado-del-conurbano-bonaerense\/#primaryimage","url":"https:\/\/diariodeloeste.com\/noticias\/wp-content\/uploads\/2019\/10\/leo-na.jpg","contentUrl":"https:\/\/diariodeloeste.com\/noticias\/wp-content\/uploads\/2019\/10\/leo-na.jpg","width":800,"height":534},{"@type":"BreadcrumbList","@id":"https:\/\/diariodeloeste.com\/noticias\/2019\/10\/28\/nardini-consiguio-la-reeleccion-y-fue-el-intendente-mas-votado-del-conurbano-bonaerense\/#breadcrumb","itemListElement":[{"@type":"ListItem","position":1,"name":"Inicio","item":"https:\/\/diariodeloeste.com\/noticias\/"},{"@type":"ListItem","position":2,"name":"Nardini consigui\u00f3 la reelecci\u00f3n y fue el intendente m\u00e1s votado del conurbano bonaerense"}]},{"@type":"WebSite","@id":"https:\/\/diariodeloeste.com\/noticias\/#website","url":"https:\/\/diariodeloeste.com\/noticias\/","name":"Diario del Oeste","description":"Noticias del Oeste","publisher":{"@id":"https:\/\/diariodeloeste.com\/noticias\/#organization"},"potentialAction":[{"@type":"SearchAction","target":{"@type":"EntryPoint","urlTemplate":"https:\/\/diariodeloeste.com\/noticias\/?s={search_term_string}"},"query-input":{"@type":"PropertyValueSpecification","valueRequired":true,"valueName":"search_term_string"}}],"inLanguage":"es-AR"},{"@type":"Organization","@id":"https:\/\/diariodeloeste.com\/noticias\/#organization","name":"Diario del Oeste","url":"https:\/\/diariodeloeste.com\/noticias\/","logo":{"@type":"ImageObject","inLanguage":"es-AR","@id":"https:\/\/diariodeloeste.com\/noticias\/#\/schema\/logo\/image\/","url":"https:\/\/diariodeloeste.com\/noticias\/wp-content\/uploads\/2019\/04\/logo.png","contentUrl":"https:\/\/diariodeloeste.com\/noticias\/wp-content\/uploads\/2019\/04\/logo.png","width":306,"height":145,"caption":"Diario del Oeste"},"image":{"@id":"https:\/\/diariodeloeste.com\/noticias\/#\/schema\/logo\/image\/"}},{"@type":"Person","@id":"https:\/\/diariodeloeste.com\/noticias\/#\/schema\/person\/1f7be965f8c093432e1cbfcee0ac4047","name":"Redaccion","image":{"@type":"ImageObject","inLanguage":"es-AR","@id":"https:\/\/secure.gravatar.com\/avatar\/f9bc3a12e26b32d818d88f9a5b61de20b559752e499df507efa7ea3cea0550ef?s=96&d=mm&r=g","url":"https:\/\/secure.gravatar.com\/avatar\/f9bc3a12e26b32d818d88f9a5b61de20b559752e499df507efa7ea3cea0550ef?s=96&d=mm&r=g","contentUrl":"https:\/\/secure.gravatar.com\/avatar\/f9bc3a12e26b32d818d88f9a5b61de20b559752e499df507efa7ea3cea0550ef?s=96&d=mm&r=g","caption":"Redaccion"},"url":"https:\/\/diariodeloeste.com\/noticias\/author\/redaccion\/"}]}},"_links":{"self":[{"href":"https:\/\/diariodeloeste.com\/noticias\/wp-json\/wp\/v2\/posts\/5627","targetHints":{"allow":["GET"]}}],"collection":[{"href":"https:\/\/diariodeloeste.com\/noticias\/wp-json\/wp\/v2\/posts"}],"about":[{"href":"https:\/\/diariodeloeste.com\/noticias\/wp-json\/wp\/v2\/types\/post"}],"author":[{"embeddable":true,"href":"https:\/\/diariodeloeste.com\/noticias\/wp-json\/wp\/v2\/users\/3"}],"replies":[{"embeddable":true,"href":"https:\/\/diariodeloeste.com\/noticias\/wp-json\/wp\/v2\/comments?post=5627"}],"version-history":[{"count":1,"href":"https:\/\/diariodeloeste.com\/noticias\/wp-json\/wp\/v2\/posts\/5627\/revisions"}],"predecessor-version":[{"id":5630,"href":"https:\/\/diariodeloeste.com\/noticias\/wp-json\/wp\/v2\/posts\/5627\/revisions\/5630"}],"wp:featuredmedia":[{"embeddable":true,"href":"https:\/\/diariodeloeste.com\/noticias\/wp-json\/wp\/v2\/media\/5628"}],"wp:attachment":[{"href":"https:\/\/diariodeloeste.com\/noticias\/wp-json\/wp\/v2\/media?parent=5627"}],"wp:term":[{"taxonomy":"category","embeddable":true,"href":"https:\/\/diariodeloeste.com\/noticias\/wp-json\/wp\/v2\/categories?post=5627"},{"taxonomy":"post_tag","embeddable":true,"href":"https:\/\/diariodeloeste.com\/noticias\/wp-json\/wp\/v2\/tags?post=5627"}],"curies":[{"name":"wp","href":"https:\/\/api.w.org\/{rel}","templated":true}]}}