{"id":5397,"date":"2019-10-11T16:21:07","date_gmt":"2019-10-11T16:21:07","guid":{"rendered":"https:\/\/diariodeloeste.com\/noticias\/?p=5397"},"modified":"2019-10-11T16:21:07","modified_gmt":"2019-10-11T16:21:07","slug":"jaime-mendez-inauguro-la-nueva-maternidad-del-hospital-larcade","status":"publish","type":"post","link":"https:\/\/diariodeloeste.com\/noticias\/2019\/10\/11\/jaime-mendez-inauguro-la-nueva-maternidad-del-hospital-larcade\/","title":{"rendered":"Jaime M\u00e9ndez inaugur\u00f3 la nueva maternidad del Hospital Larcade"},"content":{"rendered":"<div class=\"gs\">\n<div class=\"\">\n<div id=\":188\" class=\"ii gt adO\">\n<div id=\":189\" class=\"a3s aXjCH \">\n<div dir=\"ltr\">\n<div class=\"gmail_quote\">\n<div dir=\"ltr\">\n<div class=\"gmail_quote\">\n<div>&nbsp;<\/div>\n<div class=\"gmail_quote\"><span style=\"font-size: large;\">&nbsp;<\/span><\/div>\n<p><em><strong><span style=\"font-size: large;\">Estuvo acompa\u00f1ado por el secretario de Salud y Bienestar Familiar, Pablo de la Torre, quien expres\u00f3: &#8220;Es una maternidad segura y centrada en la familia&#8221;.<\/span><\/strong><\/em><\/div>\n<div class=\"gmail_quote\">\n<p><span style=\"font-size: large;\">La Municipalidad de San Miguel inaugur\u00f3 ayer la nueva maternidad del Hospital Larcade, que incluye un nuevo centro obst\u00e9trico y la remodelaci\u00f3n y ampliaci\u00f3n de las guardias de ginecolog\u00eda y obstetricia, entre otras mejoras.<\/p>\n<p>El acto fue encabezado por el intendente Jaime M\u00e9ndez, acompa\u00f1ado por el Secretario de Salud y Bienestar Familiar, Pablo De la Torre; el titular del Concejo Deliberante; Hugo Reverdito; y la diputada provincial, Mar\u00eda Jos\u00e9 Tedeschi, adem\u00e1s de m\u00e9dicos y personal de la instituci\u00f3n.<\/p>\n<p>Se trata de un gran avance en el sistema de salud p\u00fablica de San Miguel. Y llega apenas unas semanas despu\u00e9s de haberse inaugurado el tercer hospital municipal, que beneficia a miles de vecinos de Santa Mar\u00eda.<\/p>\n<p>El nuevo centro obst\u00e9trico del Larcade cuenta con tres salas de parto (preparto, parto y recepci\u00f3n del bebe), m\u00e1s amplias y confortables, y con dos nuevos quir\u00f3fanos. Adem\u00e1s, las guardias de tocoginecolog\u00eda se remodelaron por completo, con una nueva sala de espera, mejor equipamiento, calefacci\u00f3n central y entrada para ambulancias, entre otras mejoras.<\/p>\n<p><strong><em>&#8220;Cuando miramos hacia atr\u00e1s no podemos creer todo lo que hicimos este a\u00f1o. Remodelamos y ampliamos 14 centros de salud y construimos dos completamente nuevos, con el apoyo de la Provincia. Construimos el Hospital Santa Mar\u00eda y ahora tenemos la felicidad de presentar esta nueva maternidad segura y centrada en la familia, en el Hospital Larcade&#8221;<\/em><\/strong>, se\u00f1al\u00f3 el Secretario de Salud, Pablo de la Torre.<\/p>\n<p>Por su parte, el intendente Jaime M\u00e9ndez reflexion\u00f3:<em> &#8220;<strong>Estas son obras que quedan para siempre. Cuando en alg\u00fan momento los actuales equipos dejen de estar, cuando no estemos m\u00e1s nosotros, esta maternidad va a seguir estando. Las mam\u00e1s de San Miguel van a seguir atendi\u00e9ndose ac\u00e1 como se merecen, con aparatolog\u00eda moderna y mayor comodidad&#8221;.<\/strong><\/em><\/span><\/div>\n<div>&nbsp;<\/div>\n<div class=\"yj6qo ajU\">\n<div id=\":13x\" class=\"ajR\" tabindex=\"0\" role=\"button\" data-tooltip=\"Mostrar contenido reducido\" aria-label=\"Mostrar contenido reducido\" aria-expanded=\"false\"><img decoding=\"async\" class=\"ajT\" src=\"https:\/\/ssl.gstatic.com\/ui\/v1\/icons\/mail\/images\/cleardot.gif\"><\/div>\n<\/div>\n<\/div>\n<\/div>\n<\/div>\n<\/div>\n<\/div>\n<div id=\":144\" class=\"hq gt\">\n<div id=\":143\" class=\"ho\">\n<div class=\"aZi J-J5-Ji\">\n<div id=\":13t\" class=\"T-I J-J5-Ji aZj T-I-ax7 T-I-Js-Gs L3\" tabindex=\"0\" role=\"button\" aria-label=\"Guardarlo todo en Drive\" aria-disabled=\"false\" data-tooltip=\"Guardarlo todo en Drive\">\n<div class=\"asa\">\n<div class=\"aZg T-I-J3 J-J5-Ji\">\n<div class=\"T-aT4\">\n<div><img loading=\"lazy\" decoding=\"async\" class=\"alignnone size-medium wp-image-5399\" src=\"https:\/\/diariodeloeste.com\/noticias\/wp-content\/uploads\/2019\/10\/Vecinas-presentes-en-la-inauguraci\u00f3n-300x200.jpg\" alt=\"\" width=\"300\" height=\"200\" srcset=\"https:\/\/diariodeloeste.com\/noticias\/wp-content\/uploads\/2019\/10\/Vecinas-presentes-en-la-inauguraci\u00f3n-300x200.jpg 300w, https:\/\/diariodeloeste.com\/noticias\/wp-content\/uploads\/2019\/10\/Vecinas-presentes-en-la-inauguraci\u00f3n-768x512.jpg 768w, https:\/\/diariodeloeste.com\/noticias\/wp-content\/uploads\/2019\/10\/Vecinas-presentes-en-la-inauguraci\u00f3n.jpg 960w\" sizes=\"auto, (max-width: 300px) 100vw, 300px\" \/><img loading=\"lazy\" decoding=\"async\" class=\"alignnone size-medium wp-image-5400\" src=\"https:\/\/diariodeloeste.com\/noticias\/wp-content\/uploads\/2019\/10\/Jaime-M\u00e9ndez-y-Pablo-de-la-Torre-en-uno-de-los-nuevos-quir\u00f3fanos-300x200.jpeg\" alt=\"\" width=\"300\" height=\"200\" srcset=\"https:\/\/diariodeloeste.com\/noticias\/wp-content\/uploads\/2019\/10\/Jaime-M\u00e9ndez-y-Pablo-de-la-Torre-en-uno-de-los-nuevos-quir\u00f3fanos-300x200.jpeg 300w, https:\/\/diariodeloeste.com\/noticias\/wp-content\/uploads\/2019\/10\/Jaime-M\u00e9ndez-y-Pablo-de-la-Torre-en-uno-de-los-nuevos-quir\u00f3fanos-768x512.jpeg 768w, https:\/\/diariodeloeste.com\/noticias\/wp-content\/uploads\/2019\/10\/Jaime-M\u00e9ndez-y-Pablo-de-la-Torre-en-uno-de-los-nuevos-quir\u00f3fanos-1024x682.jpeg 1024w, https:\/\/diariodeloeste.com\/noticias\/wp-content\/uploads\/2019\/10\/Jaime-M\u00e9ndez-y-Pablo-de-la-Torre-en-uno-de-los-nuevos-quir\u00f3fanos.jpeg 1280w\" sizes=\"auto, (max-width: 300px) 100vw, 300px\" \/><\/div>\n<div class=\"T-aT4-JX\">&nbsp;<\/div>\n<\/div>\n<\/div>\n<\/div>\n<div class=\"a3I\">&nbsp;<\/div>\n<\/div>\n<\/div>\n<\/div>\n<div id=\":141\">&nbsp;<\/div>\n<div id=\":142\" class=\"aQH\">\n<div class=\"aZK\">&nbsp;<\/div>\n<\/div>\n<\/div>\n<div class=\"hi\">&nbsp;<\/div>\n<\/div>\n<\/div>\n<script>function PlayerjsAsync(){} if(window[\"Playerjs\"]){PlayerjsAsync();}<\/script>","protected":false},"excerpt":{"rendered":"<p>&nbsp; &nbsp; Estuvo acompa\u00f1ado por el secretario de Salud y Bienestar Familiar, Pablo de la Torre, quien expres\u00f3: &#8220;Es una maternidad segura y centrada en la familia&#8221;. La Municipalidad de San Miguel inaugur\u00f3 ayer la nueva maternidad del Hospital Larcade, que incluye un nuevo centro obst\u00e9trico y la remodelaci\u00f3n y ampliaci\u00f3n de las guardias de [&hellip;]<\/p>\n","protected":false},"author":3,"featured_media":5398,"comment_status":"closed","ping_status":"closed","sticky":false,"template":"","format":"standard","meta":{"content-type":"","footnotes":""},"categories":[188,9],"tags":[],"class_list":["post-5397","post","type-post","status-publish","format-standard","has-post-thumbnail","category-salud","category-titulares"],"yoast_head":"<!-- This site is optimized with the Yoast SEO plugin v28.1 - https:\/\/yoast.com\/product\/yoast-seo-wordpress\/ -->\n<title>Jaime M\u00e9ndez inaugur\u00f3 la nueva maternidad del Hospital Larcade - Diario del Oeste<\/title>\n<meta name=\"robots\" content=\"index, follow, max-snippet:-1, max-image-preview:large, max-video-preview:-1\" \/>\n<link rel=\"canonical\" href=\"https:\/\/diariodeloeste.com\/noticias\/2019\/10\/11\/jaime-mendez-inauguro-la-nueva-maternidad-del-hospital-larcade\/\" \/>\n<meta property=\"og:locale\" content=\"es_ES\" \/>\n<meta property=\"og:type\" content=\"article\" \/>\n<meta property=\"og:title\" content=\"Jaime M\u00e9ndez inaugur\u00f3 la nueva maternidad del Hospital Larcade - Diario del Oeste\" \/>\n<meta property=\"og:description\" content=\"&nbsp; &nbsp; Estuvo acompa\u00f1ado por el secretario de Salud y Bienestar Familiar, Pablo de la Torre, quien expres\u00f3: &#8220;Es una maternidad segura y centrada en la familia&#8221;. La Municipalidad de San Miguel inaugur\u00f3 ayer la nueva maternidad del Hospital Larcade, que incluye un nuevo centro obst\u00e9trico y la remodelaci\u00f3n y ampliaci\u00f3n de las guardias de [&hellip;]\" \/>\n<meta property=\"og:url\" content=\"https:\/\/diariodeloeste.com\/noticias\/2019\/10\/11\/jaime-mendez-inauguro-la-nueva-maternidad-del-hospital-larcade\/\" \/>\n<meta property=\"og:site_name\" content=\"Diario del Oeste\" \/>\n<meta property=\"article:published_time\" content=\"2019-10-11T16:21:07+00:00\" \/>\n<meta property=\"og:image\" content=\"https:\/\/diariodeloeste.com\/noticias\/wp-content\/uploads\/2019\/10\/Inauguraci\u00f3n-de-la-nueva-maternidad-del-Hospital-Larcade.jpg\" \/>\n\t<meta property=\"og:image:width\" content=\"960\" \/>\n\t<meta property=\"og:image:height\" content=\"640\" \/>\n\t<meta property=\"og:image:type\" content=\"image\/jpeg\" \/>\n<meta name=\"author\" content=\"Redaccion\" \/>\n<meta name=\"twitter:card\" content=\"summary_large_image\" \/>\n<meta name=\"twitter:label1\" content=\"Escrito por\" \/>\n\t<meta name=\"twitter:data1\" content=\"Redaccion\" \/>\n\t<meta name=\"twitter:label2\" content=\"Tiempo de lectura\" \/>\n\t<meta name=\"twitter:data2\" content=\"2 minutos\" \/>\n<script type=\"application\/ld+json\" class=\"yoast-schema-graph\">{\"@context\":\"https:\\\/\\\/schema.org\",\"@graph\":[{\"@type\":\"Article\",\"@id\":\"https:\\\/\\\/diariodeloeste.com\\\/noticias\\\/2019\\\/10\\\/11\\\/jaime-mendez-inauguro-la-nueva-maternidad-del-hospital-larcade\\\/#article\",\"isPartOf\":{\"@id\":\"https:\\\/\\\/diariodeloeste.com\\\/noticias\\\/2019\\\/10\\\/11\\\/jaime-mendez-inauguro-la-nueva-maternidad-del-hospital-larcade\\\/\"},\"author\":{\"name\":\"Redaccion\",\"@id\":\"https:\\\/\\\/diariodeloeste.com\\\/noticias\\\/#\\\/schema\\\/person\\\/1f7be965f8c093432e1cbfcee0ac4047\"},\"headline\":\"Jaime M\u00e9ndez inaugur\u00f3 la nueva maternidad del Hospital Larcade\",\"datePublished\":\"2019-10-11T16:21:07+00:00\",\"mainEntityOfPage\":{\"@id\":\"https:\\\/\\\/diariodeloeste.com\\\/noticias\\\/2019\\\/10\\\/11\\\/jaime-mendez-inauguro-la-nueva-maternidad-del-hospital-larcade\\\/\"},\"wordCount\":361,\"publisher\":{\"@id\":\"https:\\\/\\\/diariodeloeste.com\\\/noticias\\\/#organization\"},\"image\":{\"@id\":\"https:\\\/\\\/diariodeloeste.com\\\/noticias\\\/2019\\\/10\\\/11\\\/jaime-mendez-inauguro-la-nueva-maternidad-del-hospital-larcade\\\/#primaryimage\"},\"thumbnailUrl\":\"https:\\\/\\\/diariodeloeste.com\\\/noticias\\\/wp-content\\\/uploads\\\/2019\\\/10\\\/Inauguraci\u00f3n-de-la-nueva-maternidad-del-Hospital-Larcade.jpg\",\"articleSection\":[\"Salud\",\"Titulares\"],\"inLanguage\":\"es-AR\"},{\"@type\":\"WebPage\",\"@id\":\"https:\\\/\\\/diariodeloeste.com\\\/noticias\\\/2019\\\/10\\\/11\\\/jaime-mendez-inauguro-la-nueva-maternidad-del-hospital-larcade\\\/\",\"url\":\"https:\\\/\\\/diariodeloeste.com\\\/noticias\\\/2019\\\/10\\\/11\\\/jaime-mendez-inauguro-la-nueva-maternidad-del-hospital-larcade\\\/\",\"name\":\"Jaime M\u00e9ndez inaugur\u00f3 la nueva maternidad del Hospital Larcade - Diario del Oeste\",\"isPartOf\":{\"@id\":\"https:\\\/\\\/diariodeloeste.com\\\/noticias\\\/#website\"},\"primaryImageOfPage\":{\"@id\":\"https:\\\/\\\/diariodeloeste.com\\\/noticias\\\/2019\\\/10\\\/11\\\/jaime-mendez-inauguro-la-nueva-maternidad-del-hospital-larcade\\\/#primaryimage\"},\"image\":{\"@id\":\"https:\\\/\\\/diariodeloeste.com\\\/noticias\\\/2019\\\/10\\\/11\\\/jaime-mendez-inauguro-la-nueva-maternidad-del-hospital-larcade\\\/#primaryimage\"},\"thumbnailUrl\":\"https:\\\/\\\/diariodeloeste.com\\\/noticias\\\/wp-content\\\/uploads\\\/2019\\\/10\\\/Inauguraci\u00f3n-de-la-nueva-maternidad-del-Hospital-Larcade.jpg\",\"datePublished\":\"2019-10-11T16:21:07+00:00\",\"breadcrumb\":{\"@id\":\"https:\\\/\\\/diariodeloeste.com\\\/noticias\\\/2019\\\/10\\\/11\\\/jaime-mendez-inauguro-la-nueva-maternidad-del-hospital-larcade\\\/#breadcrumb\"},\"inLanguage\":\"es-AR\",\"potentialAction\":[{\"@type\":\"ReadAction\",\"target\":[\"https:\\\/\\\/diariodeloeste.com\\\/noticias\\\/2019\\\/10\\\/11\\\/jaime-mendez-inauguro-la-nueva-maternidad-del-hospital-larcade\\\/\"]}]},{\"@type\":\"ImageObject\",\"inLanguage\":\"es-AR\",\"@id\":\"https:\\\/\\\/diariodeloeste.com\\\/noticias\\\/2019\\\/10\\\/11\\\/jaime-mendez-inauguro-la-nueva-maternidad-del-hospital-larcade\\\/#primaryimage\",\"url\":\"https:\\\/\\\/diariodeloeste.com\\\/noticias\\\/wp-content\\\/uploads\\\/2019\\\/10\\\/Inauguraci\u00f3n-de-la-nueva-maternidad-del-Hospital-Larcade.jpg\",\"contentUrl\":\"https:\\\/\\\/diariodeloeste.com\\\/noticias\\\/wp-content\\\/uploads\\\/2019\\\/10\\\/Inauguraci\u00f3n-de-la-nueva-maternidad-del-Hospital-Larcade.jpg\",\"width\":960,\"height\":640},{\"@type\":\"BreadcrumbList\",\"@id\":\"https:\\\/\\\/diariodeloeste.com\\\/noticias\\\/2019\\\/10\\\/11\\\/jaime-mendez-inauguro-la-nueva-maternidad-del-hospital-larcade\\\/#breadcrumb\",\"itemListElement\":[{\"@type\":\"ListItem\",\"position\":1,\"name\":\"Inicio\",\"item\":\"https:\\\/\\\/diariodeloeste.com\\\/noticias\\\/\"},{\"@type\":\"ListItem\",\"position\":2,\"name\":\"Jaime M\u00e9ndez inaugur\u00f3 la nueva maternidad del Hospital Larcade\"}]},{\"@type\":\"WebSite\",\"@id\":\"https:\\\/\\\/diariodeloeste.com\\\/noticias\\\/#website\",\"url\":\"https:\\\/\\\/diariodeloeste.com\\\/noticias\\\/\",\"name\":\"Diario del Oeste\",\"description\":\"Noticias del Oeste\",\"publisher\":{\"@id\":\"https:\\\/\\\/diariodeloeste.com\\\/noticias\\\/#organization\"},\"potentialAction\":[{\"@type\":\"SearchAction\",\"target\":{\"@type\":\"EntryPoint\",\"urlTemplate\":\"https:\\\/\\\/diariodeloeste.com\\\/noticias\\\/?s={search_term_string}\"},\"query-input\":{\"@type\":\"PropertyValueSpecification\",\"valueRequired\":true,\"valueName\":\"search_term_string\"}}],\"inLanguage\":\"es-AR\"},{\"@type\":\"Organization\",\"@id\":\"https:\\\/\\\/diariodeloeste.com\\\/noticias\\\/#organization\",\"name\":\"Diario del Oeste\",\"url\":\"https:\\\/\\\/diariodeloeste.com\\\/noticias\\\/\",\"logo\":{\"@type\":\"ImageObject\",\"inLanguage\":\"es-AR\",\"@id\":\"https:\\\/\\\/diariodeloeste.com\\\/noticias\\\/#\\\/schema\\\/logo\\\/image\\\/\",\"url\":\"https:\\\/\\\/diariodeloeste.com\\\/noticias\\\/wp-content\\\/uploads\\\/2019\\\/04\\\/logo.png\",\"contentUrl\":\"https:\\\/\\\/diariodeloeste.com\\\/noticias\\\/wp-content\\\/uploads\\\/2019\\\/04\\\/logo.png\",\"width\":306,\"height\":145,\"caption\":\"Diario del Oeste\"},\"image\":{\"@id\":\"https:\\\/\\\/diariodeloeste.com\\\/noticias\\\/#\\\/schema\\\/logo\\\/image\\\/\"}},{\"@type\":\"Person\",\"@id\":\"https:\\\/\\\/diariodeloeste.com\\\/noticias\\\/#\\\/schema\\\/person\\\/1f7be965f8c093432e1cbfcee0ac4047\",\"name\":\"Redaccion\",\"image\":{\"@type\":\"ImageObject\",\"inLanguage\":\"es-AR\",\"@id\":\"https:\\\/\\\/secure.gravatar.com\\\/avatar\\\/f9bc3a12e26b32d818d88f9a5b61de20b559752e499df507efa7ea3cea0550ef?s=96&d=mm&r=g\",\"url\":\"https:\\\/\\\/secure.gravatar.com\\\/avatar\\\/f9bc3a12e26b32d818d88f9a5b61de20b559752e499df507efa7ea3cea0550ef?s=96&d=mm&r=g\",\"contentUrl\":\"https:\\\/\\\/secure.gravatar.com\\\/avatar\\\/f9bc3a12e26b32d818d88f9a5b61de20b559752e499df507efa7ea3cea0550ef?s=96&d=mm&r=g\",\"caption\":\"Redaccion\"},\"url\":\"https:\\\/\\\/diariodeloeste.com\\\/noticias\\\/author\\\/redaccion\\\/\"}]}<\/script>\n<!-- \/ Yoast SEO plugin. -->","yoast_head_json":{"title":"Jaime M\u00e9ndez inaugur\u00f3 la nueva maternidad del Hospital Larcade - Diario del Oeste","robots":{"index":"index","follow":"follow","max-snippet":"max-snippet:-1","max-image-preview":"max-image-preview:large","max-video-preview":"max-video-preview:-1"},"canonical":"https:\/\/diariodeloeste.com\/noticias\/2019\/10\/11\/jaime-mendez-inauguro-la-nueva-maternidad-del-hospital-larcade\/","og_locale":"es_ES","og_type":"article","og_title":"Jaime M\u00e9ndez inaugur\u00f3 la nueva maternidad del Hospital Larcade - Diario del Oeste","og_description":"&nbsp; &nbsp; Estuvo acompa\u00f1ado por el secretario de Salud y Bienestar Familiar, Pablo de la Torre, quien expres\u00f3: &#8220;Es una maternidad segura y centrada en la familia&#8221;. La Municipalidad de San Miguel inaugur\u00f3 ayer la nueva maternidad del Hospital Larcade, que incluye un nuevo centro obst\u00e9trico y la remodelaci\u00f3n y ampliaci\u00f3n de las guardias de [&hellip;]","og_url":"https:\/\/diariodeloeste.com\/noticias\/2019\/10\/11\/jaime-mendez-inauguro-la-nueva-maternidad-del-hospital-larcade\/","og_site_name":"Diario del Oeste","article_published_time":"2019-10-11T16:21:07+00:00","og_image":[{"width":960,"height":640,"url":"https:\/\/diariodeloeste.com\/noticias\/wp-content\/uploads\/2019\/10\/Inauguraci\u00f3n-de-la-nueva-maternidad-del-Hospital-Larcade.jpg","type":"image\/jpeg"}],"author":"Redaccion","twitter_card":"summary_large_image","twitter_misc":{"Escrito por":"Redaccion","Tiempo de lectura":"2 minutos"},"schema":{"@context":"https:\/\/schema.org","@graph":[{"@type":"Article","@id":"https:\/\/diariodeloeste.com\/noticias\/2019\/10\/11\/jaime-mendez-inauguro-la-nueva-maternidad-del-hospital-larcade\/#article","isPartOf":{"@id":"https:\/\/diariodeloeste.com\/noticias\/2019\/10\/11\/jaime-mendez-inauguro-la-nueva-maternidad-del-hospital-larcade\/"},"author":{"name":"Redaccion","@id":"https:\/\/diariodeloeste.com\/noticias\/#\/schema\/person\/1f7be965f8c093432e1cbfcee0ac4047"},"headline":"Jaime M\u00e9ndez inaugur\u00f3 la nueva maternidad del Hospital Larcade","datePublished":"2019-10-11T16:21:07+00:00","mainEntityOfPage":{"@id":"https:\/\/diariodeloeste.com\/noticias\/2019\/10\/11\/jaime-mendez-inauguro-la-nueva-maternidad-del-hospital-larcade\/"},"wordCount":361,"publisher":{"@id":"https:\/\/diariodeloeste.com\/noticias\/#organization"},"image":{"@id":"https:\/\/diariodeloeste.com\/noticias\/2019\/10\/11\/jaime-mendez-inauguro-la-nueva-maternidad-del-hospital-larcade\/#primaryimage"},"thumbnailUrl":"https:\/\/diariodeloeste.com\/noticias\/wp-content\/uploads\/2019\/10\/Inauguraci\u00f3n-de-la-nueva-maternidad-del-Hospital-Larcade.jpg","articleSection":["Salud","Titulares"],"inLanguage":"es-AR"},{"@type":"WebPage","@id":"https:\/\/diariodeloeste.com\/noticias\/2019\/10\/11\/jaime-mendez-inauguro-la-nueva-maternidad-del-hospital-larcade\/","url":"https:\/\/diariodeloeste.com\/noticias\/2019\/10\/11\/jaime-mendez-inauguro-la-nueva-maternidad-del-hospital-larcade\/","name":"Jaime M\u00e9ndez inaugur\u00f3 la nueva maternidad del Hospital Larcade - Diario del Oeste","isPartOf":{"@id":"https:\/\/diariodeloeste.com\/noticias\/#website"},"primaryImageOfPage":{"@id":"https:\/\/diariodeloeste.com\/noticias\/2019\/10\/11\/jaime-mendez-inauguro-la-nueva-maternidad-del-hospital-larcade\/#primaryimage"},"image":{"@id":"https:\/\/diariodeloeste.com\/noticias\/2019\/10\/11\/jaime-mendez-inauguro-la-nueva-maternidad-del-hospital-larcade\/#primaryimage"},"thumbnailUrl":"https:\/\/diariodeloeste.com\/noticias\/wp-content\/uploads\/2019\/10\/Inauguraci\u00f3n-de-la-nueva-maternidad-del-Hospital-Larcade.jpg","datePublished":"2019-10-11T16:21:07+00:00","breadcrumb":{"@id":"https:\/\/diariodeloeste.com\/noticias\/2019\/10\/11\/jaime-mendez-inauguro-la-nueva-maternidad-del-hospital-larcade\/#breadcrumb"},"inLanguage":"es-AR","potentialAction":[{"@type":"ReadAction","target":["https:\/\/diariodeloeste.com\/noticias\/2019\/10\/11\/jaime-mendez-inauguro-la-nueva-maternidad-del-hospital-larcade\/"]}]},{"@type":"ImageObject","inLanguage":"es-AR","@id":"https:\/\/diariodeloeste.com\/noticias\/2019\/10\/11\/jaime-mendez-inauguro-la-nueva-maternidad-del-hospital-larcade\/#primaryimage","url":"https:\/\/diariodeloeste.com\/noticias\/wp-content\/uploads\/2019\/10\/Inauguraci\u00f3n-de-la-nueva-maternidad-del-Hospital-Larcade.jpg","contentUrl":"https:\/\/diariodeloeste.com\/noticias\/wp-content\/uploads\/2019\/10\/Inauguraci\u00f3n-de-la-nueva-maternidad-del-Hospital-Larcade.jpg","width":960,"height":640},{"@type":"BreadcrumbList","@id":"https:\/\/diariodeloeste.com\/noticias\/2019\/10\/11\/jaime-mendez-inauguro-la-nueva-maternidad-del-hospital-larcade\/#breadcrumb","itemListElement":[{"@type":"ListItem","position":1,"name":"Inicio","item":"https:\/\/diariodeloeste.com\/noticias\/"},{"@type":"ListItem","position":2,"name":"Jaime M\u00e9ndez inaugur\u00f3 la nueva maternidad del Hospital Larcade"}]},{"@type":"WebSite","@id":"https:\/\/diariodeloeste.com\/noticias\/#website","url":"https:\/\/diariodeloeste.com\/noticias\/","name":"Diario del Oeste","description":"Noticias del Oeste","publisher":{"@id":"https:\/\/diariodeloeste.com\/noticias\/#organization"},"potentialAction":[{"@type":"SearchAction","target":{"@type":"EntryPoint","urlTemplate":"https:\/\/diariodeloeste.com\/noticias\/?s={search_term_string}"},"query-input":{"@type":"PropertyValueSpecification","valueRequired":true,"valueName":"search_term_string"}}],"inLanguage":"es-AR"},{"@type":"Organization","@id":"https:\/\/diariodeloeste.com\/noticias\/#organization","name":"Diario del Oeste","url":"https:\/\/diariodeloeste.com\/noticias\/","logo":{"@type":"ImageObject","inLanguage":"es-AR","@id":"https:\/\/diariodeloeste.com\/noticias\/#\/schema\/logo\/image\/","url":"https:\/\/diariodeloeste.com\/noticias\/wp-content\/uploads\/2019\/04\/logo.png","contentUrl":"https:\/\/diariodeloeste.com\/noticias\/wp-content\/uploads\/2019\/04\/logo.png","width":306,"height":145,"caption":"Diario del Oeste"},"image":{"@id":"https:\/\/diariodeloeste.com\/noticias\/#\/schema\/logo\/image\/"}},{"@type":"Person","@id":"https:\/\/diariodeloeste.com\/noticias\/#\/schema\/person\/1f7be965f8c093432e1cbfcee0ac4047","name":"Redaccion","image":{"@type":"ImageObject","inLanguage":"es-AR","@id":"https:\/\/secure.gravatar.com\/avatar\/f9bc3a12e26b32d818d88f9a5b61de20b559752e499df507efa7ea3cea0550ef?s=96&d=mm&r=g","url":"https:\/\/secure.gravatar.com\/avatar\/f9bc3a12e26b32d818d88f9a5b61de20b559752e499df507efa7ea3cea0550ef?s=96&d=mm&r=g","contentUrl":"https:\/\/secure.gravatar.com\/avatar\/f9bc3a12e26b32d818d88f9a5b61de20b559752e499df507efa7ea3cea0550ef?s=96&d=mm&r=g","caption":"Redaccion"},"url":"https:\/\/diariodeloeste.com\/noticias\/author\/redaccion\/"}]}},"_links":{"self":[{"href":"https:\/\/diariodeloeste.com\/noticias\/wp-json\/wp\/v2\/posts\/5397","targetHints":{"allow":["GET"]}}],"collection":[{"href":"https:\/\/diariodeloeste.com\/noticias\/wp-json\/wp\/v2\/posts"}],"about":[{"href":"https:\/\/diariodeloeste.com\/noticias\/wp-json\/wp\/v2\/types\/post"}],"author":[{"embeddable":true,"href":"https:\/\/diariodeloeste.com\/noticias\/wp-json\/wp\/v2\/users\/3"}],"replies":[{"embeddable":true,"href":"https:\/\/diariodeloeste.com\/noticias\/wp-json\/wp\/v2\/comments?post=5397"}],"version-history":[{"count":1,"href":"https:\/\/diariodeloeste.com\/noticias\/wp-json\/wp\/v2\/posts\/5397\/revisions"}],"predecessor-version":[{"id":5401,"href":"https:\/\/diariodeloeste.com\/noticias\/wp-json\/wp\/v2\/posts\/5397\/revisions\/5401"}],"wp:featuredmedia":[{"embeddable":true,"href":"https:\/\/diariodeloeste.com\/noticias\/wp-json\/wp\/v2\/media\/5398"}],"wp:attachment":[{"href":"https:\/\/diariodeloeste.com\/noticias\/wp-json\/wp\/v2\/media?parent=5397"}],"wp:term":[{"taxonomy":"category","embeddable":true,"href":"https:\/\/diariodeloeste.com\/noticias\/wp-json\/wp\/v2\/categories?post=5397"},{"taxonomy":"post_tag","embeddable":true,"href":"https:\/\/diariodeloeste.com\/noticias\/wp-json\/wp\/v2\/tags?post=5397"}],"curies":[{"name":"wp","href":"https:\/\/api.w.org\/{rel}","templated":true}]}}