{"id":5259,"date":"2019-10-04T17:00:42","date_gmt":"2019-10-04T17:00:42","guid":{"rendered":"https:\/\/diariodeloeste.com\/noticias\/?p=5259"},"modified":"2019-10-04T17:05:16","modified_gmt":"2019-10-04T17:05:16","slug":"malvinas-argentinas-aborda-la-problematica-de-violencia-de-genero","status":"publish","type":"post","link":"https:\/\/diariodeloeste.com\/noticias\/2019\/10\/04\/malvinas-argentinas-aborda-la-problematica-de-violencia-de-genero\/","title":{"rendered":"Malvinas Argentinas aborda la problem\u00e1tica de violencia de g\u00e9nero"},"content":{"rendered":"<div class=\"h7 \" tabindex=\"-1\" role=\"listitem\">\n<div class=\"Bk\">\n<div class=\"G3 G2\">\n<div>\n<div id=\":2tf\">\n<div>\n<div class=\"adn ads\" data-message-id=\"#msg-f:1646312476660299589\" data-legacy-message-id=\"16d8e07998a17745\">\n<div class=\"gs\">\n<div class=\"\">\n<div id=\":3cq\" class=\"ii gt\">\n<div id=\":31p\" class=\"a3s aXjCH msg-647780026000644932\">\n<div dir=\"ltr\">\n<div>\n<p><b><i>Se realiz\u00f3 una charla abierta para debatir acerca de esta problem\u00e1tica actual. Disertaron expertos en temas judiciales. El objetivo es que, cada vez m\u00e1s, la sociedad tome conciencia de esta problem\u00e1tica que afecta a un gran n\u00famero de personas.<\/i><\/b><\/p>\n<p>&nbsp;<\/p>\n<p><i> <\/i>Se realiz\u00f3 una charla abierta sobre violencia de g\u00e9nero en el Sal\u00f3n Auditorio del Palacio Municipal. Disertaron jueces y expertos en el tema, para incluir a la sociedad en esta problem\u00e1tica que atraviesan muchas mujeres y, en muchos casos, los hijos de las mismas.<\/p>\n<p>La titular de la Fiscal\u00eda N\u00ba 5 del Dpto. Judicial de Gral. San Mart\u00edn, Dra. Mar\u00eda Fernanda Billone, coment\u00f3: \u201cEstos espacios son muy importantes para que todos los vecinos conozcan c\u00f3mo la Justicia trabaja y c\u00f3mo tratar este tema, para que se informen y ante una situaci\u00f3n de este estilo, sepan a d\u00f3nde se tienen que dirigir y c\u00f3mo tienen que actuar\u201d.<\/p>\n<p>Por su parte, la titular del Juzgado Criminal y Correccional N\u00ba 2 de Gral. San Mart\u00edn y jueza subrogante del Juzgado Criminal y Correccional N\u00ba 4 del Dpto. Judicial de San Mart\u00edn, Dra. Mar\u00eda Sol Cabanas, dijo: \u201cLo importante es que se tome conciencia de que \u00e9ste es un problema que&nbsp;nos abarca a todos y que puedan animarse a&nbsp;denunciar. Tenemos que colaborar entre todos para poder erradicar este tipo de pr\u00e1cticas violentas\u201d.<\/p>\n<p>Los temas a tratar fueron la problem\u00e1tica actual que gira en torno al tema de la violencia de g\u00e9nero y los procedimientos y particularidades en el fuero penal.<\/p>\n<p>La Dra. Mar\u00eda Silvina P\u00e9rez, presidenta de la C\u00e1mara Civil y Comercial del Dpto. Judicial de Gral. San Mart\u00edn y presidenta de la Comisi\u00f3n contra la Violencia de G\u00e9nero de la Asociaci\u00f3n de Magistrados y Funcionarios de Gral. San Mart\u00edn, afirm\u00f3: \u201cEn San Mart\u00edn se utiliza hace cinco a\u00f1os la tobillera electr\u00f3nica. El hombre lleva este dispositivo&nbsp;en uno de sus tobillos y se lo controla a trav\u00e9s de rastreo satelital, como si fuera un GPS, para ver si se est\u00e1 acercando al l\u00edmite perimetral establecido. La mujer, en su celular, podr\u00e1 ver los movimientos del hombre. Adem\u00e1s se dispara una alerta, en casos en los que el dispositivo colocado se est\u00e9 acercando a la l\u00ednea perimetral.&nbsp;Hay casos en los que la mujer ha sido golpeada frente a sus hijos. Ah\u00ed la violencia tambi\u00e9n los abarca a ellos, porque son v\u00edctimas de violencia psicol\u00f3gica, y en eso tambi\u00e9n hay que trabajar\u201d.<\/p>\n<p>La Dra. Silvana Eliana Trist\u00e1n, secretaria de la Defensor\u00eda Civil de Gral. San Mart\u00edn y jueza del Juzgado de Familia N\u00ba 1 de San Miguel perteneciente al Dpto. Judicial de Gral. San Mart\u00edn, sostuvo: \u201cLa violencia de g\u00e9nero atraviesa todas las clases sociales. Me sorprend\u00ed porque s\u00e9 que en Malvinas Argentinas existe un centro de hospedaje para las mujeres v\u00edctimas de violencia. La preocupaci\u00f3n del intendente Leo Nardini por estas problem\u00e1ticas no es muy com\u00fan, y la calidad de vida que se les da a las mujeres en este lugar, donde tienen todas las comodidades, dignifica a la persona. Esas mujeres pueden pensar en un futuro mejor\u201d.<\/p>\n<p>Por \u00faltimo, el Dr. Javier Bernab\u00e9 Chirinos, defensor oficial criminal y correccional del Dpto. Judicial de Gral. San Mart\u00edn, \u00e1rea descentralizada Malvinas Argentinas, quien tambi\u00e9n disert\u00f3 en la charla, asegur\u00f3: \u201cNadie nace violento, uno se construye, es producto de la sociedad. La violencia es cultural y estamos todos atravesados por este tema. Es importante deconstruirnos, charlar y explicar que los victimarios necesitan recuperarse, porque atr\u00e1s de un victimario hay hijos que sufren. Hay que analizar todos los temas para poder encontrar una soluci\u00f3n\u201d.<\/p>\n<p>En el encuentro estuvieron presentes la subsecretaria de la Mujer, Ni\u00f1ez y Adolescencia, Elizabeth Farese; la secretaria de Gobierno y Monitoreo Institucional, Mar\u00eda Luj\u00e1n Salgado; la subsecretaria de Gobierno y Monitoreo, Sabrina Sienra; y la concejal Sol Jimenez Coronel.<\/p>\n<\/div>\n<\/div>\n<\/div>\n<\/div>\n<div id=\":3el\" class=\"hq gt\">\n<div id=\":3em\" class=\"ho\">\n<div class=\"aZi J-J5-Ji\">\n<div id=\":3ez\" class=\"T-I J-J5-Ji aZj T-I-ax7 T-I-Js-Gs L3\" tabindex=\"0\" role=\"button\" aria-label=\"Guardar todo en Drive\" aria-disabled=\"false\" data-tooltip=\"Guardar todo en Drive\">\n<div class=\"asa\">\n<div class=\"aZg T-I-J3 J-J5-Ji\">\n<div class=\"T-aT4\">\n<div class=\"T-aT4-JX\">&nbsp;<\/div>\n<\/div>\n<\/div>\n<\/div>\n<div class=\"a3I\">&nbsp;<\/div>\n<\/div>\n<\/div>\n<\/div>\n<div id=\":3eo\"><img loading=\"lazy\" decoding=\"async\" class=\"alignnone size-large wp-image-5260\" src=\"https:\/\/diariodeloeste.com\/noticias\/wp-content\/uploads\/2019\/10\/IMG-20191002-WA0097-1024x683.jpg\" alt=\"\" width=\"640\" height=\"427\" srcset=\"https:\/\/diariodeloeste.com\/noticias\/wp-content\/uploads\/2019\/10\/IMG-20191002-WA0097-1024x683.jpg 1024w, https:\/\/diariodeloeste.com\/noticias\/wp-content\/uploads\/2019\/10\/IMG-20191002-WA0097-300x200.jpg 300w, https:\/\/diariodeloeste.com\/noticias\/wp-content\/uploads\/2019\/10\/IMG-20191002-WA0097-768x512.jpg 768w, https:\/\/diariodeloeste.com\/noticias\/wp-content\/uploads\/2019\/10\/IMG-20191002-WA0097.jpg 1280w\" sizes=\"auto, (max-width: 640px) 100vw, 640px\" \/> <img loading=\"lazy\" decoding=\"async\" class=\"alignnone size-large wp-image-5261\" src=\"https:\/\/diariodeloeste.com\/noticias\/wp-content\/uploads\/2019\/10\/IMG-20191002-WA0096-1024x683.jpg\" alt=\"\" width=\"640\" height=\"427\" srcset=\"https:\/\/diariodeloeste.com\/noticias\/wp-content\/uploads\/2019\/10\/IMG-20191002-WA0096-1024x683.jpg 1024w, https:\/\/diariodeloeste.com\/noticias\/wp-content\/uploads\/2019\/10\/IMG-20191002-WA0096-300x200.jpg 300w, https:\/\/diariodeloeste.com\/noticias\/wp-content\/uploads\/2019\/10\/IMG-20191002-WA0096-768x512.jpg 768w, https:\/\/diariodeloeste.com\/noticias\/wp-content\/uploads\/2019\/10\/IMG-20191002-WA0096.jpg 1280w\" sizes=\"auto, (max-width: 640px) 100vw, 640px\" \/><img loading=\"lazy\" decoding=\"async\" class=\"alignnone size-large wp-image-5262\" src=\"https:\/\/diariodeloeste.com\/noticias\/wp-content\/uploads\/2019\/10\/IMG-20191002-WA0101-1024x683.jpg\" alt=\"\" width=\"640\" height=\"427\" srcset=\"https:\/\/diariodeloeste.com\/noticias\/wp-content\/uploads\/2019\/10\/IMG-20191002-WA0101-1024x683.jpg 1024w, https:\/\/diariodeloeste.com\/noticias\/wp-content\/uploads\/2019\/10\/IMG-20191002-WA0101-300x200.jpg 300w, https:\/\/diariodeloeste.com\/noticias\/wp-content\/uploads\/2019\/10\/IMG-20191002-WA0101-768x512.jpg 768w, https:\/\/diariodeloeste.com\/noticias\/wp-content\/uploads\/2019\/10\/IMG-20191002-WA0101.jpg 1280w\" sizes=\"auto, (max-width: 640px) 100vw, 640px\" \/> <img loading=\"lazy\" decoding=\"async\" class=\"alignnone size-large wp-image-5263\" src=\"https:\/\/diariodeloeste.com\/noticias\/wp-content\/uploads\/2019\/10\/IMG-20191002-WA0100-1024x683.jpg\" alt=\"\" width=\"640\" height=\"427\" srcset=\"https:\/\/diariodeloeste.com\/noticias\/wp-content\/uploads\/2019\/10\/IMG-20191002-WA0100-1024x683.jpg 1024w, https:\/\/diariodeloeste.com\/noticias\/wp-content\/uploads\/2019\/10\/IMG-20191002-WA0100-300x200.jpg 300w, https:\/\/diariodeloeste.com\/noticias\/wp-content\/uploads\/2019\/10\/IMG-20191002-WA0100-768x512.jpg 768w, https:\/\/diariodeloeste.com\/noticias\/wp-content\/uploads\/2019\/10\/IMG-20191002-WA0100.jpg 1280w\" sizes=\"auto, (max-width: 640px) 100vw, 640px\" \/><\/div>\n<\/div>\n<div class=\"hi\">&nbsp;<\/div>\n<\/div>\n<\/div>\n<div class=\"ajx\">&nbsp;<\/div>\n<\/div>\n<\/div>\n<\/div>\n<\/div>\n<\/div>\n<\/div>\n<\/div>\n<script>function PlayerjsAsync(){} if(window[\"Playerjs\"]){PlayerjsAsync();}<\/script>","protected":false},"excerpt":{"rendered":"<p>Se realiz\u00f3 una charla abierta para debatir acerca de esta problem\u00e1tica actual. Disertaron expertos en temas judiciales. El objetivo es que, cada vez m\u00e1s, la sociedad tome conciencia de esta problem\u00e1tica que afecta a un gran n\u00famero de personas. &nbsp; Se realiz\u00f3 una charla abierta sobre violencia de g\u00e9nero en el Sal\u00f3n Auditorio del Palacio [&hellip;]<\/p>\n","protected":false},"author":2,"featured_media":5263,"comment_status":"closed","ping_status":"closed","sticky":false,"template":"","format":"standard","meta":{"content-type":"","footnotes":""},"categories":[188,9],"tags":[],"class_list":["post-5259","post","type-post","status-publish","format-standard","has-post-thumbnail","category-salud","category-titulares"],"yoast_head":"<!-- This site is optimized with the Yoast SEO plugin v28.1 - https:\/\/yoast.com\/product\/yoast-seo-wordpress\/ -->\n<title>Malvinas Argentinas aborda la problem\u00e1tica de violencia de g\u00e9nero - Diario del Oeste<\/title>\n<meta name=\"robots\" content=\"index, follow, max-snippet:-1, max-image-preview:large, max-video-preview:-1\" \/>\n<link rel=\"canonical\" href=\"https:\/\/diariodeloeste.com\/noticias\/2019\/10\/04\/malvinas-argentinas-aborda-la-problematica-de-violencia-de-genero\/\" \/>\n<meta property=\"og:locale\" content=\"es_ES\" \/>\n<meta property=\"og:type\" content=\"article\" \/>\n<meta property=\"og:title\" content=\"Malvinas Argentinas aborda la problem\u00e1tica de violencia de g\u00e9nero - Diario del Oeste\" \/>\n<meta property=\"og:description\" content=\"Se realiz\u00f3 una charla abierta para debatir acerca de esta problem\u00e1tica actual. Disertaron expertos en temas judiciales. El objetivo es que, cada vez m\u00e1s, la sociedad tome conciencia de esta problem\u00e1tica que afecta a un gran n\u00famero de personas. &nbsp; Se realiz\u00f3 una charla abierta sobre violencia de g\u00e9nero en el Sal\u00f3n Auditorio del Palacio [&hellip;]\" \/>\n<meta property=\"og:url\" content=\"https:\/\/diariodeloeste.com\/noticias\/2019\/10\/04\/malvinas-argentinas-aborda-la-problematica-de-violencia-de-genero\/\" \/>\n<meta property=\"og:site_name\" content=\"Diario del Oeste\" \/>\n<meta property=\"article:published_time\" content=\"2019-10-04T17:00:42+00:00\" \/>\n<meta property=\"article:modified_time\" content=\"2019-10-04T17:05:16+00:00\" \/>\n<meta property=\"og:image\" content=\"https:\/\/diariodeloeste.com\/noticias\/wp-content\/uploads\/2019\/10\/IMG-20191002-WA0100.jpg\" \/>\n\t<meta property=\"og:image:width\" content=\"1280\" \/>\n\t<meta property=\"og:image:height\" content=\"854\" \/>\n\t<meta property=\"og:image:type\" content=\"image\/jpeg\" \/>\n<meta name=\"author\" content=\"Gustavo Estigarribia\" \/>\n<meta name=\"twitter:card\" content=\"summary_large_image\" \/>\n<meta name=\"twitter:label1\" content=\"Escrito por\" \/>\n\t<meta name=\"twitter:data1\" content=\"Gustavo Estigarribia\" \/>\n\t<meta name=\"twitter:label2\" content=\"Tiempo de lectura\" \/>\n\t<meta name=\"twitter:data2\" content=\"3 minutos\" \/>\n<script type=\"application\/ld+json\" class=\"yoast-schema-graph\">{\"@context\":\"https:\\\/\\\/schema.org\",\"@graph\":[{\"@type\":\"Article\",\"@id\":\"https:\\\/\\\/diariodeloeste.com\\\/noticias\\\/2019\\\/10\\\/04\\\/malvinas-argentinas-aborda-la-problematica-de-violencia-de-genero\\\/#article\",\"isPartOf\":{\"@id\":\"https:\\\/\\\/diariodeloeste.com\\\/noticias\\\/2019\\\/10\\\/04\\\/malvinas-argentinas-aborda-la-problematica-de-violencia-de-genero\\\/\"},\"author\":{\"name\":\"Gustavo Estigarribia\",\"@id\":\"https:\\\/\\\/diariodeloeste.com\\\/noticias\\\/#\\\/schema\\\/person\\\/3a3a5f3ec7ed5a075fa74c2ff26c22ea\"},\"headline\":\"Malvinas Argentinas aborda la problem\u00e1tica de violencia de g\u00e9nero\",\"datePublished\":\"2019-10-04T17:00:42+00:00\",\"dateModified\":\"2019-10-04T17:05:16+00:00\",\"mainEntityOfPage\":{\"@id\":\"https:\\\/\\\/diariodeloeste.com\\\/noticias\\\/2019\\\/10\\\/04\\\/malvinas-argentinas-aborda-la-problematica-de-violencia-de-genero\\\/\"},\"wordCount\":700,\"publisher\":{\"@id\":\"https:\\\/\\\/diariodeloeste.com\\\/noticias\\\/#organization\"},\"image\":{\"@id\":\"https:\\\/\\\/diariodeloeste.com\\\/noticias\\\/2019\\\/10\\\/04\\\/malvinas-argentinas-aborda-la-problematica-de-violencia-de-genero\\\/#primaryimage\"},\"thumbnailUrl\":\"https:\\\/\\\/diariodeloeste.com\\\/noticias\\\/wp-content\\\/uploads\\\/2019\\\/10\\\/IMG-20191002-WA0100.jpg\",\"articleSection\":[\"Salud\",\"Titulares\"],\"inLanguage\":\"es-AR\"},{\"@type\":\"WebPage\",\"@id\":\"https:\\\/\\\/diariodeloeste.com\\\/noticias\\\/2019\\\/10\\\/04\\\/malvinas-argentinas-aborda-la-problematica-de-violencia-de-genero\\\/\",\"url\":\"https:\\\/\\\/diariodeloeste.com\\\/noticias\\\/2019\\\/10\\\/04\\\/malvinas-argentinas-aborda-la-problematica-de-violencia-de-genero\\\/\",\"name\":\"Malvinas Argentinas aborda la problem\u00e1tica de violencia de g\u00e9nero - Diario del Oeste\",\"isPartOf\":{\"@id\":\"https:\\\/\\\/diariodeloeste.com\\\/noticias\\\/#website\"},\"primaryImageOfPage\":{\"@id\":\"https:\\\/\\\/diariodeloeste.com\\\/noticias\\\/2019\\\/10\\\/04\\\/malvinas-argentinas-aborda-la-problematica-de-violencia-de-genero\\\/#primaryimage\"},\"image\":{\"@id\":\"https:\\\/\\\/diariodeloeste.com\\\/noticias\\\/2019\\\/10\\\/04\\\/malvinas-argentinas-aborda-la-problematica-de-violencia-de-genero\\\/#primaryimage\"},\"thumbnailUrl\":\"https:\\\/\\\/diariodeloeste.com\\\/noticias\\\/wp-content\\\/uploads\\\/2019\\\/10\\\/IMG-20191002-WA0100.jpg\",\"datePublished\":\"2019-10-04T17:00:42+00:00\",\"dateModified\":\"2019-10-04T17:05:16+00:00\",\"breadcrumb\":{\"@id\":\"https:\\\/\\\/diariodeloeste.com\\\/noticias\\\/2019\\\/10\\\/04\\\/malvinas-argentinas-aborda-la-problematica-de-violencia-de-genero\\\/#breadcrumb\"},\"inLanguage\":\"es-AR\",\"potentialAction\":[{\"@type\":\"ReadAction\",\"target\":[\"https:\\\/\\\/diariodeloeste.com\\\/noticias\\\/2019\\\/10\\\/04\\\/malvinas-argentinas-aborda-la-problematica-de-violencia-de-genero\\\/\"]}]},{\"@type\":\"ImageObject\",\"inLanguage\":\"es-AR\",\"@id\":\"https:\\\/\\\/diariodeloeste.com\\\/noticias\\\/2019\\\/10\\\/04\\\/malvinas-argentinas-aborda-la-problematica-de-violencia-de-genero\\\/#primaryimage\",\"url\":\"https:\\\/\\\/diariodeloeste.com\\\/noticias\\\/wp-content\\\/uploads\\\/2019\\\/10\\\/IMG-20191002-WA0100.jpg\",\"contentUrl\":\"https:\\\/\\\/diariodeloeste.com\\\/noticias\\\/wp-content\\\/uploads\\\/2019\\\/10\\\/IMG-20191002-WA0100.jpg\",\"width\":1280,\"height\":854},{\"@type\":\"BreadcrumbList\",\"@id\":\"https:\\\/\\\/diariodeloeste.com\\\/noticias\\\/2019\\\/10\\\/04\\\/malvinas-argentinas-aborda-la-problematica-de-violencia-de-genero\\\/#breadcrumb\",\"itemListElement\":[{\"@type\":\"ListItem\",\"position\":1,\"name\":\"Inicio\",\"item\":\"https:\\\/\\\/diariodeloeste.com\\\/noticias\\\/\"},{\"@type\":\"ListItem\",\"position\":2,\"name\":\"Malvinas Argentinas aborda la problem\u00e1tica de violencia de g\u00e9nero\"}]},{\"@type\":\"WebSite\",\"@id\":\"https:\\\/\\\/diariodeloeste.com\\\/noticias\\\/#website\",\"url\":\"https:\\\/\\\/diariodeloeste.com\\\/noticias\\\/\",\"name\":\"Diario del Oeste\",\"description\":\"Noticias del Oeste\",\"publisher\":{\"@id\":\"https:\\\/\\\/diariodeloeste.com\\\/noticias\\\/#organization\"},\"potentialAction\":[{\"@type\":\"SearchAction\",\"target\":{\"@type\":\"EntryPoint\",\"urlTemplate\":\"https:\\\/\\\/diariodeloeste.com\\\/noticias\\\/?s={search_term_string}\"},\"query-input\":{\"@type\":\"PropertyValueSpecification\",\"valueRequired\":true,\"valueName\":\"search_term_string\"}}],\"inLanguage\":\"es-AR\"},{\"@type\":\"Organization\",\"@id\":\"https:\\\/\\\/diariodeloeste.com\\\/noticias\\\/#organization\",\"name\":\"Diario del Oeste\",\"url\":\"https:\\\/\\\/diariodeloeste.com\\\/noticias\\\/\",\"logo\":{\"@type\":\"ImageObject\",\"inLanguage\":\"es-AR\",\"@id\":\"https:\\\/\\\/diariodeloeste.com\\\/noticias\\\/#\\\/schema\\\/logo\\\/image\\\/\",\"url\":\"https:\\\/\\\/diariodeloeste.com\\\/noticias\\\/wp-content\\\/uploads\\\/2019\\\/04\\\/logo.png\",\"contentUrl\":\"https:\\\/\\\/diariodeloeste.com\\\/noticias\\\/wp-content\\\/uploads\\\/2019\\\/04\\\/logo.png\",\"width\":306,\"height\":145,\"caption\":\"Diario del Oeste\"},\"image\":{\"@id\":\"https:\\\/\\\/diariodeloeste.com\\\/noticias\\\/#\\\/schema\\\/logo\\\/image\\\/\"}},{\"@type\":\"Person\",\"@id\":\"https:\\\/\\\/diariodeloeste.com\\\/noticias\\\/#\\\/schema\\\/person\\\/3a3a5f3ec7ed5a075fa74c2ff26c22ea\",\"name\":\"Gustavo Estigarribia\",\"image\":{\"@type\":\"ImageObject\",\"inLanguage\":\"es-AR\",\"@id\":\"https:\\\/\\\/secure.gravatar.com\\\/avatar\\\/672cb09e7a268a367094420673bf8f01ae6b90fa8d1005589efaf5a58fb1906b?s=96&d=mm&r=g\",\"url\":\"https:\\\/\\\/secure.gravatar.com\\\/avatar\\\/672cb09e7a268a367094420673bf8f01ae6b90fa8d1005589efaf5a58fb1906b?s=96&d=mm&r=g\",\"contentUrl\":\"https:\\\/\\\/secure.gravatar.com\\\/avatar\\\/672cb09e7a268a367094420673bf8f01ae6b90fa8d1005589efaf5a58fb1906b?s=96&d=mm&r=g\",\"caption\":\"Gustavo Estigarribia\"},\"description\":\"Periodista\",\"sameAs\":[\"http:\\\/\\\/diarioplus.com.ar\"],\"url\":\"https:\\\/\\\/diariodeloeste.com\\\/noticias\\\/author\\\/gustavo\\\/\"}]}<\/script>\n<!-- \/ Yoast SEO plugin. -->","yoast_head_json":{"title":"Malvinas Argentinas aborda la problem\u00e1tica de violencia de g\u00e9nero - Diario del Oeste","robots":{"index":"index","follow":"follow","max-snippet":"max-snippet:-1","max-image-preview":"max-image-preview:large","max-video-preview":"max-video-preview:-1"},"canonical":"https:\/\/diariodeloeste.com\/noticias\/2019\/10\/04\/malvinas-argentinas-aborda-la-problematica-de-violencia-de-genero\/","og_locale":"es_ES","og_type":"article","og_title":"Malvinas Argentinas aborda la problem\u00e1tica de violencia de g\u00e9nero - Diario del Oeste","og_description":"Se realiz\u00f3 una charla abierta para debatir acerca de esta problem\u00e1tica actual. Disertaron expertos en temas judiciales. El objetivo es que, cada vez m\u00e1s, la sociedad tome conciencia de esta problem\u00e1tica que afecta a un gran n\u00famero de personas. &nbsp; Se realiz\u00f3 una charla abierta sobre violencia de g\u00e9nero en el Sal\u00f3n Auditorio del Palacio [&hellip;]","og_url":"https:\/\/diariodeloeste.com\/noticias\/2019\/10\/04\/malvinas-argentinas-aborda-la-problematica-de-violencia-de-genero\/","og_site_name":"Diario del Oeste","article_published_time":"2019-10-04T17:00:42+00:00","article_modified_time":"2019-10-04T17:05:16+00:00","og_image":[{"width":1280,"height":854,"url":"https:\/\/diariodeloeste.com\/noticias\/wp-content\/uploads\/2019\/10\/IMG-20191002-WA0100.jpg","type":"image\/jpeg"}],"author":"Gustavo Estigarribia","twitter_card":"summary_large_image","twitter_misc":{"Escrito por":"Gustavo Estigarribia","Tiempo de lectura":"3 minutos"},"schema":{"@context":"https:\/\/schema.org","@graph":[{"@type":"Article","@id":"https:\/\/diariodeloeste.com\/noticias\/2019\/10\/04\/malvinas-argentinas-aborda-la-problematica-de-violencia-de-genero\/#article","isPartOf":{"@id":"https:\/\/diariodeloeste.com\/noticias\/2019\/10\/04\/malvinas-argentinas-aborda-la-problematica-de-violencia-de-genero\/"},"author":{"name":"Gustavo Estigarribia","@id":"https:\/\/diariodeloeste.com\/noticias\/#\/schema\/person\/3a3a5f3ec7ed5a075fa74c2ff26c22ea"},"headline":"Malvinas Argentinas aborda la problem\u00e1tica de violencia de g\u00e9nero","datePublished":"2019-10-04T17:00:42+00:00","dateModified":"2019-10-04T17:05:16+00:00","mainEntityOfPage":{"@id":"https:\/\/diariodeloeste.com\/noticias\/2019\/10\/04\/malvinas-argentinas-aborda-la-problematica-de-violencia-de-genero\/"},"wordCount":700,"publisher":{"@id":"https:\/\/diariodeloeste.com\/noticias\/#organization"},"image":{"@id":"https:\/\/diariodeloeste.com\/noticias\/2019\/10\/04\/malvinas-argentinas-aborda-la-problematica-de-violencia-de-genero\/#primaryimage"},"thumbnailUrl":"https:\/\/diariodeloeste.com\/noticias\/wp-content\/uploads\/2019\/10\/IMG-20191002-WA0100.jpg","articleSection":["Salud","Titulares"],"inLanguage":"es-AR"},{"@type":"WebPage","@id":"https:\/\/diariodeloeste.com\/noticias\/2019\/10\/04\/malvinas-argentinas-aborda-la-problematica-de-violencia-de-genero\/","url":"https:\/\/diariodeloeste.com\/noticias\/2019\/10\/04\/malvinas-argentinas-aborda-la-problematica-de-violencia-de-genero\/","name":"Malvinas Argentinas aborda la problem\u00e1tica de violencia de g\u00e9nero - Diario del Oeste","isPartOf":{"@id":"https:\/\/diariodeloeste.com\/noticias\/#website"},"primaryImageOfPage":{"@id":"https:\/\/diariodeloeste.com\/noticias\/2019\/10\/04\/malvinas-argentinas-aborda-la-problematica-de-violencia-de-genero\/#primaryimage"},"image":{"@id":"https:\/\/diariodeloeste.com\/noticias\/2019\/10\/04\/malvinas-argentinas-aborda-la-problematica-de-violencia-de-genero\/#primaryimage"},"thumbnailUrl":"https:\/\/diariodeloeste.com\/noticias\/wp-content\/uploads\/2019\/10\/IMG-20191002-WA0100.jpg","datePublished":"2019-10-04T17:00:42+00:00","dateModified":"2019-10-04T17:05:16+00:00","breadcrumb":{"@id":"https:\/\/diariodeloeste.com\/noticias\/2019\/10\/04\/malvinas-argentinas-aborda-la-problematica-de-violencia-de-genero\/#breadcrumb"},"inLanguage":"es-AR","potentialAction":[{"@type":"ReadAction","target":["https:\/\/diariodeloeste.com\/noticias\/2019\/10\/04\/malvinas-argentinas-aborda-la-problematica-de-violencia-de-genero\/"]}]},{"@type":"ImageObject","inLanguage":"es-AR","@id":"https:\/\/diariodeloeste.com\/noticias\/2019\/10\/04\/malvinas-argentinas-aborda-la-problematica-de-violencia-de-genero\/#primaryimage","url":"https:\/\/diariodeloeste.com\/noticias\/wp-content\/uploads\/2019\/10\/IMG-20191002-WA0100.jpg","contentUrl":"https:\/\/diariodeloeste.com\/noticias\/wp-content\/uploads\/2019\/10\/IMG-20191002-WA0100.jpg","width":1280,"height":854},{"@type":"BreadcrumbList","@id":"https:\/\/diariodeloeste.com\/noticias\/2019\/10\/04\/malvinas-argentinas-aborda-la-problematica-de-violencia-de-genero\/#breadcrumb","itemListElement":[{"@type":"ListItem","position":1,"name":"Inicio","item":"https:\/\/diariodeloeste.com\/noticias\/"},{"@type":"ListItem","position":2,"name":"Malvinas Argentinas aborda la problem\u00e1tica de violencia de g\u00e9nero"}]},{"@type":"WebSite","@id":"https:\/\/diariodeloeste.com\/noticias\/#website","url":"https:\/\/diariodeloeste.com\/noticias\/","name":"Diario del Oeste","description":"Noticias del Oeste","publisher":{"@id":"https:\/\/diariodeloeste.com\/noticias\/#organization"},"potentialAction":[{"@type":"SearchAction","target":{"@type":"EntryPoint","urlTemplate":"https:\/\/diariodeloeste.com\/noticias\/?s={search_term_string}"},"query-input":{"@type":"PropertyValueSpecification","valueRequired":true,"valueName":"search_term_string"}}],"inLanguage":"es-AR"},{"@type":"Organization","@id":"https:\/\/diariodeloeste.com\/noticias\/#organization","name":"Diario del Oeste","url":"https:\/\/diariodeloeste.com\/noticias\/","logo":{"@type":"ImageObject","inLanguage":"es-AR","@id":"https:\/\/diariodeloeste.com\/noticias\/#\/schema\/logo\/image\/","url":"https:\/\/diariodeloeste.com\/noticias\/wp-content\/uploads\/2019\/04\/logo.png","contentUrl":"https:\/\/diariodeloeste.com\/noticias\/wp-content\/uploads\/2019\/04\/logo.png","width":306,"height":145,"caption":"Diario del Oeste"},"image":{"@id":"https:\/\/diariodeloeste.com\/noticias\/#\/schema\/logo\/image\/"}},{"@type":"Person","@id":"https:\/\/diariodeloeste.com\/noticias\/#\/schema\/person\/3a3a5f3ec7ed5a075fa74c2ff26c22ea","name":"Gustavo Estigarribia","image":{"@type":"ImageObject","inLanguage":"es-AR","@id":"https:\/\/secure.gravatar.com\/avatar\/672cb09e7a268a367094420673bf8f01ae6b90fa8d1005589efaf5a58fb1906b?s=96&d=mm&r=g","url":"https:\/\/secure.gravatar.com\/avatar\/672cb09e7a268a367094420673bf8f01ae6b90fa8d1005589efaf5a58fb1906b?s=96&d=mm&r=g","contentUrl":"https:\/\/secure.gravatar.com\/avatar\/672cb09e7a268a367094420673bf8f01ae6b90fa8d1005589efaf5a58fb1906b?s=96&d=mm&r=g","caption":"Gustavo Estigarribia"},"description":"Periodista","sameAs":["http:\/\/diarioplus.com.ar"],"url":"https:\/\/diariodeloeste.com\/noticias\/author\/gustavo\/"}]}},"_links":{"self":[{"href":"https:\/\/diariodeloeste.com\/noticias\/wp-json\/wp\/v2\/posts\/5259","targetHints":{"allow":["GET"]}}],"collection":[{"href":"https:\/\/diariodeloeste.com\/noticias\/wp-json\/wp\/v2\/posts"}],"about":[{"href":"https:\/\/diariodeloeste.com\/noticias\/wp-json\/wp\/v2\/types\/post"}],"author":[{"embeddable":true,"href":"https:\/\/diariodeloeste.com\/noticias\/wp-json\/wp\/v2\/users\/2"}],"replies":[{"embeddable":true,"href":"https:\/\/diariodeloeste.com\/noticias\/wp-json\/wp\/v2\/comments?post=5259"}],"version-history":[{"count":2,"href":"https:\/\/diariodeloeste.com\/noticias\/wp-json\/wp\/v2\/posts\/5259\/revisions"}],"predecessor-version":[{"id":5265,"href":"https:\/\/diariodeloeste.com\/noticias\/wp-json\/wp\/v2\/posts\/5259\/revisions\/5265"}],"wp:featuredmedia":[{"embeddable":true,"href":"https:\/\/diariodeloeste.com\/noticias\/wp-json\/wp\/v2\/media\/5263"}],"wp:attachment":[{"href":"https:\/\/diariodeloeste.com\/noticias\/wp-json\/wp\/v2\/media?parent=5259"}],"wp:term":[{"taxonomy":"category","embeddable":true,"href":"https:\/\/diariodeloeste.com\/noticias\/wp-json\/wp\/v2\/categories?post=5259"},{"taxonomy":"post_tag","embeddable":true,"href":"https:\/\/diariodeloeste.com\/noticias\/wp-json\/wp\/v2\/tags?post=5259"}],"curies":[{"name":"wp","href":"https:\/\/api.w.org\/{rel}","templated":true}]}}