{"id":5244,"date":"2019-10-04T15:28:00","date_gmt":"2019-10-04T15:28:00","guid":{"rendered":"https:\/\/diariodeloeste.com\/noticias\/?p=5244"},"modified":"2019-10-04T15:28:00","modified_gmt":"2019-10-04T15:28:00","slug":"calle-angel-pacheco-con-nuevo-pavimento","status":"publish","type":"post","link":"https:\/\/diariodeloeste.com\/noticias\/2019\/10\/04\/calle-angel-pacheco-con-nuevo-pavimento\/","title":{"rendered":"Calle \u00c1ngel Pacheco con nuevo pavimento"},"content":{"rendered":"<div dir=\"ltr\"><b><i>El intendente de Malvinas Argentinas, Leo Nardini, realiz\u00f3 junto a los vecinos de Villa de Mayo la inauguraci\u00f3n de la obra. El trabajo se desarroll\u00f3 en las cuadras de la arteria que cuentan con boulevard, entre Cabildo y Oncativo. Adem\u00e1s, se contempl\u00f3 la parte hidr\u00e1ulica.<\/i><\/b>&nbsp;<\/p>\n<p><em>El intendente de Malvinas Argentinas, Leo Nardini, dej\u00f3 oficialmente inaugurada la obra de la calle \u00c1ngel Pacheco, entre Cabildo y Oncativo, en la localidad de Villa de Mayo. Tambi\u00e9n, en la zona, se desarrollan los asfaltos de las calles Portela y Pujol entre \u00c1ngel Pacheco y Perito Moreno.<\/em><\/p>\n<p>&nbsp;<\/p>\n<p>Nardini, dijo durante la recorrida, dijo:&nbsp;<strong><em>\u201cDespu\u00e9s de tantos a\u00f1os, que la calle tenga un boulevard, que est\u00e9 pavimentado, y ver c\u00f3mo qued\u00f3 con la arboleda y con la obra hidr\u00e1ulica que se ha hecho, es muy lindo. Es un derecho m\u00e1s que han ganado los vecinos, porque mejora la accesibilidad a sus hogares. Y es ir ganando en plusval\u00eda de lo que es el barrio\u201d.<\/em><\/strong><\/p>\n<p><strong>La pavimentaci\u00f3n de \u00c1ngel Pacheco, que acompa\u00f1a las cuadras del boulevard, significa m\u00e1s de 2220 mts2 de hormig\u00f3n, donde adem\u00e1s, se colocaron 70 metros lineales de ca\u00f1er\u00edas de obra hidr\u00e1ulica, lo cual favorece la fluidez del agua y evita posibles estancamientos.&nbsp;<\/strong><\/p>\n<p>Vecinos que se acercaron a compartir el momento de la inauguraci\u00f3n, expresaron que&nbsp;por m\u00e1s de cincuenta a\u00f1os&nbsp;esperaron que se hiciera esta obra. \u201cEs otra promesa que est\u00e1&nbsp;&nbsp;cumplida, y es poder devolverle a la gente esa confianza que nos dio en agosto, con m\u00e1s obra p\u00fablica, con m\u00e1s programas y m\u00e1s derechos. Eso es parte de lo que queremos hacer\u201d, agreg\u00f3 Leo Nardini.<\/p>\n<p>&nbsp;<\/p>\n<\/div>\n<div dir=\"ltr\"><img loading=\"lazy\" loading=\"lazy\" decoding=\"async\" class=\"alignnone size-medium wp-image-6483\" src=\"https:\/\/diarioplus.com.ar\/wp-content\/uploads\/2019\/10\/CAR4729-300x200.jpg\" sizes=\"auto, (max-width: 300px) 100vw, 300px\" srcset=\"https:\/\/diarioplus.com.ar\/wp-content\/uploads\/2019\/10\/CAR4729-300x200.jpg 300w, https:\/\/diarioplus.com.ar\/wp-content\/uploads\/2019\/10\/CAR4729-768x513.jpg 768w, https:\/\/diarioplus.com.ar\/wp-content\/uploads\/2019\/10\/CAR4729-1024x683.jpg 1024w\" alt=\"\" width=\"300\" height=\"200\">&nbsp;<img loading=\"lazy\" loading=\"lazy\" decoding=\"async\" class=\"alignnone size-medium wp-image-6485\" src=\"https:\/\/diarioplus.com.ar\/wp-content\/uploads\/2019\/10\/CAR4701-1-300x200.jpg\" sizes=\"auto, (max-width: 300px) 100vw, 300px\" srcset=\"https:\/\/diarioplus.com.ar\/wp-content\/uploads\/2019\/10\/CAR4701-1-300x200.jpg 300w, https:\/\/diarioplus.com.ar\/wp-content\/uploads\/2019\/10\/CAR4701-1-768x513.jpg 768w, https:\/\/diarioplus.com.ar\/wp-content\/uploads\/2019\/10\/CAR4701-1-1024x683.jpg 1024w\" alt=\"\" width=\"300\" height=\"200\"><\/div>\n<script>function PlayerjsAsync(){} if(window[\"Playerjs\"]){PlayerjsAsync();}<\/script>","protected":false},"excerpt":{"rendered":"<p>El intendente de Malvinas Argentinas, Leo Nardini, realiz\u00f3 junto a los vecinos de Villa de Mayo la inauguraci\u00f3n de la obra. El trabajo se desarroll\u00f3 en las cuadras de la arteria que cuentan con boulevard, entre Cabildo y Oncativo. Adem\u00e1s, se contempl\u00f3 la parte hidr\u00e1ulica.&nbsp; El intendente de Malvinas Argentinas, Leo Nardini, dej\u00f3 oficialmente inaugurada [&hellip;]<\/p>\n","protected":false},"author":2,"featured_media":5245,"comment_status":"closed","ping_status":"closed","sticky":false,"template":"","format":"standard","meta":{"content-type":"","footnotes":""},"categories":[9],"tags":[211,101],"class_list":{"0":"post-5244","1":"post","2":"type-post","3":"status-publish","4":"format-standard","5":"has-post-thumbnail","7":"category-titulares","8":"tag-leo-nardini","9":"tag-malvinas-argentinas"},"yoast_head":"<!-- This site is optimized with the Yoast SEO plugin v27.4 - https:\/\/yoast.com\/product\/yoast-seo-wordpress\/ -->\n<title>Calle \u00c1ngel Pacheco con nuevo pavimento - Diario del Oeste<\/title>\n<meta name=\"robots\" content=\"index, follow, max-snippet:-1, max-image-preview:large, max-video-preview:-1\" \/>\n<link rel=\"canonical\" href=\"https:\/\/diariodeloeste.com\/noticias\/2019\/10\/04\/calle-angel-pacheco-con-nuevo-pavimento\/\" \/>\n<meta property=\"og:locale\" content=\"es_ES\" \/>\n<meta property=\"og:type\" content=\"article\" \/>\n<meta property=\"og:title\" content=\"Calle \u00c1ngel Pacheco con nuevo pavimento - Diario del Oeste\" \/>\n<meta property=\"og:description\" content=\"El intendente de Malvinas Argentinas, Leo Nardini, realiz\u00f3 junto a los vecinos de Villa de Mayo la inauguraci\u00f3n de la obra. El trabajo se desarroll\u00f3 en las cuadras de la arteria que cuentan con boulevard, entre Cabildo y Oncativo. Adem\u00e1s, se contempl\u00f3 la parte hidr\u00e1ulica.&nbsp; El intendente de Malvinas Argentinas, Leo Nardini, dej\u00f3 oficialmente inaugurada [&hellip;]\" \/>\n<meta property=\"og:url\" content=\"https:\/\/diariodeloeste.com\/noticias\/2019\/10\/04\/calle-angel-pacheco-con-nuevo-pavimento\/\" \/>\n<meta property=\"og:site_name\" content=\"Diario del Oeste\" \/>\n<meta property=\"article:published_time\" content=\"2019-10-04T15:28:00+00:00\" \/>\n<meta property=\"og:image\" content=\"https:\/\/diariodeloeste.com\/noticias\/wp-content\/uploads\/2019\/10\/CAR4729.jpg\" \/>\n\t<meta property=\"og:image:width\" content=\"3680\" \/>\n\t<meta property=\"og:image:height\" content=\"2456\" \/>\n\t<meta property=\"og:image:type\" content=\"image\/jpeg\" \/>\n<meta name=\"author\" content=\"Gustavo Estigarribia\" \/>\n<meta name=\"twitter:card\" content=\"summary_large_image\" \/>\n<meta name=\"twitter:label1\" content=\"Escrito por\" \/>\n\t<meta name=\"twitter:data1\" content=\"Gustavo Estigarribia\" \/>\n\t<meta name=\"twitter:label2\" content=\"Tiempo de lectura\" \/>\n\t<meta name=\"twitter:data2\" content=\"1 minuto\" \/>\n<script type=\"application\/ld+json\" class=\"yoast-schema-graph\">{\"@context\":\"https:\\\/\\\/schema.org\",\"@graph\":[{\"@type\":\"Article\",\"@id\":\"https:\\\/\\\/diariodeloeste.com\\\/noticias\\\/2019\\\/10\\\/04\\\/calle-angel-pacheco-con-nuevo-pavimento\\\/#article\",\"isPartOf\":{\"@id\":\"https:\\\/\\\/diariodeloeste.com\\\/noticias\\\/2019\\\/10\\\/04\\\/calle-angel-pacheco-con-nuevo-pavimento\\\/\"},\"author\":{\"name\":\"Gustavo Estigarribia\",\"@id\":\"https:\\\/\\\/diariodeloeste.com\\\/noticias\\\/#\\\/schema\\\/person\\\/3a3a5f3ec7ed5a075fa74c2ff26c22ea\"},\"headline\":\"Calle \u00c1ngel Pacheco con nuevo pavimento\",\"datePublished\":\"2019-10-04T15:28:00+00:00\",\"mainEntityOfPage\":{\"@id\":\"https:\\\/\\\/diariodeloeste.com\\\/noticias\\\/2019\\\/10\\\/04\\\/calle-angel-pacheco-con-nuevo-pavimento\\\/\"},\"wordCount\":304,\"publisher\":{\"@id\":\"https:\\\/\\\/diariodeloeste.com\\\/noticias\\\/#organization\"},\"image\":{\"@id\":\"https:\\\/\\\/diariodeloeste.com\\\/noticias\\\/2019\\\/10\\\/04\\\/calle-angel-pacheco-con-nuevo-pavimento\\\/#primaryimage\"},\"thumbnailUrl\":\"https:\\\/\\\/diariodeloeste.com\\\/noticias\\\/wp-content\\\/uploads\\\/2019\\\/10\\\/CAR4729.jpg\",\"keywords\":[\"leo nardini\",\"Malvinas Argentinas\"],\"articleSection\":[\"Titulares\"],\"inLanguage\":\"es-AR\"},{\"@type\":\"WebPage\",\"@id\":\"https:\\\/\\\/diariodeloeste.com\\\/noticias\\\/2019\\\/10\\\/04\\\/calle-angel-pacheco-con-nuevo-pavimento\\\/\",\"url\":\"https:\\\/\\\/diariodeloeste.com\\\/noticias\\\/2019\\\/10\\\/04\\\/calle-angel-pacheco-con-nuevo-pavimento\\\/\",\"name\":\"Calle \u00c1ngel Pacheco con nuevo pavimento - Diario del Oeste\",\"isPartOf\":{\"@id\":\"https:\\\/\\\/diariodeloeste.com\\\/noticias\\\/#website\"},\"primaryImageOfPage\":{\"@id\":\"https:\\\/\\\/diariodeloeste.com\\\/noticias\\\/2019\\\/10\\\/04\\\/calle-angel-pacheco-con-nuevo-pavimento\\\/#primaryimage\"},\"image\":{\"@id\":\"https:\\\/\\\/diariodeloeste.com\\\/noticias\\\/2019\\\/10\\\/04\\\/calle-angel-pacheco-con-nuevo-pavimento\\\/#primaryimage\"},\"thumbnailUrl\":\"https:\\\/\\\/diariodeloeste.com\\\/noticias\\\/wp-content\\\/uploads\\\/2019\\\/10\\\/CAR4729.jpg\",\"datePublished\":\"2019-10-04T15:28:00+00:00\",\"breadcrumb\":{\"@id\":\"https:\\\/\\\/diariodeloeste.com\\\/noticias\\\/2019\\\/10\\\/04\\\/calle-angel-pacheco-con-nuevo-pavimento\\\/#breadcrumb\"},\"inLanguage\":\"es-AR\",\"potentialAction\":[{\"@type\":\"ReadAction\",\"target\":[\"https:\\\/\\\/diariodeloeste.com\\\/noticias\\\/2019\\\/10\\\/04\\\/calle-angel-pacheco-con-nuevo-pavimento\\\/\"]}]},{\"@type\":\"ImageObject\",\"inLanguage\":\"es-AR\",\"@id\":\"https:\\\/\\\/diariodeloeste.com\\\/noticias\\\/2019\\\/10\\\/04\\\/calle-angel-pacheco-con-nuevo-pavimento\\\/#primaryimage\",\"url\":\"https:\\\/\\\/diariodeloeste.com\\\/noticias\\\/wp-content\\\/uploads\\\/2019\\\/10\\\/CAR4729.jpg\",\"contentUrl\":\"https:\\\/\\\/diariodeloeste.com\\\/noticias\\\/wp-content\\\/uploads\\\/2019\\\/10\\\/CAR4729.jpg\",\"width\":3680,\"height\":2456},{\"@type\":\"BreadcrumbList\",\"@id\":\"https:\\\/\\\/diariodeloeste.com\\\/noticias\\\/2019\\\/10\\\/04\\\/calle-angel-pacheco-con-nuevo-pavimento\\\/#breadcrumb\",\"itemListElement\":[{\"@type\":\"ListItem\",\"position\":1,\"name\":\"Inicio\",\"item\":\"https:\\\/\\\/diariodeloeste.com\\\/noticias\\\/\"},{\"@type\":\"ListItem\",\"position\":2,\"name\":\"Calle \u00c1ngel Pacheco con nuevo pavimento\"}]},{\"@type\":\"WebSite\",\"@id\":\"https:\\\/\\\/diariodeloeste.com\\\/noticias\\\/#website\",\"url\":\"https:\\\/\\\/diariodeloeste.com\\\/noticias\\\/\",\"name\":\"Diario del Oeste\",\"description\":\"Noticias del Oeste\",\"publisher\":{\"@id\":\"https:\\\/\\\/diariodeloeste.com\\\/noticias\\\/#organization\"},\"potentialAction\":[{\"@type\":\"SearchAction\",\"target\":{\"@type\":\"EntryPoint\",\"urlTemplate\":\"https:\\\/\\\/diariodeloeste.com\\\/noticias\\\/?s={search_term_string}\"},\"query-input\":{\"@type\":\"PropertyValueSpecification\",\"valueRequired\":true,\"valueName\":\"search_term_string\"}}],\"inLanguage\":\"es-AR\"},{\"@type\":\"Organization\",\"@id\":\"https:\\\/\\\/diariodeloeste.com\\\/noticias\\\/#organization\",\"name\":\"Diario del Oeste\",\"url\":\"https:\\\/\\\/diariodeloeste.com\\\/noticias\\\/\",\"logo\":{\"@type\":\"ImageObject\",\"inLanguage\":\"es-AR\",\"@id\":\"https:\\\/\\\/diariodeloeste.com\\\/noticias\\\/#\\\/schema\\\/logo\\\/image\\\/\",\"url\":\"https:\\\/\\\/diariodeloeste.com\\\/noticias\\\/wp-content\\\/uploads\\\/2019\\\/04\\\/logo.png\",\"contentUrl\":\"https:\\\/\\\/diariodeloeste.com\\\/noticias\\\/wp-content\\\/uploads\\\/2019\\\/04\\\/logo.png\",\"width\":306,\"height\":145,\"caption\":\"Diario del Oeste\"},\"image\":{\"@id\":\"https:\\\/\\\/diariodeloeste.com\\\/noticias\\\/#\\\/schema\\\/logo\\\/image\\\/\"}},{\"@type\":\"Person\",\"@id\":\"https:\\\/\\\/diariodeloeste.com\\\/noticias\\\/#\\\/schema\\\/person\\\/3a3a5f3ec7ed5a075fa74c2ff26c22ea\",\"name\":\"Gustavo Estigarribia\",\"image\":{\"@type\":\"ImageObject\",\"inLanguage\":\"es-AR\",\"@id\":\"https:\\\/\\\/secure.gravatar.com\\\/avatar\\\/672cb09e7a268a367094420673bf8f01ae6b90fa8d1005589efaf5a58fb1906b?s=96&d=mm&r=g\",\"url\":\"https:\\\/\\\/secure.gravatar.com\\\/avatar\\\/672cb09e7a268a367094420673bf8f01ae6b90fa8d1005589efaf5a58fb1906b?s=96&d=mm&r=g\",\"contentUrl\":\"https:\\\/\\\/secure.gravatar.com\\\/avatar\\\/672cb09e7a268a367094420673bf8f01ae6b90fa8d1005589efaf5a58fb1906b?s=96&d=mm&r=g\",\"caption\":\"Gustavo Estigarribia\"},\"description\":\"Periodista\",\"sameAs\":[\"http:\\\/\\\/diarioplus.com.ar\"],\"url\":\"https:\\\/\\\/diariodeloeste.com\\\/noticias\\\/author\\\/gustavo\\\/\"}]}<\/script>\n<!-- \/ Yoast SEO plugin. -->","yoast_head_json":{"title":"Calle \u00c1ngel Pacheco con nuevo pavimento - Diario del Oeste","robots":{"index":"index","follow":"follow","max-snippet":"max-snippet:-1","max-image-preview":"max-image-preview:large","max-video-preview":"max-video-preview:-1"},"canonical":"https:\/\/diariodeloeste.com\/noticias\/2019\/10\/04\/calle-angel-pacheco-con-nuevo-pavimento\/","og_locale":"es_ES","og_type":"article","og_title":"Calle \u00c1ngel Pacheco con nuevo pavimento - Diario del Oeste","og_description":"El intendente de Malvinas Argentinas, Leo Nardini, realiz\u00f3 junto a los vecinos de Villa de Mayo la inauguraci\u00f3n de la obra. El trabajo se desarroll\u00f3 en las cuadras de la arteria que cuentan con boulevard, entre Cabildo y Oncativo. Adem\u00e1s, se contempl\u00f3 la parte hidr\u00e1ulica.&nbsp; El intendente de Malvinas Argentinas, Leo Nardini, dej\u00f3 oficialmente inaugurada [&hellip;]","og_url":"https:\/\/diariodeloeste.com\/noticias\/2019\/10\/04\/calle-angel-pacheco-con-nuevo-pavimento\/","og_site_name":"Diario del Oeste","article_published_time":"2019-10-04T15:28:00+00:00","og_image":[{"width":3680,"height":2456,"url":"https:\/\/diariodeloeste.com\/noticias\/wp-content\/uploads\/2019\/10\/CAR4729.jpg","type":"image\/jpeg"}],"author":"Gustavo Estigarribia","twitter_card":"summary_large_image","twitter_misc":{"Escrito por":"Gustavo Estigarribia","Tiempo de lectura":"1 minuto"},"schema":{"@context":"https:\/\/schema.org","@graph":[{"@type":"Article","@id":"https:\/\/diariodeloeste.com\/noticias\/2019\/10\/04\/calle-angel-pacheco-con-nuevo-pavimento\/#article","isPartOf":{"@id":"https:\/\/diariodeloeste.com\/noticias\/2019\/10\/04\/calle-angel-pacheco-con-nuevo-pavimento\/"},"author":{"name":"Gustavo Estigarribia","@id":"https:\/\/diariodeloeste.com\/noticias\/#\/schema\/person\/3a3a5f3ec7ed5a075fa74c2ff26c22ea"},"headline":"Calle \u00c1ngel Pacheco con nuevo pavimento","datePublished":"2019-10-04T15:28:00+00:00","mainEntityOfPage":{"@id":"https:\/\/diariodeloeste.com\/noticias\/2019\/10\/04\/calle-angel-pacheco-con-nuevo-pavimento\/"},"wordCount":304,"publisher":{"@id":"https:\/\/diariodeloeste.com\/noticias\/#organization"},"image":{"@id":"https:\/\/diariodeloeste.com\/noticias\/2019\/10\/04\/calle-angel-pacheco-con-nuevo-pavimento\/#primaryimage"},"thumbnailUrl":"https:\/\/diariodeloeste.com\/noticias\/wp-content\/uploads\/2019\/10\/CAR4729.jpg","keywords":["leo nardini","Malvinas Argentinas"],"articleSection":["Titulares"],"inLanguage":"es-AR"},{"@type":"WebPage","@id":"https:\/\/diariodeloeste.com\/noticias\/2019\/10\/04\/calle-angel-pacheco-con-nuevo-pavimento\/","url":"https:\/\/diariodeloeste.com\/noticias\/2019\/10\/04\/calle-angel-pacheco-con-nuevo-pavimento\/","name":"Calle \u00c1ngel Pacheco con nuevo pavimento - Diario del Oeste","isPartOf":{"@id":"https:\/\/diariodeloeste.com\/noticias\/#website"},"primaryImageOfPage":{"@id":"https:\/\/diariodeloeste.com\/noticias\/2019\/10\/04\/calle-angel-pacheco-con-nuevo-pavimento\/#primaryimage"},"image":{"@id":"https:\/\/diariodeloeste.com\/noticias\/2019\/10\/04\/calle-angel-pacheco-con-nuevo-pavimento\/#primaryimage"},"thumbnailUrl":"https:\/\/diariodeloeste.com\/noticias\/wp-content\/uploads\/2019\/10\/CAR4729.jpg","datePublished":"2019-10-04T15:28:00+00:00","breadcrumb":{"@id":"https:\/\/diariodeloeste.com\/noticias\/2019\/10\/04\/calle-angel-pacheco-con-nuevo-pavimento\/#breadcrumb"},"inLanguage":"es-AR","potentialAction":[{"@type":"ReadAction","target":["https:\/\/diariodeloeste.com\/noticias\/2019\/10\/04\/calle-angel-pacheco-con-nuevo-pavimento\/"]}]},{"@type":"ImageObject","inLanguage":"es-AR","@id":"https:\/\/diariodeloeste.com\/noticias\/2019\/10\/04\/calle-angel-pacheco-con-nuevo-pavimento\/#primaryimage","url":"https:\/\/diariodeloeste.com\/noticias\/wp-content\/uploads\/2019\/10\/CAR4729.jpg","contentUrl":"https:\/\/diariodeloeste.com\/noticias\/wp-content\/uploads\/2019\/10\/CAR4729.jpg","width":3680,"height":2456},{"@type":"BreadcrumbList","@id":"https:\/\/diariodeloeste.com\/noticias\/2019\/10\/04\/calle-angel-pacheco-con-nuevo-pavimento\/#breadcrumb","itemListElement":[{"@type":"ListItem","position":1,"name":"Inicio","item":"https:\/\/diariodeloeste.com\/noticias\/"},{"@type":"ListItem","position":2,"name":"Calle \u00c1ngel Pacheco con nuevo pavimento"}]},{"@type":"WebSite","@id":"https:\/\/diariodeloeste.com\/noticias\/#website","url":"https:\/\/diariodeloeste.com\/noticias\/","name":"Diario del Oeste","description":"Noticias del Oeste","publisher":{"@id":"https:\/\/diariodeloeste.com\/noticias\/#organization"},"potentialAction":[{"@type":"SearchAction","target":{"@type":"EntryPoint","urlTemplate":"https:\/\/diariodeloeste.com\/noticias\/?s={search_term_string}"},"query-input":{"@type":"PropertyValueSpecification","valueRequired":true,"valueName":"search_term_string"}}],"inLanguage":"es-AR"},{"@type":"Organization","@id":"https:\/\/diariodeloeste.com\/noticias\/#organization","name":"Diario del Oeste","url":"https:\/\/diariodeloeste.com\/noticias\/","logo":{"@type":"ImageObject","inLanguage":"es-AR","@id":"https:\/\/diariodeloeste.com\/noticias\/#\/schema\/logo\/image\/","url":"https:\/\/diariodeloeste.com\/noticias\/wp-content\/uploads\/2019\/04\/logo.png","contentUrl":"https:\/\/diariodeloeste.com\/noticias\/wp-content\/uploads\/2019\/04\/logo.png","width":306,"height":145,"caption":"Diario del Oeste"},"image":{"@id":"https:\/\/diariodeloeste.com\/noticias\/#\/schema\/logo\/image\/"}},{"@type":"Person","@id":"https:\/\/diariodeloeste.com\/noticias\/#\/schema\/person\/3a3a5f3ec7ed5a075fa74c2ff26c22ea","name":"Gustavo Estigarribia","image":{"@type":"ImageObject","inLanguage":"es-AR","@id":"https:\/\/secure.gravatar.com\/avatar\/672cb09e7a268a367094420673bf8f01ae6b90fa8d1005589efaf5a58fb1906b?s=96&d=mm&r=g","url":"https:\/\/secure.gravatar.com\/avatar\/672cb09e7a268a367094420673bf8f01ae6b90fa8d1005589efaf5a58fb1906b?s=96&d=mm&r=g","contentUrl":"https:\/\/secure.gravatar.com\/avatar\/672cb09e7a268a367094420673bf8f01ae6b90fa8d1005589efaf5a58fb1906b?s=96&d=mm&r=g","caption":"Gustavo Estigarribia"},"description":"Periodista","sameAs":["http:\/\/diarioplus.com.ar"],"url":"https:\/\/diariodeloeste.com\/noticias\/author\/gustavo\/"}]}},"_links":{"self":[{"href":"https:\/\/diariodeloeste.com\/noticias\/wp-json\/wp\/v2\/posts\/5244","targetHints":{"allow":["GET"]}}],"collection":[{"href":"https:\/\/diariodeloeste.com\/noticias\/wp-json\/wp\/v2\/posts"}],"about":[{"href":"https:\/\/diariodeloeste.com\/noticias\/wp-json\/wp\/v2\/types\/post"}],"author":[{"embeddable":true,"href":"https:\/\/diariodeloeste.com\/noticias\/wp-json\/wp\/v2\/users\/2"}],"replies":[{"embeddable":true,"href":"https:\/\/diariodeloeste.com\/noticias\/wp-json\/wp\/v2\/comments?post=5244"}],"version-history":[{"count":1,"href":"https:\/\/diariodeloeste.com\/noticias\/wp-json\/wp\/v2\/posts\/5244\/revisions"}],"predecessor-version":[{"id":5246,"href":"https:\/\/diariodeloeste.com\/noticias\/wp-json\/wp\/v2\/posts\/5244\/revisions\/5246"}],"wp:featuredmedia":[{"embeddable":true,"href":"https:\/\/diariodeloeste.com\/noticias\/wp-json\/wp\/v2\/media\/5245"}],"wp:attachment":[{"href":"https:\/\/diariodeloeste.com\/noticias\/wp-json\/wp\/v2\/media?parent=5244"}],"wp:term":[{"taxonomy":"category","embeddable":true,"href":"https:\/\/diariodeloeste.com\/noticias\/wp-json\/wp\/v2\/categories?post=5244"},{"taxonomy":"post_tag","embeddable":true,"href":"https:\/\/diariodeloeste.com\/noticias\/wp-json\/wp\/v2\/tags?post=5244"}],"curies":[{"name":"wp","href":"https:\/\/api.w.org\/{rel}","templated":true}]}}