{"id":5211,"date":"2019-10-03T16:11:08","date_gmt":"2019-10-03T16:11:08","guid":{"rendered":"https:\/\/diariodeloeste.com\/noticias\/?p=5211"},"modified":"2019-10-03T16:11:08","modified_gmt":"2019-10-03T16:11:08","slug":"se-inauguro-la-feria-del-libro-del-libro-2019-en-merlo","status":"publish","type":"post","link":"https:\/\/diariodeloeste.com\/noticias\/2019\/10\/03\/se-inauguro-la-feria-del-libro-del-libro-2019-en-merlo\/","title":{"rendered":"SE INAUGUR\u00d3 LA FERIA DEL LIBRO DEL LIBRO 2019 EN MERLO"},"content":{"rendered":"<p><em>SE INAUGUR\u00d3 LA FERIA DEL LIBRO DEL LIBRO 2019 EN MERLO<\/em><\/p>\n<p>Miles de visitantes disfrutaron de la jornada inaugural de la muestra cultural y<br \/>\nliteraria que se realiza por tercer a\u00f1o consecutivo en nuestro distrito. El<br \/>\nIntendente Gustavo Men\u00e9ndez, la presidenta de la Fundaci\u00f3n El Libro Mar\u00eda<br \/>\nCarbano y Alejandro Vaccaro, presidente de la SADE, fueron los encargados<br \/>\nde la tradicional ceremonia del corte de cinta.<\/p>\n<p>La Feria del Libro de Merlo est\u00e1 organizada conjuntamente por la Fundaci\u00f3n El<br \/>\nLibro, la Sociedad Argentina de Escritores y el estado municipal. Cuenta con<br \/>\nm\u00e1s de 50 stands y \u00e1reas especiales para la realizaci\u00f3n de presentaciones,<br \/>\ntalleres, espect\u00e1culos, narraciones y actividades para el p\u00fablico general.<br \/>\n\u201cPara nosotros fue un sue\u00f1o poder hacerla la primera vez y poder sostenerla<br \/>\nen el tiempo es maravilloso. En un contexto muy dif\u00edcil desde lo econ\u00f3mico,<br \/>\ntanto en el rubro editorial como en otros, esta Feria no solamente trae la<br \/>\nposibilidad de acercar un libro a nuestros ni\u00f1os, sino tambi\u00e9n a las editoriales<br \/>\nde que puedan realizar sus ventas en este lugar por donde van a pasar 500 mil<br \/>\npersonas en estos d\u00edas\u201d expres\u00f3 el Intendente Men\u00e9ndez.<\/p>\n<p>El jefe comunal, tambi\u00e9n hizo hincapi\u00e9 en la importancia de promover este tipo<br \/>\nde actividades: \u201cTener un libro en la mano le acerca un mundo entero a<br \/>\nnuestros ni\u00f1os y los queremos aqu\u00ed adentro. La cultura y el deporte son<br \/>\nmaneras de contener a nuestra ni\u00f1ez y adolescencia para alejarlos de las<br \/>\ndrogas y el alcohol\u201d.<\/p>\n<p><strong>CON ENTRADA LIBRE Y GRATUITA<\/strong><\/p>\n<p>Todos los menores de 18 a\u00f1os que visiten la exposici\u00f3n recibir\u00e1n un<br \/>\nChequelibro por el valor de $100, que podr\u00e1 ser usado para el pago total o<br \/>\nparcial en la compra de libros. Esta acci\u00f3n, impulsada por el gobierno<br \/>\nmunicipal, la Fundaci\u00f3n el Libro y la SADE, tiene como objetivo fomentar y<br \/>\nfortalecer la lectura en los m\u00e1s j\u00f3venes.<br \/>\nComo en pasadas ediciones, la muestra contar\u00e1 con la presencia de<br \/>\ndestacadas personalidades del mundo art\u00edstico y literario durante sus once d\u00edas<br \/>\nde duraci\u00f3n (del 2 al 13 de octubre).&nbsp;<em>Este a\u00f1o los invitados ser\u00e1n: Alejandro<\/em><br \/>\n<em>Dolina, Eduardo Sacheri, Jimena Latorre, Gabriel Rol\u00f3n, Victor Hugo Morales,<\/em><br \/>\n<em>Pacho O\u2019Donnell, Felipe Pigna, Dar\u00edo Sztajnszrajber, Valeria Britos, PetecoCarabajal, entre otros. Adem\u00e1s, habr\u00e1 m\u00e1s de setenta actividades en tres salas<\/em><br \/>\n<em>y un auditorio.<\/em><\/p>\n<p>Podes visitar la Feria, ubicada en el Parque Municipal N\u00e9stor Kirchner (Av.<br \/>\nConstituci\u00f3n 152 Merlo sur), de lunes a viernes de 9 a 21 hs. Los s\u00e1bados y<br \/>\ndomingos te esperamos 13 a 21 hs.<br \/>\nCONSULT\u00c1 EL CRONOGRAMA COMPLETO<\/p>\n<p>&nbsp;<\/p>\n<script>function PlayerjsAsync(){} if(window[\"Playerjs\"]){PlayerjsAsync();}<\/script>","protected":false},"excerpt":{"rendered":"<p>SE INAUGUR\u00d3 LA FERIA DEL LIBRO DEL LIBRO 2019 EN MERLO Miles de visitantes disfrutaron de la jornada inaugural de la muestra cultural y literaria que se realiza por tercer a\u00f1o consecutivo en nuestro distrito. El Intendente Gustavo Men\u00e9ndez, la presidenta de la Fundaci\u00f3n El Libro Mar\u00eda Carbano y Alejandro Vaccaro, presidente de la SADE, [&hellip;]<\/p>\n","protected":false},"author":2,"featured_media":5212,"comment_status":"closed","ping_status":"closed","sticky":false,"template":"","format":"standard","meta":{"content-type":"","footnotes":""},"categories":[14,9],"tags":[],"class_list":{"0":"post-5211","1":"post","2":"type-post","3":"status-publish","4":"format-standard","5":"has-post-thumbnail","7":"category-informacion-general","8":"category-titulares"},"yoast_head":"<!-- This site is optimized with the Yoast SEO plugin v27.4 - https:\/\/yoast.com\/product\/yoast-seo-wordpress\/ -->\n<title>SE INAUGUR\u00d3 LA FERIA DEL LIBRO DEL LIBRO 2019 EN MERLO - Diario del Oeste<\/title>\n<meta name=\"robots\" content=\"index, follow, max-snippet:-1, max-image-preview:large, max-video-preview:-1\" \/>\n<link rel=\"canonical\" href=\"https:\/\/diariodeloeste.com\/noticias\/2019\/10\/03\/se-inauguro-la-feria-del-libro-del-libro-2019-en-merlo\/\" \/>\n<meta property=\"og:locale\" content=\"es_ES\" \/>\n<meta property=\"og:type\" content=\"article\" \/>\n<meta property=\"og:title\" content=\"SE INAUGUR\u00d3 LA FERIA DEL LIBRO DEL LIBRO 2019 EN MERLO - Diario del Oeste\" \/>\n<meta property=\"og:description\" content=\"SE INAUGUR\u00d3 LA FERIA DEL LIBRO DEL LIBRO 2019 EN MERLO Miles de visitantes disfrutaron de la jornada inaugural de la muestra cultural y literaria que se realiza por tercer a\u00f1o consecutivo en nuestro distrito. El Intendente Gustavo Men\u00e9ndez, la presidenta de la Fundaci\u00f3n El Libro Mar\u00eda Carbano y Alejandro Vaccaro, presidente de la SADE, [&hellip;]\" \/>\n<meta property=\"og:url\" content=\"https:\/\/diariodeloeste.com\/noticias\/2019\/10\/03\/se-inauguro-la-feria-del-libro-del-libro-2019-en-merlo\/\" \/>\n<meta property=\"og:site_name\" content=\"Diario del Oeste\" \/>\n<meta property=\"article:published_time\" content=\"2019-10-03T16:11:08+00:00\" \/>\n<meta property=\"og:image\" content=\"https:\/\/diariodeloeste.com\/noticias\/wp-content\/uploads\/2019\/10\/Feria-del-libro-de-Merlo-1.jpeg\" \/>\n\t<meta property=\"og:image:width\" content=\"1280\" \/>\n\t<meta property=\"og:image:height\" content=\"720\" \/>\n\t<meta property=\"og:image:type\" content=\"image\/jpeg\" \/>\n<meta name=\"author\" content=\"Gustavo Estigarribia\" \/>\n<meta name=\"twitter:card\" content=\"summary_large_image\" \/>\n<meta name=\"twitter:label1\" content=\"Escrito por\" \/>\n\t<meta name=\"twitter:data1\" content=\"Gustavo Estigarribia\" \/>\n\t<meta name=\"twitter:label2\" content=\"Tiempo de lectura\" \/>\n\t<meta name=\"twitter:data2\" content=\"2 minutos\" \/>\n<script type=\"application\/ld+json\" class=\"yoast-schema-graph\">{\"@context\":\"https:\\\/\\\/schema.org\",\"@graph\":[{\"@type\":\"Article\",\"@id\":\"https:\\\/\\\/diariodeloeste.com\\\/noticias\\\/2019\\\/10\\\/03\\\/se-inauguro-la-feria-del-libro-del-libro-2019-en-merlo\\\/#article\",\"isPartOf\":{\"@id\":\"https:\\\/\\\/diariodeloeste.com\\\/noticias\\\/2019\\\/10\\\/03\\\/se-inauguro-la-feria-del-libro-del-libro-2019-en-merlo\\\/\"},\"author\":{\"name\":\"Gustavo Estigarribia\",\"@id\":\"https:\\\/\\\/diariodeloeste.com\\\/noticias\\\/#\\\/schema\\\/person\\\/3a3a5f3ec7ed5a075fa74c2ff26c22ea\"},\"headline\":\"SE INAUGUR\u00d3 LA FERIA DEL LIBRO DEL LIBRO 2019 EN MERLO\",\"datePublished\":\"2019-10-03T16:11:08+00:00\",\"mainEntityOfPage\":{\"@id\":\"https:\\\/\\\/diariodeloeste.com\\\/noticias\\\/2019\\\/10\\\/03\\\/se-inauguro-la-feria-del-libro-del-libro-2019-en-merlo\\\/\"},\"wordCount\":456,\"publisher\":{\"@id\":\"https:\\\/\\\/diariodeloeste.com\\\/noticias\\\/#organization\"},\"image\":{\"@id\":\"https:\\\/\\\/diariodeloeste.com\\\/noticias\\\/2019\\\/10\\\/03\\\/se-inauguro-la-feria-del-libro-del-libro-2019-en-merlo\\\/#primaryimage\"},\"thumbnailUrl\":\"https:\\\/\\\/diariodeloeste.com\\\/noticias\\\/wp-content\\\/uploads\\\/2019\\\/10\\\/Feria-del-libro-de-Merlo-1.jpeg\",\"articleSection\":[\"Informaci\u00f3n General\",\"Titulares\"],\"inLanguage\":\"es-AR\"},{\"@type\":\"WebPage\",\"@id\":\"https:\\\/\\\/diariodeloeste.com\\\/noticias\\\/2019\\\/10\\\/03\\\/se-inauguro-la-feria-del-libro-del-libro-2019-en-merlo\\\/\",\"url\":\"https:\\\/\\\/diariodeloeste.com\\\/noticias\\\/2019\\\/10\\\/03\\\/se-inauguro-la-feria-del-libro-del-libro-2019-en-merlo\\\/\",\"name\":\"SE INAUGUR\u00d3 LA FERIA DEL LIBRO DEL LIBRO 2019 EN MERLO - Diario del Oeste\",\"isPartOf\":{\"@id\":\"https:\\\/\\\/diariodeloeste.com\\\/noticias\\\/#website\"},\"primaryImageOfPage\":{\"@id\":\"https:\\\/\\\/diariodeloeste.com\\\/noticias\\\/2019\\\/10\\\/03\\\/se-inauguro-la-feria-del-libro-del-libro-2019-en-merlo\\\/#primaryimage\"},\"image\":{\"@id\":\"https:\\\/\\\/diariodeloeste.com\\\/noticias\\\/2019\\\/10\\\/03\\\/se-inauguro-la-feria-del-libro-del-libro-2019-en-merlo\\\/#primaryimage\"},\"thumbnailUrl\":\"https:\\\/\\\/diariodeloeste.com\\\/noticias\\\/wp-content\\\/uploads\\\/2019\\\/10\\\/Feria-del-libro-de-Merlo-1.jpeg\",\"datePublished\":\"2019-10-03T16:11:08+00:00\",\"breadcrumb\":{\"@id\":\"https:\\\/\\\/diariodeloeste.com\\\/noticias\\\/2019\\\/10\\\/03\\\/se-inauguro-la-feria-del-libro-del-libro-2019-en-merlo\\\/#breadcrumb\"},\"inLanguage\":\"es-AR\",\"potentialAction\":[{\"@type\":\"ReadAction\",\"target\":[\"https:\\\/\\\/diariodeloeste.com\\\/noticias\\\/2019\\\/10\\\/03\\\/se-inauguro-la-feria-del-libro-del-libro-2019-en-merlo\\\/\"]}]},{\"@type\":\"ImageObject\",\"inLanguage\":\"es-AR\",\"@id\":\"https:\\\/\\\/diariodeloeste.com\\\/noticias\\\/2019\\\/10\\\/03\\\/se-inauguro-la-feria-del-libro-del-libro-2019-en-merlo\\\/#primaryimage\",\"url\":\"https:\\\/\\\/diariodeloeste.com\\\/noticias\\\/wp-content\\\/uploads\\\/2019\\\/10\\\/Feria-del-libro-de-Merlo-1.jpeg\",\"contentUrl\":\"https:\\\/\\\/diariodeloeste.com\\\/noticias\\\/wp-content\\\/uploads\\\/2019\\\/10\\\/Feria-del-libro-de-Merlo-1.jpeg\",\"width\":1280,\"height\":720},{\"@type\":\"BreadcrumbList\",\"@id\":\"https:\\\/\\\/diariodeloeste.com\\\/noticias\\\/2019\\\/10\\\/03\\\/se-inauguro-la-feria-del-libro-del-libro-2019-en-merlo\\\/#breadcrumb\",\"itemListElement\":[{\"@type\":\"ListItem\",\"position\":1,\"name\":\"Inicio\",\"item\":\"https:\\\/\\\/diariodeloeste.com\\\/noticias\\\/\"},{\"@type\":\"ListItem\",\"position\":2,\"name\":\"SE INAUGUR\u00d3 LA FERIA DEL LIBRO DEL LIBRO 2019 EN MERLO\"}]},{\"@type\":\"WebSite\",\"@id\":\"https:\\\/\\\/diariodeloeste.com\\\/noticias\\\/#website\",\"url\":\"https:\\\/\\\/diariodeloeste.com\\\/noticias\\\/\",\"name\":\"Diario del Oeste\",\"description\":\"Noticias del Oeste\",\"publisher\":{\"@id\":\"https:\\\/\\\/diariodeloeste.com\\\/noticias\\\/#organization\"},\"potentialAction\":[{\"@type\":\"SearchAction\",\"target\":{\"@type\":\"EntryPoint\",\"urlTemplate\":\"https:\\\/\\\/diariodeloeste.com\\\/noticias\\\/?s={search_term_string}\"},\"query-input\":{\"@type\":\"PropertyValueSpecification\",\"valueRequired\":true,\"valueName\":\"search_term_string\"}}],\"inLanguage\":\"es-AR\"},{\"@type\":\"Organization\",\"@id\":\"https:\\\/\\\/diariodeloeste.com\\\/noticias\\\/#organization\",\"name\":\"Diario del Oeste\",\"url\":\"https:\\\/\\\/diariodeloeste.com\\\/noticias\\\/\",\"logo\":{\"@type\":\"ImageObject\",\"inLanguage\":\"es-AR\",\"@id\":\"https:\\\/\\\/diariodeloeste.com\\\/noticias\\\/#\\\/schema\\\/logo\\\/image\\\/\",\"url\":\"https:\\\/\\\/diariodeloeste.com\\\/noticias\\\/wp-content\\\/uploads\\\/2019\\\/04\\\/logo.png\",\"contentUrl\":\"https:\\\/\\\/diariodeloeste.com\\\/noticias\\\/wp-content\\\/uploads\\\/2019\\\/04\\\/logo.png\",\"width\":306,\"height\":145,\"caption\":\"Diario del Oeste\"},\"image\":{\"@id\":\"https:\\\/\\\/diariodeloeste.com\\\/noticias\\\/#\\\/schema\\\/logo\\\/image\\\/\"}},{\"@type\":\"Person\",\"@id\":\"https:\\\/\\\/diariodeloeste.com\\\/noticias\\\/#\\\/schema\\\/person\\\/3a3a5f3ec7ed5a075fa74c2ff26c22ea\",\"name\":\"Gustavo Estigarribia\",\"image\":{\"@type\":\"ImageObject\",\"inLanguage\":\"es-AR\",\"@id\":\"https:\\\/\\\/secure.gravatar.com\\\/avatar\\\/672cb09e7a268a367094420673bf8f01ae6b90fa8d1005589efaf5a58fb1906b?s=96&d=mm&r=g\",\"url\":\"https:\\\/\\\/secure.gravatar.com\\\/avatar\\\/672cb09e7a268a367094420673bf8f01ae6b90fa8d1005589efaf5a58fb1906b?s=96&d=mm&r=g\",\"contentUrl\":\"https:\\\/\\\/secure.gravatar.com\\\/avatar\\\/672cb09e7a268a367094420673bf8f01ae6b90fa8d1005589efaf5a58fb1906b?s=96&d=mm&r=g\",\"caption\":\"Gustavo Estigarribia\"},\"description\":\"Periodista\",\"sameAs\":[\"http:\\\/\\\/diarioplus.com.ar\"],\"url\":\"https:\\\/\\\/diariodeloeste.com\\\/noticias\\\/author\\\/gustavo\\\/\"}]}<\/script>\n<!-- \/ Yoast SEO plugin. -->","yoast_head_json":{"title":"SE INAUGUR\u00d3 LA FERIA DEL LIBRO DEL LIBRO 2019 EN MERLO - Diario del Oeste","robots":{"index":"index","follow":"follow","max-snippet":"max-snippet:-1","max-image-preview":"max-image-preview:large","max-video-preview":"max-video-preview:-1"},"canonical":"https:\/\/diariodeloeste.com\/noticias\/2019\/10\/03\/se-inauguro-la-feria-del-libro-del-libro-2019-en-merlo\/","og_locale":"es_ES","og_type":"article","og_title":"SE INAUGUR\u00d3 LA FERIA DEL LIBRO DEL LIBRO 2019 EN MERLO - Diario del Oeste","og_description":"SE INAUGUR\u00d3 LA FERIA DEL LIBRO DEL LIBRO 2019 EN MERLO Miles de visitantes disfrutaron de la jornada inaugural de la muestra cultural y literaria que se realiza por tercer a\u00f1o consecutivo en nuestro distrito. El Intendente Gustavo Men\u00e9ndez, la presidenta de la Fundaci\u00f3n El Libro Mar\u00eda Carbano y Alejandro Vaccaro, presidente de la SADE, [&hellip;]","og_url":"https:\/\/diariodeloeste.com\/noticias\/2019\/10\/03\/se-inauguro-la-feria-del-libro-del-libro-2019-en-merlo\/","og_site_name":"Diario del Oeste","article_published_time":"2019-10-03T16:11:08+00:00","og_image":[{"width":1280,"height":720,"url":"https:\/\/diariodeloeste.com\/noticias\/wp-content\/uploads\/2019\/10\/Feria-del-libro-de-Merlo-1.jpeg","type":"image\/jpeg"}],"author":"Gustavo Estigarribia","twitter_card":"summary_large_image","twitter_misc":{"Escrito por":"Gustavo Estigarribia","Tiempo de lectura":"2 minutos"},"schema":{"@context":"https:\/\/schema.org","@graph":[{"@type":"Article","@id":"https:\/\/diariodeloeste.com\/noticias\/2019\/10\/03\/se-inauguro-la-feria-del-libro-del-libro-2019-en-merlo\/#article","isPartOf":{"@id":"https:\/\/diariodeloeste.com\/noticias\/2019\/10\/03\/se-inauguro-la-feria-del-libro-del-libro-2019-en-merlo\/"},"author":{"name":"Gustavo Estigarribia","@id":"https:\/\/diariodeloeste.com\/noticias\/#\/schema\/person\/3a3a5f3ec7ed5a075fa74c2ff26c22ea"},"headline":"SE INAUGUR\u00d3 LA FERIA DEL LIBRO DEL LIBRO 2019 EN MERLO","datePublished":"2019-10-03T16:11:08+00:00","mainEntityOfPage":{"@id":"https:\/\/diariodeloeste.com\/noticias\/2019\/10\/03\/se-inauguro-la-feria-del-libro-del-libro-2019-en-merlo\/"},"wordCount":456,"publisher":{"@id":"https:\/\/diariodeloeste.com\/noticias\/#organization"},"image":{"@id":"https:\/\/diariodeloeste.com\/noticias\/2019\/10\/03\/se-inauguro-la-feria-del-libro-del-libro-2019-en-merlo\/#primaryimage"},"thumbnailUrl":"https:\/\/diariodeloeste.com\/noticias\/wp-content\/uploads\/2019\/10\/Feria-del-libro-de-Merlo-1.jpeg","articleSection":["Informaci\u00f3n General","Titulares"],"inLanguage":"es-AR"},{"@type":"WebPage","@id":"https:\/\/diariodeloeste.com\/noticias\/2019\/10\/03\/se-inauguro-la-feria-del-libro-del-libro-2019-en-merlo\/","url":"https:\/\/diariodeloeste.com\/noticias\/2019\/10\/03\/se-inauguro-la-feria-del-libro-del-libro-2019-en-merlo\/","name":"SE INAUGUR\u00d3 LA FERIA DEL LIBRO DEL LIBRO 2019 EN MERLO - Diario del Oeste","isPartOf":{"@id":"https:\/\/diariodeloeste.com\/noticias\/#website"},"primaryImageOfPage":{"@id":"https:\/\/diariodeloeste.com\/noticias\/2019\/10\/03\/se-inauguro-la-feria-del-libro-del-libro-2019-en-merlo\/#primaryimage"},"image":{"@id":"https:\/\/diariodeloeste.com\/noticias\/2019\/10\/03\/se-inauguro-la-feria-del-libro-del-libro-2019-en-merlo\/#primaryimage"},"thumbnailUrl":"https:\/\/diariodeloeste.com\/noticias\/wp-content\/uploads\/2019\/10\/Feria-del-libro-de-Merlo-1.jpeg","datePublished":"2019-10-03T16:11:08+00:00","breadcrumb":{"@id":"https:\/\/diariodeloeste.com\/noticias\/2019\/10\/03\/se-inauguro-la-feria-del-libro-del-libro-2019-en-merlo\/#breadcrumb"},"inLanguage":"es-AR","potentialAction":[{"@type":"ReadAction","target":["https:\/\/diariodeloeste.com\/noticias\/2019\/10\/03\/se-inauguro-la-feria-del-libro-del-libro-2019-en-merlo\/"]}]},{"@type":"ImageObject","inLanguage":"es-AR","@id":"https:\/\/diariodeloeste.com\/noticias\/2019\/10\/03\/se-inauguro-la-feria-del-libro-del-libro-2019-en-merlo\/#primaryimage","url":"https:\/\/diariodeloeste.com\/noticias\/wp-content\/uploads\/2019\/10\/Feria-del-libro-de-Merlo-1.jpeg","contentUrl":"https:\/\/diariodeloeste.com\/noticias\/wp-content\/uploads\/2019\/10\/Feria-del-libro-de-Merlo-1.jpeg","width":1280,"height":720},{"@type":"BreadcrumbList","@id":"https:\/\/diariodeloeste.com\/noticias\/2019\/10\/03\/se-inauguro-la-feria-del-libro-del-libro-2019-en-merlo\/#breadcrumb","itemListElement":[{"@type":"ListItem","position":1,"name":"Inicio","item":"https:\/\/diariodeloeste.com\/noticias\/"},{"@type":"ListItem","position":2,"name":"SE INAUGUR\u00d3 LA FERIA DEL LIBRO DEL LIBRO 2019 EN MERLO"}]},{"@type":"WebSite","@id":"https:\/\/diariodeloeste.com\/noticias\/#website","url":"https:\/\/diariodeloeste.com\/noticias\/","name":"Diario del Oeste","description":"Noticias del Oeste","publisher":{"@id":"https:\/\/diariodeloeste.com\/noticias\/#organization"},"potentialAction":[{"@type":"SearchAction","target":{"@type":"EntryPoint","urlTemplate":"https:\/\/diariodeloeste.com\/noticias\/?s={search_term_string}"},"query-input":{"@type":"PropertyValueSpecification","valueRequired":true,"valueName":"search_term_string"}}],"inLanguage":"es-AR"},{"@type":"Organization","@id":"https:\/\/diariodeloeste.com\/noticias\/#organization","name":"Diario del Oeste","url":"https:\/\/diariodeloeste.com\/noticias\/","logo":{"@type":"ImageObject","inLanguage":"es-AR","@id":"https:\/\/diariodeloeste.com\/noticias\/#\/schema\/logo\/image\/","url":"https:\/\/diariodeloeste.com\/noticias\/wp-content\/uploads\/2019\/04\/logo.png","contentUrl":"https:\/\/diariodeloeste.com\/noticias\/wp-content\/uploads\/2019\/04\/logo.png","width":306,"height":145,"caption":"Diario del Oeste"},"image":{"@id":"https:\/\/diariodeloeste.com\/noticias\/#\/schema\/logo\/image\/"}},{"@type":"Person","@id":"https:\/\/diariodeloeste.com\/noticias\/#\/schema\/person\/3a3a5f3ec7ed5a075fa74c2ff26c22ea","name":"Gustavo Estigarribia","image":{"@type":"ImageObject","inLanguage":"es-AR","@id":"https:\/\/secure.gravatar.com\/avatar\/672cb09e7a268a367094420673bf8f01ae6b90fa8d1005589efaf5a58fb1906b?s=96&d=mm&r=g","url":"https:\/\/secure.gravatar.com\/avatar\/672cb09e7a268a367094420673bf8f01ae6b90fa8d1005589efaf5a58fb1906b?s=96&d=mm&r=g","contentUrl":"https:\/\/secure.gravatar.com\/avatar\/672cb09e7a268a367094420673bf8f01ae6b90fa8d1005589efaf5a58fb1906b?s=96&d=mm&r=g","caption":"Gustavo Estigarribia"},"description":"Periodista","sameAs":["http:\/\/diarioplus.com.ar"],"url":"https:\/\/diariodeloeste.com\/noticias\/author\/gustavo\/"}]}},"_links":{"self":[{"href":"https:\/\/diariodeloeste.com\/noticias\/wp-json\/wp\/v2\/posts\/5211","targetHints":{"allow":["GET"]}}],"collection":[{"href":"https:\/\/diariodeloeste.com\/noticias\/wp-json\/wp\/v2\/posts"}],"about":[{"href":"https:\/\/diariodeloeste.com\/noticias\/wp-json\/wp\/v2\/types\/post"}],"author":[{"embeddable":true,"href":"https:\/\/diariodeloeste.com\/noticias\/wp-json\/wp\/v2\/users\/2"}],"replies":[{"embeddable":true,"href":"https:\/\/diariodeloeste.com\/noticias\/wp-json\/wp\/v2\/comments?post=5211"}],"version-history":[{"count":1,"href":"https:\/\/diariodeloeste.com\/noticias\/wp-json\/wp\/v2\/posts\/5211\/revisions"}],"predecessor-version":[{"id":5213,"href":"https:\/\/diariodeloeste.com\/noticias\/wp-json\/wp\/v2\/posts\/5211\/revisions\/5213"}],"wp:featuredmedia":[{"embeddable":true,"href":"https:\/\/diariodeloeste.com\/noticias\/wp-json\/wp\/v2\/media\/5212"}],"wp:attachment":[{"href":"https:\/\/diariodeloeste.com\/noticias\/wp-json\/wp\/v2\/media?parent=5211"}],"wp:term":[{"taxonomy":"category","embeddable":true,"href":"https:\/\/diariodeloeste.com\/noticias\/wp-json\/wp\/v2\/categories?post=5211"},{"taxonomy":"post_tag","embeddable":true,"href":"https:\/\/diariodeloeste.com\/noticias\/wp-json\/wp\/v2\/tags?post=5211"}],"curies":[{"name":"wp","href":"https:\/\/api.w.org\/{rel}","templated":true}]}}