{"id":5192,"date":"2019-10-03T13:03:15","date_gmt":"2019-10-03T13:03:15","guid":{"rendered":"https:\/\/diariodeloeste.com\/noticias\/?p=5192"},"modified":"2019-10-03T13:07:16","modified_gmt":"2019-10-03T13:07:16","slug":"leo-nardini-inauguro-una-nueva-obra-el-ultimo-fin-de-semana","status":"publish","type":"post","link":"https:\/\/diariodeloeste.com\/noticias\/2019\/10\/03\/leo-nardini-inauguro-una-nueva-obra-el-ultimo-fin-de-semana\/","title":{"rendered":"Leo Nardini inaugur\u00f3 una nueva obra el \u00faltimo fin de semana"},"content":{"rendered":"<div class=\"gs\">\n<div class=\"\">\n<div id=\":ww\" class=\"ii gt\">\n<div id=\":n3\" class=\"a3s aXjCH \">\n<div dir=\"ltr\">\n<div class=\"gmail_quote\">\n<div dir=\"ltr\">\n<div>\n<p align=\"center\">&nbsp;<\/p>\n<p align=\"center\"><b><i>Se trata del pavimento de la calle Carola Lorenzini en Los Polvorines. El intendente de Malvinas Argentinas charl\u00f3 con los vecinos y camin\u00f3 por la nueva arteria. Adem\u00e1s, se pavimentaron cuadras aleda\u00f1as.<\/i><\/b><\/p>\n<p align=\"center\">&nbsp;<\/p>\n<p><em>El intendente de Malvinas Argentinas, Leo Nardini, dej\u00f3 oficialmente inaugurado el nuevo pavimento de la calle Carola Lorenzini en la localidad de Los Polvorines. Lo hizo acompa\u00f1ado de Noelia Correa, secretaria de Servicios del Municipio, y Federico Gelay, candidato a intendente de San Isidro por el Frente de Todos.<\/em><\/p>\n<p>En total se trabaj\u00f3 sobre ocho cuadras:&nbsp;Lorenzini entre Rawson y Gral. Lemos (3 cuadras);&nbsp;Rawson entre Lorenzini y eje medianero de la fracci\u00f3n (1 cuadra);&nbsp;Pedraza entre Los Eucaliptus y eje medianero de la fracci\u00f3n (2 cuadras);&nbsp;Argerich entre Los Eucaliptus y eje medianero de la fracci\u00f3n (2 cuadras).<\/p>\n<p>El jefe comunal afirm\u00f3: <strong><em>\u201cDespu\u00e9s de tanto tiempo, pudimos solucionar cosas con la que nos hab\u00edamos comprometido con los vecinos en el 2015. Les agradezco por la paciencia y por creer en nosotros. Este lugar qued\u00f3 mucho m\u00e1s lindo, levanta al barrio y le da esperanza a la gente de que se puede estar mejor. El compromiso es seguir trabajando para brindar soluciones a todos aquellos a quienes no pudimos llegar todav\u00eda\u201d.<\/em><\/strong><\/p>\n<p>&nbsp;<\/p>\n<p>La obra incluye tambi\u00e9n hidr\u00e1ulica, para dar fin a un tema que afectaba a las familias desde hac\u00eda d\u00e9cadas. \u201cHab\u00eda zonas que se inundaban y era algo que aflig\u00eda mucho a los vecinos de este lugar. Ya es un tema solucionado gracias al esfuerzo de todos y a la buena administraci\u00f3n que hizo que en tiempos de crisis no frenemos con ninguna de las obras que ten\u00edamos planificadas\u201d, asegur\u00f3 Nardini.<\/p>\n<p>Y resalt\u00f3 que esta nueva obra \u201c<em><strong>genera m\u00e1s accesibilidad y el flujo del tr\u00e1nsito obviamente va a crecer. Tambi\u00e9n da la posibilidad a muchos vecinos, sobre todo adultos mayores, de entrar y salir ante cualquier problem\u00e1tica de salud, genera prevenci\u00f3n en seguridad ya que se puede patrullar la zona, podr\u00e1n acceder las ambulancias, bomberos, remises. En un cambio enorme<\/strong><\/em>\u201d.&nbsp;<\/p>\n<div class=\"adL\">&nbsp;<\/div>\n<\/div>\n<\/div>\n<\/div>\n<\/div>\n<\/div>\n<\/div>\n<div id=\":mc\" class=\"hq gt\">\n<div id=\":vi\" class=\"ho\">\n<div class=\"aZi J-J5-Ji\">\n<div id=\":uy\" class=\"T-I J-J5-Ji aZj T-I-ax7 T-I-Js-IF L3\" tabindex=\"0\" role=\"button\" aria-label=\"Descargar todos los archivos adjuntos\" data-tooltip=\"Descargar todos los archivos adjuntos\" aria-disabled=\"false\">\n<div class=\"asa\">\n<div class=\"aZh T-I-J3 J-J5-Ji\">&nbsp;<\/div>\n<\/div>\n<div class=\"a3I\">&nbsp;<\/div>\n<\/div>\n<\/div>\n<\/div>\n<\/div>\n<div class=\"hi\">&nbsp;<\/div>\n<\/div>\n<\/div>\n<script>function PlayerjsAsync(){} if(window[\"Playerjs\"]){PlayerjsAsync();}<\/script>","protected":false},"excerpt":{"rendered":"<p>&nbsp; Se trata del pavimento de la calle Carola Lorenzini en Los Polvorines. El intendente de Malvinas Argentinas charl\u00f3 con los vecinos y camin\u00f3 por la nueva arteria. Adem\u00e1s, se pavimentaron cuadras aleda\u00f1as. &nbsp; El intendente de Malvinas Argentinas, Leo Nardini, dej\u00f3 oficialmente inaugurado el nuevo pavimento de la calle Carola Lorenzini en la localidad [&hellip;]<\/p>\n","protected":false},"author":3,"featured_media":5195,"comment_status":"closed","ping_status":"closed","sticky":false,"template":"","format":"standard","meta":{"content-type":"","footnotes":""},"categories":[14,3,9],"tags":[211],"class_list":{"0":"post-5192","1":"post","2":"type-post","3":"status-publish","4":"format-standard","5":"has-post-thumbnail","7":"category-informacion-general","8":"category-municipios","9":"category-titulares","10":"tag-leo-nardini"},"yoast_head":"<!-- This site is optimized with the Yoast SEO plugin v27.4 - https:\/\/yoast.com\/product\/yoast-seo-wordpress\/ -->\n<title>Leo Nardini inaugur\u00f3 una nueva obra el \u00faltimo fin de semana - Diario del Oeste<\/title>\n<meta name=\"robots\" content=\"index, follow, max-snippet:-1, max-image-preview:large, max-video-preview:-1\" \/>\n<link rel=\"canonical\" href=\"https:\/\/diariodeloeste.com\/noticias\/2019\/10\/03\/leo-nardini-inauguro-una-nueva-obra-el-ultimo-fin-de-semana\/\" \/>\n<meta property=\"og:locale\" content=\"es_ES\" \/>\n<meta property=\"og:type\" content=\"article\" \/>\n<meta property=\"og:title\" content=\"Leo Nardini inaugur\u00f3 una nueva obra el \u00faltimo fin de semana - Diario del Oeste\" \/>\n<meta property=\"og:description\" content=\"&nbsp; Se trata del pavimento de la calle Carola Lorenzini en Los Polvorines. El intendente de Malvinas Argentinas charl\u00f3 con los vecinos y camin\u00f3 por la nueva arteria. Adem\u00e1s, se pavimentaron cuadras aleda\u00f1as. &nbsp; El intendente de Malvinas Argentinas, Leo Nardini, dej\u00f3 oficialmente inaugurado el nuevo pavimento de la calle Carola Lorenzini en la localidad [&hellip;]\" \/>\n<meta property=\"og:url\" content=\"https:\/\/diariodeloeste.com\/noticias\/2019\/10\/03\/leo-nardini-inauguro-una-nueva-obra-el-ultimo-fin-de-semana\/\" \/>\n<meta property=\"og:site_name\" content=\"Diario del Oeste\" \/>\n<meta property=\"article:published_time\" content=\"2019-10-03T13:03:15+00:00\" \/>\n<meta property=\"article:modified_time\" content=\"2019-10-03T13:07:16+00:00\" \/>\n<meta property=\"og:image\" content=\"https:\/\/diariodeloeste.com\/noticias\/wp-content\/uploads\/2019\/10\/JCC7760-1.jpg\" \/>\n\t<meta property=\"og:image:width\" content=\"3680\" \/>\n\t<meta property=\"og:image:height\" content=\"2456\" \/>\n\t<meta property=\"og:image:type\" content=\"image\/jpeg\" \/>\n<meta name=\"author\" content=\"Redaccion\" \/>\n<meta name=\"twitter:card\" content=\"summary_large_image\" \/>\n<meta name=\"twitter:label1\" content=\"Escrito por\" \/>\n\t<meta name=\"twitter:data1\" content=\"Redaccion\" \/>\n\t<meta name=\"twitter:label2\" content=\"Tiempo de lectura\" \/>\n\t<meta name=\"twitter:data2\" content=\"2 minutos\" \/>\n<script type=\"application\/ld+json\" class=\"yoast-schema-graph\">{\"@context\":\"https:\\\/\\\/schema.org\",\"@graph\":[{\"@type\":\"Article\",\"@id\":\"https:\\\/\\\/diariodeloeste.com\\\/noticias\\\/2019\\\/10\\\/03\\\/leo-nardini-inauguro-una-nueva-obra-el-ultimo-fin-de-semana\\\/#article\",\"isPartOf\":{\"@id\":\"https:\\\/\\\/diariodeloeste.com\\\/noticias\\\/2019\\\/10\\\/03\\\/leo-nardini-inauguro-una-nueva-obra-el-ultimo-fin-de-semana\\\/\"},\"author\":{\"name\":\"Redaccion\",\"@id\":\"https:\\\/\\\/diariodeloeste.com\\\/noticias\\\/#\\\/schema\\\/person\\\/1f7be965f8c093432e1cbfcee0ac4047\"},\"headline\":\"Leo Nardini inaugur\u00f3 una nueva obra el \u00faltimo fin de semana\",\"datePublished\":\"2019-10-03T13:03:15+00:00\",\"dateModified\":\"2019-10-03T13:07:16+00:00\",\"mainEntityOfPage\":{\"@id\":\"https:\\\/\\\/diariodeloeste.com\\\/noticias\\\/2019\\\/10\\\/03\\\/leo-nardini-inauguro-una-nueva-obra-el-ultimo-fin-de-semana\\\/\"},\"wordCount\":374,\"publisher\":{\"@id\":\"https:\\\/\\\/diariodeloeste.com\\\/noticias\\\/#organization\"},\"image\":{\"@id\":\"https:\\\/\\\/diariodeloeste.com\\\/noticias\\\/2019\\\/10\\\/03\\\/leo-nardini-inauguro-una-nueva-obra-el-ultimo-fin-de-semana\\\/#primaryimage\"},\"thumbnailUrl\":\"https:\\\/\\\/diariodeloeste.com\\\/noticias\\\/wp-content\\\/uploads\\\/2019\\\/10\\\/JCC7760-1.jpg\",\"keywords\":[\"leo nardini\"],\"articleSection\":[\"Informaci\u00f3n General\",\"Municipios\",\"Titulares\"],\"inLanguage\":\"es-AR\"},{\"@type\":\"WebPage\",\"@id\":\"https:\\\/\\\/diariodeloeste.com\\\/noticias\\\/2019\\\/10\\\/03\\\/leo-nardini-inauguro-una-nueva-obra-el-ultimo-fin-de-semana\\\/\",\"url\":\"https:\\\/\\\/diariodeloeste.com\\\/noticias\\\/2019\\\/10\\\/03\\\/leo-nardini-inauguro-una-nueva-obra-el-ultimo-fin-de-semana\\\/\",\"name\":\"Leo Nardini inaugur\u00f3 una nueva obra el \u00faltimo fin de semana - Diario del Oeste\",\"isPartOf\":{\"@id\":\"https:\\\/\\\/diariodeloeste.com\\\/noticias\\\/#website\"},\"primaryImageOfPage\":{\"@id\":\"https:\\\/\\\/diariodeloeste.com\\\/noticias\\\/2019\\\/10\\\/03\\\/leo-nardini-inauguro-una-nueva-obra-el-ultimo-fin-de-semana\\\/#primaryimage\"},\"image\":{\"@id\":\"https:\\\/\\\/diariodeloeste.com\\\/noticias\\\/2019\\\/10\\\/03\\\/leo-nardini-inauguro-una-nueva-obra-el-ultimo-fin-de-semana\\\/#primaryimage\"},\"thumbnailUrl\":\"https:\\\/\\\/diariodeloeste.com\\\/noticias\\\/wp-content\\\/uploads\\\/2019\\\/10\\\/JCC7760-1.jpg\",\"datePublished\":\"2019-10-03T13:03:15+00:00\",\"dateModified\":\"2019-10-03T13:07:16+00:00\",\"breadcrumb\":{\"@id\":\"https:\\\/\\\/diariodeloeste.com\\\/noticias\\\/2019\\\/10\\\/03\\\/leo-nardini-inauguro-una-nueva-obra-el-ultimo-fin-de-semana\\\/#breadcrumb\"},\"inLanguage\":\"es-AR\",\"potentialAction\":[{\"@type\":\"ReadAction\",\"target\":[\"https:\\\/\\\/diariodeloeste.com\\\/noticias\\\/2019\\\/10\\\/03\\\/leo-nardini-inauguro-una-nueva-obra-el-ultimo-fin-de-semana\\\/\"]}]},{\"@type\":\"ImageObject\",\"inLanguage\":\"es-AR\",\"@id\":\"https:\\\/\\\/diariodeloeste.com\\\/noticias\\\/2019\\\/10\\\/03\\\/leo-nardini-inauguro-una-nueva-obra-el-ultimo-fin-de-semana\\\/#primaryimage\",\"url\":\"https:\\\/\\\/diariodeloeste.com\\\/noticias\\\/wp-content\\\/uploads\\\/2019\\\/10\\\/JCC7760-1.jpg\",\"contentUrl\":\"https:\\\/\\\/diariodeloeste.com\\\/noticias\\\/wp-content\\\/uploads\\\/2019\\\/10\\\/JCC7760-1.jpg\",\"width\":3680,\"height\":2456},{\"@type\":\"BreadcrumbList\",\"@id\":\"https:\\\/\\\/diariodeloeste.com\\\/noticias\\\/2019\\\/10\\\/03\\\/leo-nardini-inauguro-una-nueva-obra-el-ultimo-fin-de-semana\\\/#breadcrumb\",\"itemListElement\":[{\"@type\":\"ListItem\",\"position\":1,\"name\":\"Inicio\",\"item\":\"https:\\\/\\\/diariodeloeste.com\\\/noticias\\\/\"},{\"@type\":\"ListItem\",\"position\":2,\"name\":\"Leo Nardini inaugur\u00f3 una nueva obra el \u00faltimo fin de semana\"}]},{\"@type\":\"WebSite\",\"@id\":\"https:\\\/\\\/diariodeloeste.com\\\/noticias\\\/#website\",\"url\":\"https:\\\/\\\/diariodeloeste.com\\\/noticias\\\/\",\"name\":\"Diario del Oeste\",\"description\":\"Noticias del Oeste\",\"publisher\":{\"@id\":\"https:\\\/\\\/diariodeloeste.com\\\/noticias\\\/#organization\"},\"potentialAction\":[{\"@type\":\"SearchAction\",\"target\":{\"@type\":\"EntryPoint\",\"urlTemplate\":\"https:\\\/\\\/diariodeloeste.com\\\/noticias\\\/?s={search_term_string}\"},\"query-input\":{\"@type\":\"PropertyValueSpecification\",\"valueRequired\":true,\"valueName\":\"search_term_string\"}}],\"inLanguage\":\"es-AR\"},{\"@type\":\"Organization\",\"@id\":\"https:\\\/\\\/diariodeloeste.com\\\/noticias\\\/#organization\",\"name\":\"Diario del Oeste\",\"url\":\"https:\\\/\\\/diariodeloeste.com\\\/noticias\\\/\",\"logo\":{\"@type\":\"ImageObject\",\"inLanguage\":\"es-AR\",\"@id\":\"https:\\\/\\\/diariodeloeste.com\\\/noticias\\\/#\\\/schema\\\/logo\\\/image\\\/\",\"url\":\"https:\\\/\\\/diariodeloeste.com\\\/noticias\\\/wp-content\\\/uploads\\\/2019\\\/04\\\/logo.png\",\"contentUrl\":\"https:\\\/\\\/diariodeloeste.com\\\/noticias\\\/wp-content\\\/uploads\\\/2019\\\/04\\\/logo.png\",\"width\":306,\"height\":145,\"caption\":\"Diario del Oeste\"},\"image\":{\"@id\":\"https:\\\/\\\/diariodeloeste.com\\\/noticias\\\/#\\\/schema\\\/logo\\\/image\\\/\"}},{\"@type\":\"Person\",\"@id\":\"https:\\\/\\\/diariodeloeste.com\\\/noticias\\\/#\\\/schema\\\/person\\\/1f7be965f8c093432e1cbfcee0ac4047\",\"name\":\"Redaccion\",\"image\":{\"@type\":\"ImageObject\",\"inLanguage\":\"es-AR\",\"@id\":\"https:\\\/\\\/secure.gravatar.com\\\/avatar\\\/f9bc3a12e26b32d818d88f9a5b61de20b559752e499df507efa7ea3cea0550ef?s=96&d=mm&r=g\",\"url\":\"https:\\\/\\\/secure.gravatar.com\\\/avatar\\\/f9bc3a12e26b32d818d88f9a5b61de20b559752e499df507efa7ea3cea0550ef?s=96&d=mm&r=g\",\"contentUrl\":\"https:\\\/\\\/secure.gravatar.com\\\/avatar\\\/f9bc3a12e26b32d818d88f9a5b61de20b559752e499df507efa7ea3cea0550ef?s=96&d=mm&r=g\",\"caption\":\"Redaccion\"},\"url\":\"https:\\\/\\\/diariodeloeste.com\\\/noticias\\\/author\\\/redaccion\\\/\"}]}<\/script>\n<!-- \/ Yoast SEO plugin. -->","yoast_head_json":{"title":"Leo Nardini inaugur\u00f3 una nueva obra el \u00faltimo fin de semana - Diario del Oeste","robots":{"index":"index","follow":"follow","max-snippet":"max-snippet:-1","max-image-preview":"max-image-preview:large","max-video-preview":"max-video-preview:-1"},"canonical":"https:\/\/diariodeloeste.com\/noticias\/2019\/10\/03\/leo-nardini-inauguro-una-nueva-obra-el-ultimo-fin-de-semana\/","og_locale":"es_ES","og_type":"article","og_title":"Leo Nardini inaugur\u00f3 una nueva obra el \u00faltimo fin de semana - Diario del Oeste","og_description":"&nbsp; Se trata del pavimento de la calle Carola Lorenzini en Los Polvorines. El intendente de Malvinas Argentinas charl\u00f3 con los vecinos y camin\u00f3 por la nueva arteria. Adem\u00e1s, se pavimentaron cuadras aleda\u00f1as. &nbsp; El intendente de Malvinas Argentinas, Leo Nardini, dej\u00f3 oficialmente inaugurado el nuevo pavimento de la calle Carola Lorenzini en la localidad [&hellip;]","og_url":"https:\/\/diariodeloeste.com\/noticias\/2019\/10\/03\/leo-nardini-inauguro-una-nueva-obra-el-ultimo-fin-de-semana\/","og_site_name":"Diario del Oeste","article_published_time":"2019-10-03T13:03:15+00:00","article_modified_time":"2019-10-03T13:07:16+00:00","og_image":[{"width":3680,"height":2456,"url":"https:\/\/diariodeloeste.com\/noticias\/wp-content\/uploads\/2019\/10\/JCC7760-1.jpg","type":"image\/jpeg"}],"author":"Redaccion","twitter_card":"summary_large_image","twitter_misc":{"Escrito por":"Redaccion","Tiempo de lectura":"2 minutos"},"schema":{"@context":"https:\/\/schema.org","@graph":[{"@type":"Article","@id":"https:\/\/diariodeloeste.com\/noticias\/2019\/10\/03\/leo-nardini-inauguro-una-nueva-obra-el-ultimo-fin-de-semana\/#article","isPartOf":{"@id":"https:\/\/diariodeloeste.com\/noticias\/2019\/10\/03\/leo-nardini-inauguro-una-nueva-obra-el-ultimo-fin-de-semana\/"},"author":{"name":"Redaccion","@id":"https:\/\/diariodeloeste.com\/noticias\/#\/schema\/person\/1f7be965f8c093432e1cbfcee0ac4047"},"headline":"Leo Nardini inaugur\u00f3 una nueva obra el \u00faltimo fin de semana","datePublished":"2019-10-03T13:03:15+00:00","dateModified":"2019-10-03T13:07:16+00:00","mainEntityOfPage":{"@id":"https:\/\/diariodeloeste.com\/noticias\/2019\/10\/03\/leo-nardini-inauguro-una-nueva-obra-el-ultimo-fin-de-semana\/"},"wordCount":374,"publisher":{"@id":"https:\/\/diariodeloeste.com\/noticias\/#organization"},"image":{"@id":"https:\/\/diariodeloeste.com\/noticias\/2019\/10\/03\/leo-nardini-inauguro-una-nueva-obra-el-ultimo-fin-de-semana\/#primaryimage"},"thumbnailUrl":"https:\/\/diariodeloeste.com\/noticias\/wp-content\/uploads\/2019\/10\/JCC7760-1.jpg","keywords":["leo nardini"],"articleSection":["Informaci\u00f3n General","Municipios","Titulares"],"inLanguage":"es-AR"},{"@type":"WebPage","@id":"https:\/\/diariodeloeste.com\/noticias\/2019\/10\/03\/leo-nardini-inauguro-una-nueva-obra-el-ultimo-fin-de-semana\/","url":"https:\/\/diariodeloeste.com\/noticias\/2019\/10\/03\/leo-nardini-inauguro-una-nueva-obra-el-ultimo-fin-de-semana\/","name":"Leo Nardini inaugur\u00f3 una nueva obra el \u00faltimo fin de semana - Diario del Oeste","isPartOf":{"@id":"https:\/\/diariodeloeste.com\/noticias\/#website"},"primaryImageOfPage":{"@id":"https:\/\/diariodeloeste.com\/noticias\/2019\/10\/03\/leo-nardini-inauguro-una-nueva-obra-el-ultimo-fin-de-semana\/#primaryimage"},"image":{"@id":"https:\/\/diariodeloeste.com\/noticias\/2019\/10\/03\/leo-nardini-inauguro-una-nueva-obra-el-ultimo-fin-de-semana\/#primaryimage"},"thumbnailUrl":"https:\/\/diariodeloeste.com\/noticias\/wp-content\/uploads\/2019\/10\/JCC7760-1.jpg","datePublished":"2019-10-03T13:03:15+00:00","dateModified":"2019-10-03T13:07:16+00:00","breadcrumb":{"@id":"https:\/\/diariodeloeste.com\/noticias\/2019\/10\/03\/leo-nardini-inauguro-una-nueva-obra-el-ultimo-fin-de-semana\/#breadcrumb"},"inLanguage":"es-AR","potentialAction":[{"@type":"ReadAction","target":["https:\/\/diariodeloeste.com\/noticias\/2019\/10\/03\/leo-nardini-inauguro-una-nueva-obra-el-ultimo-fin-de-semana\/"]}]},{"@type":"ImageObject","inLanguage":"es-AR","@id":"https:\/\/diariodeloeste.com\/noticias\/2019\/10\/03\/leo-nardini-inauguro-una-nueva-obra-el-ultimo-fin-de-semana\/#primaryimage","url":"https:\/\/diariodeloeste.com\/noticias\/wp-content\/uploads\/2019\/10\/JCC7760-1.jpg","contentUrl":"https:\/\/diariodeloeste.com\/noticias\/wp-content\/uploads\/2019\/10\/JCC7760-1.jpg","width":3680,"height":2456},{"@type":"BreadcrumbList","@id":"https:\/\/diariodeloeste.com\/noticias\/2019\/10\/03\/leo-nardini-inauguro-una-nueva-obra-el-ultimo-fin-de-semana\/#breadcrumb","itemListElement":[{"@type":"ListItem","position":1,"name":"Inicio","item":"https:\/\/diariodeloeste.com\/noticias\/"},{"@type":"ListItem","position":2,"name":"Leo Nardini inaugur\u00f3 una nueva obra el \u00faltimo fin de semana"}]},{"@type":"WebSite","@id":"https:\/\/diariodeloeste.com\/noticias\/#website","url":"https:\/\/diariodeloeste.com\/noticias\/","name":"Diario del Oeste","description":"Noticias del Oeste","publisher":{"@id":"https:\/\/diariodeloeste.com\/noticias\/#organization"},"potentialAction":[{"@type":"SearchAction","target":{"@type":"EntryPoint","urlTemplate":"https:\/\/diariodeloeste.com\/noticias\/?s={search_term_string}"},"query-input":{"@type":"PropertyValueSpecification","valueRequired":true,"valueName":"search_term_string"}}],"inLanguage":"es-AR"},{"@type":"Organization","@id":"https:\/\/diariodeloeste.com\/noticias\/#organization","name":"Diario del Oeste","url":"https:\/\/diariodeloeste.com\/noticias\/","logo":{"@type":"ImageObject","inLanguage":"es-AR","@id":"https:\/\/diariodeloeste.com\/noticias\/#\/schema\/logo\/image\/","url":"https:\/\/diariodeloeste.com\/noticias\/wp-content\/uploads\/2019\/04\/logo.png","contentUrl":"https:\/\/diariodeloeste.com\/noticias\/wp-content\/uploads\/2019\/04\/logo.png","width":306,"height":145,"caption":"Diario del Oeste"},"image":{"@id":"https:\/\/diariodeloeste.com\/noticias\/#\/schema\/logo\/image\/"}},{"@type":"Person","@id":"https:\/\/diariodeloeste.com\/noticias\/#\/schema\/person\/1f7be965f8c093432e1cbfcee0ac4047","name":"Redaccion","image":{"@type":"ImageObject","inLanguage":"es-AR","@id":"https:\/\/secure.gravatar.com\/avatar\/f9bc3a12e26b32d818d88f9a5b61de20b559752e499df507efa7ea3cea0550ef?s=96&d=mm&r=g","url":"https:\/\/secure.gravatar.com\/avatar\/f9bc3a12e26b32d818d88f9a5b61de20b559752e499df507efa7ea3cea0550ef?s=96&d=mm&r=g","contentUrl":"https:\/\/secure.gravatar.com\/avatar\/f9bc3a12e26b32d818d88f9a5b61de20b559752e499df507efa7ea3cea0550ef?s=96&d=mm&r=g","caption":"Redaccion"},"url":"https:\/\/diariodeloeste.com\/noticias\/author\/redaccion\/"}]}},"_links":{"self":[{"href":"https:\/\/diariodeloeste.com\/noticias\/wp-json\/wp\/v2\/posts\/5192","targetHints":{"allow":["GET"]}}],"collection":[{"href":"https:\/\/diariodeloeste.com\/noticias\/wp-json\/wp\/v2\/posts"}],"about":[{"href":"https:\/\/diariodeloeste.com\/noticias\/wp-json\/wp\/v2\/types\/post"}],"author":[{"embeddable":true,"href":"https:\/\/diariodeloeste.com\/noticias\/wp-json\/wp\/v2\/users\/3"}],"replies":[{"embeddable":true,"href":"https:\/\/diariodeloeste.com\/noticias\/wp-json\/wp\/v2\/comments?post=5192"}],"version-history":[{"count":3,"href":"https:\/\/diariodeloeste.com\/noticias\/wp-json\/wp\/v2\/posts\/5192\/revisions"}],"predecessor-version":[{"id":5199,"href":"https:\/\/diariodeloeste.com\/noticias\/wp-json\/wp\/v2\/posts\/5192\/revisions\/5199"}],"wp:featuredmedia":[{"embeddable":true,"href":"https:\/\/diariodeloeste.com\/noticias\/wp-json\/wp\/v2\/media\/5195"}],"wp:attachment":[{"href":"https:\/\/diariodeloeste.com\/noticias\/wp-json\/wp\/v2\/media?parent=5192"}],"wp:term":[{"taxonomy":"category","embeddable":true,"href":"https:\/\/diariodeloeste.com\/noticias\/wp-json\/wp\/v2\/categories?post=5192"},{"taxonomy":"post_tag","embeddable":true,"href":"https:\/\/diariodeloeste.com\/noticias\/wp-json\/wp\/v2\/tags?post=5192"}],"curies":[{"name":"wp","href":"https:\/\/api.w.org\/{rel}","templated":true}]}}