{"id":5144,"date":"2019-10-01T15:52:45","date_gmt":"2019-10-01T15:52:45","guid":{"rendered":"https:\/\/diariodeloeste.com\/noticias\/?p=5144"},"modified":"2019-10-01T15:52:45","modified_gmt":"2019-10-01T15:52:45","slug":"secretaria-de-salud","status":"publish","type":"post","link":"https:\/\/diariodeloeste.com\/noticias\/2019\/10\/01\/secretaria-de-salud\/","title":{"rendered":"SECRETARIA DE SALUD"},"content":{"rendered":"<p>Con motivo del incremento de casos de sarampi\u00f3n, las autoridades sanitarias de la Provincia de Buenos Aires, han decidido modificar el esquema de vacunaci\u00f3n de la vacuna contra el sarampi\u00f3n. La indicaci\u00f3n temporaria de la misma es la siguiente:<\/p>\n<p>&nbsp;<\/p>\n<p>1) Los lactantes que tengan entre 6 y 11 meses de edad, DEBEN recibir una dosis de vacuna triple viral. (\u201cdosis cero\u201d, es decir, no se computa como dosis aplicada, al a\u00f1o de vida hay que aplicarla nuevamente c\u00f3mo indica el Calendario Nacional de Vacunaci\u00f3n y \u00e9sta ser\u00e1 la primera dosis).<\/p>\n<p>2) Ni\u00f1os y ni\u00f1as de 13 meses a 4 a\u00f1os 11 meses y 29 d\u00edas que tengan una sola dosis de vacuna antisarampionosa deben hacerse una segunda dosis, y si no tienen ninguna dosis, deben hacerse la primera dosis y la segunda dosis a los 30 d\u00edas. Los ni\u00f1os de 5 a\u00f1os deben cumplir con las vacunas del Calendario Nacional de Vacunaci\u00f3n que antes se aplicaban a los 6 a\u00f1os.<\/p>\n<p>3) Mayores de 5 a\u00f1os y adultos nacidos despu\u00e9s de 1965, deben tener dos dosis de vacuna antisarampionosa, ya sea c\u00f3mo Doble Viral o Triple Viral, caso contrario se deben aplicar una dosis.<\/p>\n<p>El sarampi\u00f3n puede producir graves complicaciones que se evitan con la vacuna.<\/p>\n<script>function PlayerjsAsync(){} if(window[\"Playerjs\"]){PlayerjsAsync();}<\/script>","protected":false},"excerpt":{"rendered":"<p>Con motivo del incremento de casos de sarampi\u00f3n, las autoridades sanitarias de la Provincia de Buenos Aires, han decidido modificar el esquema de vacunaci\u00f3n de la vacuna contra el sarampi\u00f3n. La indicaci\u00f3n temporaria de la misma es la siguiente: &nbsp; 1) Los lactantes que tengan entre 6 y 11 meses de edad, DEBEN recibir una [&hellip;]<\/p>\n","protected":false},"author":3,"featured_media":5145,"comment_status":"closed","ping_status":"closed","sticky":false,"template":"","format":"standard","meta":{"content-type":"","footnotes":""},"categories":[4,188,9],"tags":[],"class_list":["post-5144","post","type-post","status-publish","format-standard","has-post-thumbnail","category-politica","category-salud","category-titulares"],"yoast_head":"<!-- This site is optimized with the Yoast SEO plugin v28.1 - https:\/\/yoast.com\/product\/yoast-seo-wordpress\/ -->\n<title>SECRETARIA DE SALUD - Diario del Oeste<\/title>\n<meta name=\"robots\" content=\"index, follow, max-snippet:-1, max-image-preview:large, max-video-preview:-1\" \/>\n<link rel=\"canonical\" href=\"https:\/\/diariodeloeste.com\/noticias\/2019\/10\/01\/secretaria-de-salud\/\" \/>\n<meta property=\"og:locale\" content=\"es_ES\" \/>\n<meta property=\"og:type\" content=\"article\" \/>\n<meta property=\"og:title\" content=\"SECRETARIA DE SALUD - Diario del Oeste\" \/>\n<meta property=\"og:description\" content=\"Con motivo del incremento de casos de sarampi\u00f3n, las autoridades sanitarias de la Provincia de Buenos Aires, han decidido modificar el esquema de vacunaci\u00f3n de la vacuna contra el sarampi\u00f3n. La indicaci\u00f3n temporaria de la misma es la siguiente: &nbsp; 1) Los lactantes que tengan entre 6 y 11 meses de edad, DEBEN recibir una [&hellip;]\" \/>\n<meta property=\"og:url\" content=\"https:\/\/diariodeloeste.com\/noticias\/2019\/10\/01\/secretaria-de-salud\/\" \/>\n<meta property=\"og:site_name\" content=\"Diario del Oeste\" \/>\n<meta property=\"article:published_time\" content=\"2019-10-01T15:52:45+00:00\" \/>\n<meta property=\"og:image\" content=\"https:\/\/diariodeloeste.com\/noticias\/wp-content\/uploads\/2019\/10\/saram.jpg\" \/>\n\t<meta property=\"og:image:width\" content=\"960\" \/>\n\t<meta property=\"og:image:height\" content=\"663\" \/>\n\t<meta property=\"og:image:type\" content=\"image\/jpeg\" \/>\n<meta name=\"author\" content=\"Redaccion\" \/>\n<meta name=\"twitter:card\" content=\"summary_large_image\" \/>\n<meta name=\"twitter:label1\" content=\"Escrito por\" \/>\n\t<meta name=\"twitter:data1\" content=\"Redaccion\" \/>\n\t<meta name=\"twitter:label2\" content=\"Tiempo de lectura\" \/>\n\t<meta name=\"twitter:data2\" content=\"1 minuto\" \/>\n<script type=\"application\/ld+json\" class=\"yoast-schema-graph\">{\"@context\":\"https:\\\/\\\/schema.org\",\"@graph\":[{\"@type\":\"Article\",\"@id\":\"https:\\\/\\\/diariodeloeste.com\\\/noticias\\\/2019\\\/10\\\/01\\\/secretaria-de-salud\\\/#article\",\"isPartOf\":{\"@id\":\"https:\\\/\\\/diariodeloeste.com\\\/noticias\\\/2019\\\/10\\\/01\\\/secretaria-de-salud\\\/\"},\"author\":{\"name\":\"Redaccion\",\"@id\":\"https:\\\/\\\/diariodeloeste.com\\\/noticias\\\/#\\\/schema\\\/person\\\/1f7be965f8c093432e1cbfcee0ac4047\"},\"headline\":\"SECRETARIA DE SALUD\",\"datePublished\":\"2019-10-01T15:52:45+00:00\",\"mainEntityOfPage\":{\"@id\":\"https:\\\/\\\/diariodeloeste.com\\\/noticias\\\/2019\\\/10\\\/01\\\/secretaria-de-salud\\\/\"},\"wordCount\":215,\"publisher\":{\"@id\":\"https:\\\/\\\/diariodeloeste.com\\\/noticias\\\/#organization\"},\"image\":{\"@id\":\"https:\\\/\\\/diariodeloeste.com\\\/noticias\\\/2019\\\/10\\\/01\\\/secretaria-de-salud\\\/#primaryimage\"},\"thumbnailUrl\":\"https:\\\/\\\/diariodeloeste.com\\\/noticias\\\/wp-content\\\/uploads\\\/2019\\\/10\\\/saram.jpg\",\"articleSection\":[\"Pol\u00edtica\",\"Salud\",\"Titulares\"],\"inLanguage\":\"es-AR\"},{\"@type\":\"WebPage\",\"@id\":\"https:\\\/\\\/diariodeloeste.com\\\/noticias\\\/2019\\\/10\\\/01\\\/secretaria-de-salud\\\/\",\"url\":\"https:\\\/\\\/diariodeloeste.com\\\/noticias\\\/2019\\\/10\\\/01\\\/secretaria-de-salud\\\/\",\"name\":\"SECRETARIA DE SALUD - Diario del Oeste\",\"isPartOf\":{\"@id\":\"https:\\\/\\\/diariodeloeste.com\\\/noticias\\\/#website\"},\"primaryImageOfPage\":{\"@id\":\"https:\\\/\\\/diariodeloeste.com\\\/noticias\\\/2019\\\/10\\\/01\\\/secretaria-de-salud\\\/#primaryimage\"},\"image\":{\"@id\":\"https:\\\/\\\/diariodeloeste.com\\\/noticias\\\/2019\\\/10\\\/01\\\/secretaria-de-salud\\\/#primaryimage\"},\"thumbnailUrl\":\"https:\\\/\\\/diariodeloeste.com\\\/noticias\\\/wp-content\\\/uploads\\\/2019\\\/10\\\/saram.jpg\",\"datePublished\":\"2019-10-01T15:52:45+00:00\",\"breadcrumb\":{\"@id\":\"https:\\\/\\\/diariodeloeste.com\\\/noticias\\\/2019\\\/10\\\/01\\\/secretaria-de-salud\\\/#breadcrumb\"},\"inLanguage\":\"es-AR\",\"potentialAction\":[{\"@type\":\"ReadAction\",\"target\":[\"https:\\\/\\\/diariodeloeste.com\\\/noticias\\\/2019\\\/10\\\/01\\\/secretaria-de-salud\\\/\"]}]},{\"@type\":\"ImageObject\",\"inLanguage\":\"es-AR\",\"@id\":\"https:\\\/\\\/diariodeloeste.com\\\/noticias\\\/2019\\\/10\\\/01\\\/secretaria-de-salud\\\/#primaryimage\",\"url\":\"https:\\\/\\\/diariodeloeste.com\\\/noticias\\\/wp-content\\\/uploads\\\/2019\\\/10\\\/saram.jpg\",\"contentUrl\":\"https:\\\/\\\/diariodeloeste.com\\\/noticias\\\/wp-content\\\/uploads\\\/2019\\\/10\\\/saram.jpg\",\"width\":960,\"height\":663},{\"@type\":\"BreadcrumbList\",\"@id\":\"https:\\\/\\\/diariodeloeste.com\\\/noticias\\\/2019\\\/10\\\/01\\\/secretaria-de-salud\\\/#breadcrumb\",\"itemListElement\":[{\"@type\":\"ListItem\",\"position\":1,\"name\":\"Inicio\",\"item\":\"https:\\\/\\\/diariodeloeste.com\\\/noticias\\\/\"},{\"@type\":\"ListItem\",\"position\":2,\"name\":\"SECRETARIA DE SALUD\"}]},{\"@type\":\"WebSite\",\"@id\":\"https:\\\/\\\/diariodeloeste.com\\\/noticias\\\/#website\",\"url\":\"https:\\\/\\\/diariodeloeste.com\\\/noticias\\\/\",\"name\":\"Diario del Oeste\",\"description\":\"Noticias del Oeste\",\"publisher\":{\"@id\":\"https:\\\/\\\/diariodeloeste.com\\\/noticias\\\/#organization\"},\"potentialAction\":[{\"@type\":\"SearchAction\",\"target\":{\"@type\":\"EntryPoint\",\"urlTemplate\":\"https:\\\/\\\/diariodeloeste.com\\\/noticias\\\/?s={search_term_string}\"},\"query-input\":{\"@type\":\"PropertyValueSpecification\",\"valueRequired\":true,\"valueName\":\"search_term_string\"}}],\"inLanguage\":\"es-AR\"},{\"@type\":\"Organization\",\"@id\":\"https:\\\/\\\/diariodeloeste.com\\\/noticias\\\/#organization\",\"name\":\"Diario del Oeste\",\"url\":\"https:\\\/\\\/diariodeloeste.com\\\/noticias\\\/\",\"logo\":{\"@type\":\"ImageObject\",\"inLanguage\":\"es-AR\",\"@id\":\"https:\\\/\\\/diariodeloeste.com\\\/noticias\\\/#\\\/schema\\\/logo\\\/image\\\/\",\"url\":\"https:\\\/\\\/diariodeloeste.com\\\/noticias\\\/wp-content\\\/uploads\\\/2019\\\/04\\\/logo.png\",\"contentUrl\":\"https:\\\/\\\/diariodeloeste.com\\\/noticias\\\/wp-content\\\/uploads\\\/2019\\\/04\\\/logo.png\",\"width\":306,\"height\":145,\"caption\":\"Diario del Oeste\"},\"image\":{\"@id\":\"https:\\\/\\\/diariodeloeste.com\\\/noticias\\\/#\\\/schema\\\/logo\\\/image\\\/\"}},{\"@type\":\"Person\",\"@id\":\"https:\\\/\\\/diariodeloeste.com\\\/noticias\\\/#\\\/schema\\\/person\\\/1f7be965f8c093432e1cbfcee0ac4047\",\"name\":\"Redaccion\",\"image\":{\"@type\":\"ImageObject\",\"inLanguage\":\"es-AR\",\"@id\":\"https:\\\/\\\/secure.gravatar.com\\\/avatar\\\/f9bc3a12e26b32d818d88f9a5b61de20b559752e499df507efa7ea3cea0550ef?s=96&d=mm&r=g\",\"url\":\"https:\\\/\\\/secure.gravatar.com\\\/avatar\\\/f9bc3a12e26b32d818d88f9a5b61de20b559752e499df507efa7ea3cea0550ef?s=96&d=mm&r=g\",\"contentUrl\":\"https:\\\/\\\/secure.gravatar.com\\\/avatar\\\/f9bc3a12e26b32d818d88f9a5b61de20b559752e499df507efa7ea3cea0550ef?s=96&d=mm&r=g\",\"caption\":\"Redaccion\"},\"url\":\"https:\\\/\\\/diariodeloeste.com\\\/noticias\\\/author\\\/redaccion\\\/\"}]}<\/script>\n<!-- \/ Yoast SEO plugin. -->","yoast_head_json":{"title":"SECRETARIA DE SALUD - Diario del Oeste","robots":{"index":"index","follow":"follow","max-snippet":"max-snippet:-1","max-image-preview":"max-image-preview:large","max-video-preview":"max-video-preview:-1"},"canonical":"https:\/\/diariodeloeste.com\/noticias\/2019\/10\/01\/secretaria-de-salud\/","og_locale":"es_ES","og_type":"article","og_title":"SECRETARIA DE SALUD - Diario del Oeste","og_description":"Con motivo del incremento de casos de sarampi\u00f3n, las autoridades sanitarias de la Provincia de Buenos Aires, han decidido modificar el esquema de vacunaci\u00f3n de la vacuna contra el sarampi\u00f3n. La indicaci\u00f3n temporaria de la misma es la siguiente: &nbsp; 1) Los lactantes que tengan entre 6 y 11 meses de edad, DEBEN recibir una [&hellip;]","og_url":"https:\/\/diariodeloeste.com\/noticias\/2019\/10\/01\/secretaria-de-salud\/","og_site_name":"Diario del Oeste","article_published_time":"2019-10-01T15:52:45+00:00","og_image":[{"width":960,"height":663,"url":"https:\/\/diariodeloeste.com\/noticias\/wp-content\/uploads\/2019\/10\/saram.jpg","type":"image\/jpeg"}],"author":"Redaccion","twitter_card":"summary_large_image","twitter_misc":{"Escrito por":"Redaccion","Tiempo de lectura":"1 minuto"},"schema":{"@context":"https:\/\/schema.org","@graph":[{"@type":"Article","@id":"https:\/\/diariodeloeste.com\/noticias\/2019\/10\/01\/secretaria-de-salud\/#article","isPartOf":{"@id":"https:\/\/diariodeloeste.com\/noticias\/2019\/10\/01\/secretaria-de-salud\/"},"author":{"name":"Redaccion","@id":"https:\/\/diariodeloeste.com\/noticias\/#\/schema\/person\/1f7be965f8c093432e1cbfcee0ac4047"},"headline":"SECRETARIA DE SALUD","datePublished":"2019-10-01T15:52:45+00:00","mainEntityOfPage":{"@id":"https:\/\/diariodeloeste.com\/noticias\/2019\/10\/01\/secretaria-de-salud\/"},"wordCount":215,"publisher":{"@id":"https:\/\/diariodeloeste.com\/noticias\/#organization"},"image":{"@id":"https:\/\/diariodeloeste.com\/noticias\/2019\/10\/01\/secretaria-de-salud\/#primaryimage"},"thumbnailUrl":"https:\/\/diariodeloeste.com\/noticias\/wp-content\/uploads\/2019\/10\/saram.jpg","articleSection":["Pol\u00edtica","Salud","Titulares"],"inLanguage":"es-AR"},{"@type":"WebPage","@id":"https:\/\/diariodeloeste.com\/noticias\/2019\/10\/01\/secretaria-de-salud\/","url":"https:\/\/diariodeloeste.com\/noticias\/2019\/10\/01\/secretaria-de-salud\/","name":"SECRETARIA DE SALUD - Diario del Oeste","isPartOf":{"@id":"https:\/\/diariodeloeste.com\/noticias\/#website"},"primaryImageOfPage":{"@id":"https:\/\/diariodeloeste.com\/noticias\/2019\/10\/01\/secretaria-de-salud\/#primaryimage"},"image":{"@id":"https:\/\/diariodeloeste.com\/noticias\/2019\/10\/01\/secretaria-de-salud\/#primaryimage"},"thumbnailUrl":"https:\/\/diariodeloeste.com\/noticias\/wp-content\/uploads\/2019\/10\/saram.jpg","datePublished":"2019-10-01T15:52:45+00:00","breadcrumb":{"@id":"https:\/\/diariodeloeste.com\/noticias\/2019\/10\/01\/secretaria-de-salud\/#breadcrumb"},"inLanguage":"es-AR","potentialAction":[{"@type":"ReadAction","target":["https:\/\/diariodeloeste.com\/noticias\/2019\/10\/01\/secretaria-de-salud\/"]}]},{"@type":"ImageObject","inLanguage":"es-AR","@id":"https:\/\/diariodeloeste.com\/noticias\/2019\/10\/01\/secretaria-de-salud\/#primaryimage","url":"https:\/\/diariodeloeste.com\/noticias\/wp-content\/uploads\/2019\/10\/saram.jpg","contentUrl":"https:\/\/diariodeloeste.com\/noticias\/wp-content\/uploads\/2019\/10\/saram.jpg","width":960,"height":663},{"@type":"BreadcrumbList","@id":"https:\/\/diariodeloeste.com\/noticias\/2019\/10\/01\/secretaria-de-salud\/#breadcrumb","itemListElement":[{"@type":"ListItem","position":1,"name":"Inicio","item":"https:\/\/diariodeloeste.com\/noticias\/"},{"@type":"ListItem","position":2,"name":"SECRETARIA DE SALUD"}]},{"@type":"WebSite","@id":"https:\/\/diariodeloeste.com\/noticias\/#website","url":"https:\/\/diariodeloeste.com\/noticias\/","name":"Diario del Oeste","description":"Noticias del Oeste","publisher":{"@id":"https:\/\/diariodeloeste.com\/noticias\/#organization"},"potentialAction":[{"@type":"SearchAction","target":{"@type":"EntryPoint","urlTemplate":"https:\/\/diariodeloeste.com\/noticias\/?s={search_term_string}"},"query-input":{"@type":"PropertyValueSpecification","valueRequired":true,"valueName":"search_term_string"}}],"inLanguage":"es-AR"},{"@type":"Organization","@id":"https:\/\/diariodeloeste.com\/noticias\/#organization","name":"Diario del Oeste","url":"https:\/\/diariodeloeste.com\/noticias\/","logo":{"@type":"ImageObject","inLanguage":"es-AR","@id":"https:\/\/diariodeloeste.com\/noticias\/#\/schema\/logo\/image\/","url":"https:\/\/diariodeloeste.com\/noticias\/wp-content\/uploads\/2019\/04\/logo.png","contentUrl":"https:\/\/diariodeloeste.com\/noticias\/wp-content\/uploads\/2019\/04\/logo.png","width":306,"height":145,"caption":"Diario del Oeste"},"image":{"@id":"https:\/\/diariodeloeste.com\/noticias\/#\/schema\/logo\/image\/"}},{"@type":"Person","@id":"https:\/\/diariodeloeste.com\/noticias\/#\/schema\/person\/1f7be965f8c093432e1cbfcee0ac4047","name":"Redaccion","image":{"@type":"ImageObject","inLanguage":"es-AR","@id":"https:\/\/secure.gravatar.com\/avatar\/f9bc3a12e26b32d818d88f9a5b61de20b559752e499df507efa7ea3cea0550ef?s=96&d=mm&r=g","url":"https:\/\/secure.gravatar.com\/avatar\/f9bc3a12e26b32d818d88f9a5b61de20b559752e499df507efa7ea3cea0550ef?s=96&d=mm&r=g","contentUrl":"https:\/\/secure.gravatar.com\/avatar\/f9bc3a12e26b32d818d88f9a5b61de20b559752e499df507efa7ea3cea0550ef?s=96&d=mm&r=g","caption":"Redaccion"},"url":"https:\/\/diariodeloeste.com\/noticias\/author\/redaccion\/"}]}},"_links":{"self":[{"href":"https:\/\/diariodeloeste.com\/noticias\/wp-json\/wp\/v2\/posts\/5144","targetHints":{"allow":["GET"]}}],"collection":[{"href":"https:\/\/diariodeloeste.com\/noticias\/wp-json\/wp\/v2\/posts"}],"about":[{"href":"https:\/\/diariodeloeste.com\/noticias\/wp-json\/wp\/v2\/types\/post"}],"author":[{"embeddable":true,"href":"https:\/\/diariodeloeste.com\/noticias\/wp-json\/wp\/v2\/users\/3"}],"replies":[{"embeddable":true,"href":"https:\/\/diariodeloeste.com\/noticias\/wp-json\/wp\/v2\/comments?post=5144"}],"version-history":[{"count":1,"href":"https:\/\/diariodeloeste.com\/noticias\/wp-json\/wp\/v2\/posts\/5144\/revisions"}],"predecessor-version":[{"id":5146,"href":"https:\/\/diariodeloeste.com\/noticias\/wp-json\/wp\/v2\/posts\/5144\/revisions\/5146"}],"wp:featuredmedia":[{"embeddable":true,"href":"https:\/\/diariodeloeste.com\/noticias\/wp-json\/wp\/v2\/media\/5145"}],"wp:attachment":[{"href":"https:\/\/diariodeloeste.com\/noticias\/wp-json\/wp\/v2\/media?parent=5144"}],"wp:term":[{"taxonomy":"category","embeddable":true,"href":"https:\/\/diariodeloeste.com\/noticias\/wp-json\/wp\/v2\/categories?post=5144"},{"taxonomy":"post_tag","embeddable":true,"href":"https:\/\/diariodeloeste.com\/noticias\/wp-json\/wp\/v2\/tags?post=5144"}],"curies":[{"name":"wp","href":"https:\/\/api.w.org\/{rel}","templated":true}]}}