{"id":5035,"date":"2019-09-26T12:01:06","date_gmt":"2019-09-26T12:01:06","guid":{"rendered":"https:\/\/diariodeloeste.com\/noticias\/?p=5035"},"modified":"2019-09-26T12:01:06","modified_gmt":"2019-09-26T12:01:06","slug":"comenzo-el-programa-lideres-sociales-2-en-merlo","status":"publish","type":"post","link":"https:\/\/diariodeloeste.com\/noticias\/2019\/09\/26\/comenzo-el-programa-lideres-sociales-2-en-merlo\/","title":{"rendered":"COMENZ\u00d3 EL PROGRAMA \u201cL\u00cdDERES SOCIALES 2\u201d EN MERLO"},"content":{"rendered":"<p><strong>COMENZ\u00d3 EL PROGRAMA \u201cL\u00cdDERES SOCIALES 2\u201d EN MERLO<\/strong><\/p>\n<p>El objetivo de la actividad es brindarles herramientas a los l\u00edderes de las entidades<br \/>\nintermedias de Merlo para la transformaci\u00f3n de la comunidad.<br \/>\nEl programa <em><strong>\u00abL\u00edderes Sociales 2\u00bb<\/strong><\/em> est\u00e1 dirigido a todas las entidades intermedias del<br \/>\ndistrito como clubes, sociedades de fomento, asociaciones civiles, centros de<br \/>\njubilados, y centros religiosos, entre otros.<\/p>\n<p>El programa consta de cuatro encuentros que tendr\u00e1n lugar durante un mes en<br \/>\ndistintos puntos de la localidad. El primero se realiz\u00f3 en el Club El Rayo (Rioja 864),<br \/>\ncon la presencia de representantes de clubes e instituciones locales. Las jornadas son<br \/>\nllevadas adelante por profesionales de las distintas disciplinas.<br \/>\n\u201cEl contenido de la capacitaci\u00f3n se enfoca en organizaci\u00f3n barrial, planificaci\u00f3n,<br \/>\ngesti\u00f3n de instituciones, y participaci\u00f3n, con el objetivo de mejorar y transformar a<br \/>\nMerlo\u201d, explic\u00f3 la Subsecretaria de Entidades Intermedias, Viviana Romero, cuya \u00e1rea<br \/>\nque encabeza es impulsora de esta propuesta.<\/p>\n<p>El Presidente del Club Uni\u00f3n de Merlo (ex SEDEM), Pablo Etchepare, coment\u00f3: \u201cEstas<br \/>\ncapacitaciones son muy importantes, tanto para nosotros como instituci\u00f3n como para<br \/>\nla comunidad en general\u201d.<br \/>\n\u201cGracias a estas capacitaciones la gente tiene m\u00e1s conciencia del esfuerzo que es<br \/>\nllevar adelante una instituci\u00f3n como la nuestra. Son imprescindibles por los tiempos en<br \/>\nque vivimos, donde las personas tienen que fortalecerse unas a otras\u201d, declar\u00f3 Marisa<br \/>\nRojas, representante del Taller de Adultos Ciegos Ricardo V\u00e1zquez.<br \/>\nEl lanzamiento del programa fue el 11 de septiembre en el Club Independiente (Av.<br \/>\nLibertador 223) y convoc\u00f3 a 250 representantes sociales de la localidad. Es la<br \/>\ncontinuaci\u00f3n de \u00abL\u00edderes Sociales 1\u00bb, que form\u00f3 a m\u00e1s de 1000 l\u00edderes de Merlo.<br \/>\nPara m\u00e1s detalles, comunicarse con la Subsecretar\u00eda de Entidades Intermedias de<br \/>\nMerlo, ubicada en Sarand\u00ed 231al (0220)485-8324\/485-4508.<\/p>\n<p>&nbsp;<\/p>\n<p><img loading=\"lazy\" loading=\"lazy\" decoding=\"async\" class=\"alignnone size-medium wp-image-5036\" src=\"https:\/\/diariodeloeste.com\/noticias\/wp-content\/uploads\/2019\/09\/lideres-sociales-3-300x200.jpg\" alt=\"\" width=\"300\" height=\"200\" srcset=\"https:\/\/diariodeloeste.com\/noticias\/wp-content\/uploads\/2019\/09\/lideres-sociales-3-300x200.jpg 300w, https:\/\/diariodeloeste.com\/noticias\/wp-content\/uploads\/2019\/09\/lideres-sociales-3-768x513.jpg 768w, https:\/\/diariodeloeste.com\/noticias\/wp-content\/uploads\/2019\/09\/lideres-sociales-3.jpg 1023w\" sizes=\"auto, (max-width: 300px) 100vw, 300px\" \/><img loading=\"lazy\" loading=\"lazy\" decoding=\"async\" class=\"alignnone size-medium wp-image-5037\" src=\"https:\/\/diariodeloeste.com\/noticias\/wp-content\/uploads\/2019\/09\/lideres-sociales-1-300x200.jpg\" alt=\"\" width=\"300\" height=\"200\" srcset=\"https:\/\/diariodeloeste.com\/noticias\/wp-content\/uploads\/2019\/09\/lideres-sociales-1-300x200.jpg 300w, https:\/\/diariodeloeste.com\/noticias\/wp-content\/uploads\/2019\/09\/lideres-sociales-1-768x513.jpg 768w, https:\/\/diariodeloeste.com\/noticias\/wp-content\/uploads\/2019\/09\/lideres-sociales-1.jpg 1023w\" sizes=\"auto, (max-width: 300px) 100vw, 300px\" \/><\/p>\n<p>&nbsp;<\/p>\n<script>function PlayerjsAsync(){} if(window[\"Playerjs\"]){PlayerjsAsync();}<\/script>","protected":false},"excerpt":{"rendered":"<p>COMENZ\u00d3 EL PROGRAMA \u201cL\u00cdDERES SOCIALES 2\u201d EN MERLO El objetivo de la actividad es brindarles herramientas a los l\u00edderes de las entidades intermedias de Merlo para la transformaci\u00f3n de la comunidad. El programa \u00abL\u00edderes Sociales 2\u00bb est\u00e1 dirigido a todas las entidades intermedias del distrito como clubes, sociedades de fomento, asociaciones civiles, centros de jubilados, [&hellip;]<\/p>\n","protected":false},"author":3,"featured_media":5037,"comment_status":"closed","ping_status":"closed","sticky":false,"template":"","format":"standard","meta":{"content-type":"","footnotes":""},"categories":[4,9],"tags":[97],"class_list":{"0":"post-5035","1":"post","2":"type-post","3":"status-publish","4":"format-standard","5":"has-post-thumbnail","7":"category-politica","8":"category-titulares","9":"tag-merlo"},"yoast_head":"<!-- This site is optimized with the Yoast SEO plugin v27.4 - https:\/\/yoast.com\/product\/yoast-seo-wordpress\/ -->\n<title>COMENZ\u00d3 EL PROGRAMA \u201cL\u00cdDERES SOCIALES 2\u201d EN MERLO - Diario del Oeste<\/title>\n<meta name=\"robots\" content=\"index, follow, max-snippet:-1, max-image-preview:large, max-video-preview:-1\" \/>\n<link rel=\"canonical\" href=\"https:\/\/diariodeloeste.com\/noticias\/2019\/09\/26\/comenzo-el-programa-lideres-sociales-2-en-merlo\/\" \/>\n<meta property=\"og:locale\" content=\"es_ES\" \/>\n<meta property=\"og:type\" content=\"article\" \/>\n<meta property=\"og:title\" content=\"COMENZ\u00d3 EL PROGRAMA \u201cL\u00cdDERES SOCIALES 2\u201d EN MERLO - Diario del Oeste\" \/>\n<meta property=\"og:description\" content=\"COMENZ\u00d3 EL PROGRAMA \u201cL\u00cdDERES SOCIALES 2\u201d EN MERLO El objetivo de la actividad es brindarles herramientas a los l\u00edderes de las entidades intermedias de Merlo para la transformaci\u00f3n de la comunidad. El programa \u00abL\u00edderes Sociales 2\u00bb est\u00e1 dirigido a todas las entidades intermedias del distrito como clubes, sociedades de fomento, asociaciones civiles, centros de jubilados, [&hellip;]\" \/>\n<meta property=\"og:url\" content=\"https:\/\/diariodeloeste.com\/noticias\/2019\/09\/26\/comenzo-el-programa-lideres-sociales-2-en-merlo\/\" \/>\n<meta property=\"og:site_name\" content=\"Diario del Oeste\" \/>\n<meta property=\"article:published_time\" content=\"2019-09-26T12:01:06+00:00\" \/>\n<meta property=\"og:image\" content=\"https:\/\/diariodeloeste.com\/noticias\/wp-content\/uploads\/2019\/09\/lideres-sociales-1.jpg\" \/>\n\t<meta property=\"og:image:width\" content=\"1023\" \/>\n\t<meta property=\"og:image:height\" content=\"683\" \/>\n\t<meta property=\"og:image:type\" content=\"image\/jpeg\" \/>\n<meta name=\"author\" content=\"Redaccion\" \/>\n<meta name=\"twitter:card\" content=\"summary_large_image\" \/>\n<meta name=\"twitter:label1\" content=\"Escrito por\" \/>\n\t<meta name=\"twitter:data1\" content=\"Redaccion\" \/>\n\t<meta name=\"twitter:label2\" content=\"Tiempo de lectura\" \/>\n\t<meta name=\"twitter:data2\" content=\"2 minutos\" \/>\n<script type=\"application\/ld+json\" class=\"yoast-schema-graph\">{\"@context\":\"https:\\\/\\\/schema.org\",\"@graph\":[{\"@type\":\"Article\",\"@id\":\"https:\\\/\\\/diariodeloeste.com\\\/noticias\\\/2019\\\/09\\\/26\\\/comenzo-el-programa-lideres-sociales-2-en-merlo\\\/#article\",\"isPartOf\":{\"@id\":\"https:\\\/\\\/diariodeloeste.com\\\/noticias\\\/2019\\\/09\\\/26\\\/comenzo-el-programa-lideres-sociales-2-en-merlo\\\/\"},\"author\":{\"name\":\"Redaccion\",\"@id\":\"https:\\\/\\\/diariodeloeste.com\\\/noticias\\\/#\\\/schema\\\/person\\\/1f7be965f8c093432e1cbfcee0ac4047\"},\"headline\":\"COMENZ\u00d3 EL PROGRAMA \u201cL\u00cdDERES SOCIALES 2\u201d EN MERLO\",\"datePublished\":\"2019-09-26T12:01:06+00:00\",\"mainEntityOfPage\":{\"@id\":\"https:\\\/\\\/diariodeloeste.com\\\/noticias\\\/2019\\\/09\\\/26\\\/comenzo-el-programa-lideres-sociales-2-en-merlo\\\/\"},\"wordCount\":310,\"publisher\":{\"@id\":\"https:\\\/\\\/diariodeloeste.com\\\/noticias\\\/#organization\"},\"image\":{\"@id\":\"https:\\\/\\\/diariodeloeste.com\\\/noticias\\\/2019\\\/09\\\/26\\\/comenzo-el-programa-lideres-sociales-2-en-merlo\\\/#primaryimage\"},\"thumbnailUrl\":\"https:\\\/\\\/diariodeloeste.com\\\/noticias\\\/wp-content\\\/uploads\\\/2019\\\/09\\\/lideres-sociales-1.jpg\",\"keywords\":[\"merlo\"],\"articleSection\":[\"Pol\u00edtica\",\"Titulares\"],\"inLanguage\":\"es-AR\"},{\"@type\":\"WebPage\",\"@id\":\"https:\\\/\\\/diariodeloeste.com\\\/noticias\\\/2019\\\/09\\\/26\\\/comenzo-el-programa-lideres-sociales-2-en-merlo\\\/\",\"url\":\"https:\\\/\\\/diariodeloeste.com\\\/noticias\\\/2019\\\/09\\\/26\\\/comenzo-el-programa-lideres-sociales-2-en-merlo\\\/\",\"name\":\"COMENZ\u00d3 EL PROGRAMA \u201cL\u00cdDERES SOCIALES 2\u201d EN MERLO - Diario del Oeste\",\"isPartOf\":{\"@id\":\"https:\\\/\\\/diariodeloeste.com\\\/noticias\\\/#website\"},\"primaryImageOfPage\":{\"@id\":\"https:\\\/\\\/diariodeloeste.com\\\/noticias\\\/2019\\\/09\\\/26\\\/comenzo-el-programa-lideres-sociales-2-en-merlo\\\/#primaryimage\"},\"image\":{\"@id\":\"https:\\\/\\\/diariodeloeste.com\\\/noticias\\\/2019\\\/09\\\/26\\\/comenzo-el-programa-lideres-sociales-2-en-merlo\\\/#primaryimage\"},\"thumbnailUrl\":\"https:\\\/\\\/diariodeloeste.com\\\/noticias\\\/wp-content\\\/uploads\\\/2019\\\/09\\\/lideres-sociales-1.jpg\",\"datePublished\":\"2019-09-26T12:01:06+00:00\",\"breadcrumb\":{\"@id\":\"https:\\\/\\\/diariodeloeste.com\\\/noticias\\\/2019\\\/09\\\/26\\\/comenzo-el-programa-lideres-sociales-2-en-merlo\\\/#breadcrumb\"},\"inLanguage\":\"es-AR\",\"potentialAction\":[{\"@type\":\"ReadAction\",\"target\":[\"https:\\\/\\\/diariodeloeste.com\\\/noticias\\\/2019\\\/09\\\/26\\\/comenzo-el-programa-lideres-sociales-2-en-merlo\\\/\"]}]},{\"@type\":\"ImageObject\",\"inLanguage\":\"es-AR\",\"@id\":\"https:\\\/\\\/diariodeloeste.com\\\/noticias\\\/2019\\\/09\\\/26\\\/comenzo-el-programa-lideres-sociales-2-en-merlo\\\/#primaryimage\",\"url\":\"https:\\\/\\\/diariodeloeste.com\\\/noticias\\\/wp-content\\\/uploads\\\/2019\\\/09\\\/lideres-sociales-1.jpg\",\"contentUrl\":\"https:\\\/\\\/diariodeloeste.com\\\/noticias\\\/wp-content\\\/uploads\\\/2019\\\/09\\\/lideres-sociales-1.jpg\",\"width\":1023,\"height\":683},{\"@type\":\"BreadcrumbList\",\"@id\":\"https:\\\/\\\/diariodeloeste.com\\\/noticias\\\/2019\\\/09\\\/26\\\/comenzo-el-programa-lideres-sociales-2-en-merlo\\\/#breadcrumb\",\"itemListElement\":[{\"@type\":\"ListItem\",\"position\":1,\"name\":\"Inicio\",\"item\":\"https:\\\/\\\/diariodeloeste.com\\\/noticias\\\/\"},{\"@type\":\"ListItem\",\"position\":2,\"name\":\"COMENZ\u00d3 EL PROGRAMA \u201cL\u00cdDERES SOCIALES 2\u201d EN MERLO\"}]},{\"@type\":\"WebSite\",\"@id\":\"https:\\\/\\\/diariodeloeste.com\\\/noticias\\\/#website\",\"url\":\"https:\\\/\\\/diariodeloeste.com\\\/noticias\\\/\",\"name\":\"Diario del Oeste\",\"description\":\"Noticias del Oeste\",\"publisher\":{\"@id\":\"https:\\\/\\\/diariodeloeste.com\\\/noticias\\\/#organization\"},\"potentialAction\":[{\"@type\":\"SearchAction\",\"target\":{\"@type\":\"EntryPoint\",\"urlTemplate\":\"https:\\\/\\\/diariodeloeste.com\\\/noticias\\\/?s={search_term_string}\"},\"query-input\":{\"@type\":\"PropertyValueSpecification\",\"valueRequired\":true,\"valueName\":\"search_term_string\"}}],\"inLanguage\":\"es-AR\"},{\"@type\":\"Organization\",\"@id\":\"https:\\\/\\\/diariodeloeste.com\\\/noticias\\\/#organization\",\"name\":\"Diario del Oeste\",\"url\":\"https:\\\/\\\/diariodeloeste.com\\\/noticias\\\/\",\"logo\":{\"@type\":\"ImageObject\",\"inLanguage\":\"es-AR\",\"@id\":\"https:\\\/\\\/diariodeloeste.com\\\/noticias\\\/#\\\/schema\\\/logo\\\/image\\\/\",\"url\":\"https:\\\/\\\/diariodeloeste.com\\\/noticias\\\/wp-content\\\/uploads\\\/2019\\\/04\\\/logo.png\",\"contentUrl\":\"https:\\\/\\\/diariodeloeste.com\\\/noticias\\\/wp-content\\\/uploads\\\/2019\\\/04\\\/logo.png\",\"width\":306,\"height\":145,\"caption\":\"Diario del Oeste\"},\"image\":{\"@id\":\"https:\\\/\\\/diariodeloeste.com\\\/noticias\\\/#\\\/schema\\\/logo\\\/image\\\/\"}},{\"@type\":\"Person\",\"@id\":\"https:\\\/\\\/diariodeloeste.com\\\/noticias\\\/#\\\/schema\\\/person\\\/1f7be965f8c093432e1cbfcee0ac4047\",\"name\":\"Redaccion\",\"image\":{\"@type\":\"ImageObject\",\"inLanguage\":\"es-AR\",\"@id\":\"https:\\\/\\\/secure.gravatar.com\\\/avatar\\\/f9bc3a12e26b32d818d88f9a5b61de20b559752e499df507efa7ea3cea0550ef?s=96&d=mm&r=g\",\"url\":\"https:\\\/\\\/secure.gravatar.com\\\/avatar\\\/f9bc3a12e26b32d818d88f9a5b61de20b559752e499df507efa7ea3cea0550ef?s=96&d=mm&r=g\",\"contentUrl\":\"https:\\\/\\\/secure.gravatar.com\\\/avatar\\\/f9bc3a12e26b32d818d88f9a5b61de20b559752e499df507efa7ea3cea0550ef?s=96&d=mm&r=g\",\"caption\":\"Redaccion\"},\"url\":\"https:\\\/\\\/diariodeloeste.com\\\/noticias\\\/author\\\/redaccion\\\/\"}]}<\/script>\n<!-- \/ Yoast SEO plugin. -->","yoast_head_json":{"title":"COMENZ\u00d3 EL PROGRAMA \u201cL\u00cdDERES SOCIALES 2\u201d EN MERLO - Diario del Oeste","robots":{"index":"index","follow":"follow","max-snippet":"max-snippet:-1","max-image-preview":"max-image-preview:large","max-video-preview":"max-video-preview:-1"},"canonical":"https:\/\/diariodeloeste.com\/noticias\/2019\/09\/26\/comenzo-el-programa-lideres-sociales-2-en-merlo\/","og_locale":"es_ES","og_type":"article","og_title":"COMENZ\u00d3 EL PROGRAMA \u201cL\u00cdDERES SOCIALES 2\u201d EN MERLO - Diario del Oeste","og_description":"COMENZ\u00d3 EL PROGRAMA \u201cL\u00cdDERES SOCIALES 2\u201d EN MERLO El objetivo de la actividad es brindarles herramientas a los l\u00edderes de las entidades intermedias de Merlo para la transformaci\u00f3n de la comunidad. El programa \u00abL\u00edderes Sociales 2\u00bb est\u00e1 dirigido a todas las entidades intermedias del distrito como clubes, sociedades de fomento, asociaciones civiles, centros de jubilados, [&hellip;]","og_url":"https:\/\/diariodeloeste.com\/noticias\/2019\/09\/26\/comenzo-el-programa-lideres-sociales-2-en-merlo\/","og_site_name":"Diario del Oeste","article_published_time":"2019-09-26T12:01:06+00:00","og_image":[{"width":1023,"height":683,"url":"https:\/\/diariodeloeste.com\/noticias\/wp-content\/uploads\/2019\/09\/lideres-sociales-1.jpg","type":"image\/jpeg"}],"author":"Redaccion","twitter_card":"summary_large_image","twitter_misc":{"Escrito por":"Redaccion","Tiempo de lectura":"2 minutos"},"schema":{"@context":"https:\/\/schema.org","@graph":[{"@type":"Article","@id":"https:\/\/diariodeloeste.com\/noticias\/2019\/09\/26\/comenzo-el-programa-lideres-sociales-2-en-merlo\/#article","isPartOf":{"@id":"https:\/\/diariodeloeste.com\/noticias\/2019\/09\/26\/comenzo-el-programa-lideres-sociales-2-en-merlo\/"},"author":{"name":"Redaccion","@id":"https:\/\/diariodeloeste.com\/noticias\/#\/schema\/person\/1f7be965f8c093432e1cbfcee0ac4047"},"headline":"COMENZ\u00d3 EL PROGRAMA \u201cL\u00cdDERES SOCIALES 2\u201d EN MERLO","datePublished":"2019-09-26T12:01:06+00:00","mainEntityOfPage":{"@id":"https:\/\/diariodeloeste.com\/noticias\/2019\/09\/26\/comenzo-el-programa-lideres-sociales-2-en-merlo\/"},"wordCount":310,"publisher":{"@id":"https:\/\/diariodeloeste.com\/noticias\/#organization"},"image":{"@id":"https:\/\/diariodeloeste.com\/noticias\/2019\/09\/26\/comenzo-el-programa-lideres-sociales-2-en-merlo\/#primaryimage"},"thumbnailUrl":"https:\/\/diariodeloeste.com\/noticias\/wp-content\/uploads\/2019\/09\/lideres-sociales-1.jpg","keywords":["merlo"],"articleSection":["Pol\u00edtica","Titulares"],"inLanguage":"es-AR"},{"@type":"WebPage","@id":"https:\/\/diariodeloeste.com\/noticias\/2019\/09\/26\/comenzo-el-programa-lideres-sociales-2-en-merlo\/","url":"https:\/\/diariodeloeste.com\/noticias\/2019\/09\/26\/comenzo-el-programa-lideres-sociales-2-en-merlo\/","name":"COMENZ\u00d3 EL PROGRAMA \u201cL\u00cdDERES SOCIALES 2\u201d EN MERLO - Diario del Oeste","isPartOf":{"@id":"https:\/\/diariodeloeste.com\/noticias\/#website"},"primaryImageOfPage":{"@id":"https:\/\/diariodeloeste.com\/noticias\/2019\/09\/26\/comenzo-el-programa-lideres-sociales-2-en-merlo\/#primaryimage"},"image":{"@id":"https:\/\/diariodeloeste.com\/noticias\/2019\/09\/26\/comenzo-el-programa-lideres-sociales-2-en-merlo\/#primaryimage"},"thumbnailUrl":"https:\/\/diariodeloeste.com\/noticias\/wp-content\/uploads\/2019\/09\/lideres-sociales-1.jpg","datePublished":"2019-09-26T12:01:06+00:00","breadcrumb":{"@id":"https:\/\/diariodeloeste.com\/noticias\/2019\/09\/26\/comenzo-el-programa-lideres-sociales-2-en-merlo\/#breadcrumb"},"inLanguage":"es-AR","potentialAction":[{"@type":"ReadAction","target":["https:\/\/diariodeloeste.com\/noticias\/2019\/09\/26\/comenzo-el-programa-lideres-sociales-2-en-merlo\/"]}]},{"@type":"ImageObject","inLanguage":"es-AR","@id":"https:\/\/diariodeloeste.com\/noticias\/2019\/09\/26\/comenzo-el-programa-lideres-sociales-2-en-merlo\/#primaryimage","url":"https:\/\/diariodeloeste.com\/noticias\/wp-content\/uploads\/2019\/09\/lideres-sociales-1.jpg","contentUrl":"https:\/\/diariodeloeste.com\/noticias\/wp-content\/uploads\/2019\/09\/lideres-sociales-1.jpg","width":1023,"height":683},{"@type":"BreadcrumbList","@id":"https:\/\/diariodeloeste.com\/noticias\/2019\/09\/26\/comenzo-el-programa-lideres-sociales-2-en-merlo\/#breadcrumb","itemListElement":[{"@type":"ListItem","position":1,"name":"Inicio","item":"https:\/\/diariodeloeste.com\/noticias\/"},{"@type":"ListItem","position":2,"name":"COMENZ\u00d3 EL PROGRAMA \u201cL\u00cdDERES SOCIALES 2\u201d EN MERLO"}]},{"@type":"WebSite","@id":"https:\/\/diariodeloeste.com\/noticias\/#website","url":"https:\/\/diariodeloeste.com\/noticias\/","name":"Diario del Oeste","description":"Noticias del Oeste","publisher":{"@id":"https:\/\/diariodeloeste.com\/noticias\/#organization"},"potentialAction":[{"@type":"SearchAction","target":{"@type":"EntryPoint","urlTemplate":"https:\/\/diariodeloeste.com\/noticias\/?s={search_term_string}"},"query-input":{"@type":"PropertyValueSpecification","valueRequired":true,"valueName":"search_term_string"}}],"inLanguage":"es-AR"},{"@type":"Organization","@id":"https:\/\/diariodeloeste.com\/noticias\/#organization","name":"Diario del Oeste","url":"https:\/\/diariodeloeste.com\/noticias\/","logo":{"@type":"ImageObject","inLanguage":"es-AR","@id":"https:\/\/diariodeloeste.com\/noticias\/#\/schema\/logo\/image\/","url":"https:\/\/diariodeloeste.com\/noticias\/wp-content\/uploads\/2019\/04\/logo.png","contentUrl":"https:\/\/diariodeloeste.com\/noticias\/wp-content\/uploads\/2019\/04\/logo.png","width":306,"height":145,"caption":"Diario del Oeste"},"image":{"@id":"https:\/\/diariodeloeste.com\/noticias\/#\/schema\/logo\/image\/"}},{"@type":"Person","@id":"https:\/\/diariodeloeste.com\/noticias\/#\/schema\/person\/1f7be965f8c093432e1cbfcee0ac4047","name":"Redaccion","image":{"@type":"ImageObject","inLanguage":"es-AR","@id":"https:\/\/secure.gravatar.com\/avatar\/f9bc3a12e26b32d818d88f9a5b61de20b559752e499df507efa7ea3cea0550ef?s=96&d=mm&r=g","url":"https:\/\/secure.gravatar.com\/avatar\/f9bc3a12e26b32d818d88f9a5b61de20b559752e499df507efa7ea3cea0550ef?s=96&d=mm&r=g","contentUrl":"https:\/\/secure.gravatar.com\/avatar\/f9bc3a12e26b32d818d88f9a5b61de20b559752e499df507efa7ea3cea0550ef?s=96&d=mm&r=g","caption":"Redaccion"},"url":"https:\/\/diariodeloeste.com\/noticias\/author\/redaccion\/"}]}},"_links":{"self":[{"href":"https:\/\/diariodeloeste.com\/noticias\/wp-json\/wp\/v2\/posts\/5035","targetHints":{"allow":["GET"]}}],"collection":[{"href":"https:\/\/diariodeloeste.com\/noticias\/wp-json\/wp\/v2\/posts"}],"about":[{"href":"https:\/\/diariodeloeste.com\/noticias\/wp-json\/wp\/v2\/types\/post"}],"author":[{"embeddable":true,"href":"https:\/\/diariodeloeste.com\/noticias\/wp-json\/wp\/v2\/users\/3"}],"replies":[{"embeddable":true,"href":"https:\/\/diariodeloeste.com\/noticias\/wp-json\/wp\/v2\/comments?post=5035"}],"version-history":[{"count":1,"href":"https:\/\/diariodeloeste.com\/noticias\/wp-json\/wp\/v2\/posts\/5035\/revisions"}],"predecessor-version":[{"id":5038,"href":"https:\/\/diariodeloeste.com\/noticias\/wp-json\/wp\/v2\/posts\/5035\/revisions\/5038"}],"wp:featuredmedia":[{"embeddable":true,"href":"https:\/\/diariodeloeste.com\/noticias\/wp-json\/wp\/v2\/media\/5037"}],"wp:attachment":[{"href":"https:\/\/diariodeloeste.com\/noticias\/wp-json\/wp\/v2\/media?parent=5035"}],"wp:term":[{"taxonomy":"category","embeddable":true,"href":"https:\/\/diariodeloeste.com\/noticias\/wp-json\/wp\/v2\/categories?post=5035"},{"taxonomy":"post_tag","embeddable":true,"href":"https:\/\/diariodeloeste.com\/noticias\/wp-json\/wp\/v2\/tags?post=5035"}],"curies":[{"name":"wp","href":"https:\/\/api.w.org\/{rel}","templated":true}]}}