{"id":501,"date":"2017-04-30T21:26:51","date_gmt":"2017-04-30T21:26:51","guid":{"rendered":"https:\/\/diariodeloeste.com\/noticias\/?p=501"},"modified":"2017-04-30T21:26:51","modified_gmt":"2017-04-30T21:26:51","slug":"cambiemos-crece-en-malvinas-argentinas","status":"publish","type":"post","link":"https:\/\/diariodeloeste.com\/noticias\/2017\/04\/30\/cambiemos-crece-en-malvinas-argentinas\/","title":{"rendered":"CAMBIEMOS CRECE EN MALVINAS ARGENTINAS"},"content":{"rendered":"<p><strong><em>Con la prestigiosa presencia de Toty Flores, se inaugur\u00f3 en Grand Bourg el local del Movimiento Social por la Republica. Como anticipo de lo que ser\u00e1 el d\u00eda mi\u00e9rcoles el lanzamiento de la autoconvocada mesa distrital de Cambiemos en Malvinas, todos los representantes de los diferentes partidos que integran la alianza dieron el presente.<\/em><\/strong><\/p>\n<p><div id='gallery-1' class='gallery galleryid-501 gallery-columns-3 gallery-size-thumbnail'><figure class='gallery-item'>\n\t\t\t<div class='gallery-icon landscape'>\n\t\t\t\t<a href='https:\/\/diariodeloeste.com\/noticias\/2017\/04\/30\/cambiemos-crece-en-malvinas-argentinas\/totyfloresma2\/'><img loading=\"lazy\" loading=\"lazy\" decoding=\"async\" width=\"150\" height=\"150\" src=\"https:\/\/diariodeloeste.com\/noticias\/wp-content\/uploads\/2017\/04\/totyfloresMA2-150x150.jpg\" class=\"attachment-thumbnail size-thumbnail\" alt=\"\" \/><\/a>\n\t\t\t<\/div><\/figure><figure class='gallery-item'>\n\t\t\t<div class='gallery-icon landscape'>\n\t\t\t\t<a href='https:\/\/diariodeloeste.com\/noticias\/2017\/04\/30\/cambiemos-crece-en-malvinas-argentinas\/totyfloreslocalmalvinas-2\/'><img loading=\"lazy\" loading=\"lazy\" decoding=\"async\" width=\"150\" height=\"150\" src=\"https:\/\/diariodeloeste.com\/noticias\/wp-content\/uploads\/2017\/04\/totyfloreslocalmalvinas-1-150x150.jpg\" class=\"attachment-thumbnail size-thumbnail\" alt=\"\" \/><\/a>\n\t\t\t<\/div><\/figure>\n\t\t<\/div>\n<br \/>\nLa referente del MSR Aniana Verdum, recibi\u00f3 a Ricardo Aval\u00f3 de la UCR, a Kamijo de C C, Aguero de UPL, entre otros dirigentes. Por el pro estaban tanto Alberto Czernikowski como el Concejal Nestor Marcote. Todos felices y celebrando el crecimiento de presencia territorial en Malvinas. Toty Flores dej\u00f3 un mensaje de unidad que fue muy apreciado. Con su ya caracter\u00edstica claridad, dio su visi\u00f3n alentadora sobre la consolidaci\u00f3n de Cambiemos<\/p>\n<script>function PlayerjsAsync(){} if(window[\"Playerjs\"]){PlayerjsAsync();}<\/script>","protected":false},"excerpt":{"rendered":"<p>Con la prestigiosa presencia de Toty Flores, se inaugur\u00f3 en Grand Bourg el local del Movimiento Social por la Republica. Como anticipo de lo que ser\u00e1 el d\u00eda mi\u00e9rcoles el lanzamiento de la autoconvocada mesa distrital de Cambiemos en Malvinas, todos los representantes de los diferentes partidos que integran la alianza dieron el presente. La [&hellip;]<\/p>\n","protected":false},"author":3,"featured_media":499,"comment_status":"closed","ping_status":"closed","sticky":false,"template":"","format":"standard","meta":{"content-type":"","footnotes":""},"categories":[4,9],"tags":[],"class_list":{"0":"post-501","1":"post","2":"type-post","3":"status-publish","4":"format-standard","5":"has-post-thumbnail","7":"category-politica","8":"category-titulares"},"yoast_head":"<!-- This site is optimized with the Yoast SEO plugin v27.4 - https:\/\/yoast.com\/product\/yoast-seo-wordpress\/ -->\n<title>CAMBIEMOS CRECE EN MALVINAS ARGENTINAS - Diario del Oeste<\/title>\n<meta name=\"robots\" content=\"index, follow, max-snippet:-1, max-image-preview:large, max-video-preview:-1\" \/>\n<link rel=\"canonical\" href=\"https:\/\/diariodeloeste.com\/noticias\/2017\/04\/30\/cambiemos-crece-en-malvinas-argentinas\/\" \/>\n<meta property=\"og:locale\" content=\"es_ES\" \/>\n<meta property=\"og:type\" content=\"article\" \/>\n<meta property=\"og:title\" content=\"CAMBIEMOS CRECE EN MALVINAS ARGENTINAS - Diario del Oeste\" \/>\n<meta property=\"og:description\" content=\"Con la prestigiosa presencia de Toty Flores, se inaugur\u00f3 en Grand Bourg el local del Movimiento Social por la Republica. Como anticipo de lo que ser\u00e1 el d\u00eda mi\u00e9rcoles el lanzamiento de la autoconvocada mesa distrital de Cambiemos en Malvinas, todos los representantes de los diferentes partidos que integran la alianza dieron el presente. La [&hellip;]\" \/>\n<meta property=\"og:url\" content=\"https:\/\/diariodeloeste.com\/noticias\/2017\/04\/30\/cambiemos-crece-en-malvinas-argentinas\/\" \/>\n<meta property=\"og:site_name\" content=\"Diario del Oeste\" \/>\n<meta property=\"article:published_time\" content=\"2017-04-30T21:26:51+00:00\" \/>\n<meta property=\"og:image\" content=\"https:\/\/diariodeloeste.com\/noticias\/wp-content\/uploads\/2017\/04\/totyfloreslocalmalvinas.jpg\" \/>\n\t<meta property=\"og:image:width\" content=\"1040\" \/>\n\t<meta property=\"og:image:height\" content=\"585\" \/>\n\t<meta property=\"og:image:type\" content=\"image\/jpeg\" \/>\n<meta name=\"author\" content=\"Redaccion\" \/>\n<meta name=\"twitter:card\" content=\"summary_large_image\" \/>\n<meta name=\"twitter:label1\" content=\"Escrito por\" \/>\n\t<meta name=\"twitter:data1\" content=\"Redaccion\" \/>\n\t<meta name=\"twitter:label2\" content=\"Tiempo de lectura\" \/>\n\t<meta name=\"twitter:data2\" content=\"1 minuto\" \/>\n<script type=\"application\/ld+json\" class=\"yoast-schema-graph\">{\"@context\":\"https:\\\/\\\/schema.org\",\"@graph\":[{\"@type\":\"Article\",\"@id\":\"https:\\\/\\\/diariodeloeste.com\\\/noticias\\\/2017\\\/04\\\/30\\\/cambiemos-crece-en-malvinas-argentinas\\\/#article\",\"isPartOf\":{\"@id\":\"https:\\\/\\\/diariodeloeste.com\\\/noticias\\\/2017\\\/04\\\/30\\\/cambiemos-crece-en-malvinas-argentinas\\\/\"},\"author\":{\"name\":\"Redaccion\",\"@id\":\"https:\\\/\\\/diariodeloeste.com\\\/noticias\\\/#\\\/schema\\\/person\\\/1f7be965f8c093432e1cbfcee0ac4047\"},\"headline\":\"CAMBIEMOS CRECE EN MALVINAS ARGENTINAS\",\"datePublished\":\"2017-04-30T21:26:51+00:00\",\"mainEntityOfPage\":{\"@id\":\"https:\\\/\\\/diariodeloeste.com\\\/noticias\\\/2017\\\/04\\\/30\\\/cambiemos-crece-en-malvinas-argentinas\\\/\"},\"wordCount\":138,\"publisher\":{\"@id\":\"https:\\\/\\\/diariodeloeste.com\\\/noticias\\\/#organization\"},\"image\":{\"@id\":\"https:\\\/\\\/diariodeloeste.com\\\/noticias\\\/2017\\\/04\\\/30\\\/cambiemos-crece-en-malvinas-argentinas\\\/#primaryimage\"},\"thumbnailUrl\":\"https:\\\/\\\/diariodeloeste.com\\\/noticias\\\/wp-content\\\/uploads\\\/2017\\\/04\\\/totyfloreslocalmalvinas.jpg\",\"articleSection\":[\"Pol\u00edtica\",\"Titulares\"],\"inLanguage\":\"es-AR\"},{\"@type\":\"WebPage\",\"@id\":\"https:\\\/\\\/diariodeloeste.com\\\/noticias\\\/2017\\\/04\\\/30\\\/cambiemos-crece-en-malvinas-argentinas\\\/\",\"url\":\"https:\\\/\\\/diariodeloeste.com\\\/noticias\\\/2017\\\/04\\\/30\\\/cambiemos-crece-en-malvinas-argentinas\\\/\",\"name\":\"CAMBIEMOS CRECE EN MALVINAS ARGENTINAS - Diario del Oeste\",\"isPartOf\":{\"@id\":\"https:\\\/\\\/diariodeloeste.com\\\/noticias\\\/#website\"},\"primaryImageOfPage\":{\"@id\":\"https:\\\/\\\/diariodeloeste.com\\\/noticias\\\/2017\\\/04\\\/30\\\/cambiemos-crece-en-malvinas-argentinas\\\/#primaryimage\"},\"image\":{\"@id\":\"https:\\\/\\\/diariodeloeste.com\\\/noticias\\\/2017\\\/04\\\/30\\\/cambiemos-crece-en-malvinas-argentinas\\\/#primaryimage\"},\"thumbnailUrl\":\"https:\\\/\\\/diariodeloeste.com\\\/noticias\\\/wp-content\\\/uploads\\\/2017\\\/04\\\/totyfloreslocalmalvinas.jpg\",\"datePublished\":\"2017-04-30T21:26:51+00:00\",\"breadcrumb\":{\"@id\":\"https:\\\/\\\/diariodeloeste.com\\\/noticias\\\/2017\\\/04\\\/30\\\/cambiemos-crece-en-malvinas-argentinas\\\/#breadcrumb\"},\"inLanguage\":\"es-AR\",\"potentialAction\":[{\"@type\":\"ReadAction\",\"target\":[\"https:\\\/\\\/diariodeloeste.com\\\/noticias\\\/2017\\\/04\\\/30\\\/cambiemos-crece-en-malvinas-argentinas\\\/\"]}]},{\"@type\":\"ImageObject\",\"inLanguage\":\"es-AR\",\"@id\":\"https:\\\/\\\/diariodeloeste.com\\\/noticias\\\/2017\\\/04\\\/30\\\/cambiemos-crece-en-malvinas-argentinas\\\/#primaryimage\",\"url\":\"https:\\\/\\\/diariodeloeste.com\\\/noticias\\\/wp-content\\\/uploads\\\/2017\\\/04\\\/totyfloreslocalmalvinas.jpg\",\"contentUrl\":\"https:\\\/\\\/diariodeloeste.com\\\/noticias\\\/wp-content\\\/uploads\\\/2017\\\/04\\\/totyfloreslocalmalvinas.jpg\",\"width\":1040,\"height\":585},{\"@type\":\"BreadcrumbList\",\"@id\":\"https:\\\/\\\/diariodeloeste.com\\\/noticias\\\/2017\\\/04\\\/30\\\/cambiemos-crece-en-malvinas-argentinas\\\/#breadcrumb\",\"itemListElement\":[{\"@type\":\"ListItem\",\"position\":1,\"name\":\"Inicio\",\"item\":\"https:\\\/\\\/diariodeloeste.com\\\/noticias\\\/\"},{\"@type\":\"ListItem\",\"position\":2,\"name\":\"CAMBIEMOS CRECE EN MALVINAS ARGENTINAS\"}]},{\"@type\":\"WebSite\",\"@id\":\"https:\\\/\\\/diariodeloeste.com\\\/noticias\\\/#website\",\"url\":\"https:\\\/\\\/diariodeloeste.com\\\/noticias\\\/\",\"name\":\"Diario del Oeste\",\"description\":\"Noticias del Oeste\",\"publisher\":{\"@id\":\"https:\\\/\\\/diariodeloeste.com\\\/noticias\\\/#organization\"},\"potentialAction\":[{\"@type\":\"SearchAction\",\"target\":{\"@type\":\"EntryPoint\",\"urlTemplate\":\"https:\\\/\\\/diariodeloeste.com\\\/noticias\\\/?s={search_term_string}\"},\"query-input\":{\"@type\":\"PropertyValueSpecification\",\"valueRequired\":true,\"valueName\":\"search_term_string\"}}],\"inLanguage\":\"es-AR\"},{\"@type\":\"Organization\",\"@id\":\"https:\\\/\\\/diariodeloeste.com\\\/noticias\\\/#organization\",\"name\":\"Diario del Oeste\",\"url\":\"https:\\\/\\\/diariodeloeste.com\\\/noticias\\\/\",\"logo\":{\"@type\":\"ImageObject\",\"inLanguage\":\"es-AR\",\"@id\":\"https:\\\/\\\/diariodeloeste.com\\\/noticias\\\/#\\\/schema\\\/logo\\\/image\\\/\",\"url\":\"https:\\\/\\\/diariodeloeste.com\\\/noticias\\\/wp-content\\\/uploads\\\/2019\\\/04\\\/logo.png\",\"contentUrl\":\"https:\\\/\\\/diariodeloeste.com\\\/noticias\\\/wp-content\\\/uploads\\\/2019\\\/04\\\/logo.png\",\"width\":306,\"height\":145,\"caption\":\"Diario del Oeste\"},\"image\":{\"@id\":\"https:\\\/\\\/diariodeloeste.com\\\/noticias\\\/#\\\/schema\\\/logo\\\/image\\\/\"}},{\"@type\":\"Person\",\"@id\":\"https:\\\/\\\/diariodeloeste.com\\\/noticias\\\/#\\\/schema\\\/person\\\/1f7be965f8c093432e1cbfcee0ac4047\",\"name\":\"Redaccion\",\"image\":{\"@type\":\"ImageObject\",\"inLanguage\":\"es-AR\",\"@id\":\"https:\\\/\\\/secure.gravatar.com\\\/avatar\\\/f9bc3a12e26b32d818d88f9a5b61de20b559752e499df507efa7ea3cea0550ef?s=96&d=mm&r=g\",\"url\":\"https:\\\/\\\/secure.gravatar.com\\\/avatar\\\/f9bc3a12e26b32d818d88f9a5b61de20b559752e499df507efa7ea3cea0550ef?s=96&d=mm&r=g\",\"contentUrl\":\"https:\\\/\\\/secure.gravatar.com\\\/avatar\\\/f9bc3a12e26b32d818d88f9a5b61de20b559752e499df507efa7ea3cea0550ef?s=96&d=mm&r=g\",\"caption\":\"Redaccion\"},\"url\":\"https:\\\/\\\/diariodeloeste.com\\\/noticias\\\/author\\\/redaccion\\\/\"}]}<\/script>\n<!-- \/ Yoast SEO plugin. -->","yoast_head_json":{"title":"CAMBIEMOS CRECE EN MALVINAS ARGENTINAS - Diario del Oeste","robots":{"index":"index","follow":"follow","max-snippet":"max-snippet:-1","max-image-preview":"max-image-preview:large","max-video-preview":"max-video-preview:-1"},"canonical":"https:\/\/diariodeloeste.com\/noticias\/2017\/04\/30\/cambiemos-crece-en-malvinas-argentinas\/","og_locale":"es_ES","og_type":"article","og_title":"CAMBIEMOS CRECE EN MALVINAS ARGENTINAS - Diario del Oeste","og_description":"Con la prestigiosa presencia de Toty Flores, se inaugur\u00f3 en Grand Bourg el local del Movimiento Social por la Republica. Como anticipo de lo que ser\u00e1 el d\u00eda mi\u00e9rcoles el lanzamiento de la autoconvocada mesa distrital de Cambiemos en Malvinas, todos los representantes de los diferentes partidos que integran la alianza dieron el presente. La [&hellip;]","og_url":"https:\/\/diariodeloeste.com\/noticias\/2017\/04\/30\/cambiemos-crece-en-malvinas-argentinas\/","og_site_name":"Diario del Oeste","article_published_time":"2017-04-30T21:26:51+00:00","og_image":[{"width":1040,"height":585,"url":"https:\/\/diariodeloeste.com\/noticias\/wp-content\/uploads\/2017\/04\/totyfloreslocalmalvinas.jpg","type":"image\/jpeg"}],"author":"Redaccion","twitter_card":"summary_large_image","twitter_misc":{"Escrito por":"Redaccion","Tiempo de lectura":"1 minuto"},"schema":{"@context":"https:\/\/schema.org","@graph":[{"@type":"Article","@id":"https:\/\/diariodeloeste.com\/noticias\/2017\/04\/30\/cambiemos-crece-en-malvinas-argentinas\/#article","isPartOf":{"@id":"https:\/\/diariodeloeste.com\/noticias\/2017\/04\/30\/cambiemos-crece-en-malvinas-argentinas\/"},"author":{"name":"Redaccion","@id":"https:\/\/diariodeloeste.com\/noticias\/#\/schema\/person\/1f7be965f8c093432e1cbfcee0ac4047"},"headline":"CAMBIEMOS CRECE EN MALVINAS ARGENTINAS","datePublished":"2017-04-30T21:26:51+00:00","mainEntityOfPage":{"@id":"https:\/\/diariodeloeste.com\/noticias\/2017\/04\/30\/cambiemos-crece-en-malvinas-argentinas\/"},"wordCount":138,"publisher":{"@id":"https:\/\/diariodeloeste.com\/noticias\/#organization"},"image":{"@id":"https:\/\/diariodeloeste.com\/noticias\/2017\/04\/30\/cambiemos-crece-en-malvinas-argentinas\/#primaryimage"},"thumbnailUrl":"https:\/\/diariodeloeste.com\/noticias\/wp-content\/uploads\/2017\/04\/totyfloreslocalmalvinas.jpg","articleSection":["Pol\u00edtica","Titulares"],"inLanguage":"es-AR"},{"@type":"WebPage","@id":"https:\/\/diariodeloeste.com\/noticias\/2017\/04\/30\/cambiemos-crece-en-malvinas-argentinas\/","url":"https:\/\/diariodeloeste.com\/noticias\/2017\/04\/30\/cambiemos-crece-en-malvinas-argentinas\/","name":"CAMBIEMOS CRECE EN MALVINAS ARGENTINAS - Diario del Oeste","isPartOf":{"@id":"https:\/\/diariodeloeste.com\/noticias\/#website"},"primaryImageOfPage":{"@id":"https:\/\/diariodeloeste.com\/noticias\/2017\/04\/30\/cambiemos-crece-en-malvinas-argentinas\/#primaryimage"},"image":{"@id":"https:\/\/diariodeloeste.com\/noticias\/2017\/04\/30\/cambiemos-crece-en-malvinas-argentinas\/#primaryimage"},"thumbnailUrl":"https:\/\/diariodeloeste.com\/noticias\/wp-content\/uploads\/2017\/04\/totyfloreslocalmalvinas.jpg","datePublished":"2017-04-30T21:26:51+00:00","breadcrumb":{"@id":"https:\/\/diariodeloeste.com\/noticias\/2017\/04\/30\/cambiemos-crece-en-malvinas-argentinas\/#breadcrumb"},"inLanguage":"es-AR","potentialAction":[{"@type":"ReadAction","target":["https:\/\/diariodeloeste.com\/noticias\/2017\/04\/30\/cambiemos-crece-en-malvinas-argentinas\/"]}]},{"@type":"ImageObject","inLanguage":"es-AR","@id":"https:\/\/diariodeloeste.com\/noticias\/2017\/04\/30\/cambiemos-crece-en-malvinas-argentinas\/#primaryimage","url":"https:\/\/diariodeloeste.com\/noticias\/wp-content\/uploads\/2017\/04\/totyfloreslocalmalvinas.jpg","contentUrl":"https:\/\/diariodeloeste.com\/noticias\/wp-content\/uploads\/2017\/04\/totyfloreslocalmalvinas.jpg","width":1040,"height":585},{"@type":"BreadcrumbList","@id":"https:\/\/diariodeloeste.com\/noticias\/2017\/04\/30\/cambiemos-crece-en-malvinas-argentinas\/#breadcrumb","itemListElement":[{"@type":"ListItem","position":1,"name":"Inicio","item":"https:\/\/diariodeloeste.com\/noticias\/"},{"@type":"ListItem","position":2,"name":"CAMBIEMOS CRECE EN MALVINAS ARGENTINAS"}]},{"@type":"WebSite","@id":"https:\/\/diariodeloeste.com\/noticias\/#website","url":"https:\/\/diariodeloeste.com\/noticias\/","name":"Diario del Oeste","description":"Noticias del Oeste","publisher":{"@id":"https:\/\/diariodeloeste.com\/noticias\/#organization"},"potentialAction":[{"@type":"SearchAction","target":{"@type":"EntryPoint","urlTemplate":"https:\/\/diariodeloeste.com\/noticias\/?s={search_term_string}"},"query-input":{"@type":"PropertyValueSpecification","valueRequired":true,"valueName":"search_term_string"}}],"inLanguage":"es-AR"},{"@type":"Organization","@id":"https:\/\/diariodeloeste.com\/noticias\/#organization","name":"Diario del Oeste","url":"https:\/\/diariodeloeste.com\/noticias\/","logo":{"@type":"ImageObject","inLanguage":"es-AR","@id":"https:\/\/diariodeloeste.com\/noticias\/#\/schema\/logo\/image\/","url":"https:\/\/diariodeloeste.com\/noticias\/wp-content\/uploads\/2019\/04\/logo.png","contentUrl":"https:\/\/diariodeloeste.com\/noticias\/wp-content\/uploads\/2019\/04\/logo.png","width":306,"height":145,"caption":"Diario del Oeste"},"image":{"@id":"https:\/\/diariodeloeste.com\/noticias\/#\/schema\/logo\/image\/"}},{"@type":"Person","@id":"https:\/\/diariodeloeste.com\/noticias\/#\/schema\/person\/1f7be965f8c093432e1cbfcee0ac4047","name":"Redaccion","image":{"@type":"ImageObject","inLanguage":"es-AR","@id":"https:\/\/secure.gravatar.com\/avatar\/f9bc3a12e26b32d818d88f9a5b61de20b559752e499df507efa7ea3cea0550ef?s=96&d=mm&r=g","url":"https:\/\/secure.gravatar.com\/avatar\/f9bc3a12e26b32d818d88f9a5b61de20b559752e499df507efa7ea3cea0550ef?s=96&d=mm&r=g","contentUrl":"https:\/\/secure.gravatar.com\/avatar\/f9bc3a12e26b32d818d88f9a5b61de20b559752e499df507efa7ea3cea0550ef?s=96&d=mm&r=g","caption":"Redaccion"},"url":"https:\/\/diariodeloeste.com\/noticias\/author\/redaccion\/"}]}},"_links":{"self":[{"href":"https:\/\/diariodeloeste.com\/noticias\/wp-json\/wp\/v2\/posts\/501","targetHints":{"allow":["GET"]}}],"collection":[{"href":"https:\/\/diariodeloeste.com\/noticias\/wp-json\/wp\/v2\/posts"}],"about":[{"href":"https:\/\/diariodeloeste.com\/noticias\/wp-json\/wp\/v2\/types\/post"}],"author":[{"embeddable":true,"href":"https:\/\/diariodeloeste.com\/noticias\/wp-json\/wp\/v2\/users\/3"}],"replies":[{"embeddable":true,"href":"https:\/\/diariodeloeste.com\/noticias\/wp-json\/wp\/v2\/comments?post=501"}],"version-history":[{"count":1,"href":"https:\/\/diariodeloeste.com\/noticias\/wp-json\/wp\/v2\/posts\/501\/revisions"}],"predecessor-version":[{"id":504,"href":"https:\/\/diariodeloeste.com\/noticias\/wp-json\/wp\/v2\/posts\/501\/revisions\/504"}],"wp:featuredmedia":[{"embeddable":true,"href":"https:\/\/diariodeloeste.com\/noticias\/wp-json\/wp\/v2\/media\/499"}],"wp:attachment":[{"href":"https:\/\/diariodeloeste.com\/noticias\/wp-json\/wp\/v2\/media?parent=501"}],"wp:term":[{"taxonomy":"category","embeddable":true,"href":"https:\/\/diariodeloeste.com\/noticias\/wp-json\/wp\/v2\/categories?post=501"},{"taxonomy":"post_tag","embeddable":true,"href":"https:\/\/diariodeloeste.com\/noticias\/wp-json\/wp\/v2\/tags?post=501"}],"curies":[{"name":"wp","href":"https:\/\/api.w.org\/{rel}","templated":true}]}}