{"id":493,"date":"2017-04-29T00:38:13","date_gmt":"2017-04-29T00:38:13","guid":{"rendered":"https:\/\/diariodeloeste.com\/noticias\/?p=493"},"modified":"2017-04-29T00:38:13","modified_gmt":"2017-04-29T00:38:13","slug":"el-basquet-de-san-miguel-comenzo-con-el-pie-derecho","status":"publish","type":"post","link":"https:\/\/diariodeloeste.com\/noticias\/2017\/04\/29\/el-basquet-de-san-miguel-comenzo-con-el-pie-derecho\/","title":{"rendered":"El basquet de San Miguel comenz\u00f3 con el pie derecho"},"content":{"rendered":"<p><strong>El Trueno Verde venci\u00f3 a Almirante Brown, como visitante, por 81 a 58 en el partido correspondiente a la segunda fecha del Torneo Superior de FEBAMBA. En la primera jornada hab\u00eda quedado libre.\u00a0<\/strong><\/p>\n<p><img loading=\"lazy\" loading=\"lazy\" decoding=\"async\" class=\"aligncenter wp-image-494 size-large\" src=\"https:\/\/diariodeloeste.com\/noticias\/wp-content\/uploads\/2017\/04\/WhatsApp-Image-2017-04-27-at-16.05.45-1024x575.jpeg\" alt=\"Basquet San Miguel \" width=\"800\" height=\"449\" srcset=\"https:\/\/diariodeloeste.com\/noticias\/wp-content\/uploads\/2017\/04\/WhatsApp-Image-2017-04-27-at-16.05.45-1024x575.jpeg 1024w, https:\/\/diariodeloeste.com\/noticias\/wp-content\/uploads\/2017\/04\/WhatsApp-Image-2017-04-27-at-16.05.45-300x169.jpeg 300w, https:\/\/diariodeloeste.com\/noticias\/wp-content\/uploads\/2017\/04\/WhatsApp-Image-2017-04-27-at-16.05.45-768x431.jpeg 768w, https:\/\/diariodeloeste.com\/noticias\/wp-content\/uploads\/2017\/04\/WhatsApp-Image-2017-04-27-at-16.05.45.jpeg 1280w\" sizes=\"auto, (max-width: 800px) 100vw, 800px\" \/><\/p>\n<p>&nbsp;<\/p>\n<p>San Miguel consigui\u00f3 los primeros 2 puntos en el Grupo Oeste de la categor\u00eda Superior, al vencer a Almirante Brown en\u00a0la Sede de San Justo.<\/p>\n<p>&nbsp;<\/p>\n<p>Los parciales fueron: Almirante Brown 15 &#8211; San Miguel 22; Almirante Brown 21 &#8211; San Miguel 45; Almirante Brown 45 &#8211; San Miguel 60<\/p>\n<p>Los convocados para el encuentro:<\/p>\n<p>1. Oneca, Luciano<br \/>\n4. Almara Rojo, Facundo<br \/>\n5. Markiewicz, Mariano<br \/>\n6. Arias, Mat\u00edas<br \/>\n7. Lavergne, Emmanuel<br \/>\n8. Kanno, Santiago<br \/>\n9. Casar\u00eda Vallejo, Franco<br \/>\n10. Melogneo, Nazareno<br \/>\n11. Coronas, Diego<br \/>\n13. Soto, Oscar<br \/>\n14. Mattiss, Gabriel<br \/>\n15. Garc\u00eda Dom\u00ednguez, Alan<\/p>\n<p>DT: Markiewicz, Leonardo<br \/>\nAsistente: N\u00fa\u00f1ez, Facundo<br \/>\nPf: Leizza, Nicol\u00e1s\u2060\u2060\u2060\u2060<\/p>\n<p>&nbsp;<\/p>\n<p>La pr\u00f3xima fecha ser\u00e1 de local en el Ra\u00fal Mart\u00ed, cuando reciban a Defensores de Santos Lugares, por la fecha n\u00famero 3.<\/p>\n<script>function PlayerjsAsync(){} if(window[\"Playerjs\"]){PlayerjsAsync();}<\/script>","protected":false},"excerpt":{"rendered":"<p>El Trueno Verde venci\u00f3 a Almirante Brown, como visitante, por 81 a 58 en el partido correspondiente a la segunda fecha del Torneo Superior de FEBAMBA. En la primera jornada hab\u00eda quedado libre.\u00a0 &nbsp; San Miguel consigui\u00f3 los primeros 2 puntos en el Grupo Oeste de la categor\u00eda Superior, al vencer a Almirante Brown en\u00a0la [&hellip;]<\/p>\n","protected":false},"author":3,"featured_media":494,"comment_status":"closed","ping_status":"closed","sticky":false,"template":"","format":"standard","meta":{"content-type":"","footnotes":""},"categories":[6],"tags":[166],"class_list":{"0":"post-493","1":"post","2":"type-post","3":"status-publish","4":"format-standard","5":"has-post-thumbnail","7":"category-deportes","8":"tag-basket-san-miguel"},"yoast_head":"<!-- This site is optimized with the Yoast SEO plugin v27.4 - https:\/\/yoast.com\/product\/yoast-seo-wordpress\/ -->\n<title>El basquet de San Miguel comenz\u00f3 con el pie derecho - Diario del Oeste<\/title>\n<meta name=\"robots\" content=\"index, follow, max-snippet:-1, max-image-preview:large, max-video-preview:-1\" \/>\n<link rel=\"canonical\" href=\"https:\/\/diariodeloeste.com\/noticias\/2017\/04\/29\/el-basquet-de-san-miguel-comenzo-con-el-pie-derecho\/\" \/>\n<meta property=\"og:locale\" content=\"es_ES\" \/>\n<meta property=\"og:type\" content=\"article\" \/>\n<meta property=\"og:title\" content=\"El basquet de San Miguel comenz\u00f3 con el pie derecho - Diario del Oeste\" \/>\n<meta property=\"og:description\" content=\"El Trueno Verde venci\u00f3 a Almirante Brown, como visitante, por 81 a 58 en el partido correspondiente a la segunda fecha del Torneo Superior de FEBAMBA. En la primera jornada hab\u00eda quedado libre.\u00a0 &nbsp; San Miguel consigui\u00f3 los primeros 2 puntos en el Grupo Oeste de la categor\u00eda Superior, al vencer a Almirante Brown en\u00a0la [&hellip;]\" \/>\n<meta property=\"og:url\" content=\"https:\/\/diariodeloeste.com\/noticias\/2017\/04\/29\/el-basquet-de-san-miguel-comenzo-con-el-pie-derecho\/\" \/>\n<meta property=\"og:site_name\" content=\"Diario del Oeste\" \/>\n<meta property=\"article:published_time\" content=\"2017-04-29T00:38:13+00:00\" \/>\n<meta property=\"og:image\" content=\"https:\/\/diariodeloeste.com\/noticias\/wp-content\/uploads\/2017\/04\/WhatsApp-Image-2017-04-27-at-16.05.45.jpeg\" \/>\n\t<meta property=\"og:image:width\" content=\"1280\" \/>\n\t<meta property=\"og:image:height\" content=\"719\" \/>\n\t<meta property=\"og:image:type\" content=\"image\/jpeg\" \/>\n<meta name=\"author\" content=\"Redaccion\" \/>\n<meta name=\"twitter:card\" content=\"summary_large_image\" \/>\n<meta name=\"twitter:label1\" content=\"Escrito por\" \/>\n\t<meta name=\"twitter:data1\" content=\"Redaccion\" \/>\n\t<meta name=\"twitter:label2\" content=\"Tiempo de lectura\" \/>\n\t<meta name=\"twitter:data2\" content=\"1 minuto\" \/>\n<script type=\"application\/ld+json\" class=\"yoast-schema-graph\">{\"@context\":\"https:\\\/\\\/schema.org\",\"@graph\":[{\"@type\":\"Article\",\"@id\":\"https:\\\/\\\/diariodeloeste.com\\\/noticias\\\/2017\\\/04\\\/29\\\/el-basquet-de-san-miguel-comenzo-con-el-pie-derecho\\\/#article\",\"isPartOf\":{\"@id\":\"https:\\\/\\\/diariodeloeste.com\\\/noticias\\\/2017\\\/04\\\/29\\\/el-basquet-de-san-miguel-comenzo-con-el-pie-derecho\\\/\"},\"author\":{\"name\":\"Redaccion\",\"@id\":\"https:\\\/\\\/diariodeloeste.com\\\/noticias\\\/#\\\/schema\\\/person\\\/1f7be965f8c093432e1cbfcee0ac4047\"},\"headline\":\"El basquet de San Miguel comenz\u00f3 con el pie derecho\",\"datePublished\":\"2017-04-29T00:38:13+00:00\",\"mainEntityOfPage\":{\"@id\":\"https:\\\/\\\/diariodeloeste.com\\\/noticias\\\/2017\\\/04\\\/29\\\/el-basquet-de-san-miguel-comenzo-con-el-pie-derecho\\\/\"},\"wordCount\":160,\"publisher\":{\"@id\":\"https:\\\/\\\/diariodeloeste.com\\\/noticias\\\/#organization\"},\"image\":{\"@id\":\"https:\\\/\\\/diariodeloeste.com\\\/noticias\\\/2017\\\/04\\\/29\\\/el-basquet-de-san-miguel-comenzo-con-el-pie-derecho\\\/#primaryimage\"},\"thumbnailUrl\":\"https:\\\/\\\/diariodeloeste.com\\\/noticias\\\/wp-content\\\/uploads\\\/2017\\\/04\\\/WhatsApp-Image-2017-04-27-at-16.05.45.jpeg\",\"keywords\":[\"Basket San Miguel\"],\"articleSection\":[\"Deportes\"],\"inLanguage\":\"es-AR\"},{\"@type\":\"WebPage\",\"@id\":\"https:\\\/\\\/diariodeloeste.com\\\/noticias\\\/2017\\\/04\\\/29\\\/el-basquet-de-san-miguel-comenzo-con-el-pie-derecho\\\/\",\"url\":\"https:\\\/\\\/diariodeloeste.com\\\/noticias\\\/2017\\\/04\\\/29\\\/el-basquet-de-san-miguel-comenzo-con-el-pie-derecho\\\/\",\"name\":\"El basquet de San Miguel comenz\u00f3 con el pie derecho - Diario del Oeste\",\"isPartOf\":{\"@id\":\"https:\\\/\\\/diariodeloeste.com\\\/noticias\\\/#website\"},\"primaryImageOfPage\":{\"@id\":\"https:\\\/\\\/diariodeloeste.com\\\/noticias\\\/2017\\\/04\\\/29\\\/el-basquet-de-san-miguel-comenzo-con-el-pie-derecho\\\/#primaryimage\"},\"image\":{\"@id\":\"https:\\\/\\\/diariodeloeste.com\\\/noticias\\\/2017\\\/04\\\/29\\\/el-basquet-de-san-miguel-comenzo-con-el-pie-derecho\\\/#primaryimage\"},\"thumbnailUrl\":\"https:\\\/\\\/diariodeloeste.com\\\/noticias\\\/wp-content\\\/uploads\\\/2017\\\/04\\\/WhatsApp-Image-2017-04-27-at-16.05.45.jpeg\",\"datePublished\":\"2017-04-29T00:38:13+00:00\",\"breadcrumb\":{\"@id\":\"https:\\\/\\\/diariodeloeste.com\\\/noticias\\\/2017\\\/04\\\/29\\\/el-basquet-de-san-miguel-comenzo-con-el-pie-derecho\\\/#breadcrumb\"},\"inLanguage\":\"es-AR\",\"potentialAction\":[{\"@type\":\"ReadAction\",\"target\":[\"https:\\\/\\\/diariodeloeste.com\\\/noticias\\\/2017\\\/04\\\/29\\\/el-basquet-de-san-miguel-comenzo-con-el-pie-derecho\\\/\"]}]},{\"@type\":\"ImageObject\",\"inLanguage\":\"es-AR\",\"@id\":\"https:\\\/\\\/diariodeloeste.com\\\/noticias\\\/2017\\\/04\\\/29\\\/el-basquet-de-san-miguel-comenzo-con-el-pie-derecho\\\/#primaryimage\",\"url\":\"https:\\\/\\\/diariodeloeste.com\\\/noticias\\\/wp-content\\\/uploads\\\/2017\\\/04\\\/WhatsApp-Image-2017-04-27-at-16.05.45.jpeg\",\"contentUrl\":\"https:\\\/\\\/diariodeloeste.com\\\/noticias\\\/wp-content\\\/uploads\\\/2017\\\/04\\\/WhatsApp-Image-2017-04-27-at-16.05.45.jpeg\",\"width\":1280,\"height\":719},{\"@type\":\"BreadcrumbList\",\"@id\":\"https:\\\/\\\/diariodeloeste.com\\\/noticias\\\/2017\\\/04\\\/29\\\/el-basquet-de-san-miguel-comenzo-con-el-pie-derecho\\\/#breadcrumb\",\"itemListElement\":[{\"@type\":\"ListItem\",\"position\":1,\"name\":\"Inicio\",\"item\":\"https:\\\/\\\/diariodeloeste.com\\\/noticias\\\/\"},{\"@type\":\"ListItem\",\"position\":2,\"name\":\"El basquet de San Miguel comenz\u00f3 con el pie derecho\"}]},{\"@type\":\"WebSite\",\"@id\":\"https:\\\/\\\/diariodeloeste.com\\\/noticias\\\/#website\",\"url\":\"https:\\\/\\\/diariodeloeste.com\\\/noticias\\\/\",\"name\":\"Diario del Oeste\",\"description\":\"Noticias del Oeste\",\"publisher\":{\"@id\":\"https:\\\/\\\/diariodeloeste.com\\\/noticias\\\/#organization\"},\"potentialAction\":[{\"@type\":\"SearchAction\",\"target\":{\"@type\":\"EntryPoint\",\"urlTemplate\":\"https:\\\/\\\/diariodeloeste.com\\\/noticias\\\/?s={search_term_string}\"},\"query-input\":{\"@type\":\"PropertyValueSpecification\",\"valueRequired\":true,\"valueName\":\"search_term_string\"}}],\"inLanguage\":\"es-AR\"},{\"@type\":\"Organization\",\"@id\":\"https:\\\/\\\/diariodeloeste.com\\\/noticias\\\/#organization\",\"name\":\"Diario del Oeste\",\"url\":\"https:\\\/\\\/diariodeloeste.com\\\/noticias\\\/\",\"logo\":{\"@type\":\"ImageObject\",\"inLanguage\":\"es-AR\",\"@id\":\"https:\\\/\\\/diariodeloeste.com\\\/noticias\\\/#\\\/schema\\\/logo\\\/image\\\/\",\"url\":\"https:\\\/\\\/diariodeloeste.com\\\/noticias\\\/wp-content\\\/uploads\\\/2019\\\/04\\\/logo.png\",\"contentUrl\":\"https:\\\/\\\/diariodeloeste.com\\\/noticias\\\/wp-content\\\/uploads\\\/2019\\\/04\\\/logo.png\",\"width\":306,\"height\":145,\"caption\":\"Diario del Oeste\"},\"image\":{\"@id\":\"https:\\\/\\\/diariodeloeste.com\\\/noticias\\\/#\\\/schema\\\/logo\\\/image\\\/\"}},{\"@type\":\"Person\",\"@id\":\"https:\\\/\\\/diariodeloeste.com\\\/noticias\\\/#\\\/schema\\\/person\\\/1f7be965f8c093432e1cbfcee0ac4047\",\"name\":\"Redaccion\",\"image\":{\"@type\":\"ImageObject\",\"inLanguage\":\"es-AR\",\"@id\":\"https:\\\/\\\/secure.gravatar.com\\\/avatar\\\/f9bc3a12e26b32d818d88f9a5b61de20b559752e499df507efa7ea3cea0550ef?s=96&d=mm&r=g\",\"url\":\"https:\\\/\\\/secure.gravatar.com\\\/avatar\\\/f9bc3a12e26b32d818d88f9a5b61de20b559752e499df507efa7ea3cea0550ef?s=96&d=mm&r=g\",\"contentUrl\":\"https:\\\/\\\/secure.gravatar.com\\\/avatar\\\/f9bc3a12e26b32d818d88f9a5b61de20b559752e499df507efa7ea3cea0550ef?s=96&d=mm&r=g\",\"caption\":\"Redaccion\"},\"url\":\"https:\\\/\\\/diariodeloeste.com\\\/noticias\\\/author\\\/redaccion\\\/\"}]}<\/script>\n<!-- \/ Yoast SEO plugin. -->","yoast_head_json":{"title":"El basquet de San Miguel comenz\u00f3 con el pie derecho - Diario del Oeste","robots":{"index":"index","follow":"follow","max-snippet":"max-snippet:-1","max-image-preview":"max-image-preview:large","max-video-preview":"max-video-preview:-1"},"canonical":"https:\/\/diariodeloeste.com\/noticias\/2017\/04\/29\/el-basquet-de-san-miguel-comenzo-con-el-pie-derecho\/","og_locale":"es_ES","og_type":"article","og_title":"El basquet de San Miguel comenz\u00f3 con el pie derecho - Diario del Oeste","og_description":"El Trueno Verde venci\u00f3 a Almirante Brown, como visitante, por 81 a 58 en el partido correspondiente a la segunda fecha del Torneo Superior de FEBAMBA. En la primera jornada hab\u00eda quedado libre.\u00a0 &nbsp; San Miguel consigui\u00f3 los primeros 2 puntos en el Grupo Oeste de la categor\u00eda Superior, al vencer a Almirante Brown en\u00a0la [&hellip;]","og_url":"https:\/\/diariodeloeste.com\/noticias\/2017\/04\/29\/el-basquet-de-san-miguel-comenzo-con-el-pie-derecho\/","og_site_name":"Diario del Oeste","article_published_time":"2017-04-29T00:38:13+00:00","og_image":[{"width":1280,"height":719,"url":"https:\/\/diariodeloeste.com\/noticias\/wp-content\/uploads\/2017\/04\/WhatsApp-Image-2017-04-27-at-16.05.45.jpeg","type":"image\/jpeg"}],"author":"Redaccion","twitter_card":"summary_large_image","twitter_misc":{"Escrito por":"Redaccion","Tiempo de lectura":"1 minuto"},"schema":{"@context":"https:\/\/schema.org","@graph":[{"@type":"Article","@id":"https:\/\/diariodeloeste.com\/noticias\/2017\/04\/29\/el-basquet-de-san-miguel-comenzo-con-el-pie-derecho\/#article","isPartOf":{"@id":"https:\/\/diariodeloeste.com\/noticias\/2017\/04\/29\/el-basquet-de-san-miguel-comenzo-con-el-pie-derecho\/"},"author":{"name":"Redaccion","@id":"https:\/\/diariodeloeste.com\/noticias\/#\/schema\/person\/1f7be965f8c093432e1cbfcee0ac4047"},"headline":"El basquet de San Miguel comenz\u00f3 con el pie derecho","datePublished":"2017-04-29T00:38:13+00:00","mainEntityOfPage":{"@id":"https:\/\/diariodeloeste.com\/noticias\/2017\/04\/29\/el-basquet-de-san-miguel-comenzo-con-el-pie-derecho\/"},"wordCount":160,"publisher":{"@id":"https:\/\/diariodeloeste.com\/noticias\/#organization"},"image":{"@id":"https:\/\/diariodeloeste.com\/noticias\/2017\/04\/29\/el-basquet-de-san-miguel-comenzo-con-el-pie-derecho\/#primaryimage"},"thumbnailUrl":"https:\/\/diariodeloeste.com\/noticias\/wp-content\/uploads\/2017\/04\/WhatsApp-Image-2017-04-27-at-16.05.45.jpeg","keywords":["Basket San Miguel"],"articleSection":["Deportes"],"inLanguage":"es-AR"},{"@type":"WebPage","@id":"https:\/\/diariodeloeste.com\/noticias\/2017\/04\/29\/el-basquet-de-san-miguel-comenzo-con-el-pie-derecho\/","url":"https:\/\/diariodeloeste.com\/noticias\/2017\/04\/29\/el-basquet-de-san-miguel-comenzo-con-el-pie-derecho\/","name":"El basquet de San Miguel comenz\u00f3 con el pie derecho - Diario del Oeste","isPartOf":{"@id":"https:\/\/diariodeloeste.com\/noticias\/#website"},"primaryImageOfPage":{"@id":"https:\/\/diariodeloeste.com\/noticias\/2017\/04\/29\/el-basquet-de-san-miguel-comenzo-con-el-pie-derecho\/#primaryimage"},"image":{"@id":"https:\/\/diariodeloeste.com\/noticias\/2017\/04\/29\/el-basquet-de-san-miguel-comenzo-con-el-pie-derecho\/#primaryimage"},"thumbnailUrl":"https:\/\/diariodeloeste.com\/noticias\/wp-content\/uploads\/2017\/04\/WhatsApp-Image-2017-04-27-at-16.05.45.jpeg","datePublished":"2017-04-29T00:38:13+00:00","breadcrumb":{"@id":"https:\/\/diariodeloeste.com\/noticias\/2017\/04\/29\/el-basquet-de-san-miguel-comenzo-con-el-pie-derecho\/#breadcrumb"},"inLanguage":"es-AR","potentialAction":[{"@type":"ReadAction","target":["https:\/\/diariodeloeste.com\/noticias\/2017\/04\/29\/el-basquet-de-san-miguel-comenzo-con-el-pie-derecho\/"]}]},{"@type":"ImageObject","inLanguage":"es-AR","@id":"https:\/\/diariodeloeste.com\/noticias\/2017\/04\/29\/el-basquet-de-san-miguel-comenzo-con-el-pie-derecho\/#primaryimage","url":"https:\/\/diariodeloeste.com\/noticias\/wp-content\/uploads\/2017\/04\/WhatsApp-Image-2017-04-27-at-16.05.45.jpeg","contentUrl":"https:\/\/diariodeloeste.com\/noticias\/wp-content\/uploads\/2017\/04\/WhatsApp-Image-2017-04-27-at-16.05.45.jpeg","width":1280,"height":719},{"@type":"BreadcrumbList","@id":"https:\/\/diariodeloeste.com\/noticias\/2017\/04\/29\/el-basquet-de-san-miguel-comenzo-con-el-pie-derecho\/#breadcrumb","itemListElement":[{"@type":"ListItem","position":1,"name":"Inicio","item":"https:\/\/diariodeloeste.com\/noticias\/"},{"@type":"ListItem","position":2,"name":"El basquet de San Miguel comenz\u00f3 con el pie derecho"}]},{"@type":"WebSite","@id":"https:\/\/diariodeloeste.com\/noticias\/#website","url":"https:\/\/diariodeloeste.com\/noticias\/","name":"Diario del Oeste","description":"Noticias del Oeste","publisher":{"@id":"https:\/\/diariodeloeste.com\/noticias\/#organization"},"potentialAction":[{"@type":"SearchAction","target":{"@type":"EntryPoint","urlTemplate":"https:\/\/diariodeloeste.com\/noticias\/?s={search_term_string}"},"query-input":{"@type":"PropertyValueSpecification","valueRequired":true,"valueName":"search_term_string"}}],"inLanguage":"es-AR"},{"@type":"Organization","@id":"https:\/\/diariodeloeste.com\/noticias\/#organization","name":"Diario del Oeste","url":"https:\/\/diariodeloeste.com\/noticias\/","logo":{"@type":"ImageObject","inLanguage":"es-AR","@id":"https:\/\/diariodeloeste.com\/noticias\/#\/schema\/logo\/image\/","url":"https:\/\/diariodeloeste.com\/noticias\/wp-content\/uploads\/2019\/04\/logo.png","contentUrl":"https:\/\/diariodeloeste.com\/noticias\/wp-content\/uploads\/2019\/04\/logo.png","width":306,"height":145,"caption":"Diario del Oeste"},"image":{"@id":"https:\/\/diariodeloeste.com\/noticias\/#\/schema\/logo\/image\/"}},{"@type":"Person","@id":"https:\/\/diariodeloeste.com\/noticias\/#\/schema\/person\/1f7be965f8c093432e1cbfcee0ac4047","name":"Redaccion","image":{"@type":"ImageObject","inLanguage":"es-AR","@id":"https:\/\/secure.gravatar.com\/avatar\/f9bc3a12e26b32d818d88f9a5b61de20b559752e499df507efa7ea3cea0550ef?s=96&d=mm&r=g","url":"https:\/\/secure.gravatar.com\/avatar\/f9bc3a12e26b32d818d88f9a5b61de20b559752e499df507efa7ea3cea0550ef?s=96&d=mm&r=g","contentUrl":"https:\/\/secure.gravatar.com\/avatar\/f9bc3a12e26b32d818d88f9a5b61de20b559752e499df507efa7ea3cea0550ef?s=96&d=mm&r=g","caption":"Redaccion"},"url":"https:\/\/diariodeloeste.com\/noticias\/author\/redaccion\/"}]}},"_links":{"self":[{"href":"https:\/\/diariodeloeste.com\/noticias\/wp-json\/wp\/v2\/posts\/493","targetHints":{"allow":["GET"]}}],"collection":[{"href":"https:\/\/diariodeloeste.com\/noticias\/wp-json\/wp\/v2\/posts"}],"about":[{"href":"https:\/\/diariodeloeste.com\/noticias\/wp-json\/wp\/v2\/types\/post"}],"author":[{"embeddable":true,"href":"https:\/\/diariodeloeste.com\/noticias\/wp-json\/wp\/v2\/users\/3"}],"replies":[{"embeddable":true,"href":"https:\/\/diariodeloeste.com\/noticias\/wp-json\/wp\/v2\/comments?post=493"}],"version-history":[{"count":1,"href":"https:\/\/diariodeloeste.com\/noticias\/wp-json\/wp\/v2\/posts\/493\/revisions"}],"predecessor-version":[{"id":495,"href":"https:\/\/diariodeloeste.com\/noticias\/wp-json\/wp\/v2\/posts\/493\/revisions\/495"}],"wp:featuredmedia":[{"embeddable":true,"href":"https:\/\/diariodeloeste.com\/noticias\/wp-json\/wp\/v2\/media\/494"}],"wp:attachment":[{"href":"https:\/\/diariodeloeste.com\/noticias\/wp-json\/wp\/v2\/media?parent=493"}],"wp:term":[{"taxonomy":"category","embeddable":true,"href":"https:\/\/diariodeloeste.com\/noticias\/wp-json\/wp\/v2\/categories?post=493"},{"taxonomy":"post_tag","embeddable":true,"href":"https:\/\/diariodeloeste.com\/noticias\/wp-json\/wp\/v2\/tags?post=493"}],"curies":[{"name":"wp","href":"https:\/\/api.w.org\/{rel}","templated":true}]}}