{"id":4899,"date":"2019-09-16T17:41:52","date_gmt":"2019-09-16T17:41:52","guid":{"rendered":"https:\/\/diariodeloeste.com\/noticias\/?p=4899"},"modified":"2019-09-16T17:41:52","modified_gmt":"2019-09-16T17:41:52","slug":"leo-nardini-inauguro-el-pavimento-de-la-calle-jose-marquez","status":"publish","type":"post","link":"https:\/\/diariodeloeste.com\/noticias\/2019\/09\/16\/leo-nardini-inauguro-el-pavimento-de-la-calle-jose-marquez\/","title":{"rendered":"Leo Nardini inaugur\u00f3 el pavimento de la calle Jos\u00e9 M\u00e1rquez"},"content":{"rendered":"<p><b><i>Junto a vecinos de Los Polvorines, el intendente recorri\u00f3 las seis cuadras que fueron pavimentadas. Las mismas se encuentran entre Av. Presidente Per\u00f3n y Esteban de Luca. La obra realizada incluye hidr\u00e1ulica para evitar inundaciones.<\/i><\/b><\/p>\n<p>El intendente de Malvinas Argentinas, Leo Nardini, realiz\u00f3 la inauguraci\u00f3n oficial de la calle Jos\u00e9 M\u00e1rquez, donde vecinos de Los Polvorines asistieron para compartir ese momento. Se trata de seis cuadras ubicadas entre la Av. Presidente Per\u00f3n y Esteban de Luca, un total de 6800 mts2 de hormig\u00f3n y m\u00e1s de 300 metros lineales de hidr\u00e1ulica.<\/p>\n<p>El jefe comunal dijo: \u201cPoder hacer la inauguraci\u00f3n con todas las familias de la calle M\u00e1rquez, que es una troncal principal, es importante. Nos encontramos con vecinos&nbsp;que viven ac\u00e1 hace muchos a\u00f1os, algunos hasta sesenta, y nos dec\u00edan lo satisfactorio que es ver esta obra concluida\u201d. Y agreg\u00f3: \u201cNosotros vinimos y lo hicimos, entendiendo que era una necesidad puntual y comprendiendo tambi\u00e9n que faltan much\u00edsimas calles por pavimentar\u201d.<\/p>\n<p>Los vecinos manifestaron su gratitud con una merienda que prepararon para la ocasi\u00f3n. Al respecto,&nbsp;Leo Nardini expres\u00f3: \u201cLa familia en su gran mayor\u00eda, viene y acompa\u00f1a, y entiende que&nbsp;&nbsp;m\u00e1s all\u00e1 de la crisis econ\u00f3mica, nosotros podemos seguir avanzando para dignificar a los vecinos a trav\u00e9s de la obra p\u00fablica, una obra que es perif\u00e9rica\u201d.<\/p>\n<p>Por \u00faltimo, Nardini subray\u00f3 el \u201cpoder compartir un mate como s\u00edmbolo de uni\u00f3n. Es volver a&nbsp;&nbsp;revalorizar esas cosas que quiz\u00e1s se van perdiendo con el tiempo, como cuando los vecinos se juntaban y buscaban unir esfuerzos. Estas cosas son las que queremos transmitir para seguir construyendo lo que tanto queremos, que es que Malvinas Argentinas sea el lugar de la familia\u201d.<\/p>\n<script>function PlayerjsAsync(){} if(window[\"Playerjs\"]){PlayerjsAsync();}<\/script>","protected":false},"excerpt":{"rendered":"<p>Junto a vecinos de Los Polvorines, el intendente recorri\u00f3 las seis cuadras que fueron pavimentadas. Las mismas se encuentran entre Av. Presidente Per\u00f3n y Esteban de Luca. La obra realizada incluye hidr\u00e1ulica para evitar inundaciones. El intendente de Malvinas Argentinas, Leo Nardini, realiz\u00f3 la inauguraci\u00f3n oficial de la calle Jos\u00e9 M\u00e1rquez, donde vecinos de Los [&hellip;]<\/p>\n","protected":false},"author":3,"featured_media":4900,"comment_status":"closed","ping_status":"closed","sticky":false,"template":"","format":"standard","meta":{"content-type":"","footnotes":""},"categories":[4,9],"tags":[211],"class_list":{"0":"post-4899","1":"post","2":"type-post","3":"status-publish","4":"format-standard","5":"has-post-thumbnail","7":"category-politica","8":"category-titulares","9":"tag-leo-nardini"},"yoast_head":"<!-- This site is optimized with the Yoast SEO plugin v27.4 - https:\/\/yoast.com\/product\/yoast-seo-wordpress\/ -->\n<title>Leo Nardini inaugur\u00f3 el pavimento de la calle Jos\u00e9 M\u00e1rquez - Diario del Oeste<\/title>\n<meta name=\"robots\" content=\"index, follow, max-snippet:-1, max-image-preview:large, max-video-preview:-1\" \/>\n<link rel=\"canonical\" href=\"https:\/\/diariodeloeste.com\/noticias\/2019\/09\/16\/leo-nardini-inauguro-el-pavimento-de-la-calle-jose-marquez\/\" \/>\n<meta property=\"og:locale\" content=\"es_ES\" \/>\n<meta property=\"og:type\" content=\"article\" \/>\n<meta property=\"og:title\" content=\"Leo Nardini inaugur\u00f3 el pavimento de la calle Jos\u00e9 M\u00e1rquez - Diario del Oeste\" \/>\n<meta property=\"og:description\" content=\"Junto a vecinos de Los Polvorines, el intendente recorri\u00f3 las seis cuadras que fueron pavimentadas. Las mismas se encuentran entre Av. Presidente Per\u00f3n y Esteban de Luca. La obra realizada incluye hidr\u00e1ulica para evitar inundaciones. El intendente de Malvinas Argentinas, Leo Nardini, realiz\u00f3 la inauguraci\u00f3n oficial de la calle Jos\u00e9 M\u00e1rquez, donde vecinos de Los [&hellip;]\" \/>\n<meta property=\"og:url\" content=\"https:\/\/diariodeloeste.com\/noticias\/2019\/09\/16\/leo-nardini-inauguro-el-pavimento-de-la-calle-jose-marquez\/\" \/>\n<meta property=\"og:site_name\" content=\"Diario del Oeste\" \/>\n<meta property=\"article:published_time\" content=\"2019-09-16T17:41:52+00:00\" \/>\n<meta property=\"og:image\" content=\"https:\/\/diariodeloeste.com\/noticias\/wp-content\/uploads\/2019\/09\/JCC7887-1024x683.jpg\" \/>\n\t<meta property=\"og:image:width\" content=\"1024\" \/>\n\t<meta property=\"og:image:height\" content=\"683\" \/>\n\t<meta property=\"og:image:type\" content=\"image\/jpeg\" \/>\n<meta name=\"author\" content=\"Redaccion\" \/>\n<meta name=\"twitter:card\" content=\"summary_large_image\" \/>\n<meta name=\"twitter:label1\" content=\"Escrito por\" \/>\n\t<meta name=\"twitter:data1\" content=\"Redaccion\" \/>\n\t<meta name=\"twitter:label2\" content=\"Tiempo de lectura\" \/>\n\t<meta name=\"twitter:data2\" content=\"2 minutos\" \/>\n<script type=\"application\/ld+json\" class=\"yoast-schema-graph\">{\"@context\":\"https:\\\/\\\/schema.org\",\"@graph\":[{\"@type\":\"Article\",\"@id\":\"https:\\\/\\\/diariodeloeste.com\\\/noticias\\\/2019\\\/09\\\/16\\\/leo-nardini-inauguro-el-pavimento-de-la-calle-jose-marquez\\\/#article\",\"isPartOf\":{\"@id\":\"https:\\\/\\\/diariodeloeste.com\\\/noticias\\\/2019\\\/09\\\/16\\\/leo-nardini-inauguro-el-pavimento-de-la-calle-jose-marquez\\\/\"},\"author\":{\"name\":\"Redaccion\",\"@id\":\"https:\\\/\\\/diariodeloeste.com\\\/noticias\\\/#\\\/schema\\\/person\\\/1f7be965f8c093432e1cbfcee0ac4047\"},\"headline\":\"Leo Nardini inaugur\u00f3 el pavimento de la calle Jos\u00e9 M\u00e1rquez\",\"datePublished\":\"2019-09-16T17:41:52+00:00\",\"mainEntityOfPage\":{\"@id\":\"https:\\\/\\\/diariodeloeste.com\\\/noticias\\\/2019\\\/09\\\/16\\\/leo-nardini-inauguro-el-pavimento-de-la-calle-jose-marquez\\\/\"},\"wordCount\":318,\"publisher\":{\"@id\":\"https:\\\/\\\/diariodeloeste.com\\\/noticias\\\/#organization\"},\"image\":{\"@id\":\"https:\\\/\\\/diariodeloeste.com\\\/noticias\\\/2019\\\/09\\\/16\\\/leo-nardini-inauguro-el-pavimento-de-la-calle-jose-marquez\\\/#primaryimage\"},\"thumbnailUrl\":\"https:\\\/\\\/diariodeloeste.com\\\/noticias\\\/wp-content\\\/uploads\\\/2019\\\/09\\\/JCC7887.jpg\",\"keywords\":[\"leo nardini\"],\"articleSection\":[\"Pol\u00edtica\",\"Titulares\"],\"inLanguage\":\"es-AR\"},{\"@type\":\"WebPage\",\"@id\":\"https:\\\/\\\/diariodeloeste.com\\\/noticias\\\/2019\\\/09\\\/16\\\/leo-nardini-inauguro-el-pavimento-de-la-calle-jose-marquez\\\/\",\"url\":\"https:\\\/\\\/diariodeloeste.com\\\/noticias\\\/2019\\\/09\\\/16\\\/leo-nardini-inauguro-el-pavimento-de-la-calle-jose-marquez\\\/\",\"name\":\"Leo Nardini inaugur\u00f3 el pavimento de la calle Jos\u00e9 M\u00e1rquez - Diario del Oeste\",\"isPartOf\":{\"@id\":\"https:\\\/\\\/diariodeloeste.com\\\/noticias\\\/#website\"},\"primaryImageOfPage\":{\"@id\":\"https:\\\/\\\/diariodeloeste.com\\\/noticias\\\/2019\\\/09\\\/16\\\/leo-nardini-inauguro-el-pavimento-de-la-calle-jose-marquez\\\/#primaryimage\"},\"image\":{\"@id\":\"https:\\\/\\\/diariodeloeste.com\\\/noticias\\\/2019\\\/09\\\/16\\\/leo-nardini-inauguro-el-pavimento-de-la-calle-jose-marquez\\\/#primaryimage\"},\"thumbnailUrl\":\"https:\\\/\\\/diariodeloeste.com\\\/noticias\\\/wp-content\\\/uploads\\\/2019\\\/09\\\/JCC7887.jpg\",\"datePublished\":\"2019-09-16T17:41:52+00:00\",\"breadcrumb\":{\"@id\":\"https:\\\/\\\/diariodeloeste.com\\\/noticias\\\/2019\\\/09\\\/16\\\/leo-nardini-inauguro-el-pavimento-de-la-calle-jose-marquez\\\/#breadcrumb\"},\"inLanguage\":\"es-AR\",\"potentialAction\":[{\"@type\":\"ReadAction\",\"target\":[\"https:\\\/\\\/diariodeloeste.com\\\/noticias\\\/2019\\\/09\\\/16\\\/leo-nardini-inauguro-el-pavimento-de-la-calle-jose-marquez\\\/\"]}]},{\"@type\":\"ImageObject\",\"inLanguage\":\"es-AR\",\"@id\":\"https:\\\/\\\/diariodeloeste.com\\\/noticias\\\/2019\\\/09\\\/16\\\/leo-nardini-inauguro-el-pavimento-de-la-calle-jose-marquez\\\/#primaryimage\",\"url\":\"https:\\\/\\\/diariodeloeste.com\\\/noticias\\\/wp-content\\\/uploads\\\/2019\\\/09\\\/JCC7887.jpg\",\"contentUrl\":\"https:\\\/\\\/diariodeloeste.com\\\/noticias\\\/wp-content\\\/uploads\\\/2019\\\/09\\\/JCC7887.jpg\",\"width\":3680,\"height\":2456},{\"@type\":\"BreadcrumbList\",\"@id\":\"https:\\\/\\\/diariodeloeste.com\\\/noticias\\\/2019\\\/09\\\/16\\\/leo-nardini-inauguro-el-pavimento-de-la-calle-jose-marquez\\\/#breadcrumb\",\"itemListElement\":[{\"@type\":\"ListItem\",\"position\":1,\"name\":\"Inicio\",\"item\":\"https:\\\/\\\/diariodeloeste.com\\\/noticias\\\/\"},{\"@type\":\"ListItem\",\"position\":2,\"name\":\"Leo Nardini inaugur\u00f3 el pavimento de la calle Jos\u00e9 M\u00e1rquez\"}]},{\"@type\":\"WebSite\",\"@id\":\"https:\\\/\\\/diariodeloeste.com\\\/noticias\\\/#website\",\"url\":\"https:\\\/\\\/diariodeloeste.com\\\/noticias\\\/\",\"name\":\"Diario del Oeste\",\"description\":\"Noticias del Oeste\",\"publisher\":{\"@id\":\"https:\\\/\\\/diariodeloeste.com\\\/noticias\\\/#organization\"},\"potentialAction\":[{\"@type\":\"SearchAction\",\"target\":{\"@type\":\"EntryPoint\",\"urlTemplate\":\"https:\\\/\\\/diariodeloeste.com\\\/noticias\\\/?s={search_term_string}\"},\"query-input\":{\"@type\":\"PropertyValueSpecification\",\"valueRequired\":true,\"valueName\":\"search_term_string\"}}],\"inLanguage\":\"es-AR\"},{\"@type\":\"Organization\",\"@id\":\"https:\\\/\\\/diariodeloeste.com\\\/noticias\\\/#organization\",\"name\":\"Diario del Oeste\",\"url\":\"https:\\\/\\\/diariodeloeste.com\\\/noticias\\\/\",\"logo\":{\"@type\":\"ImageObject\",\"inLanguage\":\"es-AR\",\"@id\":\"https:\\\/\\\/diariodeloeste.com\\\/noticias\\\/#\\\/schema\\\/logo\\\/image\\\/\",\"url\":\"https:\\\/\\\/diariodeloeste.com\\\/noticias\\\/wp-content\\\/uploads\\\/2019\\\/04\\\/logo.png\",\"contentUrl\":\"https:\\\/\\\/diariodeloeste.com\\\/noticias\\\/wp-content\\\/uploads\\\/2019\\\/04\\\/logo.png\",\"width\":306,\"height\":145,\"caption\":\"Diario del Oeste\"},\"image\":{\"@id\":\"https:\\\/\\\/diariodeloeste.com\\\/noticias\\\/#\\\/schema\\\/logo\\\/image\\\/\"}},{\"@type\":\"Person\",\"@id\":\"https:\\\/\\\/diariodeloeste.com\\\/noticias\\\/#\\\/schema\\\/person\\\/1f7be965f8c093432e1cbfcee0ac4047\",\"name\":\"Redaccion\",\"image\":{\"@type\":\"ImageObject\",\"inLanguage\":\"es-AR\",\"@id\":\"https:\\\/\\\/secure.gravatar.com\\\/avatar\\\/f9bc3a12e26b32d818d88f9a5b61de20b559752e499df507efa7ea3cea0550ef?s=96&d=mm&r=g\",\"url\":\"https:\\\/\\\/secure.gravatar.com\\\/avatar\\\/f9bc3a12e26b32d818d88f9a5b61de20b559752e499df507efa7ea3cea0550ef?s=96&d=mm&r=g\",\"contentUrl\":\"https:\\\/\\\/secure.gravatar.com\\\/avatar\\\/f9bc3a12e26b32d818d88f9a5b61de20b559752e499df507efa7ea3cea0550ef?s=96&d=mm&r=g\",\"caption\":\"Redaccion\"},\"url\":\"https:\\\/\\\/diariodeloeste.com\\\/noticias\\\/author\\\/redaccion\\\/\"}]}<\/script>\n<!-- \/ Yoast SEO plugin. -->","yoast_head_json":{"title":"Leo Nardini inaugur\u00f3 el pavimento de la calle Jos\u00e9 M\u00e1rquez - Diario del Oeste","robots":{"index":"index","follow":"follow","max-snippet":"max-snippet:-1","max-image-preview":"max-image-preview:large","max-video-preview":"max-video-preview:-1"},"canonical":"https:\/\/diariodeloeste.com\/noticias\/2019\/09\/16\/leo-nardini-inauguro-el-pavimento-de-la-calle-jose-marquez\/","og_locale":"es_ES","og_type":"article","og_title":"Leo Nardini inaugur\u00f3 el pavimento de la calle Jos\u00e9 M\u00e1rquez - Diario del Oeste","og_description":"Junto a vecinos de Los Polvorines, el intendente recorri\u00f3 las seis cuadras que fueron pavimentadas. Las mismas se encuentran entre Av. Presidente Per\u00f3n y Esteban de Luca. La obra realizada incluye hidr\u00e1ulica para evitar inundaciones. El intendente de Malvinas Argentinas, Leo Nardini, realiz\u00f3 la inauguraci\u00f3n oficial de la calle Jos\u00e9 M\u00e1rquez, donde vecinos de Los [&hellip;]","og_url":"https:\/\/diariodeloeste.com\/noticias\/2019\/09\/16\/leo-nardini-inauguro-el-pavimento-de-la-calle-jose-marquez\/","og_site_name":"Diario del Oeste","article_published_time":"2019-09-16T17:41:52+00:00","og_image":[{"width":1024,"height":683,"url":"https:\/\/diariodeloeste.com\/noticias\/wp-content\/uploads\/2019\/09\/JCC7887-1024x683.jpg","type":"image\/jpeg"}],"author":"Redaccion","twitter_card":"summary_large_image","twitter_misc":{"Escrito por":"Redaccion","Tiempo de lectura":"2 minutos"},"schema":{"@context":"https:\/\/schema.org","@graph":[{"@type":"Article","@id":"https:\/\/diariodeloeste.com\/noticias\/2019\/09\/16\/leo-nardini-inauguro-el-pavimento-de-la-calle-jose-marquez\/#article","isPartOf":{"@id":"https:\/\/diariodeloeste.com\/noticias\/2019\/09\/16\/leo-nardini-inauguro-el-pavimento-de-la-calle-jose-marquez\/"},"author":{"name":"Redaccion","@id":"https:\/\/diariodeloeste.com\/noticias\/#\/schema\/person\/1f7be965f8c093432e1cbfcee0ac4047"},"headline":"Leo Nardini inaugur\u00f3 el pavimento de la calle Jos\u00e9 M\u00e1rquez","datePublished":"2019-09-16T17:41:52+00:00","mainEntityOfPage":{"@id":"https:\/\/diariodeloeste.com\/noticias\/2019\/09\/16\/leo-nardini-inauguro-el-pavimento-de-la-calle-jose-marquez\/"},"wordCount":318,"publisher":{"@id":"https:\/\/diariodeloeste.com\/noticias\/#organization"},"image":{"@id":"https:\/\/diariodeloeste.com\/noticias\/2019\/09\/16\/leo-nardini-inauguro-el-pavimento-de-la-calle-jose-marquez\/#primaryimage"},"thumbnailUrl":"https:\/\/diariodeloeste.com\/noticias\/wp-content\/uploads\/2019\/09\/JCC7887.jpg","keywords":["leo nardini"],"articleSection":["Pol\u00edtica","Titulares"],"inLanguage":"es-AR"},{"@type":"WebPage","@id":"https:\/\/diariodeloeste.com\/noticias\/2019\/09\/16\/leo-nardini-inauguro-el-pavimento-de-la-calle-jose-marquez\/","url":"https:\/\/diariodeloeste.com\/noticias\/2019\/09\/16\/leo-nardini-inauguro-el-pavimento-de-la-calle-jose-marquez\/","name":"Leo Nardini inaugur\u00f3 el pavimento de la calle Jos\u00e9 M\u00e1rquez - Diario del Oeste","isPartOf":{"@id":"https:\/\/diariodeloeste.com\/noticias\/#website"},"primaryImageOfPage":{"@id":"https:\/\/diariodeloeste.com\/noticias\/2019\/09\/16\/leo-nardini-inauguro-el-pavimento-de-la-calle-jose-marquez\/#primaryimage"},"image":{"@id":"https:\/\/diariodeloeste.com\/noticias\/2019\/09\/16\/leo-nardini-inauguro-el-pavimento-de-la-calle-jose-marquez\/#primaryimage"},"thumbnailUrl":"https:\/\/diariodeloeste.com\/noticias\/wp-content\/uploads\/2019\/09\/JCC7887.jpg","datePublished":"2019-09-16T17:41:52+00:00","breadcrumb":{"@id":"https:\/\/diariodeloeste.com\/noticias\/2019\/09\/16\/leo-nardini-inauguro-el-pavimento-de-la-calle-jose-marquez\/#breadcrumb"},"inLanguage":"es-AR","potentialAction":[{"@type":"ReadAction","target":["https:\/\/diariodeloeste.com\/noticias\/2019\/09\/16\/leo-nardini-inauguro-el-pavimento-de-la-calle-jose-marquez\/"]}]},{"@type":"ImageObject","inLanguage":"es-AR","@id":"https:\/\/diariodeloeste.com\/noticias\/2019\/09\/16\/leo-nardini-inauguro-el-pavimento-de-la-calle-jose-marquez\/#primaryimage","url":"https:\/\/diariodeloeste.com\/noticias\/wp-content\/uploads\/2019\/09\/JCC7887.jpg","contentUrl":"https:\/\/diariodeloeste.com\/noticias\/wp-content\/uploads\/2019\/09\/JCC7887.jpg","width":3680,"height":2456},{"@type":"BreadcrumbList","@id":"https:\/\/diariodeloeste.com\/noticias\/2019\/09\/16\/leo-nardini-inauguro-el-pavimento-de-la-calle-jose-marquez\/#breadcrumb","itemListElement":[{"@type":"ListItem","position":1,"name":"Inicio","item":"https:\/\/diariodeloeste.com\/noticias\/"},{"@type":"ListItem","position":2,"name":"Leo Nardini inaugur\u00f3 el pavimento de la calle Jos\u00e9 M\u00e1rquez"}]},{"@type":"WebSite","@id":"https:\/\/diariodeloeste.com\/noticias\/#website","url":"https:\/\/diariodeloeste.com\/noticias\/","name":"Diario del Oeste","description":"Noticias del Oeste","publisher":{"@id":"https:\/\/diariodeloeste.com\/noticias\/#organization"},"potentialAction":[{"@type":"SearchAction","target":{"@type":"EntryPoint","urlTemplate":"https:\/\/diariodeloeste.com\/noticias\/?s={search_term_string}"},"query-input":{"@type":"PropertyValueSpecification","valueRequired":true,"valueName":"search_term_string"}}],"inLanguage":"es-AR"},{"@type":"Organization","@id":"https:\/\/diariodeloeste.com\/noticias\/#organization","name":"Diario del Oeste","url":"https:\/\/diariodeloeste.com\/noticias\/","logo":{"@type":"ImageObject","inLanguage":"es-AR","@id":"https:\/\/diariodeloeste.com\/noticias\/#\/schema\/logo\/image\/","url":"https:\/\/diariodeloeste.com\/noticias\/wp-content\/uploads\/2019\/04\/logo.png","contentUrl":"https:\/\/diariodeloeste.com\/noticias\/wp-content\/uploads\/2019\/04\/logo.png","width":306,"height":145,"caption":"Diario del Oeste"},"image":{"@id":"https:\/\/diariodeloeste.com\/noticias\/#\/schema\/logo\/image\/"}},{"@type":"Person","@id":"https:\/\/diariodeloeste.com\/noticias\/#\/schema\/person\/1f7be965f8c093432e1cbfcee0ac4047","name":"Redaccion","image":{"@type":"ImageObject","inLanguage":"es-AR","@id":"https:\/\/secure.gravatar.com\/avatar\/f9bc3a12e26b32d818d88f9a5b61de20b559752e499df507efa7ea3cea0550ef?s=96&d=mm&r=g","url":"https:\/\/secure.gravatar.com\/avatar\/f9bc3a12e26b32d818d88f9a5b61de20b559752e499df507efa7ea3cea0550ef?s=96&d=mm&r=g","contentUrl":"https:\/\/secure.gravatar.com\/avatar\/f9bc3a12e26b32d818d88f9a5b61de20b559752e499df507efa7ea3cea0550ef?s=96&d=mm&r=g","caption":"Redaccion"},"url":"https:\/\/diariodeloeste.com\/noticias\/author\/redaccion\/"}]}},"_links":{"self":[{"href":"https:\/\/diariodeloeste.com\/noticias\/wp-json\/wp\/v2\/posts\/4899","targetHints":{"allow":["GET"]}}],"collection":[{"href":"https:\/\/diariodeloeste.com\/noticias\/wp-json\/wp\/v2\/posts"}],"about":[{"href":"https:\/\/diariodeloeste.com\/noticias\/wp-json\/wp\/v2\/types\/post"}],"author":[{"embeddable":true,"href":"https:\/\/diariodeloeste.com\/noticias\/wp-json\/wp\/v2\/users\/3"}],"replies":[{"embeddable":true,"href":"https:\/\/diariodeloeste.com\/noticias\/wp-json\/wp\/v2\/comments?post=4899"}],"version-history":[{"count":2,"href":"https:\/\/diariodeloeste.com\/noticias\/wp-json\/wp\/v2\/posts\/4899\/revisions"}],"predecessor-version":[{"id":4902,"href":"https:\/\/diariodeloeste.com\/noticias\/wp-json\/wp\/v2\/posts\/4899\/revisions\/4902"}],"wp:featuredmedia":[{"embeddable":true,"href":"https:\/\/diariodeloeste.com\/noticias\/wp-json\/wp\/v2\/media\/4900"}],"wp:attachment":[{"href":"https:\/\/diariodeloeste.com\/noticias\/wp-json\/wp\/v2\/media?parent=4899"}],"wp:term":[{"taxonomy":"category","embeddable":true,"href":"https:\/\/diariodeloeste.com\/noticias\/wp-json\/wp\/v2\/categories?post=4899"},{"taxonomy":"post_tag","embeddable":true,"href":"https:\/\/diariodeloeste.com\/noticias\/wp-json\/wp\/v2\/tags?post=4899"}],"curies":[{"name":"wp","href":"https:\/\/api.w.org\/{rel}","templated":true}]}}