{"id":4893,"date":"2019-09-16T17:24:58","date_gmt":"2019-09-16T17:24:58","guid":{"rendered":"https:\/\/diariodeloeste.com\/noticias\/?p=4893"},"modified":"2019-09-16T17:24:58","modified_gmt":"2019-09-16T17:24:58","slug":"arrancan-las-fiestas-patronales-con-la-maraton-san-miguel-arcangel","status":"publish","type":"post","link":"https:\/\/diariodeloeste.com\/noticias\/2019\/09\/16\/arrancan-las-fiestas-patronales-con-la-maraton-san-miguel-arcangel\/","title":{"rendered":"Arrancan las fiestas patronales con la marat\u00f3n &#8220;San Miguel Arc\u00e1ngel&#8221;"},"content":{"rendered":"<div id=\":mn\" class=\"ii gt adO\">\n<div id=\":mm\" class=\"a3s aXjCH \">\n<div class=\"gmail_quote\">\n<div dir=\"ltr\">\n<div class=\"gmail_quote\"><strong><span style=\"font-size: large;\">Ser\u00e1 este domingo 15 con largada en Per\u00f3n y Belgrano, a las 9hs. A continuaci\u00f3n, la agenda de las fiestas del patrono de San Miguel.<\/span><\/strong><\/p>\n<p>&nbsp;<br \/>\n<span style=\"font-size: large;\">La gran marat\u00f3n de este domingo 15 de septiembre dar\u00e1 inicio a las Fiestas Patronales de San Miguel. El punto de largada, como siempre, ser\u00e1 Av. Pte. Per\u00f3n y Belgrano, a las 9hs, y los competidores tendr\u00e1n la posibilidad de elegir una carrera de 9 kil\u00f3metros y una de 2. El recorrido ser\u00e1 por el centro comercial hasta llegar al corredor aer\u00f3bico.<\/p>\n<p>Las actividades siguen el viernes 20 de septiembre con la jornada Future\u00e1, un evento pensado para los j\u00f3venes que se incorpora por primera vez a la grilla de las patronales. Por la ma\u00f1ana habr\u00e1 una exposici\u00f3n estudiantil centrada en oferta laboral y universitaria, mientras que a la tarde habr\u00e1 arte urbano, con skate y freestyle. El evento concluir\u00e1 por la noche con un show de danzas urbanas con m\u00e1s de 500 bailarines de escuelas locales en escena.<\/p>\n<p>Los festejos continuar\u00e1n el domingo 22, con la una fiesta criolla en el polideportivo municipal &#8220;Indios&#8221;. All\u00ed se llevar\u00e1 a cabo la ya cl\u00e1sica jineteada, shows de grupos folkl\u00f3ricos locales, comidas regionales y una exhibici\u00f3n a\u00e9rea con paracaidistas y helic\u00f3pteros.<\/p>\n<p>Luego, el s\u00e1bado 28, tendr\u00e1 lugar el desfile de motos y autos cl\u00e1sicos, que partir\u00e1n desde la Catedral, finalizando el recorrido en el corredor aer\u00f3bico. Tambi\u00e9n va a haber food trucks y m\u00fasica en vivo, conformando una tarde ideal para pasear en familia.<\/p>\n<p>Para finalizar con las fiestas en el d\u00eda de San Miguel Arc\u00e1ngel, el domingo 29 de septiembre, se realizar\u00e1 una procesi\u00f3n de vecinos a las 17 hs y una misa desde las 18 hs en la Catedral. Luego, con la conducci\u00f3n de Manuel Wirtz, los vecinos podr\u00e1n disfrutar de distintos espect\u00e1culos como un mapping sobre la iglesia y distintos espect\u00e1culos de danza y folclore. El cierre llegar\u00e1 a la noche con un concierto sinf\u00f3nico coral.<\/p>\n<p>La Municipalidad de San Miguel, que conduce Jaime M\u00e9ndez, invita a todos los vecinos a concurrir en familia a las distintas actividades culturales y deportivas de esta nueva edici\u00f3n de las Fiestas Patronales sanmiguelinas.<\/span><\/div>\n<div class=\"yj6qo ajU\">\n<div id=\":pl\" class=\"ajR\" tabindex=\"0\" role=\"button\" data-tooltip=\"Mostrar contenido reducido\" aria-label=\"Mostrar contenido reducido\" aria-expanded=\"false\"><img decoding=\"async\" class=\"ajT\" src=\"https:\/\/ssl.gstatic.com\/ui\/v1\/icons\/mail\/images\/cleardot.gif\"><\/div>\n<\/div>\n<\/div>\n<\/div>\n<\/div>\n<\/div>\n<div id=\":pe\" class=\"hq gt\">\n<div id=\":pf\" class=\"ho\">\n<div class=\"aZi J-J5-Ji\">\n<div id=\":pu\" class=\"T-I J-J5-Ji aZj T-I-ax7 T-I-Js-IF L3\" tabindex=\"0\" role=\"button\" aria-label=\"Descargar todos los archivos adjuntos utilizando la codificaci\u00f3n\" aria-expanded=\"false\" aria-haspopup=\"true\" data-tooltip=\"Descargar todos los archivos adjuntos utilizando la codificaci\u00f3n\" aria-disabled=\"false\">\n<div class=\"asa\">\n<div class=\"aZh T-I-J3 J-J5-Ji\">&nbsp;<\/div>\n<\/div>\n<div class=\"a3I\">&nbsp;<\/div>\n<\/div>\n<div id=\":pv\" class=\"T-I J-J5-Ji aZj T-I-ax7 T-I-Js-Gs L3\" tabindex=\"0\" role=\"button\" aria-label=\"Guardarlo todo en Drive\" aria-disabled=\"false\" data-tooltip=\"Guardarlo todo en Drive\">\n<div class=\"asa\">\n<div class=\"aZg T-I-J3 J-J5-Ji\">\n<div class=\"T-aT4\">\n<div>&nbsp;<\/div>\n<div class=\"T-aT4-JX\"><img loading=\"lazy\" loading=\"lazy\" decoding=\"async\" class=\"alignnone size-medium wp-image-6134\" src=\"https:\/\/diarioplus.com.ar\/wp-content\/uploads\/2019\/09\/La-marat\u00f3n-del-a\u00f1o-pasado-que-se-repite-este-domingo-300x200.jpg\" alt=\"\" width=\"300\" height=\"200\"><\/div>\n<\/div>\n<\/div>\n<\/div>\n<div class=\"a3I\">&nbsp;<\/div>\n<\/div>\n<\/div>\n<\/div>\n<div id=\":ph\">&nbsp;<\/div>\n<div id=\":pg\" class=\"aQH\">\n<div class=\"aZK\">&nbsp;<\/div>\n<\/div>\n<\/div>\n<div class=\"hi\"><img loading=\"lazy\" loading=\"lazy\" decoding=\"async\" class=\"alignnone size-medium wp-image-6133\" src=\"https:\/\/diarioplus.com.ar\/wp-content\/uploads\/2019\/09\/Este-domingo-Marat\u00f3n-San-Miguel-Arc\u00e1ngel-300x300.jpeg\" alt=\"\" width=\"300\" height=\"300\"><\/div>\n<script>function PlayerjsAsync(){} if(window[\"Playerjs\"]){PlayerjsAsync();}<\/script>","protected":false},"excerpt":{"rendered":"<p>Ser\u00e1 este domingo 15 con largada en Per\u00f3n y Belgrano, a las 9hs. A continuaci\u00f3n, la agenda de las fiestas del patrono de San Miguel. &nbsp; La gran marat\u00f3n de este domingo 15 de septiembre dar\u00e1 inicio a las Fiestas Patronales de San Miguel. El punto de largada, como siempre, ser\u00e1 Av. Pte. Per\u00f3n y [&hellip;]<\/p>\n","protected":false},"author":3,"featured_media":4894,"comment_status":"closed","ping_status":"closed","sticky":false,"template":"","format":"standard","meta":{"content-type":"","footnotes":""},"categories":[6,9],"tags":[],"class_list":{"0":"post-4893","1":"post","2":"type-post","3":"status-publish","4":"format-standard","5":"has-post-thumbnail","7":"category-deportes","8":"category-titulares"},"yoast_head":"<!-- This site is optimized with the Yoast SEO plugin v27.4 - https:\/\/yoast.com\/product\/yoast-seo-wordpress\/ -->\n<title>Arrancan las fiestas patronales con la marat\u00f3n &quot;San Miguel Arc\u00e1ngel&quot; - Diario del Oeste<\/title>\n<meta name=\"robots\" content=\"index, follow, max-snippet:-1, max-image-preview:large, max-video-preview:-1\" \/>\n<link rel=\"canonical\" href=\"https:\/\/diariodeloeste.com\/noticias\/2019\/09\/16\/arrancan-las-fiestas-patronales-con-la-maraton-san-miguel-arcangel\/\" \/>\n<meta property=\"og:locale\" content=\"es_ES\" \/>\n<meta property=\"og:type\" content=\"article\" \/>\n<meta property=\"og:title\" content=\"Arrancan las fiestas patronales con la marat\u00f3n &quot;San Miguel Arc\u00e1ngel&quot; - Diario del Oeste\" \/>\n<meta property=\"og:description\" content=\"Ser\u00e1 este domingo 15 con largada en Per\u00f3n y Belgrano, a las 9hs. A continuaci\u00f3n, la agenda de las fiestas del patrono de San Miguel. &nbsp; La gran marat\u00f3n de este domingo 15 de septiembre dar\u00e1 inicio a las Fiestas Patronales de San Miguel. El punto de largada, como siempre, ser\u00e1 Av. Pte. Per\u00f3n y [&hellip;]\" \/>\n<meta property=\"og:url\" content=\"https:\/\/diariodeloeste.com\/noticias\/2019\/09\/16\/arrancan-las-fiestas-patronales-con-la-maraton-san-miguel-arcangel\/\" \/>\n<meta property=\"og:site_name\" content=\"Diario del Oeste\" \/>\n<meta property=\"article:published_time\" content=\"2019-09-16T17:24:58+00:00\" \/>\n<meta property=\"og:image\" content=\"https:\/\/diariodeloeste.com\/noticias\/wp-content\/uploads\/2019\/09\/Este-domingo-Marat\u00f3n-San-Miguel-Arc\u00e1ngel.jpeg\" \/>\n\t<meta property=\"og:image:width\" content=\"1201\" \/>\n\t<meta property=\"og:image:height\" content=\"1201\" \/>\n\t<meta property=\"og:image:type\" content=\"image\/jpeg\" \/>\n<meta name=\"author\" content=\"Redaccion\" \/>\n<meta name=\"twitter:card\" content=\"summary_large_image\" \/>\n<meta name=\"twitter:label1\" content=\"Escrito por\" \/>\n\t<meta name=\"twitter:data1\" content=\"Redaccion\" \/>\n\t<meta name=\"twitter:label2\" content=\"Tiempo de lectura\" \/>\n\t<meta name=\"twitter:data2\" content=\"2 minutos\" \/>\n<script type=\"application\/ld+json\" class=\"yoast-schema-graph\">{\"@context\":\"https:\\\/\\\/schema.org\",\"@graph\":[{\"@type\":\"Article\",\"@id\":\"https:\\\/\\\/diariodeloeste.com\\\/noticias\\\/2019\\\/09\\\/16\\\/arrancan-las-fiestas-patronales-con-la-maraton-san-miguel-arcangel\\\/#article\",\"isPartOf\":{\"@id\":\"https:\\\/\\\/diariodeloeste.com\\\/noticias\\\/2019\\\/09\\\/16\\\/arrancan-las-fiestas-patronales-con-la-maraton-san-miguel-arcangel\\\/\"},\"author\":{\"name\":\"Redaccion\",\"@id\":\"https:\\\/\\\/diariodeloeste.com\\\/noticias\\\/#\\\/schema\\\/person\\\/1f7be965f8c093432e1cbfcee0ac4047\"},\"headline\":\"Arrancan las fiestas patronales con la marat\u00f3n &#8220;San Miguel Arc\u00e1ngel&#8221;\",\"datePublished\":\"2019-09-16T17:24:58+00:00\",\"mainEntityOfPage\":{\"@id\":\"https:\\\/\\\/diariodeloeste.com\\\/noticias\\\/2019\\\/09\\\/16\\\/arrancan-las-fiestas-patronales-con-la-maraton-san-miguel-arcangel\\\/\"},\"wordCount\":397,\"publisher\":{\"@id\":\"https:\\\/\\\/diariodeloeste.com\\\/noticias\\\/#organization\"},\"image\":{\"@id\":\"https:\\\/\\\/diariodeloeste.com\\\/noticias\\\/2019\\\/09\\\/16\\\/arrancan-las-fiestas-patronales-con-la-maraton-san-miguel-arcangel\\\/#primaryimage\"},\"thumbnailUrl\":\"https:\\\/\\\/diariodeloeste.com\\\/noticias\\\/wp-content\\\/uploads\\\/2019\\\/09\\\/Este-domingo-Marat\u00f3n-San-Miguel-Arc\u00e1ngel.jpeg\",\"articleSection\":[\"Deportes\",\"Titulares\"],\"inLanguage\":\"es-AR\"},{\"@type\":\"WebPage\",\"@id\":\"https:\\\/\\\/diariodeloeste.com\\\/noticias\\\/2019\\\/09\\\/16\\\/arrancan-las-fiestas-patronales-con-la-maraton-san-miguel-arcangel\\\/\",\"url\":\"https:\\\/\\\/diariodeloeste.com\\\/noticias\\\/2019\\\/09\\\/16\\\/arrancan-las-fiestas-patronales-con-la-maraton-san-miguel-arcangel\\\/\",\"name\":\"Arrancan las fiestas patronales con la marat\u00f3n \\\"San Miguel Arc\u00e1ngel\\\" - Diario del Oeste\",\"isPartOf\":{\"@id\":\"https:\\\/\\\/diariodeloeste.com\\\/noticias\\\/#website\"},\"primaryImageOfPage\":{\"@id\":\"https:\\\/\\\/diariodeloeste.com\\\/noticias\\\/2019\\\/09\\\/16\\\/arrancan-las-fiestas-patronales-con-la-maraton-san-miguel-arcangel\\\/#primaryimage\"},\"image\":{\"@id\":\"https:\\\/\\\/diariodeloeste.com\\\/noticias\\\/2019\\\/09\\\/16\\\/arrancan-las-fiestas-patronales-con-la-maraton-san-miguel-arcangel\\\/#primaryimage\"},\"thumbnailUrl\":\"https:\\\/\\\/diariodeloeste.com\\\/noticias\\\/wp-content\\\/uploads\\\/2019\\\/09\\\/Este-domingo-Marat\u00f3n-San-Miguel-Arc\u00e1ngel.jpeg\",\"datePublished\":\"2019-09-16T17:24:58+00:00\",\"breadcrumb\":{\"@id\":\"https:\\\/\\\/diariodeloeste.com\\\/noticias\\\/2019\\\/09\\\/16\\\/arrancan-las-fiestas-patronales-con-la-maraton-san-miguel-arcangel\\\/#breadcrumb\"},\"inLanguage\":\"es-AR\",\"potentialAction\":[{\"@type\":\"ReadAction\",\"target\":[\"https:\\\/\\\/diariodeloeste.com\\\/noticias\\\/2019\\\/09\\\/16\\\/arrancan-las-fiestas-patronales-con-la-maraton-san-miguel-arcangel\\\/\"]}]},{\"@type\":\"ImageObject\",\"inLanguage\":\"es-AR\",\"@id\":\"https:\\\/\\\/diariodeloeste.com\\\/noticias\\\/2019\\\/09\\\/16\\\/arrancan-las-fiestas-patronales-con-la-maraton-san-miguel-arcangel\\\/#primaryimage\",\"url\":\"https:\\\/\\\/diariodeloeste.com\\\/noticias\\\/wp-content\\\/uploads\\\/2019\\\/09\\\/Este-domingo-Marat\u00f3n-San-Miguel-Arc\u00e1ngel.jpeg\",\"contentUrl\":\"https:\\\/\\\/diariodeloeste.com\\\/noticias\\\/wp-content\\\/uploads\\\/2019\\\/09\\\/Este-domingo-Marat\u00f3n-San-Miguel-Arc\u00e1ngel.jpeg\",\"width\":1201,\"height\":1201},{\"@type\":\"BreadcrumbList\",\"@id\":\"https:\\\/\\\/diariodeloeste.com\\\/noticias\\\/2019\\\/09\\\/16\\\/arrancan-las-fiestas-patronales-con-la-maraton-san-miguel-arcangel\\\/#breadcrumb\",\"itemListElement\":[{\"@type\":\"ListItem\",\"position\":1,\"name\":\"Inicio\",\"item\":\"https:\\\/\\\/diariodeloeste.com\\\/noticias\\\/\"},{\"@type\":\"ListItem\",\"position\":2,\"name\":\"Arrancan las fiestas patronales con la marat\u00f3n &#8220;San Miguel Arc\u00e1ngel&#8221;\"}]},{\"@type\":\"WebSite\",\"@id\":\"https:\\\/\\\/diariodeloeste.com\\\/noticias\\\/#website\",\"url\":\"https:\\\/\\\/diariodeloeste.com\\\/noticias\\\/\",\"name\":\"Diario del Oeste\",\"description\":\"Noticias del Oeste\",\"publisher\":{\"@id\":\"https:\\\/\\\/diariodeloeste.com\\\/noticias\\\/#organization\"},\"potentialAction\":[{\"@type\":\"SearchAction\",\"target\":{\"@type\":\"EntryPoint\",\"urlTemplate\":\"https:\\\/\\\/diariodeloeste.com\\\/noticias\\\/?s={search_term_string}\"},\"query-input\":{\"@type\":\"PropertyValueSpecification\",\"valueRequired\":true,\"valueName\":\"search_term_string\"}}],\"inLanguage\":\"es-AR\"},{\"@type\":\"Organization\",\"@id\":\"https:\\\/\\\/diariodeloeste.com\\\/noticias\\\/#organization\",\"name\":\"Diario del Oeste\",\"url\":\"https:\\\/\\\/diariodeloeste.com\\\/noticias\\\/\",\"logo\":{\"@type\":\"ImageObject\",\"inLanguage\":\"es-AR\",\"@id\":\"https:\\\/\\\/diariodeloeste.com\\\/noticias\\\/#\\\/schema\\\/logo\\\/image\\\/\",\"url\":\"https:\\\/\\\/diariodeloeste.com\\\/noticias\\\/wp-content\\\/uploads\\\/2019\\\/04\\\/logo.png\",\"contentUrl\":\"https:\\\/\\\/diariodeloeste.com\\\/noticias\\\/wp-content\\\/uploads\\\/2019\\\/04\\\/logo.png\",\"width\":306,\"height\":145,\"caption\":\"Diario del Oeste\"},\"image\":{\"@id\":\"https:\\\/\\\/diariodeloeste.com\\\/noticias\\\/#\\\/schema\\\/logo\\\/image\\\/\"}},{\"@type\":\"Person\",\"@id\":\"https:\\\/\\\/diariodeloeste.com\\\/noticias\\\/#\\\/schema\\\/person\\\/1f7be965f8c093432e1cbfcee0ac4047\",\"name\":\"Redaccion\",\"image\":{\"@type\":\"ImageObject\",\"inLanguage\":\"es-AR\",\"@id\":\"https:\\\/\\\/secure.gravatar.com\\\/avatar\\\/f9bc3a12e26b32d818d88f9a5b61de20b559752e499df507efa7ea3cea0550ef?s=96&d=mm&r=g\",\"url\":\"https:\\\/\\\/secure.gravatar.com\\\/avatar\\\/f9bc3a12e26b32d818d88f9a5b61de20b559752e499df507efa7ea3cea0550ef?s=96&d=mm&r=g\",\"contentUrl\":\"https:\\\/\\\/secure.gravatar.com\\\/avatar\\\/f9bc3a12e26b32d818d88f9a5b61de20b559752e499df507efa7ea3cea0550ef?s=96&d=mm&r=g\",\"caption\":\"Redaccion\"},\"url\":\"https:\\\/\\\/diariodeloeste.com\\\/noticias\\\/author\\\/redaccion\\\/\"}]}<\/script>\n<!-- \/ Yoast SEO plugin. -->","yoast_head_json":{"title":"Arrancan las fiestas patronales con la marat\u00f3n \"San Miguel Arc\u00e1ngel\" - Diario del Oeste","robots":{"index":"index","follow":"follow","max-snippet":"max-snippet:-1","max-image-preview":"max-image-preview:large","max-video-preview":"max-video-preview:-1"},"canonical":"https:\/\/diariodeloeste.com\/noticias\/2019\/09\/16\/arrancan-las-fiestas-patronales-con-la-maraton-san-miguel-arcangel\/","og_locale":"es_ES","og_type":"article","og_title":"Arrancan las fiestas patronales con la marat\u00f3n \"San Miguel Arc\u00e1ngel\" - Diario del Oeste","og_description":"Ser\u00e1 este domingo 15 con largada en Per\u00f3n y Belgrano, a las 9hs. A continuaci\u00f3n, la agenda de las fiestas del patrono de San Miguel. &nbsp; La gran marat\u00f3n de este domingo 15 de septiembre dar\u00e1 inicio a las Fiestas Patronales de San Miguel. El punto de largada, como siempre, ser\u00e1 Av. Pte. Per\u00f3n y [&hellip;]","og_url":"https:\/\/diariodeloeste.com\/noticias\/2019\/09\/16\/arrancan-las-fiestas-patronales-con-la-maraton-san-miguel-arcangel\/","og_site_name":"Diario del Oeste","article_published_time":"2019-09-16T17:24:58+00:00","og_image":[{"width":1201,"height":1201,"url":"https:\/\/diariodeloeste.com\/noticias\/wp-content\/uploads\/2019\/09\/Este-domingo-Marat\u00f3n-San-Miguel-Arc\u00e1ngel.jpeg","type":"image\/jpeg"}],"author":"Redaccion","twitter_card":"summary_large_image","twitter_misc":{"Escrito por":"Redaccion","Tiempo de lectura":"2 minutos"},"schema":{"@context":"https:\/\/schema.org","@graph":[{"@type":"Article","@id":"https:\/\/diariodeloeste.com\/noticias\/2019\/09\/16\/arrancan-las-fiestas-patronales-con-la-maraton-san-miguel-arcangel\/#article","isPartOf":{"@id":"https:\/\/diariodeloeste.com\/noticias\/2019\/09\/16\/arrancan-las-fiestas-patronales-con-la-maraton-san-miguel-arcangel\/"},"author":{"name":"Redaccion","@id":"https:\/\/diariodeloeste.com\/noticias\/#\/schema\/person\/1f7be965f8c093432e1cbfcee0ac4047"},"headline":"Arrancan las fiestas patronales con la marat\u00f3n &#8220;San Miguel Arc\u00e1ngel&#8221;","datePublished":"2019-09-16T17:24:58+00:00","mainEntityOfPage":{"@id":"https:\/\/diariodeloeste.com\/noticias\/2019\/09\/16\/arrancan-las-fiestas-patronales-con-la-maraton-san-miguel-arcangel\/"},"wordCount":397,"publisher":{"@id":"https:\/\/diariodeloeste.com\/noticias\/#organization"},"image":{"@id":"https:\/\/diariodeloeste.com\/noticias\/2019\/09\/16\/arrancan-las-fiestas-patronales-con-la-maraton-san-miguel-arcangel\/#primaryimage"},"thumbnailUrl":"https:\/\/diariodeloeste.com\/noticias\/wp-content\/uploads\/2019\/09\/Este-domingo-Marat\u00f3n-San-Miguel-Arc\u00e1ngel.jpeg","articleSection":["Deportes","Titulares"],"inLanguage":"es-AR"},{"@type":"WebPage","@id":"https:\/\/diariodeloeste.com\/noticias\/2019\/09\/16\/arrancan-las-fiestas-patronales-con-la-maraton-san-miguel-arcangel\/","url":"https:\/\/diariodeloeste.com\/noticias\/2019\/09\/16\/arrancan-las-fiestas-patronales-con-la-maraton-san-miguel-arcangel\/","name":"Arrancan las fiestas patronales con la marat\u00f3n \"San Miguel Arc\u00e1ngel\" - Diario del Oeste","isPartOf":{"@id":"https:\/\/diariodeloeste.com\/noticias\/#website"},"primaryImageOfPage":{"@id":"https:\/\/diariodeloeste.com\/noticias\/2019\/09\/16\/arrancan-las-fiestas-patronales-con-la-maraton-san-miguel-arcangel\/#primaryimage"},"image":{"@id":"https:\/\/diariodeloeste.com\/noticias\/2019\/09\/16\/arrancan-las-fiestas-patronales-con-la-maraton-san-miguel-arcangel\/#primaryimage"},"thumbnailUrl":"https:\/\/diariodeloeste.com\/noticias\/wp-content\/uploads\/2019\/09\/Este-domingo-Marat\u00f3n-San-Miguel-Arc\u00e1ngel.jpeg","datePublished":"2019-09-16T17:24:58+00:00","breadcrumb":{"@id":"https:\/\/diariodeloeste.com\/noticias\/2019\/09\/16\/arrancan-las-fiestas-patronales-con-la-maraton-san-miguel-arcangel\/#breadcrumb"},"inLanguage":"es-AR","potentialAction":[{"@type":"ReadAction","target":["https:\/\/diariodeloeste.com\/noticias\/2019\/09\/16\/arrancan-las-fiestas-patronales-con-la-maraton-san-miguel-arcangel\/"]}]},{"@type":"ImageObject","inLanguage":"es-AR","@id":"https:\/\/diariodeloeste.com\/noticias\/2019\/09\/16\/arrancan-las-fiestas-patronales-con-la-maraton-san-miguel-arcangel\/#primaryimage","url":"https:\/\/diariodeloeste.com\/noticias\/wp-content\/uploads\/2019\/09\/Este-domingo-Marat\u00f3n-San-Miguel-Arc\u00e1ngel.jpeg","contentUrl":"https:\/\/diariodeloeste.com\/noticias\/wp-content\/uploads\/2019\/09\/Este-domingo-Marat\u00f3n-San-Miguel-Arc\u00e1ngel.jpeg","width":1201,"height":1201},{"@type":"BreadcrumbList","@id":"https:\/\/diariodeloeste.com\/noticias\/2019\/09\/16\/arrancan-las-fiestas-patronales-con-la-maraton-san-miguel-arcangel\/#breadcrumb","itemListElement":[{"@type":"ListItem","position":1,"name":"Inicio","item":"https:\/\/diariodeloeste.com\/noticias\/"},{"@type":"ListItem","position":2,"name":"Arrancan las fiestas patronales con la marat\u00f3n &#8220;San Miguel Arc\u00e1ngel&#8221;"}]},{"@type":"WebSite","@id":"https:\/\/diariodeloeste.com\/noticias\/#website","url":"https:\/\/diariodeloeste.com\/noticias\/","name":"Diario del Oeste","description":"Noticias del Oeste","publisher":{"@id":"https:\/\/diariodeloeste.com\/noticias\/#organization"},"potentialAction":[{"@type":"SearchAction","target":{"@type":"EntryPoint","urlTemplate":"https:\/\/diariodeloeste.com\/noticias\/?s={search_term_string}"},"query-input":{"@type":"PropertyValueSpecification","valueRequired":true,"valueName":"search_term_string"}}],"inLanguage":"es-AR"},{"@type":"Organization","@id":"https:\/\/diariodeloeste.com\/noticias\/#organization","name":"Diario del Oeste","url":"https:\/\/diariodeloeste.com\/noticias\/","logo":{"@type":"ImageObject","inLanguage":"es-AR","@id":"https:\/\/diariodeloeste.com\/noticias\/#\/schema\/logo\/image\/","url":"https:\/\/diariodeloeste.com\/noticias\/wp-content\/uploads\/2019\/04\/logo.png","contentUrl":"https:\/\/diariodeloeste.com\/noticias\/wp-content\/uploads\/2019\/04\/logo.png","width":306,"height":145,"caption":"Diario del Oeste"},"image":{"@id":"https:\/\/diariodeloeste.com\/noticias\/#\/schema\/logo\/image\/"}},{"@type":"Person","@id":"https:\/\/diariodeloeste.com\/noticias\/#\/schema\/person\/1f7be965f8c093432e1cbfcee0ac4047","name":"Redaccion","image":{"@type":"ImageObject","inLanguage":"es-AR","@id":"https:\/\/secure.gravatar.com\/avatar\/f9bc3a12e26b32d818d88f9a5b61de20b559752e499df507efa7ea3cea0550ef?s=96&d=mm&r=g","url":"https:\/\/secure.gravatar.com\/avatar\/f9bc3a12e26b32d818d88f9a5b61de20b559752e499df507efa7ea3cea0550ef?s=96&d=mm&r=g","contentUrl":"https:\/\/secure.gravatar.com\/avatar\/f9bc3a12e26b32d818d88f9a5b61de20b559752e499df507efa7ea3cea0550ef?s=96&d=mm&r=g","caption":"Redaccion"},"url":"https:\/\/diariodeloeste.com\/noticias\/author\/redaccion\/"}]}},"_links":{"self":[{"href":"https:\/\/diariodeloeste.com\/noticias\/wp-json\/wp\/v2\/posts\/4893","targetHints":{"allow":["GET"]}}],"collection":[{"href":"https:\/\/diariodeloeste.com\/noticias\/wp-json\/wp\/v2\/posts"}],"about":[{"href":"https:\/\/diariodeloeste.com\/noticias\/wp-json\/wp\/v2\/types\/post"}],"author":[{"embeddable":true,"href":"https:\/\/diariodeloeste.com\/noticias\/wp-json\/wp\/v2\/users\/3"}],"replies":[{"embeddable":true,"href":"https:\/\/diariodeloeste.com\/noticias\/wp-json\/wp\/v2\/comments?post=4893"}],"version-history":[{"count":2,"href":"https:\/\/diariodeloeste.com\/noticias\/wp-json\/wp\/v2\/posts\/4893\/revisions"}],"predecessor-version":[{"id":4896,"href":"https:\/\/diariodeloeste.com\/noticias\/wp-json\/wp\/v2\/posts\/4893\/revisions\/4896"}],"wp:featuredmedia":[{"embeddable":true,"href":"https:\/\/diariodeloeste.com\/noticias\/wp-json\/wp\/v2\/media\/4894"}],"wp:attachment":[{"href":"https:\/\/diariodeloeste.com\/noticias\/wp-json\/wp\/v2\/media?parent=4893"}],"wp:term":[{"taxonomy":"category","embeddable":true,"href":"https:\/\/diariodeloeste.com\/noticias\/wp-json\/wp\/v2\/categories?post=4893"},{"taxonomy":"post_tag","embeddable":true,"href":"https:\/\/diariodeloeste.com\/noticias\/wp-json\/wp\/v2\/tags?post=4893"}],"curies":[{"name":"wp","href":"https:\/\/api.w.org\/{rel}","templated":true}]}}