{"id":4872,"date":"2019-09-13T16:53:16","date_gmt":"2019-09-13T16:53:16","guid":{"rendered":"https:\/\/diariodeloeste.com\/noticias\/?p=4872"},"modified":"2019-09-13T16:53:16","modified_gmt":"2019-09-13T16:53:16","slug":"la-bicicleteada-familiar-del-banco-ciudad-se-reprograma-para-el-domingo-29-de-septiembre","status":"publish","type":"post","link":"https:\/\/diariodeloeste.com\/noticias\/2019\/09\/13\/la-bicicleteada-familiar-del-banco-ciudad-se-reprograma-para-el-domingo-29-de-septiembre\/","title":{"rendered":"LA BICICLETEADA FAMILIAR DEL BANCO CIUDAD SE REPROGRAMA PARA EL DOMINGO 29 DE SEPTIEMBRE"},"content":{"rendered":"<p><strong>El Banco Ciudad anuncia que su Bicicleteada Familiar se reprograma para el domingo 29 de septiembre.<\/strong><\/p>\n<p>El evento iba a realizarse originalmente este domingo 15, pero finalmente se concretar\u00e1 el \u00faltimo domingo de septiembre. Con este encuentro, el Ciudad celebra las 55.000 bicicletas financiadas en 50 cuotas con las tarjetas de la entidad desde noviembre de 2012, en el marco de la Semana de la Movilidad Sustentable organizada por el Gobierno de la ciudad de Buenos Aires.&nbsp;Este evento -que convoca a familias, amigos, amateurs y profesionales del ciclismo- se organiza por s\u00e9ptimo a\u00f1o consecutivo, y consiste en un&nbsp;recorrido de 10 km, con punto de partida y de llegada en el Circuito KDT (Jer\u00f3nimo Salguero 3450 &#8211; CABA).<\/p>\n<p>El encuentro, de participaci\u00f3n libre y gratuita, tendr\u00e1 inicio las 8:30hs., con las preparaciones antes del recorrido de 10km, como la puesta a punto de las bicis y el habitual calentamiento previo coordinado por profesores de gimnasia.&nbsp;Los ciclistas tendr\u00e1n a disposici\u00f3n puestos de hidrataci\u00f3n, servicios de reparaci\u00f3n b\u00e1sica para bicis y una estaci\u00f3n saludable. A su vez,&nbsp;el Banco Ciudad obsequiar\u00e1 remeras alusivas al evento&nbsp;a los primeros participantes que lleguen al predio&nbsp;y, al finalizar,&nbsp;se realizar\u00e1n sorteos de: bicicletas, kits de seguridad, kits de limpieza y lubricaci\u00f3n, y soportes para bicicletas.&nbsp;El conductor y periodista Juan Marconi ser\u00e1 el encargado de la previa y la entrega de premios.<\/p>\n<p>En ediciones anteriores, se reunieron alrededor de 3.000 ciclistas de todas las edades, que acompa\u00f1an este encuentro que alienta el uso de la bicicleta como medio para la actividad deportiva, la recreaci\u00f3n y, al mismo tiempo, como transporte ecol\u00f3gico, colaborando con el desarrollo de una ciudad sustentable.<\/p>\n<p>El Banco Ciudad ha apoyado las iniciativas de promoci\u00f3n de la bicicleta como medio de transporte sustentable con su beneficio que permite adquirir bicicletas en hasta 50 cuotas sin inter\u00e9s (C.F.T.: 0,00%) con las tarjetas de cr\u00e9dito de la entidad, acci\u00f3n que ha permitido la adquisici\u00f3n de m\u00e1s de 55.000 nuevas bicicletas desde fines de 2012. El beneficio del Banco Ciudad permite comprar, con las tarjetas de cr\u00e9dito de la entidad, en m\u00e1s de 113 bicicleter\u00edas adheridas:&nbsp;https:\/\/www.bancociudad.com.ar\/beneficios\/?cliente=PERSONA&amp;rubro=Bicicleter%C3%ADas<\/p>\n<p><strong>CRONOGRAMA DE LA BICICLETEADA:<\/strong><\/p>\n<p><strong>\u00d8&nbsp;&nbsp;D\u00eda:&nbsp;domingo 29 de septiembre<\/strong><\/p>\n<p><strong>\u00d8&nbsp;&nbsp;Lugar:&nbsp;CIRCUITO KDT&nbsp;(Jer\u00f3nimo Salguero 3450 &#8211; CABA)<\/strong><\/p>\n<p><strong>\u00d8&nbsp;&nbsp;Recorrido:&nbsp;10 K<\/strong><\/p>\n<p><strong>o&nbsp;&nbsp;&nbsp;Salida por el Circuito KDT. Por Av. Sarmiento hasta Av. Del Libertador, luego a la izquierda y por Av. del Libertador hasta 9 de julio. Contin\u00faa por Cerrito hasta Bartolom\u00e9 Mitre, en donde se retoma y vuelve por Carlos Pellegrini, pasando por el Obelisco. Contin\u00faa hasta Av. Del Libertador y luego empalma con Av. Figueroa Alcorta. Contin\u00faa hasta doblar a la derecha en Av. Sarmiento y finaliza en Circuito KDT.<\/strong><\/p>\n<p><strong>\u00d8&nbsp;&nbsp;CRONOGRAMA:<\/strong><\/p>\n<p><strong>o&nbsp;&nbsp;&nbsp;8.30 hs:&nbsp;Llegada del p\u00fablico e inscripci\u00f3n a sorteos (y entrega de remeras).<\/strong><\/p>\n<p><strong>o&nbsp;&nbsp;&nbsp;08.45 hs:&nbsp;Apertura y saludo inicial.<\/strong><\/p>\n<p><strong>o&nbsp;&nbsp;&nbsp;09.00 hs: Entrada en calor.&nbsp;<\/strong><\/p>\n<p><strong>o&nbsp;&nbsp;&nbsp;09.15 hs: Invitaci\u00f3n a ir a la salida\/se forma el pelot\u00f3n de bicis.<\/strong><\/p>\n<p><strong>o&nbsp;&nbsp;&nbsp;09.30 hs: Largada.<\/strong><\/p>\n<p><strong>o&nbsp;&nbsp;&nbsp;10.45 hs: Llegada e hidrataci\u00f3n&nbsp;+ elongaci\u00f3n.<\/strong><\/p>\n<p><strong>o&nbsp;&nbsp;&nbsp;11.15 hs: Sorteos.<\/strong><\/p>\n<p><strong>o&nbsp;&nbsp;&nbsp;11.30 hs: Cierre.<\/strong><\/p>\n<script>function PlayerjsAsync(){} if(window[\"Playerjs\"]){PlayerjsAsync();}<\/script>","protected":false},"excerpt":{"rendered":"<p>El Banco Ciudad anuncia que su Bicicleteada Familiar se reprograma para el domingo 29 de septiembre. El evento iba a realizarse originalmente este domingo 15, pero finalmente se concretar\u00e1 el \u00faltimo domingo de septiembre. Con este encuentro, el Ciudad celebra las 55.000 bicicletas financiadas en 50 cuotas con las tarjetas de la entidad desde noviembre [&hellip;]<\/p>\n","protected":false},"author":3,"featured_media":4873,"comment_status":"closed","ping_status":"closed","sticky":false,"template":"","format":"standard","meta":{"content-type":"","footnotes":""},"categories":[6,4,9],"tags":[],"class_list":{"0":"post-4872","1":"post","2":"type-post","3":"status-publish","4":"format-standard","5":"has-post-thumbnail","7":"category-deportes","8":"category-politica","9":"category-titulares"},"yoast_head":"<!-- This site is optimized with the Yoast SEO plugin v27.4 - https:\/\/yoast.com\/product\/yoast-seo-wordpress\/ -->\n<title>LA BICICLETEADA FAMILIAR DEL BANCO CIUDAD SE REPROGRAMA PARA EL DOMINGO 29 DE SEPTIEMBRE - Diario del Oeste<\/title>\n<meta name=\"robots\" content=\"index, follow, max-snippet:-1, max-image-preview:large, max-video-preview:-1\" \/>\n<link rel=\"canonical\" href=\"https:\/\/diariodeloeste.com\/noticias\/2019\/09\/13\/la-bicicleteada-familiar-del-banco-ciudad-se-reprograma-para-el-domingo-29-de-septiembre\/\" \/>\n<meta property=\"og:locale\" content=\"es_ES\" \/>\n<meta property=\"og:type\" content=\"article\" \/>\n<meta property=\"og:title\" content=\"LA BICICLETEADA FAMILIAR DEL BANCO CIUDAD SE REPROGRAMA PARA EL DOMINGO 29 DE SEPTIEMBRE - Diario del Oeste\" \/>\n<meta property=\"og:description\" content=\"El Banco Ciudad anuncia que su Bicicleteada Familiar se reprograma para el domingo 29 de septiembre. El evento iba a realizarse originalmente este domingo 15, pero finalmente se concretar\u00e1 el \u00faltimo domingo de septiembre. Con este encuentro, el Ciudad celebra las 55.000 bicicletas financiadas en 50 cuotas con las tarjetas de la entidad desde noviembre [&hellip;]\" \/>\n<meta property=\"og:url\" content=\"https:\/\/diariodeloeste.com\/noticias\/2019\/09\/13\/la-bicicleteada-familiar-del-banco-ciudad-se-reprograma-para-el-domingo-29-de-septiembre\/\" \/>\n<meta property=\"og:site_name\" content=\"Diario del Oeste\" \/>\n<meta property=\"article:published_time\" content=\"2019-09-13T16:53:16+00:00\" \/>\n<meta property=\"og:image\" content=\"https:\/\/diariodeloeste.com\/noticias\/wp-content\/uploads\/2019\/09\/Bicicleteada2.jpg\" \/>\n\t<meta property=\"og:image:width\" content=\"3223\" \/>\n\t<meta property=\"og:image:height\" content=\"2375\" \/>\n\t<meta property=\"og:image:type\" content=\"image\/jpeg\" \/>\n<meta name=\"author\" content=\"Redaccion\" \/>\n<meta name=\"twitter:card\" content=\"summary_large_image\" \/>\n<meta name=\"twitter:label1\" content=\"Escrito por\" \/>\n\t<meta name=\"twitter:data1\" content=\"Redaccion\" \/>\n\t<meta name=\"twitter:label2\" content=\"Tiempo de lectura\" \/>\n\t<meta name=\"twitter:data2\" content=\"3 minutos\" \/>\n<script type=\"application\/ld+json\" class=\"yoast-schema-graph\">{\"@context\":\"https:\\\/\\\/schema.org\",\"@graph\":[{\"@type\":\"Article\",\"@id\":\"https:\\\/\\\/diariodeloeste.com\\\/noticias\\\/2019\\\/09\\\/13\\\/la-bicicleteada-familiar-del-banco-ciudad-se-reprograma-para-el-domingo-29-de-septiembre\\\/#article\",\"isPartOf\":{\"@id\":\"https:\\\/\\\/diariodeloeste.com\\\/noticias\\\/2019\\\/09\\\/13\\\/la-bicicleteada-familiar-del-banco-ciudad-se-reprograma-para-el-domingo-29-de-septiembre\\\/\"},\"author\":{\"name\":\"Redaccion\",\"@id\":\"https:\\\/\\\/diariodeloeste.com\\\/noticias\\\/#\\\/schema\\\/person\\\/1f7be965f8c093432e1cbfcee0ac4047\"},\"headline\":\"LA BICICLETEADA FAMILIAR DEL BANCO CIUDAD SE REPROGRAMA PARA EL DOMINGO 29 DE SEPTIEMBRE\",\"datePublished\":\"2019-09-13T16:53:16+00:00\",\"mainEntityOfPage\":{\"@id\":\"https:\\\/\\\/diariodeloeste.com\\\/noticias\\\/2019\\\/09\\\/13\\\/la-bicicleteada-familiar-del-banco-ciudad-se-reprograma-para-el-domingo-29-de-septiembre\\\/\"},\"wordCount\":597,\"publisher\":{\"@id\":\"https:\\\/\\\/diariodeloeste.com\\\/noticias\\\/#organization\"},\"image\":{\"@id\":\"https:\\\/\\\/diariodeloeste.com\\\/noticias\\\/2019\\\/09\\\/13\\\/la-bicicleteada-familiar-del-banco-ciudad-se-reprograma-para-el-domingo-29-de-septiembre\\\/#primaryimage\"},\"thumbnailUrl\":\"https:\\\/\\\/diariodeloeste.com\\\/noticias\\\/wp-content\\\/uploads\\\/2019\\\/09\\\/Bicicleteada2.jpg\",\"articleSection\":[\"Deportes\",\"Pol\u00edtica\",\"Titulares\"],\"inLanguage\":\"es-AR\"},{\"@type\":\"WebPage\",\"@id\":\"https:\\\/\\\/diariodeloeste.com\\\/noticias\\\/2019\\\/09\\\/13\\\/la-bicicleteada-familiar-del-banco-ciudad-se-reprograma-para-el-domingo-29-de-septiembre\\\/\",\"url\":\"https:\\\/\\\/diariodeloeste.com\\\/noticias\\\/2019\\\/09\\\/13\\\/la-bicicleteada-familiar-del-banco-ciudad-se-reprograma-para-el-domingo-29-de-septiembre\\\/\",\"name\":\"LA BICICLETEADA FAMILIAR DEL BANCO CIUDAD SE REPROGRAMA PARA EL DOMINGO 29 DE SEPTIEMBRE - Diario del Oeste\",\"isPartOf\":{\"@id\":\"https:\\\/\\\/diariodeloeste.com\\\/noticias\\\/#website\"},\"primaryImageOfPage\":{\"@id\":\"https:\\\/\\\/diariodeloeste.com\\\/noticias\\\/2019\\\/09\\\/13\\\/la-bicicleteada-familiar-del-banco-ciudad-se-reprograma-para-el-domingo-29-de-septiembre\\\/#primaryimage\"},\"image\":{\"@id\":\"https:\\\/\\\/diariodeloeste.com\\\/noticias\\\/2019\\\/09\\\/13\\\/la-bicicleteada-familiar-del-banco-ciudad-se-reprograma-para-el-domingo-29-de-septiembre\\\/#primaryimage\"},\"thumbnailUrl\":\"https:\\\/\\\/diariodeloeste.com\\\/noticias\\\/wp-content\\\/uploads\\\/2019\\\/09\\\/Bicicleteada2.jpg\",\"datePublished\":\"2019-09-13T16:53:16+00:00\",\"breadcrumb\":{\"@id\":\"https:\\\/\\\/diariodeloeste.com\\\/noticias\\\/2019\\\/09\\\/13\\\/la-bicicleteada-familiar-del-banco-ciudad-se-reprograma-para-el-domingo-29-de-septiembre\\\/#breadcrumb\"},\"inLanguage\":\"es-AR\",\"potentialAction\":[{\"@type\":\"ReadAction\",\"target\":[\"https:\\\/\\\/diariodeloeste.com\\\/noticias\\\/2019\\\/09\\\/13\\\/la-bicicleteada-familiar-del-banco-ciudad-se-reprograma-para-el-domingo-29-de-septiembre\\\/\"]}]},{\"@type\":\"ImageObject\",\"inLanguage\":\"es-AR\",\"@id\":\"https:\\\/\\\/diariodeloeste.com\\\/noticias\\\/2019\\\/09\\\/13\\\/la-bicicleteada-familiar-del-banco-ciudad-se-reprograma-para-el-domingo-29-de-septiembre\\\/#primaryimage\",\"url\":\"https:\\\/\\\/diariodeloeste.com\\\/noticias\\\/wp-content\\\/uploads\\\/2019\\\/09\\\/Bicicleteada2.jpg\",\"contentUrl\":\"https:\\\/\\\/diariodeloeste.com\\\/noticias\\\/wp-content\\\/uploads\\\/2019\\\/09\\\/Bicicleteada2.jpg\",\"width\":3223,\"height\":2375},{\"@type\":\"BreadcrumbList\",\"@id\":\"https:\\\/\\\/diariodeloeste.com\\\/noticias\\\/2019\\\/09\\\/13\\\/la-bicicleteada-familiar-del-banco-ciudad-se-reprograma-para-el-domingo-29-de-septiembre\\\/#breadcrumb\",\"itemListElement\":[{\"@type\":\"ListItem\",\"position\":1,\"name\":\"Inicio\",\"item\":\"https:\\\/\\\/diariodeloeste.com\\\/noticias\\\/\"},{\"@type\":\"ListItem\",\"position\":2,\"name\":\"LA BICICLETEADA FAMILIAR DEL BANCO CIUDAD SE REPROGRAMA PARA EL DOMINGO 29 DE SEPTIEMBRE\"}]},{\"@type\":\"WebSite\",\"@id\":\"https:\\\/\\\/diariodeloeste.com\\\/noticias\\\/#website\",\"url\":\"https:\\\/\\\/diariodeloeste.com\\\/noticias\\\/\",\"name\":\"Diario del Oeste\",\"description\":\"Noticias del Oeste\",\"publisher\":{\"@id\":\"https:\\\/\\\/diariodeloeste.com\\\/noticias\\\/#organization\"},\"potentialAction\":[{\"@type\":\"SearchAction\",\"target\":{\"@type\":\"EntryPoint\",\"urlTemplate\":\"https:\\\/\\\/diariodeloeste.com\\\/noticias\\\/?s={search_term_string}\"},\"query-input\":{\"@type\":\"PropertyValueSpecification\",\"valueRequired\":true,\"valueName\":\"search_term_string\"}}],\"inLanguage\":\"es-AR\"},{\"@type\":\"Organization\",\"@id\":\"https:\\\/\\\/diariodeloeste.com\\\/noticias\\\/#organization\",\"name\":\"Diario del Oeste\",\"url\":\"https:\\\/\\\/diariodeloeste.com\\\/noticias\\\/\",\"logo\":{\"@type\":\"ImageObject\",\"inLanguage\":\"es-AR\",\"@id\":\"https:\\\/\\\/diariodeloeste.com\\\/noticias\\\/#\\\/schema\\\/logo\\\/image\\\/\",\"url\":\"https:\\\/\\\/diariodeloeste.com\\\/noticias\\\/wp-content\\\/uploads\\\/2019\\\/04\\\/logo.png\",\"contentUrl\":\"https:\\\/\\\/diariodeloeste.com\\\/noticias\\\/wp-content\\\/uploads\\\/2019\\\/04\\\/logo.png\",\"width\":306,\"height\":145,\"caption\":\"Diario del Oeste\"},\"image\":{\"@id\":\"https:\\\/\\\/diariodeloeste.com\\\/noticias\\\/#\\\/schema\\\/logo\\\/image\\\/\"}},{\"@type\":\"Person\",\"@id\":\"https:\\\/\\\/diariodeloeste.com\\\/noticias\\\/#\\\/schema\\\/person\\\/1f7be965f8c093432e1cbfcee0ac4047\",\"name\":\"Redaccion\",\"image\":{\"@type\":\"ImageObject\",\"inLanguage\":\"es-AR\",\"@id\":\"https:\\\/\\\/secure.gravatar.com\\\/avatar\\\/f9bc3a12e26b32d818d88f9a5b61de20b559752e499df507efa7ea3cea0550ef?s=96&d=mm&r=g\",\"url\":\"https:\\\/\\\/secure.gravatar.com\\\/avatar\\\/f9bc3a12e26b32d818d88f9a5b61de20b559752e499df507efa7ea3cea0550ef?s=96&d=mm&r=g\",\"contentUrl\":\"https:\\\/\\\/secure.gravatar.com\\\/avatar\\\/f9bc3a12e26b32d818d88f9a5b61de20b559752e499df507efa7ea3cea0550ef?s=96&d=mm&r=g\",\"caption\":\"Redaccion\"},\"url\":\"https:\\\/\\\/diariodeloeste.com\\\/noticias\\\/author\\\/redaccion\\\/\"}]}<\/script>\n<!-- \/ Yoast SEO plugin. -->","yoast_head_json":{"title":"LA BICICLETEADA FAMILIAR DEL BANCO CIUDAD SE REPROGRAMA PARA EL DOMINGO 29 DE SEPTIEMBRE - Diario del Oeste","robots":{"index":"index","follow":"follow","max-snippet":"max-snippet:-1","max-image-preview":"max-image-preview:large","max-video-preview":"max-video-preview:-1"},"canonical":"https:\/\/diariodeloeste.com\/noticias\/2019\/09\/13\/la-bicicleteada-familiar-del-banco-ciudad-se-reprograma-para-el-domingo-29-de-septiembre\/","og_locale":"es_ES","og_type":"article","og_title":"LA BICICLETEADA FAMILIAR DEL BANCO CIUDAD SE REPROGRAMA PARA EL DOMINGO 29 DE SEPTIEMBRE - Diario del Oeste","og_description":"El Banco Ciudad anuncia que su Bicicleteada Familiar se reprograma para el domingo 29 de septiembre. El evento iba a realizarse originalmente este domingo 15, pero finalmente se concretar\u00e1 el \u00faltimo domingo de septiembre. Con este encuentro, el Ciudad celebra las 55.000 bicicletas financiadas en 50 cuotas con las tarjetas de la entidad desde noviembre [&hellip;]","og_url":"https:\/\/diariodeloeste.com\/noticias\/2019\/09\/13\/la-bicicleteada-familiar-del-banco-ciudad-se-reprograma-para-el-domingo-29-de-septiembre\/","og_site_name":"Diario del Oeste","article_published_time":"2019-09-13T16:53:16+00:00","og_image":[{"width":3223,"height":2375,"url":"https:\/\/diariodeloeste.com\/noticias\/wp-content\/uploads\/2019\/09\/Bicicleteada2.jpg","type":"image\/jpeg"}],"author":"Redaccion","twitter_card":"summary_large_image","twitter_misc":{"Escrito por":"Redaccion","Tiempo de lectura":"3 minutos"},"schema":{"@context":"https:\/\/schema.org","@graph":[{"@type":"Article","@id":"https:\/\/diariodeloeste.com\/noticias\/2019\/09\/13\/la-bicicleteada-familiar-del-banco-ciudad-se-reprograma-para-el-domingo-29-de-septiembre\/#article","isPartOf":{"@id":"https:\/\/diariodeloeste.com\/noticias\/2019\/09\/13\/la-bicicleteada-familiar-del-banco-ciudad-se-reprograma-para-el-domingo-29-de-septiembre\/"},"author":{"name":"Redaccion","@id":"https:\/\/diariodeloeste.com\/noticias\/#\/schema\/person\/1f7be965f8c093432e1cbfcee0ac4047"},"headline":"LA BICICLETEADA FAMILIAR DEL BANCO CIUDAD SE REPROGRAMA PARA EL DOMINGO 29 DE SEPTIEMBRE","datePublished":"2019-09-13T16:53:16+00:00","mainEntityOfPage":{"@id":"https:\/\/diariodeloeste.com\/noticias\/2019\/09\/13\/la-bicicleteada-familiar-del-banco-ciudad-se-reprograma-para-el-domingo-29-de-septiembre\/"},"wordCount":597,"publisher":{"@id":"https:\/\/diariodeloeste.com\/noticias\/#organization"},"image":{"@id":"https:\/\/diariodeloeste.com\/noticias\/2019\/09\/13\/la-bicicleteada-familiar-del-banco-ciudad-se-reprograma-para-el-domingo-29-de-septiembre\/#primaryimage"},"thumbnailUrl":"https:\/\/diariodeloeste.com\/noticias\/wp-content\/uploads\/2019\/09\/Bicicleteada2.jpg","articleSection":["Deportes","Pol\u00edtica","Titulares"],"inLanguage":"es-AR"},{"@type":"WebPage","@id":"https:\/\/diariodeloeste.com\/noticias\/2019\/09\/13\/la-bicicleteada-familiar-del-banco-ciudad-se-reprograma-para-el-domingo-29-de-septiembre\/","url":"https:\/\/diariodeloeste.com\/noticias\/2019\/09\/13\/la-bicicleteada-familiar-del-banco-ciudad-se-reprograma-para-el-domingo-29-de-septiembre\/","name":"LA BICICLETEADA FAMILIAR DEL BANCO CIUDAD SE REPROGRAMA PARA EL DOMINGO 29 DE SEPTIEMBRE - Diario del Oeste","isPartOf":{"@id":"https:\/\/diariodeloeste.com\/noticias\/#website"},"primaryImageOfPage":{"@id":"https:\/\/diariodeloeste.com\/noticias\/2019\/09\/13\/la-bicicleteada-familiar-del-banco-ciudad-se-reprograma-para-el-domingo-29-de-septiembre\/#primaryimage"},"image":{"@id":"https:\/\/diariodeloeste.com\/noticias\/2019\/09\/13\/la-bicicleteada-familiar-del-banco-ciudad-se-reprograma-para-el-domingo-29-de-septiembre\/#primaryimage"},"thumbnailUrl":"https:\/\/diariodeloeste.com\/noticias\/wp-content\/uploads\/2019\/09\/Bicicleteada2.jpg","datePublished":"2019-09-13T16:53:16+00:00","breadcrumb":{"@id":"https:\/\/diariodeloeste.com\/noticias\/2019\/09\/13\/la-bicicleteada-familiar-del-banco-ciudad-se-reprograma-para-el-domingo-29-de-septiembre\/#breadcrumb"},"inLanguage":"es-AR","potentialAction":[{"@type":"ReadAction","target":["https:\/\/diariodeloeste.com\/noticias\/2019\/09\/13\/la-bicicleteada-familiar-del-banco-ciudad-se-reprograma-para-el-domingo-29-de-septiembre\/"]}]},{"@type":"ImageObject","inLanguage":"es-AR","@id":"https:\/\/diariodeloeste.com\/noticias\/2019\/09\/13\/la-bicicleteada-familiar-del-banco-ciudad-se-reprograma-para-el-domingo-29-de-septiembre\/#primaryimage","url":"https:\/\/diariodeloeste.com\/noticias\/wp-content\/uploads\/2019\/09\/Bicicleteada2.jpg","contentUrl":"https:\/\/diariodeloeste.com\/noticias\/wp-content\/uploads\/2019\/09\/Bicicleteada2.jpg","width":3223,"height":2375},{"@type":"BreadcrumbList","@id":"https:\/\/diariodeloeste.com\/noticias\/2019\/09\/13\/la-bicicleteada-familiar-del-banco-ciudad-se-reprograma-para-el-domingo-29-de-septiembre\/#breadcrumb","itemListElement":[{"@type":"ListItem","position":1,"name":"Inicio","item":"https:\/\/diariodeloeste.com\/noticias\/"},{"@type":"ListItem","position":2,"name":"LA BICICLETEADA FAMILIAR DEL BANCO CIUDAD SE REPROGRAMA PARA EL DOMINGO 29 DE SEPTIEMBRE"}]},{"@type":"WebSite","@id":"https:\/\/diariodeloeste.com\/noticias\/#website","url":"https:\/\/diariodeloeste.com\/noticias\/","name":"Diario del Oeste","description":"Noticias del Oeste","publisher":{"@id":"https:\/\/diariodeloeste.com\/noticias\/#organization"},"potentialAction":[{"@type":"SearchAction","target":{"@type":"EntryPoint","urlTemplate":"https:\/\/diariodeloeste.com\/noticias\/?s={search_term_string}"},"query-input":{"@type":"PropertyValueSpecification","valueRequired":true,"valueName":"search_term_string"}}],"inLanguage":"es-AR"},{"@type":"Organization","@id":"https:\/\/diariodeloeste.com\/noticias\/#organization","name":"Diario del Oeste","url":"https:\/\/diariodeloeste.com\/noticias\/","logo":{"@type":"ImageObject","inLanguage":"es-AR","@id":"https:\/\/diariodeloeste.com\/noticias\/#\/schema\/logo\/image\/","url":"https:\/\/diariodeloeste.com\/noticias\/wp-content\/uploads\/2019\/04\/logo.png","contentUrl":"https:\/\/diariodeloeste.com\/noticias\/wp-content\/uploads\/2019\/04\/logo.png","width":306,"height":145,"caption":"Diario del Oeste"},"image":{"@id":"https:\/\/diariodeloeste.com\/noticias\/#\/schema\/logo\/image\/"}},{"@type":"Person","@id":"https:\/\/diariodeloeste.com\/noticias\/#\/schema\/person\/1f7be965f8c093432e1cbfcee0ac4047","name":"Redaccion","image":{"@type":"ImageObject","inLanguage":"es-AR","@id":"https:\/\/secure.gravatar.com\/avatar\/f9bc3a12e26b32d818d88f9a5b61de20b559752e499df507efa7ea3cea0550ef?s=96&d=mm&r=g","url":"https:\/\/secure.gravatar.com\/avatar\/f9bc3a12e26b32d818d88f9a5b61de20b559752e499df507efa7ea3cea0550ef?s=96&d=mm&r=g","contentUrl":"https:\/\/secure.gravatar.com\/avatar\/f9bc3a12e26b32d818d88f9a5b61de20b559752e499df507efa7ea3cea0550ef?s=96&d=mm&r=g","caption":"Redaccion"},"url":"https:\/\/diariodeloeste.com\/noticias\/author\/redaccion\/"}]}},"_links":{"self":[{"href":"https:\/\/diariodeloeste.com\/noticias\/wp-json\/wp\/v2\/posts\/4872","targetHints":{"allow":["GET"]}}],"collection":[{"href":"https:\/\/diariodeloeste.com\/noticias\/wp-json\/wp\/v2\/posts"}],"about":[{"href":"https:\/\/diariodeloeste.com\/noticias\/wp-json\/wp\/v2\/types\/post"}],"author":[{"embeddable":true,"href":"https:\/\/diariodeloeste.com\/noticias\/wp-json\/wp\/v2\/users\/3"}],"replies":[{"embeddable":true,"href":"https:\/\/diariodeloeste.com\/noticias\/wp-json\/wp\/v2\/comments?post=4872"}],"version-history":[{"count":1,"href":"https:\/\/diariodeloeste.com\/noticias\/wp-json\/wp\/v2\/posts\/4872\/revisions"}],"predecessor-version":[{"id":4874,"href":"https:\/\/diariodeloeste.com\/noticias\/wp-json\/wp\/v2\/posts\/4872\/revisions\/4874"}],"wp:featuredmedia":[{"embeddable":true,"href":"https:\/\/diariodeloeste.com\/noticias\/wp-json\/wp\/v2\/media\/4873"}],"wp:attachment":[{"href":"https:\/\/diariodeloeste.com\/noticias\/wp-json\/wp\/v2\/media?parent=4872"}],"wp:term":[{"taxonomy":"category","embeddable":true,"href":"https:\/\/diariodeloeste.com\/noticias\/wp-json\/wp\/v2\/categories?post=4872"},{"taxonomy":"post_tag","embeddable":true,"href":"https:\/\/diariodeloeste.com\/noticias\/wp-json\/wp\/v2\/tags?post=4872"}],"curies":[{"name":"wp","href":"https:\/\/api.w.org\/{rel}","templated":true}]}}