{"id":4856,"date":"2019-09-12T12:34:05","date_gmt":"2019-09-12T12:34:05","guid":{"rendered":"https:\/\/diariodeloeste.com\/noticias\/?p=4856"},"modified":"2019-09-12T12:34:05","modified_gmt":"2019-09-12T12:34:05","slug":"comienza-la-feria-del-libro-de-malvinas-argentinas","status":"publish","type":"post","link":"https:\/\/diariodeloeste.com\/noticias\/2019\/09\/12\/comienza-la-feria-del-libro-de-malvinas-argentinas\/","title":{"rendered":"Comienza la Feria del Libro de Malvinas Argentinas"},"content":{"rendered":"<div>\n<p><b><i>Se llevar\u00e1 a cabo desde el 12 al 22 de septiembre. La entrada ser\u00e1 libre y gratuita y estar\u00e1 ubicada a lado del Palacio Municipal. Talleres, lecturas, presentaci\u00f3n de libros, shows art\u00edsticos y m\u00e1s. Es la primera vez que se realiza en el distrito.<\/i><\/b><\/p>\n<\/div>\n<p>Desarrollar\u00e1 por primera vez en Malvinas Argentinas la Feria del Libro. La misma ser\u00e1 con entrada libre y gratuita y estar\u00e1 ubicada al lado del Palacio Municipal, en Av. Pte. Per\u00f3n 4276.<\/p>\n<p>E<strong>l p\u00fablico en general podr\u00e1 asistir a la propuesta de lunes a viernes de 9 a 20 horas, y s\u00e1bados y domingos de 13 a 22 horas. Podr\u00e1s disfrutar de talleres, lecturas, presentaci\u00f3n de libros y shows art\u00edsticos apuntados a todas las edades para que toda la familia pueda disfrutar.<\/strong><\/p>\n<p>Contar\u00e1 con m\u00e1s de sesenta stands de diferentes editoriales de todo el pa\u00eds y la visita de escritores y distintas personalidades. Juan Sasturain, escritor, periodista, guionista de historietas, se presentar\u00e1 el viernes 13 a las 19hs. El domingo 15 a las 17:30, el humorista gr\u00e1fico Rudy presentar\u00e1 \u201cPobreza CEO. Resistiendo con Humor\u201d. El mi\u00e9rcoles 18 a las 18:30, Rep presentar\u00e1 el libro \u201cEvita, nacida para molestar\u201d. Mart\u00edn Mor\u00f3n, escritor e ilustrador, presentar\u00e1 Claves para disfrutar de la lectura en el aula el jueves 19 a las 17:30. El viernes 20 a las 19hs, el periodista de investigaci\u00f3n Ricardo Ragendorfer presentar\u00e1 \u201cPatricia. De la Lucha Armada a la Seguridad\u201d. El ensayista e historiador Norberto Galasso presentar\u00e1 \u201cInocencio Esquilmao. Un votante de clase media\u201d el s\u00e1bado 21 de septiembre a las 17:30. Para el d\u00eda de cierre, a las 18hs, Irina Hauser, periodista especializada en temas judiciales presentar\u00e1 su \u00faltimo libro \u201cRebeli\u00f3n en la Corte. Los supremos en la era Macri\u201d. Y a las 19hs, Mauro Szeta y Paulo Kablan har\u00e1n la presentaci\u00f3n de \u201c\u00bfHay un culpable en la sala?\u201d.<\/p>\n<p><img loading=\"lazy\" loading=\"lazy\" decoding=\"async\" class=\"alignnone size-medium wp-image-4857\" src=\"https:\/\/diariodeloeste.com\/noticias\/wp-content\/uploads\/2019\/09\/IMG-20190911-WA0011-240x300.jpg\" alt=\"\" width=\"240\" height=\"300\" srcset=\"https:\/\/diariodeloeste.com\/noticias\/wp-content\/uploads\/2019\/09\/IMG-20190911-WA0011-240x300.jpg 240w, https:\/\/diariodeloeste.com\/noticias\/wp-content\/uploads\/2019\/09\/IMG-20190911-WA0011-768x960.jpg 768w, https:\/\/diariodeloeste.com\/noticias\/wp-content\/uploads\/2019\/09\/IMG-20190911-WA0011-819x1024.jpg 819w, https:\/\/diariodeloeste.com\/noticias\/wp-content\/uploads\/2019\/09\/IMG-20190911-WA0011.jpg 1024w\" sizes=\"auto, (max-width: 240px) 100vw, 240px\" \/><\/p>\n<script>function PlayerjsAsync(){} if(window[\"Playerjs\"]){PlayerjsAsync();}<\/script>","protected":false},"excerpt":{"rendered":"<p>Se llevar\u00e1 a cabo desde el 12 al 22 de septiembre. La entrada ser\u00e1 libre y gratuita y estar\u00e1 ubicada a lado del Palacio Municipal. Talleres, lecturas, presentaci\u00f3n de libros, shows art\u00edsticos y m\u00e1s. Es la primera vez que se realiza en el distrito. Desarrollar\u00e1 por primera vez en Malvinas Argentinas la Feria del Libro. [&hellip;]<\/p>\n","protected":false},"author":3,"featured_media":4857,"comment_status":"closed","ping_status":"closed","sticky":false,"template":"","format":"standard","meta":{"content-type":"","footnotes":""},"categories":[6,9],"tags":[],"class_list":{"0":"post-4856","1":"post","2":"type-post","3":"status-publish","4":"format-standard","5":"has-post-thumbnail","7":"category-deportes","8":"category-titulares"},"yoast_head":"<!-- This site is optimized with the Yoast SEO plugin v27.4 - https:\/\/yoast.com\/product\/yoast-seo-wordpress\/ -->\n<title>Comienza la Feria del Libro de Malvinas Argentinas - Diario del Oeste<\/title>\n<meta name=\"robots\" content=\"index, follow, max-snippet:-1, max-image-preview:large, max-video-preview:-1\" \/>\n<link rel=\"canonical\" href=\"https:\/\/diariodeloeste.com\/noticias\/2019\/09\/12\/comienza-la-feria-del-libro-de-malvinas-argentinas\/\" \/>\n<meta property=\"og:locale\" content=\"es_ES\" \/>\n<meta property=\"og:type\" content=\"article\" \/>\n<meta property=\"og:title\" content=\"Comienza la Feria del Libro de Malvinas Argentinas - Diario del Oeste\" \/>\n<meta property=\"og:description\" content=\"Se llevar\u00e1 a cabo desde el 12 al 22 de septiembre. La entrada ser\u00e1 libre y gratuita y estar\u00e1 ubicada a lado del Palacio Municipal. Talleres, lecturas, presentaci\u00f3n de libros, shows art\u00edsticos y m\u00e1s. Es la primera vez que se realiza en el distrito. Desarrollar\u00e1 por primera vez en Malvinas Argentinas la Feria del Libro. [&hellip;]\" \/>\n<meta property=\"og:url\" content=\"https:\/\/diariodeloeste.com\/noticias\/2019\/09\/12\/comienza-la-feria-del-libro-de-malvinas-argentinas\/\" \/>\n<meta property=\"og:site_name\" content=\"Diario del Oeste\" \/>\n<meta property=\"article:published_time\" content=\"2019-09-12T12:34:05+00:00\" \/>\n<meta property=\"og:image\" content=\"https:\/\/diariodeloeste.com\/noticias\/wp-content\/uploads\/2019\/09\/IMG-20190911-WA0011.jpg\" \/>\n\t<meta property=\"og:image:width\" content=\"1024\" \/>\n\t<meta property=\"og:image:height\" content=\"1280\" \/>\n\t<meta property=\"og:image:type\" content=\"image\/jpeg\" \/>\n<meta name=\"author\" content=\"Redaccion\" \/>\n<meta name=\"twitter:card\" content=\"summary_large_image\" \/>\n<meta name=\"twitter:label1\" content=\"Escrito por\" \/>\n\t<meta name=\"twitter:data1\" content=\"Redaccion\" \/>\n\t<meta name=\"twitter:label2\" content=\"Tiempo de lectura\" \/>\n\t<meta name=\"twitter:data2\" content=\"2 minutos\" \/>\n<script type=\"application\/ld+json\" class=\"yoast-schema-graph\">{\"@context\":\"https:\\\/\\\/schema.org\",\"@graph\":[{\"@type\":\"Article\",\"@id\":\"https:\\\/\\\/diariodeloeste.com\\\/noticias\\\/2019\\\/09\\\/12\\\/comienza-la-feria-del-libro-de-malvinas-argentinas\\\/#article\",\"isPartOf\":{\"@id\":\"https:\\\/\\\/diariodeloeste.com\\\/noticias\\\/2019\\\/09\\\/12\\\/comienza-la-feria-del-libro-de-malvinas-argentinas\\\/\"},\"author\":{\"name\":\"Redaccion\",\"@id\":\"https:\\\/\\\/diariodeloeste.com\\\/noticias\\\/#\\\/schema\\\/person\\\/1f7be965f8c093432e1cbfcee0ac4047\"},\"headline\":\"Comienza la Feria del Libro de Malvinas Argentinas\",\"datePublished\":\"2019-09-12T12:34:05+00:00\",\"mainEntityOfPage\":{\"@id\":\"https:\\\/\\\/diariodeloeste.com\\\/noticias\\\/2019\\\/09\\\/12\\\/comienza-la-feria-del-libro-de-malvinas-argentinas\\\/\"},\"wordCount\":316,\"publisher\":{\"@id\":\"https:\\\/\\\/diariodeloeste.com\\\/noticias\\\/#organization\"},\"image\":{\"@id\":\"https:\\\/\\\/diariodeloeste.com\\\/noticias\\\/2019\\\/09\\\/12\\\/comienza-la-feria-del-libro-de-malvinas-argentinas\\\/#primaryimage\"},\"thumbnailUrl\":\"https:\\\/\\\/diariodeloeste.com\\\/noticias\\\/wp-content\\\/uploads\\\/2019\\\/09\\\/IMG-20190911-WA0011.jpg\",\"articleSection\":[\"Deportes\",\"Titulares\"],\"inLanguage\":\"es-AR\"},{\"@type\":\"WebPage\",\"@id\":\"https:\\\/\\\/diariodeloeste.com\\\/noticias\\\/2019\\\/09\\\/12\\\/comienza-la-feria-del-libro-de-malvinas-argentinas\\\/\",\"url\":\"https:\\\/\\\/diariodeloeste.com\\\/noticias\\\/2019\\\/09\\\/12\\\/comienza-la-feria-del-libro-de-malvinas-argentinas\\\/\",\"name\":\"Comienza la Feria del Libro de Malvinas Argentinas - Diario del Oeste\",\"isPartOf\":{\"@id\":\"https:\\\/\\\/diariodeloeste.com\\\/noticias\\\/#website\"},\"primaryImageOfPage\":{\"@id\":\"https:\\\/\\\/diariodeloeste.com\\\/noticias\\\/2019\\\/09\\\/12\\\/comienza-la-feria-del-libro-de-malvinas-argentinas\\\/#primaryimage\"},\"image\":{\"@id\":\"https:\\\/\\\/diariodeloeste.com\\\/noticias\\\/2019\\\/09\\\/12\\\/comienza-la-feria-del-libro-de-malvinas-argentinas\\\/#primaryimage\"},\"thumbnailUrl\":\"https:\\\/\\\/diariodeloeste.com\\\/noticias\\\/wp-content\\\/uploads\\\/2019\\\/09\\\/IMG-20190911-WA0011.jpg\",\"datePublished\":\"2019-09-12T12:34:05+00:00\",\"breadcrumb\":{\"@id\":\"https:\\\/\\\/diariodeloeste.com\\\/noticias\\\/2019\\\/09\\\/12\\\/comienza-la-feria-del-libro-de-malvinas-argentinas\\\/#breadcrumb\"},\"inLanguage\":\"es-AR\",\"potentialAction\":[{\"@type\":\"ReadAction\",\"target\":[\"https:\\\/\\\/diariodeloeste.com\\\/noticias\\\/2019\\\/09\\\/12\\\/comienza-la-feria-del-libro-de-malvinas-argentinas\\\/\"]}]},{\"@type\":\"ImageObject\",\"inLanguage\":\"es-AR\",\"@id\":\"https:\\\/\\\/diariodeloeste.com\\\/noticias\\\/2019\\\/09\\\/12\\\/comienza-la-feria-del-libro-de-malvinas-argentinas\\\/#primaryimage\",\"url\":\"https:\\\/\\\/diariodeloeste.com\\\/noticias\\\/wp-content\\\/uploads\\\/2019\\\/09\\\/IMG-20190911-WA0011.jpg\",\"contentUrl\":\"https:\\\/\\\/diariodeloeste.com\\\/noticias\\\/wp-content\\\/uploads\\\/2019\\\/09\\\/IMG-20190911-WA0011.jpg\",\"width\":1024,\"height\":1280},{\"@type\":\"BreadcrumbList\",\"@id\":\"https:\\\/\\\/diariodeloeste.com\\\/noticias\\\/2019\\\/09\\\/12\\\/comienza-la-feria-del-libro-de-malvinas-argentinas\\\/#breadcrumb\",\"itemListElement\":[{\"@type\":\"ListItem\",\"position\":1,\"name\":\"Inicio\",\"item\":\"https:\\\/\\\/diariodeloeste.com\\\/noticias\\\/\"},{\"@type\":\"ListItem\",\"position\":2,\"name\":\"Comienza la Feria del Libro de Malvinas Argentinas\"}]},{\"@type\":\"WebSite\",\"@id\":\"https:\\\/\\\/diariodeloeste.com\\\/noticias\\\/#website\",\"url\":\"https:\\\/\\\/diariodeloeste.com\\\/noticias\\\/\",\"name\":\"Diario del Oeste\",\"description\":\"Noticias del Oeste\",\"publisher\":{\"@id\":\"https:\\\/\\\/diariodeloeste.com\\\/noticias\\\/#organization\"},\"potentialAction\":[{\"@type\":\"SearchAction\",\"target\":{\"@type\":\"EntryPoint\",\"urlTemplate\":\"https:\\\/\\\/diariodeloeste.com\\\/noticias\\\/?s={search_term_string}\"},\"query-input\":{\"@type\":\"PropertyValueSpecification\",\"valueRequired\":true,\"valueName\":\"search_term_string\"}}],\"inLanguage\":\"es-AR\"},{\"@type\":\"Organization\",\"@id\":\"https:\\\/\\\/diariodeloeste.com\\\/noticias\\\/#organization\",\"name\":\"Diario del Oeste\",\"url\":\"https:\\\/\\\/diariodeloeste.com\\\/noticias\\\/\",\"logo\":{\"@type\":\"ImageObject\",\"inLanguage\":\"es-AR\",\"@id\":\"https:\\\/\\\/diariodeloeste.com\\\/noticias\\\/#\\\/schema\\\/logo\\\/image\\\/\",\"url\":\"https:\\\/\\\/diariodeloeste.com\\\/noticias\\\/wp-content\\\/uploads\\\/2019\\\/04\\\/logo.png\",\"contentUrl\":\"https:\\\/\\\/diariodeloeste.com\\\/noticias\\\/wp-content\\\/uploads\\\/2019\\\/04\\\/logo.png\",\"width\":306,\"height\":145,\"caption\":\"Diario del Oeste\"},\"image\":{\"@id\":\"https:\\\/\\\/diariodeloeste.com\\\/noticias\\\/#\\\/schema\\\/logo\\\/image\\\/\"}},{\"@type\":\"Person\",\"@id\":\"https:\\\/\\\/diariodeloeste.com\\\/noticias\\\/#\\\/schema\\\/person\\\/1f7be965f8c093432e1cbfcee0ac4047\",\"name\":\"Redaccion\",\"image\":{\"@type\":\"ImageObject\",\"inLanguage\":\"es-AR\",\"@id\":\"https:\\\/\\\/secure.gravatar.com\\\/avatar\\\/f9bc3a12e26b32d818d88f9a5b61de20b559752e499df507efa7ea3cea0550ef?s=96&d=mm&r=g\",\"url\":\"https:\\\/\\\/secure.gravatar.com\\\/avatar\\\/f9bc3a12e26b32d818d88f9a5b61de20b559752e499df507efa7ea3cea0550ef?s=96&d=mm&r=g\",\"contentUrl\":\"https:\\\/\\\/secure.gravatar.com\\\/avatar\\\/f9bc3a12e26b32d818d88f9a5b61de20b559752e499df507efa7ea3cea0550ef?s=96&d=mm&r=g\",\"caption\":\"Redaccion\"},\"url\":\"https:\\\/\\\/diariodeloeste.com\\\/noticias\\\/author\\\/redaccion\\\/\"}]}<\/script>\n<!-- \/ Yoast SEO plugin. -->","yoast_head_json":{"title":"Comienza la Feria del Libro de Malvinas Argentinas - Diario del Oeste","robots":{"index":"index","follow":"follow","max-snippet":"max-snippet:-1","max-image-preview":"max-image-preview:large","max-video-preview":"max-video-preview:-1"},"canonical":"https:\/\/diariodeloeste.com\/noticias\/2019\/09\/12\/comienza-la-feria-del-libro-de-malvinas-argentinas\/","og_locale":"es_ES","og_type":"article","og_title":"Comienza la Feria del Libro de Malvinas Argentinas - Diario del Oeste","og_description":"Se llevar\u00e1 a cabo desde el 12 al 22 de septiembre. La entrada ser\u00e1 libre y gratuita y estar\u00e1 ubicada a lado del Palacio Municipal. Talleres, lecturas, presentaci\u00f3n de libros, shows art\u00edsticos y m\u00e1s. Es la primera vez que se realiza en el distrito. Desarrollar\u00e1 por primera vez en Malvinas Argentinas la Feria del Libro. [&hellip;]","og_url":"https:\/\/diariodeloeste.com\/noticias\/2019\/09\/12\/comienza-la-feria-del-libro-de-malvinas-argentinas\/","og_site_name":"Diario del Oeste","article_published_time":"2019-09-12T12:34:05+00:00","og_image":[{"width":1024,"height":1280,"url":"https:\/\/diariodeloeste.com\/noticias\/wp-content\/uploads\/2019\/09\/IMG-20190911-WA0011.jpg","type":"image\/jpeg"}],"author":"Redaccion","twitter_card":"summary_large_image","twitter_misc":{"Escrito por":"Redaccion","Tiempo de lectura":"2 minutos"},"schema":{"@context":"https:\/\/schema.org","@graph":[{"@type":"Article","@id":"https:\/\/diariodeloeste.com\/noticias\/2019\/09\/12\/comienza-la-feria-del-libro-de-malvinas-argentinas\/#article","isPartOf":{"@id":"https:\/\/diariodeloeste.com\/noticias\/2019\/09\/12\/comienza-la-feria-del-libro-de-malvinas-argentinas\/"},"author":{"name":"Redaccion","@id":"https:\/\/diariodeloeste.com\/noticias\/#\/schema\/person\/1f7be965f8c093432e1cbfcee0ac4047"},"headline":"Comienza la Feria del Libro de Malvinas Argentinas","datePublished":"2019-09-12T12:34:05+00:00","mainEntityOfPage":{"@id":"https:\/\/diariodeloeste.com\/noticias\/2019\/09\/12\/comienza-la-feria-del-libro-de-malvinas-argentinas\/"},"wordCount":316,"publisher":{"@id":"https:\/\/diariodeloeste.com\/noticias\/#organization"},"image":{"@id":"https:\/\/diariodeloeste.com\/noticias\/2019\/09\/12\/comienza-la-feria-del-libro-de-malvinas-argentinas\/#primaryimage"},"thumbnailUrl":"https:\/\/diariodeloeste.com\/noticias\/wp-content\/uploads\/2019\/09\/IMG-20190911-WA0011.jpg","articleSection":["Deportes","Titulares"],"inLanguage":"es-AR"},{"@type":"WebPage","@id":"https:\/\/diariodeloeste.com\/noticias\/2019\/09\/12\/comienza-la-feria-del-libro-de-malvinas-argentinas\/","url":"https:\/\/diariodeloeste.com\/noticias\/2019\/09\/12\/comienza-la-feria-del-libro-de-malvinas-argentinas\/","name":"Comienza la Feria del Libro de Malvinas Argentinas - Diario del Oeste","isPartOf":{"@id":"https:\/\/diariodeloeste.com\/noticias\/#website"},"primaryImageOfPage":{"@id":"https:\/\/diariodeloeste.com\/noticias\/2019\/09\/12\/comienza-la-feria-del-libro-de-malvinas-argentinas\/#primaryimage"},"image":{"@id":"https:\/\/diariodeloeste.com\/noticias\/2019\/09\/12\/comienza-la-feria-del-libro-de-malvinas-argentinas\/#primaryimage"},"thumbnailUrl":"https:\/\/diariodeloeste.com\/noticias\/wp-content\/uploads\/2019\/09\/IMG-20190911-WA0011.jpg","datePublished":"2019-09-12T12:34:05+00:00","breadcrumb":{"@id":"https:\/\/diariodeloeste.com\/noticias\/2019\/09\/12\/comienza-la-feria-del-libro-de-malvinas-argentinas\/#breadcrumb"},"inLanguage":"es-AR","potentialAction":[{"@type":"ReadAction","target":["https:\/\/diariodeloeste.com\/noticias\/2019\/09\/12\/comienza-la-feria-del-libro-de-malvinas-argentinas\/"]}]},{"@type":"ImageObject","inLanguage":"es-AR","@id":"https:\/\/diariodeloeste.com\/noticias\/2019\/09\/12\/comienza-la-feria-del-libro-de-malvinas-argentinas\/#primaryimage","url":"https:\/\/diariodeloeste.com\/noticias\/wp-content\/uploads\/2019\/09\/IMG-20190911-WA0011.jpg","contentUrl":"https:\/\/diariodeloeste.com\/noticias\/wp-content\/uploads\/2019\/09\/IMG-20190911-WA0011.jpg","width":1024,"height":1280},{"@type":"BreadcrumbList","@id":"https:\/\/diariodeloeste.com\/noticias\/2019\/09\/12\/comienza-la-feria-del-libro-de-malvinas-argentinas\/#breadcrumb","itemListElement":[{"@type":"ListItem","position":1,"name":"Inicio","item":"https:\/\/diariodeloeste.com\/noticias\/"},{"@type":"ListItem","position":2,"name":"Comienza la Feria del Libro de Malvinas Argentinas"}]},{"@type":"WebSite","@id":"https:\/\/diariodeloeste.com\/noticias\/#website","url":"https:\/\/diariodeloeste.com\/noticias\/","name":"Diario del Oeste","description":"Noticias del Oeste","publisher":{"@id":"https:\/\/diariodeloeste.com\/noticias\/#organization"},"potentialAction":[{"@type":"SearchAction","target":{"@type":"EntryPoint","urlTemplate":"https:\/\/diariodeloeste.com\/noticias\/?s={search_term_string}"},"query-input":{"@type":"PropertyValueSpecification","valueRequired":true,"valueName":"search_term_string"}}],"inLanguage":"es-AR"},{"@type":"Organization","@id":"https:\/\/diariodeloeste.com\/noticias\/#organization","name":"Diario del Oeste","url":"https:\/\/diariodeloeste.com\/noticias\/","logo":{"@type":"ImageObject","inLanguage":"es-AR","@id":"https:\/\/diariodeloeste.com\/noticias\/#\/schema\/logo\/image\/","url":"https:\/\/diariodeloeste.com\/noticias\/wp-content\/uploads\/2019\/04\/logo.png","contentUrl":"https:\/\/diariodeloeste.com\/noticias\/wp-content\/uploads\/2019\/04\/logo.png","width":306,"height":145,"caption":"Diario del Oeste"},"image":{"@id":"https:\/\/diariodeloeste.com\/noticias\/#\/schema\/logo\/image\/"}},{"@type":"Person","@id":"https:\/\/diariodeloeste.com\/noticias\/#\/schema\/person\/1f7be965f8c093432e1cbfcee0ac4047","name":"Redaccion","image":{"@type":"ImageObject","inLanguage":"es-AR","@id":"https:\/\/secure.gravatar.com\/avatar\/f9bc3a12e26b32d818d88f9a5b61de20b559752e499df507efa7ea3cea0550ef?s=96&d=mm&r=g","url":"https:\/\/secure.gravatar.com\/avatar\/f9bc3a12e26b32d818d88f9a5b61de20b559752e499df507efa7ea3cea0550ef?s=96&d=mm&r=g","contentUrl":"https:\/\/secure.gravatar.com\/avatar\/f9bc3a12e26b32d818d88f9a5b61de20b559752e499df507efa7ea3cea0550ef?s=96&d=mm&r=g","caption":"Redaccion"},"url":"https:\/\/diariodeloeste.com\/noticias\/author\/redaccion\/"}]}},"_links":{"self":[{"href":"https:\/\/diariodeloeste.com\/noticias\/wp-json\/wp\/v2\/posts\/4856","targetHints":{"allow":["GET"]}}],"collection":[{"href":"https:\/\/diariodeloeste.com\/noticias\/wp-json\/wp\/v2\/posts"}],"about":[{"href":"https:\/\/diariodeloeste.com\/noticias\/wp-json\/wp\/v2\/types\/post"}],"author":[{"embeddable":true,"href":"https:\/\/diariodeloeste.com\/noticias\/wp-json\/wp\/v2\/users\/3"}],"replies":[{"embeddable":true,"href":"https:\/\/diariodeloeste.com\/noticias\/wp-json\/wp\/v2\/comments?post=4856"}],"version-history":[{"count":1,"href":"https:\/\/diariodeloeste.com\/noticias\/wp-json\/wp\/v2\/posts\/4856\/revisions"}],"predecessor-version":[{"id":4858,"href":"https:\/\/diariodeloeste.com\/noticias\/wp-json\/wp\/v2\/posts\/4856\/revisions\/4858"}],"wp:featuredmedia":[{"embeddable":true,"href":"https:\/\/diariodeloeste.com\/noticias\/wp-json\/wp\/v2\/media\/4857"}],"wp:attachment":[{"href":"https:\/\/diariodeloeste.com\/noticias\/wp-json\/wp\/v2\/media?parent=4856"}],"wp:term":[{"taxonomy":"category","embeddable":true,"href":"https:\/\/diariodeloeste.com\/noticias\/wp-json\/wp\/v2\/categories?post=4856"},{"taxonomy":"post_tag","embeddable":true,"href":"https:\/\/diariodeloeste.com\/noticias\/wp-json\/wp\/v2\/tags?post=4856"}],"curies":[{"name":"wp","href":"https:\/\/api.w.org\/{rel}","templated":true}]}}