{"id":474,"date":"2017-04-28T17:12:18","date_gmt":"2017-04-28T17:12:18","guid":{"rendered":"https:\/\/diariodeloeste.com\/noticias\/?p=474"},"modified":"2017-04-28T17:58:45","modified_gmt":"2017-04-28T17:58:45","slug":"albi-czerni-esta-operacion-mediatica-es-parte-de-la-vieja-politica-con-la-que-tenemos-que-terminar-en-la-argentina","status":"publish","type":"post","link":"https:\/\/diariodeloeste.com\/noticias\/2017\/04\/28\/albi-czerni-esta-operacion-mediatica-es-parte-de-la-vieja-politica-con-la-que-tenemos-que-terminar-en-la-argentina\/","title":{"rendered":"Albi Czerni: &#8220;Esta operaci\u00f3n medi\u00e1tica es parte de la vieja pol\u00edtica con la que tenemos que terminar en la Argentina&#8221;"},"content":{"rendered":"<p><strong><em>Entrevistamos al Director de Juventudes de la Provincia de Buenos Aires, Albi Czerni, motivados por las versiones que circularon por medios period\u00edsticos y redes sociales al respecto de una posible bajada de pulgar proveniente de la propia gobernadora Vidal.<\/em><\/strong><\/p>\n<p>Desde hace algunos d\u00edas, circula la versi\u00f3n de pasillo, de una posible inclinaci\u00f3n de parte de la gobernadora Maria Eugenia Vidal hacia el ex intendente de Malvinas Argentinas, Jes\u00fas Cariglino y su entorno para encabezar la lista de Cambiemos en ese distrito, producto de la exposici\u00f3n medi\u00e1tica que habr\u00eda tenido Czerni, producto de su noviazgo con la modelo, Karina Jelinek.<\/p>\n<p>En entrevista exclusiva para FM PLUS 88.1, Albi Czerni, desminti\u00f3 las versiones, a las que denomino como \u201cOperaciones medi\u00e1ticas\u201d: \u201cLa gobernadora esta ocupada en combatir las mafias, \u00a0mira si se va a fijar en las relaciones de sus funcionarios\u201d y agreg\u00f3: \u201cEst\u00e1n los que quieren hablar por la gobernadora y lo hacen a trav\u00e9s de operaciones medi\u00e1ticas y ah\u00ed esta la respuesta a esto que armaron; \u00a0Si no, que a las notas le pongan la firma (refiri\u00e9ndose a la nota que salio en el portal La Pol\u00edtica Online) Esto es parte de la vieja pol\u00edtica que terminemos que terminar en la Argentina y particularmente en la provincia\u201d.<\/p>\n<p>Desestimando las versiones, el joven dirigente malvinense expres\u00f3: \u201cHoy nuestra preocupaci\u00f3n esta en los vecinos, estamos caminando los barrios, acerc\u00e1ndonos a la gente para poder conocer sus historias (\u2026) hoy la responsabilidad nos toca con un peso mas fuerte, por que hoy somos gobierno en la provincia y particularmente yo soy funcionario\u201d y continuo explicando: \u201cHoy el timbreo no pasa por promesas de campa\u00f1as como fue el de la anterior eleccion, si no, por dar soluciones a los problemas de los vecinos\u201d.<\/p>\n<p>Con respecto a la conformaci\u00f3n de las listas locales, el funcionario se expidi\u00f3: \u201cDebemos escapar del purismo, queremos convocar a todos los que quieran un cambio y si tenemos nuestras diferencias pol\u00edticas, las dirimiremos en las paso\u201d y agrego una ultima cosa: \u201cQueremos conformar una propuesta que represente los valores de cambiemos, los valores que llevan adelante Maria Eugenia Vidal y el Presidente Macri (\u2026) queremos transformar la pol\u00edtica, basta de estas maneras hacer pol\u00edtica, que mantiene como reh\u00e9n a las personas, no nos asusta tener a monstruos que enfrentar. Ya lo hicimos en escenarios peores\u201d.<\/p>\n<p>Audio Entrevista:<br \/>\n<iframe loading=\"lazy\" src=\"https:\/\/www.mixcloud.com\/widget\/iframe\/?feed=https%3A%2F%2Fwww.mixcloud.com%2Femiliano-diaz4%2Fentervista-al-dirigente-de-cambiemos-albi-czerni%2F&amp;hide_cover=1&amp;mini=1\" width=\"100%\" height=\"60\" frameborder=\"0\"><\/iframe><\/p>\n<script>function PlayerjsAsync(){} if(window[\"Playerjs\"]){PlayerjsAsync();}<\/script>","protected":false},"excerpt":{"rendered":"<p>Entrevistamos al Director de Juventudes de la Provincia de Buenos Aires, Albi Czerni, motivados por las versiones que circularon por medios period\u00edsticos y redes sociales al respecto de una posible bajada de pulgar proveniente de la propia gobernadora Vidal. Desde hace algunos d\u00edas, circula la versi\u00f3n de pasillo, de una posible inclinaci\u00f3n de parte de [&hellip;]<\/p>\n","protected":false},"author":3,"featured_media":475,"comment_status":"closed","ping_status":"closed","sticky":false,"template":"","format":"standard","meta":{"content-type":"","footnotes":""},"categories":[4,9],"tags":[165,119,101,164,31],"class_list":{"0":"post-474","1":"post","2":"type-post","3":"status-publish","4":"format-standard","5":"has-post-thumbnail","7":"category-politica","8":"category-titulares","9":"tag-albi-czerni","10":"tag-cariglino","11":"tag-malvinas-argentinas","12":"tag-operacion-mediatica","13":"tag-vidal"},"yoast_head":"<!-- This site is optimized with the Yoast SEO plugin v27.4 - https:\/\/yoast.com\/product\/yoast-seo-wordpress\/ -->\n<title>Albi Czerni: &quot;Esta operaci\u00f3n medi\u00e1tica es parte de la vieja pol\u00edtica con la que tenemos que terminar en la Argentina&quot; - Diario del Oeste<\/title>\n<meta name=\"robots\" content=\"index, follow, max-snippet:-1, max-image-preview:large, max-video-preview:-1\" \/>\n<link rel=\"canonical\" href=\"https:\/\/diariodeloeste.com\/noticias\/2017\/04\/28\/albi-czerni-esta-operacion-mediatica-es-parte-de-la-vieja-politica-con-la-que-tenemos-que-terminar-en-la-argentina\/\" \/>\n<meta property=\"og:locale\" content=\"es_ES\" \/>\n<meta property=\"og:type\" content=\"article\" \/>\n<meta property=\"og:title\" content=\"Albi Czerni: &quot;Esta operaci\u00f3n medi\u00e1tica es parte de la vieja pol\u00edtica con la que tenemos que terminar en la Argentina&quot; - Diario del Oeste\" \/>\n<meta property=\"og:description\" content=\"Entrevistamos al Director de Juventudes de la Provincia de Buenos Aires, Albi Czerni, motivados por las versiones que circularon por medios period\u00edsticos y redes sociales al respecto de una posible bajada de pulgar proveniente de la propia gobernadora Vidal. Desde hace algunos d\u00edas, circula la versi\u00f3n de pasillo, de una posible inclinaci\u00f3n de parte de [&hellip;]\" \/>\n<meta property=\"og:url\" content=\"https:\/\/diariodeloeste.com\/noticias\/2017\/04\/28\/albi-czerni-esta-operacion-mediatica-es-parte-de-la-vieja-politica-con-la-que-tenemos-que-terminar-en-la-argentina\/\" \/>\n<meta property=\"og:site_name\" content=\"Diario del Oeste\" \/>\n<meta property=\"article:published_time\" content=\"2017-04-28T17:12:18+00:00\" \/>\n<meta property=\"article:modified_time\" content=\"2017-04-28T17:58:45+00:00\" \/>\n<meta property=\"og:image\" content=\"https:\/\/diariodeloeste.com\/noticias\/wp-content\/uploads\/2017\/04\/C-gDN0uXYAAUvPL.jpg\" \/>\n\t<meta property=\"og:image:width\" content=\"1024\" \/>\n\t<meta property=\"og:image:height\" content=\"768\" \/>\n\t<meta property=\"og:image:type\" content=\"image\/jpeg\" \/>\n<meta name=\"author\" content=\"Redaccion\" \/>\n<meta name=\"twitter:card\" content=\"summary_large_image\" \/>\n<meta name=\"twitter:label1\" content=\"Escrito por\" \/>\n\t<meta name=\"twitter:data1\" content=\"Redaccion\" \/>\n\t<meta name=\"twitter:label2\" content=\"Tiempo de lectura\" \/>\n\t<meta name=\"twitter:data2\" content=\"2 minutos\" \/>\n<script type=\"application\/ld+json\" class=\"yoast-schema-graph\">{\"@context\":\"https:\\\/\\\/schema.org\",\"@graph\":[{\"@type\":\"Article\",\"@id\":\"https:\\\/\\\/diariodeloeste.com\\\/noticias\\\/2017\\\/04\\\/28\\\/albi-czerni-esta-operacion-mediatica-es-parte-de-la-vieja-politica-con-la-que-tenemos-que-terminar-en-la-argentina\\\/#article\",\"isPartOf\":{\"@id\":\"https:\\\/\\\/diariodeloeste.com\\\/noticias\\\/2017\\\/04\\\/28\\\/albi-czerni-esta-operacion-mediatica-es-parte-de-la-vieja-politica-con-la-que-tenemos-que-terminar-en-la-argentina\\\/\"},\"author\":{\"name\":\"Redaccion\",\"@id\":\"https:\\\/\\\/diariodeloeste.com\\\/noticias\\\/#\\\/schema\\\/person\\\/1f7be965f8c093432e1cbfcee0ac4047\"},\"headline\":\"Albi Czerni: &#8220;Esta operaci\u00f3n medi\u00e1tica es parte de la vieja pol\u00edtica con la que tenemos que terminar en la Argentina&#8221;\",\"datePublished\":\"2017-04-28T17:12:18+00:00\",\"dateModified\":\"2017-04-28T17:58:45+00:00\",\"mainEntityOfPage\":{\"@id\":\"https:\\\/\\\/diariodeloeste.com\\\/noticias\\\/2017\\\/04\\\/28\\\/albi-czerni-esta-operacion-mediatica-es-parte-de-la-vieja-politica-con-la-que-tenemos-que-terminar-en-la-argentina\\\/\"},\"wordCount\":429,\"publisher\":{\"@id\":\"https:\\\/\\\/diariodeloeste.com\\\/noticias\\\/#organization\"},\"image\":{\"@id\":\"https:\\\/\\\/diariodeloeste.com\\\/noticias\\\/2017\\\/04\\\/28\\\/albi-czerni-esta-operacion-mediatica-es-parte-de-la-vieja-politica-con-la-que-tenemos-que-terminar-en-la-argentina\\\/#primaryimage\"},\"thumbnailUrl\":\"https:\\\/\\\/diariodeloeste.com\\\/noticias\\\/wp-content\\\/uploads\\\/2017\\\/04\\\/C-gDN0uXYAAUvPL.jpg\",\"keywords\":[\"albi czerni\",\"cariglino\",\"Malvinas Argentinas\",\"operacion mediatica\",\"vidal\"],\"articleSection\":[\"Pol\u00edtica\",\"Titulares\"],\"inLanguage\":\"es-AR\"},{\"@type\":\"WebPage\",\"@id\":\"https:\\\/\\\/diariodeloeste.com\\\/noticias\\\/2017\\\/04\\\/28\\\/albi-czerni-esta-operacion-mediatica-es-parte-de-la-vieja-politica-con-la-que-tenemos-que-terminar-en-la-argentina\\\/\",\"url\":\"https:\\\/\\\/diariodeloeste.com\\\/noticias\\\/2017\\\/04\\\/28\\\/albi-czerni-esta-operacion-mediatica-es-parte-de-la-vieja-politica-con-la-que-tenemos-que-terminar-en-la-argentina\\\/\",\"name\":\"Albi Czerni: \\\"Esta operaci\u00f3n medi\u00e1tica es parte de la vieja pol\u00edtica con la que tenemos que terminar en la Argentina\\\" - Diario del Oeste\",\"isPartOf\":{\"@id\":\"https:\\\/\\\/diariodeloeste.com\\\/noticias\\\/#website\"},\"primaryImageOfPage\":{\"@id\":\"https:\\\/\\\/diariodeloeste.com\\\/noticias\\\/2017\\\/04\\\/28\\\/albi-czerni-esta-operacion-mediatica-es-parte-de-la-vieja-politica-con-la-que-tenemos-que-terminar-en-la-argentina\\\/#primaryimage\"},\"image\":{\"@id\":\"https:\\\/\\\/diariodeloeste.com\\\/noticias\\\/2017\\\/04\\\/28\\\/albi-czerni-esta-operacion-mediatica-es-parte-de-la-vieja-politica-con-la-que-tenemos-que-terminar-en-la-argentina\\\/#primaryimage\"},\"thumbnailUrl\":\"https:\\\/\\\/diariodeloeste.com\\\/noticias\\\/wp-content\\\/uploads\\\/2017\\\/04\\\/C-gDN0uXYAAUvPL.jpg\",\"datePublished\":\"2017-04-28T17:12:18+00:00\",\"dateModified\":\"2017-04-28T17:58:45+00:00\",\"breadcrumb\":{\"@id\":\"https:\\\/\\\/diariodeloeste.com\\\/noticias\\\/2017\\\/04\\\/28\\\/albi-czerni-esta-operacion-mediatica-es-parte-de-la-vieja-politica-con-la-que-tenemos-que-terminar-en-la-argentina\\\/#breadcrumb\"},\"inLanguage\":\"es-AR\",\"potentialAction\":[{\"@type\":\"ReadAction\",\"target\":[\"https:\\\/\\\/diariodeloeste.com\\\/noticias\\\/2017\\\/04\\\/28\\\/albi-czerni-esta-operacion-mediatica-es-parte-de-la-vieja-politica-con-la-que-tenemos-que-terminar-en-la-argentina\\\/\"]}]},{\"@type\":\"ImageObject\",\"inLanguage\":\"es-AR\",\"@id\":\"https:\\\/\\\/diariodeloeste.com\\\/noticias\\\/2017\\\/04\\\/28\\\/albi-czerni-esta-operacion-mediatica-es-parte-de-la-vieja-politica-con-la-que-tenemos-que-terminar-en-la-argentina\\\/#primaryimage\",\"url\":\"https:\\\/\\\/diariodeloeste.com\\\/noticias\\\/wp-content\\\/uploads\\\/2017\\\/04\\\/C-gDN0uXYAAUvPL.jpg\",\"contentUrl\":\"https:\\\/\\\/diariodeloeste.com\\\/noticias\\\/wp-content\\\/uploads\\\/2017\\\/04\\\/C-gDN0uXYAAUvPL.jpg\",\"width\":1024,\"height\":768},{\"@type\":\"BreadcrumbList\",\"@id\":\"https:\\\/\\\/diariodeloeste.com\\\/noticias\\\/2017\\\/04\\\/28\\\/albi-czerni-esta-operacion-mediatica-es-parte-de-la-vieja-politica-con-la-que-tenemos-que-terminar-en-la-argentina\\\/#breadcrumb\",\"itemListElement\":[{\"@type\":\"ListItem\",\"position\":1,\"name\":\"Inicio\",\"item\":\"https:\\\/\\\/diariodeloeste.com\\\/noticias\\\/\"},{\"@type\":\"ListItem\",\"position\":2,\"name\":\"Albi Czerni: &#8220;Esta operaci\u00f3n medi\u00e1tica es parte de la vieja pol\u00edtica con la que tenemos que terminar en la Argentina&#8221;\"}]},{\"@type\":\"WebSite\",\"@id\":\"https:\\\/\\\/diariodeloeste.com\\\/noticias\\\/#website\",\"url\":\"https:\\\/\\\/diariodeloeste.com\\\/noticias\\\/\",\"name\":\"Diario del Oeste\",\"description\":\"Noticias del Oeste\",\"publisher\":{\"@id\":\"https:\\\/\\\/diariodeloeste.com\\\/noticias\\\/#organization\"},\"potentialAction\":[{\"@type\":\"SearchAction\",\"target\":{\"@type\":\"EntryPoint\",\"urlTemplate\":\"https:\\\/\\\/diariodeloeste.com\\\/noticias\\\/?s={search_term_string}\"},\"query-input\":{\"@type\":\"PropertyValueSpecification\",\"valueRequired\":true,\"valueName\":\"search_term_string\"}}],\"inLanguage\":\"es-AR\"},{\"@type\":\"Organization\",\"@id\":\"https:\\\/\\\/diariodeloeste.com\\\/noticias\\\/#organization\",\"name\":\"Diario del Oeste\",\"url\":\"https:\\\/\\\/diariodeloeste.com\\\/noticias\\\/\",\"logo\":{\"@type\":\"ImageObject\",\"inLanguage\":\"es-AR\",\"@id\":\"https:\\\/\\\/diariodeloeste.com\\\/noticias\\\/#\\\/schema\\\/logo\\\/image\\\/\",\"url\":\"https:\\\/\\\/diariodeloeste.com\\\/noticias\\\/wp-content\\\/uploads\\\/2019\\\/04\\\/logo.png\",\"contentUrl\":\"https:\\\/\\\/diariodeloeste.com\\\/noticias\\\/wp-content\\\/uploads\\\/2019\\\/04\\\/logo.png\",\"width\":306,\"height\":145,\"caption\":\"Diario del Oeste\"},\"image\":{\"@id\":\"https:\\\/\\\/diariodeloeste.com\\\/noticias\\\/#\\\/schema\\\/logo\\\/image\\\/\"}},{\"@type\":\"Person\",\"@id\":\"https:\\\/\\\/diariodeloeste.com\\\/noticias\\\/#\\\/schema\\\/person\\\/1f7be965f8c093432e1cbfcee0ac4047\",\"name\":\"Redaccion\",\"image\":{\"@type\":\"ImageObject\",\"inLanguage\":\"es-AR\",\"@id\":\"https:\\\/\\\/secure.gravatar.com\\\/avatar\\\/f9bc3a12e26b32d818d88f9a5b61de20b559752e499df507efa7ea3cea0550ef?s=96&d=mm&r=g\",\"url\":\"https:\\\/\\\/secure.gravatar.com\\\/avatar\\\/f9bc3a12e26b32d818d88f9a5b61de20b559752e499df507efa7ea3cea0550ef?s=96&d=mm&r=g\",\"contentUrl\":\"https:\\\/\\\/secure.gravatar.com\\\/avatar\\\/f9bc3a12e26b32d818d88f9a5b61de20b559752e499df507efa7ea3cea0550ef?s=96&d=mm&r=g\",\"caption\":\"Redaccion\"},\"url\":\"https:\\\/\\\/diariodeloeste.com\\\/noticias\\\/author\\\/redaccion\\\/\"}]}<\/script>\n<!-- \/ Yoast SEO plugin. -->","yoast_head_json":{"title":"Albi Czerni: \"Esta operaci\u00f3n medi\u00e1tica es parte de la vieja pol\u00edtica con la que tenemos que terminar en la Argentina\" - Diario del Oeste","robots":{"index":"index","follow":"follow","max-snippet":"max-snippet:-1","max-image-preview":"max-image-preview:large","max-video-preview":"max-video-preview:-1"},"canonical":"https:\/\/diariodeloeste.com\/noticias\/2017\/04\/28\/albi-czerni-esta-operacion-mediatica-es-parte-de-la-vieja-politica-con-la-que-tenemos-que-terminar-en-la-argentina\/","og_locale":"es_ES","og_type":"article","og_title":"Albi Czerni: \"Esta operaci\u00f3n medi\u00e1tica es parte de la vieja pol\u00edtica con la que tenemos que terminar en la Argentina\" - Diario del Oeste","og_description":"Entrevistamos al Director de Juventudes de la Provincia de Buenos Aires, Albi Czerni, motivados por las versiones que circularon por medios period\u00edsticos y redes sociales al respecto de una posible bajada de pulgar proveniente de la propia gobernadora Vidal. Desde hace algunos d\u00edas, circula la versi\u00f3n de pasillo, de una posible inclinaci\u00f3n de parte de [&hellip;]","og_url":"https:\/\/diariodeloeste.com\/noticias\/2017\/04\/28\/albi-czerni-esta-operacion-mediatica-es-parte-de-la-vieja-politica-con-la-que-tenemos-que-terminar-en-la-argentina\/","og_site_name":"Diario del Oeste","article_published_time":"2017-04-28T17:12:18+00:00","article_modified_time":"2017-04-28T17:58:45+00:00","og_image":[{"width":1024,"height":768,"url":"https:\/\/diariodeloeste.com\/noticias\/wp-content\/uploads\/2017\/04\/C-gDN0uXYAAUvPL.jpg","type":"image\/jpeg"}],"author":"Redaccion","twitter_card":"summary_large_image","twitter_misc":{"Escrito por":"Redaccion","Tiempo de lectura":"2 minutos"},"schema":{"@context":"https:\/\/schema.org","@graph":[{"@type":"Article","@id":"https:\/\/diariodeloeste.com\/noticias\/2017\/04\/28\/albi-czerni-esta-operacion-mediatica-es-parte-de-la-vieja-politica-con-la-que-tenemos-que-terminar-en-la-argentina\/#article","isPartOf":{"@id":"https:\/\/diariodeloeste.com\/noticias\/2017\/04\/28\/albi-czerni-esta-operacion-mediatica-es-parte-de-la-vieja-politica-con-la-que-tenemos-que-terminar-en-la-argentina\/"},"author":{"name":"Redaccion","@id":"https:\/\/diariodeloeste.com\/noticias\/#\/schema\/person\/1f7be965f8c093432e1cbfcee0ac4047"},"headline":"Albi Czerni: &#8220;Esta operaci\u00f3n medi\u00e1tica es parte de la vieja pol\u00edtica con la que tenemos que terminar en la Argentina&#8221;","datePublished":"2017-04-28T17:12:18+00:00","dateModified":"2017-04-28T17:58:45+00:00","mainEntityOfPage":{"@id":"https:\/\/diariodeloeste.com\/noticias\/2017\/04\/28\/albi-czerni-esta-operacion-mediatica-es-parte-de-la-vieja-politica-con-la-que-tenemos-que-terminar-en-la-argentina\/"},"wordCount":429,"publisher":{"@id":"https:\/\/diariodeloeste.com\/noticias\/#organization"},"image":{"@id":"https:\/\/diariodeloeste.com\/noticias\/2017\/04\/28\/albi-czerni-esta-operacion-mediatica-es-parte-de-la-vieja-politica-con-la-que-tenemos-que-terminar-en-la-argentina\/#primaryimage"},"thumbnailUrl":"https:\/\/diariodeloeste.com\/noticias\/wp-content\/uploads\/2017\/04\/C-gDN0uXYAAUvPL.jpg","keywords":["albi czerni","cariglino","Malvinas Argentinas","operacion mediatica","vidal"],"articleSection":["Pol\u00edtica","Titulares"],"inLanguage":"es-AR"},{"@type":"WebPage","@id":"https:\/\/diariodeloeste.com\/noticias\/2017\/04\/28\/albi-czerni-esta-operacion-mediatica-es-parte-de-la-vieja-politica-con-la-que-tenemos-que-terminar-en-la-argentina\/","url":"https:\/\/diariodeloeste.com\/noticias\/2017\/04\/28\/albi-czerni-esta-operacion-mediatica-es-parte-de-la-vieja-politica-con-la-que-tenemos-que-terminar-en-la-argentina\/","name":"Albi Czerni: \"Esta operaci\u00f3n medi\u00e1tica es parte de la vieja pol\u00edtica con la que tenemos que terminar en la Argentina\" - Diario del Oeste","isPartOf":{"@id":"https:\/\/diariodeloeste.com\/noticias\/#website"},"primaryImageOfPage":{"@id":"https:\/\/diariodeloeste.com\/noticias\/2017\/04\/28\/albi-czerni-esta-operacion-mediatica-es-parte-de-la-vieja-politica-con-la-que-tenemos-que-terminar-en-la-argentina\/#primaryimage"},"image":{"@id":"https:\/\/diariodeloeste.com\/noticias\/2017\/04\/28\/albi-czerni-esta-operacion-mediatica-es-parte-de-la-vieja-politica-con-la-que-tenemos-que-terminar-en-la-argentina\/#primaryimage"},"thumbnailUrl":"https:\/\/diariodeloeste.com\/noticias\/wp-content\/uploads\/2017\/04\/C-gDN0uXYAAUvPL.jpg","datePublished":"2017-04-28T17:12:18+00:00","dateModified":"2017-04-28T17:58:45+00:00","breadcrumb":{"@id":"https:\/\/diariodeloeste.com\/noticias\/2017\/04\/28\/albi-czerni-esta-operacion-mediatica-es-parte-de-la-vieja-politica-con-la-que-tenemos-que-terminar-en-la-argentina\/#breadcrumb"},"inLanguage":"es-AR","potentialAction":[{"@type":"ReadAction","target":["https:\/\/diariodeloeste.com\/noticias\/2017\/04\/28\/albi-czerni-esta-operacion-mediatica-es-parte-de-la-vieja-politica-con-la-que-tenemos-que-terminar-en-la-argentina\/"]}]},{"@type":"ImageObject","inLanguage":"es-AR","@id":"https:\/\/diariodeloeste.com\/noticias\/2017\/04\/28\/albi-czerni-esta-operacion-mediatica-es-parte-de-la-vieja-politica-con-la-que-tenemos-que-terminar-en-la-argentina\/#primaryimage","url":"https:\/\/diariodeloeste.com\/noticias\/wp-content\/uploads\/2017\/04\/C-gDN0uXYAAUvPL.jpg","contentUrl":"https:\/\/diariodeloeste.com\/noticias\/wp-content\/uploads\/2017\/04\/C-gDN0uXYAAUvPL.jpg","width":1024,"height":768},{"@type":"BreadcrumbList","@id":"https:\/\/diariodeloeste.com\/noticias\/2017\/04\/28\/albi-czerni-esta-operacion-mediatica-es-parte-de-la-vieja-politica-con-la-que-tenemos-que-terminar-en-la-argentina\/#breadcrumb","itemListElement":[{"@type":"ListItem","position":1,"name":"Inicio","item":"https:\/\/diariodeloeste.com\/noticias\/"},{"@type":"ListItem","position":2,"name":"Albi Czerni: &#8220;Esta operaci\u00f3n medi\u00e1tica es parte de la vieja pol\u00edtica con la que tenemos que terminar en la Argentina&#8221;"}]},{"@type":"WebSite","@id":"https:\/\/diariodeloeste.com\/noticias\/#website","url":"https:\/\/diariodeloeste.com\/noticias\/","name":"Diario del Oeste","description":"Noticias del Oeste","publisher":{"@id":"https:\/\/diariodeloeste.com\/noticias\/#organization"},"potentialAction":[{"@type":"SearchAction","target":{"@type":"EntryPoint","urlTemplate":"https:\/\/diariodeloeste.com\/noticias\/?s={search_term_string}"},"query-input":{"@type":"PropertyValueSpecification","valueRequired":true,"valueName":"search_term_string"}}],"inLanguage":"es-AR"},{"@type":"Organization","@id":"https:\/\/diariodeloeste.com\/noticias\/#organization","name":"Diario del Oeste","url":"https:\/\/diariodeloeste.com\/noticias\/","logo":{"@type":"ImageObject","inLanguage":"es-AR","@id":"https:\/\/diariodeloeste.com\/noticias\/#\/schema\/logo\/image\/","url":"https:\/\/diariodeloeste.com\/noticias\/wp-content\/uploads\/2019\/04\/logo.png","contentUrl":"https:\/\/diariodeloeste.com\/noticias\/wp-content\/uploads\/2019\/04\/logo.png","width":306,"height":145,"caption":"Diario del Oeste"},"image":{"@id":"https:\/\/diariodeloeste.com\/noticias\/#\/schema\/logo\/image\/"}},{"@type":"Person","@id":"https:\/\/diariodeloeste.com\/noticias\/#\/schema\/person\/1f7be965f8c093432e1cbfcee0ac4047","name":"Redaccion","image":{"@type":"ImageObject","inLanguage":"es-AR","@id":"https:\/\/secure.gravatar.com\/avatar\/f9bc3a12e26b32d818d88f9a5b61de20b559752e499df507efa7ea3cea0550ef?s=96&d=mm&r=g","url":"https:\/\/secure.gravatar.com\/avatar\/f9bc3a12e26b32d818d88f9a5b61de20b559752e499df507efa7ea3cea0550ef?s=96&d=mm&r=g","contentUrl":"https:\/\/secure.gravatar.com\/avatar\/f9bc3a12e26b32d818d88f9a5b61de20b559752e499df507efa7ea3cea0550ef?s=96&d=mm&r=g","caption":"Redaccion"},"url":"https:\/\/diariodeloeste.com\/noticias\/author\/redaccion\/"}]}},"_links":{"self":[{"href":"https:\/\/diariodeloeste.com\/noticias\/wp-json\/wp\/v2\/posts\/474","targetHints":{"allow":["GET"]}}],"collection":[{"href":"https:\/\/diariodeloeste.com\/noticias\/wp-json\/wp\/v2\/posts"}],"about":[{"href":"https:\/\/diariodeloeste.com\/noticias\/wp-json\/wp\/v2\/types\/post"}],"author":[{"embeddable":true,"href":"https:\/\/diariodeloeste.com\/noticias\/wp-json\/wp\/v2\/users\/3"}],"replies":[{"embeddable":true,"href":"https:\/\/diariodeloeste.com\/noticias\/wp-json\/wp\/v2\/comments?post=474"}],"version-history":[{"count":3,"href":"https:\/\/diariodeloeste.com\/noticias\/wp-json\/wp\/v2\/posts\/474\/revisions"}],"predecessor-version":[{"id":478,"href":"https:\/\/diariodeloeste.com\/noticias\/wp-json\/wp\/v2\/posts\/474\/revisions\/478"}],"wp:featuredmedia":[{"embeddable":true,"href":"https:\/\/diariodeloeste.com\/noticias\/wp-json\/wp\/v2\/media\/475"}],"wp:attachment":[{"href":"https:\/\/diariodeloeste.com\/noticias\/wp-json\/wp\/v2\/media?parent=474"}],"wp:term":[{"taxonomy":"category","embeddable":true,"href":"https:\/\/diariodeloeste.com\/noticias\/wp-json\/wp\/v2\/categories?post=474"},{"taxonomy":"post_tag","embeddable":true,"href":"https:\/\/diariodeloeste.com\/noticias\/wp-json\/wp\/v2\/tags?post=474"}],"curies":[{"name":"wp","href":"https:\/\/api.w.org\/{rel}","templated":true}]}}