{"id":466,"date":"2017-04-28T13:33:00","date_gmt":"2017-04-28T13:33:00","guid":{"rendered":"https:\/\/diariodeloeste.com\/noticias\/?p=466"},"modified":"2017-04-28T13:33:00","modified_gmt":"2017-04-28T13:33:00","slug":"merlo-reunion-del-tribunal-de-cuentas-e-intendentes-de-la-provincia","status":"publish","type":"post","link":"https:\/\/diariodeloeste.com\/noticias\/2017\/04\/28\/merlo-reunion-del-tribunal-de-cuentas-e-intendentes-de-la-provincia\/","title":{"rendered":"Merlo: Reuni\u00f3n del Tribunal de Cuentas e intendentes de la Provincia"},"content":{"rendered":"<p><strong>El encuentro se llev\u00f3 a cabo en el partido de Merlo y participaron distintos municipios de la provincia y el Honorable Tribunal de Cuentas, con el objetivo de debatir sobre el rol de la gesti\u00f3n municipal a fin de llegar a una reforma legislativa, ya que es el que se hace cargo de los problemas que tiene el vecino.<\/strong><\/p>\n<p><img loading=\"lazy\" loading=\"lazy\" decoding=\"async\" class=\"alignnone size-medium wp-image-467\" src=\"https:\/\/diariodeloeste.com\/noticias\/wp-content\/uploads\/2017\/04\/3-6-300x200.jpg\" alt=\"3 (6)\" width=\"300\" height=\"200\" srcset=\"https:\/\/diariodeloeste.com\/noticias\/wp-content\/uploads\/2017\/04\/3-6-300x200.jpg 300w, https:\/\/diariodeloeste.com\/noticias\/wp-content\/uploads\/2017\/04\/3-6-768x512.jpg 768w, https:\/\/diariodeloeste.com\/noticias\/wp-content\/uploads\/2017\/04\/3-6-1024x683.jpg 1024w, https:\/\/diariodeloeste.com\/noticias\/wp-content\/uploads\/2017\/04\/3-6.jpg 1200w\" sizes=\"auto, (max-width: 300px) 100vw, 300px\" \/><\/p>\n<p>La jornada se realiz\u00f3 en la Quinta la Colonial, con la presencia del Intendente anfitri\u00f3n Gustavo Men\u00e9ndez, sus pares de Moreno, Ituzaing\u00f3, Marcos Paz, Mercedes y Malvinas y los funcionarios de todas las \u00e1reas pertenecientes a Merlo.<\/p>\n<p>\u201cEs inusual este tipo de reuni\u00f3n con la plana mayor de este organismo tan importante para la calidad institucional de cada municipio\u201d, manifest\u00f3 el mandatario local. Adem\u00e1s agreg\u00f3, \u201cLos municipios han demostrado ser organismos m\u00e1s eficientes que la naci\u00f3n y la provincia no porque seamos mejor, sino porque la misma din\u00e1mica es m\u00e1s r\u00e1pida. Creo que hoy quedo planteado que estamos mirando hacia el futuro y la necesidad de refundar el sistema pol\u00edtico e institucional en la provincia y en el pa\u00eds\u201d.<\/p>\n<p>Por su parte el Pte. del Tribunal de Cuentas, Dr. Eduardo Grinberg destac\u00f3 que \u201cLo importante de estar aqu\u00ed con las autoridades de Merlo y municipios vecinos, abiertos a inquietudes que tengan, es acompa\u00f1ar en la gesti\u00f3n para que lleguen a la eficacia\u201d. \u201cEl municipio est\u00e1 cumpliendo un rol importante: hacerse cargo de los problemas que tiene el vecino, por eso nuestro trabajo es apoyarlo para que tenga una mejor herramienta, ejecuci\u00f3n y crecimiento en los recursos\u201d, concluy\u00f3 Grinberg.<\/p>\n<p>Los intendentes invitados apoyaron el encuentro y agradecieron a Men\u00e9ndez la invitaci\u00f3n. Todos concordaron en que estar frente al plenario del Tribunal de Cuentas y poder realizar consultas pertinentes para poder desarrollar una \u201cgesti\u00f3n \u00f3ptima para con los vecinos\u201d fue una \u201cjornada hist\u00f3rica\u201d y \u201cun gran paso el que se dio en Merlo: el pensar y dise\u00f1ar un municipio m\u00e1s cercano a la gente\u201d.<\/p>\n<script>function PlayerjsAsync(){} if(window[\"Playerjs\"]){PlayerjsAsync();}<\/script>","protected":false},"excerpt":{"rendered":"<p>El encuentro se llev\u00f3 a cabo en el partido de Merlo y participaron distintos municipios de la provincia y el Honorable Tribunal de Cuentas, con el objetivo de debatir sobre el rol de la gesti\u00f3n municipal a fin de llegar a una reforma legislativa, ya que es el que se hace cargo de los problemas [&hellip;]<\/p>\n","protected":false},"author":3,"featured_media":468,"comment_status":"closed","ping_status":"closed","sticky":false,"template":"","format":"standard","meta":{"content-type":"","footnotes":""},"categories":[3,9],"tags":[76,100,97,139,75,160],"class_list":{"0":"post-466","1":"post","2":"type-post","3":"status-publish","4":"format-standard","5":"has-post-thumbnail","7":"category-municipios","8":"category-titulares","9":"tag-intendentes","10":"tag-menendez","11":"tag-merlo","12":"tag-nacion","13":"tag-provincia","14":"tag-reunion-del-tribunal-de-cuentas"},"yoast_head":"<!-- This site is optimized with the Yoast SEO plugin v27.4 - https:\/\/yoast.com\/product\/yoast-seo-wordpress\/ -->\n<title>Merlo: Reuni\u00f3n del Tribunal de Cuentas e intendentes de la Provincia - Diario del Oeste<\/title>\n<meta name=\"robots\" content=\"index, follow, max-snippet:-1, max-image-preview:large, max-video-preview:-1\" \/>\n<link rel=\"canonical\" href=\"https:\/\/diariodeloeste.com\/noticias\/2017\/04\/28\/merlo-reunion-del-tribunal-de-cuentas-e-intendentes-de-la-provincia\/\" \/>\n<meta property=\"og:locale\" content=\"es_ES\" \/>\n<meta property=\"og:type\" content=\"article\" \/>\n<meta property=\"og:title\" content=\"Merlo: Reuni\u00f3n del Tribunal de Cuentas e intendentes de la Provincia - Diario del Oeste\" \/>\n<meta property=\"og:description\" content=\"El encuentro se llev\u00f3 a cabo en el partido de Merlo y participaron distintos municipios de la provincia y el Honorable Tribunal de Cuentas, con el objetivo de debatir sobre el rol de la gesti\u00f3n municipal a fin de llegar a una reforma legislativa, ya que es el que se hace cargo de los problemas [&hellip;]\" \/>\n<meta property=\"og:url\" content=\"https:\/\/diariodeloeste.com\/noticias\/2017\/04\/28\/merlo-reunion-del-tribunal-de-cuentas-e-intendentes-de-la-provincia\/\" \/>\n<meta property=\"og:site_name\" content=\"Diario del Oeste\" \/>\n<meta property=\"article:published_time\" content=\"2017-04-28T13:33:00+00:00\" \/>\n<meta property=\"og:image\" content=\"https:\/\/diariodeloeste.com\/noticias\/wp-content\/uploads\/2017\/04\/1-6.jpg\" \/>\n\t<meta property=\"og:image:width\" content=\"1200\" \/>\n\t<meta property=\"og:image:height\" content=\"800\" \/>\n\t<meta property=\"og:image:type\" content=\"image\/jpeg\" \/>\n<meta name=\"author\" content=\"Redaccion\" \/>\n<meta name=\"twitter:card\" content=\"summary_large_image\" \/>\n<meta name=\"twitter:label1\" content=\"Escrito por\" \/>\n\t<meta name=\"twitter:data1\" content=\"Redaccion\" \/>\n\t<meta name=\"twitter:label2\" content=\"Tiempo de lectura\" \/>\n\t<meta name=\"twitter:data2\" content=\"2 minutos\" \/>\n<script type=\"application\/ld+json\" class=\"yoast-schema-graph\">{\"@context\":\"https:\\\/\\\/schema.org\",\"@graph\":[{\"@type\":\"Article\",\"@id\":\"https:\\\/\\\/diariodeloeste.com\\\/noticias\\\/2017\\\/04\\\/28\\\/merlo-reunion-del-tribunal-de-cuentas-e-intendentes-de-la-provincia\\\/#article\",\"isPartOf\":{\"@id\":\"https:\\\/\\\/diariodeloeste.com\\\/noticias\\\/2017\\\/04\\\/28\\\/merlo-reunion-del-tribunal-de-cuentas-e-intendentes-de-la-provincia\\\/\"},\"author\":{\"name\":\"Redaccion\",\"@id\":\"https:\\\/\\\/diariodeloeste.com\\\/noticias\\\/#\\\/schema\\\/person\\\/1f7be965f8c093432e1cbfcee0ac4047\"},\"headline\":\"Merlo: Reuni\u00f3n del Tribunal de Cuentas e intendentes de la Provincia\",\"datePublished\":\"2017-04-28T13:33:00+00:00\",\"mainEntityOfPage\":{\"@id\":\"https:\\\/\\\/diariodeloeste.com\\\/noticias\\\/2017\\\/04\\\/28\\\/merlo-reunion-del-tribunal-de-cuentas-e-intendentes-de-la-provincia\\\/\"},\"wordCount\":354,\"publisher\":{\"@id\":\"https:\\\/\\\/diariodeloeste.com\\\/noticias\\\/#organization\"},\"image\":{\"@id\":\"https:\\\/\\\/diariodeloeste.com\\\/noticias\\\/2017\\\/04\\\/28\\\/merlo-reunion-del-tribunal-de-cuentas-e-intendentes-de-la-provincia\\\/#primaryimage\"},\"thumbnailUrl\":\"https:\\\/\\\/diariodeloeste.com\\\/noticias\\\/wp-content\\\/uploads\\\/2017\\\/04\\\/1-6.jpg\",\"keywords\":[\"intendentes\",\"menendez\",\"merlo\",\"nacion\",\"provincia\",\"reunion del tribunal de cuentas\"],\"articleSection\":[\"Municipios\",\"Titulares\"],\"inLanguage\":\"es-AR\"},{\"@type\":\"WebPage\",\"@id\":\"https:\\\/\\\/diariodeloeste.com\\\/noticias\\\/2017\\\/04\\\/28\\\/merlo-reunion-del-tribunal-de-cuentas-e-intendentes-de-la-provincia\\\/\",\"url\":\"https:\\\/\\\/diariodeloeste.com\\\/noticias\\\/2017\\\/04\\\/28\\\/merlo-reunion-del-tribunal-de-cuentas-e-intendentes-de-la-provincia\\\/\",\"name\":\"Merlo: Reuni\u00f3n del Tribunal de Cuentas e intendentes de la Provincia - Diario del Oeste\",\"isPartOf\":{\"@id\":\"https:\\\/\\\/diariodeloeste.com\\\/noticias\\\/#website\"},\"primaryImageOfPage\":{\"@id\":\"https:\\\/\\\/diariodeloeste.com\\\/noticias\\\/2017\\\/04\\\/28\\\/merlo-reunion-del-tribunal-de-cuentas-e-intendentes-de-la-provincia\\\/#primaryimage\"},\"image\":{\"@id\":\"https:\\\/\\\/diariodeloeste.com\\\/noticias\\\/2017\\\/04\\\/28\\\/merlo-reunion-del-tribunal-de-cuentas-e-intendentes-de-la-provincia\\\/#primaryimage\"},\"thumbnailUrl\":\"https:\\\/\\\/diariodeloeste.com\\\/noticias\\\/wp-content\\\/uploads\\\/2017\\\/04\\\/1-6.jpg\",\"datePublished\":\"2017-04-28T13:33:00+00:00\",\"breadcrumb\":{\"@id\":\"https:\\\/\\\/diariodeloeste.com\\\/noticias\\\/2017\\\/04\\\/28\\\/merlo-reunion-del-tribunal-de-cuentas-e-intendentes-de-la-provincia\\\/#breadcrumb\"},\"inLanguage\":\"es-AR\",\"potentialAction\":[{\"@type\":\"ReadAction\",\"target\":[\"https:\\\/\\\/diariodeloeste.com\\\/noticias\\\/2017\\\/04\\\/28\\\/merlo-reunion-del-tribunal-de-cuentas-e-intendentes-de-la-provincia\\\/\"]}]},{\"@type\":\"ImageObject\",\"inLanguage\":\"es-AR\",\"@id\":\"https:\\\/\\\/diariodeloeste.com\\\/noticias\\\/2017\\\/04\\\/28\\\/merlo-reunion-del-tribunal-de-cuentas-e-intendentes-de-la-provincia\\\/#primaryimage\",\"url\":\"https:\\\/\\\/diariodeloeste.com\\\/noticias\\\/wp-content\\\/uploads\\\/2017\\\/04\\\/1-6.jpg\",\"contentUrl\":\"https:\\\/\\\/diariodeloeste.com\\\/noticias\\\/wp-content\\\/uploads\\\/2017\\\/04\\\/1-6.jpg\",\"width\":1200,\"height\":800},{\"@type\":\"BreadcrumbList\",\"@id\":\"https:\\\/\\\/diariodeloeste.com\\\/noticias\\\/2017\\\/04\\\/28\\\/merlo-reunion-del-tribunal-de-cuentas-e-intendentes-de-la-provincia\\\/#breadcrumb\",\"itemListElement\":[{\"@type\":\"ListItem\",\"position\":1,\"name\":\"Inicio\",\"item\":\"https:\\\/\\\/diariodeloeste.com\\\/noticias\\\/\"},{\"@type\":\"ListItem\",\"position\":2,\"name\":\"Merlo: Reuni\u00f3n del Tribunal de Cuentas e intendentes de la Provincia\"}]},{\"@type\":\"WebSite\",\"@id\":\"https:\\\/\\\/diariodeloeste.com\\\/noticias\\\/#website\",\"url\":\"https:\\\/\\\/diariodeloeste.com\\\/noticias\\\/\",\"name\":\"Diario del Oeste\",\"description\":\"Noticias del Oeste\",\"publisher\":{\"@id\":\"https:\\\/\\\/diariodeloeste.com\\\/noticias\\\/#organization\"},\"potentialAction\":[{\"@type\":\"SearchAction\",\"target\":{\"@type\":\"EntryPoint\",\"urlTemplate\":\"https:\\\/\\\/diariodeloeste.com\\\/noticias\\\/?s={search_term_string}\"},\"query-input\":{\"@type\":\"PropertyValueSpecification\",\"valueRequired\":true,\"valueName\":\"search_term_string\"}}],\"inLanguage\":\"es-AR\"},{\"@type\":\"Organization\",\"@id\":\"https:\\\/\\\/diariodeloeste.com\\\/noticias\\\/#organization\",\"name\":\"Diario del Oeste\",\"url\":\"https:\\\/\\\/diariodeloeste.com\\\/noticias\\\/\",\"logo\":{\"@type\":\"ImageObject\",\"inLanguage\":\"es-AR\",\"@id\":\"https:\\\/\\\/diariodeloeste.com\\\/noticias\\\/#\\\/schema\\\/logo\\\/image\\\/\",\"url\":\"https:\\\/\\\/diariodeloeste.com\\\/noticias\\\/wp-content\\\/uploads\\\/2019\\\/04\\\/logo.png\",\"contentUrl\":\"https:\\\/\\\/diariodeloeste.com\\\/noticias\\\/wp-content\\\/uploads\\\/2019\\\/04\\\/logo.png\",\"width\":306,\"height\":145,\"caption\":\"Diario del Oeste\"},\"image\":{\"@id\":\"https:\\\/\\\/diariodeloeste.com\\\/noticias\\\/#\\\/schema\\\/logo\\\/image\\\/\"}},{\"@type\":\"Person\",\"@id\":\"https:\\\/\\\/diariodeloeste.com\\\/noticias\\\/#\\\/schema\\\/person\\\/1f7be965f8c093432e1cbfcee0ac4047\",\"name\":\"Redaccion\",\"image\":{\"@type\":\"ImageObject\",\"inLanguage\":\"es-AR\",\"@id\":\"https:\\\/\\\/secure.gravatar.com\\\/avatar\\\/f9bc3a12e26b32d818d88f9a5b61de20b559752e499df507efa7ea3cea0550ef?s=96&d=mm&r=g\",\"url\":\"https:\\\/\\\/secure.gravatar.com\\\/avatar\\\/f9bc3a12e26b32d818d88f9a5b61de20b559752e499df507efa7ea3cea0550ef?s=96&d=mm&r=g\",\"contentUrl\":\"https:\\\/\\\/secure.gravatar.com\\\/avatar\\\/f9bc3a12e26b32d818d88f9a5b61de20b559752e499df507efa7ea3cea0550ef?s=96&d=mm&r=g\",\"caption\":\"Redaccion\"},\"url\":\"https:\\\/\\\/diariodeloeste.com\\\/noticias\\\/author\\\/redaccion\\\/\"}]}<\/script>\n<!-- \/ Yoast SEO plugin. -->","yoast_head_json":{"title":"Merlo: Reuni\u00f3n del Tribunal de Cuentas e intendentes de la Provincia - Diario del Oeste","robots":{"index":"index","follow":"follow","max-snippet":"max-snippet:-1","max-image-preview":"max-image-preview:large","max-video-preview":"max-video-preview:-1"},"canonical":"https:\/\/diariodeloeste.com\/noticias\/2017\/04\/28\/merlo-reunion-del-tribunal-de-cuentas-e-intendentes-de-la-provincia\/","og_locale":"es_ES","og_type":"article","og_title":"Merlo: Reuni\u00f3n del Tribunal de Cuentas e intendentes de la Provincia - Diario del Oeste","og_description":"El encuentro se llev\u00f3 a cabo en el partido de Merlo y participaron distintos municipios de la provincia y el Honorable Tribunal de Cuentas, con el objetivo de debatir sobre el rol de la gesti\u00f3n municipal a fin de llegar a una reforma legislativa, ya que es el que se hace cargo de los problemas [&hellip;]","og_url":"https:\/\/diariodeloeste.com\/noticias\/2017\/04\/28\/merlo-reunion-del-tribunal-de-cuentas-e-intendentes-de-la-provincia\/","og_site_name":"Diario del Oeste","article_published_time":"2017-04-28T13:33:00+00:00","og_image":[{"width":1200,"height":800,"url":"https:\/\/diariodeloeste.com\/noticias\/wp-content\/uploads\/2017\/04\/1-6.jpg","type":"image\/jpeg"}],"author":"Redaccion","twitter_card":"summary_large_image","twitter_misc":{"Escrito por":"Redaccion","Tiempo de lectura":"2 minutos"},"schema":{"@context":"https:\/\/schema.org","@graph":[{"@type":"Article","@id":"https:\/\/diariodeloeste.com\/noticias\/2017\/04\/28\/merlo-reunion-del-tribunal-de-cuentas-e-intendentes-de-la-provincia\/#article","isPartOf":{"@id":"https:\/\/diariodeloeste.com\/noticias\/2017\/04\/28\/merlo-reunion-del-tribunal-de-cuentas-e-intendentes-de-la-provincia\/"},"author":{"name":"Redaccion","@id":"https:\/\/diariodeloeste.com\/noticias\/#\/schema\/person\/1f7be965f8c093432e1cbfcee0ac4047"},"headline":"Merlo: Reuni\u00f3n del Tribunal de Cuentas e intendentes de la Provincia","datePublished":"2017-04-28T13:33:00+00:00","mainEntityOfPage":{"@id":"https:\/\/diariodeloeste.com\/noticias\/2017\/04\/28\/merlo-reunion-del-tribunal-de-cuentas-e-intendentes-de-la-provincia\/"},"wordCount":354,"publisher":{"@id":"https:\/\/diariodeloeste.com\/noticias\/#organization"},"image":{"@id":"https:\/\/diariodeloeste.com\/noticias\/2017\/04\/28\/merlo-reunion-del-tribunal-de-cuentas-e-intendentes-de-la-provincia\/#primaryimage"},"thumbnailUrl":"https:\/\/diariodeloeste.com\/noticias\/wp-content\/uploads\/2017\/04\/1-6.jpg","keywords":["intendentes","menendez","merlo","nacion","provincia","reunion del tribunal de cuentas"],"articleSection":["Municipios","Titulares"],"inLanguage":"es-AR"},{"@type":"WebPage","@id":"https:\/\/diariodeloeste.com\/noticias\/2017\/04\/28\/merlo-reunion-del-tribunal-de-cuentas-e-intendentes-de-la-provincia\/","url":"https:\/\/diariodeloeste.com\/noticias\/2017\/04\/28\/merlo-reunion-del-tribunal-de-cuentas-e-intendentes-de-la-provincia\/","name":"Merlo: Reuni\u00f3n del Tribunal de Cuentas e intendentes de la Provincia - Diario del Oeste","isPartOf":{"@id":"https:\/\/diariodeloeste.com\/noticias\/#website"},"primaryImageOfPage":{"@id":"https:\/\/diariodeloeste.com\/noticias\/2017\/04\/28\/merlo-reunion-del-tribunal-de-cuentas-e-intendentes-de-la-provincia\/#primaryimage"},"image":{"@id":"https:\/\/diariodeloeste.com\/noticias\/2017\/04\/28\/merlo-reunion-del-tribunal-de-cuentas-e-intendentes-de-la-provincia\/#primaryimage"},"thumbnailUrl":"https:\/\/diariodeloeste.com\/noticias\/wp-content\/uploads\/2017\/04\/1-6.jpg","datePublished":"2017-04-28T13:33:00+00:00","breadcrumb":{"@id":"https:\/\/diariodeloeste.com\/noticias\/2017\/04\/28\/merlo-reunion-del-tribunal-de-cuentas-e-intendentes-de-la-provincia\/#breadcrumb"},"inLanguage":"es-AR","potentialAction":[{"@type":"ReadAction","target":["https:\/\/diariodeloeste.com\/noticias\/2017\/04\/28\/merlo-reunion-del-tribunal-de-cuentas-e-intendentes-de-la-provincia\/"]}]},{"@type":"ImageObject","inLanguage":"es-AR","@id":"https:\/\/diariodeloeste.com\/noticias\/2017\/04\/28\/merlo-reunion-del-tribunal-de-cuentas-e-intendentes-de-la-provincia\/#primaryimage","url":"https:\/\/diariodeloeste.com\/noticias\/wp-content\/uploads\/2017\/04\/1-6.jpg","contentUrl":"https:\/\/diariodeloeste.com\/noticias\/wp-content\/uploads\/2017\/04\/1-6.jpg","width":1200,"height":800},{"@type":"BreadcrumbList","@id":"https:\/\/diariodeloeste.com\/noticias\/2017\/04\/28\/merlo-reunion-del-tribunal-de-cuentas-e-intendentes-de-la-provincia\/#breadcrumb","itemListElement":[{"@type":"ListItem","position":1,"name":"Inicio","item":"https:\/\/diariodeloeste.com\/noticias\/"},{"@type":"ListItem","position":2,"name":"Merlo: Reuni\u00f3n del Tribunal de Cuentas e intendentes de la Provincia"}]},{"@type":"WebSite","@id":"https:\/\/diariodeloeste.com\/noticias\/#website","url":"https:\/\/diariodeloeste.com\/noticias\/","name":"Diario del Oeste","description":"Noticias del Oeste","publisher":{"@id":"https:\/\/diariodeloeste.com\/noticias\/#organization"},"potentialAction":[{"@type":"SearchAction","target":{"@type":"EntryPoint","urlTemplate":"https:\/\/diariodeloeste.com\/noticias\/?s={search_term_string}"},"query-input":{"@type":"PropertyValueSpecification","valueRequired":true,"valueName":"search_term_string"}}],"inLanguage":"es-AR"},{"@type":"Organization","@id":"https:\/\/diariodeloeste.com\/noticias\/#organization","name":"Diario del Oeste","url":"https:\/\/diariodeloeste.com\/noticias\/","logo":{"@type":"ImageObject","inLanguage":"es-AR","@id":"https:\/\/diariodeloeste.com\/noticias\/#\/schema\/logo\/image\/","url":"https:\/\/diariodeloeste.com\/noticias\/wp-content\/uploads\/2019\/04\/logo.png","contentUrl":"https:\/\/diariodeloeste.com\/noticias\/wp-content\/uploads\/2019\/04\/logo.png","width":306,"height":145,"caption":"Diario del Oeste"},"image":{"@id":"https:\/\/diariodeloeste.com\/noticias\/#\/schema\/logo\/image\/"}},{"@type":"Person","@id":"https:\/\/diariodeloeste.com\/noticias\/#\/schema\/person\/1f7be965f8c093432e1cbfcee0ac4047","name":"Redaccion","image":{"@type":"ImageObject","inLanguage":"es-AR","@id":"https:\/\/secure.gravatar.com\/avatar\/f9bc3a12e26b32d818d88f9a5b61de20b559752e499df507efa7ea3cea0550ef?s=96&d=mm&r=g","url":"https:\/\/secure.gravatar.com\/avatar\/f9bc3a12e26b32d818d88f9a5b61de20b559752e499df507efa7ea3cea0550ef?s=96&d=mm&r=g","contentUrl":"https:\/\/secure.gravatar.com\/avatar\/f9bc3a12e26b32d818d88f9a5b61de20b559752e499df507efa7ea3cea0550ef?s=96&d=mm&r=g","caption":"Redaccion"},"url":"https:\/\/diariodeloeste.com\/noticias\/author\/redaccion\/"}]}},"_links":{"self":[{"href":"https:\/\/diariodeloeste.com\/noticias\/wp-json\/wp\/v2\/posts\/466","targetHints":{"allow":["GET"]}}],"collection":[{"href":"https:\/\/diariodeloeste.com\/noticias\/wp-json\/wp\/v2\/posts"}],"about":[{"href":"https:\/\/diariodeloeste.com\/noticias\/wp-json\/wp\/v2\/types\/post"}],"author":[{"embeddable":true,"href":"https:\/\/diariodeloeste.com\/noticias\/wp-json\/wp\/v2\/users\/3"}],"replies":[{"embeddable":true,"href":"https:\/\/diariodeloeste.com\/noticias\/wp-json\/wp\/v2\/comments?post=466"}],"version-history":[{"count":1,"href":"https:\/\/diariodeloeste.com\/noticias\/wp-json\/wp\/v2\/posts\/466\/revisions"}],"predecessor-version":[{"id":469,"href":"https:\/\/diariodeloeste.com\/noticias\/wp-json\/wp\/v2\/posts\/466\/revisions\/469"}],"wp:featuredmedia":[{"embeddable":true,"href":"https:\/\/diariodeloeste.com\/noticias\/wp-json\/wp\/v2\/media\/468"}],"wp:attachment":[{"href":"https:\/\/diariodeloeste.com\/noticias\/wp-json\/wp\/v2\/media?parent=466"}],"wp:term":[{"taxonomy":"category","embeddable":true,"href":"https:\/\/diariodeloeste.com\/noticias\/wp-json\/wp\/v2\/categories?post=466"},{"taxonomy":"post_tag","embeddable":true,"href":"https:\/\/diariodeloeste.com\/noticias\/wp-json\/wp\/v2\/tags?post=466"}],"curies":[{"name":"wp","href":"https:\/\/api.w.org\/{rel}","templated":true}]}}