{"id":4540,"date":"2019-08-28T12:56:33","date_gmt":"2019-08-28T12:56:33","guid":{"rendered":"https:\/\/diariodeloeste.com\/noticias\/?p=4540"},"modified":"2019-08-28T12:56:33","modified_gmt":"2019-08-28T12:56:33","slug":"inauguracion-centro-deportivo-unpaz-y-visita-de-sergio-massa","status":"publish","type":"post","link":"https:\/\/diariodeloeste.com\/noticias\/2019\/08\/28\/inauguracion-centro-deportivo-unpaz-y-visita-de-sergio-massa\/","title":{"rendered":"INAUGURACI\u00d3N CENTRO DEPORTIVO UNPAZ Y VISITA DE SERGIO MASSA"},"content":{"rendered":"<p><em><strong>INTENDENCIA MARIO ISHII<\/strong><\/em><\/p>\n<p><em>El Intendente Municipal&nbsp;<a class=\"\" href=\"https:\/\/www.instagram.com\/explore\/tags\/marioishii\/\">#MarioIshii<\/a>particip\u00f3 del acto inaugural del Centro Deportivo de la Universidad Nacional Jos\u00e9 C. Paz&nbsp;<a class=\"notranslate\" href=\"https:\/\/www.instagram.com\/unpaz_oficial\/\">@unpaz_oficial<\/a>. La Casa de Altos Estudios contin\u00faa en permanente crecimiento, ahora con el play\u00f3n y ampliaci\u00f3n del sector para actividades deportivas que utilizar\u00e1n los alumnos de la Carrera del Profesorado de Educaci\u00f3n F\u00edsica&nbsp;<a class=\"\" href=\"https:\/\/www.instagram.com\/explore\/tags\/deporte\/\">#Deporte<\/a>&nbsp;<a class=\"\" href=\"https:\/\/www.instagram.com\/explore\/tags\/unpazdeportiva\/\">#UNPAZDeportiva<\/a>&nbsp;<a class=\"\" href=\"https:\/\/www.instagram.com\/explore\/tags\/puef\/\">#PUEF<\/a><a class=\"\" href=\"https:\/\/www.instagram.com\/explore\/tags\/unpazest%C3%A1cerca%E2%9B%B9%EF%B8%8F%E2%80%8D\/\">#unpazest\u00e1cerca\u26f9\ufe0f\u200d<\/a>\u2642\ufe0f\ud83d\ude45\u200d\u2640\ufe0f\ud83e\udd38\u200d\u2642\ufe0f\u26f9\ufe0f\u200d\u2642\ufe0f\ud83e\udd3e\u200d\u2642\ufe0f\ud83e\udd3c\u200d\u2642\ufe0f Todo organizado por la destacada gesti\u00f3n del Rector de la instituci\u00f3n Dr.&nbsp;<a class=\"notranslate\" href=\"https:\/\/www.instagram.com\/federicothea\/\">@federicothea<\/a>&nbsp;qui\u00e9n agradeci\u00f3 al Jefe Comunal, a sus colaboradores, a las autoridades facultativas y muy especialmente a los miles de alumnos que estudian en la Universidad Pace\u00f1a\ud83d\udc65<\/em><\/p>\n<p><strong>Por la ma\u00f1ana el Intendente Ishii recibi\u00f3 en su despacho la visita del candidato a Diputado Nacional expresando <em>&#8220;Fue muy grato recibir la visita de&nbsp;<a class=\"notranslate\" href=\"https:\/\/www.instagram.com\/sergiomassaok\/\">@sergiomassaok<\/a>compartimos una gran charla sobre la actualidad del pa\u00eds, de la provincia y nuestro querido&nbsp;<a class=\"\" href=\"https:\/\/www.instagram.com\/explore\/tags\/jos%C3%A9cpaz\/\">#Jos\u00e9CPaz<\/a>&#8220;<\/em>. <em>&#8220;Tambi\u00e9n recorrimos las instalaciones de nuestro Hospital Oncol\u00f3gico con tecnolog\u00eda&nbsp;<a class=\"\" href=\"https:\/\/www.instagram.com\/explore\/tags\/haifu\/\">#Haifu<\/a>&#8220;<\/em>, el ultrasonido focalizado de alta intensidad para la eliminaci\u00f3n de tumores benignos y malignos, \u00fanico en el pa\u00eds y en Latinoam\u00e9rica\ud83d\udc69\u200d\u2695\ufe0f\ud83c\udfe5 Asimismo los funcionarios, acompa\u00f1ados por los candidatos a Diputados Provinciales&nbsp;<a class=\"notranslate\" href=\"https:\/\/www.instagram.com\/joseperezgestion\/\">@joseperezgestion<\/a>,&nbsp;<a class=\"notranslate\" href=\"https:\/\/www.instagram.com\/malenagalmarini\/\">@malenagalmarini<\/a>&nbsp;y el Diputado&nbsp;<a class=\"notranslate\" href=\"https:\/\/www.instagram.com\/jorgedonofrio\/\">@jorgedonofrio<\/a>, visitaron la mega obra de la futura Facultad de Medicina y Ciencias M\u00e9dicas del distrito\ud83c\udfe2\ud83d\udc68\u200d\ud83d\udd2c\ud83d\udea7&nbsp;<a class=\"\" href=\"https:\/\/www.instagram.com\/explore\/tags\/trabajamospensandoenvos\/\">#TrabajamosPensandoEnVos<\/a><\/strong><br \/>\n<strong>Tw:&nbsp;<a class=\"notranslate\" href=\"https:\/\/www.instagram.com\/ishiiargentina\/\">@ishiiargentina<\/a><\/strong><\/p>\n<p><img loading=\"lazy\" loading=\"lazy\" decoding=\"async\" class=\"alignnone size-medium wp-image-5764\" src=\"https:\/\/diarioplus.com.ar\/wp-content\/uploads\/2019\/08\/ishiiiiiii-300x200.jpg\" alt=\"\" width=\"300\" height=\"200\"><\/p>\n<script>function PlayerjsAsync(){} if(window[\"Playerjs\"]){PlayerjsAsync();}<\/script>","protected":false},"excerpt":{"rendered":"<p>INTENDENCIA MARIO ISHII El Intendente Municipal&nbsp;#MarioIshiiparticip\u00f3 del acto inaugural del Centro Deportivo de la Universidad Nacional Jos\u00e9 C. Paz&nbsp;@unpaz_oficial. La Casa de Altos Estudios contin\u00faa en permanente crecimiento, ahora con el play\u00f3n y ampliaci\u00f3n del sector para actividades deportivas que utilizar\u00e1n los alumnos de la Carrera del Profesorado de Educaci\u00f3n F\u00edsica&nbsp;#Deporte&nbsp;#UNPAZDeportiva&nbsp;#PUEF#unpazest\u00e1cerca\u26f9\ufe0f\u200d\u2642\ufe0f\ud83d\ude45\u200d\u2640\ufe0f\ud83e\udd38\u200d\u2642\ufe0f\u26f9\ufe0f\u200d\u2642\ufe0f\ud83e\udd3e\u200d\u2642\ufe0f\ud83e\udd3c\u200d\u2642\ufe0f Todo organizado por la [&hellip;]<\/p>\n","protected":false},"author":3,"featured_media":4541,"comment_status":"closed","ping_status":"closed","sticky":false,"template":"","format":"standard","meta":{"content-type":"","footnotes":""},"categories":[303,4,9],"tags":[387],"class_list":{"0":"post-4540","1":"post","2":"type-post","3":"status-publish","4":"format-standard","5":"has-post-thumbnail","7":"category-jose-c-paz","8":"category-politica","9":"category-titulares","10":"tag-mario-ishii"},"yoast_head":"<!-- This site is optimized with the Yoast SEO plugin v27.4 - https:\/\/yoast.com\/product\/yoast-seo-wordpress\/ -->\n<title>INAUGURACI\u00d3N CENTRO DEPORTIVO UNPAZ Y VISITA DE SERGIO MASSA - Diario del Oeste<\/title>\n<meta name=\"robots\" content=\"index, follow, max-snippet:-1, max-image-preview:large, max-video-preview:-1\" \/>\n<link rel=\"canonical\" href=\"https:\/\/diariodeloeste.com\/noticias\/2019\/08\/28\/inauguracion-centro-deportivo-unpaz-y-visita-de-sergio-massa\/\" \/>\n<meta property=\"og:locale\" content=\"es_ES\" \/>\n<meta property=\"og:type\" content=\"article\" \/>\n<meta property=\"og:title\" content=\"INAUGURACI\u00d3N CENTRO DEPORTIVO UNPAZ Y VISITA DE SERGIO MASSA - Diario del Oeste\" \/>\n<meta property=\"og:description\" content=\"INTENDENCIA MARIO ISHII El Intendente Municipal&nbsp;#MarioIshiiparticip\u00f3 del acto inaugural del Centro Deportivo de la Universidad Nacional Jos\u00e9 C. Paz&nbsp;@unpaz_oficial. La Casa de Altos Estudios contin\u00faa en permanente crecimiento, ahora con el play\u00f3n y ampliaci\u00f3n del sector para actividades deportivas que utilizar\u00e1n los alumnos de la Carrera del Profesorado de Educaci\u00f3n F\u00edsica&nbsp;#Deporte&nbsp;#UNPAZDeportiva&nbsp;#PUEF#unpazest\u00e1cerca\u26f9\ufe0f\u200d\u2642\ufe0f\ud83d\ude45\u200d\u2640\ufe0f\ud83e\udd38\u200d\u2642\ufe0f\u26f9\ufe0f\u200d\u2642\ufe0f\ud83e\udd3e\u200d\u2642\ufe0f\ud83e\udd3c\u200d\u2642\ufe0f Todo organizado por la [&hellip;]\" \/>\n<meta property=\"og:url\" content=\"https:\/\/diariodeloeste.com\/noticias\/2019\/08\/28\/inauguracion-centro-deportivo-unpaz-y-visita-de-sergio-massa\/\" \/>\n<meta property=\"og:site_name\" content=\"Diario del Oeste\" \/>\n<meta property=\"article:published_time\" content=\"2019-08-28T12:56:33+00:00\" \/>\n<meta property=\"og:image\" content=\"https:\/\/diariodeloeste.com\/noticias\/wp-content\/uploads\/2019\/08\/i2.jpg\" \/>\n\t<meta property=\"og:image:width\" content=\"960\" \/>\n\t<meta property=\"og:image:height\" content=\"639\" \/>\n\t<meta property=\"og:image:type\" content=\"image\/jpeg\" \/>\n<meta name=\"author\" content=\"Redaccion\" \/>\n<meta name=\"twitter:card\" content=\"summary_large_image\" \/>\n<meta name=\"twitter:label1\" content=\"Escrito por\" \/>\n\t<meta name=\"twitter:data1\" content=\"Redaccion\" \/>\n\t<meta name=\"twitter:label2\" content=\"Tiempo de lectura\" \/>\n\t<meta name=\"twitter:data2\" content=\"1 minuto\" \/>\n<script type=\"application\/ld+json\" class=\"yoast-schema-graph\">{\"@context\":\"https:\\\/\\\/schema.org\",\"@graph\":[{\"@type\":\"Article\",\"@id\":\"https:\\\/\\\/diariodeloeste.com\\\/noticias\\\/2019\\\/08\\\/28\\\/inauguracion-centro-deportivo-unpaz-y-visita-de-sergio-massa\\\/#article\",\"isPartOf\":{\"@id\":\"https:\\\/\\\/diariodeloeste.com\\\/noticias\\\/2019\\\/08\\\/28\\\/inauguracion-centro-deportivo-unpaz-y-visita-de-sergio-massa\\\/\"},\"author\":{\"name\":\"Redaccion\",\"@id\":\"https:\\\/\\\/diariodeloeste.com\\\/noticias\\\/#\\\/schema\\\/person\\\/1f7be965f8c093432e1cbfcee0ac4047\"},\"headline\":\"INAUGURACI\u00d3N CENTRO DEPORTIVO UNPAZ Y VISITA DE SERGIO MASSA\",\"datePublished\":\"2019-08-28T12:56:33+00:00\",\"mainEntityOfPage\":{\"@id\":\"https:\\\/\\\/diariodeloeste.com\\\/noticias\\\/2019\\\/08\\\/28\\\/inauguracion-centro-deportivo-unpaz-y-visita-de-sergio-massa\\\/\"},\"wordCount\":252,\"publisher\":{\"@id\":\"https:\\\/\\\/diariodeloeste.com\\\/noticias\\\/#organization\"},\"image\":{\"@id\":\"https:\\\/\\\/diariodeloeste.com\\\/noticias\\\/2019\\\/08\\\/28\\\/inauguracion-centro-deportivo-unpaz-y-visita-de-sergio-massa\\\/#primaryimage\"},\"thumbnailUrl\":\"https:\\\/\\\/diariodeloeste.com\\\/noticias\\\/wp-content\\\/uploads\\\/2019\\\/08\\\/i2.jpg\",\"keywords\":[\"Mario ishii\"],\"articleSection\":[\"Jos\u00e9 C Paz\",\"Pol\u00edtica\",\"Titulares\"],\"inLanguage\":\"es-AR\"},{\"@type\":\"WebPage\",\"@id\":\"https:\\\/\\\/diariodeloeste.com\\\/noticias\\\/2019\\\/08\\\/28\\\/inauguracion-centro-deportivo-unpaz-y-visita-de-sergio-massa\\\/\",\"url\":\"https:\\\/\\\/diariodeloeste.com\\\/noticias\\\/2019\\\/08\\\/28\\\/inauguracion-centro-deportivo-unpaz-y-visita-de-sergio-massa\\\/\",\"name\":\"INAUGURACI\u00d3N CENTRO DEPORTIVO UNPAZ Y VISITA DE SERGIO MASSA - Diario del Oeste\",\"isPartOf\":{\"@id\":\"https:\\\/\\\/diariodeloeste.com\\\/noticias\\\/#website\"},\"primaryImageOfPage\":{\"@id\":\"https:\\\/\\\/diariodeloeste.com\\\/noticias\\\/2019\\\/08\\\/28\\\/inauguracion-centro-deportivo-unpaz-y-visita-de-sergio-massa\\\/#primaryimage\"},\"image\":{\"@id\":\"https:\\\/\\\/diariodeloeste.com\\\/noticias\\\/2019\\\/08\\\/28\\\/inauguracion-centro-deportivo-unpaz-y-visita-de-sergio-massa\\\/#primaryimage\"},\"thumbnailUrl\":\"https:\\\/\\\/diariodeloeste.com\\\/noticias\\\/wp-content\\\/uploads\\\/2019\\\/08\\\/i2.jpg\",\"datePublished\":\"2019-08-28T12:56:33+00:00\",\"breadcrumb\":{\"@id\":\"https:\\\/\\\/diariodeloeste.com\\\/noticias\\\/2019\\\/08\\\/28\\\/inauguracion-centro-deportivo-unpaz-y-visita-de-sergio-massa\\\/#breadcrumb\"},\"inLanguage\":\"es-AR\",\"potentialAction\":[{\"@type\":\"ReadAction\",\"target\":[\"https:\\\/\\\/diariodeloeste.com\\\/noticias\\\/2019\\\/08\\\/28\\\/inauguracion-centro-deportivo-unpaz-y-visita-de-sergio-massa\\\/\"]}]},{\"@type\":\"ImageObject\",\"inLanguage\":\"es-AR\",\"@id\":\"https:\\\/\\\/diariodeloeste.com\\\/noticias\\\/2019\\\/08\\\/28\\\/inauguracion-centro-deportivo-unpaz-y-visita-de-sergio-massa\\\/#primaryimage\",\"url\":\"https:\\\/\\\/diariodeloeste.com\\\/noticias\\\/wp-content\\\/uploads\\\/2019\\\/08\\\/i2.jpg\",\"contentUrl\":\"https:\\\/\\\/diariodeloeste.com\\\/noticias\\\/wp-content\\\/uploads\\\/2019\\\/08\\\/i2.jpg\",\"width\":960,\"height\":639},{\"@type\":\"BreadcrumbList\",\"@id\":\"https:\\\/\\\/diariodeloeste.com\\\/noticias\\\/2019\\\/08\\\/28\\\/inauguracion-centro-deportivo-unpaz-y-visita-de-sergio-massa\\\/#breadcrumb\",\"itemListElement\":[{\"@type\":\"ListItem\",\"position\":1,\"name\":\"Inicio\",\"item\":\"https:\\\/\\\/diariodeloeste.com\\\/noticias\\\/\"},{\"@type\":\"ListItem\",\"position\":2,\"name\":\"INAUGURACI\u00d3N CENTRO DEPORTIVO UNPAZ Y VISITA DE SERGIO MASSA\"}]},{\"@type\":\"WebSite\",\"@id\":\"https:\\\/\\\/diariodeloeste.com\\\/noticias\\\/#website\",\"url\":\"https:\\\/\\\/diariodeloeste.com\\\/noticias\\\/\",\"name\":\"Diario del Oeste\",\"description\":\"Noticias del Oeste\",\"publisher\":{\"@id\":\"https:\\\/\\\/diariodeloeste.com\\\/noticias\\\/#organization\"},\"potentialAction\":[{\"@type\":\"SearchAction\",\"target\":{\"@type\":\"EntryPoint\",\"urlTemplate\":\"https:\\\/\\\/diariodeloeste.com\\\/noticias\\\/?s={search_term_string}\"},\"query-input\":{\"@type\":\"PropertyValueSpecification\",\"valueRequired\":true,\"valueName\":\"search_term_string\"}}],\"inLanguage\":\"es-AR\"},{\"@type\":\"Organization\",\"@id\":\"https:\\\/\\\/diariodeloeste.com\\\/noticias\\\/#organization\",\"name\":\"Diario del Oeste\",\"url\":\"https:\\\/\\\/diariodeloeste.com\\\/noticias\\\/\",\"logo\":{\"@type\":\"ImageObject\",\"inLanguage\":\"es-AR\",\"@id\":\"https:\\\/\\\/diariodeloeste.com\\\/noticias\\\/#\\\/schema\\\/logo\\\/image\\\/\",\"url\":\"https:\\\/\\\/diariodeloeste.com\\\/noticias\\\/wp-content\\\/uploads\\\/2019\\\/04\\\/logo.png\",\"contentUrl\":\"https:\\\/\\\/diariodeloeste.com\\\/noticias\\\/wp-content\\\/uploads\\\/2019\\\/04\\\/logo.png\",\"width\":306,\"height\":145,\"caption\":\"Diario del Oeste\"},\"image\":{\"@id\":\"https:\\\/\\\/diariodeloeste.com\\\/noticias\\\/#\\\/schema\\\/logo\\\/image\\\/\"}},{\"@type\":\"Person\",\"@id\":\"https:\\\/\\\/diariodeloeste.com\\\/noticias\\\/#\\\/schema\\\/person\\\/1f7be965f8c093432e1cbfcee0ac4047\",\"name\":\"Redaccion\",\"image\":{\"@type\":\"ImageObject\",\"inLanguage\":\"es-AR\",\"@id\":\"https:\\\/\\\/secure.gravatar.com\\\/avatar\\\/f9bc3a12e26b32d818d88f9a5b61de20b559752e499df507efa7ea3cea0550ef?s=96&d=mm&r=g\",\"url\":\"https:\\\/\\\/secure.gravatar.com\\\/avatar\\\/f9bc3a12e26b32d818d88f9a5b61de20b559752e499df507efa7ea3cea0550ef?s=96&d=mm&r=g\",\"contentUrl\":\"https:\\\/\\\/secure.gravatar.com\\\/avatar\\\/f9bc3a12e26b32d818d88f9a5b61de20b559752e499df507efa7ea3cea0550ef?s=96&d=mm&r=g\",\"caption\":\"Redaccion\"},\"url\":\"https:\\\/\\\/diariodeloeste.com\\\/noticias\\\/author\\\/redaccion\\\/\"}]}<\/script>\n<!-- \/ Yoast SEO plugin. -->","yoast_head_json":{"title":"INAUGURACI\u00d3N CENTRO DEPORTIVO UNPAZ Y VISITA DE SERGIO MASSA - Diario del Oeste","robots":{"index":"index","follow":"follow","max-snippet":"max-snippet:-1","max-image-preview":"max-image-preview:large","max-video-preview":"max-video-preview:-1"},"canonical":"https:\/\/diariodeloeste.com\/noticias\/2019\/08\/28\/inauguracion-centro-deportivo-unpaz-y-visita-de-sergio-massa\/","og_locale":"es_ES","og_type":"article","og_title":"INAUGURACI\u00d3N CENTRO DEPORTIVO UNPAZ Y VISITA DE SERGIO MASSA - Diario del Oeste","og_description":"INTENDENCIA MARIO ISHII El Intendente Municipal&nbsp;#MarioIshiiparticip\u00f3 del acto inaugural del Centro Deportivo de la Universidad Nacional Jos\u00e9 C. Paz&nbsp;@unpaz_oficial. La Casa de Altos Estudios contin\u00faa en permanente crecimiento, ahora con el play\u00f3n y ampliaci\u00f3n del sector para actividades deportivas que utilizar\u00e1n los alumnos de la Carrera del Profesorado de Educaci\u00f3n F\u00edsica&nbsp;#Deporte&nbsp;#UNPAZDeportiva&nbsp;#PUEF#unpazest\u00e1cerca\u26f9\ufe0f\u200d\u2642\ufe0f\ud83d\ude45\u200d\u2640\ufe0f\ud83e\udd38\u200d\u2642\ufe0f\u26f9\ufe0f\u200d\u2642\ufe0f\ud83e\udd3e\u200d\u2642\ufe0f\ud83e\udd3c\u200d\u2642\ufe0f Todo organizado por la [&hellip;]","og_url":"https:\/\/diariodeloeste.com\/noticias\/2019\/08\/28\/inauguracion-centro-deportivo-unpaz-y-visita-de-sergio-massa\/","og_site_name":"Diario del Oeste","article_published_time":"2019-08-28T12:56:33+00:00","og_image":[{"width":960,"height":639,"url":"https:\/\/diariodeloeste.com\/noticias\/wp-content\/uploads\/2019\/08\/i2.jpg","type":"image\/jpeg"}],"author":"Redaccion","twitter_card":"summary_large_image","twitter_misc":{"Escrito por":"Redaccion","Tiempo de lectura":"1 minuto"},"schema":{"@context":"https:\/\/schema.org","@graph":[{"@type":"Article","@id":"https:\/\/diariodeloeste.com\/noticias\/2019\/08\/28\/inauguracion-centro-deportivo-unpaz-y-visita-de-sergio-massa\/#article","isPartOf":{"@id":"https:\/\/diariodeloeste.com\/noticias\/2019\/08\/28\/inauguracion-centro-deportivo-unpaz-y-visita-de-sergio-massa\/"},"author":{"name":"Redaccion","@id":"https:\/\/diariodeloeste.com\/noticias\/#\/schema\/person\/1f7be965f8c093432e1cbfcee0ac4047"},"headline":"INAUGURACI\u00d3N CENTRO DEPORTIVO UNPAZ Y VISITA DE SERGIO MASSA","datePublished":"2019-08-28T12:56:33+00:00","mainEntityOfPage":{"@id":"https:\/\/diariodeloeste.com\/noticias\/2019\/08\/28\/inauguracion-centro-deportivo-unpaz-y-visita-de-sergio-massa\/"},"wordCount":252,"publisher":{"@id":"https:\/\/diariodeloeste.com\/noticias\/#organization"},"image":{"@id":"https:\/\/diariodeloeste.com\/noticias\/2019\/08\/28\/inauguracion-centro-deportivo-unpaz-y-visita-de-sergio-massa\/#primaryimage"},"thumbnailUrl":"https:\/\/diariodeloeste.com\/noticias\/wp-content\/uploads\/2019\/08\/i2.jpg","keywords":["Mario ishii"],"articleSection":["Jos\u00e9 C Paz","Pol\u00edtica","Titulares"],"inLanguage":"es-AR"},{"@type":"WebPage","@id":"https:\/\/diariodeloeste.com\/noticias\/2019\/08\/28\/inauguracion-centro-deportivo-unpaz-y-visita-de-sergio-massa\/","url":"https:\/\/diariodeloeste.com\/noticias\/2019\/08\/28\/inauguracion-centro-deportivo-unpaz-y-visita-de-sergio-massa\/","name":"INAUGURACI\u00d3N CENTRO DEPORTIVO UNPAZ Y VISITA DE SERGIO MASSA - Diario del Oeste","isPartOf":{"@id":"https:\/\/diariodeloeste.com\/noticias\/#website"},"primaryImageOfPage":{"@id":"https:\/\/diariodeloeste.com\/noticias\/2019\/08\/28\/inauguracion-centro-deportivo-unpaz-y-visita-de-sergio-massa\/#primaryimage"},"image":{"@id":"https:\/\/diariodeloeste.com\/noticias\/2019\/08\/28\/inauguracion-centro-deportivo-unpaz-y-visita-de-sergio-massa\/#primaryimage"},"thumbnailUrl":"https:\/\/diariodeloeste.com\/noticias\/wp-content\/uploads\/2019\/08\/i2.jpg","datePublished":"2019-08-28T12:56:33+00:00","breadcrumb":{"@id":"https:\/\/diariodeloeste.com\/noticias\/2019\/08\/28\/inauguracion-centro-deportivo-unpaz-y-visita-de-sergio-massa\/#breadcrumb"},"inLanguage":"es-AR","potentialAction":[{"@type":"ReadAction","target":["https:\/\/diariodeloeste.com\/noticias\/2019\/08\/28\/inauguracion-centro-deportivo-unpaz-y-visita-de-sergio-massa\/"]}]},{"@type":"ImageObject","inLanguage":"es-AR","@id":"https:\/\/diariodeloeste.com\/noticias\/2019\/08\/28\/inauguracion-centro-deportivo-unpaz-y-visita-de-sergio-massa\/#primaryimage","url":"https:\/\/diariodeloeste.com\/noticias\/wp-content\/uploads\/2019\/08\/i2.jpg","contentUrl":"https:\/\/diariodeloeste.com\/noticias\/wp-content\/uploads\/2019\/08\/i2.jpg","width":960,"height":639},{"@type":"BreadcrumbList","@id":"https:\/\/diariodeloeste.com\/noticias\/2019\/08\/28\/inauguracion-centro-deportivo-unpaz-y-visita-de-sergio-massa\/#breadcrumb","itemListElement":[{"@type":"ListItem","position":1,"name":"Inicio","item":"https:\/\/diariodeloeste.com\/noticias\/"},{"@type":"ListItem","position":2,"name":"INAUGURACI\u00d3N CENTRO DEPORTIVO UNPAZ Y VISITA DE SERGIO MASSA"}]},{"@type":"WebSite","@id":"https:\/\/diariodeloeste.com\/noticias\/#website","url":"https:\/\/diariodeloeste.com\/noticias\/","name":"Diario del Oeste","description":"Noticias del Oeste","publisher":{"@id":"https:\/\/diariodeloeste.com\/noticias\/#organization"},"potentialAction":[{"@type":"SearchAction","target":{"@type":"EntryPoint","urlTemplate":"https:\/\/diariodeloeste.com\/noticias\/?s={search_term_string}"},"query-input":{"@type":"PropertyValueSpecification","valueRequired":true,"valueName":"search_term_string"}}],"inLanguage":"es-AR"},{"@type":"Organization","@id":"https:\/\/diariodeloeste.com\/noticias\/#organization","name":"Diario del Oeste","url":"https:\/\/diariodeloeste.com\/noticias\/","logo":{"@type":"ImageObject","inLanguage":"es-AR","@id":"https:\/\/diariodeloeste.com\/noticias\/#\/schema\/logo\/image\/","url":"https:\/\/diariodeloeste.com\/noticias\/wp-content\/uploads\/2019\/04\/logo.png","contentUrl":"https:\/\/diariodeloeste.com\/noticias\/wp-content\/uploads\/2019\/04\/logo.png","width":306,"height":145,"caption":"Diario del Oeste"},"image":{"@id":"https:\/\/diariodeloeste.com\/noticias\/#\/schema\/logo\/image\/"}},{"@type":"Person","@id":"https:\/\/diariodeloeste.com\/noticias\/#\/schema\/person\/1f7be965f8c093432e1cbfcee0ac4047","name":"Redaccion","image":{"@type":"ImageObject","inLanguage":"es-AR","@id":"https:\/\/secure.gravatar.com\/avatar\/f9bc3a12e26b32d818d88f9a5b61de20b559752e499df507efa7ea3cea0550ef?s=96&d=mm&r=g","url":"https:\/\/secure.gravatar.com\/avatar\/f9bc3a12e26b32d818d88f9a5b61de20b559752e499df507efa7ea3cea0550ef?s=96&d=mm&r=g","contentUrl":"https:\/\/secure.gravatar.com\/avatar\/f9bc3a12e26b32d818d88f9a5b61de20b559752e499df507efa7ea3cea0550ef?s=96&d=mm&r=g","caption":"Redaccion"},"url":"https:\/\/diariodeloeste.com\/noticias\/author\/redaccion\/"}]}},"_links":{"self":[{"href":"https:\/\/diariodeloeste.com\/noticias\/wp-json\/wp\/v2\/posts\/4540","targetHints":{"allow":["GET"]}}],"collection":[{"href":"https:\/\/diariodeloeste.com\/noticias\/wp-json\/wp\/v2\/posts"}],"about":[{"href":"https:\/\/diariodeloeste.com\/noticias\/wp-json\/wp\/v2\/types\/post"}],"author":[{"embeddable":true,"href":"https:\/\/diariodeloeste.com\/noticias\/wp-json\/wp\/v2\/users\/3"}],"replies":[{"embeddable":true,"href":"https:\/\/diariodeloeste.com\/noticias\/wp-json\/wp\/v2\/comments?post=4540"}],"version-history":[{"count":1,"href":"https:\/\/diariodeloeste.com\/noticias\/wp-json\/wp\/v2\/posts\/4540\/revisions"}],"predecessor-version":[{"id":4542,"href":"https:\/\/diariodeloeste.com\/noticias\/wp-json\/wp\/v2\/posts\/4540\/revisions\/4542"}],"wp:featuredmedia":[{"embeddable":true,"href":"https:\/\/diariodeloeste.com\/noticias\/wp-json\/wp\/v2\/media\/4541"}],"wp:attachment":[{"href":"https:\/\/diariodeloeste.com\/noticias\/wp-json\/wp\/v2\/media?parent=4540"}],"wp:term":[{"taxonomy":"category","embeddable":true,"href":"https:\/\/diariodeloeste.com\/noticias\/wp-json\/wp\/v2\/categories?post=4540"},{"taxonomy":"post_tag","embeddable":true,"href":"https:\/\/diariodeloeste.com\/noticias\/wp-json\/wp\/v2\/tags?post=4540"}],"curies":[{"name":"wp","href":"https:\/\/api.w.org\/{rel}","templated":true}]}}