{"id":425,"date":"2017-04-26T20:30:26","date_gmt":"2017-04-26T20:30:26","guid":{"rendered":"https:\/\/diariodeloeste.com\/noticias\/?p=425"},"modified":"2017-04-27T17:31:58","modified_gmt":"2017-04-27T17:31:58","slug":"nota-de-opinion-aprobados","status":"publish","type":"post","link":"https:\/\/diariodeloeste.com\/noticias\/2017\/04\/26\/nota-de-opinion-aprobados\/","title":{"rendered":"Nota de opini\u00f3n: Aprobados"},"content":{"rendered":"<blockquote><p>En el recinto del Honorable Concejo Deliberante de San Miguel, hoy el cuerpo aprob\u00f3 por 19 votos contra 4 la rendici\u00f3n de Cuentas del ejercicio 2016. Primer prueba del Intendente Interino, Jaime Mendez.<\/p><\/blockquote>\n<p><!--more--><\/p>\n<p>Con el pleno de los Concejales en el recinto, el oficialismo necesito m\u00ednimos acuerdos para la aprobaci\u00f3n del expediente en cuesti\u00f3n.\u00a0 Con un total de Diecinueve manos levantadas, fueron suficientes para la aprobaci\u00f3n de dicho tr\u00e1mite. Con la perfecci\u00f3n de Escriban\u00eda, el Intendente, Jaime Mendez, tuvo su primer logro importante en el recinto.<\/p>\n<p><img loading=\"lazy\" loading=\"lazy\" decoding=\"async\" class=\"aligncenter wp-image-421 size-full\" src=\"https:\/\/diariodeloeste.com\/noticias\/wp-content\/uploads\/2017\/04\/C-WNFhPXkAE-pOT.jpg\" alt=\"C-WNFhPXkAE-pOT\" width=\"960\" height=\"720\" srcset=\"https:\/\/diariodeloeste.com\/noticias\/wp-content\/uploads\/2017\/04\/C-WNFhPXkAE-pOT.jpg 960w, https:\/\/diariodeloeste.com\/noticias\/wp-content\/uploads\/2017\/04\/C-WNFhPXkAE-pOT-300x225.jpg 300w, https:\/\/diariodeloeste.com\/noticias\/wp-content\/uploads\/2017\/04\/C-WNFhPXkAE-pOT-768x576.jpg 768w\" sizes=\"auto, (max-width: 960px) 100vw, 960px\" \/><\/p>\n<p>Los cuestionamientos para su aprobaci\u00f3n vinieron de parte del Concejal Juanjo Jose Castro, del Bloque del Frente para Victoria. Este resalto que el municipio en gesti\u00f3n gasta por, $ 8.219.178 por d\u00eda. El edil remarca que el dinero del erario p\u00fablico esta direccionado a sectores del Distrito donde viven los funcionarios de esta gesti\u00f3n municipal, que este bautizo como \u201cBella Vista City\u201d, a lo nosotros conocemos como un \u201cOutlet de San Isidro\u201d o \u201cBella Vista Hollywood\u201d. Tambi\u00e9n como dijo una candidata del FR, las rampas para discapacitados, en algunos lugares de San Miguel son dif\u00edciles de encontrar. Ejemplo la puerta misma del Palacio Municipal es inexistente. Si viene un Ministro como el de Trabajo de visita le va a costar el ingreso.<\/p>\n<p>Javier Coronel menciono los $ 68000.- que le destinan a DIMAPAD<\/p>\n<p>Adem\u00e1s de los proyectos de\u201d sala velatorio\u201d, p\u00fablica y gratuita para los vecinos de menores recursos. Tambi\u00e9n menciono el des financiamiento del Presupuesto Participativo.<\/p>\n<p><u>Oposici\u00f3n:<\/u><\/p>\n<p><u>E<\/u>l espacio de los ediles del Frente para la Victoria, fueron cr\u00edticos a la hora de hablar de los n\u00fameros presentados. La confecci\u00f3n y el destino del presupuesto.<\/p>\n<p>En cambio los tres Concejales que representan al Frente Renovador, firmaron el acta del dictamen de aprobaci\u00f3n del Presupuesto, sin ninguna observaci\u00f3n. Dijeron nosotros somos coherentes con la actitud de nuestros Diputados y Senadores , tanto en la Provincia , como en Naci\u00f3n. Le aprobaron todo tanto a Macri como a Vidal. Eso no los exime de responsabilidades como contralores de un presupuesto que mostr\u00f3 grises en su ejecuci\u00f3n.<\/p>\n<p>Es un poco rara esta actitud\u2026, es dif\u00edcil de creer, m\u00e1s que luego que se quieran ungir como opositores\u2026, es cre\u00edble una posici\u00f3n como esta?, es l\u00f3gico teniendo en cuenta que aqu\u00ed estaba Joaqu\u00edn De la Torre, ex-espada de Sergio Massa ?, hombre de religiosa actitud de cambio, posee la capacidad que en pocos a\u00f1os modifica su estructura de pensamiento. Es muy raro que el resto de los que militan en el mismo espacio entiendan semejante sacrificio\u2026, en fin, deber\u00edamos recordar los cambios \u00a0mentales y su evoluci\u00f3n. Por ejemplo Andr\u00e9s Richards ingreso al HCD en el 2013 como Concejal por el Frente para la Victoria y luego se paso a las filas de De la Torre y cuando este salto a Cambiemos , el \u201cColo\u201d se quedo en este espacio, con m\u00ednimo acuerdo . Quiz\u00e1s pens\u00f3 si me voy con Massa tengo m\u00e1s chances, ac\u00e1 son muchos para renovar, pero, lastima que se le vino la #Paridad .<\/p>\n<p>Luego tenemos a la futura Abogada Stella Repetto, que recuerdo cuando fue electa concejal en el 2009, rompi\u00f3 con el oficialismo y formo su propio mono bloque apenas asumi\u00f3. Cuesti\u00f3n que repiti\u00f3 en el 2015, cuando renov\u00f3 con la lista del FpV, fue un calco del proceso anterior. Espero no me falle la memoria pero fue as\u00ed. El que si siempre mantuvo su identidad fue el Radical Ciro Ebi, qui\u00e9n nunca cambio de fuerza, pero s\u00ed de visi\u00f3n.<\/p>\n<p>Ver foto, concejales con las manos levantadas<\/p>\n<p>Tambi\u00e9n hay que tener en cuenta que si Andr\u00e9s Salvaggio, decide dejar Anses y vuelve a asumir su banca como concejal, no s\u00f3lo Ciro \u00a0Ebi deja la banca como suplente, sino que se modifica ambos bloques.<\/p>\n<p>Bien para terminar, \u00bfustedes creen que est\u00e1 bien lo que hicieron? Me guardo mis reservas\u2026<\/p>\n<script>function PlayerjsAsync(){} if(window[\"Playerjs\"]){PlayerjsAsync();}<\/script>","protected":false},"excerpt":{"rendered":"<p>En el recinto del Honorable Concejo Deliberante de San Miguel, hoy el cuerpo aprob\u00f3 por 19 votos contra 4 la rendici\u00f3n de Cuentas del ejercicio 2016. Primer prueba del Intendente Interino, Jaime Mendez.<\/p>\n","protected":false},"author":3,"featured_media":429,"comment_status":"closed","ping_status":"closed","sticky":false,"template":"","format":"standard","meta":{"content-type":"","footnotes":""},"categories":[3,4,9],"tags":[],"class_list":{"0":"post-425","1":"post","2":"type-post","3":"status-publish","4":"format-standard","5":"has-post-thumbnail","7":"category-municipios","8":"category-politica","9":"category-titulares"},"yoast_head":"<!-- This site is optimized with the Yoast SEO plugin v27.4 - https:\/\/yoast.com\/product\/yoast-seo-wordpress\/ -->\n<title>Nota de opini\u00f3n: Aprobados - Diario del Oeste<\/title>\n<meta name=\"robots\" content=\"index, follow, max-snippet:-1, max-image-preview:large, max-video-preview:-1\" \/>\n<link rel=\"canonical\" href=\"https:\/\/diariodeloeste.com\/noticias\/2017\/04\/26\/nota-de-opinion-aprobados\/\" \/>\n<meta property=\"og:locale\" content=\"es_ES\" \/>\n<meta property=\"og:type\" content=\"article\" \/>\n<meta property=\"og:title\" content=\"Nota de opini\u00f3n: Aprobados - Diario del Oeste\" \/>\n<meta property=\"og:description\" content=\"En el recinto del Honorable Concejo Deliberante de San Miguel, hoy el cuerpo aprob\u00f3 por 19 votos contra 4 la rendici\u00f3n de Cuentas del ejercicio 2016. Primer prueba del Intendente Interino, Jaime Mendez.\" \/>\n<meta property=\"og:url\" content=\"https:\/\/diariodeloeste.com\/noticias\/2017\/04\/26\/nota-de-opinion-aprobados\/\" \/>\n<meta property=\"og:site_name\" content=\"Diario del Oeste\" \/>\n<meta property=\"article:published_time\" content=\"2017-04-26T20:30:26+00:00\" \/>\n<meta property=\"article:modified_time\" content=\"2017-04-27T17:31:58+00:00\" \/>\n<meta property=\"og:image\" content=\"https:\/\/diariodeloeste.com\/noticias\/wp-content\/uploads\/2017\/04\/WhatsApp-Image-2017-04-26-at-17.29.30.jpeg\" \/>\n\t<meta property=\"og:image:width\" content=\"960\" \/>\n\t<meta property=\"og:image:height\" content=\"540\" \/>\n\t<meta property=\"og:image:type\" content=\"image\/jpeg\" \/>\n<meta name=\"author\" content=\"Redaccion\" \/>\n<meta name=\"twitter:card\" content=\"summary_large_image\" \/>\n<meta name=\"twitter:label1\" content=\"Escrito por\" \/>\n\t<meta name=\"twitter:data1\" content=\"Redaccion\" \/>\n\t<meta name=\"twitter:label2\" content=\"Tiempo de lectura\" \/>\n\t<meta name=\"twitter:data2\" content=\"3 minutos\" \/>\n<script type=\"application\/ld+json\" class=\"yoast-schema-graph\">{\"@context\":\"https:\\\/\\\/schema.org\",\"@graph\":[{\"@type\":\"Article\",\"@id\":\"https:\\\/\\\/diariodeloeste.com\\\/noticias\\\/2017\\\/04\\\/26\\\/nota-de-opinion-aprobados\\\/#article\",\"isPartOf\":{\"@id\":\"https:\\\/\\\/diariodeloeste.com\\\/noticias\\\/2017\\\/04\\\/26\\\/nota-de-opinion-aprobados\\\/\"},\"author\":{\"name\":\"Redaccion\",\"@id\":\"https:\\\/\\\/diariodeloeste.com\\\/noticias\\\/#\\\/schema\\\/person\\\/1f7be965f8c093432e1cbfcee0ac4047\"},\"headline\":\"Nota de opini\u00f3n: Aprobados\",\"datePublished\":\"2017-04-26T20:30:26+00:00\",\"dateModified\":\"2017-04-27T17:31:58+00:00\",\"mainEntityOfPage\":{\"@id\":\"https:\\\/\\\/diariodeloeste.com\\\/noticias\\\/2017\\\/04\\\/26\\\/nota-de-opinion-aprobados\\\/\"},\"wordCount\":670,\"publisher\":{\"@id\":\"https:\\\/\\\/diariodeloeste.com\\\/noticias\\\/#organization\"},\"image\":{\"@id\":\"https:\\\/\\\/diariodeloeste.com\\\/noticias\\\/2017\\\/04\\\/26\\\/nota-de-opinion-aprobados\\\/#primaryimage\"},\"thumbnailUrl\":\"https:\\\/\\\/diariodeloeste.com\\\/noticias\\\/wp-content\\\/uploads\\\/2017\\\/04\\\/WhatsApp-Image-2017-04-26-at-17.29.30.jpeg\",\"articleSection\":[\"Municipios\",\"Pol\u00edtica\",\"Titulares\"],\"inLanguage\":\"es-AR\"},{\"@type\":\"WebPage\",\"@id\":\"https:\\\/\\\/diariodeloeste.com\\\/noticias\\\/2017\\\/04\\\/26\\\/nota-de-opinion-aprobados\\\/\",\"url\":\"https:\\\/\\\/diariodeloeste.com\\\/noticias\\\/2017\\\/04\\\/26\\\/nota-de-opinion-aprobados\\\/\",\"name\":\"Nota de opini\u00f3n: Aprobados - Diario del Oeste\",\"isPartOf\":{\"@id\":\"https:\\\/\\\/diariodeloeste.com\\\/noticias\\\/#website\"},\"primaryImageOfPage\":{\"@id\":\"https:\\\/\\\/diariodeloeste.com\\\/noticias\\\/2017\\\/04\\\/26\\\/nota-de-opinion-aprobados\\\/#primaryimage\"},\"image\":{\"@id\":\"https:\\\/\\\/diariodeloeste.com\\\/noticias\\\/2017\\\/04\\\/26\\\/nota-de-opinion-aprobados\\\/#primaryimage\"},\"thumbnailUrl\":\"https:\\\/\\\/diariodeloeste.com\\\/noticias\\\/wp-content\\\/uploads\\\/2017\\\/04\\\/WhatsApp-Image-2017-04-26-at-17.29.30.jpeg\",\"datePublished\":\"2017-04-26T20:30:26+00:00\",\"dateModified\":\"2017-04-27T17:31:58+00:00\",\"breadcrumb\":{\"@id\":\"https:\\\/\\\/diariodeloeste.com\\\/noticias\\\/2017\\\/04\\\/26\\\/nota-de-opinion-aprobados\\\/#breadcrumb\"},\"inLanguage\":\"es-AR\",\"potentialAction\":[{\"@type\":\"ReadAction\",\"target\":[\"https:\\\/\\\/diariodeloeste.com\\\/noticias\\\/2017\\\/04\\\/26\\\/nota-de-opinion-aprobados\\\/\"]}]},{\"@type\":\"ImageObject\",\"inLanguage\":\"es-AR\",\"@id\":\"https:\\\/\\\/diariodeloeste.com\\\/noticias\\\/2017\\\/04\\\/26\\\/nota-de-opinion-aprobados\\\/#primaryimage\",\"url\":\"https:\\\/\\\/diariodeloeste.com\\\/noticias\\\/wp-content\\\/uploads\\\/2017\\\/04\\\/WhatsApp-Image-2017-04-26-at-17.29.30.jpeg\",\"contentUrl\":\"https:\\\/\\\/diariodeloeste.com\\\/noticias\\\/wp-content\\\/uploads\\\/2017\\\/04\\\/WhatsApp-Image-2017-04-26-at-17.29.30.jpeg\",\"width\":960,\"height\":540},{\"@type\":\"BreadcrumbList\",\"@id\":\"https:\\\/\\\/diariodeloeste.com\\\/noticias\\\/2017\\\/04\\\/26\\\/nota-de-opinion-aprobados\\\/#breadcrumb\",\"itemListElement\":[{\"@type\":\"ListItem\",\"position\":1,\"name\":\"Inicio\",\"item\":\"https:\\\/\\\/diariodeloeste.com\\\/noticias\\\/\"},{\"@type\":\"ListItem\",\"position\":2,\"name\":\"Nota de opini\u00f3n: Aprobados\"}]},{\"@type\":\"WebSite\",\"@id\":\"https:\\\/\\\/diariodeloeste.com\\\/noticias\\\/#website\",\"url\":\"https:\\\/\\\/diariodeloeste.com\\\/noticias\\\/\",\"name\":\"Diario del Oeste\",\"description\":\"Noticias del Oeste\",\"publisher\":{\"@id\":\"https:\\\/\\\/diariodeloeste.com\\\/noticias\\\/#organization\"},\"potentialAction\":[{\"@type\":\"SearchAction\",\"target\":{\"@type\":\"EntryPoint\",\"urlTemplate\":\"https:\\\/\\\/diariodeloeste.com\\\/noticias\\\/?s={search_term_string}\"},\"query-input\":{\"@type\":\"PropertyValueSpecification\",\"valueRequired\":true,\"valueName\":\"search_term_string\"}}],\"inLanguage\":\"es-AR\"},{\"@type\":\"Organization\",\"@id\":\"https:\\\/\\\/diariodeloeste.com\\\/noticias\\\/#organization\",\"name\":\"Diario del Oeste\",\"url\":\"https:\\\/\\\/diariodeloeste.com\\\/noticias\\\/\",\"logo\":{\"@type\":\"ImageObject\",\"inLanguage\":\"es-AR\",\"@id\":\"https:\\\/\\\/diariodeloeste.com\\\/noticias\\\/#\\\/schema\\\/logo\\\/image\\\/\",\"url\":\"https:\\\/\\\/diariodeloeste.com\\\/noticias\\\/wp-content\\\/uploads\\\/2019\\\/04\\\/logo.png\",\"contentUrl\":\"https:\\\/\\\/diariodeloeste.com\\\/noticias\\\/wp-content\\\/uploads\\\/2019\\\/04\\\/logo.png\",\"width\":306,\"height\":145,\"caption\":\"Diario del Oeste\"},\"image\":{\"@id\":\"https:\\\/\\\/diariodeloeste.com\\\/noticias\\\/#\\\/schema\\\/logo\\\/image\\\/\"}},{\"@type\":\"Person\",\"@id\":\"https:\\\/\\\/diariodeloeste.com\\\/noticias\\\/#\\\/schema\\\/person\\\/1f7be965f8c093432e1cbfcee0ac4047\",\"name\":\"Redaccion\",\"image\":{\"@type\":\"ImageObject\",\"inLanguage\":\"es-AR\",\"@id\":\"https:\\\/\\\/secure.gravatar.com\\\/avatar\\\/f9bc3a12e26b32d818d88f9a5b61de20b559752e499df507efa7ea3cea0550ef?s=96&d=mm&r=g\",\"url\":\"https:\\\/\\\/secure.gravatar.com\\\/avatar\\\/f9bc3a12e26b32d818d88f9a5b61de20b559752e499df507efa7ea3cea0550ef?s=96&d=mm&r=g\",\"contentUrl\":\"https:\\\/\\\/secure.gravatar.com\\\/avatar\\\/f9bc3a12e26b32d818d88f9a5b61de20b559752e499df507efa7ea3cea0550ef?s=96&d=mm&r=g\",\"caption\":\"Redaccion\"},\"url\":\"https:\\\/\\\/diariodeloeste.com\\\/noticias\\\/author\\\/redaccion\\\/\"}]}<\/script>\n<!-- \/ Yoast SEO plugin. -->","yoast_head_json":{"title":"Nota de opini\u00f3n: Aprobados - Diario del Oeste","robots":{"index":"index","follow":"follow","max-snippet":"max-snippet:-1","max-image-preview":"max-image-preview:large","max-video-preview":"max-video-preview:-1"},"canonical":"https:\/\/diariodeloeste.com\/noticias\/2017\/04\/26\/nota-de-opinion-aprobados\/","og_locale":"es_ES","og_type":"article","og_title":"Nota de opini\u00f3n: Aprobados - Diario del Oeste","og_description":"En el recinto del Honorable Concejo Deliberante de San Miguel, hoy el cuerpo aprob\u00f3 por 19 votos contra 4 la rendici\u00f3n de Cuentas del ejercicio 2016. Primer prueba del Intendente Interino, Jaime Mendez.","og_url":"https:\/\/diariodeloeste.com\/noticias\/2017\/04\/26\/nota-de-opinion-aprobados\/","og_site_name":"Diario del Oeste","article_published_time":"2017-04-26T20:30:26+00:00","article_modified_time":"2017-04-27T17:31:58+00:00","og_image":[{"width":960,"height":540,"url":"https:\/\/diariodeloeste.com\/noticias\/wp-content\/uploads\/2017\/04\/WhatsApp-Image-2017-04-26-at-17.29.30.jpeg","type":"image\/jpeg"}],"author":"Redaccion","twitter_card":"summary_large_image","twitter_misc":{"Escrito por":"Redaccion","Tiempo de lectura":"3 minutos"},"schema":{"@context":"https:\/\/schema.org","@graph":[{"@type":"Article","@id":"https:\/\/diariodeloeste.com\/noticias\/2017\/04\/26\/nota-de-opinion-aprobados\/#article","isPartOf":{"@id":"https:\/\/diariodeloeste.com\/noticias\/2017\/04\/26\/nota-de-opinion-aprobados\/"},"author":{"name":"Redaccion","@id":"https:\/\/diariodeloeste.com\/noticias\/#\/schema\/person\/1f7be965f8c093432e1cbfcee0ac4047"},"headline":"Nota de opini\u00f3n: Aprobados","datePublished":"2017-04-26T20:30:26+00:00","dateModified":"2017-04-27T17:31:58+00:00","mainEntityOfPage":{"@id":"https:\/\/diariodeloeste.com\/noticias\/2017\/04\/26\/nota-de-opinion-aprobados\/"},"wordCount":670,"publisher":{"@id":"https:\/\/diariodeloeste.com\/noticias\/#organization"},"image":{"@id":"https:\/\/diariodeloeste.com\/noticias\/2017\/04\/26\/nota-de-opinion-aprobados\/#primaryimage"},"thumbnailUrl":"https:\/\/diariodeloeste.com\/noticias\/wp-content\/uploads\/2017\/04\/WhatsApp-Image-2017-04-26-at-17.29.30.jpeg","articleSection":["Municipios","Pol\u00edtica","Titulares"],"inLanguage":"es-AR"},{"@type":"WebPage","@id":"https:\/\/diariodeloeste.com\/noticias\/2017\/04\/26\/nota-de-opinion-aprobados\/","url":"https:\/\/diariodeloeste.com\/noticias\/2017\/04\/26\/nota-de-opinion-aprobados\/","name":"Nota de opini\u00f3n: Aprobados - Diario del Oeste","isPartOf":{"@id":"https:\/\/diariodeloeste.com\/noticias\/#website"},"primaryImageOfPage":{"@id":"https:\/\/diariodeloeste.com\/noticias\/2017\/04\/26\/nota-de-opinion-aprobados\/#primaryimage"},"image":{"@id":"https:\/\/diariodeloeste.com\/noticias\/2017\/04\/26\/nota-de-opinion-aprobados\/#primaryimage"},"thumbnailUrl":"https:\/\/diariodeloeste.com\/noticias\/wp-content\/uploads\/2017\/04\/WhatsApp-Image-2017-04-26-at-17.29.30.jpeg","datePublished":"2017-04-26T20:30:26+00:00","dateModified":"2017-04-27T17:31:58+00:00","breadcrumb":{"@id":"https:\/\/diariodeloeste.com\/noticias\/2017\/04\/26\/nota-de-opinion-aprobados\/#breadcrumb"},"inLanguage":"es-AR","potentialAction":[{"@type":"ReadAction","target":["https:\/\/diariodeloeste.com\/noticias\/2017\/04\/26\/nota-de-opinion-aprobados\/"]}]},{"@type":"ImageObject","inLanguage":"es-AR","@id":"https:\/\/diariodeloeste.com\/noticias\/2017\/04\/26\/nota-de-opinion-aprobados\/#primaryimage","url":"https:\/\/diariodeloeste.com\/noticias\/wp-content\/uploads\/2017\/04\/WhatsApp-Image-2017-04-26-at-17.29.30.jpeg","contentUrl":"https:\/\/diariodeloeste.com\/noticias\/wp-content\/uploads\/2017\/04\/WhatsApp-Image-2017-04-26-at-17.29.30.jpeg","width":960,"height":540},{"@type":"BreadcrumbList","@id":"https:\/\/diariodeloeste.com\/noticias\/2017\/04\/26\/nota-de-opinion-aprobados\/#breadcrumb","itemListElement":[{"@type":"ListItem","position":1,"name":"Inicio","item":"https:\/\/diariodeloeste.com\/noticias\/"},{"@type":"ListItem","position":2,"name":"Nota de opini\u00f3n: Aprobados"}]},{"@type":"WebSite","@id":"https:\/\/diariodeloeste.com\/noticias\/#website","url":"https:\/\/diariodeloeste.com\/noticias\/","name":"Diario del Oeste","description":"Noticias del Oeste","publisher":{"@id":"https:\/\/diariodeloeste.com\/noticias\/#organization"},"potentialAction":[{"@type":"SearchAction","target":{"@type":"EntryPoint","urlTemplate":"https:\/\/diariodeloeste.com\/noticias\/?s={search_term_string}"},"query-input":{"@type":"PropertyValueSpecification","valueRequired":true,"valueName":"search_term_string"}}],"inLanguage":"es-AR"},{"@type":"Organization","@id":"https:\/\/diariodeloeste.com\/noticias\/#organization","name":"Diario del Oeste","url":"https:\/\/diariodeloeste.com\/noticias\/","logo":{"@type":"ImageObject","inLanguage":"es-AR","@id":"https:\/\/diariodeloeste.com\/noticias\/#\/schema\/logo\/image\/","url":"https:\/\/diariodeloeste.com\/noticias\/wp-content\/uploads\/2019\/04\/logo.png","contentUrl":"https:\/\/diariodeloeste.com\/noticias\/wp-content\/uploads\/2019\/04\/logo.png","width":306,"height":145,"caption":"Diario del Oeste"},"image":{"@id":"https:\/\/diariodeloeste.com\/noticias\/#\/schema\/logo\/image\/"}},{"@type":"Person","@id":"https:\/\/diariodeloeste.com\/noticias\/#\/schema\/person\/1f7be965f8c093432e1cbfcee0ac4047","name":"Redaccion","image":{"@type":"ImageObject","inLanguage":"es-AR","@id":"https:\/\/secure.gravatar.com\/avatar\/f9bc3a12e26b32d818d88f9a5b61de20b559752e499df507efa7ea3cea0550ef?s=96&d=mm&r=g","url":"https:\/\/secure.gravatar.com\/avatar\/f9bc3a12e26b32d818d88f9a5b61de20b559752e499df507efa7ea3cea0550ef?s=96&d=mm&r=g","contentUrl":"https:\/\/secure.gravatar.com\/avatar\/f9bc3a12e26b32d818d88f9a5b61de20b559752e499df507efa7ea3cea0550ef?s=96&d=mm&r=g","caption":"Redaccion"},"url":"https:\/\/diariodeloeste.com\/noticias\/author\/redaccion\/"}]}},"_links":{"self":[{"href":"https:\/\/diariodeloeste.com\/noticias\/wp-json\/wp\/v2\/posts\/425","targetHints":{"allow":["GET"]}}],"collection":[{"href":"https:\/\/diariodeloeste.com\/noticias\/wp-json\/wp\/v2\/posts"}],"about":[{"href":"https:\/\/diariodeloeste.com\/noticias\/wp-json\/wp\/v2\/types\/post"}],"author":[{"embeddable":true,"href":"https:\/\/diariodeloeste.com\/noticias\/wp-json\/wp\/v2\/users\/3"}],"replies":[{"embeddable":true,"href":"https:\/\/diariodeloeste.com\/noticias\/wp-json\/wp\/v2\/comments?post=425"}],"version-history":[{"count":9,"href":"https:\/\/diariodeloeste.com\/noticias\/wp-json\/wp\/v2\/posts\/425\/revisions"}],"predecessor-version":[{"id":428,"href":"https:\/\/diariodeloeste.com\/noticias\/wp-json\/wp\/v2\/posts\/425\/revisions\/428"}],"wp:featuredmedia":[{"embeddable":true,"href":"https:\/\/diariodeloeste.com\/noticias\/wp-json\/wp\/v2\/media\/429"}],"wp:attachment":[{"href":"https:\/\/diariodeloeste.com\/noticias\/wp-json\/wp\/v2\/media?parent=425"}],"wp:term":[{"taxonomy":"category","embeddable":true,"href":"https:\/\/diariodeloeste.com\/noticias\/wp-json\/wp\/v2\/categories?post=425"},{"taxonomy":"post_tag","embeddable":true,"href":"https:\/\/diariodeloeste.com\/noticias\/wp-json\/wp\/v2\/tags?post=425"}],"curies":[{"name":"wp","href":"https:\/\/api.w.org\/{rel}","templated":true}]}}