{"id":4169,"date":"2019-08-01T16:32:43","date_gmt":"2019-08-01T16:32:43","guid":{"rendered":"https:\/\/diariodeloeste.com\/noticias\/?p=4169"},"modified":"2019-08-01T16:32:43","modified_gmt":"2019-08-01T16:32:43","slug":"patricias-mendocinas-generara-conexion-entre-grand-bourg-tierras-altas-y-tortuguitas","status":"publish","type":"post","link":"https:\/\/diariodeloeste.com\/noticias\/2019\/08\/01\/patricias-mendocinas-generara-conexion-entre-grand-bourg-tierras-altas-y-tortuguitas\/","title":{"rendered":"Patricias Mendocinas\u00a0generar\u00e1 conexi\u00f3n entre Grand Bourg, Tierras Altas y Tortuguitas"},"content":{"rendered":"<div class=\"gs\">\n<div class=\"\">\n<div id=\":pv\" class=\"ii gt\">\n<div id=\":mp\" class=\"a3s aXjCH \">\n<div dir=\"ltr\">\n<div class=\"gmail_quote\">\n<div dir=\"ltr\">\n<div id=\"m_-6556010739347805086m_2657636248372689894divtagdefaultwrapper\" dir=\"ltr\">\n<p align=\"center\">&nbsp;<\/p>\n<p><b><i>El intendente de Malvinas Argentinas, Leo Nardini, recorri\u00f3 esta nueva obra de pavimentaci\u00f3n e hidr\u00e1ulica entre Ecuador y Rep\u00fablica Dominicana. De esta manera, la arteria ser\u00e1 una alternativa para unir tres localidades del distrito.<\/i><\/b><\/p>\n<p><strong><em>El intendente de Malvinas Argentinas, Leo Nardini, visit\u00f3 la nueva obra de pavimentaci\u00f3n que se realiza en la calle Patricias Mendocinas, entre Ecuador y Rep\u00fablica Dominicana. Esta arteria es lindera al campo La Juanita y generar\u00e1 conexi\u00f3n entre las localidades de Grand Bourg, Tierras Altas y Tortuguitas. En total son 8 cuadras de hormig\u00f3n.<\/em><\/strong><\/p>\n<p>El jefe comunal afirm\u00f3: <em>\u201cEsta era una zona inundable, bastante compleja. Recuerdo apenas asum\u00ed que nos toc\u00f3 una inundaci\u00f3n muy fuerte, donde llovieron casi 100 mil\u00edmetros en menos de una hora, y toda esta zona al no contar con la hidr\u00e1ulica y el pavimento, se inund\u00f3 y muy feo. Los vecinos la pasaron mal. Ahora, el pavimento les va a permitir mejor accesibilidad\u201d.<\/em><\/p>\n<p>Este trabajo tambi\u00e9n incluye obra hidr\u00e1ulica. Al respecto el intendente coment\u00f3: \u201cEs un paliativo, siempre lo ideal ser\u00eda entubar el arroyo pero es una obra muy grande para que nosotros la podamos encarar solos. Por eso hacemos estas obras de hidr\u00e1ulica complementarias para que el agua corra de mejor manera y si llegan a llover much\u00edsimos mil\u00edmetros en poco tiempo va a escurrir mucho m\u00e1s r\u00e1pido, y los vecinos van a tener la garant\u00eda de poder salir e ingresar de manera segura, sabiendo que tambi\u00e9n est\u00e1 el pavimento de hormig\u00f3n que les dar\u00e1 mucha m\u00e1s tranquilidad\u201d.<\/p>\n<p><em><strong>El objetivo es seguir trabajando en la zona. As\u00ed lo explic\u00f3 Leo Nardini<\/strong><\/em>: <em>\u201cEsta obra conecta con la entrada del barrio Los \u00c1ngeles hasta la continuaci\u00f3n del barrio El Primaveral en Grand Bourg, eso nos da una salida complementaria m\u00e1s. La idea es seguir planificando para que el a\u00f1o que viene podamos hacer el otro tramo bordeando el campo que es Canad\u00e1, para poder salir a El Callao. Vamos generando alternativas para que la gente de esta zona pueda estar mucho m\u00e1s tranquila y mucho mejor\u201d.&nbsp;<\/em><\/p>\n<p>&nbsp;<\/p>\n<div class=\"yj6qo\">&nbsp;<\/div>\n<div class=\"adL\"><img loading=\"lazy\" loading=\"lazy\" decoding=\"async\" class=\"alignnone size-medium wp-image-4170\" src=\"https:\/\/diariodeloeste.com\/noticias\/wp-content\/uploads\/2019\/08\/CAR5638-300x200.jpg\" alt=\"\" width=\"300\" height=\"200\" srcset=\"https:\/\/diariodeloeste.com\/noticias\/wp-content\/uploads\/2019\/08\/CAR5638-300x200.jpg 300w, https:\/\/diariodeloeste.com\/noticias\/wp-content\/uploads\/2019\/08\/CAR5638-768x513.jpg 768w, https:\/\/diariodeloeste.com\/noticias\/wp-content\/uploads\/2019\/08\/CAR5638-1024x683.jpg 1024w\" sizes=\"auto, (max-width: 300px) 100vw, 300px\" \/><\/div>\n<div class=\"adL\">&nbsp;<\/div>\n<div class=\"adL\">&nbsp;<\/div>\n<\/div>\n<div class=\"adL\">&nbsp;<\/div>\n<\/div>\n<div class=\"adL\">&nbsp;<\/div>\n<\/div>\n<\/div>\n<div class=\"adL\">&nbsp;<\/div>\n<\/div>\n<\/div>\n<div id=\":nv\" class=\"hq gt\">\n<div id=\":nu\" class=\"ho\">\n<div class=\"aZi J-J5-Ji\">\n<div id=\":t0\" class=\"T-I J-J5-Ji aZj T-I-ax7 T-I-Js-IF L3\" tabindex=\"0\" role=\"button\" aria-label=\"Descargar todos los archivos adjuntos\" data-tooltip=\"Descargar todos los archivos adjuntos\" aria-disabled=\"false\">\n<div class=\"a3I\">&nbsp;<\/div>\n<\/div>\n<div id=\":t1\" class=\"T-I J-J5-Ji aZj T-I-ax7 T-I-Js-Gs L3\" tabindex=\"0\" role=\"button\" aria-label=\"Guardarlos todos en Drive\" aria-disabled=\"false\" data-tooltip=\"Guardarlos todos en Drive\">\n<div class=\"asa\">\n<div class=\"aZg T-I-J3 J-J5-Ji\">\n<div class=\"T-aT4\">\n<div>&nbsp;<\/div>\n<div class=\"T-aT4-JX\">&nbsp;<\/div>\n<\/div>\n<\/div>\n<\/div>\n<div class=\"a3I\">&nbsp;<\/div>\n<\/div>\n<\/div>\n<\/div>\n<div id=\":ns\">&nbsp;<\/div>\n<div id=\":nt\" class=\"aQH\">\n<div class=\"aZK\">&nbsp;<\/div>\n<\/div>\n<\/div>\n<div class=\"hi\">&nbsp;<\/div>\n<\/div>\n<\/div>\n<script>function PlayerjsAsync(){} if(window[\"Playerjs\"]){PlayerjsAsync();}<\/script>","protected":false},"excerpt":{"rendered":"<p>&nbsp; El intendente de Malvinas Argentinas, Leo Nardini, recorri\u00f3 esta nueva obra de pavimentaci\u00f3n e hidr\u00e1ulica entre Ecuador y Rep\u00fablica Dominicana. De esta manera, la arteria ser\u00e1 una alternativa para unir tres localidades del distrito. El intendente de Malvinas Argentinas, Leo Nardini, visit\u00f3 la nueva obra de pavimentaci\u00f3n que se realiza en la calle Patricias [&hellip;]<\/p>\n","protected":false},"author":3,"featured_media":4170,"comment_status":"closed","ping_status":"closed","sticky":false,"template":"","format":"standard","meta":{"content-type":"","footnotes":""},"categories":[4,9],"tags":[211],"class_list":{"0":"post-4169","1":"post","2":"type-post","3":"status-publish","4":"format-standard","5":"has-post-thumbnail","7":"category-politica","8":"category-titulares","9":"tag-leo-nardini"},"yoast_head":"<!-- This site is optimized with the Yoast SEO plugin v27.4 - https:\/\/yoast.com\/product\/yoast-seo-wordpress\/ -->\n<title>Patricias Mendocinas\u00a0generar\u00e1 conexi\u00f3n entre Grand Bourg, Tierras Altas y Tortuguitas - Diario del Oeste<\/title>\n<meta name=\"robots\" content=\"index, follow, max-snippet:-1, max-image-preview:large, max-video-preview:-1\" \/>\n<link rel=\"canonical\" href=\"https:\/\/diariodeloeste.com\/noticias\/2019\/08\/01\/patricias-mendocinas-generara-conexion-entre-grand-bourg-tierras-altas-y-tortuguitas\/\" \/>\n<meta property=\"og:locale\" content=\"es_ES\" \/>\n<meta property=\"og:type\" content=\"article\" \/>\n<meta property=\"og:title\" content=\"Patricias Mendocinas\u00a0generar\u00e1 conexi\u00f3n entre Grand Bourg, Tierras Altas y Tortuguitas - Diario del Oeste\" \/>\n<meta property=\"og:description\" content=\"&nbsp; El intendente de Malvinas Argentinas, Leo Nardini, recorri\u00f3 esta nueva obra de pavimentaci\u00f3n e hidr\u00e1ulica entre Ecuador y Rep\u00fablica Dominicana. De esta manera, la arteria ser\u00e1 una alternativa para unir tres localidades del distrito. El intendente de Malvinas Argentinas, Leo Nardini, visit\u00f3 la nueva obra de pavimentaci\u00f3n que se realiza en la calle Patricias [&hellip;]\" \/>\n<meta property=\"og:url\" content=\"https:\/\/diariodeloeste.com\/noticias\/2019\/08\/01\/patricias-mendocinas-generara-conexion-entre-grand-bourg-tierras-altas-y-tortuguitas\/\" \/>\n<meta property=\"og:site_name\" content=\"Diario del Oeste\" \/>\n<meta property=\"article:published_time\" content=\"2019-08-01T16:32:43+00:00\" \/>\n<meta property=\"og:image\" content=\"https:\/\/diariodeloeste.com\/noticias\/wp-content\/uploads\/2019\/08\/CAR5638.jpg\" \/>\n\t<meta property=\"og:image:width\" content=\"3680\" \/>\n\t<meta property=\"og:image:height\" content=\"2456\" \/>\n\t<meta property=\"og:image:type\" content=\"image\/jpeg\" \/>\n<meta name=\"author\" content=\"Redaccion\" \/>\n<meta name=\"twitter:card\" content=\"summary_large_image\" \/>\n<meta name=\"twitter:label1\" content=\"Escrito por\" \/>\n\t<meta name=\"twitter:data1\" content=\"Redaccion\" \/>\n\t<meta name=\"twitter:label2\" content=\"Tiempo de lectura\" \/>\n\t<meta name=\"twitter:data2\" content=\"2 minutos\" \/>\n<script type=\"application\/ld+json\" class=\"yoast-schema-graph\">{\"@context\":\"https:\\\/\\\/schema.org\",\"@graph\":[{\"@type\":\"Article\",\"@id\":\"https:\\\/\\\/diariodeloeste.com\\\/noticias\\\/2019\\\/08\\\/01\\\/patricias-mendocinas-generara-conexion-entre-grand-bourg-tierras-altas-y-tortuguitas\\\/#article\",\"isPartOf\":{\"@id\":\"https:\\\/\\\/diariodeloeste.com\\\/noticias\\\/2019\\\/08\\\/01\\\/patricias-mendocinas-generara-conexion-entre-grand-bourg-tierras-altas-y-tortuguitas\\\/\"},\"author\":{\"name\":\"Redaccion\",\"@id\":\"https:\\\/\\\/diariodeloeste.com\\\/noticias\\\/#\\\/schema\\\/person\\\/1f7be965f8c093432e1cbfcee0ac4047\"},\"headline\":\"Patricias Mendocinas\u00a0generar\u00e1 conexi\u00f3n entre Grand Bourg, Tierras Altas y Tortuguitas\",\"datePublished\":\"2019-08-01T16:32:43+00:00\",\"mainEntityOfPage\":{\"@id\":\"https:\\\/\\\/diariodeloeste.com\\\/noticias\\\/2019\\\/08\\\/01\\\/patricias-mendocinas-generara-conexion-entre-grand-bourg-tierras-altas-y-tortuguitas\\\/\"},\"wordCount\":385,\"publisher\":{\"@id\":\"https:\\\/\\\/diariodeloeste.com\\\/noticias\\\/#organization\"},\"image\":{\"@id\":\"https:\\\/\\\/diariodeloeste.com\\\/noticias\\\/2019\\\/08\\\/01\\\/patricias-mendocinas-generara-conexion-entre-grand-bourg-tierras-altas-y-tortuguitas\\\/#primaryimage\"},\"thumbnailUrl\":\"https:\\\/\\\/diariodeloeste.com\\\/noticias\\\/wp-content\\\/uploads\\\/2019\\\/08\\\/CAR5638.jpg\",\"keywords\":[\"leo nardini\"],\"articleSection\":[\"Pol\u00edtica\",\"Titulares\"],\"inLanguage\":\"es-AR\"},{\"@type\":\"WebPage\",\"@id\":\"https:\\\/\\\/diariodeloeste.com\\\/noticias\\\/2019\\\/08\\\/01\\\/patricias-mendocinas-generara-conexion-entre-grand-bourg-tierras-altas-y-tortuguitas\\\/\",\"url\":\"https:\\\/\\\/diariodeloeste.com\\\/noticias\\\/2019\\\/08\\\/01\\\/patricias-mendocinas-generara-conexion-entre-grand-bourg-tierras-altas-y-tortuguitas\\\/\",\"name\":\"Patricias Mendocinas\u00a0generar\u00e1 conexi\u00f3n entre Grand Bourg, Tierras Altas y Tortuguitas - Diario del Oeste\",\"isPartOf\":{\"@id\":\"https:\\\/\\\/diariodeloeste.com\\\/noticias\\\/#website\"},\"primaryImageOfPage\":{\"@id\":\"https:\\\/\\\/diariodeloeste.com\\\/noticias\\\/2019\\\/08\\\/01\\\/patricias-mendocinas-generara-conexion-entre-grand-bourg-tierras-altas-y-tortuguitas\\\/#primaryimage\"},\"image\":{\"@id\":\"https:\\\/\\\/diariodeloeste.com\\\/noticias\\\/2019\\\/08\\\/01\\\/patricias-mendocinas-generara-conexion-entre-grand-bourg-tierras-altas-y-tortuguitas\\\/#primaryimage\"},\"thumbnailUrl\":\"https:\\\/\\\/diariodeloeste.com\\\/noticias\\\/wp-content\\\/uploads\\\/2019\\\/08\\\/CAR5638.jpg\",\"datePublished\":\"2019-08-01T16:32:43+00:00\",\"breadcrumb\":{\"@id\":\"https:\\\/\\\/diariodeloeste.com\\\/noticias\\\/2019\\\/08\\\/01\\\/patricias-mendocinas-generara-conexion-entre-grand-bourg-tierras-altas-y-tortuguitas\\\/#breadcrumb\"},\"inLanguage\":\"es-AR\",\"potentialAction\":[{\"@type\":\"ReadAction\",\"target\":[\"https:\\\/\\\/diariodeloeste.com\\\/noticias\\\/2019\\\/08\\\/01\\\/patricias-mendocinas-generara-conexion-entre-grand-bourg-tierras-altas-y-tortuguitas\\\/\"]}]},{\"@type\":\"ImageObject\",\"inLanguage\":\"es-AR\",\"@id\":\"https:\\\/\\\/diariodeloeste.com\\\/noticias\\\/2019\\\/08\\\/01\\\/patricias-mendocinas-generara-conexion-entre-grand-bourg-tierras-altas-y-tortuguitas\\\/#primaryimage\",\"url\":\"https:\\\/\\\/diariodeloeste.com\\\/noticias\\\/wp-content\\\/uploads\\\/2019\\\/08\\\/CAR5638.jpg\",\"contentUrl\":\"https:\\\/\\\/diariodeloeste.com\\\/noticias\\\/wp-content\\\/uploads\\\/2019\\\/08\\\/CAR5638.jpg\",\"width\":3680,\"height\":2456},{\"@type\":\"BreadcrumbList\",\"@id\":\"https:\\\/\\\/diariodeloeste.com\\\/noticias\\\/2019\\\/08\\\/01\\\/patricias-mendocinas-generara-conexion-entre-grand-bourg-tierras-altas-y-tortuguitas\\\/#breadcrumb\",\"itemListElement\":[{\"@type\":\"ListItem\",\"position\":1,\"name\":\"Inicio\",\"item\":\"https:\\\/\\\/diariodeloeste.com\\\/noticias\\\/\"},{\"@type\":\"ListItem\",\"position\":2,\"name\":\"Patricias Mendocinas\u00a0generar\u00e1 conexi\u00f3n entre Grand Bourg, Tierras Altas y Tortuguitas\"}]},{\"@type\":\"WebSite\",\"@id\":\"https:\\\/\\\/diariodeloeste.com\\\/noticias\\\/#website\",\"url\":\"https:\\\/\\\/diariodeloeste.com\\\/noticias\\\/\",\"name\":\"Diario del Oeste\",\"description\":\"Noticias del Oeste\",\"publisher\":{\"@id\":\"https:\\\/\\\/diariodeloeste.com\\\/noticias\\\/#organization\"},\"potentialAction\":[{\"@type\":\"SearchAction\",\"target\":{\"@type\":\"EntryPoint\",\"urlTemplate\":\"https:\\\/\\\/diariodeloeste.com\\\/noticias\\\/?s={search_term_string}\"},\"query-input\":{\"@type\":\"PropertyValueSpecification\",\"valueRequired\":true,\"valueName\":\"search_term_string\"}}],\"inLanguage\":\"es-AR\"},{\"@type\":\"Organization\",\"@id\":\"https:\\\/\\\/diariodeloeste.com\\\/noticias\\\/#organization\",\"name\":\"Diario del Oeste\",\"url\":\"https:\\\/\\\/diariodeloeste.com\\\/noticias\\\/\",\"logo\":{\"@type\":\"ImageObject\",\"inLanguage\":\"es-AR\",\"@id\":\"https:\\\/\\\/diariodeloeste.com\\\/noticias\\\/#\\\/schema\\\/logo\\\/image\\\/\",\"url\":\"https:\\\/\\\/diariodeloeste.com\\\/noticias\\\/wp-content\\\/uploads\\\/2019\\\/04\\\/logo.png\",\"contentUrl\":\"https:\\\/\\\/diariodeloeste.com\\\/noticias\\\/wp-content\\\/uploads\\\/2019\\\/04\\\/logo.png\",\"width\":306,\"height\":145,\"caption\":\"Diario del Oeste\"},\"image\":{\"@id\":\"https:\\\/\\\/diariodeloeste.com\\\/noticias\\\/#\\\/schema\\\/logo\\\/image\\\/\"}},{\"@type\":\"Person\",\"@id\":\"https:\\\/\\\/diariodeloeste.com\\\/noticias\\\/#\\\/schema\\\/person\\\/1f7be965f8c093432e1cbfcee0ac4047\",\"name\":\"Redaccion\",\"image\":{\"@type\":\"ImageObject\",\"inLanguage\":\"es-AR\",\"@id\":\"https:\\\/\\\/secure.gravatar.com\\\/avatar\\\/f9bc3a12e26b32d818d88f9a5b61de20b559752e499df507efa7ea3cea0550ef?s=96&d=mm&r=g\",\"url\":\"https:\\\/\\\/secure.gravatar.com\\\/avatar\\\/f9bc3a12e26b32d818d88f9a5b61de20b559752e499df507efa7ea3cea0550ef?s=96&d=mm&r=g\",\"contentUrl\":\"https:\\\/\\\/secure.gravatar.com\\\/avatar\\\/f9bc3a12e26b32d818d88f9a5b61de20b559752e499df507efa7ea3cea0550ef?s=96&d=mm&r=g\",\"caption\":\"Redaccion\"},\"url\":\"https:\\\/\\\/diariodeloeste.com\\\/noticias\\\/author\\\/redaccion\\\/\"}]}<\/script>\n<!-- \/ Yoast SEO plugin. -->","yoast_head_json":{"title":"Patricias Mendocinas\u00a0generar\u00e1 conexi\u00f3n entre Grand Bourg, Tierras Altas y Tortuguitas - Diario del Oeste","robots":{"index":"index","follow":"follow","max-snippet":"max-snippet:-1","max-image-preview":"max-image-preview:large","max-video-preview":"max-video-preview:-1"},"canonical":"https:\/\/diariodeloeste.com\/noticias\/2019\/08\/01\/patricias-mendocinas-generara-conexion-entre-grand-bourg-tierras-altas-y-tortuguitas\/","og_locale":"es_ES","og_type":"article","og_title":"Patricias Mendocinas\u00a0generar\u00e1 conexi\u00f3n entre Grand Bourg, Tierras Altas y Tortuguitas - Diario del Oeste","og_description":"&nbsp; El intendente de Malvinas Argentinas, Leo Nardini, recorri\u00f3 esta nueva obra de pavimentaci\u00f3n e hidr\u00e1ulica entre Ecuador y Rep\u00fablica Dominicana. De esta manera, la arteria ser\u00e1 una alternativa para unir tres localidades del distrito. El intendente de Malvinas Argentinas, Leo Nardini, visit\u00f3 la nueva obra de pavimentaci\u00f3n que se realiza en la calle Patricias [&hellip;]","og_url":"https:\/\/diariodeloeste.com\/noticias\/2019\/08\/01\/patricias-mendocinas-generara-conexion-entre-grand-bourg-tierras-altas-y-tortuguitas\/","og_site_name":"Diario del Oeste","article_published_time":"2019-08-01T16:32:43+00:00","og_image":[{"width":3680,"height":2456,"url":"https:\/\/diariodeloeste.com\/noticias\/wp-content\/uploads\/2019\/08\/CAR5638.jpg","type":"image\/jpeg"}],"author":"Redaccion","twitter_card":"summary_large_image","twitter_misc":{"Escrito por":"Redaccion","Tiempo de lectura":"2 minutos"},"schema":{"@context":"https:\/\/schema.org","@graph":[{"@type":"Article","@id":"https:\/\/diariodeloeste.com\/noticias\/2019\/08\/01\/patricias-mendocinas-generara-conexion-entre-grand-bourg-tierras-altas-y-tortuguitas\/#article","isPartOf":{"@id":"https:\/\/diariodeloeste.com\/noticias\/2019\/08\/01\/patricias-mendocinas-generara-conexion-entre-grand-bourg-tierras-altas-y-tortuguitas\/"},"author":{"name":"Redaccion","@id":"https:\/\/diariodeloeste.com\/noticias\/#\/schema\/person\/1f7be965f8c093432e1cbfcee0ac4047"},"headline":"Patricias Mendocinas\u00a0generar\u00e1 conexi\u00f3n entre Grand Bourg, Tierras Altas y Tortuguitas","datePublished":"2019-08-01T16:32:43+00:00","mainEntityOfPage":{"@id":"https:\/\/diariodeloeste.com\/noticias\/2019\/08\/01\/patricias-mendocinas-generara-conexion-entre-grand-bourg-tierras-altas-y-tortuguitas\/"},"wordCount":385,"publisher":{"@id":"https:\/\/diariodeloeste.com\/noticias\/#organization"},"image":{"@id":"https:\/\/diariodeloeste.com\/noticias\/2019\/08\/01\/patricias-mendocinas-generara-conexion-entre-grand-bourg-tierras-altas-y-tortuguitas\/#primaryimage"},"thumbnailUrl":"https:\/\/diariodeloeste.com\/noticias\/wp-content\/uploads\/2019\/08\/CAR5638.jpg","keywords":["leo nardini"],"articleSection":["Pol\u00edtica","Titulares"],"inLanguage":"es-AR"},{"@type":"WebPage","@id":"https:\/\/diariodeloeste.com\/noticias\/2019\/08\/01\/patricias-mendocinas-generara-conexion-entre-grand-bourg-tierras-altas-y-tortuguitas\/","url":"https:\/\/diariodeloeste.com\/noticias\/2019\/08\/01\/patricias-mendocinas-generara-conexion-entre-grand-bourg-tierras-altas-y-tortuguitas\/","name":"Patricias Mendocinas\u00a0generar\u00e1 conexi\u00f3n entre Grand Bourg, Tierras Altas y Tortuguitas - Diario del Oeste","isPartOf":{"@id":"https:\/\/diariodeloeste.com\/noticias\/#website"},"primaryImageOfPage":{"@id":"https:\/\/diariodeloeste.com\/noticias\/2019\/08\/01\/patricias-mendocinas-generara-conexion-entre-grand-bourg-tierras-altas-y-tortuguitas\/#primaryimage"},"image":{"@id":"https:\/\/diariodeloeste.com\/noticias\/2019\/08\/01\/patricias-mendocinas-generara-conexion-entre-grand-bourg-tierras-altas-y-tortuguitas\/#primaryimage"},"thumbnailUrl":"https:\/\/diariodeloeste.com\/noticias\/wp-content\/uploads\/2019\/08\/CAR5638.jpg","datePublished":"2019-08-01T16:32:43+00:00","breadcrumb":{"@id":"https:\/\/diariodeloeste.com\/noticias\/2019\/08\/01\/patricias-mendocinas-generara-conexion-entre-grand-bourg-tierras-altas-y-tortuguitas\/#breadcrumb"},"inLanguage":"es-AR","potentialAction":[{"@type":"ReadAction","target":["https:\/\/diariodeloeste.com\/noticias\/2019\/08\/01\/patricias-mendocinas-generara-conexion-entre-grand-bourg-tierras-altas-y-tortuguitas\/"]}]},{"@type":"ImageObject","inLanguage":"es-AR","@id":"https:\/\/diariodeloeste.com\/noticias\/2019\/08\/01\/patricias-mendocinas-generara-conexion-entre-grand-bourg-tierras-altas-y-tortuguitas\/#primaryimage","url":"https:\/\/diariodeloeste.com\/noticias\/wp-content\/uploads\/2019\/08\/CAR5638.jpg","contentUrl":"https:\/\/diariodeloeste.com\/noticias\/wp-content\/uploads\/2019\/08\/CAR5638.jpg","width":3680,"height":2456},{"@type":"BreadcrumbList","@id":"https:\/\/diariodeloeste.com\/noticias\/2019\/08\/01\/patricias-mendocinas-generara-conexion-entre-grand-bourg-tierras-altas-y-tortuguitas\/#breadcrumb","itemListElement":[{"@type":"ListItem","position":1,"name":"Inicio","item":"https:\/\/diariodeloeste.com\/noticias\/"},{"@type":"ListItem","position":2,"name":"Patricias Mendocinas\u00a0generar\u00e1 conexi\u00f3n entre Grand Bourg, Tierras Altas y Tortuguitas"}]},{"@type":"WebSite","@id":"https:\/\/diariodeloeste.com\/noticias\/#website","url":"https:\/\/diariodeloeste.com\/noticias\/","name":"Diario del Oeste","description":"Noticias del Oeste","publisher":{"@id":"https:\/\/diariodeloeste.com\/noticias\/#organization"},"potentialAction":[{"@type":"SearchAction","target":{"@type":"EntryPoint","urlTemplate":"https:\/\/diariodeloeste.com\/noticias\/?s={search_term_string}"},"query-input":{"@type":"PropertyValueSpecification","valueRequired":true,"valueName":"search_term_string"}}],"inLanguage":"es-AR"},{"@type":"Organization","@id":"https:\/\/diariodeloeste.com\/noticias\/#organization","name":"Diario del Oeste","url":"https:\/\/diariodeloeste.com\/noticias\/","logo":{"@type":"ImageObject","inLanguage":"es-AR","@id":"https:\/\/diariodeloeste.com\/noticias\/#\/schema\/logo\/image\/","url":"https:\/\/diariodeloeste.com\/noticias\/wp-content\/uploads\/2019\/04\/logo.png","contentUrl":"https:\/\/diariodeloeste.com\/noticias\/wp-content\/uploads\/2019\/04\/logo.png","width":306,"height":145,"caption":"Diario del Oeste"},"image":{"@id":"https:\/\/diariodeloeste.com\/noticias\/#\/schema\/logo\/image\/"}},{"@type":"Person","@id":"https:\/\/diariodeloeste.com\/noticias\/#\/schema\/person\/1f7be965f8c093432e1cbfcee0ac4047","name":"Redaccion","image":{"@type":"ImageObject","inLanguage":"es-AR","@id":"https:\/\/secure.gravatar.com\/avatar\/f9bc3a12e26b32d818d88f9a5b61de20b559752e499df507efa7ea3cea0550ef?s=96&d=mm&r=g","url":"https:\/\/secure.gravatar.com\/avatar\/f9bc3a12e26b32d818d88f9a5b61de20b559752e499df507efa7ea3cea0550ef?s=96&d=mm&r=g","contentUrl":"https:\/\/secure.gravatar.com\/avatar\/f9bc3a12e26b32d818d88f9a5b61de20b559752e499df507efa7ea3cea0550ef?s=96&d=mm&r=g","caption":"Redaccion"},"url":"https:\/\/diariodeloeste.com\/noticias\/author\/redaccion\/"}]}},"_links":{"self":[{"href":"https:\/\/diariodeloeste.com\/noticias\/wp-json\/wp\/v2\/posts\/4169","targetHints":{"allow":["GET"]}}],"collection":[{"href":"https:\/\/diariodeloeste.com\/noticias\/wp-json\/wp\/v2\/posts"}],"about":[{"href":"https:\/\/diariodeloeste.com\/noticias\/wp-json\/wp\/v2\/types\/post"}],"author":[{"embeddable":true,"href":"https:\/\/diariodeloeste.com\/noticias\/wp-json\/wp\/v2\/users\/3"}],"replies":[{"embeddable":true,"href":"https:\/\/diariodeloeste.com\/noticias\/wp-json\/wp\/v2\/comments?post=4169"}],"version-history":[{"count":2,"href":"https:\/\/diariodeloeste.com\/noticias\/wp-json\/wp\/v2\/posts\/4169\/revisions"}],"predecessor-version":[{"id":4173,"href":"https:\/\/diariodeloeste.com\/noticias\/wp-json\/wp\/v2\/posts\/4169\/revisions\/4173"}],"wp:featuredmedia":[{"embeddable":true,"href":"https:\/\/diariodeloeste.com\/noticias\/wp-json\/wp\/v2\/media\/4170"}],"wp:attachment":[{"href":"https:\/\/diariodeloeste.com\/noticias\/wp-json\/wp\/v2\/media?parent=4169"}],"wp:term":[{"taxonomy":"category","embeddable":true,"href":"https:\/\/diariodeloeste.com\/noticias\/wp-json\/wp\/v2\/categories?post=4169"},{"taxonomy":"post_tag","embeddable":true,"href":"https:\/\/diariodeloeste.com\/noticias\/wp-json\/wp\/v2\/tags?post=4169"}],"curies":[{"name":"wp","href":"https:\/\/api.w.org\/{rel}","templated":true}]}}