{"id":3980,"date":"2019-07-16T15:38:25","date_gmt":"2019-07-16T15:38:25","guid":{"rendered":"https:\/\/diariodeloeste.com\/noticias\/?p=3980"},"modified":"2019-07-16T15:38:25","modified_gmt":"2019-07-16T15:38:25","slug":"se-realizo-el-3er-foro-juvenil-en-malvinas-argentinas","status":"publish","type":"post","link":"https:\/\/diariodeloeste.com\/noticias\/2019\/07\/16\/se-realizo-el-3er-foro-juvenil-en-malvinas-argentinas\/","title":{"rendered":"Se realiz\u00f3 el 3er Foro Juvenil en Malvinas Argentinas"},"content":{"rendered":"<p><b><i>Se llev\u00f3 a cabo en la Escuela Secundaria N\u00ba 12 de Los Polvorines. Hubo tres comisiones de trabajo abiertas a propuestas, con el objetivo de escuchar la voz de los j\u00f3venes. El intendente Leo Nardini estuvo presente junto a los funcionarios del Municipio.<\/i><\/b><\/p>\n<p><i>&nbsp;<\/i><strong><em>El intendente de Malvinas Argentinas, Leo Nardini<\/em><\/strong>, estuvo presente en el 3er Foro Juvenil que se realiz\u00f3 en la Escuela Secundaria N\u00ba 12 de Los Polvorines. El jefe comunal acompa\u00f1\u00f3 a los cientos de j\u00f3venes que se acercaron a la instituci\u00f3n, con el objetivo de alzar su voz y presentar ideas y proyectos en b\u00fasqueda de una sociedad mejor.<\/p>\n<p><em><strong>Nardini afirm\u00f3<\/strong><\/em>: \u201c<em>Me encanta poder compartir con ellos y felicitarlos por esta participaci\u00f3n juvenil, en el \u00e1mbito en que m\u00e1s les guste hacerlo. Ese es parte del esp\u00edritu que queremos transmitir, por eso generamos este intercambio de experiencias. A todos nos pasan cosas pero lo importante es no quedarse en el camino y apoyarse en el otro para que las cosas se puedan llevar adelante. No todo es f\u00e1cil en la vida por eso necesitamos generar amplitud. Malvinas Argentinas necesita de los j\u00f3venes para transitar el camino y mejorar el presente<\/em>\u201d.<\/p>\n<p>\u201cLos j\u00f3venes son el presente, los que tienen que seguir apostando a la educaci\u00f3n, al desarrollo deportivo, a la cultura, a la inclusi\u00f3n. Tenemos un semillero importante de futuros j\u00f3venes profesionales teniendo en cuenta que tenemos la UNGS, la UNPAZ muy cerca, la Universidad de Luj\u00e1n, un polo muy importante en materia educativa para que muchos sean esos profesionales del futuro que terminen&nbsp;d\u00e1ndole mucha m\u00e1s amplitud a nuestro distrito. Sumado al buen coraz\u00f3n del pueblo malvinense que siempre va para adelante y nunca para atr\u00e1s\u201d, asegur\u00f3 el intendente.<\/p>\n<p>Por su parte, la concejal Sol Jimenez Coronel, coment\u00f3: \u201cLos chicos vinieron con muchos proyectos para presentar, muchas ideas para debatir y eso es lo bueno, generar estos espacios de participaci\u00f3n ciudadana especialmente para ellos\u201d.Hubo tres comisiones de trabajo abiertas a propuestas: centro de estudiantes, educaci\u00f3n sexual integral y problem\u00e1ticas sociales. Reunidos en grupos trataron, debatieron y prepararon una exposici\u00f3n final.<\/p>\n<p>Los foros son descentralizados. Se realizan en diferentes escuelas para que sean un nicho donde los j\u00f3venes se puedan expresar. Al respecto Jimenez Coronel dijo: \u201cSe acercaron para aportar, traer una opini\u00f3n, una duda. La idea es entre todos ir formando esta comunidad. Los j\u00f3venes fuimos estigmatizados durante mucho tiempo, solo por el hecho de pensar que porque se es joven, no sabe o no tiene experiencia. En Malvinas Argentinas no ten\u00edamos un espacio de participaci\u00f3n, no ten\u00edamos un lugar en donde ser escuchados, atendidos, no hab\u00eda un estamento en el orden del Municipio en el que nosotros nos pudi\u00e9ramos presentar. Hoy existe la Subsecretar\u00eda de Juventudes que los escucha y brinda contenci\u00f3n. Por eso es importante generar estos espacios de empoderamiento, donde ellos se den cuenta de lo que son capaces de hacer\u201d.<\/p>\n<p>&nbsp;<\/p>\n<p><img loading=\"lazy\" loading=\"lazy\" decoding=\"async\" class=\"alignnone size-medium wp-image-4892\" src=\"https:\/\/diarioplus.com.ar\/wp-content\/uploads\/2019\/07\/JCC5404-300x200.jpg\" alt=\"\" width=\"300\" height=\"200\"><img loading=\"lazy\" loading=\"lazy\" decoding=\"async\" class=\"alignnone size-medium wp-image-4893\" src=\"https:\/\/diarioplus.com.ar\/wp-content\/uploads\/2019\/07\/JCC4941-300x200.jpg\" alt=\"\" width=\"300\" height=\"200\"><\/p>\n<script>function PlayerjsAsync(){} if(window[\"Playerjs\"]){PlayerjsAsync();}<\/script>","protected":false},"excerpt":{"rendered":"<p>Se llev\u00f3 a cabo en la Escuela Secundaria N\u00ba 12 de Los Polvorines. Hubo tres comisiones de trabajo abiertas a propuestas, con el objetivo de escuchar la voz de los j\u00f3venes. El intendente Leo Nardini estuvo presente junto a los funcionarios del Municipio. &nbsp;El intendente de Malvinas Argentinas, Leo Nardini, estuvo presente en el 3er [&hellip;]<\/p>\n","protected":false},"author":3,"featured_media":3982,"comment_status":"closed","ping_status":"closed","sticky":false,"template":"","format":"standard","meta":{"content-type":"","footnotes":""},"categories":[4,9],"tags":[211],"class_list":{"0":"post-3980","1":"post","2":"type-post","3":"status-publish","4":"format-standard","5":"has-post-thumbnail","7":"category-politica","8":"category-titulares","9":"tag-leo-nardini"},"yoast_head":"<!-- This site is optimized with the Yoast SEO plugin v27.4 - https:\/\/yoast.com\/product\/yoast-seo-wordpress\/ -->\n<title>Se realiz\u00f3 el 3er Foro Juvenil en Malvinas Argentinas - Diario del Oeste<\/title>\n<meta name=\"robots\" content=\"index, follow, max-snippet:-1, max-image-preview:large, max-video-preview:-1\" \/>\n<link rel=\"canonical\" href=\"https:\/\/diariodeloeste.com\/noticias\/2019\/07\/16\/se-realizo-el-3er-foro-juvenil-en-malvinas-argentinas\/\" \/>\n<meta property=\"og:locale\" content=\"es_ES\" \/>\n<meta property=\"og:type\" content=\"article\" \/>\n<meta property=\"og:title\" content=\"Se realiz\u00f3 el 3er Foro Juvenil en Malvinas Argentinas - Diario del Oeste\" \/>\n<meta property=\"og:description\" content=\"Se llev\u00f3 a cabo en la Escuela Secundaria N\u00ba 12 de Los Polvorines. Hubo tres comisiones de trabajo abiertas a propuestas, con el objetivo de escuchar la voz de los j\u00f3venes. El intendente Leo Nardini estuvo presente junto a los funcionarios del Municipio. &nbsp;El intendente de Malvinas Argentinas, Leo Nardini, estuvo presente en el 3er [&hellip;]\" \/>\n<meta property=\"og:url\" content=\"https:\/\/diariodeloeste.com\/noticias\/2019\/07\/16\/se-realizo-el-3er-foro-juvenil-en-malvinas-argentinas\/\" \/>\n<meta property=\"og:site_name\" content=\"Diario del Oeste\" \/>\n<meta property=\"article:published_time\" content=\"2019-07-16T15:38:25+00:00\" \/>\n<meta property=\"og:image\" content=\"https:\/\/diariodeloeste.com\/noticias\/wp-content\/uploads\/2019\/07\/JCC5404.jpg\" \/>\n\t<meta property=\"og:image:width\" content=\"3680\" \/>\n\t<meta property=\"og:image:height\" content=\"2456\" \/>\n\t<meta property=\"og:image:type\" content=\"image\/jpeg\" \/>\n<meta name=\"author\" content=\"Redaccion\" \/>\n<meta name=\"twitter:card\" content=\"summary_large_image\" \/>\n<meta name=\"twitter:label1\" content=\"Escrito por\" \/>\n\t<meta name=\"twitter:data1\" content=\"Redaccion\" \/>\n\t<meta name=\"twitter:label2\" content=\"Tiempo de lectura\" \/>\n\t<meta name=\"twitter:data2\" content=\"3 minutos\" \/>\n<script type=\"application\/ld+json\" class=\"yoast-schema-graph\">{\"@context\":\"https:\\\/\\\/schema.org\",\"@graph\":[{\"@type\":\"Article\",\"@id\":\"https:\\\/\\\/diariodeloeste.com\\\/noticias\\\/2019\\\/07\\\/16\\\/se-realizo-el-3er-foro-juvenil-en-malvinas-argentinas\\\/#article\",\"isPartOf\":{\"@id\":\"https:\\\/\\\/diariodeloeste.com\\\/noticias\\\/2019\\\/07\\\/16\\\/se-realizo-el-3er-foro-juvenil-en-malvinas-argentinas\\\/\"},\"author\":{\"name\":\"Redaccion\",\"@id\":\"https:\\\/\\\/diariodeloeste.com\\\/noticias\\\/#\\\/schema\\\/person\\\/1f7be965f8c093432e1cbfcee0ac4047\"},\"headline\":\"Se realiz\u00f3 el 3er Foro Juvenil en Malvinas Argentinas\",\"datePublished\":\"2019-07-16T15:38:25+00:00\",\"mainEntityOfPage\":{\"@id\":\"https:\\\/\\\/diariodeloeste.com\\\/noticias\\\/2019\\\/07\\\/16\\\/se-realizo-el-3er-foro-juvenil-en-malvinas-argentinas\\\/\"},\"wordCount\":520,\"publisher\":{\"@id\":\"https:\\\/\\\/diariodeloeste.com\\\/noticias\\\/#organization\"},\"image\":{\"@id\":\"https:\\\/\\\/diariodeloeste.com\\\/noticias\\\/2019\\\/07\\\/16\\\/se-realizo-el-3er-foro-juvenil-en-malvinas-argentinas\\\/#primaryimage\"},\"thumbnailUrl\":\"https:\\\/\\\/diariodeloeste.com\\\/noticias\\\/wp-content\\\/uploads\\\/2019\\\/07\\\/JCC5404.jpg\",\"keywords\":[\"leo nardini\"],\"articleSection\":[\"Pol\u00edtica\",\"Titulares\"],\"inLanguage\":\"es-AR\"},{\"@type\":\"WebPage\",\"@id\":\"https:\\\/\\\/diariodeloeste.com\\\/noticias\\\/2019\\\/07\\\/16\\\/se-realizo-el-3er-foro-juvenil-en-malvinas-argentinas\\\/\",\"url\":\"https:\\\/\\\/diariodeloeste.com\\\/noticias\\\/2019\\\/07\\\/16\\\/se-realizo-el-3er-foro-juvenil-en-malvinas-argentinas\\\/\",\"name\":\"Se realiz\u00f3 el 3er Foro Juvenil en Malvinas Argentinas - Diario del Oeste\",\"isPartOf\":{\"@id\":\"https:\\\/\\\/diariodeloeste.com\\\/noticias\\\/#website\"},\"primaryImageOfPage\":{\"@id\":\"https:\\\/\\\/diariodeloeste.com\\\/noticias\\\/2019\\\/07\\\/16\\\/se-realizo-el-3er-foro-juvenil-en-malvinas-argentinas\\\/#primaryimage\"},\"image\":{\"@id\":\"https:\\\/\\\/diariodeloeste.com\\\/noticias\\\/2019\\\/07\\\/16\\\/se-realizo-el-3er-foro-juvenil-en-malvinas-argentinas\\\/#primaryimage\"},\"thumbnailUrl\":\"https:\\\/\\\/diariodeloeste.com\\\/noticias\\\/wp-content\\\/uploads\\\/2019\\\/07\\\/JCC5404.jpg\",\"datePublished\":\"2019-07-16T15:38:25+00:00\",\"breadcrumb\":{\"@id\":\"https:\\\/\\\/diariodeloeste.com\\\/noticias\\\/2019\\\/07\\\/16\\\/se-realizo-el-3er-foro-juvenil-en-malvinas-argentinas\\\/#breadcrumb\"},\"inLanguage\":\"es-AR\",\"potentialAction\":[{\"@type\":\"ReadAction\",\"target\":[\"https:\\\/\\\/diariodeloeste.com\\\/noticias\\\/2019\\\/07\\\/16\\\/se-realizo-el-3er-foro-juvenil-en-malvinas-argentinas\\\/\"]}]},{\"@type\":\"ImageObject\",\"inLanguage\":\"es-AR\",\"@id\":\"https:\\\/\\\/diariodeloeste.com\\\/noticias\\\/2019\\\/07\\\/16\\\/se-realizo-el-3er-foro-juvenil-en-malvinas-argentinas\\\/#primaryimage\",\"url\":\"https:\\\/\\\/diariodeloeste.com\\\/noticias\\\/wp-content\\\/uploads\\\/2019\\\/07\\\/JCC5404.jpg\",\"contentUrl\":\"https:\\\/\\\/diariodeloeste.com\\\/noticias\\\/wp-content\\\/uploads\\\/2019\\\/07\\\/JCC5404.jpg\",\"width\":3680,\"height\":2456},{\"@type\":\"BreadcrumbList\",\"@id\":\"https:\\\/\\\/diariodeloeste.com\\\/noticias\\\/2019\\\/07\\\/16\\\/se-realizo-el-3er-foro-juvenil-en-malvinas-argentinas\\\/#breadcrumb\",\"itemListElement\":[{\"@type\":\"ListItem\",\"position\":1,\"name\":\"Inicio\",\"item\":\"https:\\\/\\\/diariodeloeste.com\\\/noticias\\\/\"},{\"@type\":\"ListItem\",\"position\":2,\"name\":\"Se realiz\u00f3 el 3er Foro Juvenil en Malvinas Argentinas\"}]},{\"@type\":\"WebSite\",\"@id\":\"https:\\\/\\\/diariodeloeste.com\\\/noticias\\\/#website\",\"url\":\"https:\\\/\\\/diariodeloeste.com\\\/noticias\\\/\",\"name\":\"Diario del Oeste\",\"description\":\"Noticias del Oeste\",\"publisher\":{\"@id\":\"https:\\\/\\\/diariodeloeste.com\\\/noticias\\\/#organization\"},\"potentialAction\":[{\"@type\":\"SearchAction\",\"target\":{\"@type\":\"EntryPoint\",\"urlTemplate\":\"https:\\\/\\\/diariodeloeste.com\\\/noticias\\\/?s={search_term_string}\"},\"query-input\":{\"@type\":\"PropertyValueSpecification\",\"valueRequired\":true,\"valueName\":\"search_term_string\"}}],\"inLanguage\":\"es-AR\"},{\"@type\":\"Organization\",\"@id\":\"https:\\\/\\\/diariodeloeste.com\\\/noticias\\\/#organization\",\"name\":\"Diario del Oeste\",\"url\":\"https:\\\/\\\/diariodeloeste.com\\\/noticias\\\/\",\"logo\":{\"@type\":\"ImageObject\",\"inLanguage\":\"es-AR\",\"@id\":\"https:\\\/\\\/diariodeloeste.com\\\/noticias\\\/#\\\/schema\\\/logo\\\/image\\\/\",\"url\":\"https:\\\/\\\/diariodeloeste.com\\\/noticias\\\/wp-content\\\/uploads\\\/2019\\\/04\\\/logo.png\",\"contentUrl\":\"https:\\\/\\\/diariodeloeste.com\\\/noticias\\\/wp-content\\\/uploads\\\/2019\\\/04\\\/logo.png\",\"width\":306,\"height\":145,\"caption\":\"Diario del Oeste\"},\"image\":{\"@id\":\"https:\\\/\\\/diariodeloeste.com\\\/noticias\\\/#\\\/schema\\\/logo\\\/image\\\/\"}},{\"@type\":\"Person\",\"@id\":\"https:\\\/\\\/diariodeloeste.com\\\/noticias\\\/#\\\/schema\\\/person\\\/1f7be965f8c093432e1cbfcee0ac4047\",\"name\":\"Redaccion\",\"image\":{\"@type\":\"ImageObject\",\"inLanguage\":\"es-AR\",\"@id\":\"https:\\\/\\\/secure.gravatar.com\\\/avatar\\\/f9bc3a12e26b32d818d88f9a5b61de20b559752e499df507efa7ea3cea0550ef?s=96&d=mm&r=g\",\"url\":\"https:\\\/\\\/secure.gravatar.com\\\/avatar\\\/f9bc3a12e26b32d818d88f9a5b61de20b559752e499df507efa7ea3cea0550ef?s=96&d=mm&r=g\",\"contentUrl\":\"https:\\\/\\\/secure.gravatar.com\\\/avatar\\\/f9bc3a12e26b32d818d88f9a5b61de20b559752e499df507efa7ea3cea0550ef?s=96&d=mm&r=g\",\"caption\":\"Redaccion\"},\"url\":\"https:\\\/\\\/diariodeloeste.com\\\/noticias\\\/author\\\/redaccion\\\/\"}]}<\/script>\n<!-- \/ Yoast SEO plugin. -->","yoast_head_json":{"title":"Se realiz\u00f3 el 3er Foro Juvenil en Malvinas Argentinas - Diario del Oeste","robots":{"index":"index","follow":"follow","max-snippet":"max-snippet:-1","max-image-preview":"max-image-preview:large","max-video-preview":"max-video-preview:-1"},"canonical":"https:\/\/diariodeloeste.com\/noticias\/2019\/07\/16\/se-realizo-el-3er-foro-juvenil-en-malvinas-argentinas\/","og_locale":"es_ES","og_type":"article","og_title":"Se realiz\u00f3 el 3er Foro Juvenil en Malvinas Argentinas - Diario del Oeste","og_description":"Se llev\u00f3 a cabo en la Escuela Secundaria N\u00ba 12 de Los Polvorines. Hubo tres comisiones de trabajo abiertas a propuestas, con el objetivo de escuchar la voz de los j\u00f3venes. El intendente Leo Nardini estuvo presente junto a los funcionarios del Municipio. &nbsp;El intendente de Malvinas Argentinas, Leo Nardini, estuvo presente en el 3er [&hellip;]","og_url":"https:\/\/diariodeloeste.com\/noticias\/2019\/07\/16\/se-realizo-el-3er-foro-juvenil-en-malvinas-argentinas\/","og_site_name":"Diario del Oeste","article_published_time":"2019-07-16T15:38:25+00:00","og_image":[{"width":3680,"height":2456,"url":"https:\/\/diariodeloeste.com\/noticias\/wp-content\/uploads\/2019\/07\/JCC5404.jpg","type":"image\/jpeg"}],"author":"Redaccion","twitter_card":"summary_large_image","twitter_misc":{"Escrito por":"Redaccion","Tiempo de lectura":"3 minutos"},"schema":{"@context":"https:\/\/schema.org","@graph":[{"@type":"Article","@id":"https:\/\/diariodeloeste.com\/noticias\/2019\/07\/16\/se-realizo-el-3er-foro-juvenil-en-malvinas-argentinas\/#article","isPartOf":{"@id":"https:\/\/diariodeloeste.com\/noticias\/2019\/07\/16\/se-realizo-el-3er-foro-juvenil-en-malvinas-argentinas\/"},"author":{"name":"Redaccion","@id":"https:\/\/diariodeloeste.com\/noticias\/#\/schema\/person\/1f7be965f8c093432e1cbfcee0ac4047"},"headline":"Se realiz\u00f3 el 3er Foro Juvenil en Malvinas Argentinas","datePublished":"2019-07-16T15:38:25+00:00","mainEntityOfPage":{"@id":"https:\/\/diariodeloeste.com\/noticias\/2019\/07\/16\/se-realizo-el-3er-foro-juvenil-en-malvinas-argentinas\/"},"wordCount":520,"publisher":{"@id":"https:\/\/diariodeloeste.com\/noticias\/#organization"},"image":{"@id":"https:\/\/diariodeloeste.com\/noticias\/2019\/07\/16\/se-realizo-el-3er-foro-juvenil-en-malvinas-argentinas\/#primaryimage"},"thumbnailUrl":"https:\/\/diariodeloeste.com\/noticias\/wp-content\/uploads\/2019\/07\/JCC5404.jpg","keywords":["leo nardini"],"articleSection":["Pol\u00edtica","Titulares"],"inLanguage":"es-AR"},{"@type":"WebPage","@id":"https:\/\/diariodeloeste.com\/noticias\/2019\/07\/16\/se-realizo-el-3er-foro-juvenil-en-malvinas-argentinas\/","url":"https:\/\/diariodeloeste.com\/noticias\/2019\/07\/16\/se-realizo-el-3er-foro-juvenil-en-malvinas-argentinas\/","name":"Se realiz\u00f3 el 3er Foro Juvenil en Malvinas Argentinas - Diario del Oeste","isPartOf":{"@id":"https:\/\/diariodeloeste.com\/noticias\/#website"},"primaryImageOfPage":{"@id":"https:\/\/diariodeloeste.com\/noticias\/2019\/07\/16\/se-realizo-el-3er-foro-juvenil-en-malvinas-argentinas\/#primaryimage"},"image":{"@id":"https:\/\/diariodeloeste.com\/noticias\/2019\/07\/16\/se-realizo-el-3er-foro-juvenil-en-malvinas-argentinas\/#primaryimage"},"thumbnailUrl":"https:\/\/diariodeloeste.com\/noticias\/wp-content\/uploads\/2019\/07\/JCC5404.jpg","datePublished":"2019-07-16T15:38:25+00:00","breadcrumb":{"@id":"https:\/\/diariodeloeste.com\/noticias\/2019\/07\/16\/se-realizo-el-3er-foro-juvenil-en-malvinas-argentinas\/#breadcrumb"},"inLanguage":"es-AR","potentialAction":[{"@type":"ReadAction","target":["https:\/\/diariodeloeste.com\/noticias\/2019\/07\/16\/se-realizo-el-3er-foro-juvenil-en-malvinas-argentinas\/"]}]},{"@type":"ImageObject","inLanguage":"es-AR","@id":"https:\/\/diariodeloeste.com\/noticias\/2019\/07\/16\/se-realizo-el-3er-foro-juvenil-en-malvinas-argentinas\/#primaryimage","url":"https:\/\/diariodeloeste.com\/noticias\/wp-content\/uploads\/2019\/07\/JCC5404.jpg","contentUrl":"https:\/\/diariodeloeste.com\/noticias\/wp-content\/uploads\/2019\/07\/JCC5404.jpg","width":3680,"height":2456},{"@type":"BreadcrumbList","@id":"https:\/\/diariodeloeste.com\/noticias\/2019\/07\/16\/se-realizo-el-3er-foro-juvenil-en-malvinas-argentinas\/#breadcrumb","itemListElement":[{"@type":"ListItem","position":1,"name":"Inicio","item":"https:\/\/diariodeloeste.com\/noticias\/"},{"@type":"ListItem","position":2,"name":"Se realiz\u00f3 el 3er Foro Juvenil en Malvinas Argentinas"}]},{"@type":"WebSite","@id":"https:\/\/diariodeloeste.com\/noticias\/#website","url":"https:\/\/diariodeloeste.com\/noticias\/","name":"Diario del Oeste","description":"Noticias del Oeste","publisher":{"@id":"https:\/\/diariodeloeste.com\/noticias\/#organization"},"potentialAction":[{"@type":"SearchAction","target":{"@type":"EntryPoint","urlTemplate":"https:\/\/diariodeloeste.com\/noticias\/?s={search_term_string}"},"query-input":{"@type":"PropertyValueSpecification","valueRequired":true,"valueName":"search_term_string"}}],"inLanguage":"es-AR"},{"@type":"Organization","@id":"https:\/\/diariodeloeste.com\/noticias\/#organization","name":"Diario del Oeste","url":"https:\/\/diariodeloeste.com\/noticias\/","logo":{"@type":"ImageObject","inLanguage":"es-AR","@id":"https:\/\/diariodeloeste.com\/noticias\/#\/schema\/logo\/image\/","url":"https:\/\/diariodeloeste.com\/noticias\/wp-content\/uploads\/2019\/04\/logo.png","contentUrl":"https:\/\/diariodeloeste.com\/noticias\/wp-content\/uploads\/2019\/04\/logo.png","width":306,"height":145,"caption":"Diario del Oeste"},"image":{"@id":"https:\/\/diariodeloeste.com\/noticias\/#\/schema\/logo\/image\/"}},{"@type":"Person","@id":"https:\/\/diariodeloeste.com\/noticias\/#\/schema\/person\/1f7be965f8c093432e1cbfcee0ac4047","name":"Redaccion","image":{"@type":"ImageObject","inLanguage":"es-AR","@id":"https:\/\/secure.gravatar.com\/avatar\/f9bc3a12e26b32d818d88f9a5b61de20b559752e499df507efa7ea3cea0550ef?s=96&d=mm&r=g","url":"https:\/\/secure.gravatar.com\/avatar\/f9bc3a12e26b32d818d88f9a5b61de20b559752e499df507efa7ea3cea0550ef?s=96&d=mm&r=g","contentUrl":"https:\/\/secure.gravatar.com\/avatar\/f9bc3a12e26b32d818d88f9a5b61de20b559752e499df507efa7ea3cea0550ef?s=96&d=mm&r=g","caption":"Redaccion"},"url":"https:\/\/diariodeloeste.com\/noticias\/author\/redaccion\/"}]}},"_links":{"self":[{"href":"https:\/\/diariodeloeste.com\/noticias\/wp-json\/wp\/v2\/posts\/3980","targetHints":{"allow":["GET"]}}],"collection":[{"href":"https:\/\/diariodeloeste.com\/noticias\/wp-json\/wp\/v2\/posts"}],"about":[{"href":"https:\/\/diariodeloeste.com\/noticias\/wp-json\/wp\/v2\/types\/post"}],"author":[{"embeddable":true,"href":"https:\/\/diariodeloeste.com\/noticias\/wp-json\/wp\/v2\/users\/3"}],"replies":[{"embeddable":true,"href":"https:\/\/diariodeloeste.com\/noticias\/wp-json\/wp\/v2\/comments?post=3980"}],"version-history":[{"count":1,"href":"https:\/\/diariodeloeste.com\/noticias\/wp-json\/wp\/v2\/posts\/3980\/revisions"}],"predecessor-version":[{"id":3983,"href":"https:\/\/diariodeloeste.com\/noticias\/wp-json\/wp\/v2\/posts\/3980\/revisions\/3983"}],"wp:featuredmedia":[{"embeddable":true,"href":"https:\/\/diariodeloeste.com\/noticias\/wp-json\/wp\/v2\/media\/3982"}],"wp:attachment":[{"href":"https:\/\/diariodeloeste.com\/noticias\/wp-json\/wp\/v2\/media?parent=3980"}],"wp:term":[{"taxonomy":"category","embeddable":true,"href":"https:\/\/diariodeloeste.com\/noticias\/wp-json\/wp\/v2\/categories?post=3980"},{"taxonomy":"post_tag","embeddable":true,"href":"https:\/\/diariodeloeste.com\/noticias\/wp-json\/wp\/v2\/tags?post=3980"}],"curies":[{"name":"wp","href":"https:\/\/api.w.org\/{rel}","templated":true}]}}