{"id":3889,"date":"2019-07-11T20:29:57","date_gmt":"2019-07-11T20:29:57","guid":{"rendered":"https:\/\/diariodeloeste.com\/noticias\/?p=3889"},"modified":"2019-07-11T20:29:57","modified_gmt":"2019-07-11T20:29:57","slug":"jaime-mendez-inauguro-20-cuadras-de-pavimento-en-santa-brigida","status":"publish","type":"post","link":"https:\/\/diariodeloeste.com\/noticias\/2019\/07\/11\/jaime-mendez-inauguro-20-cuadras-de-pavimento-en-santa-brigida\/","title":{"rendered":"Jaime M\u00e9ndez inaugur\u00f3 20 cuadras de pavimento en Santa Br\u00edgida"},"content":{"rendered":"<div class=\"gmail_quote\">\n<div dir=\"ltr\">\n<div class=\"gmail_quote\">\n<div dir=\"ltr\">\n<div class=\"gmail_quote\">\n<div dir=\"ltr\">\n<div class=\"gmail_quote\">\n<div>Jaime M\u00e9ndez inaugur\u00f3 20 cuadras de pavimento en Santa Br\u00edgida<\/div>\n<p><em><strong>Se trata de las calles Callao y Tres Mar\u00edas, donde adem\u00e1s los vecinos disfrutaron de un desfile c\u00edvico militar y de espect\u00e1culos folcl\u00f3ricos por el D\u00eda de la Independencia<\/strong><\/em>.&nbsp;<\/p>\n<p>Acompa\u00f1ado por el ministro de Gobierno de la Provincia, Joaqu\u00edn de la Torre, y el secretario de Salud y Bienestar Familiar, Pablo de la Torre, el intendente Jaime M\u00e9ndez inaugur\u00f3 los pavimentos de Callao, entre Salguero y La Pinta, y Tres Mar\u00edas, entre Miguel Can\u00e9 y Primera Junta, en Santa Br\u00edgida.<\/p>\n<p>Son dos obras de 20 cuadras realizadas por el Municipio y la provincia de Buenos Aires, que ayudar\u00e1n a seguir desarrollando el barrio.<\/p>\n<p>Adem\u00e1s, en el marco de los festejos por del D\u00eda de la Independencia, los vecinos disfrutaron de un desfile c\u00edvico militar y espect\u00e1culos folcl\u00f3ricos.<\/p>\n<p>[ngg src=&#8221;galleries&#8221; ids=&#8221;57&#8243; display=&#8221;basic_slideshow&#8221;]<\/p><\/div>\n<\/div>\n<\/div>\n<\/div>\n<\/div>\n<\/div>\n<\/div>\n<div class=\"yj6qo ajU\">\n<div id=\":172\" class=\"ajR\" tabindex=\"0\" role=\"button\" data-tooltip=\"Mostrar contenido acortado\" aria-label=\"Mostrar contenido acortado\" aria-expanded=\"false\"><img decoding=\"async\" class=\"ajT\" src=\"https:\/\/ssl.gstatic.com\/ui\/v1\/icons\/mail\/images\/cleardot.gif\"><\/div>\n<\/div>\n<script>function PlayerjsAsync(){} if(window[\"Playerjs\"]){PlayerjsAsync();}<\/script>","protected":false},"excerpt":{"rendered":"<p>Jaime M\u00e9ndez inaugur\u00f3 20 cuadras de pavimento en Santa Br\u00edgida Se trata de las calles Callao y Tres Mar\u00edas, donde adem\u00e1s los vecinos disfrutaron de un desfile c\u00edvico militar y de espect\u00e1culos folcl\u00f3ricos por el D\u00eda de la Independencia.&nbsp; Acompa\u00f1ado por el ministro de Gobierno de la Provincia, Joaqu\u00edn de la Torre, y el secretario [&hellip;]<\/p>\n","protected":false},"author":2,"featured_media":3890,"comment_status":"closed","ping_status":"closed","sticky":false,"template":"","format":"standard","meta":{"content-type":"","footnotes":""},"categories":[14,9],"tags":[],"class_list":{"0":"post-3889","1":"post","2":"type-post","3":"status-publish","4":"format-standard","5":"has-post-thumbnail","7":"category-informacion-general","8":"category-titulares"},"yoast_head":"<!-- This site is optimized with the Yoast SEO plugin v27.4 - https:\/\/yoast.com\/product\/yoast-seo-wordpress\/ -->\n<title>Jaime M\u00e9ndez inaugur\u00f3 20 cuadras de pavimento en Santa Br\u00edgida - Diario del Oeste<\/title>\n<meta name=\"robots\" content=\"index, follow, max-snippet:-1, max-image-preview:large, max-video-preview:-1\" \/>\n<link rel=\"canonical\" href=\"https:\/\/diariodeloeste.com\/noticias\/2019\/07\/11\/jaime-mendez-inauguro-20-cuadras-de-pavimento-en-santa-brigida\/\" \/>\n<meta property=\"og:locale\" content=\"es_ES\" \/>\n<meta property=\"og:type\" content=\"article\" \/>\n<meta property=\"og:title\" content=\"Jaime M\u00e9ndez inaugur\u00f3 20 cuadras de pavimento en Santa Br\u00edgida - Diario del Oeste\" \/>\n<meta property=\"og:description\" content=\"Jaime M\u00e9ndez inaugur\u00f3 20 cuadras de pavimento en Santa Br\u00edgida Se trata de las calles Callao y Tres Mar\u00edas, donde adem\u00e1s los vecinos disfrutaron de un desfile c\u00edvico militar y de espect\u00e1culos folcl\u00f3ricos por el D\u00eda de la Independencia.&nbsp; Acompa\u00f1ado por el ministro de Gobierno de la Provincia, Joaqu\u00edn de la Torre, y el secretario [&hellip;]\" \/>\n<meta property=\"og:url\" content=\"https:\/\/diariodeloeste.com\/noticias\/2019\/07\/11\/jaime-mendez-inauguro-20-cuadras-de-pavimento-en-santa-brigida\/\" \/>\n<meta property=\"og:site_name\" content=\"Diario del Oeste\" \/>\n<meta property=\"article:published_time\" content=\"2019-07-11T20:29:57+00:00\" \/>\n<meta property=\"og:image\" content=\"https:\/\/diariodeloeste.com\/noticias\/wp-content\/uploads\/2019\/07\/Jaime-M\u00e9ndez-con-vecina-del-barrio.jpg\" \/>\n\t<meta property=\"og:image:width\" content=\"960\" \/>\n\t<meta property=\"og:image:height\" content=\"639\" \/>\n\t<meta property=\"og:image:type\" content=\"image\/jpeg\" \/>\n<meta name=\"author\" content=\"Gustavo Estigarribia\" \/>\n<meta name=\"twitter:card\" content=\"summary_large_image\" \/>\n<meta name=\"twitter:label1\" content=\"Escrito por\" \/>\n\t<meta name=\"twitter:data1\" content=\"Gustavo Estigarribia\" \/>\n\t<meta name=\"twitter:label2\" content=\"Tiempo de lectura\" \/>\n\t<meta name=\"twitter:data2\" content=\"1 minuto\" \/>\n<script type=\"application\/ld+json\" class=\"yoast-schema-graph\">{\"@context\":\"https:\\\/\\\/schema.org\",\"@graph\":[{\"@type\":\"Article\",\"@id\":\"https:\\\/\\\/diariodeloeste.com\\\/noticias\\\/2019\\\/07\\\/11\\\/jaime-mendez-inauguro-20-cuadras-de-pavimento-en-santa-brigida\\\/#article\",\"isPartOf\":{\"@id\":\"https:\\\/\\\/diariodeloeste.com\\\/noticias\\\/2019\\\/07\\\/11\\\/jaime-mendez-inauguro-20-cuadras-de-pavimento-en-santa-brigida\\\/\"},\"author\":{\"name\":\"Gustavo Estigarribia\",\"@id\":\"https:\\\/\\\/diariodeloeste.com\\\/noticias\\\/#\\\/schema\\\/person\\\/3a3a5f3ec7ed5a075fa74c2ff26c22ea\"},\"headline\":\"Jaime M\u00e9ndez inaugur\u00f3 20 cuadras de pavimento en Santa Br\u00edgida\",\"datePublished\":\"2019-07-11T20:29:57+00:00\",\"mainEntityOfPage\":{\"@id\":\"https:\\\/\\\/diariodeloeste.com\\\/noticias\\\/2019\\\/07\\\/11\\\/jaime-mendez-inauguro-20-cuadras-de-pavimento-en-santa-brigida\\\/\"},\"wordCount\":173,\"publisher\":{\"@id\":\"https:\\\/\\\/diariodeloeste.com\\\/noticias\\\/#organization\"},\"image\":{\"@id\":\"https:\\\/\\\/diariodeloeste.com\\\/noticias\\\/2019\\\/07\\\/11\\\/jaime-mendez-inauguro-20-cuadras-de-pavimento-en-santa-brigida\\\/#primaryimage\"},\"thumbnailUrl\":\"https:\\\/\\\/diariodeloeste.com\\\/noticias\\\/wp-content\\\/uploads\\\/2019\\\/07\\\/Jaime-M\u00e9ndez-con-vecina-del-barrio.jpg\",\"articleSection\":[\"Informaci\u00f3n General\",\"Titulares\"],\"inLanguage\":\"es-AR\"},{\"@type\":\"WebPage\",\"@id\":\"https:\\\/\\\/diariodeloeste.com\\\/noticias\\\/2019\\\/07\\\/11\\\/jaime-mendez-inauguro-20-cuadras-de-pavimento-en-santa-brigida\\\/\",\"url\":\"https:\\\/\\\/diariodeloeste.com\\\/noticias\\\/2019\\\/07\\\/11\\\/jaime-mendez-inauguro-20-cuadras-de-pavimento-en-santa-brigida\\\/\",\"name\":\"Jaime M\u00e9ndez inaugur\u00f3 20 cuadras de pavimento en Santa Br\u00edgida - Diario del Oeste\",\"isPartOf\":{\"@id\":\"https:\\\/\\\/diariodeloeste.com\\\/noticias\\\/#website\"},\"primaryImageOfPage\":{\"@id\":\"https:\\\/\\\/diariodeloeste.com\\\/noticias\\\/2019\\\/07\\\/11\\\/jaime-mendez-inauguro-20-cuadras-de-pavimento-en-santa-brigida\\\/#primaryimage\"},\"image\":{\"@id\":\"https:\\\/\\\/diariodeloeste.com\\\/noticias\\\/2019\\\/07\\\/11\\\/jaime-mendez-inauguro-20-cuadras-de-pavimento-en-santa-brigida\\\/#primaryimage\"},\"thumbnailUrl\":\"https:\\\/\\\/diariodeloeste.com\\\/noticias\\\/wp-content\\\/uploads\\\/2019\\\/07\\\/Jaime-M\u00e9ndez-con-vecina-del-barrio.jpg\",\"datePublished\":\"2019-07-11T20:29:57+00:00\",\"breadcrumb\":{\"@id\":\"https:\\\/\\\/diariodeloeste.com\\\/noticias\\\/2019\\\/07\\\/11\\\/jaime-mendez-inauguro-20-cuadras-de-pavimento-en-santa-brigida\\\/#breadcrumb\"},\"inLanguage\":\"es-AR\",\"potentialAction\":[{\"@type\":\"ReadAction\",\"target\":[\"https:\\\/\\\/diariodeloeste.com\\\/noticias\\\/2019\\\/07\\\/11\\\/jaime-mendez-inauguro-20-cuadras-de-pavimento-en-santa-brigida\\\/\"]}]},{\"@type\":\"ImageObject\",\"inLanguage\":\"es-AR\",\"@id\":\"https:\\\/\\\/diariodeloeste.com\\\/noticias\\\/2019\\\/07\\\/11\\\/jaime-mendez-inauguro-20-cuadras-de-pavimento-en-santa-brigida\\\/#primaryimage\",\"url\":\"https:\\\/\\\/diariodeloeste.com\\\/noticias\\\/wp-content\\\/uploads\\\/2019\\\/07\\\/Jaime-M\u00e9ndez-con-vecina-del-barrio.jpg\",\"contentUrl\":\"https:\\\/\\\/diariodeloeste.com\\\/noticias\\\/wp-content\\\/uploads\\\/2019\\\/07\\\/Jaime-M\u00e9ndez-con-vecina-del-barrio.jpg\",\"width\":960,\"height\":639},{\"@type\":\"BreadcrumbList\",\"@id\":\"https:\\\/\\\/diariodeloeste.com\\\/noticias\\\/2019\\\/07\\\/11\\\/jaime-mendez-inauguro-20-cuadras-de-pavimento-en-santa-brigida\\\/#breadcrumb\",\"itemListElement\":[{\"@type\":\"ListItem\",\"position\":1,\"name\":\"Inicio\",\"item\":\"https:\\\/\\\/diariodeloeste.com\\\/noticias\\\/\"},{\"@type\":\"ListItem\",\"position\":2,\"name\":\"Jaime M\u00e9ndez inaugur\u00f3 20 cuadras de pavimento en Santa Br\u00edgida\"}]},{\"@type\":\"WebSite\",\"@id\":\"https:\\\/\\\/diariodeloeste.com\\\/noticias\\\/#website\",\"url\":\"https:\\\/\\\/diariodeloeste.com\\\/noticias\\\/\",\"name\":\"Diario del Oeste\",\"description\":\"Noticias del Oeste\",\"publisher\":{\"@id\":\"https:\\\/\\\/diariodeloeste.com\\\/noticias\\\/#organization\"},\"potentialAction\":[{\"@type\":\"SearchAction\",\"target\":{\"@type\":\"EntryPoint\",\"urlTemplate\":\"https:\\\/\\\/diariodeloeste.com\\\/noticias\\\/?s={search_term_string}\"},\"query-input\":{\"@type\":\"PropertyValueSpecification\",\"valueRequired\":true,\"valueName\":\"search_term_string\"}}],\"inLanguage\":\"es-AR\"},{\"@type\":\"Organization\",\"@id\":\"https:\\\/\\\/diariodeloeste.com\\\/noticias\\\/#organization\",\"name\":\"Diario del Oeste\",\"url\":\"https:\\\/\\\/diariodeloeste.com\\\/noticias\\\/\",\"logo\":{\"@type\":\"ImageObject\",\"inLanguage\":\"es-AR\",\"@id\":\"https:\\\/\\\/diariodeloeste.com\\\/noticias\\\/#\\\/schema\\\/logo\\\/image\\\/\",\"url\":\"https:\\\/\\\/diariodeloeste.com\\\/noticias\\\/wp-content\\\/uploads\\\/2019\\\/04\\\/logo.png\",\"contentUrl\":\"https:\\\/\\\/diariodeloeste.com\\\/noticias\\\/wp-content\\\/uploads\\\/2019\\\/04\\\/logo.png\",\"width\":306,\"height\":145,\"caption\":\"Diario del Oeste\"},\"image\":{\"@id\":\"https:\\\/\\\/diariodeloeste.com\\\/noticias\\\/#\\\/schema\\\/logo\\\/image\\\/\"}},{\"@type\":\"Person\",\"@id\":\"https:\\\/\\\/diariodeloeste.com\\\/noticias\\\/#\\\/schema\\\/person\\\/3a3a5f3ec7ed5a075fa74c2ff26c22ea\",\"name\":\"Gustavo Estigarribia\",\"image\":{\"@type\":\"ImageObject\",\"inLanguage\":\"es-AR\",\"@id\":\"https:\\\/\\\/secure.gravatar.com\\\/avatar\\\/672cb09e7a268a367094420673bf8f01ae6b90fa8d1005589efaf5a58fb1906b?s=96&d=mm&r=g\",\"url\":\"https:\\\/\\\/secure.gravatar.com\\\/avatar\\\/672cb09e7a268a367094420673bf8f01ae6b90fa8d1005589efaf5a58fb1906b?s=96&d=mm&r=g\",\"contentUrl\":\"https:\\\/\\\/secure.gravatar.com\\\/avatar\\\/672cb09e7a268a367094420673bf8f01ae6b90fa8d1005589efaf5a58fb1906b?s=96&d=mm&r=g\",\"caption\":\"Gustavo Estigarribia\"},\"description\":\"Periodista\",\"sameAs\":[\"http:\\\/\\\/diarioplus.com.ar\"],\"url\":\"https:\\\/\\\/diariodeloeste.com\\\/noticias\\\/author\\\/gustavo\\\/\"}]}<\/script>\n<!-- \/ Yoast SEO plugin. -->","yoast_head_json":{"title":"Jaime M\u00e9ndez inaugur\u00f3 20 cuadras de pavimento en Santa Br\u00edgida - Diario del Oeste","robots":{"index":"index","follow":"follow","max-snippet":"max-snippet:-1","max-image-preview":"max-image-preview:large","max-video-preview":"max-video-preview:-1"},"canonical":"https:\/\/diariodeloeste.com\/noticias\/2019\/07\/11\/jaime-mendez-inauguro-20-cuadras-de-pavimento-en-santa-brigida\/","og_locale":"es_ES","og_type":"article","og_title":"Jaime M\u00e9ndez inaugur\u00f3 20 cuadras de pavimento en Santa Br\u00edgida - Diario del Oeste","og_description":"Jaime M\u00e9ndez inaugur\u00f3 20 cuadras de pavimento en Santa Br\u00edgida Se trata de las calles Callao y Tres Mar\u00edas, donde adem\u00e1s los vecinos disfrutaron de un desfile c\u00edvico militar y de espect\u00e1culos folcl\u00f3ricos por el D\u00eda de la Independencia.&nbsp; Acompa\u00f1ado por el ministro de Gobierno de la Provincia, Joaqu\u00edn de la Torre, y el secretario [&hellip;]","og_url":"https:\/\/diariodeloeste.com\/noticias\/2019\/07\/11\/jaime-mendez-inauguro-20-cuadras-de-pavimento-en-santa-brigida\/","og_site_name":"Diario del Oeste","article_published_time":"2019-07-11T20:29:57+00:00","og_image":[{"width":960,"height":639,"url":"https:\/\/diariodeloeste.com\/noticias\/wp-content\/uploads\/2019\/07\/Jaime-M\u00e9ndez-con-vecina-del-barrio.jpg","type":"image\/jpeg"}],"author":"Gustavo Estigarribia","twitter_card":"summary_large_image","twitter_misc":{"Escrito por":"Gustavo Estigarribia","Tiempo de lectura":"1 minuto"},"schema":{"@context":"https:\/\/schema.org","@graph":[{"@type":"Article","@id":"https:\/\/diariodeloeste.com\/noticias\/2019\/07\/11\/jaime-mendez-inauguro-20-cuadras-de-pavimento-en-santa-brigida\/#article","isPartOf":{"@id":"https:\/\/diariodeloeste.com\/noticias\/2019\/07\/11\/jaime-mendez-inauguro-20-cuadras-de-pavimento-en-santa-brigida\/"},"author":{"name":"Gustavo Estigarribia","@id":"https:\/\/diariodeloeste.com\/noticias\/#\/schema\/person\/3a3a5f3ec7ed5a075fa74c2ff26c22ea"},"headline":"Jaime M\u00e9ndez inaugur\u00f3 20 cuadras de pavimento en Santa Br\u00edgida","datePublished":"2019-07-11T20:29:57+00:00","mainEntityOfPage":{"@id":"https:\/\/diariodeloeste.com\/noticias\/2019\/07\/11\/jaime-mendez-inauguro-20-cuadras-de-pavimento-en-santa-brigida\/"},"wordCount":173,"publisher":{"@id":"https:\/\/diariodeloeste.com\/noticias\/#organization"},"image":{"@id":"https:\/\/diariodeloeste.com\/noticias\/2019\/07\/11\/jaime-mendez-inauguro-20-cuadras-de-pavimento-en-santa-brigida\/#primaryimage"},"thumbnailUrl":"https:\/\/diariodeloeste.com\/noticias\/wp-content\/uploads\/2019\/07\/Jaime-M\u00e9ndez-con-vecina-del-barrio.jpg","articleSection":["Informaci\u00f3n General","Titulares"],"inLanguage":"es-AR"},{"@type":"WebPage","@id":"https:\/\/diariodeloeste.com\/noticias\/2019\/07\/11\/jaime-mendez-inauguro-20-cuadras-de-pavimento-en-santa-brigida\/","url":"https:\/\/diariodeloeste.com\/noticias\/2019\/07\/11\/jaime-mendez-inauguro-20-cuadras-de-pavimento-en-santa-brigida\/","name":"Jaime M\u00e9ndez inaugur\u00f3 20 cuadras de pavimento en Santa Br\u00edgida - Diario del Oeste","isPartOf":{"@id":"https:\/\/diariodeloeste.com\/noticias\/#website"},"primaryImageOfPage":{"@id":"https:\/\/diariodeloeste.com\/noticias\/2019\/07\/11\/jaime-mendez-inauguro-20-cuadras-de-pavimento-en-santa-brigida\/#primaryimage"},"image":{"@id":"https:\/\/diariodeloeste.com\/noticias\/2019\/07\/11\/jaime-mendez-inauguro-20-cuadras-de-pavimento-en-santa-brigida\/#primaryimage"},"thumbnailUrl":"https:\/\/diariodeloeste.com\/noticias\/wp-content\/uploads\/2019\/07\/Jaime-M\u00e9ndez-con-vecina-del-barrio.jpg","datePublished":"2019-07-11T20:29:57+00:00","breadcrumb":{"@id":"https:\/\/diariodeloeste.com\/noticias\/2019\/07\/11\/jaime-mendez-inauguro-20-cuadras-de-pavimento-en-santa-brigida\/#breadcrumb"},"inLanguage":"es-AR","potentialAction":[{"@type":"ReadAction","target":["https:\/\/diariodeloeste.com\/noticias\/2019\/07\/11\/jaime-mendez-inauguro-20-cuadras-de-pavimento-en-santa-brigida\/"]}]},{"@type":"ImageObject","inLanguage":"es-AR","@id":"https:\/\/diariodeloeste.com\/noticias\/2019\/07\/11\/jaime-mendez-inauguro-20-cuadras-de-pavimento-en-santa-brigida\/#primaryimage","url":"https:\/\/diariodeloeste.com\/noticias\/wp-content\/uploads\/2019\/07\/Jaime-M\u00e9ndez-con-vecina-del-barrio.jpg","contentUrl":"https:\/\/diariodeloeste.com\/noticias\/wp-content\/uploads\/2019\/07\/Jaime-M\u00e9ndez-con-vecina-del-barrio.jpg","width":960,"height":639},{"@type":"BreadcrumbList","@id":"https:\/\/diariodeloeste.com\/noticias\/2019\/07\/11\/jaime-mendez-inauguro-20-cuadras-de-pavimento-en-santa-brigida\/#breadcrumb","itemListElement":[{"@type":"ListItem","position":1,"name":"Inicio","item":"https:\/\/diariodeloeste.com\/noticias\/"},{"@type":"ListItem","position":2,"name":"Jaime M\u00e9ndez inaugur\u00f3 20 cuadras de pavimento en Santa Br\u00edgida"}]},{"@type":"WebSite","@id":"https:\/\/diariodeloeste.com\/noticias\/#website","url":"https:\/\/diariodeloeste.com\/noticias\/","name":"Diario del Oeste","description":"Noticias del Oeste","publisher":{"@id":"https:\/\/diariodeloeste.com\/noticias\/#organization"},"potentialAction":[{"@type":"SearchAction","target":{"@type":"EntryPoint","urlTemplate":"https:\/\/diariodeloeste.com\/noticias\/?s={search_term_string}"},"query-input":{"@type":"PropertyValueSpecification","valueRequired":true,"valueName":"search_term_string"}}],"inLanguage":"es-AR"},{"@type":"Organization","@id":"https:\/\/diariodeloeste.com\/noticias\/#organization","name":"Diario del Oeste","url":"https:\/\/diariodeloeste.com\/noticias\/","logo":{"@type":"ImageObject","inLanguage":"es-AR","@id":"https:\/\/diariodeloeste.com\/noticias\/#\/schema\/logo\/image\/","url":"https:\/\/diariodeloeste.com\/noticias\/wp-content\/uploads\/2019\/04\/logo.png","contentUrl":"https:\/\/diariodeloeste.com\/noticias\/wp-content\/uploads\/2019\/04\/logo.png","width":306,"height":145,"caption":"Diario del Oeste"},"image":{"@id":"https:\/\/diariodeloeste.com\/noticias\/#\/schema\/logo\/image\/"}},{"@type":"Person","@id":"https:\/\/diariodeloeste.com\/noticias\/#\/schema\/person\/3a3a5f3ec7ed5a075fa74c2ff26c22ea","name":"Gustavo Estigarribia","image":{"@type":"ImageObject","inLanguage":"es-AR","@id":"https:\/\/secure.gravatar.com\/avatar\/672cb09e7a268a367094420673bf8f01ae6b90fa8d1005589efaf5a58fb1906b?s=96&d=mm&r=g","url":"https:\/\/secure.gravatar.com\/avatar\/672cb09e7a268a367094420673bf8f01ae6b90fa8d1005589efaf5a58fb1906b?s=96&d=mm&r=g","contentUrl":"https:\/\/secure.gravatar.com\/avatar\/672cb09e7a268a367094420673bf8f01ae6b90fa8d1005589efaf5a58fb1906b?s=96&d=mm&r=g","caption":"Gustavo Estigarribia"},"description":"Periodista","sameAs":["http:\/\/diarioplus.com.ar"],"url":"https:\/\/diariodeloeste.com\/noticias\/author\/gustavo\/"}]}},"_links":{"self":[{"href":"https:\/\/diariodeloeste.com\/noticias\/wp-json\/wp\/v2\/posts\/3889","targetHints":{"allow":["GET"]}}],"collection":[{"href":"https:\/\/diariodeloeste.com\/noticias\/wp-json\/wp\/v2\/posts"}],"about":[{"href":"https:\/\/diariodeloeste.com\/noticias\/wp-json\/wp\/v2\/types\/post"}],"author":[{"embeddable":true,"href":"https:\/\/diariodeloeste.com\/noticias\/wp-json\/wp\/v2\/users\/2"}],"replies":[{"embeddable":true,"href":"https:\/\/diariodeloeste.com\/noticias\/wp-json\/wp\/v2\/comments?post=3889"}],"version-history":[{"count":1,"href":"https:\/\/diariodeloeste.com\/noticias\/wp-json\/wp\/v2\/posts\/3889\/revisions"}],"predecessor-version":[{"id":3896,"href":"https:\/\/diariodeloeste.com\/noticias\/wp-json\/wp\/v2\/posts\/3889\/revisions\/3896"}],"wp:featuredmedia":[{"embeddable":true,"href":"https:\/\/diariodeloeste.com\/noticias\/wp-json\/wp\/v2\/media\/3890"}],"wp:attachment":[{"href":"https:\/\/diariodeloeste.com\/noticias\/wp-json\/wp\/v2\/media?parent=3889"}],"wp:term":[{"taxonomy":"category","embeddable":true,"href":"https:\/\/diariodeloeste.com\/noticias\/wp-json\/wp\/v2\/categories?post=3889"},{"taxonomy":"post_tag","embeddable":true,"href":"https:\/\/diariodeloeste.com\/noticias\/wp-json\/wp\/v2\/tags?post=3889"}],"curies":[{"name":"wp","href":"https:\/\/api.w.org\/{rel}","templated":true}]}}