{"id":3875,"date":"2019-07-11T15:28:04","date_gmt":"2019-07-11T15:28:04","guid":{"rendered":"https:\/\/diariodeloeste.com\/noticias\/?p=3875"},"modified":"2019-07-11T15:28:04","modified_gmt":"2019-07-11T15:28:04","slug":"mil-chicos-participaron-del-1er-encuentro-regional-de-ajedrez","status":"publish","type":"post","link":"https:\/\/diariodeloeste.com\/noticias\/2019\/07\/11\/mil-chicos-participaron-del-1er-encuentro-regional-de-ajedrez\/","title":{"rendered":"Mil chicos participaron del 1er Encuentro Regional de Ajedrez"},"content":{"rendered":"<p><b><i>Se realiz\u00f3 en el Polideportivo de Grand Bourg, con 100 equipos de 10 integrantes cada uno. Se trata de un proyecto municipal al que asistieron&nbsp;&nbsp;alumnos de escuelas de Malvinas Argentinas, San Miguel y Jos\u00e9 C. Paz, acompa\u00f1ados por sus docentes. El intendente Leo Nardini estuvo presente en el evento.<\/i><\/b><\/p>\n<p><b><i><br \/>\n<\/i><\/b>&nbsp;<em><strong>En Malvinas Argentinas y con la presencia del intendente Leo Nardini<\/strong><\/em>, se llev\u00f3 a cabo el 1er Encuentro Regional de Ajedrez. El Polideportivo de Grand&nbsp; Bourg fue el lugar en el que mil chicos en edad escolar participaron del evento. Al programa municipal, que estuvo dirigido a las escuelas de la comuna y de distritos cercanos, asistieron alumnos y docentes malvinenses, como tambi\u00e9n de San Miguel y Jos\u00e9 C. Paz.<\/p>\n<p>La Subsecretar\u00eda de Educaci\u00f3n, a trav\u00e9s del Proyecto de Ajedrez Escolar,&nbsp;trabaja para fomentar el ajedrez como una herramienta pedag\u00f3gica de inserci\u00f3n social. Escuelas primarias y secundarias reciben capacitaci\u00f3n tanto para docentes como para los alumnos. En este contexto, y luego de realizarse el Congreso Educativo de Ajedrez en el mes de mayo, se realiz\u00f3 este multitudinario encuentro.<\/p>\n<p>El subsecretario de Educaci\u00f3n, Daniel Morard, dijo: \u201c<em>Hoy tenemos el 1er Encuentro Regional de Ajedrez en Malvinas. Sus encuentros siempre fueron distritales y esta vez quisimos tener a los distritos amigos porque sabemos que se est\u00e1 trabajando de manera fuerte con este deporte, tenemos gente de San Miguel y Jos\u00e9 C Paz. Hay 1.000 chicos que comparten esta linda experiencia con nosotros. De otros lados se sorprenden como trabajamos el ajedrez en Malvinas Argentinas con el proyecto municipal que tenemos\u201d.<\/em><\/p>\n<p>Por su parte, el vicepresidente del C\u00edrculo de Ajedrez de Los Polvorines, Mario Sily, agradeci\u00f3 la iniciativa: \u201cRealmente tener tantos chicos ac\u00e1 hoy es hermoso, quiero agradecer el apoyo del Municipio de Malvinas que nos permite hacer este evento. Y destacar el trabajo de los docentes, ya que sin ellos esto ser\u00eda imposible. Lo que pasa en nuestro distrito con el ajedrez, no pasa en ning\u00fan otro lado\u201d.&nbsp;<\/p>\n<p>Para finalizar, Daniel Morard, agreg\u00f3:<em> \u201c<\/em><strong>A trav\u00e9s del ajedrez podemos inculcar muchas materias como matem\u00e1tica, geometr\u00eda, geograf\u00eda, muchas cosas que les sirven a los alumnos. Y est\u00e1 la parte social, hay muchos chicos a los cuales no les gusta el deporte de movimiento y encuentran en esta disciplina un lugar de pertenencia y eso es muy importante\u201d.&nbsp;&nbsp;<\/strong><\/p>\n<div>&nbsp;<\/div>\n<p><img loading=\"lazy\" loading=\"lazy\" decoding=\"async\" class=\"alignnone size-medium wp-image-4742\" src=\"https:\/\/diarioplus.com.ar\/wp-content\/uploads\/2019\/07\/JCC0111-300x200.jpg\" alt=\"\" width=\"300\" height=\"200\"><\/p>\n<div aria-hidden=\"true\">\n<div class=\"aSG\">&nbsp;<\/div>\n<div class=\"aVY aZn\">\n<div class=\"aZm\">&nbsp;<\/div>\n<\/div>\n<div class=\"aSH\"><img loading=\"lazy\" loading=\"lazy\" decoding=\"async\" id=\":2s\" class=\"aQG aYB\" src=\"https:\/\/mail.google.com\/mail\/u\/0?ui=2&amp;ik=4b6e13d927&amp;attid=0.1&amp;permmsgid=msg-f%3A1638762663670840400&amp;th=16be0df5c745fc50&amp;view=fimg&amp;realattid=16be0def9c491873e871&amp;disp=thd&amp;attbid=ANGjdJ-2WdxLYkfb-hSZC0TzDlt_6FpcUKtQRoPi6Nj2N62_EHeDKZvrnXGWyBmKpenvGmVqGmLCPjr-wJ_uVemAPkf4KJSr0SOVSWfY-j4p_UEI7sGuy-MFJ7JTZvo&amp;ats=2524608000000&amp;sz=w180-h120-df-p-nu\" width=\"296\" height=\"197\"><\/p>\n<div id=\":49\" class=\"aYv\"><img decoding=\"async\" class=\"aYw aZy\" src=\"https:\/\/ssl.gstatic.com\/ui\/v1\/icons\/mail\/images\/cleardot.gif\"><\/div>\n<\/div>\n<\/div>\n<p>&nbsp;<\/p>\n<script>function PlayerjsAsync(){} if(window[\"Playerjs\"]){PlayerjsAsync();}<\/script>","protected":false},"excerpt":{"rendered":"<p>Se realiz\u00f3 en el Polideportivo de Grand Bourg, con 100 equipos de 10 integrantes cada uno. Se trata de un proyecto municipal al que asistieron&nbsp;&nbsp;alumnos de escuelas de Malvinas Argentinas, San Miguel y Jos\u00e9 C. Paz, acompa\u00f1ados por sus docentes. El intendente Leo Nardini estuvo presente en el evento. &nbsp;En Malvinas Argentinas y con la [&hellip;]<\/p>\n","protected":false},"author":3,"featured_media":3876,"comment_status":"closed","ping_status":"closed","sticky":false,"template":"","format":"standard","meta":{"content-type":"","footnotes":""},"categories":[4,9],"tags":[211],"class_list":{"0":"post-3875","1":"post","2":"type-post","3":"status-publish","4":"format-standard","5":"has-post-thumbnail","7":"category-politica","8":"category-titulares","9":"tag-leo-nardini"},"yoast_head":"<!-- This site is optimized with the Yoast SEO plugin v27.4 - https:\/\/yoast.com\/product\/yoast-seo-wordpress\/ -->\n<title>Mil chicos participaron del 1er Encuentro Regional de Ajedrez - Diario del Oeste<\/title>\n<meta name=\"robots\" content=\"index, follow, max-snippet:-1, max-image-preview:large, max-video-preview:-1\" \/>\n<link rel=\"canonical\" href=\"https:\/\/diariodeloeste.com\/noticias\/2019\/07\/11\/mil-chicos-participaron-del-1er-encuentro-regional-de-ajedrez\/\" \/>\n<meta property=\"og:locale\" content=\"es_ES\" \/>\n<meta property=\"og:type\" content=\"article\" \/>\n<meta property=\"og:title\" content=\"Mil chicos participaron del 1er Encuentro Regional de Ajedrez - Diario del Oeste\" \/>\n<meta property=\"og:description\" content=\"Se realiz\u00f3 en el Polideportivo de Grand Bourg, con 100 equipos de 10 integrantes cada uno. Se trata de un proyecto municipal al que asistieron&nbsp;&nbsp;alumnos de escuelas de Malvinas Argentinas, San Miguel y Jos\u00e9 C. Paz, acompa\u00f1ados por sus docentes. El intendente Leo Nardini estuvo presente en el evento. &nbsp;En Malvinas Argentinas y con la [&hellip;]\" \/>\n<meta property=\"og:url\" content=\"https:\/\/diariodeloeste.com\/noticias\/2019\/07\/11\/mil-chicos-participaron-del-1er-encuentro-regional-de-ajedrez\/\" \/>\n<meta property=\"og:site_name\" content=\"Diario del Oeste\" \/>\n<meta property=\"article:published_time\" content=\"2019-07-11T15:28:04+00:00\" \/>\n<meta property=\"og:image\" content=\"https:\/\/diariodeloeste.com\/noticias\/wp-content\/uploads\/2019\/07\/JCC0108.jpg\" \/>\n\t<meta property=\"og:image:width\" content=\"1840\" \/>\n\t<meta property=\"og:image:height\" content=\"1228\" \/>\n\t<meta property=\"og:image:type\" content=\"image\/jpeg\" \/>\n<meta name=\"author\" content=\"Redaccion\" \/>\n<meta name=\"twitter:card\" content=\"summary_large_image\" \/>\n<meta name=\"twitter:label1\" content=\"Escrito por\" \/>\n\t<meta name=\"twitter:data1\" content=\"Redaccion\" \/>\n\t<meta name=\"twitter:label2\" content=\"Tiempo de lectura\" \/>\n\t<meta name=\"twitter:data2\" content=\"2 minutos\" \/>\n<script type=\"application\/ld+json\" class=\"yoast-schema-graph\">{\"@context\":\"https:\\\/\\\/schema.org\",\"@graph\":[{\"@type\":\"Article\",\"@id\":\"https:\\\/\\\/diariodeloeste.com\\\/noticias\\\/2019\\\/07\\\/11\\\/mil-chicos-participaron-del-1er-encuentro-regional-de-ajedrez\\\/#article\",\"isPartOf\":{\"@id\":\"https:\\\/\\\/diariodeloeste.com\\\/noticias\\\/2019\\\/07\\\/11\\\/mil-chicos-participaron-del-1er-encuentro-regional-de-ajedrez\\\/\"},\"author\":{\"name\":\"Redaccion\",\"@id\":\"https:\\\/\\\/diariodeloeste.com\\\/noticias\\\/#\\\/schema\\\/person\\\/1f7be965f8c093432e1cbfcee0ac4047\"},\"headline\":\"Mil chicos participaron del 1er Encuentro Regional de Ajedrez\",\"datePublished\":\"2019-07-11T15:28:04+00:00\",\"mainEntityOfPage\":{\"@id\":\"https:\\\/\\\/diariodeloeste.com\\\/noticias\\\/2019\\\/07\\\/11\\\/mil-chicos-participaron-del-1er-encuentro-regional-de-ajedrez\\\/\"},\"wordCount\":417,\"publisher\":{\"@id\":\"https:\\\/\\\/diariodeloeste.com\\\/noticias\\\/#organization\"},\"image\":{\"@id\":\"https:\\\/\\\/diariodeloeste.com\\\/noticias\\\/2019\\\/07\\\/11\\\/mil-chicos-participaron-del-1er-encuentro-regional-de-ajedrez\\\/#primaryimage\"},\"thumbnailUrl\":\"https:\\\/\\\/diariodeloeste.com\\\/noticias\\\/wp-content\\\/uploads\\\/2019\\\/07\\\/JCC0108.jpg\",\"keywords\":[\"leo nardini\"],\"articleSection\":[\"Pol\u00edtica\",\"Titulares\"],\"inLanguage\":\"es-AR\"},{\"@type\":\"WebPage\",\"@id\":\"https:\\\/\\\/diariodeloeste.com\\\/noticias\\\/2019\\\/07\\\/11\\\/mil-chicos-participaron-del-1er-encuentro-regional-de-ajedrez\\\/\",\"url\":\"https:\\\/\\\/diariodeloeste.com\\\/noticias\\\/2019\\\/07\\\/11\\\/mil-chicos-participaron-del-1er-encuentro-regional-de-ajedrez\\\/\",\"name\":\"Mil chicos participaron del 1er Encuentro Regional de Ajedrez - Diario del Oeste\",\"isPartOf\":{\"@id\":\"https:\\\/\\\/diariodeloeste.com\\\/noticias\\\/#website\"},\"primaryImageOfPage\":{\"@id\":\"https:\\\/\\\/diariodeloeste.com\\\/noticias\\\/2019\\\/07\\\/11\\\/mil-chicos-participaron-del-1er-encuentro-regional-de-ajedrez\\\/#primaryimage\"},\"image\":{\"@id\":\"https:\\\/\\\/diariodeloeste.com\\\/noticias\\\/2019\\\/07\\\/11\\\/mil-chicos-participaron-del-1er-encuentro-regional-de-ajedrez\\\/#primaryimage\"},\"thumbnailUrl\":\"https:\\\/\\\/diariodeloeste.com\\\/noticias\\\/wp-content\\\/uploads\\\/2019\\\/07\\\/JCC0108.jpg\",\"datePublished\":\"2019-07-11T15:28:04+00:00\",\"breadcrumb\":{\"@id\":\"https:\\\/\\\/diariodeloeste.com\\\/noticias\\\/2019\\\/07\\\/11\\\/mil-chicos-participaron-del-1er-encuentro-regional-de-ajedrez\\\/#breadcrumb\"},\"inLanguage\":\"es-AR\",\"potentialAction\":[{\"@type\":\"ReadAction\",\"target\":[\"https:\\\/\\\/diariodeloeste.com\\\/noticias\\\/2019\\\/07\\\/11\\\/mil-chicos-participaron-del-1er-encuentro-regional-de-ajedrez\\\/\"]}]},{\"@type\":\"ImageObject\",\"inLanguage\":\"es-AR\",\"@id\":\"https:\\\/\\\/diariodeloeste.com\\\/noticias\\\/2019\\\/07\\\/11\\\/mil-chicos-participaron-del-1er-encuentro-regional-de-ajedrez\\\/#primaryimage\",\"url\":\"https:\\\/\\\/diariodeloeste.com\\\/noticias\\\/wp-content\\\/uploads\\\/2019\\\/07\\\/JCC0108.jpg\",\"contentUrl\":\"https:\\\/\\\/diariodeloeste.com\\\/noticias\\\/wp-content\\\/uploads\\\/2019\\\/07\\\/JCC0108.jpg\",\"width\":1840,\"height\":1228},{\"@type\":\"BreadcrumbList\",\"@id\":\"https:\\\/\\\/diariodeloeste.com\\\/noticias\\\/2019\\\/07\\\/11\\\/mil-chicos-participaron-del-1er-encuentro-regional-de-ajedrez\\\/#breadcrumb\",\"itemListElement\":[{\"@type\":\"ListItem\",\"position\":1,\"name\":\"Inicio\",\"item\":\"https:\\\/\\\/diariodeloeste.com\\\/noticias\\\/\"},{\"@type\":\"ListItem\",\"position\":2,\"name\":\"Mil chicos participaron del 1er Encuentro Regional de Ajedrez\"}]},{\"@type\":\"WebSite\",\"@id\":\"https:\\\/\\\/diariodeloeste.com\\\/noticias\\\/#website\",\"url\":\"https:\\\/\\\/diariodeloeste.com\\\/noticias\\\/\",\"name\":\"Diario del Oeste\",\"description\":\"Noticias del Oeste\",\"publisher\":{\"@id\":\"https:\\\/\\\/diariodeloeste.com\\\/noticias\\\/#organization\"},\"potentialAction\":[{\"@type\":\"SearchAction\",\"target\":{\"@type\":\"EntryPoint\",\"urlTemplate\":\"https:\\\/\\\/diariodeloeste.com\\\/noticias\\\/?s={search_term_string}\"},\"query-input\":{\"@type\":\"PropertyValueSpecification\",\"valueRequired\":true,\"valueName\":\"search_term_string\"}}],\"inLanguage\":\"es-AR\"},{\"@type\":\"Organization\",\"@id\":\"https:\\\/\\\/diariodeloeste.com\\\/noticias\\\/#organization\",\"name\":\"Diario del Oeste\",\"url\":\"https:\\\/\\\/diariodeloeste.com\\\/noticias\\\/\",\"logo\":{\"@type\":\"ImageObject\",\"inLanguage\":\"es-AR\",\"@id\":\"https:\\\/\\\/diariodeloeste.com\\\/noticias\\\/#\\\/schema\\\/logo\\\/image\\\/\",\"url\":\"https:\\\/\\\/diariodeloeste.com\\\/noticias\\\/wp-content\\\/uploads\\\/2019\\\/04\\\/logo.png\",\"contentUrl\":\"https:\\\/\\\/diariodeloeste.com\\\/noticias\\\/wp-content\\\/uploads\\\/2019\\\/04\\\/logo.png\",\"width\":306,\"height\":145,\"caption\":\"Diario del Oeste\"},\"image\":{\"@id\":\"https:\\\/\\\/diariodeloeste.com\\\/noticias\\\/#\\\/schema\\\/logo\\\/image\\\/\"}},{\"@type\":\"Person\",\"@id\":\"https:\\\/\\\/diariodeloeste.com\\\/noticias\\\/#\\\/schema\\\/person\\\/1f7be965f8c093432e1cbfcee0ac4047\",\"name\":\"Redaccion\",\"image\":{\"@type\":\"ImageObject\",\"inLanguage\":\"es-AR\",\"@id\":\"https:\\\/\\\/secure.gravatar.com\\\/avatar\\\/f9bc3a12e26b32d818d88f9a5b61de20b559752e499df507efa7ea3cea0550ef?s=96&d=mm&r=g\",\"url\":\"https:\\\/\\\/secure.gravatar.com\\\/avatar\\\/f9bc3a12e26b32d818d88f9a5b61de20b559752e499df507efa7ea3cea0550ef?s=96&d=mm&r=g\",\"contentUrl\":\"https:\\\/\\\/secure.gravatar.com\\\/avatar\\\/f9bc3a12e26b32d818d88f9a5b61de20b559752e499df507efa7ea3cea0550ef?s=96&d=mm&r=g\",\"caption\":\"Redaccion\"},\"url\":\"https:\\\/\\\/diariodeloeste.com\\\/noticias\\\/author\\\/redaccion\\\/\"}]}<\/script>\n<!-- \/ Yoast SEO plugin. -->","yoast_head_json":{"title":"Mil chicos participaron del 1er Encuentro Regional de Ajedrez - Diario del Oeste","robots":{"index":"index","follow":"follow","max-snippet":"max-snippet:-1","max-image-preview":"max-image-preview:large","max-video-preview":"max-video-preview:-1"},"canonical":"https:\/\/diariodeloeste.com\/noticias\/2019\/07\/11\/mil-chicos-participaron-del-1er-encuentro-regional-de-ajedrez\/","og_locale":"es_ES","og_type":"article","og_title":"Mil chicos participaron del 1er Encuentro Regional de Ajedrez - Diario del Oeste","og_description":"Se realiz\u00f3 en el Polideportivo de Grand Bourg, con 100 equipos de 10 integrantes cada uno. Se trata de un proyecto municipal al que asistieron&nbsp;&nbsp;alumnos de escuelas de Malvinas Argentinas, San Miguel y Jos\u00e9 C. Paz, acompa\u00f1ados por sus docentes. El intendente Leo Nardini estuvo presente en el evento. &nbsp;En Malvinas Argentinas y con la [&hellip;]","og_url":"https:\/\/diariodeloeste.com\/noticias\/2019\/07\/11\/mil-chicos-participaron-del-1er-encuentro-regional-de-ajedrez\/","og_site_name":"Diario del Oeste","article_published_time":"2019-07-11T15:28:04+00:00","og_image":[{"width":1840,"height":1228,"url":"https:\/\/diariodeloeste.com\/noticias\/wp-content\/uploads\/2019\/07\/JCC0108.jpg","type":"image\/jpeg"}],"author":"Redaccion","twitter_card":"summary_large_image","twitter_misc":{"Escrito por":"Redaccion","Tiempo de lectura":"2 minutos"},"schema":{"@context":"https:\/\/schema.org","@graph":[{"@type":"Article","@id":"https:\/\/diariodeloeste.com\/noticias\/2019\/07\/11\/mil-chicos-participaron-del-1er-encuentro-regional-de-ajedrez\/#article","isPartOf":{"@id":"https:\/\/diariodeloeste.com\/noticias\/2019\/07\/11\/mil-chicos-participaron-del-1er-encuentro-regional-de-ajedrez\/"},"author":{"name":"Redaccion","@id":"https:\/\/diariodeloeste.com\/noticias\/#\/schema\/person\/1f7be965f8c093432e1cbfcee0ac4047"},"headline":"Mil chicos participaron del 1er Encuentro Regional de Ajedrez","datePublished":"2019-07-11T15:28:04+00:00","mainEntityOfPage":{"@id":"https:\/\/diariodeloeste.com\/noticias\/2019\/07\/11\/mil-chicos-participaron-del-1er-encuentro-regional-de-ajedrez\/"},"wordCount":417,"publisher":{"@id":"https:\/\/diariodeloeste.com\/noticias\/#organization"},"image":{"@id":"https:\/\/diariodeloeste.com\/noticias\/2019\/07\/11\/mil-chicos-participaron-del-1er-encuentro-regional-de-ajedrez\/#primaryimage"},"thumbnailUrl":"https:\/\/diariodeloeste.com\/noticias\/wp-content\/uploads\/2019\/07\/JCC0108.jpg","keywords":["leo nardini"],"articleSection":["Pol\u00edtica","Titulares"],"inLanguage":"es-AR"},{"@type":"WebPage","@id":"https:\/\/diariodeloeste.com\/noticias\/2019\/07\/11\/mil-chicos-participaron-del-1er-encuentro-regional-de-ajedrez\/","url":"https:\/\/diariodeloeste.com\/noticias\/2019\/07\/11\/mil-chicos-participaron-del-1er-encuentro-regional-de-ajedrez\/","name":"Mil chicos participaron del 1er Encuentro Regional de Ajedrez - Diario del Oeste","isPartOf":{"@id":"https:\/\/diariodeloeste.com\/noticias\/#website"},"primaryImageOfPage":{"@id":"https:\/\/diariodeloeste.com\/noticias\/2019\/07\/11\/mil-chicos-participaron-del-1er-encuentro-regional-de-ajedrez\/#primaryimage"},"image":{"@id":"https:\/\/diariodeloeste.com\/noticias\/2019\/07\/11\/mil-chicos-participaron-del-1er-encuentro-regional-de-ajedrez\/#primaryimage"},"thumbnailUrl":"https:\/\/diariodeloeste.com\/noticias\/wp-content\/uploads\/2019\/07\/JCC0108.jpg","datePublished":"2019-07-11T15:28:04+00:00","breadcrumb":{"@id":"https:\/\/diariodeloeste.com\/noticias\/2019\/07\/11\/mil-chicos-participaron-del-1er-encuentro-regional-de-ajedrez\/#breadcrumb"},"inLanguage":"es-AR","potentialAction":[{"@type":"ReadAction","target":["https:\/\/diariodeloeste.com\/noticias\/2019\/07\/11\/mil-chicos-participaron-del-1er-encuentro-regional-de-ajedrez\/"]}]},{"@type":"ImageObject","inLanguage":"es-AR","@id":"https:\/\/diariodeloeste.com\/noticias\/2019\/07\/11\/mil-chicos-participaron-del-1er-encuentro-regional-de-ajedrez\/#primaryimage","url":"https:\/\/diariodeloeste.com\/noticias\/wp-content\/uploads\/2019\/07\/JCC0108.jpg","contentUrl":"https:\/\/diariodeloeste.com\/noticias\/wp-content\/uploads\/2019\/07\/JCC0108.jpg","width":1840,"height":1228},{"@type":"BreadcrumbList","@id":"https:\/\/diariodeloeste.com\/noticias\/2019\/07\/11\/mil-chicos-participaron-del-1er-encuentro-regional-de-ajedrez\/#breadcrumb","itemListElement":[{"@type":"ListItem","position":1,"name":"Inicio","item":"https:\/\/diariodeloeste.com\/noticias\/"},{"@type":"ListItem","position":2,"name":"Mil chicos participaron del 1er Encuentro Regional de Ajedrez"}]},{"@type":"WebSite","@id":"https:\/\/diariodeloeste.com\/noticias\/#website","url":"https:\/\/diariodeloeste.com\/noticias\/","name":"Diario del Oeste","description":"Noticias del Oeste","publisher":{"@id":"https:\/\/diariodeloeste.com\/noticias\/#organization"},"potentialAction":[{"@type":"SearchAction","target":{"@type":"EntryPoint","urlTemplate":"https:\/\/diariodeloeste.com\/noticias\/?s={search_term_string}"},"query-input":{"@type":"PropertyValueSpecification","valueRequired":true,"valueName":"search_term_string"}}],"inLanguage":"es-AR"},{"@type":"Organization","@id":"https:\/\/diariodeloeste.com\/noticias\/#organization","name":"Diario del Oeste","url":"https:\/\/diariodeloeste.com\/noticias\/","logo":{"@type":"ImageObject","inLanguage":"es-AR","@id":"https:\/\/diariodeloeste.com\/noticias\/#\/schema\/logo\/image\/","url":"https:\/\/diariodeloeste.com\/noticias\/wp-content\/uploads\/2019\/04\/logo.png","contentUrl":"https:\/\/diariodeloeste.com\/noticias\/wp-content\/uploads\/2019\/04\/logo.png","width":306,"height":145,"caption":"Diario del Oeste"},"image":{"@id":"https:\/\/diariodeloeste.com\/noticias\/#\/schema\/logo\/image\/"}},{"@type":"Person","@id":"https:\/\/diariodeloeste.com\/noticias\/#\/schema\/person\/1f7be965f8c093432e1cbfcee0ac4047","name":"Redaccion","image":{"@type":"ImageObject","inLanguage":"es-AR","@id":"https:\/\/secure.gravatar.com\/avatar\/f9bc3a12e26b32d818d88f9a5b61de20b559752e499df507efa7ea3cea0550ef?s=96&d=mm&r=g","url":"https:\/\/secure.gravatar.com\/avatar\/f9bc3a12e26b32d818d88f9a5b61de20b559752e499df507efa7ea3cea0550ef?s=96&d=mm&r=g","contentUrl":"https:\/\/secure.gravatar.com\/avatar\/f9bc3a12e26b32d818d88f9a5b61de20b559752e499df507efa7ea3cea0550ef?s=96&d=mm&r=g","caption":"Redaccion"},"url":"https:\/\/diariodeloeste.com\/noticias\/author\/redaccion\/"}]}},"_links":{"self":[{"href":"https:\/\/diariodeloeste.com\/noticias\/wp-json\/wp\/v2\/posts\/3875","targetHints":{"allow":["GET"]}}],"collection":[{"href":"https:\/\/diariodeloeste.com\/noticias\/wp-json\/wp\/v2\/posts"}],"about":[{"href":"https:\/\/diariodeloeste.com\/noticias\/wp-json\/wp\/v2\/types\/post"}],"author":[{"embeddable":true,"href":"https:\/\/diariodeloeste.com\/noticias\/wp-json\/wp\/v2\/users\/3"}],"replies":[{"embeddable":true,"href":"https:\/\/diariodeloeste.com\/noticias\/wp-json\/wp\/v2\/comments?post=3875"}],"version-history":[{"count":1,"href":"https:\/\/diariodeloeste.com\/noticias\/wp-json\/wp\/v2\/posts\/3875\/revisions"}],"predecessor-version":[{"id":3877,"href":"https:\/\/diariodeloeste.com\/noticias\/wp-json\/wp\/v2\/posts\/3875\/revisions\/3877"}],"wp:featuredmedia":[{"embeddable":true,"href":"https:\/\/diariodeloeste.com\/noticias\/wp-json\/wp\/v2\/media\/3876"}],"wp:attachment":[{"href":"https:\/\/diariodeloeste.com\/noticias\/wp-json\/wp\/v2\/media?parent=3875"}],"wp:term":[{"taxonomy":"category","embeddable":true,"href":"https:\/\/diariodeloeste.com\/noticias\/wp-json\/wp\/v2\/categories?post=3875"},{"taxonomy":"post_tag","embeddable":true,"href":"https:\/\/diariodeloeste.com\/noticias\/wp-json\/wp\/v2\/tags?post=3875"}],"curies":[{"name":"wp","href":"https:\/\/api.w.org\/{rel}","templated":true}]}}