{"id":3829,"date":"2019-07-08T16:13:22","date_gmt":"2019-07-08T16:13:22","guid":{"rendered":"https:\/\/diariodeloeste.com\/noticias\/?p=3829"},"modified":"2019-07-08T16:13:22","modified_gmt":"2019-07-08T16:13:22","slug":"el-barrio-teniente-ibanez-de-malvinas-argentinas-recupero-su-centro-de-salud","status":"publish","type":"post","link":"https:\/\/diariodeloeste.com\/noticias\/2019\/07\/08\/el-barrio-teniente-ibanez-de-malvinas-argentinas-recupero-su-centro-de-salud\/","title":{"rendered":"El barrio Teniente Ib\u00e1\u00f1ez de Malvinas Argentinas recuper\u00f3 su Centro de Salud"},"content":{"rendered":"<div id=\":2a\" class=\"pG\" role=\"img\" data-tooltip-contained=\"true\" data-tooltip-align=\"b,l\" data-tooltip-delay=\"1500\" aria-label=\"Por alguna raz\u00f3n, Google lo identific\u00f3 como importante.\">\n<div class=\"bnj \">\n<p><b><i>Este lugar de Ing. Adolfo Sourdeaux hab\u00eda sido cerrado en 2015, antes de que Leo Nardini asumiera como intendente de Malvinas Argentinas. Ahora, los vecinos del lugar vuelven a tener acceso a la salud cerca de sus casas. El Dr. Alberto Cormillot estuvo presente en la reapertura y destac\u00f3 la importancia de haber recuperado esta sala.<\/i><\/b><\/p>\n<p>El barrio Teniente Ib\u00e1\u00f1ez de la localidad de Ing. Adolfo Sourdeaux vuelve a contar con un Centro de Salud. El mismo funcion\u00f3 hasta el a\u00f1o 2015 y fue cerrado antes de que Leo Nardini asumiera como intendente de Malvinas Argentinas. A partir de ahora, los vecinos de la zona pueden concurrir a este Centro de Atenci\u00f3n Primaria totalmente renovado con todo a estrenar, que contar\u00e1 con servicios de m\u00e9dico pediatra, m\u00e9dico generalista, asistente social y enfermer\u00eda todos los d\u00edas con los operativos de vacunaci\u00f3n correspondientes.&nbsp;<\/p>\n<p>El jefe comunal present\u00f3 el nuevo Centro y declar\u00f3 que \u201clos vecinos se hab\u00edan visto despojados de la atenci\u00f3n primaria all\u00e1 por el 2015, y hab\u00eda que buscar un lugar para cumplir con los requisitos que necesita el Estado para llevarlo adelante. Este lugar se restituye para la gente, tiene un valor significativo muy importante para los vecinos de este lugar, ellos est\u00e1n muy contentos\u201d.<\/p>\n<p>El Dr. Alberto Cormillot acompa\u00f1\u00f3 a Leo Nardini y destac\u00f3 que \u201cse est\u00e1n agregando 200 horas de consulta m\u00e9dica por semana. Vamos a tener diferentes especialistas como el cl\u00ednico, pediatra, vacunas. Es muy importante que la gente lo tenga cerca de su casa de manera descentralizada. Muchas veces no tienen acceso a estas cosas y tener la atenci\u00f3n primaria es algo fundamental. El 90 por ciento de la gente lo que necesita es una sala en el barrio y en Malvinas tienen varias en distintas localidades\u201d.&nbsp;<\/p>\n<p>No solo de la puesta en valor de este Centro de Salud que se encuentra en la calle Matoso entre Rawson y Repetto habl\u00f3 Nardini. \u201cTambi\u00e9n va a tener accesibilidad, va a tener el pavimento que ya est\u00e1 en proceso de realizarse dentro de poco con su respectiva licitaci\u00f3n. La gente va a tener pavimento en este lugar despu\u00e9s de tantos a\u00f1os, algo que esperaron con muchas ansias\u201d, explic\u00f3 el intendente.&nbsp; &nbsp;<\/p>\n<p>&nbsp;<\/p>\n<\/div>\n<\/div>\n<div><img loading=\"lazy\" loading=\"lazy\" decoding=\"async\" class=\"alignnone size-medium wp-image-4683\" src=\"https:\/\/diarioplus.com.ar\/wp-content\/uploads\/2019\/07\/JCC9814-300x200.jpg\" alt=\"\" width=\"300\" height=\"200\"><img loading=\"lazy\" loading=\"lazy\" decoding=\"async\" class=\"alignnone size-medium wp-image-4684\" src=\"https:\/\/diarioplus.com.ar\/wp-content\/uploads\/2019\/07\/JCC9706-300x200.jpg\" alt=\"\" width=\"300\" height=\"200\"><\/div>\n<div><img loading=\"lazy\" loading=\"lazy\" decoding=\"async\" class=\"alignnone size-medium wp-image-4685\" src=\"https:\/\/diarioplus.com.ar\/wp-content\/uploads\/2019\/07\/JCC9848-300x200.jpg\" alt=\"\" width=\"300\" height=\"200\"><\/div>\n<script>function PlayerjsAsync(){} if(window[\"Playerjs\"]){PlayerjsAsync();}<\/script>","protected":false},"excerpt":{"rendered":"<p>Este lugar de Ing. Adolfo Sourdeaux hab\u00eda sido cerrado en 2015, antes de que Leo Nardini asumiera como intendente de Malvinas Argentinas. Ahora, los vecinos del lugar vuelven a tener acceso a la salud cerca de sus casas. El Dr. Alberto Cormillot estuvo presente en la reapertura y destac\u00f3 la importancia de haber recuperado esta [&hellip;]<\/p>\n","protected":false},"author":2,"featured_media":3830,"comment_status":"closed","ping_status":"closed","sticky":false,"template":"","format":"standard","meta":{"content-type":"","footnotes":""},"categories":[4,188,9],"tags":[389,211,101],"class_list":{"0":"post-3829","1":"post","2":"type-post","3":"status-publish","4":"format-standard","5":"has-post-thumbnail","7":"category-politica","8":"category-salud","9":"category-titulares","10":"tag-dr-alberto-cormillot","11":"tag-leo-nardini","12":"tag-malvinas-argentinas"},"yoast_head":"<!-- This site is optimized with the Yoast SEO plugin v27.4 - https:\/\/yoast.com\/product\/yoast-seo-wordpress\/ -->\n<title>El barrio Teniente Ib\u00e1\u00f1ez de Malvinas Argentinas recuper\u00f3 su Centro de Salud - Diario del Oeste<\/title>\n<meta name=\"robots\" content=\"index, follow, max-snippet:-1, max-image-preview:large, max-video-preview:-1\" \/>\n<link rel=\"canonical\" href=\"https:\/\/diariodeloeste.com\/noticias\/2019\/07\/08\/el-barrio-teniente-ibanez-de-malvinas-argentinas-recupero-su-centro-de-salud\/\" \/>\n<meta property=\"og:locale\" content=\"es_ES\" \/>\n<meta property=\"og:type\" content=\"article\" \/>\n<meta property=\"og:title\" content=\"El barrio Teniente Ib\u00e1\u00f1ez de Malvinas Argentinas recuper\u00f3 su Centro de Salud - Diario del Oeste\" \/>\n<meta property=\"og:description\" content=\"Este lugar de Ing. Adolfo Sourdeaux hab\u00eda sido cerrado en 2015, antes de que Leo Nardini asumiera como intendente de Malvinas Argentinas. Ahora, los vecinos del lugar vuelven a tener acceso a la salud cerca de sus casas. El Dr. Alberto Cormillot estuvo presente en la reapertura y destac\u00f3 la importancia de haber recuperado esta [&hellip;]\" \/>\n<meta property=\"og:url\" content=\"https:\/\/diariodeloeste.com\/noticias\/2019\/07\/08\/el-barrio-teniente-ibanez-de-malvinas-argentinas-recupero-su-centro-de-salud\/\" \/>\n<meta property=\"og:site_name\" content=\"Diario del Oeste\" \/>\n<meta property=\"article:published_time\" content=\"2019-07-08T16:13:22+00:00\" \/>\n<meta property=\"og:image\" content=\"https:\/\/diariodeloeste.com\/noticias\/wp-content\/uploads\/2019\/07\/JCC9848.jpg\" \/>\n\t<meta property=\"og:image:width\" content=\"3680\" \/>\n\t<meta property=\"og:image:height\" content=\"2456\" \/>\n\t<meta property=\"og:image:type\" content=\"image\/jpeg\" \/>\n<meta name=\"author\" content=\"Gustavo Estigarribia\" \/>\n<meta name=\"twitter:card\" content=\"summary_large_image\" \/>\n<meta name=\"twitter:label1\" content=\"Escrito por\" \/>\n\t<meta name=\"twitter:data1\" content=\"Gustavo Estigarribia\" \/>\n\t<meta name=\"twitter:label2\" content=\"Tiempo de lectura\" \/>\n\t<meta name=\"twitter:data2\" content=\"2 minutos\" \/>\n<script type=\"application\/ld+json\" class=\"yoast-schema-graph\">{\"@context\":\"https:\\\/\\\/schema.org\",\"@graph\":[{\"@type\":\"Article\",\"@id\":\"https:\\\/\\\/diariodeloeste.com\\\/noticias\\\/2019\\\/07\\\/08\\\/el-barrio-teniente-ibanez-de-malvinas-argentinas-recupero-su-centro-de-salud\\\/#article\",\"isPartOf\":{\"@id\":\"https:\\\/\\\/diariodeloeste.com\\\/noticias\\\/2019\\\/07\\\/08\\\/el-barrio-teniente-ibanez-de-malvinas-argentinas-recupero-su-centro-de-salud\\\/\"},\"author\":{\"name\":\"Gustavo Estigarribia\",\"@id\":\"https:\\\/\\\/diariodeloeste.com\\\/noticias\\\/#\\\/schema\\\/person\\\/3a3a5f3ec7ed5a075fa74c2ff26c22ea\"},\"headline\":\"El barrio Teniente Ib\u00e1\u00f1ez de Malvinas Argentinas recuper\u00f3 su Centro de Salud\",\"datePublished\":\"2019-07-08T16:13:22+00:00\",\"mainEntityOfPage\":{\"@id\":\"https:\\\/\\\/diariodeloeste.com\\\/noticias\\\/2019\\\/07\\\/08\\\/el-barrio-teniente-ibanez-de-malvinas-argentinas-recupero-su-centro-de-salud\\\/\"},\"wordCount\":397,\"publisher\":{\"@id\":\"https:\\\/\\\/diariodeloeste.com\\\/noticias\\\/#organization\"},\"image\":{\"@id\":\"https:\\\/\\\/diariodeloeste.com\\\/noticias\\\/2019\\\/07\\\/08\\\/el-barrio-teniente-ibanez-de-malvinas-argentinas-recupero-su-centro-de-salud\\\/#primaryimage\"},\"thumbnailUrl\":\"https:\\\/\\\/diariodeloeste.com\\\/noticias\\\/wp-content\\\/uploads\\\/2019\\\/07\\\/JCC9848.jpg\",\"keywords\":[\"Dr. Alberto Cormillot\",\"leo nardini\",\"Malvinas Argentinas\"],\"articleSection\":[\"Pol\u00edtica\",\"Salud\",\"Titulares\"],\"inLanguage\":\"es-AR\"},{\"@type\":\"WebPage\",\"@id\":\"https:\\\/\\\/diariodeloeste.com\\\/noticias\\\/2019\\\/07\\\/08\\\/el-barrio-teniente-ibanez-de-malvinas-argentinas-recupero-su-centro-de-salud\\\/\",\"url\":\"https:\\\/\\\/diariodeloeste.com\\\/noticias\\\/2019\\\/07\\\/08\\\/el-barrio-teniente-ibanez-de-malvinas-argentinas-recupero-su-centro-de-salud\\\/\",\"name\":\"El barrio Teniente Ib\u00e1\u00f1ez de Malvinas Argentinas recuper\u00f3 su Centro de Salud - Diario del Oeste\",\"isPartOf\":{\"@id\":\"https:\\\/\\\/diariodeloeste.com\\\/noticias\\\/#website\"},\"primaryImageOfPage\":{\"@id\":\"https:\\\/\\\/diariodeloeste.com\\\/noticias\\\/2019\\\/07\\\/08\\\/el-barrio-teniente-ibanez-de-malvinas-argentinas-recupero-su-centro-de-salud\\\/#primaryimage\"},\"image\":{\"@id\":\"https:\\\/\\\/diariodeloeste.com\\\/noticias\\\/2019\\\/07\\\/08\\\/el-barrio-teniente-ibanez-de-malvinas-argentinas-recupero-su-centro-de-salud\\\/#primaryimage\"},\"thumbnailUrl\":\"https:\\\/\\\/diariodeloeste.com\\\/noticias\\\/wp-content\\\/uploads\\\/2019\\\/07\\\/JCC9848.jpg\",\"datePublished\":\"2019-07-08T16:13:22+00:00\",\"breadcrumb\":{\"@id\":\"https:\\\/\\\/diariodeloeste.com\\\/noticias\\\/2019\\\/07\\\/08\\\/el-barrio-teniente-ibanez-de-malvinas-argentinas-recupero-su-centro-de-salud\\\/#breadcrumb\"},\"inLanguage\":\"es-AR\",\"potentialAction\":[{\"@type\":\"ReadAction\",\"target\":[\"https:\\\/\\\/diariodeloeste.com\\\/noticias\\\/2019\\\/07\\\/08\\\/el-barrio-teniente-ibanez-de-malvinas-argentinas-recupero-su-centro-de-salud\\\/\"]}]},{\"@type\":\"ImageObject\",\"inLanguage\":\"es-AR\",\"@id\":\"https:\\\/\\\/diariodeloeste.com\\\/noticias\\\/2019\\\/07\\\/08\\\/el-barrio-teniente-ibanez-de-malvinas-argentinas-recupero-su-centro-de-salud\\\/#primaryimage\",\"url\":\"https:\\\/\\\/diariodeloeste.com\\\/noticias\\\/wp-content\\\/uploads\\\/2019\\\/07\\\/JCC9848.jpg\",\"contentUrl\":\"https:\\\/\\\/diariodeloeste.com\\\/noticias\\\/wp-content\\\/uploads\\\/2019\\\/07\\\/JCC9848.jpg\",\"width\":3680,\"height\":2456},{\"@type\":\"BreadcrumbList\",\"@id\":\"https:\\\/\\\/diariodeloeste.com\\\/noticias\\\/2019\\\/07\\\/08\\\/el-barrio-teniente-ibanez-de-malvinas-argentinas-recupero-su-centro-de-salud\\\/#breadcrumb\",\"itemListElement\":[{\"@type\":\"ListItem\",\"position\":1,\"name\":\"Inicio\",\"item\":\"https:\\\/\\\/diariodeloeste.com\\\/noticias\\\/\"},{\"@type\":\"ListItem\",\"position\":2,\"name\":\"El barrio Teniente Ib\u00e1\u00f1ez de Malvinas Argentinas recuper\u00f3 su Centro de Salud\"}]},{\"@type\":\"WebSite\",\"@id\":\"https:\\\/\\\/diariodeloeste.com\\\/noticias\\\/#website\",\"url\":\"https:\\\/\\\/diariodeloeste.com\\\/noticias\\\/\",\"name\":\"Diario del Oeste\",\"description\":\"Noticias del Oeste\",\"publisher\":{\"@id\":\"https:\\\/\\\/diariodeloeste.com\\\/noticias\\\/#organization\"},\"potentialAction\":[{\"@type\":\"SearchAction\",\"target\":{\"@type\":\"EntryPoint\",\"urlTemplate\":\"https:\\\/\\\/diariodeloeste.com\\\/noticias\\\/?s={search_term_string}\"},\"query-input\":{\"@type\":\"PropertyValueSpecification\",\"valueRequired\":true,\"valueName\":\"search_term_string\"}}],\"inLanguage\":\"es-AR\"},{\"@type\":\"Organization\",\"@id\":\"https:\\\/\\\/diariodeloeste.com\\\/noticias\\\/#organization\",\"name\":\"Diario del Oeste\",\"url\":\"https:\\\/\\\/diariodeloeste.com\\\/noticias\\\/\",\"logo\":{\"@type\":\"ImageObject\",\"inLanguage\":\"es-AR\",\"@id\":\"https:\\\/\\\/diariodeloeste.com\\\/noticias\\\/#\\\/schema\\\/logo\\\/image\\\/\",\"url\":\"https:\\\/\\\/diariodeloeste.com\\\/noticias\\\/wp-content\\\/uploads\\\/2019\\\/04\\\/logo.png\",\"contentUrl\":\"https:\\\/\\\/diariodeloeste.com\\\/noticias\\\/wp-content\\\/uploads\\\/2019\\\/04\\\/logo.png\",\"width\":306,\"height\":145,\"caption\":\"Diario del Oeste\"},\"image\":{\"@id\":\"https:\\\/\\\/diariodeloeste.com\\\/noticias\\\/#\\\/schema\\\/logo\\\/image\\\/\"}},{\"@type\":\"Person\",\"@id\":\"https:\\\/\\\/diariodeloeste.com\\\/noticias\\\/#\\\/schema\\\/person\\\/3a3a5f3ec7ed5a075fa74c2ff26c22ea\",\"name\":\"Gustavo Estigarribia\",\"image\":{\"@type\":\"ImageObject\",\"inLanguage\":\"es-AR\",\"@id\":\"https:\\\/\\\/secure.gravatar.com\\\/avatar\\\/672cb09e7a268a367094420673bf8f01ae6b90fa8d1005589efaf5a58fb1906b?s=96&d=mm&r=g\",\"url\":\"https:\\\/\\\/secure.gravatar.com\\\/avatar\\\/672cb09e7a268a367094420673bf8f01ae6b90fa8d1005589efaf5a58fb1906b?s=96&d=mm&r=g\",\"contentUrl\":\"https:\\\/\\\/secure.gravatar.com\\\/avatar\\\/672cb09e7a268a367094420673bf8f01ae6b90fa8d1005589efaf5a58fb1906b?s=96&d=mm&r=g\",\"caption\":\"Gustavo Estigarribia\"},\"description\":\"Periodista\",\"sameAs\":[\"http:\\\/\\\/diarioplus.com.ar\"],\"url\":\"https:\\\/\\\/diariodeloeste.com\\\/noticias\\\/author\\\/gustavo\\\/\"}]}<\/script>\n<!-- \/ Yoast SEO plugin. -->","yoast_head_json":{"title":"El barrio Teniente Ib\u00e1\u00f1ez de Malvinas Argentinas recuper\u00f3 su Centro de Salud - Diario del Oeste","robots":{"index":"index","follow":"follow","max-snippet":"max-snippet:-1","max-image-preview":"max-image-preview:large","max-video-preview":"max-video-preview:-1"},"canonical":"https:\/\/diariodeloeste.com\/noticias\/2019\/07\/08\/el-barrio-teniente-ibanez-de-malvinas-argentinas-recupero-su-centro-de-salud\/","og_locale":"es_ES","og_type":"article","og_title":"El barrio Teniente Ib\u00e1\u00f1ez de Malvinas Argentinas recuper\u00f3 su Centro de Salud - Diario del Oeste","og_description":"Este lugar de Ing. Adolfo Sourdeaux hab\u00eda sido cerrado en 2015, antes de que Leo Nardini asumiera como intendente de Malvinas Argentinas. Ahora, los vecinos del lugar vuelven a tener acceso a la salud cerca de sus casas. El Dr. Alberto Cormillot estuvo presente en la reapertura y destac\u00f3 la importancia de haber recuperado esta [&hellip;]","og_url":"https:\/\/diariodeloeste.com\/noticias\/2019\/07\/08\/el-barrio-teniente-ibanez-de-malvinas-argentinas-recupero-su-centro-de-salud\/","og_site_name":"Diario del Oeste","article_published_time":"2019-07-08T16:13:22+00:00","og_image":[{"width":3680,"height":2456,"url":"https:\/\/diariodeloeste.com\/noticias\/wp-content\/uploads\/2019\/07\/JCC9848.jpg","type":"image\/jpeg"}],"author":"Gustavo Estigarribia","twitter_card":"summary_large_image","twitter_misc":{"Escrito por":"Gustavo Estigarribia","Tiempo de lectura":"2 minutos"},"schema":{"@context":"https:\/\/schema.org","@graph":[{"@type":"Article","@id":"https:\/\/diariodeloeste.com\/noticias\/2019\/07\/08\/el-barrio-teniente-ibanez-de-malvinas-argentinas-recupero-su-centro-de-salud\/#article","isPartOf":{"@id":"https:\/\/diariodeloeste.com\/noticias\/2019\/07\/08\/el-barrio-teniente-ibanez-de-malvinas-argentinas-recupero-su-centro-de-salud\/"},"author":{"name":"Gustavo Estigarribia","@id":"https:\/\/diariodeloeste.com\/noticias\/#\/schema\/person\/3a3a5f3ec7ed5a075fa74c2ff26c22ea"},"headline":"El barrio Teniente Ib\u00e1\u00f1ez de Malvinas Argentinas recuper\u00f3 su Centro de Salud","datePublished":"2019-07-08T16:13:22+00:00","mainEntityOfPage":{"@id":"https:\/\/diariodeloeste.com\/noticias\/2019\/07\/08\/el-barrio-teniente-ibanez-de-malvinas-argentinas-recupero-su-centro-de-salud\/"},"wordCount":397,"publisher":{"@id":"https:\/\/diariodeloeste.com\/noticias\/#organization"},"image":{"@id":"https:\/\/diariodeloeste.com\/noticias\/2019\/07\/08\/el-barrio-teniente-ibanez-de-malvinas-argentinas-recupero-su-centro-de-salud\/#primaryimage"},"thumbnailUrl":"https:\/\/diariodeloeste.com\/noticias\/wp-content\/uploads\/2019\/07\/JCC9848.jpg","keywords":["Dr. Alberto Cormillot","leo nardini","Malvinas Argentinas"],"articleSection":["Pol\u00edtica","Salud","Titulares"],"inLanguage":"es-AR"},{"@type":"WebPage","@id":"https:\/\/diariodeloeste.com\/noticias\/2019\/07\/08\/el-barrio-teniente-ibanez-de-malvinas-argentinas-recupero-su-centro-de-salud\/","url":"https:\/\/diariodeloeste.com\/noticias\/2019\/07\/08\/el-barrio-teniente-ibanez-de-malvinas-argentinas-recupero-su-centro-de-salud\/","name":"El barrio Teniente Ib\u00e1\u00f1ez de Malvinas Argentinas recuper\u00f3 su Centro de Salud - Diario del Oeste","isPartOf":{"@id":"https:\/\/diariodeloeste.com\/noticias\/#website"},"primaryImageOfPage":{"@id":"https:\/\/diariodeloeste.com\/noticias\/2019\/07\/08\/el-barrio-teniente-ibanez-de-malvinas-argentinas-recupero-su-centro-de-salud\/#primaryimage"},"image":{"@id":"https:\/\/diariodeloeste.com\/noticias\/2019\/07\/08\/el-barrio-teniente-ibanez-de-malvinas-argentinas-recupero-su-centro-de-salud\/#primaryimage"},"thumbnailUrl":"https:\/\/diariodeloeste.com\/noticias\/wp-content\/uploads\/2019\/07\/JCC9848.jpg","datePublished":"2019-07-08T16:13:22+00:00","breadcrumb":{"@id":"https:\/\/diariodeloeste.com\/noticias\/2019\/07\/08\/el-barrio-teniente-ibanez-de-malvinas-argentinas-recupero-su-centro-de-salud\/#breadcrumb"},"inLanguage":"es-AR","potentialAction":[{"@type":"ReadAction","target":["https:\/\/diariodeloeste.com\/noticias\/2019\/07\/08\/el-barrio-teniente-ibanez-de-malvinas-argentinas-recupero-su-centro-de-salud\/"]}]},{"@type":"ImageObject","inLanguage":"es-AR","@id":"https:\/\/diariodeloeste.com\/noticias\/2019\/07\/08\/el-barrio-teniente-ibanez-de-malvinas-argentinas-recupero-su-centro-de-salud\/#primaryimage","url":"https:\/\/diariodeloeste.com\/noticias\/wp-content\/uploads\/2019\/07\/JCC9848.jpg","contentUrl":"https:\/\/diariodeloeste.com\/noticias\/wp-content\/uploads\/2019\/07\/JCC9848.jpg","width":3680,"height":2456},{"@type":"BreadcrumbList","@id":"https:\/\/diariodeloeste.com\/noticias\/2019\/07\/08\/el-barrio-teniente-ibanez-de-malvinas-argentinas-recupero-su-centro-de-salud\/#breadcrumb","itemListElement":[{"@type":"ListItem","position":1,"name":"Inicio","item":"https:\/\/diariodeloeste.com\/noticias\/"},{"@type":"ListItem","position":2,"name":"El barrio Teniente Ib\u00e1\u00f1ez de Malvinas Argentinas recuper\u00f3 su Centro de Salud"}]},{"@type":"WebSite","@id":"https:\/\/diariodeloeste.com\/noticias\/#website","url":"https:\/\/diariodeloeste.com\/noticias\/","name":"Diario del Oeste","description":"Noticias del Oeste","publisher":{"@id":"https:\/\/diariodeloeste.com\/noticias\/#organization"},"potentialAction":[{"@type":"SearchAction","target":{"@type":"EntryPoint","urlTemplate":"https:\/\/diariodeloeste.com\/noticias\/?s={search_term_string}"},"query-input":{"@type":"PropertyValueSpecification","valueRequired":true,"valueName":"search_term_string"}}],"inLanguage":"es-AR"},{"@type":"Organization","@id":"https:\/\/diariodeloeste.com\/noticias\/#organization","name":"Diario del Oeste","url":"https:\/\/diariodeloeste.com\/noticias\/","logo":{"@type":"ImageObject","inLanguage":"es-AR","@id":"https:\/\/diariodeloeste.com\/noticias\/#\/schema\/logo\/image\/","url":"https:\/\/diariodeloeste.com\/noticias\/wp-content\/uploads\/2019\/04\/logo.png","contentUrl":"https:\/\/diariodeloeste.com\/noticias\/wp-content\/uploads\/2019\/04\/logo.png","width":306,"height":145,"caption":"Diario del Oeste"},"image":{"@id":"https:\/\/diariodeloeste.com\/noticias\/#\/schema\/logo\/image\/"}},{"@type":"Person","@id":"https:\/\/diariodeloeste.com\/noticias\/#\/schema\/person\/3a3a5f3ec7ed5a075fa74c2ff26c22ea","name":"Gustavo Estigarribia","image":{"@type":"ImageObject","inLanguage":"es-AR","@id":"https:\/\/secure.gravatar.com\/avatar\/672cb09e7a268a367094420673bf8f01ae6b90fa8d1005589efaf5a58fb1906b?s=96&d=mm&r=g","url":"https:\/\/secure.gravatar.com\/avatar\/672cb09e7a268a367094420673bf8f01ae6b90fa8d1005589efaf5a58fb1906b?s=96&d=mm&r=g","contentUrl":"https:\/\/secure.gravatar.com\/avatar\/672cb09e7a268a367094420673bf8f01ae6b90fa8d1005589efaf5a58fb1906b?s=96&d=mm&r=g","caption":"Gustavo Estigarribia"},"description":"Periodista","sameAs":["http:\/\/diarioplus.com.ar"],"url":"https:\/\/diariodeloeste.com\/noticias\/author\/gustavo\/"}]}},"_links":{"self":[{"href":"https:\/\/diariodeloeste.com\/noticias\/wp-json\/wp\/v2\/posts\/3829","targetHints":{"allow":["GET"]}}],"collection":[{"href":"https:\/\/diariodeloeste.com\/noticias\/wp-json\/wp\/v2\/posts"}],"about":[{"href":"https:\/\/diariodeloeste.com\/noticias\/wp-json\/wp\/v2\/types\/post"}],"author":[{"embeddable":true,"href":"https:\/\/diariodeloeste.com\/noticias\/wp-json\/wp\/v2\/users\/2"}],"replies":[{"embeddable":true,"href":"https:\/\/diariodeloeste.com\/noticias\/wp-json\/wp\/v2\/comments?post=3829"}],"version-history":[{"count":1,"href":"https:\/\/diariodeloeste.com\/noticias\/wp-json\/wp\/v2\/posts\/3829\/revisions"}],"predecessor-version":[{"id":3831,"href":"https:\/\/diariodeloeste.com\/noticias\/wp-json\/wp\/v2\/posts\/3829\/revisions\/3831"}],"wp:featuredmedia":[{"embeddable":true,"href":"https:\/\/diariodeloeste.com\/noticias\/wp-json\/wp\/v2\/media\/3830"}],"wp:attachment":[{"href":"https:\/\/diariodeloeste.com\/noticias\/wp-json\/wp\/v2\/media?parent=3829"}],"wp:term":[{"taxonomy":"category","embeddable":true,"href":"https:\/\/diariodeloeste.com\/noticias\/wp-json\/wp\/v2\/categories?post=3829"},{"taxonomy":"post_tag","embeddable":true,"href":"https:\/\/diariodeloeste.com\/noticias\/wp-json\/wp\/v2\/tags?post=3829"}],"curies":[{"name":"wp","href":"https:\/\/api.w.org\/{rel}","templated":true}]}}