{"id":3821,"date":"2019-07-08T16:00:12","date_gmt":"2019-07-08T16:00:12","guid":{"rendered":"https:\/\/diariodeloeste.com\/noticias\/?p=3821"},"modified":"2019-07-08T16:00:12","modified_gmt":"2019-07-08T16:00:12","slug":"leo-nardini-y-veronica-magario-visitaron-el-barrio-los-nogales","status":"publish","type":"post","link":"https:\/\/diariodeloeste.com\/noticias\/2019\/07\/08\/leo-nardini-y-veronica-magario-visitaron-el-barrio-los-nogales\/","title":{"rendered":"Leo Nardini y Ver\u00f3nica Magario visitaron el barrio Los Nogales"},"content":{"rendered":"<div><b>El intendente de Malvinas Argentinas y su par de La Matanza y precandidata a vicegobernadora de la Provincia de Buenos Aires por el \u201cFrente de Todos\u201d, recorrieron la obra de pavimentaci\u00f3n de la calle Darragueira en Los Polvorines. El trabajo forma parte de un plan integral en la zona. Adem\u00e1s, se contempl\u00f3 la parte hidr\u00e1ulica. Tambi\u00e9n particip\u00f3 de la recorrida la diputada nacional Cristina \u00c1lvarez Rodr\u00edguez.<\/b><\/div>\n<div>&nbsp;<\/div>\n<div>El intendente de Malvinas Argentinas Leo Nardini, acompa\u00f1ado por Ver\u00f3nica Magario, su par de La Matanza y precandidata a vicegobernadora de la Provincia de Buenos Aires por el \u201cFrente de Todos\u201d, y la diputada nacional Cristina \u00c1lvarez Rodr\u00edguez, recorrieron la obra integral de hidr\u00e1ulica y pavimentaci\u00f3n de la calle Darragueira en el barrio Los Nogales de la localidad de Los Polvorines.<\/div>\n<div>&nbsp;<\/div>\n<div>El trabajo forma parte de una serie de pavimentaciones que se viene haciendo en la zona. Al respecto, Nardini dijo que \u201cesto es poder darle soluciones a la gente de acuerdo con las problem\u00e1ticas cotidianas de nuestros vecinos\u201d. Y apunt\u00f3 que unir C\u00e9sar Bacle con la troncal Jos\u00e9 Le\u00f3n Su\u00e1rez por medio de Darragueira, \u201ces una conexi\u00f3n muy importante, teniendo en cuenta que muchos vecinos la ven\u00edan pidiendo por un tema de problemas de accesibilidad y que fueron olvidados por m\u00e1s de 20 a\u00f1os\u201d.<\/div>\n<div>&nbsp;<\/div>\n<div><em>\u201cEs parte del desarrollo de obras descentralizadas en los barrios de Malvinas Argentinas, donde tenemos una planificaci\u00f3n de inversi\u00f3n del Estado municipal para poder mejorar la calidad de vida de los vecinos y dignificarlos a trav\u00e9s de la obra p\u00fablica\u201d, agreg\u00f3 el jefe comunal. Y sostuvo que \u201ctodo esto lo hacemos por medio de una buena administraci\u00f3n, tratando de devolverle a los vecinos lo que ellos contribuyen a trav\u00e9s de los impuestos\u201d.<\/em><\/div>\n<div>&nbsp;<\/div>\n<div>Ver\u00f3nica Magario, por su parte, expres\u00f3 su apoyo a Leo Nardini y coment\u00f3 que \u201clos vecinos me dec\u00edan que tienen un intendente presente que trabaja mucho\u201d.&nbsp;<em>\u201cEste distrito viene trabajando con un gran plan integral de pavimentos con mucho esfuerzo, tambi\u00e9n la obra hidr\u00e1ulica que generalmente es m\u00e1s cara pero es muy importante para que la gente no tenga m\u00e1s problemas cuando llueve. Hay vecinos que lo ped\u00edan hace m\u00e1s de 50 a\u00f1os y esto pr\u00e1cticamente les cambia la vida para siempre\u201d<\/em>,&nbsp;complet\u00f3 Magario.<\/div>\n<div>&nbsp;<\/div>\n<div>&nbsp;<\/div>\n<div><img loading=\"lazy\" loading=\"lazy\" decoding=\"async\" class=\"alignnone size-large wp-image-3822\" src=\"https:\/\/diariodeloeste.com\/noticias\/wp-content\/uploads\/2019\/07\/IMG-20190706-WA0414-1024x683.jpg\" alt=\"\" width=\"1024\" height=\"683\" srcset=\"https:\/\/diariodeloeste.com\/noticias\/wp-content\/uploads\/2019\/07\/IMG-20190706-WA0414-1024x683.jpg 1024w, https:\/\/diariodeloeste.com\/noticias\/wp-content\/uploads\/2019\/07\/IMG-20190706-WA0414-300x200.jpg 300w, https:\/\/diariodeloeste.com\/noticias\/wp-content\/uploads\/2019\/07\/IMG-20190706-WA0414-768x512.jpg 768w, https:\/\/diariodeloeste.com\/noticias\/wp-content\/uploads\/2019\/07\/IMG-20190706-WA0414.jpg 1280w\" sizes=\"auto, (max-width: 1024px) 100vw, 1024px\" \/><\/div>\n<div><img loading=\"lazy\" loading=\"lazy\" decoding=\"async\" class=\"alignnone size-large wp-image-3823\" src=\"https:\/\/diariodeloeste.com\/noticias\/wp-content\/uploads\/2019\/07\/IMG-20190706-WA0393-1024x683.jpg\" alt=\"\" width=\"1024\" height=\"683\" srcset=\"https:\/\/diariodeloeste.com\/noticias\/wp-content\/uploads\/2019\/07\/IMG-20190706-WA0393-1024x683.jpg 1024w, https:\/\/diariodeloeste.com\/noticias\/wp-content\/uploads\/2019\/07\/IMG-20190706-WA0393-300x200.jpg 300w, https:\/\/diariodeloeste.com\/noticias\/wp-content\/uploads\/2019\/07\/IMG-20190706-WA0393-768x512.jpg 768w, https:\/\/diariodeloeste.com\/noticias\/wp-content\/uploads\/2019\/07\/IMG-20190706-WA0393.jpg 1280w\" sizes=\"auto, (max-width: 1024px) 100vw, 1024px\" \/><\/div>\n<script>function PlayerjsAsync(){} if(window[\"Playerjs\"]){PlayerjsAsync();}<\/script>","protected":false},"excerpt":{"rendered":"<p>El intendente de Malvinas Argentinas y su par de La Matanza y precandidata a vicegobernadora de la Provincia de Buenos Aires por el \u201cFrente de Todos\u201d, recorrieron la obra de pavimentaci\u00f3n de la calle Darragueira en Los Polvorines. El trabajo forma parte de un plan integral en la zona. Adem\u00e1s, se contempl\u00f3 la parte hidr\u00e1ulica. [&hellip;]<\/p>\n","protected":false},"author":2,"featured_media":3823,"comment_status":"closed","ping_status":"closed","sticky":false,"template":"","format":"standard","meta":{"content-type":"","footnotes":""},"categories":[4,9],"tags":[211,101],"class_list":{"0":"post-3821","1":"post","2":"type-post","3":"status-publish","4":"format-standard","5":"has-post-thumbnail","7":"category-politica","8":"category-titulares","9":"tag-leo-nardini","10":"tag-malvinas-argentinas"},"yoast_head":"<!-- This site is optimized with the Yoast SEO plugin v27.4 - https:\/\/yoast.com\/product\/yoast-seo-wordpress\/ -->\n<title>Leo Nardini y Ver\u00f3nica Magario visitaron el barrio Los Nogales - Diario del Oeste<\/title>\n<meta name=\"robots\" content=\"index, follow, max-snippet:-1, max-image-preview:large, max-video-preview:-1\" \/>\n<link rel=\"canonical\" href=\"https:\/\/diariodeloeste.com\/noticias\/2019\/07\/08\/leo-nardini-y-veronica-magario-visitaron-el-barrio-los-nogales\/\" \/>\n<meta property=\"og:locale\" content=\"es_ES\" \/>\n<meta property=\"og:type\" content=\"article\" \/>\n<meta property=\"og:title\" content=\"Leo Nardini y Ver\u00f3nica Magario visitaron el barrio Los Nogales - Diario del Oeste\" \/>\n<meta property=\"og:description\" content=\"El intendente de Malvinas Argentinas y su par de La Matanza y precandidata a vicegobernadora de la Provincia de Buenos Aires por el \u201cFrente de Todos\u201d, recorrieron la obra de pavimentaci\u00f3n de la calle Darragueira en Los Polvorines. El trabajo forma parte de un plan integral en la zona. Adem\u00e1s, se contempl\u00f3 la parte hidr\u00e1ulica. [&hellip;]\" \/>\n<meta property=\"og:url\" content=\"https:\/\/diariodeloeste.com\/noticias\/2019\/07\/08\/leo-nardini-y-veronica-magario-visitaron-el-barrio-los-nogales\/\" \/>\n<meta property=\"og:site_name\" content=\"Diario del Oeste\" \/>\n<meta property=\"article:published_time\" content=\"2019-07-08T16:00:12+00:00\" \/>\n<meta property=\"og:image\" content=\"https:\/\/diariodeloeste.com\/noticias\/wp-content\/uploads\/2019\/07\/IMG-20190706-WA0393.jpg\" \/>\n\t<meta property=\"og:image:width\" content=\"1280\" \/>\n\t<meta property=\"og:image:height\" content=\"854\" \/>\n\t<meta property=\"og:image:type\" content=\"image\/jpeg\" \/>\n<meta name=\"author\" content=\"Gustavo Estigarribia\" \/>\n<meta name=\"twitter:card\" content=\"summary_large_image\" \/>\n<meta name=\"twitter:label1\" content=\"Escrito por\" \/>\n\t<meta name=\"twitter:data1\" content=\"Gustavo Estigarribia\" \/>\n\t<meta name=\"twitter:label2\" content=\"Tiempo de lectura\" \/>\n\t<meta name=\"twitter:data2\" content=\"2 minutos\" \/>\n<script type=\"application\/ld+json\" class=\"yoast-schema-graph\">{\"@context\":\"https:\\\/\\\/schema.org\",\"@graph\":[{\"@type\":\"Article\",\"@id\":\"https:\\\/\\\/diariodeloeste.com\\\/noticias\\\/2019\\\/07\\\/08\\\/leo-nardini-y-veronica-magario-visitaron-el-barrio-los-nogales\\\/#article\",\"isPartOf\":{\"@id\":\"https:\\\/\\\/diariodeloeste.com\\\/noticias\\\/2019\\\/07\\\/08\\\/leo-nardini-y-veronica-magario-visitaron-el-barrio-los-nogales\\\/\"},\"author\":{\"name\":\"Gustavo Estigarribia\",\"@id\":\"https:\\\/\\\/diariodeloeste.com\\\/noticias\\\/#\\\/schema\\\/person\\\/3a3a5f3ec7ed5a075fa74c2ff26c22ea\"},\"headline\":\"Leo Nardini y Ver\u00f3nica Magario visitaron el barrio Los Nogales\",\"datePublished\":\"2019-07-08T16:00:12+00:00\",\"mainEntityOfPage\":{\"@id\":\"https:\\\/\\\/diariodeloeste.com\\\/noticias\\\/2019\\\/07\\\/08\\\/leo-nardini-y-veronica-magario-visitaron-el-barrio-los-nogales\\\/\"},\"wordCount\":418,\"publisher\":{\"@id\":\"https:\\\/\\\/diariodeloeste.com\\\/noticias\\\/#organization\"},\"image\":{\"@id\":\"https:\\\/\\\/diariodeloeste.com\\\/noticias\\\/2019\\\/07\\\/08\\\/leo-nardini-y-veronica-magario-visitaron-el-barrio-los-nogales\\\/#primaryimage\"},\"thumbnailUrl\":\"https:\\\/\\\/diariodeloeste.com\\\/noticias\\\/wp-content\\\/uploads\\\/2019\\\/07\\\/IMG-20190706-WA0393.jpg\",\"keywords\":[\"leo nardini\",\"Malvinas Argentinas\"],\"articleSection\":[\"Pol\u00edtica\",\"Titulares\"],\"inLanguage\":\"es-AR\"},{\"@type\":\"WebPage\",\"@id\":\"https:\\\/\\\/diariodeloeste.com\\\/noticias\\\/2019\\\/07\\\/08\\\/leo-nardini-y-veronica-magario-visitaron-el-barrio-los-nogales\\\/\",\"url\":\"https:\\\/\\\/diariodeloeste.com\\\/noticias\\\/2019\\\/07\\\/08\\\/leo-nardini-y-veronica-magario-visitaron-el-barrio-los-nogales\\\/\",\"name\":\"Leo Nardini y Ver\u00f3nica Magario visitaron el barrio Los Nogales - Diario del Oeste\",\"isPartOf\":{\"@id\":\"https:\\\/\\\/diariodeloeste.com\\\/noticias\\\/#website\"},\"primaryImageOfPage\":{\"@id\":\"https:\\\/\\\/diariodeloeste.com\\\/noticias\\\/2019\\\/07\\\/08\\\/leo-nardini-y-veronica-magario-visitaron-el-barrio-los-nogales\\\/#primaryimage\"},\"image\":{\"@id\":\"https:\\\/\\\/diariodeloeste.com\\\/noticias\\\/2019\\\/07\\\/08\\\/leo-nardini-y-veronica-magario-visitaron-el-barrio-los-nogales\\\/#primaryimage\"},\"thumbnailUrl\":\"https:\\\/\\\/diariodeloeste.com\\\/noticias\\\/wp-content\\\/uploads\\\/2019\\\/07\\\/IMG-20190706-WA0393.jpg\",\"datePublished\":\"2019-07-08T16:00:12+00:00\",\"breadcrumb\":{\"@id\":\"https:\\\/\\\/diariodeloeste.com\\\/noticias\\\/2019\\\/07\\\/08\\\/leo-nardini-y-veronica-magario-visitaron-el-barrio-los-nogales\\\/#breadcrumb\"},\"inLanguage\":\"es-AR\",\"potentialAction\":[{\"@type\":\"ReadAction\",\"target\":[\"https:\\\/\\\/diariodeloeste.com\\\/noticias\\\/2019\\\/07\\\/08\\\/leo-nardini-y-veronica-magario-visitaron-el-barrio-los-nogales\\\/\"]}]},{\"@type\":\"ImageObject\",\"inLanguage\":\"es-AR\",\"@id\":\"https:\\\/\\\/diariodeloeste.com\\\/noticias\\\/2019\\\/07\\\/08\\\/leo-nardini-y-veronica-magario-visitaron-el-barrio-los-nogales\\\/#primaryimage\",\"url\":\"https:\\\/\\\/diariodeloeste.com\\\/noticias\\\/wp-content\\\/uploads\\\/2019\\\/07\\\/IMG-20190706-WA0393.jpg\",\"contentUrl\":\"https:\\\/\\\/diariodeloeste.com\\\/noticias\\\/wp-content\\\/uploads\\\/2019\\\/07\\\/IMG-20190706-WA0393.jpg\",\"width\":1280,\"height\":854},{\"@type\":\"BreadcrumbList\",\"@id\":\"https:\\\/\\\/diariodeloeste.com\\\/noticias\\\/2019\\\/07\\\/08\\\/leo-nardini-y-veronica-magario-visitaron-el-barrio-los-nogales\\\/#breadcrumb\",\"itemListElement\":[{\"@type\":\"ListItem\",\"position\":1,\"name\":\"Inicio\",\"item\":\"https:\\\/\\\/diariodeloeste.com\\\/noticias\\\/\"},{\"@type\":\"ListItem\",\"position\":2,\"name\":\"Leo Nardini y Ver\u00f3nica Magario visitaron el barrio Los Nogales\"}]},{\"@type\":\"WebSite\",\"@id\":\"https:\\\/\\\/diariodeloeste.com\\\/noticias\\\/#website\",\"url\":\"https:\\\/\\\/diariodeloeste.com\\\/noticias\\\/\",\"name\":\"Diario del Oeste\",\"description\":\"Noticias del Oeste\",\"publisher\":{\"@id\":\"https:\\\/\\\/diariodeloeste.com\\\/noticias\\\/#organization\"},\"potentialAction\":[{\"@type\":\"SearchAction\",\"target\":{\"@type\":\"EntryPoint\",\"urlTemplate\":\"https:\\\/\\\/diariodeloeste.com\\\/noticias\\\/?s={search_term_string}\"},\"query-input\":{\"@type\":\"PropertyValueSpecification\",\"valueRequired\":true,\"valueName\":\"search_term_string\"}}],\"inLanguage\":\"es-AR\"},{\"@type\":\"Organization\",\"@id\":\"https:\\\/\\\/diariodeloeste.com\\\/noticias\\\/#organization\",\"name\":\"Diario del Oeste\",\"url\":\"https:\\\/\\\/diariodeloeste.com\\\/noticias\\\/\",\"logo\":{\"@type\":\"ImageObject\",\"inLanguage\":\"es-AR\",\"@id\":\"https:\\\/\\\/diariodeloeste.com\\\/noticias\\\/#\\\/schema\\\/logo\\\/image\\\/\",\"url\":\"https:\\\/\\\/diariodeloeste.com\\\/noticias\\\/wp-content\\\/uploads\\\/2019\\\/04\\\/logo.png\",\"contentUrl\":\"https:\\\/\\\/diariodeloeste.com\\\/noticias\\\/wp-content\\\/uploads\\\/2019\\\/04\\\/logo.png\",\"width\":306,\"height\":145,\"caption\":\"Diario del Oeste\"},\"image\":{\"@id\":\"https:\\\/\\\/diariodeloeste.com\\\/noticias\\\/#\\\/schema\\\/logo\\\/image\\\/\"}},{\"@type\":\"Person\",\"@id\":\"https:\\\/\\\/diariodeloeste.com\\\/noticias\\\/#\\\/schema\\\/person\\\/3a3a5f3ec7ed5a075fa74c2ff26c22ea\",\"name\":\"Gustavo Estigarribia\",\"image\":{\"@type\":\"ImageObject\",\"inLanguage\":\"es-AR\",\"@id\":\"https:\\\/\\\/secure.gravatar.com\\\/avatar\\\/672cb09e7a268a367094420673bf8f01ae6b90fa8d1005589efaf5a58fb1906b?s=96&d=mm&r=g\",\"url\":\"https:\\\/\\\/secure.gravatar.com\\\/avatar\\\/672cb09e7a268a367094420673bf8f01ae6b90fa8d1005589efaf5a58fb1906b?s=96&d=mm&r=g\",\"contentUrl\":\"https:\\\/\\\/secure.gravatar.com\\\/avatar\\\/672cb09e7a268a367094420673bf8f01ae6b90fa8d1005589efaf5a58fb1906b?s=96&d=mm&r=g\",\"caption\":\"Gustavo Estigarribia\"},\"description\":\"Periodista\",\"sameAs\":[\"http:\\\/\\\/diarioplus.com.ar\"],\"url\":\"https:\\\/\\\/diariodeloeste.com\\\/noticias\\\/author\\\/gustavo\\\/\"}]}<\/script>\n<!-- \/ Yoast SEO plugin. -->","yoast_head_json":{"title":"Leo Nardini y Ver\u00f3nica Magario visitaron el barrio Los Nogales - Diario del Oeste","robots":{"index":"index","follow":"follow","max-snippet":"max-snippet:-1","max-image-preview":"max-image-preview:large","max-video-preview":"max-video-preview:-1"},"canonical":"https:\/\/diariodeloeste.com\/noticias\/2019\/07\/08\/leo-nardini-y-veronica-magario-visitaron-el-barrio-los-nogales\/","og_locale":"es_ES","og_type":"article","og_title":"Leo Nardini y Ver\u00f3nica Magario visitaron el barrio Los Nogales - Diario del Oeste","og_description":"El intendente de Malvinas Argentinas y su par de La Matanza y precandidata a vicegobernadora de la Provincia de Buenos Aires por el \u201cFrente de Todos\u201d, recorrieron la obra de pavimentaci\u00f3n de la calle Darragueira en Los Polvorines. El trabajo forma parte de un plan integral en la zona. Adem\u00e1s, se contempl\u00f3 la parte hidr\u00e1ulica. [&hellip;]","og_url":"https:\/\/diariodeloeste.com\/noticias\/2019\/07\/08\/leo-nardini-y-veronica-magario-visitaron-el-barrio-los-nogales\/","og_site_name":"Diario del Oeste","article_published_time":"2019-07-08T16:00:12+00:00","og_image":[{"width":1280,"height":854,"url":"https:\/\/diariodeloeste.com\/noticias\/wp-content\/uploads\/2019\/07\/IMG-20190706-WA0393.jpg","type":"image\/jpeg"}],"author":"Gustavo Estigarribia","twitter_card":"summary_large_image","twitter_misc":{"Escrito por":"Gustavo Estigarribia","Tiempo de lectura":"2 minutos"},"schema":{"@context":"https:\/\/schema.org","@graph":[{"@type":"Article","@id":"https:\/\/diariodeloeste.com\/noticias\/2019\/07\/08\/leo-nardini-y-veronica-magario-visitaron-el-barrio-los-nogales\/#article","isPartOf":{"@id":"https:\/\/diariodeloeste.com\/noticias\/2019\/07\/08\/leo-nardini-y-veronica-magario-visitaron-el-barrio-los-nogales\/"},"author":{"name":"Gustavo Estigarribia","@id":"https:\/\/diariodeloeste.com\/noticias\/#\/schema\/person\/3a3a5f3ec7ed5a075fa74c2ff26c22ea"},"headline":"Leo Nardini y Ver\u00f3nica Magario visitaron el barrio Los Nogales","datePublished":"2019-07-08T16:00:12+00:00","mainEntityOfPage":{"@id":"https:\/\/diariodeloeste.com\/noticias\/2019\/07\/08\/leo-nardini-y-veronica-magario-visitaron-el-barrio-los-nogales\/"},"wordCount":418,"publisher":{"@id":"https:\/\/diariodeloeste.com\/noticias\/#organization"},"image":{"@id":"https:\/\/diariodeloeste.com\/noticias\/2019\/07\/08\/leo-nardini-y-veronica-magario-visitaron-el-barrio-los-nogales\/#primaryimage"},"thumbnailUrl":"https:\/\/diariodeloeste.com\/noticias\/wp-content\/uploads\/2019\/07\/IMG-20190706-WA0393.jpg","keywords":["leo nardini","Malvinas Argentinas"],"articleSection":["Pol\u00edtica","Titulares"],"inLanguage":"es-AR"},{"@type":"WebPage","@id":"https:\/\/diariodeloeste.com\/noticias\/2019\/07\/08\/leo-nardini-y-veronica-magario-visitaron-el-barrio-los-nogales\/","url":"https:\/\/diariodeloeste.com\/noticias\/2019\/07\/08\/leo-nardini-y-veronica-magario-visitaron-el-barrio-los-nogales\/","name":"Leo Nardini y Ver\u00f3nica Magario visitaron el barrio Los Nogales - Diario del Oeste","isPartOf":{"@id":"https:\/\/diariodeloeste.com\/noticias\/#website"},"primaryImageOfPage":{"@id":"https:\/\/diariodeloeste.com\/noticias\/2019\/07\/08\/leo-nardini-y-veronica-magario-visitaron-el-barrio-los-nogales\/#primaryimage"},"image":{"@id":"https:\/\/diariodeloeste.com\/noticias\/2019\/07\/08\/leo-nardini-y-veronica-magario-visitaron-el-barrio-los-nogales\/#primaryimage"},"thumbnailUrl":"https:\/\/diariodeloeste.com\/noticias\/wp-content\/uploads\/2019\/07\/IMG-20190706-WA0393.jpg","datePublished":"2019-07-08T16:00:12+00:00","breadcrumb":{"@id":"https:\/\/diariodeloeste.com\/noticias\/2019\/07\/08\/leo-nardini-y-veronica-magario-visitaron-el-barrio-los-nogales\/#breadcrumb"},"inLanguage":"es-AR","potentialAction":[{"@type":"ReadAction","target":["https:\/\/diariodeloeste.com\/noticias\/2019\/07\/08\/leo-nardini-y-veronica-magario-visitaron-el-barrio-los-nogales\/"]}]},{"@type":"ImageObject","inLanguage":"es-AR","@id":"https:\/\/diariodeloeste.com\/noticias\/2019\/07\/08\/leo-nardini-y-veronica-magario-visitaron-el-barrio-los-nogales\/#primaryimage","url":"https:\/\/diariodeloeste.com\/noticias\/wp-content\/uploads\/2019\/07\/IMG-20190706-WA0393.jpg","contentUrl":"https:\/\/diariodeloeste.com\/noticias\/wp-content\/uploads\/2019\/07\/IMG-20190706-WA0393.jpg","width":1280,"height":854},{"@type":"BreadcrumbList","@id":"https:\/\/diariodeloeste.com\/noticias\/2019\/07\/08\/leo-nardini-y-veronica-magario-visitaron-el-barrio-los-nogales\/#breadcrumb","itemListElement":[{"@type":"ListItem","position":1,"name":"Inicio","item":"https:\/\/diariodeloeste.com\/noticias\/"},{"@type":"ListItem","position":2,"name":"Leo Nardini y Ver\u00f3nica Magario visitaron el barrio Los Nogales"}]},{"@type":"WebSite","@id":"https:\/\/diariodeloeste.com\/noticias\/#website","url":"https:\/\/diariodeloeste.com\/noticias\/","name":"Diario del Oeste","description":"Noticias del Oeste","publisher":{"@id":"https:\/\/diariodeloeste.com\/noticias\/#organization"},"potentialAction":[{"@type":"SearchAction","target":{"@type":"EntryPoint","urlTemplate":"https:\/\/diariodeloeste.com\/noticias\/?s={search_term_string}"},"query-input":{"@type":"PropertyValueSpecification","valueRequired":true,"valueName":"search_term_string"}}],"inLanguage":"es-AR"},{"@type":"Organization","@id":"https:\/\/diariodeloeste.com\/noticias\/#organization","name":"Diario del Oeste","url":"https:\/\/diariodeloeste.com\/noticias\/","logo":{"@type":"ImageObject","inLanguage":"es-AR","@id":"https:\/\/diariodeloeste.com\/noticias\/#\/schema\/logo\/image\/","url":"https:\/\/diariodeloeste.com\/noticias\/wp-content\/uploads\/2019\/04\/logo.png","contentUrl":"https:\/\/diariodeloeste.com\/noticias\/wp-content\/uploads\/2019\/04\/logo.png","width":306,"height":145,"caption":"Diario del Oeste"},"image":{"@id":"https:\/\/diariodeloeste.com\/noticias\/#\/schema\/logo\/image\/"}},{"@type":"Person","@id":"https:\/\/diariodeloeste.com\/noticias\/#\/schema\/person\/3a3a5f3ec7ed5a075fa74c2ff26c22ea","name":"Gustavo Estigarribia","image":{"@type":"ImageObject","inLanguage":"es-AR","@id":"https:\/\/secure.gravatar.com\/avatar\/672cb09e7a268a367094420673bf8f01ae6b90fa8d1005589efaf5a58fb1906b?s=96&d=mm&r=g","url":"https:\/\/secure.gravatar.com\/avatar\/672cb09e7a268a367094420673bf8f01ae6b90fa8d1005589efaf5a58fb1906b?s=96&d=mm&r=g","contentUrl":"https:\/\/secure.gravatar.com\/avatar\/672cb09e7a268a367094420673bf8f01ae6b90fa8d1005589efaf5a58fb1906b?s=96&d=mm&r=g","caption":"Gustavo Estigarribia"},"description":"Periodista","sameAs":["http:\/\/diarioplus.com.ar"],"url":"https:\/\/diariodeloeste.com\/noticias\/author\/gustavo\/"}]}},"_links":{"self":[{"href":"https:\/\/diariodeloeste.com\/noticias\/wp-json\/wp\/v2\/posts\/3821","targetHints":{"allow":["GET"]}}],"collection":[{"href":"https:\/\/diariodeloeste.com\/noticias\/wp-json\/wp\/v2\/posts"}],"about":[{"href":"https:\/\/diariodeloeste.com\/noticias\/wp-json\/wp\/v2\/types\/post"}],"author":[{"embeddable":true,"href":"https:\/\/diariodeloeste.com\/noticias\/wp-json\/wp\/v2\/users\/2"}],"replies":[{"embeddable":true,"href":"https:\/\/diariodeloeste.com\/noticias\/wp-json\/wp\/v2\/comments?post=3821"}],"version-history":[{"count":1,"href":"https:\/\/diariodeloeste.com\/noticias\/wp-json\/wp\/v2\/posts\/3821\/revisions"}],"predecessor-version":[{"id":3824,"href":"https:\/\/diariodeloeste.com\/noticias\/wp-json\/wp\/v2\/posts\/3821\/revisions\/3824"}],"wp:featuredmedia":[{"embeddable":true,"href":"https:\/\/diariodeloeste.com\/noticias\/wp-json\/wp\/v2\/media\/3823"}],"wp:attachment":[{"href":"https:\/\/diariodeloeste.com\/noticias\/wp-json\/wp\/v2\/media?parent=3821"}],"wp:term":[{"taxonomy":"category","embeddable":true,"href":"https:\/\/diariodeloeste.com\/noticias\/wp-json\/wp\/v2\/categories?post=3821"},{"taxonomy":"post_tag","embeddable":true,"href":"https:\/\/diariodeloeste.com\/noticias\/wp-json\/wp\/v2\/tags?post=3821"}],"curies":[{"name":"wp","href":"https:\/\/api.w.org\/{rel}","templated":true}]}}