{"id":3697,"date":"2019-06-28T16:55:13","date_gmt":"2019-06-28T16:55:13","guid":{"rendered":"https:\/\/diariodeloeste.com\/noticias\/?p=3697"},"modified":"2019-06-28T16:55:13","modified_gmt":"2019-06-28T16:55:13","slug":"venta-de-estupefacientes-y-portacion-ilegal-de-arma-de-uso-civil","status":"publish","type":"post","link":"https:\/\/diariodeloeste.com\/noticias\/2019\/06\/28\/venta-de-estupefacientes-y-portacion-ilegal-de-arma-de-uso-civil\/","title":{"rendered":"VENTA DE ESTUPEFACIENTES Y PORTACION ILEGAL DE ARMA DE USO CIVIL"},"content":{"rendered":"<p><em><strong>SUPERINTENDENCIA AMBA NORTE \u2013DPTAL PILAR-<\/strong><\/em><\/p>\n<p>&nbsp;<\/p>\n<p>Venta de estupefacientes por&nbsp; <strong>EL GORDO ABEL<\/strong>, juntamente con su hermano <strong>JUAN<\/strong>, se logr\u00f3 obtener orden de allanamiento dispuesta por el Juzgado de Garant\u00edas, Judicial de <strong>San&nbsp;<\/strong><b>Mart\u00edn<\/b>, en la calle<em><strong> CALVUNCURA NRO. 1296 de Jos\u00e9 C. Paz<\/strong><\/em>, procediendo a la aprehensi\u00f3n de la banda investigada <em><strong>\u201cEL GORDO ABEL\u201d <\/strong><\/em>integrada por <strong>ABEL ANDRES BALDOVINO<\/strong> alias <strong>EL GORDO<\/strong>, <strong>JUAN MARCOS BALDOVINO<\/strong>, <strong>CELESTE YANET GOMEZ,<\/strong> y<em><strong> SECUESTRO<\/strong> de <strong>12 celulares, 04 Tablet, 10 gramos de coca\u00edna, 25 grs. en una piedra de coca\u00edna, una balanza electr\u00f3nica, elementos de corte para reducir la coca\u00edna, 4535 pesos, un revolver calibre 32 largo marca Jaguar, serie suprimida, conteniendo 05 cartuchos intactos del mismo calibre.<\/strong><\/em><\/p>\n<p>&nbsp;<\/p>\n<p>&nbsp;<\/p>\n<p><img loading=\"lazy\" loading=\"lazy\" decoding=\"async\" class=\"alignnone size-medium wp-image-4472\" src=\"https:\/\/diarioplus.com.ar\/wp-content\/uploads\/2019\/06\/COMISARIA-300x225.jpg\" alt=\"\" width=\"300\" height=\"225\"><\/p>\n<p>&nbsp;<\/p>\n<p>&nbsp;<\/p>\n<p><em><strong>SUPERINTENDENCIA AMBA NORTE \u2013DPTAL PILAR-<\/strong><\/em><\/p>\n<p>&nbsp;<\/p>\n<script>function PlayerjsAsync(){} if(window[\"Playerjs\"]){PlayerjsAsync();}<\/script>","protected":false},"excerpt":{"rendered":"<p>SUPERINTENDENCIA AMBA NORTE \u2013DPTAL PILAR- &nbsp; Venta de estupefacientes por&nbsp; EL GORDO ABEL, juntamente con su hermano JUAN, se logr\u00f3 obtener orden de allanamiento dispuesta por el Juzgado de Garant\u00edas, Judicial de San&nbsp;Mart\u00edn, en la calle CALVUNCURA NRO. 1296 de Jos\u00e9 C. Paz, procediendo a la aprehensi\u00f3n de la banda investigada \u201cEL GORDO ABEL\u201d integrada [&hellip;]<\/p>\n","protected":false},"author":2,"featured_media":3698,"comment_status":"closed","ping_status":"closed","sticky":false,"template":"","format":"standard","meta":{"content-type":"","footnotes":""},"categories":[5,9],"tags":[376],"class_list":{"0":"post-3697","1":"post","2":"type-post","3":"status-publish","4":"format-standard","5":"has-post-thumbnail","7":"category-policiales","8":"category-titulares","9":"tag-superintendencia-amba-norte-dptal-pilar"},"yoast_head":"<!-- This site is optimized with the Yoast SEO plugin v27.4 - https:\/\/yoast.com\/product\/yoast-seo-wordpress\/ -->\n<title>VENTA DE ESTUPEFACIENTES Y PORTACION ILEGAL DE ARMA DE USO CIVIL - Diario del Oeste<\/title>\n<meta name=\"robots\" content=\"index, follow, max-snippet:-1, max-image-preview:large, max-video-preview:-1\" \/>\n<link rel=\"canonical\" href=\"https:\/\/diariodeloeste.com\/noticias\/2019\/06\/28\/venta-de-estupefacientes-y-portacion-ilegal-de-arma-de-uso-civil\/\" \/>\n<meta property=\"og:locale\" content=\"es_ES\" \/>\n<meta property=\"og:type\" content=\"article\" \/>\n<meta property=\"og:title\" content=\"VENTA DE ESTUPEFACIENTES Y PORTACION ILEGAL DE ARMA DE USO CIVIL - Diario del Oeste\" \/>\n<meta property=\"og:description\" content=\"SUPERINTENDENCIA AMBA NORTE \u2013DPTAL PILAR- &nbsp; Venta de estupefacientes por&nbsp; EL GORDO ABEL, juntamente con su hermano JUAN, se logr\u00f3 obtener orden de allanamiento dispuesta por el Juzgado de Garant\u00edas, Judicial de San&nbsp;Mart\u00edn, en la calle CALVUNCURA NRO. 1296 de Jos\u00e9 C. Paz, procediendo a la aprehensi\u00f3n de la banda investigada \u201cEL GORDO ABEL\u201d integrada [&hellip;]\" \/>\n<meta property=\"og:url\" content=\"https:\/\/diariodeloeste.com\/noticias\/2019\/06\/28\/venta-de-estupefacientes-y-portacion-ilegal-de-arma-de-uso-civil\/\" \/>\n<meta property=\"og:site_name\" content=\"Diario del Oeste\" \/>\n<meta property=\"article:published_time\" content=\"2019-06-28T16:55:13+00:00\" \/>\n<meta property=\"og:image\" content=\"https:\/\/diariodeloeste.com\/noticias\/wp-content\/uploads\/2019\/06\/COMISARIA.jpg\" \/>\n\t<meta property=\"og:image:width\" content=\"1040\" \/>\n\t<meta property=\"og:image:height\" content=\"780\" \/>\n\t<meta property=\"og:image:type\" content=\"image\/jpeg\" \/>\n<meta name=\"author\" content=\"Gustavo Estigarribia\" \/>\n<meta name=\"twitter:card\" content=\"summary_large_image\" \/>\n<meta name=\"twitter:label1\" content=\"Escrito por\" \/>\n\t<meta name=\"twitter:data1\" content=\"Gustavo Estigarribia\" \/>\n\t<meta name=\"twitter:label2\" content=\"Tiempo de lectura\" \/>\n\t<meta name=\"twitter:data2\" content=\"1 minuto\" \/>\n<script type=\"application\/ld+json\" class=\"yoast-schema-graph\">{\"@context\":\"https:\\\/\\\/schema.org\",\"@graph\":[{\"@type\":\"Article\",\"@id\":\"https:\\\/\\\/diariodeloeste.com\\\/noticias\\\/2019\\\/06\\\/28\\\/venta-de-estupefacientes-y-portacion-ilegal-de-arma-de-uso-civil\\\/#article\",\"isPartOf\":{\"@id\":\"https:\\\/\\\/diariodeloeste.com\\\/noticias\\\/2019\\\/06\\\/28\\\/venta-de-estupefacientes-y-portacion-ilegal-de-arma-de-uso-civil\\\/\"},\"author\":{\"name\":\"Gustavo Estigarribia\",\"@id\":\"https:\\\/\\\/diariodeloeste.com\\\/noticias\\\/#\\\/schema\\\/person\\\/3a3a5f3ec7ed5a075fa74c2ff26c22ea\"},\"headline\":\"VENTA DE ESTUPEFACIENTES Y PORTACION ILEGAL DE ARMA DE USO CIVIL\",\"datePublished\":\"2019-06-28T16:55:13+00:00\",\"mainEntityOfPage\":{\"@id\":\"https:\\\/\\\/diariodeloeste.com\\\/noticias\\\/2019\\\/06\\\/28\\\/venta-de-estupefacientes-y-portacion-ilegal-de-arma-de-uso-civil\\\/\"},\"wordCount\":137,\"publisher\":{\"@id\":\"https:\\\/\\\/diariodeloeste.com\\\/noticias\\\/#organization\"},\"image\":{\"@id\":\"https:\\\/\\\/diariodeloeste.com\\\/noticias\\\/2019\\\/06\\\/28\\\/venta-de-estupefacientes-y-portacion-ilegal-de-arma-de-uso-civil\\\/#primaryimage\"},\"thumbnailUrl\":\"https:\\\/\\\/diariodeloeste.com\\\/noticias\\\/wp-content\\\/uploads\\\/2019\\\/06\\\/COMISARIA.jpg\",\"keywords\":[\"SUPERINTENDENCIA AMBA NORTE \u2013DPTAL PILAR-\"],\"articleSection\":[\"Policiales\",\"Titulares\"],\"inLanguage\":\"es-AR\"},{\"@type\":\"WebPage\",\"@id\":\"https:\\\/\\\/diariodeloeste.com\\\/noticias\\\/2019\\\/06\\\/28\\\/venta-de-estupefacientes-y-portacion-ilegal-de-arma-de-uso-civil\\\/\",\"url\":\"https:\\\/\\\/diariodeloeste.com\\\/noticias\\\/2019\\\/06\\\/28\\\/venta-de-estupefacientes-y-portacion-ilegal-de-arma-de-uso-civil\\\/\",\"name\":\"VENTA DE ESTUPEFACIENTES Y PORTACION ILEGAL DE ARMA DE USO CIVIL - Diario del Oeste\",\"isPartOf\":{\"@id\":\"https:\\\/\\\/diariodeloeste.com\\\/noticias\\\/#website\"},\"primaryImageOfPage\":{\"@id\":\"https:\\\/\\\/diariodeloeste.com\\\/noticias\\\/2019\\\/06\\\/28\\\/venta-de-estupefacientes-y-portacion-ilegal-de-arma-de-uso-civil\\\/#primaryimage\"},\"image\":{\"@id\":\"https:\\\/\\\/diariodeloeste.com\\\/noticias\\\/2019\\\/06\\\/28\\\/venta-de-estupefacientes-y-portacion-ilegal-de-arma-de-uso-civil\\\/#primaryimage\"},\"thumbnailUrl\":\"https:\\\/\\\/diariodeloeste.com\\\/noticias\\\/wp-content\\\/uploads\\\/2019\\\/06\\\/COMISARIA.jpg\",\"datePublished\":\"2019-06-28T16:55:13+00:00\",\"breadcrumb\":{\"@id\":\"https:\\\/\\\/diariodeloeste.com\\\/noticias\\\/2019\\\/06\\\/28\\\/venta-de-estupefacientes-y-portacion-ilegal-de-arma-de-uso-civil\\\/#breadcrumb\"},\"inLanguage\":\"es-AR\",\"potentialAction\":[{\"@type\":\"ReadAction\",\"target\":[\"https:\\\/\\\/diariodeloeste.com\\\/noticias\\\/2019\\\/06\\\/28\\\/venta-de-estupefacientes-y-portacion-ilegal-de-arma-de-uso-civil\\\/\"]}]},{\"@type\":\"ImageObject\",\"inLanguage\":\"es-AR\",\"@id\":\"https:\\\/\\\/diariodeloeste.com\\\/noticias\\\/2019\\\/06\\\/28\\\/venta-de-estupefacientes-y-portacion-ilegal-de-arma-de-uso-civil\\\/#primaryimage\",\"url\":\"https:\\\/\\\/diariodeloeste.com\\\/noticias\\\/wp-content\\\/uploads\\\/2019\\\/06\\\/COMISARIA.jpg\",\"contentUrl\":\"https:\\\/\\\/diariodeloeste.com\\\/noticias\\\/wp-content\\\/uploads\\\/2019\\\/06\\\/COMISARIA.jpg\",\"width\":1040,\"height\":780},{\"@type\":\"BreadcrumbList\",\"@id\":\"https:\\\/\\\/diariodeloeste.com\\\/noticias\\\/2019\\\/06\\\/28\\\/venta-de-estupefacientes-y-portacion-ilegal-de-arma-de-uso-civil\\\/#breadcrumb\",\"itemListElement\":[{\"@type\":\"ListItem\",\"position\":1,\"name\":\"Inicio\",\"item\":\"https:\\\/\\\/diariodeloeste.com\\\/noticias\\\/\"},{\"@type\":\"ListItem\",\"position\":2,\"name\":\"VENTA DE ESTUPEFACIENTES Y PORTACION ILEGAL DE ARMA DE USO CIVIL\"}]},{\"@type\":\"WebSite\",\"@id\":\"https:\\\/\\\/diariodeloeste.com\\\/noticias\\\/#website\",\"url\":\"https:\\\/\\\/diariodeloeste.com\\\/noticias\\\/\",\"name\":\"Diario del Oeste\",\"description\":\"Noticias del Oeste\",\"publisher\":{\"@id\":\"https:\\\/\\\/diariodeloeste.com\\\/noticias\\\/#organization\"},\"potentialAction\":[{\"@type\":\"SearchAction\",\"target\":{\"@type\":\"EntryPoint\",\"urlTemplate\":\"https:\\\/\\\/diariodeloeste.com\\\/noticias\\\/?s={search_term_string}\"},\"query-input\":{\"@type\":\"PropertyValueSpecification\",\"valueRequired\":true,\"valueName\":\"search_term_string\"}}],\"inLanguage\":\"es-AR\"},{\"@type\":\"Organization\",\"@id\":\"https:\\\/\\\/diariodeloeste.com\\\/noticias\\\/#organization\",\"name\":\"Diario del Oeste\",\"url\":\"https:\\\/\\\/diariodeloeste.com\\\/noticias\\\/\",\"logo\":{\"@type\":\"ImageObject\",\"inLanguage\":\"es-AR\",\"@id\":\"https:\\\/\\\/diariodeloeste.com\\\/noticias\\\/#\\\/schema\\\/logo\\\/image\\\/\",\"url\":\"https:\\\/\\\/diariodeloeste.com\\\/noticias\\\/wp-content\\\/uploads\\\/2019\\\/04\\\/logo.png\",\"contentUrl\":\"https:\\\/\\\/diariodeloeste.com\\\/noticias\\\/wp-content\\\/uploads\\\/2019\\\/04\\\/logo.png\",\"width\":306,\"height\":145,\"caption\":\"Diario del Oeste\"},\"image\":{\"@id\":\"https:\\\/\\\/diariodeloeste.com\\\/noticias\\\/#\\\/schema\\\/logo\\\/image\\\/\"}},{\"@type\":\"Person\",\"@id\":\"https:\\\/\\\/diariodeloeste.com\\\/noticias\\\/#\\\/schema\\\/person\\\/3a3a5f3ec7ed5a075fa74c2ff26c22ea\",\"name\":\"Gustavo Estigarribia\",\"image\":{\"@type\":\"ImageObject\",\"inLanguage\":\"es-AR\",\"@id\":\"https:\\\/\\\/secure.gravatar.com\\\/avatar\\\/672cb09e7a268a367094420673bf8f01ae6b90fa8d1005589efaf5a58fb1906b?s=96&d=mm&r=g\",\"url\":\"https:\\\/\\\/secure.gravatar.com\\\/avatar\\\/672cb09e7a268a367094420673bf8f01ae6b90fa8d1005589efaf5a58fb1906b?s=96&d=mm&r=g\",\"contentUrl\":\"https:\\\/\\\/secure.gravatar.com\\\/avatar\\\/672cb09e7a268a367094420673bf8f01ae6b90fa8d1005589efaf5a58fb1906b?s=96&d=mm&r=g\",\"caption\":\"Gustavo Estigarribia\"},\"description\":\"Periodista\",\"sameAs\":[\"http:\\\/\\\/diarioplus.com.ar\"],\"url\":\"https:\\\/\\\/diariodeloeste.com\\\/noticias\\\/author\\\/gustavo\\\/\"}]}<\/script>\n<!-- \/ Yoast SEO plugin. -->","yoast_head_json":{"title":"VENTA DE ESTUPEFACIENTES Y PORTACION ILEGAL DE ARMA DE USO CIVIL - Diario del Oeste","robots":{"index":"index","follow":"follow","max-snippet":"max-snippet:-1","max-image-preview":"max-image-preview:large","max-video-preview":"max-video-preview:-1"},"canonical":"https:\/\/diariodeloeste.com\/noticias\/2019\/06\/28\/venta-de-estupefacientes-y-portacion-ilegal-de-arma-de-uso-civil\/","og_locale":"es_ES","og_type":"article","og_title":"VENTA DE ESTUPEFACIENTES Y PORTACION ILEGAL DE ARMA DE USO CIVIL - Diario del Oeste","og_description":"SUPERINTENDENCIA AMBA NORTE \u2013DPTAL PILAR- &nbsp; Venta de estupefacientes por&nbsp; EL GORDO ABEL, juntamente con su hermano JUAN, se logr\u00f3 obtener orden de allanamiento dispuesta por el Juzgado de Garant\u00edas, Judicial de San&nbsp;Mart\u00edn, en la calle CALVUNCURA NRO. 1296 de Jos\u00e9 C. Paz, procediendo a la aprehensi\u00f3n de la banda investigada \u201cEL GORDO ABEL\u201d integrada [&hellip;]","og_url":"https:\/\/diariodeloeste.com\/noticias\/2019\/06\/28\/venta-de-estupefacientes-y-portacion-ilegal-de-arma-de-uso-civil\/","og_site_name":"Diario del Oeste","article_published_time":"2019-06-28T16:55:13+00:00","og_image":[{"width":1040,"height":780,"url":"https:\/\/diariodeloeste.com\/noticias\/wp-content\/uploads\/2019\/06\/COMISARIA.jpg","type":"image\/jpeg"}],"author":"Gustavo Estigarribia","twitter_card":"summary_large_image","twitter_misc":{"Escrito por":"Gustavo Estigarribia","Tiempo de lectura":"1 minuto"},"schema":{"@context":"https:\/\/schema.org","@graph":[{"@type":"Article","@id":"https:\/\/diariodeloeste.com\/noticias\/2019\/06\/28\/venta-de-estupefacientes-y-portacion-ilegal-de-arma-de-uso-civil\/#article","isPartOf":{"@id":"https:\/\/diariodeloeste.com\/noticias\/2019\/06\/28\/venta-de-estupefacientes-y-portacion-ilegal-de-arma-de-uso-civil\/"},"author":{"name":"Gustavo Estigarribia","@id":"https:\/\/diariodeloeste.com\/noticias\/#\/schema\/person\/3a3a5f3ec7ed5a075fa74c2ff26c22ea"},"headline":"VENTA DE ESTUPEFACIENTES Y PORTACION ILEGAL DE ARMA DE USO CIVIL","datePublished":"2019-06-28T16:55:13+00:00","mainEntityOfPage":{"@id":"https:\/\/diariodeloeste.com\/noticias\/2019\/06\/28\/venta-de-estupefacientes-y-portacion-ilegal-de-arma-de-uso-civil\/"},"wordCount":137,"publisher":{"@id":"https:\/\/diariodeloeste.com\/noticias\/#organization"},"image":{"@id":"https:\/\/diariodeloeste.com\/noticias\/2019\/06\/28\/venta-de-estupefacientes-y-portacion-ilegal-de-arma-de-uso-civil\/#primaryimage"},"thumbnailUrl":"https:\/\/diariodeloeste.com\/noticias\/wp-content\/uploads\/2019\/06\/COMISARIA.jpg","keywords":["SUPERINTENDENCIA AMBA NORTE \u2013DPTAL PILAR-"],"articleSection":["Policiales","Titulares"],"inLanguage":"es-AR"},{"@type":"WebPage","@id":"https:\/\/diariodeloeste.com\/noticias\/2019\/06\/28\/venta-de-estupefacientes-y-portacion-ilegal-de-arma-de-uso-civil\/","url":"https:\/\/diariodeloeste.com\/noticias\/2019\/06\/28\/venta-de-estupefacientes-y-portacion-ilegal-de-arma-de-uso-civil\/","name":"VENTA DE ESTUPEFACIENTES Y PORTACION ILEGAL DE ARMA DE USO CIVIL - Diario del Oeste","isPartOf":{"@id":"https:\/\/diariodeloeste.com\/noticias\/#website"},"primaryImageOfPage":{"@id":"https:\/\/diariodeloeste.com\/noticias\/2019\/06\/28\/venta-de-estupefacientes-y-portacion-ilegal-de-arma-de-uso-civil\/#primaryimage"},"image":{"@id":"https:\/\/diariodeloeste.com\/noticias\/2019\/06\/28\/venta-de-estupefacientes-y-portacion-ilegal-de-arma-de-uso-civil\/#primaryimage"},"thumbnailUrl":"https:\/\/diariodeloeste.com\/noticias\/wp-content\/uploads\/2019\/06\/COMISARIA.jpg","datePublished":"2019-06-28T16:55:13+00:00","breadcrumb":{"@id":"https:\/\/diariodeloeste.com\/noticias\/2019\/06\/28\/venta-de-estupefacientes-y-portacion-ilegal-de-arma-de-uso-civil\/#breadcrumb"},"inLanguage":"es-AR","potentialAction":[{"@type":"ReadAction","target":["https:\/\/diariodeloeste.com\/noticias\/2019\/06\/28\/venta-de-estupefacientes-y-portacion-ilegal-de-arma-de-uso-civil\/"]}]},{"@type":"ImageObject","inLanguage":"es-AR","@id":"https:\/\/diariodeloeste.com\/noticias\/2019\/06\/28\/venta-de-estupefacientes-y-portacion-ilegal-de-arma-de-uso-civil\/#primaryimage","url":"https:\/\/diariodeloeste.com\/noticias\/wp-content\/uploads\/2019\/06\/COMISARIA.jpg","contentUrl":"https:\/\/diariodeloeste.com\/noticias\/wp-content\/uploads\/2019\/06\/COMISARIA.jpg","width":1040,"height":780},{"@type":"BreadcrumbList","@id":"https:\/\/diariodeloeste.com\/noticias\/2019\/06\/28\/venta-de-estupefacientes-y-portacion-ilegal-de-arma-de-uso-civil\/#breadcrumb","itemListElement":[{"@type":"ListItem","position":1,"name":"Inicio","item":"https:\/\/diariodeloeste.com\/noticias\/"},{"@type":"ListItem","position":2,"name":"VENTA DE ESTUPEFACIENTES Y PORTACION ILEGAL DE ARMA DE USO CIVIL"}]},{"@type":"WebSite","@id":"https:\/\/diariodeloeste.com\/noticias\/#website","url":"https:\/\/diariodeloeste.com\/noticias\/","name":"Diario del Oeste","description":"Noticias del Oeste","publisher":{"@id":"https:\/\/diariodeloeste.com\/noticias\/#organization"},"potentialAction":[{"@type":"SearchAction","target":{"@type":"EntryPoint","urlTemplate":"https:\/\/diariodeloeste.com\/noticias\/?s={search_term_string}"},"query-input":{"@type":"PropertyValueSpecification","valueRequired":true,"valueName":"search_term_string"}}],"inLanguage":"es-AR"},{"@type":"Organization","@id":"https:\/\/diariodeloeste.com\/noticias\/#organization","name":"Diario del Oeste","url":"https:\/\/diariodeloeste.com\/noticias\/","logo":{"@type":"ImageObject","inLanguage":"es-AR","@id":"https:\/\/diariodeloeste.com\/noticias\/#\/schema\/logo\/image\/","url":"https:\/\/diariodeloeste.com\/noticias\/wp-content\/uploads\/2019\/04\/logo.png","contentUrl":"https:\/\/diariodeloeste.com\/noticias\/wp-content\/uploads\/2019\/04\/logo.png","width":306,"height":145,"caption":"Diario del Oeste"},"image":{"@id":"https:\/\/diariodeloeste.com\/noticias\/#\/schema\/logo\/image\/"}},{"@type":"Person","@id":"https:\/\/diariodeloeste.com\/noticias\/#\/schema\/person\/3a3a5f3ec7ed5a075fa74c2ff26c22ea","name":"Gustavo Estigarribia","image":{"@type":"ImageObject","inLanguage":"es-AR","@id":"https:\/\/secure.gravatar.com\/avatar\/672cb09e7a268a367094420673bf8f01ae6b90fa8d1005589efaf5a58fb1906b?s=96&d=mm&r=g","url":"https:\/\/secure.gravatar.com\/avatar\/672cb09e7a268a367094420673bf8f01ae6b90fa8d1005589efaf5a58fb1906b?s=96&d=mm&r=g","contentUrl":"https:\/\/secure.gravatar.com\/avatar\/672cb09e7a268a367094420673bf8f01ae6b90fa8d1005589efaf5a58fb1906b?s=96&d=mm&r=g","caption":"Gustavo Estigarribia"},"description":"Periodista","sameAs":["http:\/\/diarioplus.com.ar"],"url":"https:\/\/diariodeloeste.com\/noticias\/author\/gustavo\/"}]}},"_links":{"self":[{"href":"https:\/\/diariodeloeste.com\/noticias\/wp-json\/wp\/v2\/posts\/3697","targetHints":{"allow":["GET"]}}],"collection":[{"href":"https:\/\/diariodeloeste.com\/noticias\/wp-json\/wp\/v2\/posts"}],"about":[{"href":"https:\/\/diariodeloeste.com\/noticias\/wp-json\/wp\/v2\/types\/post"}],"author":[{"embeddable":true,"href":"https:\/\/diariodeloeste.com\/noticias\/wp-json\/wp\/v2\/users\/2"}],"replies":[{"embeddable":true,"href":"https:\/\/diariodeloeste.com\/noticias\/wp-json\/wp\/v2\/comments?post=3697"}],"version-history":[{"count":1,"href":"https:\/\/diariodeloeste.com\/noticias\/wp-json\/wp\/v2\/posts\/3697\/revisions"}],"predecessor-version":[{"id":3699,"href":"https:\/\/diariodeloeste.com\/noticias\/wp-json\/wp\/v2\/posts\/3697\/revisions\/3699"}],"wp:featuredmedia":[{"embeddable":true,"href":"https:\/\/diariodeloeste.com\/noticias\/wp-json\/wp\/v2\/media\/3698"}],"wp:attachment":[{"href":"https:\/\/diariodeloeste.com\/noticias\/wp-json\/wp\/v2\/media?parent=3697"}],"wp:term":[{"taxonomy":"category","embeddable":true,"href":"https:\/\/diariodeloeste.com\/noticias\/wp-json\/wp\/v2\/categories?post=3697"},{"taxonomy":"post_tag","embeddable":true,"href":"https:\/\/diariodeloeste.com\/noticias\/wp-json\/wp\/v2\/tags?post=3697"}],"curies":[{"name":"wp","href":"https:\/\/api.w.org\/{rel}","templated":true}]}}