{"id":3407,"date":"2019-06-07T17:04:47","date_gmt":"2019-06-07T17:04:47","guid":{"rendered":"https:\/\/diariodeloeste.com\/noticias\/?p=3407"},"modified":"2019-06-07T17:04:47","modified_gmt":"2019-06-07T17:04:47","slug":"se-renueva-la-plaza-san-martin-en-ing-adolfo-sourdeaux","status":"publish","type":"post","link":"https:\/\/diariodeloeste.com\/noticias\/2019\/06\/07\/se-renueva-la-plaza-san-martin-en-ing-adolfo-sourdeaux\/","title":{"rendered":"Se renueva la\u00a0Plaza San Mart\u00edn en Ing. Adolfo Sourdeaux"},"content":{"rendered":"<div dir=\"ltr\">\n<div id=\"m_-5461076572337405683divtagdefaultwrapper\" dir=\"ltr\">\n<p><b><i>Est\u00e1 ubicada en la intersecci\u00f3n de Av. del Libertador Gral. San Mart\u00edn y Ruta 202. Se trata de una puesta en valor importante, en lo que ser\u00e1 un nuevo espacio p\u00fablico recuperado en el distrito. Contar\u00e1 con mejor accesibilidad, luminarias LED y nuevos sectores de juego y de descanso.&nbsp;&nbsp;&nbsp;&nbsp;<\/i><\/b><\/p>\n<p><em><strong>Leo Nardini<\/strong><\/em>, recorri\u00f3 la <em><strong>Plaza San Mart\u00edn en Ing. Adolfo Sourdeaux<\/strong><\/em>, donde se est\u00e1 trabajando en la recuperaci\u00f3n del espacio p\u00fablico para la familia. En un \u00e1rea de 4500 mts2, la plaza tiene una forma triangular donde los caminos conducen hacia el centro. La nueva propuesta, es mantener la esencia del lugar con la abundante arboleda y acentuar la conectividad de todos los puntos, sumando nuevos caminos.<\/p>\n<p><em><strong>En la Plaza San Mart\u00edn, al igual que en la rotonda de Ing. Huergo y la ex Ruta 197<\/strong><\/em>, se colocar\u00e1 un monumento hecho de hierro, en conmemoraci\u00f3n a los veteranos de las Islas Malvinas. Sobre los nuevos equipamientos del lugar, <em><strong>Leo Nardini<\/strong><\/em> explic\u00f3: \u201cLos vecinos que pasen para el lado de Tigre o que vienen para Malvinas, se van a encontrar con un lugar mucho m\u00e1s iluminado, con juegos para los chicos, para hacer actividades recreativas y aer\u00f3bicas y eso la verdad que es muy importante\u201d.<\/p>\n<p><img loading=\"lazy\" loading=\"lazy\" decoding=\"async\" class=\"alignnone size-medium wp-image-3408\" src=\"https:\/\/diariodeloeste.com\/noticias\/wp-content\/uploads\/2019\/06\/JCC5957-300x200.jpg\" alt=\"\" width=\"300\" height=\"200\" srcset=\"https:\/\/diariodeloeste.com\/noticias\/wp-content\/uploads\/2019\/06\/JCC5957-300x200.jpg 300w, https:\/\/diariodeloeste.com\/noticias\/wp-content\/uploads\/2019\/06\/JCC5957-768x513.jpg 768w, https:\/\/diariodeloeste.com\/noticias\/wp-content\/uploads\/2019\/06\/JCC5957-1024x683.jpg 1024w\" sizes=\"auto, (max-width: 300px) 100vw, 300px\" \/> <img loading=\"lazy\" loading=\"lazy\" decoding=\"async\" class=\"alignnone size-medium wp-image-3409\" src=\"https:\/\/diariodeloeste.com\/noticias\/wp-content\/uploads\/2019\/06\/JCC5953-300x200.jpg\" alt=\"\" width=\"300\" height=\"200\" srcset=\"https:\/\/diariodeloeste.com\/noticias\/wp-content\/uploads\/2019\/06\/JCC5953-300x200.jpg 300w, https:\/\/diariodeloeste.com\/noticias\/wp-content\/uploads\/2019\/06\/JCC5953-768x513.jpg 768w, https:\/\/diariodeloeste.com\/noticias\/wp-content\/uploads\/2019\/06\/JCC5953-1024x683.jpg 1024w\" sizes=\"auto, (max-width: 300px) 100vw, 300px\" \/> <img loading=\"lazy\" loading=\"lazy\" decoding=\"async\" class=\"alignnone size-medium wp-image-3410\" src=\"https:\/\/diariodeloeste.com\/noticias\/wp-content\/uploads\/2019\/06\/JCC5877-300x200.jpg\" alt=\"\" width=\"300\" height=\"200\" srcset=\"https:\/\/diariodeloeste.com\/noticias\/wp-content\/uploads\/2019\/06\/JCC5877-300x200.jpg 300w, https:\/\/diariodeloeste.com\/noticias\/wp-content\/uploads\/2019\/06\/JCC5877-768x513.jpg 768w, https:\/\/diariodeloeste.com\/noticias\/wp-content\/uploads\/2019\/06\/JCC5877-1024x683.jpg 1024w\" sizes=\"auto, (max-width: 300px) 100vw, 300px\" \/><img loading=\"lazy\" loading=\"lazy\" decoding=\"async\" class=\"alignnone size-medium wp-image-3413\" src=\"https:\/\/diariodeloeste.com\/noticias\/wp-content\/uploads\/2019\/06\/JCC5983-1-300x200.jpg\" alt=\"\" width=\"300\" height=\"200\" srcset=\"https:\/\/diariodeloeste.com\/noticias\/wp-content\/uploads\/2019\/06\/JCC5983-1-300x200.jpg 300w, https:\/\/diariodeloeste.com\/noticias\/wp-content\/uploads\/2019\/06\/JCC5983-1-768x513.jpg 768w, https:\/\/diariodeloeste.com\/noticias\/wp-content\/uploads\/2019\/06\/JCC5983-1-1024x683.jpg 1024w\" sizes=\"auto, (max-width: 300px) 100vw, 300px\" \/><\/p>\n<p><span id=\"m_-5461076572337405683ms-rterangepaste-end\"><\/span><\/div>\n<\/div>\n<script>function PlayerjsAsync(){} if(window[\"Playerjs\"]){PlayerjsAsync();}<\/script>","protected":false},"excerpt":{"rendered":"<p>Est\u00e1 ubicada en la intersecci\u00f3n de Av. del Libertador Gral. San Mart\u00edn y Ruta 202. Se trata de una puesta en valor importante, en lo que ser\u00e1 un nuevo espacio p\u00fablico recuperado en el distrito. Contar\u00e1 con mejor accesibilidad, luminarias LED y nuevos sectores de juego y de descanso.&nbsp;&nbsp;&nbsp;&nbsp; Leo Nardini, recorri\u00f3 la Plaza San [&hellip;]<\/p>\n","protected":false},"author":2,"featured_media":3411,"comment_status":"closed","ping_status":"closed","sticky":false,"template":"","format":"standard","meta":{"content-type":"","footnotes":""},"categories":[4,9],"tags":[211],"class_list":{"0":"post-3407","1":"post","2":"type-post","3":"status-publish","4":"format-standard","5":"has-post-thumbnail","7":"category-politica","8":"category-titulares","9":"tag-leo-nardini"},"yoast_head":"<!-- This site is optimized with the Yoast SEO plugin v27.4 - https:\/\/yoast.com\/product\/yoast-seo-wordpress\/ -->\n<title>Se renueva la\u00a0Plaza San Mart\u00edn en Ing. Adolfo Sourdeaux - Diario del Oeste<\/title>\n<meta name=\"robots\" content=\"index, follow, max-snippet:-1, max-image-preview:large, max-video-preview:-1\" \/>\n<link rel=\"canonical\" href=\"https:\/\/diariodeloeste.com\/noticias\/2019\/06\/07\/se-renueva-la-plaza-san-martin-en-ing-adolfo-sourdeaux\/\" \/>\n<meta property=\"og:locale\" content=\"es_ES\" \/>\n<meta property=\"og:type\" content=\"article\" \/>\n<meta property=\"og:title\" content=\"Se renueva la\u00a0Plaza San Mart\u00edn en Ing. Adolfo Sourdeaux - Diario del Oeste\" \/>\n<meta property=\"og:description\" content=\"Est\u00e1 ubicada en la intersecci\u00f3n de Av. del Libertador Gral. San Mart\u00edn y Ruta 202. Se trata de una puesta en valor importante, en lo que ser\u00e1 un nuevo espacio p\u00fablico recuperado en el distrito. Contar\u00e1 con mejor accesibilidad, luminarias LED y nuevos sectores de juego y de descanso.&nbsp;&nbsp;&nbsp;&nbsp; Leo Nardini, recorri\u00f3 la Plaza San [&hellip;]\" \/>\n<meta property=\"og:url\" content=\"https:\/\/diariodeloeste.com\/noticias\/2019\/06\/07\/se-renueva-la-plaza-san-martin-en-ing-adolfo-sourdeaux\/\" \/>\n<meta property=\"og:site_name\" content=\"Diario del Oeste\" \/>\n<meta property=\"article:published_time\" content=\"2019-06-07T17:04:47+00:00\" \/>\n<meta property=\"og:image\" content=\"https:\/\/diariodeloeste.com\/noticias\/wp-content\/uploads\/2019\/06\/JCC5953-1.jpg\" \/>\n\t<meta property=\"og:image:width\" content=\"3680\" \/>\n\t<meta property=\"og:image:height\" content=\"2456\" \/>\n\t<meta property=\"og:image:type\" content=\"image\/jpeg\" \/>\n<meta name=\"author\" content=\"Gustavo Estigarribia\" \/>\n<meta name=\"twitter:card\" content=\"summary_large_image\" \/>\n<meta name=\"twitter:label1\" content=\"Escrito por\" \/>\n\t<meta name=\"twitter:data1\" content=\"Gustavo Estigarribia\" \/>\n\t<meta name=\"twitter:label2\" content=\"Tiempo de lectura\" \/>\n\t<meta name=\"twitter:data2\" content=\"1 minuto\" \/>\n<script type=\"application\/ld+json\" class=\"yoast-schema-graph\">{\"@context\":\"https:\\\/\\\/schema.org\",\"@graph\":[{\"@type\":\"Article\",\"@id\":\"https:\\\/\\\/diariodeloeste.com\\\/noticias\\\/2019\\\/06\\\/07\\\/se-renueva-la-plaza-san-martin-en-ing-adolfo-sourdeaux\\\/#article\",\"isPartOf\":{\"@id\":\"https:\\\/\\\/diariodeloeste.com\\\/noticias\\\/2019\\\/06\\\/07\\\/se-renueva-la-plaza-san-martin-en-ing-adolfo-sourdeaux\\\/\"},\"author\":{\"name\":\"Gustavo Estigarribia\",\"@id\":\"https:\\\/\\\/diariodeloeste.com\\\/noticias\\\/#\\\/schema\\\/person\\\/3a3a5f3ec7ed5a075fa74c2ff26c22ea\"},\"headline\":\"Se renueva la\u00a0Plaza San Mart\u00edn en Ing. Adolfo Sourdeaux\",\"datePublished\":\"2019-06-07T17:04:47+00:00\",\"mainEntityOfPage\":{\"@id\":\"https:\\\/\\\/diariodeloeste.com\\\/noticias\\\/2019\\\/06\\\/07\\\/se-renueva-la-plaza-san-martin-en-ing-adolfo-sourdeaux\\\/\"},\"wordCount\":225,\"publisher\":{\"@id\":\"https:\\\/\\\/diariodeloeste.com\\\/noticias\\\/#organization\"},\"image\":{\"@id\":\"https:\\\/\\\/diariodeloeste.com\\\/noticias\\\/2019\\\/06\\\/07\\\/se-renueva-la-plaza-san-martin-en-ing-adolfo-sourdeaux\\\/#primaryimage\"},\"thumbnailUrl\":\"https:\\\/\\\/diariodeloeste.com\\\/noticias\\\/wp-content\\\/uploads\\\/2019\\\/06\\\/JCC5953-1.jpg\",\"keywords\":[\"leo nardini\"],\"articleSection\":[\"Pol\u00edtica\",\"Titulares\"],\"inLanguage\":\"es-AR\"},{\"@type\":\"WebPage\",\"@id\":\"https:\\\/\\\/diariodeloeste.com\\\/noticias\\\/2019\\\/06\\\/07\\\/se-renueva-la-plaza-san-martin-en-ing-adolfo-sourdeaux\\\/\",\"url\":\"https:\\\/\\\/diariodeloeste.com\\\/noticias\\\/2019\\\/06\\\/07\\\/se-renueva-la-plaza-san-martin-en-ing-adolfo-sourdeaux\\\/\",\"name\":\"Se renueva la\u00a0Plaza San Mart\u00edn en Ing. Adolfo Sourdeaux - Diario del Oeste\",\"isPartOf\":{\"@id\":\"https:\\\/\\\/diariodeloeste.com\\\/noticias\\\/#website\"},\"primaryImageOfPage\":{\"@id\":\"https:\\\/\\\/diariodeloeste.com\\\/noticias\\\/2019\\\/06\\\/07\\\/se-renueva-la-plaza-san-martin-en-ing-adolfo-sourdeaux\\\/#primaryimage\"},\"image\":{\"@id\":\"https:\\\/\\\/diariodeloeste.com\\\/noticias\\\/2019\\\/06\\\/07\\\/se-renueva-la-plaza-san-martin-en-ing-adolfo-sourdeaux\\\/#primaryimage\"},\"thumbnailUrl\":\"https:\\\/\\\/diariodeloeste.com\\\/noticias\\\/wp-content\\\/uploads\\\/2019\\\/06\\\/JCC5953-1.jpg\",\"datePublished\":\"2019-06-07T17:04:47+00:00\",\"breadcrumb\":{\"@id\":\"https:\\\/\\\/diariodeloeste.com\\\/noticias\\\/2019\\\/06\\\/07\\\/se-renueva-la-plaza-san-martin-en-ing-adolfo-sourdeaux\\\/#breadcrumb\"},\"inLanguage\":\"es-AR\",\"potentialAction\":[{\"@type\":\"ReadAction\",\"target\":[\"https:\\\/\\\/diariodeloeste.com\\\/noticias\\\/2019\\\/06\\\/07\\\/se-renueva-la-plaza-san-martin-en-ing-adolfo-sourdeaux\\\/\"]}]},{\"@type\":\"ImageObject\",\"inLanguage\":\"es-AR\",\"@id\":\"https:\\\/\\\/diariodeloeste.com\\\/noticias\\\/2019\\\/06\\\/07\\\/se-renueva-la-plaza-san-martin-en-ing-adolfo-sourdeaux\\\/#primaryimage\",\"url\":\"https:\\\/\\\/diariodeloeste.com\\\/noticias\\\/wp-content\\\/uploads\\\/2019\\\/06\\\/JCC5953-1.jpg\",\"contentUrl\":\"https:\\\/\\\/diariodeloeste.com\\\/noticias\\\/wp-content\\\/uploads\\\/2019\\\/06\\\/JCC5953-1.jpg\",\"width\":3680,\"height\":2456},{\"@type\":\"BreadcrumbList\",\"@id\":\"https:\\\/\\\/diariodeloeste.com\\\/noticias\\\/2019\\\/06\\\/07\\\/se-renueva-la-plaza-san-martin-en-ing-adolfo-sourdeaux\\\/#breadcrumb\",\"itemListElement\":[{\"@type\":\"ListItem\",\"position\":1,\"name\":\"Inicio\",\"item\":\"https:\\\/\\\/diariodeloeste.com\\\/noticias\\\/\"},{\"@type\":\"ListItem\",\"position\":2,\"name\":\"Se renueva la\u00a0Plaza San Mart\u00edn en Ing. Adolfo Sourdeaux\"}]},{\"@type\":\"WebSite\",\"@id\":\"https:\\\/\\\/diariodeloeste.com\\\/noticias\\\/#website\",\"url\":\"https:\\\/\\\/diariodeloeste.com\\\/noticias\\\/\",\"name\":\"Diario del Oeste\",\"description\":\"Noticias del Oeste\",\"publisher\":{\"@id\":\"https:\\\/\\\/diariodeloeste.com\\\/noticias\\\/#organization\"},\"potentialAction\":[{\"@type\":\"SearchAction\",\"target\":{\"@type\":\"EntryPoint\",\"urlTemplate\":\"https:\\\/\\\/diariodeloeste.com\\\/noticias\\\/?s={search_term_string}\"},\"query-input\":{\"@type\":\"PropertyValueSpecification\",\"valueRequired\":true,\"valueName\":\"search_term_string\"}}],\"inLanguage\":\"es-AR\"},{\"@type\":\"Organization\",\"@id\":\"https:\\\/\\\/diariodeloeste.com\\\/noticias\\\/#organization\",\"name\":\"Diario del Oeste\",\"url\":\"https:\\\/\\\/diariodeloeste.com\\\/noticias\\\/\",\"logo\":{\"@type\":\"ImageObject\",\"inLanguage\":\"es-AR\",\"@id\":\"https:\\\/\\\/diariodeloeste.com\\\/noticias\\\/#\\\/schema\\\/logo\\\/image\\\/\",\"url\":\"https:\\\/\\\/diariodeloeste.com\\\/noticias\\\/wp-content\\\/uploads\\\/2019\\\/04\\\/logo.png\",\"contentUrl\":\"https:\\\/\\\/diariodeloeste.com\\\/noticias\\\/wp-content\\\/uploads\\\/2019\\\/04\\\/logo.png\",\"width\":306,\"height\":145,\"caption\":\"Diario del Oeste\"},\"image\":{\"@id\":\"https:\\\/\\\/diariodeloeste.com\\\/noticias\\\/#\\\/schema\\\/logo\\\/image\\\/\"}},{\"@type\":\"Person\",\"@id\":\"https:\\\/\\\/diariodeloeste.com\\\/noticias\\\/#\\\/schema\\\/person\\\/3a3a5f3ec7ed5a075fa74c2ff26c22ea\",\"name\":\"Gustavo Estigarribia\",\"image\":{\"@type\":\"ImageObject\",\"inLanguage\":\"es-AR\",\"@id\":\"https:\\\/\\\/secure.gravatar.com\\\/avatar\\\/672cb09e7a268a367094420673bf8f01ae6b90fa8d1005589efaf5a58fb1906b?s=96&d=mm&r=g\",\"url\":\"https:\\\/\\\/secure.gravatar.com\\\/avatar\\\/672cb09e7a268a367094420673bf8f01ae6b90fa8d1005589efaf5a58fb1906b?s=96&d=mm&r=g\",\"contentUrl\":\"https:\\\/\\\/secure.gravatar.com\\\/avatar\\\/672cb09e7a268a367094420673bf8f01ae6b90fa8d1005589efaf5a58fb1906b?s=96&d=mm&r=g\",\"caption\":\"Gustavo Estigarribia\"},\"description\":\"Periodista\",\"sameAs\":[\"http:\\\/\\\/diarioplus.com.ar\"],\"url\":\"https:\\\/\\\/diariodeloeste.com\\\/noticias\\\/author\\\/gustavo\\\/\"}]}<\/script>\n<!-- \/ Yoast SEO plugin. -->","yoast_head_json":{"title":"Se renueva la\u00a0Plaza San Mart\u00edn en Ing. Adolfo Sourdeaux - Diario del Oeste","robots":{"index":"index","follow":"follow","max-snippet":"max-snippet:-1","max-image-preview":"max-image-preview:large","max-video-preview":"max-video-preview:-1"},"canonical":"https:\/\/diariodeloeste.com\/noticias\/2019\/06\/07\/se-renueva-la-plaza-san-martin-en-ing-adolfo-sourdeaux\/","og_locale":"es_ES","og_type":"article","og_title":"Se renueva la\u00a0Plaza San Mart\u00edn en Ing. Adolfo Sourdeaux - Diario del Oeste","og_description":"Est\u00e1 ubicada en la intersecci\u00f3n de Av. del Libertador Gral. San Mart\u00edn y Ruta 202. Se trata de una puesta en valor importante, en lo que ser\u00e1 un nuevo espacio p\u00fablico recuperado en el distrito. Contar\u00e1 con mejor accesibilidad, luminarias LED y nuevos sectores de juego y de descanso.&nbsp;&nbsp;&nbsp;&nbsp; Leo Nardini, recorri\u00f3 la Plaza San [&hellip;]","og_url":"https:\/\/diariodeloeste.com\/noticias\/2019\/06\/07\/se-renueva-la-plaza-san-martin-en-ing-adolfo-sourdeaux\/","og_site_name":"Diario del Oeste","article_published_time":"2019-06-07T17:04:47+00:00","og_image":[{"width":3680,"height":2456,"url":"https:\/\/diariodeloeste.com\/noticias\/wp-content\/uploads\/2019\/06\/JCC5953-1.jpg","type":"image\/jpeg"}],"author":"Gustavo Estigarribia","twitter_card":"summary_large_image","twitter_misc":{"Escrito por":"Gustavo Estigarribia","Tiempo de lectura":"1 minuto"},"schema":{"@context":"https:\/\/schema.org","@graph":[{"@type":"Article","@id":"https:\/\/diariodeloeste.com\/noticias\/2019\/06\/07\/se-renueva-la-plaza-san-martin-en-ing-adolfo-sourdeaux\/#article","isPartOf":{"@id":"https:\/\/diariodeloeste.com\/noticias\/2019\/06\/07\/se-renueva-la-plaza-san-martin-en-ing-adolfo-sourdeaux\/"},"author":{"name":"Gustavo Estigarribia","@id":"https:\/\/diariodeloeste.com\/noticias\/#\/schema\/person\/3a3a5f3ec7ed5a075fa74c2ff26c22ea"},"headline":"Se renueva la\u00a0Plaza San Mart\u00edn en Ing. Adolfo Sourdeaux","datePublished":"2019-06-07T17:04:47+00:00","mainEntityOfPage":{"@id":"https:\/\/diariodeloeste.com\/noticias\/2019\/06\/07\/se-renueva-la-plaza-san-martin-en-ing-adolfo-sourdeaux\/"},"wordCount":225,"publisher":{"@id":"https:\/\/diariodeloeste.com\/noticias\/#organization"},"image":{"@id":"https:\/\/diariodeloeste.com\/noticias\/2019\/06\/07\/se-renueva-la-plaza-san-martin-en-ing-adolfo-sourdeaux\/#primaryimage"},"thumbnailUrl":"https:\/\/diariodeloeste.com\/noticias\/wp-content\/uploads\/2019\/06\/JCC5953-1.jpg","keywords":["leo nardini"],"articleSection":["Pol\u00edtica","Titulares"],"inLanguage":"es-AR"},{"@type":"WebPage","@id":"https:\/\/diariodeloeste.com\/noticias\/2019\/06\/07\/se-renueva-la-plaza-san-martin-en-ing-adolfo-sourdeaux\/","url":"https:\/\/diariodeloeste.com\/noticias\/2019\/06\/07\/se-renueva-la-plaza-san-martin-en-ing-adolfo-sourdeaux\/","name":"Se renueva la\u00a0Plaza San Mart\u00edn en Ing. Adolfo Sourdeaux - Diario del Oeste","isPartOf":{"@id":"https:\/\/diariodeloeste.com\/noticias\/#website"},"primaryImageOfPage":{"@id":"https:\/\/diariodeloeste.com\/noticias\/2019\/06\/07\/se-renueva-la-plaza-san-martin-en-ing-adolfo-sourdeaux\/#primaryimage"},"image":{"@id":"https:\/\/diariodeloeste.com\/noticias\/2019\/06\/07\/se-renueva-la-plaza-san-martin-en-ing-adolfo-sourdeaux\/#primaryimage"},"thumbnailUrl":"https:\/\/diariodeloeste.com\/noticias\/wp-content\/uploads\/2019\/06\/JCC5953-1.jpg","datePublished":"2019-06-07T17:04:47+00:00","breadcrumb":{"@id":"https:\/\/diariodeloeste.com\/noticias\/2019\/06\/07\/se-renueva-la-plaza-san-martin-en-ing-adolfo-sourdeaux\/#breadcrumb"},"inLanguage":"es-AR","potentialAction":[{"@type":"ReadAction","target":["https:\/\/diariodeloeste.com\/noticias\/2019\/06\/07\/se-renueva-la-plaza-san-martin-en-ing-adolfo-sourdeaux\/"]}]},{"@type":"ImageObject","inLanguage":"es-AR","@id":"https:\/\/diariodeloeste.com\/noticias\/2019\/06\/07\/se-renueva-la-plaza-san-martin-en-ing-adolfo-sourdeaux\/#primaryimage","url":"https:\/\/diariodeloeste.com\/noticias\/wp-content\/uploads\/2019\/06\/JCC5953-1.jpg","contentUrl":"https:\/\/diariodeloeste.com\/noticias\/wp-content\/uploads\/2019\/06\/JCC5953-1.jpg","width":3680,"height":2456},{"@type":"BreadcrumbList","@id":"https:\/\/diariodeloeste.com\/noticias\/2019\/06\/07\/se-renueva-la-plaza-san-martin-en-ing-adolfo-sourdeaux\/#breadcrumb","itemListElement":[{"@type":"ListItem","position":1,"name":"Inicio","item":"https:\/\/diariodeloeste.com\/noticias\/"},{"@type":"ListItem","position":2,"name":"Se renueva la\u00a0Plaza San Mart\u00edn en Ing. Adolfo Sourdeaux"}]},{"@type":"WebSite","@id":"https:\/\/diariodeloeste.com\/noticias\/#website","url":"https:\/\/diariodeloeste.com\/noticias\/","name":"Diario del Oeste","description":"Noticias del Oeste","publisher":{"@id":"https:\/\/diariodeloeste.com\/noticias\/#organization"},"potentialAction":[{"@type":"SearchAction","target":{"@type":"EntryPoint","urlTemplate":"https:\/\/diariodeloeste.com\/noticias\/?s={search_term_string}"},"query-input":{"@type":"PropertyValueSpecification","valueRequired":true,"valueName":"search_term_string"}}],"inLanguage":"es-AR"},{"@type":"Organization","@id":"https:\/\/diariodeloeste.com\/noticias\/#organization","name":"Diario del Oeste","url":"https:\/\/diariodeloeste.com\/noticias\/","logo":{"@type":"ImageObject","inLanguage":"es-AR","@id":"https:\/\/diariodeloeste.com\/noticias\/#\/schema\/logo\/image\/","url":"https:\/\/diariodeloeste.com\/noticias\/wp-content\/uploads\/2019\/04\/logo.png","contentUrl":"https:\/\/diariodeloeste.com\/noticias\/wp-content\/uploads\/2019\/04\/logo.png","width":306,"height":145,"caption":"Diario del Oeste"},"image":{"@id":"https:\/\/diariodeloeste.com\/noticias\/#\/schema\/logo\/image\/"}},{"@type":"Person","@id":"https:\/\/diariodeloeste.com\/noticias\/#\/schema\/person\/3a3a5f3ec7ed5a075fa74c2ff26c22ea","name":"Gustavo Estigarribia","image":{"@type":"ImageObject","inLanguage":"es-AR","@id":"https:\/\/secure.gravatar.com\/avatar\/672cb09e7a268a367094420673bf8f01ae6b90fa8d1005589efaf5a58fb1906b?s=96&d=mm&r=g","url":"https:\/\/secure.gravatar.com\/avatar\/672cb09e7a268a367094420673bf8f01ae6b90fa8d1005589efaf5a58fb1906b?s=96&d=mm&r=g","contentUrl":"https:\/\/secure.gravatar.com\/avatar\/672cb09e7a268a367094420673bf8f01ae6b90fa8d1005589efaf5a58fb1906b?s=96&d=mm&r=g","caption":"Gustavo Estigarribia"},"description":"Periodista","sameAs":["http:\/\/diarioplus.com.ar"],"url":"https:\/\/diariodeloeste.com\/noticias\/author\/gustavo\/"}]}},"_links":{"self":[{"href":"https:\/\/diariodeloeste.com\/noticias\/wp-json\/wp\/v2\/posts\/3407","targetHints":{"allow":["GET"]}}],"collection":[{"href":"https:\/\/diariodeloeste.com\/noticias\/wp-json\/wp\/v2\/posts"}],"about":[{"href":"https:\/\/diariodeloeste.com\/noticias\/wp-json\/wp\/v2\/types\/post"}],"author":[{"embeddable":true,"href":"https:\/\/diariodeloeste.com\/noticias\/wp-json\/wp\/v2\/users\/2"}],"replies":[{"embeddable":true,"href":"https:\/\/diariodeloeste.com\/noticias\/wp-json\/wp\/v2\/comments?post=3407"}],"version-history":[{"count":1,"href":"https:\/\/diariodeloeste.com\/noticias\/wp-json\/wp\/v2\/posts\/3407\/revisions"}],"predecessor-version":[{"id":3414,"href":"https:\/\/diariodeloeste.com\/noticias\/wp-json\/wp\/v2\/posts\/3407\/revisions\/3414"}],"wp:featuredmedia":[{"embeddable":true,"href":"https:\/\/diariodeloeste.com\/noticias\/wp-json\/wp\/v2\/media\/3411"}],"wp:attachment":[{"href":"https:\/\/diariodeloeste.com\/noticias\/wp-json\/wp\/v2\/media?parent=3407"}],"wp:term":[{"taxonomy":"category","embeddable":true,"href":"https:\/\/diariodeloeste.com\/noticias\/wp-json\/wp\/v2\/categories?post=3407"},{"taxonomy":"post_tag","embeddable":true,"href":"https:\/\/diariodeloeste.com\/noticias\/wp-json\/wp\/v2\/tags?post=3407"}],"curies":[{"name":"wp","href":"https:\/\/api.w.org\/{rel}","templated":true}]}}