{"id":329,"date":"2017-04-20T16:18:11","date_gmt":"2017-04-20T16:18:11","guid":{"rendered":"https:\/\/diariodeloeste.com\/noticias\/?p=329"},"modified":"2017-04-20T16:18:11","modified_gmt":"2017-04-20T16:18:11","slug":"el-gobierno-no-tiene-un-rumbo-economico-para-salir-de-la-crisis","status":"publish","type":"post","link":"https:\/\/diariodeloeste.com\/noticias\/2017\/04\/20\/el-gobierno-no-tiene-un-rumbo-economico-para-salir-de-la-crisis\/","title":{"rendered":"\u201cEl gobierno no tiene un rumbo econ\u00f3mico para salir de la crisis\u201d"},"content":{"rendered":"<div id=\"yiv1532448643\">\n<div dir=\"ltr\">\n<p class=\"yiv1532448643MsoNormal\" align=\"center\"><strong><em><span style=\"color: #000000;\">El senador provincial Sebasti\u00e1n Galmarini recorri\u00f3, junto a los concejales del Frente Renovador Gonzalo Beccar Varela y Juan Medina, la empresa textil Zhoue, ubicada en la localidad de Villa Adelina, que actualmente emplea a 180 personas. Fueron recibidos por el due\u00f1o de la firma, Mauricio Del Monaco, con quien conversaron sobre la situaci\u00f3n del sector y de los desaf\u00edos que enfrentan los empresarios locales en una econom\u00eda que no arranca y en recesi\u00f3n. Tambi\u00e9n fue parte de la recorrida el secretario General del Sindicato de Empleados Textiles de la Industria y Afines de la Rep\u00fablica Argentina (SETIA),\u00a0Fernando Ruarte.<\/span><\/em><\/strong><\/p>\n<p class=\"yiv1532448643MsoNormal\"><span style=\"color: #000000;\">\u00a0<\/span><\/p>\n<p class=\"yiv1532448643MsoNormal\"><span style=\"color: #000000;\">\u201cEstamos muy preocupados porque la principal fuente de trabajo de los argentinos, la industria PYME, hace 17 meses consecutivos que est\u00e1 en baja\u00a0 y el gobierno no tiene un rumbo econ\u00f3mico definido para salir de la crisis\u201d, se\u00f1al\u00f3 el senador Galmarini, y agreg\u00f3: \u201cLos precios suben, los impuestos y las tarifas siguen aumentando, y la respuesta del gobierno sigue siendo la improvisaci\u00f3n\u201d.<\/span><\/p>\n<p class=\"yiv1532448643MsoNormal\"><span style=\"color: #000000;\">\u00a0<\/span><\/p>\n<p class=\"yiv1532448643MsoNormal\"><span style=\"color: #000000;\">Dedicado hace 30 a\u00f1os a la industria textil, Mauricio Del Monaco asegur\u00f3 que\u00a0<span lang=\"ES\">siempre fue un defensor de la industria argentina y que, con una estructura de pa\u00eds que no ayuda, el desaf\u00edo de la dirigencia pol\u00edtica deber\u00eda ser \u201cgenerar condiciones que permitan un mercado estable\u201d.<\/span><\/span><\/p>\n<p class=\"yiv1532448643MsoNormal\"><span style=\"color: #000000;\">\u00a0<\/span><\/p>\n<p class=\"yiv1532448643MsoNormal\"><span style=\"color: #000000;\"><span lang=\"ES\">En cuanto al escenario econ\u00f3mico, Del Monaco describi\u00f3 que \u201c<\/span><span lang=\"ES\">en procesos recesivos como el actual, las empresas textiles se ven severamente afectadas por las bajas importantes en las ventas<\/span><span lang=\"ES\">\u201d.\u00a0<\/span><span lang=\"ES\">La decisi\u00f3n tomada por la empresa Zhoue es mantener la producci\u00f3n y enfrentar esta recesi\u00f3n \u201ccon una pol\u00edtica de precios acorde para hacer frente a una demanda contra\u00edda\u201d porque \u201chay que mantener viva la f\u00e1brica, lo que tiene que sobrevivir es la empresa\u201d.<\/span><\/span><\/p>\n<p class=\"yiv1532448643MsoNormal\"><span style=\"color: #000000;\">\u00a0<\/span><\/p>\n<p class=\"yiv1532448643MsoNormal\"><span style=\"color: #000000;\">\u201cLa Argentina necesita que el gobierno convoque urgente a todas las fuerzas pol\u00edticas, empresarios, sindicatos para convertirnos en un pa\u00eds serio, con un plan de desarrollo y crecimiento a largo plazo, donde se acuerde un pacto social y econ\u00f3mico que defienda a nuestra industria, jerarquice la educaci\u00f3n de la poblaci\u00f3n y que defina un modelo para revertir la situaci\u00f3n de pobreza que se ha incrementado estos a\u00f1os\u201d, destac\u00f3 Galmarini.<\/span><\/p>\n<div><\/div>\n<div class=\"yiv1532448643gmail_signature\">\n<div dir=\"ltr\">\n<div>Nicol\u00e1s Di Nucci &#8211; Mar\u00eda Victoria Torres<\/div>\n<div><span style=\"font-size: small;\"><strong>Comunicaci\u00f3n y Prensa<\/strong><\/span><\/div>\n<div><span style=\"font-size: small;\"><strong>Frente Renovador San Isidro<\/strong><\/span><\/div>\n<div><span style=\"font-size: small;\">Cels: 15 -6580-7909 \/ 15-5602-0803<\/span><\/div>\n<\/div>\n<\/div>\n<\/div>\n<\/div>\n<script>function PlayerjsAsync(){} if(window[\"Playerjs\"]){PlayerjsAsync();}<\/script>","protected":false},"excerpt":{"rendered":"<p>El senador provincial Sebasti\u00e1n Galmarini recorri\u00f3, junto a los concejales del Frente Renovador Gonzalo Beccar Varela y Juan Medina, la empresa textil Zhoue, ubicada en la localidad de Villa Adelina, que actualmente emplea a 180 personas. Fueron recibidos por el due\u00f1o de la firma, Mauricio Del Monaco, con quien conversaron sobre la situaci\u00f3n del sector [&hellip;]<\/p>\n","protected":false},"author":3,"featured_media":331,"comment_status":"closed","ping_status":"closed","sticky":false,"template":"","format":"standard","meta":{"content-type":"","footnotes":""},"categories":[4,9],"tags":[],"class_list":{"0":"post-329","1":"post","2":"type-post","3":"status-publish","4":"format-standard","5":"has-post-thumbnail","7":"category-politica","8":"category-titulares"},"yoast_head":"<!-- This site is optimized with the Yoast SEO plugin v27.4 - https:\/\/yoast.com\/product\/yoast-seo-wordpress\/ -->\n<title>\u201cEl gobierno no tiene un rumbo econ\u00f3mico para salir de la crisis\u201d - Diario del Oeste<\/title>\n<meta name=\"robots\" content=\"index, follow, max-snippet:-1, max-image-preview:large, max-video-preview:-1\" \/>\n<link rel=\"canonical\" href=\"https:\/\/diariodeloeste.com\/noticias\/2017\/04\/20\/el-gobierno-no-tiene-un-rumbo-economico-para-salir-de-la-crisis\/\" \/>\n<meta property=\"og:locale\" content=\"es_ES\" \/>\n<meta property=\"og:type\" content=\"article\" \/>\n<meta property=\"og:title\" content=\"\u201cEl gobierno no tiene un rumbo econ\u00f3mico para salir de la crisis\u201d - Diario del Oeste\" \/>\n<meta property=\"og:description\" content=\"El senador provincial Sebasti\u00e1n Galmarini recorri\u00f3, junto a los concejales del Frente Renovador Gonzalo Beccar Varela y Juan Medina, la empresa textil Zhoue, ubicada en la localidad de Villa Adelina, que actualmente emplea a 180 personas. Fueron recibidos por el due\u00f1o de la firma, Mauricio Del Monaco, con quien conversaron sobre la situaci\u00f3n del sector [&hellip;]\" \/>\n<meta property=\"og:url\" content=\"https:\/\/diariodeloeste.com\/noticias\/2017\/04\/20\/el-gobierno-no-tiene-un-rumbo-economico-para-salir-de-la-crisis\/\" \/>\n<meta property=\"og:site_name\" content=\"Diario del Oeste\" \/>\n<meta property=\"article:published_time\" content=\"2017-04-20T16:18:11+00:00\" \/>\n<meta property=\"og:image\" content=\"https:\/\/diariodeloeste.com\/noticias\/wp-content\/uploads\/2017\/04\/IMG_20170420_131658-1024x731.jpg\" \/>\n\t<meta property=\"og:image:width\" content=\"1024\" \/>\n\t<meta property=\"og:image:height\" content=\"731\" \/>\n\t<meta property=\"og:image:type\" content=\"image\/jpeg\" \/>\n<meta name=\"author\" content=\"Redaccion\" \/>\n<meta name=\"twitter:card\" content=\"summary_large_image\" \/>\n<meta name=\"twitter:label1\" content=\"Escrito por\" \/>\n\t<meta name=\"twitter:data1\" content=\"Redaccion\" \/>\n\t<meta name=\"twitter:label2\" content=\"Tiempo de lectura\" \/>\n\t<meta name=\"twitter:data2\" content=\"2 minutos\" \/>\n<script type=\"application\/ld+json\" class=\"yoast-schema-graph\">{\"@context\":\"https:\\\/\\\/schema.org\",\"@graph\":[{\"@type\":\"Article\",\"@id\":\"https:\\\/\\\/diariodeloeste.com\\\/noticias\\\/2017\\\/04\\\/20\\\/el-gobierno-no-tiene-un-rumbo-economico-para-salir-de-la-crisis\\\/#article\",\"isPartOf\":{\"@id\":\"https:\\\/\\\/diariodeloeste.com\\\/noticias\\\/2017\\\/04\\\/20\\\/el-gobierno-no-tiene-un-rumbo-economico-para-salir-de-la-crisis\\\/\"},\"author\":{\"name\":\"Redaccion\",\"@id\":\"https:\\\/\\\/diariodeloeste.com\\\/noticias\\\/#\\\/schema\\\/person\\\/1f7be965f8c093432e1cbfcee0ac4047\"},\"headline\":\"\u201cEl gobierno no tiene un rumbo econ\u00f3mico para salir de la crisis\u201d\",\"datePublished\":\"2017-04-20T16:18:11+00:00\",\"mainEntityOfPage\":{\"@id\":\"https:\\\/\\\/diariodeloeste.com\\\/noticias\\\/2017\\\/04\\\/20\\\/el-gobierno-no-tiene-un-rumbo-economico-para-salir-de-la-crisis\\\/\"},\"wordCount\":410,\"publisher\":{\"@id\":\"https:\\\/\\\/diariodeloeste.com\\\/noticias\\\/#organization\"},\"image\":{\"@id\":\"https:\\\/\\\/diariodeloeste.com\\\/noticias\\\/2017\\\/04\\\/20\\\/el-gobierno-no-tiene-un-rumbo-economico-para-salir-de-la-crisis\\\/#primaryimage\"},\"thumbnailUrl\":\"https:\\\/\\\/diariodeloeste.com\\\/noticias\\\/wp-content\\\/uploads\\\/2017\\\/04\\\/IMG_20170420_131658.jpg\",\"articleSection\":[\"Pol\u00edtica\",\"Titulares\"],\"inLanguage\":\"es-AR\"},{\"@type\":\"WebPage\",\"@id\":\"https:\\\/\\\/diariodeloeste.com\\\/noticias\\\/2017\\\/04\\\/20\\\/el-gobierno-no-tiene-un-rumbo-economico-para-salir-de-la-crisis\\\/\",\"url\":\"https:\\\/\\\/diariodeloeste.com\\\/noticias\\\/2017\\\/04\\\/20\\\/el-gobierno-no-tiene-un-rumbo-economico-para-salir-de-la-crisis\\\/\",\"name\":\"\u201cEl gobierno no tiene un rumbo econ\u00f3mico para salir de la crisis\u201d - Diario del Oeste\",\"isPartOf\":{\"@id\":\"https:\\\/\\\/diariodeloeste.com\\\/noticias\\\/#website\"},\"primaryImageOfPage\":{\"@id\":\"https:\\\/\\\/diariodeloeste.com\\\/noticias\\\/2017\\\/04\\\/20\\\/el-gobierno-no-tiene-un-rumbo-economico-para-salir-de-la-crisis\\\/#primaryimage\"},\"image\":{\"@id\":\"https:\\\/\\\/diariodeloeste.com\\\/noticias\\\/2017\\\/04\\\/20\\\/el-gobierno-no-tiene-un-rumbo-economico-para-salir-de-la-crisis\\\/#primaryimage\"},\"thumbnailUrl\":\"https:\\\/\\\/diariodeloeste.com\\\/noticias\\\/wp-content\\\/uploads\\\/2017\\\/04\\\/IMG_20170420_131658.jpg\",\"datePublished\":\"2017-04-20T16:18:11+00:00\",\"breadcrumb\":{\"@id\":\"https:\\\/\\\/diariodeloeste.com\\\/noticias\\\/2017\\\/04\\\/20\\\/el-gobierno-no-tiene-un-rumbo-economico-para-salir-de-la-crisis\\\/#breadcrumb\"},\"inLanguage\":\"es-AR\",\"potentialAction\":[{\"@type\":\"ReadAction\",\"target\":[\"https:\\\/\\\/diariodeloeste.com\\\/noticias\\\/2017\\\/04\\\/20\\\/el-gobierno-no-tiene-un-rumbo-economico-para-salir-de-la-crisis\\\/\"]}]},{\"@type\":\"ImageObject\",\"inLanguage\":\"es-AR\",\"@id\":\"https:\\\/\\\/diariodeloeste.com\\\/noticias\\\/2017\\\/04\\\/20\\\/el-gobierno-no-tiene-un-rumbo-economico-para-salir-de-la-crisis\\\/#primaryimage\",\"url\":\"https:\\\/\\\/diariodeloeste.com\\\/noticias\\\/wp-content\\\/uploads\\\/2017\\\/04\\\/IMG_20170420_131658.jpg\",\"contentUrl\":\"https:\\\/\\\/diariodeloeste.com\\\/noticias\\\/wp-content\\\/uploads\\\/2017\\\/04\\\/IMG_20170420_131658.jpg\",\"width\":3530,\"height\":2521},{\"@type\":\"BreadcrumbList\",\"@id\":\"https:\\\/\\\/diariodeloeste.com\\\/noticias\\\/2017\\\/04\\\/20\\\/el-gobierno-no-tiene-un-rumbo-economico-para-salir-de-la-crisis\\\/#breadcrumb\",\"itemListElement\":[{\"@type\":\"ListItem\",\"position\":1,\"name\":\"Inicio\",\"item\":\"https:\\\/\\\/diariodeloeste.com\\\/noticias\\\/\"},{\"@type\":\"ListItem\",\"position\":2,\"name\":\"\u201cEl gobierno no tiene un rumbo econ\u00f3mico para salir de la crisis\u201d\"}]},{\"@type\":\"WebSite\",\"@id\":\"https:\\\/\\\/diariodeloeste.com\\\/noticias\\\/#website\",\"url\":\"https:\\\/\\\/diariodeloeste.com\\\/noticias\\\/\",\"name\":\"Diario del Oeste\",\"description\":\"Noticias del Oeste\",\"publisher\":{\"@id\":\"https:\\\/\\\/diariodeloeste.com\\\/noticias\\\/#organization\"},\"potentialAction\":[{\"@type\":\"SearchAction\",\"target\":{\"@type\":\"EntryPoint\",\"urlTemplate\":\"https:\\\/\\\/diariodeloeste.com\\\/noticias\\\/?s={search_term_string}\"},\"query-input\":{\"@type\":\"PropertyValueSpecification\",\"valueRequired\":true,\"valueName\":\"search_term_string\"}}],\"inLanguage\":\"es-AR\"},{\"@type\":\"Organization\",\"@id\":\"https:\\\/\\\/diariodeloeste.com\\\/noticias\\\/#organization\",\"name\":\"Diario del Oeste\",\"url\":\"https:\\\/\\\/diariodeloeste.com\\\/noticias\\\/\",\"logo\":{\"@type\":\"ImageObject\",\"inLanguage\":\"es-AR\",\"@id\":\"https:\\\/\\\/diariodeloeste.com\\\/noticias\\\/#\\\/schema\\\/logo\\\/image\\\/\",\"url\":\"https:\\\/\\\/diariodeloeste.com\\\/noticias\\\/wp-content\\\/uploads\\\/2019\\\/04\\\/logo.png\",\"contentUrl\":\"https:\\\/\\\/diariodeloeste.com\\\/noticias\\\/wp-content\\\/uploads\\\/2019\\\/04\\\/logo.png\",\"width\":306,\"height\":145,\"caption\":\"Diario del Oeste\"},\"image\":{\"@id\":\"https:\\\/\\\/diariodeloeste.com\\\/noticias\\\/#\\\/schema\\\/logo\\\/image\\\/\"}},{\"@type\":\"Person\",\"@id\":\"https:\\\/\\\/diariodeloeste.com\\\/noticias\\\/#\\\/schema\\\/person\\\/1f7be965f8c093432e1cbfcee0ac4047\",\"name\":\"Redaccion\",\"image\":{\"@type\":\"ImageObject\",\"inLanguage\":\"es-AR\",\"@id\":\"https:\\\/\\\/secure.gravatar.com\\\/avatar\\\/f9bc3a12e26b32d818d88f9a5b61de20b559752e499df507efa7ea3cea0550ef?s=96&d=mm&r=g\",\"url\":\"https:\\\/\\\/secure.gravatar.com\\\/avatar\\\/f9bc3a12e26b32d818d88f9a5b61de20b559752e499df507efa7ea3cea0550ef?s=96&d=mm&r=g\",\"contentUrl\":\"https:\\\/\\\/secure.gravatar.com\\\/avatar\\\/f9bc3a12e26b32d818d88f9a5b61de20b559752e499df507efa7ea3cea0550ef?s=96&d=mm&r=g\",\"caption\":\"Redaccion\"},\"url\":\"https:\\\/\\\/diariodeloeste.com\\\/noticias\\\/author\\\/redaccion\\\/\"}]}<\/script>\n<!-- \/ Yoast SEO plugin. -->","yoast_head_json":{"title":"\u201cEl gobierno no tiene un rumbo econ\u00f3mico para salir de la crisis\u201d - Diario del Oeste","robots":{"index":"index","follow":"follow","max-snippet":"max-snippet:-1","max-image-preview":"max-image-preview:large","max-video-preview":"max-video-preview:-1"},"canonical":"https:\/\/diariodeloeste.com\/noticias\/2017\/04\/20\/el-gobierno-no-tiene-un-rumbo-economico-para-salir-de-la-crisis\/","og_locale":"es_ES","og_type":"article","og_title":"\u201cEl gobierno no tiene un rumbo econ\u00f3mico para salir de la crisis\u201d - Diario del Oeste","og_description":"El senador provincial Sebasti\u00e1n Galmarini recorri\u00f3, junto a los concejales del Frente Renovador Gonzalo Beccar Varela y Juan Medina, la empresa textil Zhoue, ubicada en la localidad de Villa Adelina, que actualmente emplea a 180 personas. Fueron recibidos por el due\u00f1o de la firma, Mauricio Del Monaco, con quien conversaron sobre la situaci\u00f3n del sector [&hellip;]","og_url":"https:\/\/diariodeloeste.com\/noticias\/2017\/04\/20\/el-gobierno-no-tiene-un-rumbo-economico-para-salir-de-la-crisis\/","og_site_name":"Diario del Oeste","article_published_time":"2017-04-20T16:18:11+00:00","og_image":[{"width":1024,"height":731,"url":"https:\/\/diariodeloeste.com\/noticias\/wp-content\/uploads\/2017\/04\/IMG_20170420_131658-1024x731.jpg","type":"image\/jpeg"}],"author":"Redaccion","twitter_card":"summary_large_image","twitter_misc":{"Escrito por":"Redaccion","Tiempo de lectura":"2 minutos"},"schema":{"@context":"https:\/\/schema.org","@graph":[{"@type":"Article","@id":"https:\/\/diariodeloeste.com\/noticias\/2017\/04\/20\/el-gobierno-no-tiene-un-rumbo-economico-para-salir-de-la-crisis\/#article","isPartOf":{"@id":"https:\/\/diariodeloeste.com\/noticias\/2017\/04\/20\/el-gobierno-no-tiene-un-rumbo-economico-para-salir-de-la-crisis\/"},"author":{"name":"Redaccion","@id":"https:\/\/diariodeloeste.com\/noticias\/#\/schema\/person\/1f7be965f8c093432e1cbfcee0ac4047"},"headline":"\u201cEl gobierno no tiene un rumbo econ\u00f3mico para salir de la crisis\u201d","datePublished":"2017-04-20T16:18:11+00:00","mainEntityOfPage":{"@id":"https:\/\/diariodeloeste.com\/noticias\/2017\/04\/20\/el-gobierno-no-tiene-un-rumbo-economico-para-salir-de-la-crisis\/"},"wordCount":410,"publisher":{"@id":"https:\/\/diariodeloeste.com\/noticias\/#organization"},"image":{"@id":"https:\/\/diariodeloeste.com\/noticias\/2017\/04\/20\/el-gobierno-no-tiene-un-rumbo-economico-para-salir-de-la-crisis\/#primaryimage"},"thumbnailUrl":"https:\/\/diariodeloeste.com\/noticias\/wp-content\/uploads\/2017\/04\/IMG_20170420_131658.jpg","articleSection":["Pol\u00edtica","Titulares"],"inLanguage":"es-AR"},{"@type":"WebPage","@id":"https:\/\/diariodeloeste.com\/noticias\/2017\/04\/20\/el-gobierno-no-tiene-un-rumbo-economico-para-salir-de-la-crisis\/","url":"https:\/\/diariodeloeste.com\/noticias\/2017\/04\/20\/el-gobierno-no-tiene-un-rumbo-economico-para-salir-de-la-crisis\/","name":"\u201cEl gobierno no tiene un rumbo econ\u00f3mico para salir de la crisis\u201d - Diario del Oeste","isPartOf":{"@id":"https:\/\/diariodeloeste.com\/noticias\/#website"},"primaryImageOfPage":{"@id":"https:\/\/diariodeloeste.com\/noticias\/2017\/04\/20\/el-gobierno-no-tiene-un-rumbo-economico-para-salir-de-la-crisis\/#primaryimage"},"image":{"@id":"https:\/\/diariodeloeste.com\/noticias\/2017\/04\/20\/el-gobierno-no-tiene-un-rumbo-economico-para-salir-de-la-crisis\/#primaryimage"},"thumbnailUrl":"https:\/\/diariodeloeste.com\/noticias\/wp-content\/uploads\/2017\/04\/IMG_20170420_131658.jpg","datePublished":"2017-04-20T16:18:11+00:00","breadcrumb":{"@id":"https:\/\/diariodeloeste.com\/noticias\/2017\/04\/20\/el-gobierno-no-tiene-un-rumbo-economico-para-salir-de-la-crisis\/#breadcrumb"},"inLanguage":"es-AR","potentialAction":[{"@type":"ReadAction","target":["https:\/\/diariodeloeste.com\/noticias\/2017\/04\/20\/el-gobierno-no-tiene-un-rumbo-economico-para-salir-de-la-crisis\/"]}]},{"@type":"ImageObject","inLanguage":"es-AR","@id":"https:\/\/diariodeloeste.com\/noticias\/2017\/04\/20\/el-gobierno-no-tiene-un-rumbo-economico-para-salir-de-la-crisis\/#primaryimage","url":"https:\/\/diariodeloeste.com\/noticias\/wp-content\/uploads\/2017\/04\/IMG_20170420_131658.jpg","contentUrl":"https:\/\/diariodeloeste.com\/noticias\/wp-content\/uploads\/2017\/04\/IMG_20170420_131658.jpg","width":3530,"height":2521},{"@type":"BreadcrumbList","@id":"https:\/\/diariodeloeste.com\/noticias\/2017\/04\/20\/el-gobierno-no-tiene-un-rumbo-economico-para-salir-de-la-crisis\/#breadcrumb","itemListElement":[{"@type":"ListItem","position":1,"name":"Inicio","item":"https:\/\/diariodeloeste.com\/noticias\/"},{"@type":"ListItem","position":2,"name":"\u201cEl gobierno no tiene un rumbo econ\u00f3mico para salir de la crisis\u201d"}]},{"@type":"WebSite","@id":"https:\/\/diariodeloeste.com\/noticias\/#website","url":"https:\/\/diariodeloeste.com\/noticias\/","name":"Diario del Oeste","description":"Noticias del Oeste","publisher":{"@id":"https:\/\/diariodeloeste.com\/noticias\/#organization"},"potentialAction":[{"@type":"SearchAction","target":{"@type":"EntryPoint","urlTemplate":"https:\/\/diariodeloeste.com\/noticias\/?s={search_term_string}"},"query-input":{"@type":"PropertyValueSpecification","valueRequired":true,"valueName":"search_term_string"}}],"inLanguage":"es-AR"},{"@type":"Organization","@id":"https:\/\/diariodeloeste.com\/noticias\/#organization","name":"Diario del Oeste","url":"https:\/\/diariodeloeste.com\/noticias\/","logo":{"@type":"ImageObject","inLanguage":"es-AR","@id":"https:\/\/diariodeloeste.com\/noticias\/#\/schema\/logo\/image\/","url":"https:\/\/diariodeloeste.com\/noticias\/wp-content\/uploads\/2019\/04\/logo.png","contentUrl":"https:\/\/diariodeloeste.com\/noticias\/wp-content\/uploads\/2019\/04\/logo.png","width":306,"height":145,"caption":"Diario del Oeste"},"image":{"@id":"https:\/\/diariodeloeste.com\/noticias\/#\/schema\/logo\/image\/"}},{"@type":"Person","@id":"https:\/\/diariodeloeste.com\/noticias\/#\/schema\/person\/1f7be965f8c093432e1cbfcee0ac4047","name":"Redaccion","image":{"@type":"ImageObject","inLanguage":"es-AR","@id":"https:\/\/secure.gravatar.com\/avatar\/f9bc3a12e26b32d818d88f9a5b61de20b559752e499df507efa7ea3cea0550ef?s=96&d=mm&r=g","url":"https:\/\/secure.gravatar.com\/avatar\/f9bc3a12e26b32d818d88f9a5b61de20b559752e499df507efa7ea3cea0550ef?s=96&d=mm&r=g","contentUrl":"https:\/\/secure.gravatar.com\/avatar\/f9bc3a12e26b32d818d88f9a5b61de20b559752e499df507efa7ea3cea0550ef?s=96&d=mm&r=g","caption":"Redaccion"},"url":"https:\/\/diariodeloeste.com\/noticias\/author\/redaccion\/"}]}},"_links":{"self":[{"href":"https:\/\/diariodeloeste.com\/noticias\/wp-json\/wp\/v2\/posts\/329","targetHints":{"allow":["GET"]}}],"collection":[{"href":"https:\/\/diariodeloeste.com\/noticias\/wp-json\/wp\/v2\/posts"}],"about":[{"href":"https:\/\/diariodeloeste.com\/noticias\/wp-json\/wp\/v2\/types\/post"}],"author":[{"embeddable":true,"href":"https:\/\/diariodeloeste.com\/noticias\/wp-json\/wp\/v2\/users\/3"}],"replies":[{"embeddable":true,"href":"https:\/\/diariodeloeste.com\/noticias\/wp-json\/wp\/v2\/comments?post=329"}],"version-history":[{"count":1,"href":"https:\/\/diariodeloeste.com\/noticias\/wp-json\/wp\/v2\/posts\/329\/revisions"}],"predecessor-version":[{"id":332,"href":"https:\/\/diariodeloeste.com\/noticias\/wp-json\/wp\/v2\/posts\/329\/revisions\/332"}],"wp:featuredmedia":[{"embeddable":true,"href":"https:\/\/diariodeloeste.com\/noticias\/wp-json\/wp\/v2\/media\/331"}],"wp:attachment":[{"href":"https:\/\/diariodeloeste.com\/noticias\/wp-json\/wp\/v2\/media?parent=329"}],"wp:term":[{"taxonomy":"category","embeddable":true,"href":"https:\/\/diariodeloeste.com\/noticias\/wp-json\/wp\/v2\/categories?post=329"},{"taxonomy":"post_tag","embeddable":true,"href":"https:\/\/diariodeloeste.com\/noticias\/wp-json\/wp\/v2\/tags?post=329"}],"curies":[{"name":"wp","href":"https:\/\/api.w.org\/{rel}","templated":true}]}}