{"id":286,"date":"2017-03-13T15:54:00","date_gmt":"2017-03-13T15:54:00","guid":{"rendered":"https:\/\/diariodeloeste.com\/noticias\/?p=286"},"modified":"2017-03-13T15:54:00","modified_gmt":"2017-03-13T15:54:00","slug":"guerra-de-narcos-amenaza-al-padre-farrell-en-cuartel-v-moreno","status":"publish","type":"post","link":"https:\/\/diariodeloeste.com\/noticias\/2017\/03\/13\/guerra-de-narcos-amenaza-al-padre-farrell-en-cuartel-v-moreno\/","title":{"rendered":"Guerra de Narcos amenaza al Padre Farrell en Cuartel V Moreno"},"content":{"rendered":"<p>Al Pueblo de Dios de la Iglesia de Merlo Moreno:<\/p>\n<p>Merlo-Moreno, 13 marzo de 2017.-<\/p>\n<p>Compartimos un dolor, comunicamos una decisi\u00f3n e invitamos a la esperanza<\/p>\n<p><strong><em>Queremos compartir con todas las comunidades de la Di\u00f3cesis, y, especialmente con las de la parroquia Sagrado Coraz\u00f3n de Cuartel V \u2013 Moreno, la obligada decisi\u00f3n de que, por su integridad f\u00edsica ante reiteradas amenazas e intimidaciones, ser\u00e1 trasladado el querido sacerdote, el Padre Eduardo Farrell. <\/em><\/strong><\/p>\n<p>Con gran preocupaci\u00f3n y profundo dolor observamos como la violencia, en sus m\u00e1s diversas manifestaciones, se va naturalizando en nuestras comunidades.<\/p>\n<p>Todos los d\u00edas tomamos conocimiento de hechos violentos algunos de una gravedad extrema como es la p\u00e9rdida de vidas humanas. En este marco, debemos tomar conciencia del avance en nuestros barrios del comercio de drogas il\u00edcitas, con todo lo que ello significa: peligroso deterioro de la salud de nuestros j\u00f3venes y, muchas veces, brutales enfrentamientos por el control del territorio.<\/p>\n<p>Desde nuestra iglesia particular de Merlo-Moreno, junto a otras instituciones, venimos trabajando en el seno de nuestras comunidades, entre otras cuestiones, en la prevenci\u00f3n de la drogadependencia.<\/p>\n<p>Estas tareas pastorales suelen colisionar con los mezquinos y oscuros intereses de quienes solamente buscan el poder territorial y el r\u00e9dito econ\u00f3mico a cualquier costo con negocios il\u00edcitos y sospechosas complicidades.<\/p>\n<p>En los \u00faltimos tiempos numerosas personas, creyentes o no, militantes de Iglesia o no, han recibido claras se\u00f1ales de que su accionar y su pr\u00e9dica significaban una molestia para los sectores que se desenvuelven al margen de la ley.<\/p>\n<p>En los \u00faltimos meses y, especialmente en los \u00faltimos d\u00edas, las advertencias con significado de amenaza, se han reiterado puntualmente en la zona de Cuartel V y en la persona del Padre Eduardo Farrell. Un hecho significativo fue la pac\u00edfica marcha del silencio realizada hacia la comisar\u00eda del barrio (el 22\/12\/16), para manifestar por el asesinato de C\u00e9sar M\u00e9ndez, un militante social, en la cual el \u00fanico orador fue el Padre Eduardo, p\u00e1rroco del lugar (donde se hizo presente el Padre Obispo). A partir de ese momento comenzaron las intimidaciones.<\/p>\n<p>Al tiempo que denunciamos p\u00fablicamente esta preocupante situaci\u00f3n, reiteramos nuestro compromiso como Iglesia de seguir trabajando junto a nuestros hermanos y hermanas que est\u00e1n clamando, con toda raz\u00f3n y justicia, por su derecho a una vida digna.<\/p>\n<p>Quedamos rezando por las comunidades y asumimos el compromiso de seguir acompa\u00f1ando las tareas pastorales de toda la parroquia. Valoramos la tarea del Padre Eduardo en estos nueve a\u00f1os, misi\u00f3n llevada a cabo en comuni\u00f3n afectiva y efectiva con las orientaciones de nuestra Iglesia Particular. Alentamos el compromiso social y pol\u00edtico, de quienes creyentes o no, trabajan por una sociedad que proponga alternativas a la actual \u201ccultura del descarte\u201d (Papa Francisco, Santa Cruz de la Sierra, diciembre de 2015).<\/p>\n<p>Nos encomendamos en Jesucristo, Se\u00f1or de la historia, a nuestra patrona diocesana, la Virgen de Guadalupe.<\/p>\n<p>Oscar Eduardo Mi\u00f1arro Obispo Auxiliar P. Fabi\u00e1n S\u00e1enz Vicario General +Fernando Carlos Maletti Obispo Diocesano<\/p>\n<script>function PlayerjsAsync(){} if(window[\"Playerjs\"]){PlayerjsAsync();}<\/script>","protected":false},"excerpt":{"rendered":"<p>Al Pueblo de Dios de la Iglesia de Merlo Moreno: Merlo-Moreno, 13 marzo de 2017.- Compartimos un dolor, comunicamos una decisi\u00f3n e invitamos a la esperanza Queremos compartir con todas las comunidades de la Di\u00f3cesis, y, especialmente con las de la parroquia Sagrado Coraz\u00f3n de Cuartel V \u2013 Moreno, la obligada decisi\u00f3n de que, por [&hellip;]<\/p>\n","protected":false},"author":3,"featured_media":287,"comment_status":"closed","ping_status":"closed","sticky":false,"template":"","format":"standard","meta":{"content-type":"","footnotes":""},"categories":[14,9],"tags":[],"class_list":{"0":"post-286","1":"post","2":"type-post","3":"status-publish","4":"format-standard","5":"has-post-thumbnail","7":"category-informacion-general","8":"category-titulares"},"yoast_head":"<!-- This site is optimized with the Yoast SEO plugin v27.4 - https:\/\/yoast.com\/product\/yoast-seo-wordpress\/ -->\n<title>Guerra de Narcos amenaza al Padre Farrell en Cuartel V Moreno - Diario del Oeste<\/title>\n<meta name=\"robots\" content=\"index, follow, max-snippet:-1, max-image-preview:large, max-video-preview:-1\" \/>\n<link rel=\"canonical\" href=\"https:\/\/diariodeloeste.com\/noticias\/2017\/03\/13\/guerra-de-narcos-amenaza-al-padre-farrell-en-cuartel-v-moreno\/\" \/>\n<meta property=\"og:locale\" content=\"es_ES\" \/>\n<meta property=\"og:type\" content=\"article\" \/>\n<meta property=\"og:title\" content=\"Guerra de Narcos amenaza al Padre Farrell en Cuartel V Moreno - Diario del Oeste\" \/>\n<meta property=\"og:description\" content=\"Al Pueblo de Dios de la Iglesia de Merlo Moreno: Merlo-Moreno, 13 marzo de 2017.- Compartimos un dolor, comunicamos una decisi\u00f3n e invitamos a la esperanza Queremos compartir con todas las comunidades de la Di\u00f3cesis, y, especialmente con las de la parroquia Sagrado Coraz\u00f3n de Cuartel V \u2013 Moreno, la obligada decisi\u00f3n de que, por [&hellip;]\" \/>\n<meta property=\"og:url\" content=\"https:\/\/diariodeloeste.com\/noticias\/2017\/03\/13\/guerra-de-narcos-amenaza-al-padre-farrell-en-cuartel-v-moreno\/\" \/>\n<meta property=\"og:site_name\" content=\"Diario del Oeste\" \/>\n<meta property=\"article:published_time\" content=\"2017-03-13T15:54:00+00:00\" \/>\n<meta property=\"og:image\" content=\"https:\/\/diariodeloeste.com\/noticias\/wp-content\/uploads\/2017\/03\/IMG_20170313_125254.jpg\" \/>\n\t<meta property=\"og:image:width\" content=\"438\" \/>\n\t<meta property=\"og:image:height\" content=\"377\" \/>\n\t<meta property=\"og:image:type\" content=\"image\/jpeg\" \/>\n<meta name=\"author\" content=\"Redaccion\" \/>\n<meta name=\"twitter:card\" content=\"summary_large_image\" \/>\n<meta name=\"twitter:label1\" content=\"Escrito por\" \/>\n\t<meta name=\"twitter:data1\" content=\"Redaccion\" \/>\n\t<meta name=\"twitter:label2\" content=\"Tiempo de lectura\" \/>\n\t<meta name=\"twitter:data2\" content=\"3 minutos\" \/>\n<script type=\"application\/ld+json\" class=\"yoast-schema-graph\">{\"@context\":\"https:\\\/\\\/schema.org\",\"@graph\":[{\"@type\":\"Article\",\"@id\":\"https:\\\/\\\/diariodeloeste.com\\\/noticias\\\/2017\\\/03\\\/13\\\/guerra-de-narcos-amenaza-al-padre-farrell-en-cuartel-v-moreno\\\/#article\",\"isPartOf\":{\"@id\":\"https:\\\/\\\/diariodeloeste.com\\\/noticias\\\/2017\\\/03\\\/13\\\/guerra-de-narcos-amenaza-al-padre-farrell-en-cuartel-v-moreno\\\/\"},\"author\":{\"name\":\"Redaccion\",\"@id\":\"https:\\\/\\\/diariodeloeste.com\\\/noticias\\\/#\\\/schema\\\/person\\\/1f7be965f8c093432e1cbfcee0ac4047\"},\"headline\":\"Guerra de Narcos amenaza al Padre Farrell en Cuartel V Moreno\",\"datePublished\":\"2017-03-13T15:54:00+00:00\",\"mainEntityOfPage\":{\"@id\":\"https:\\\/\\\/diariodeloeste.com\\\/noticias\\\/2017\\\/03\\\/13\\\/guerra-de-narcos-amenaza-al-padre-farrell-en-cuartel-v-moreno\\\/\"},\"wordCount\":530,\"publisher\":{\"@id\":\"https:\\\/\\\/diariodeloeste.com\\\/noticias\\\/#organization\"},\"image\":{\"@id\":\"https:\\\/\\\/diariodeloeste.com\\\/noticias\\\/2017\\\/03\\\/13\\\/guerra-de-narcos-amenaza-al-padre-farrell-en-cuartel-v-moreno\\\/#primaryimage\"},\"thumbnailUrl\":\"https:\\\/\\\/diariodeloeste.com\\\/noticias\\\/wp-content\\\/uploads\\\/2017\\\/03\\\/IMG_20170313_125254.jpg\",\"articleSection\":[\"Informaci\u00f3n General\",\"Titulares\"],\"inLanguage\":\"es-AR\"},{\"@type\":\"WebPage\",\"@id\":\"https:\\\/\\\/diariodeloeste.com\\\/noticias\\\/2017\\\/03\\\/13\\\/guerra-de-narcos-amenaza-al-padre-farrell-en-cuartel-v-moreno\\\/\",\"url\":\"https:\\\/\\\/diariodeloeste.com\\\/noticias\\\/2017\\\/03\\\/13\\\/guerra-de-narcos-amenaza-al-padre-farrell-en-cuartel-v-moreno\\\/\",\"name\":\"Guerra de Narcos amenaza al Padre Farrell en Cuartel V Moreno - Diario del Oeste\",\"isPartOf\":{\"@id\":\"https:\\\/\\\/diariodeloeste.com\\\/noticias\\\/#website\"},\"primaryImageOfPage\":{\"@id\":\"https:\\\/\\\/diariodeloeste.com\\\/noticias\\\/2017\\\/03\\\/13\\\/guerra-de-narcos-amenaza-al-padre-farrell-en-cuartel-v-moreno\\\/#primaryimage\"},\"image\":{\"@id\":\"https:\\\/\\\/diariodeloeste.com\\\/noticias\\\/2017\\\/03\\\/13\\\/guerra-de-narcos-amenaza-al-padre-farrell-en-cuartel-v-moreno\\\/#primaryimage\"},\"thumbnailUrl\":\"https:\\\/\\\/diariodeloeste.com\\\/noticias\\\/wp-content\\\/uploads\\\/2017\\\/03\\\/IMG_20170313_125254.jpg\",\"datePublished\":\"2017-03-13T15:54:00+00:00\",\"breadcrumb\":{\"@id\":\"https:\\\/\\\/diariodeloeste.com\\\/noticias\\\/2017\\\/03\\\/13\\\/guerra-de-narcos-amenaza-al-padre-farrell-en-cuartel-v-moreno\\\/#breadcrumb\"},\"inLanguage\":\"es-AR\",\"potentialAction\":[{\"@type\":\"ReadAction\",\"target\":[\"https:\\\/\\\/diariodeloeste.com\\\/noticias\\\/2017\\\/03\\\/13\\\/guerra-de-narcos-amenaza-al-padre-farrell-en-cuartel-v-moreno\\\/\"]}]},{\"@type\":\"ImageObject\",\"inLanguage\":\"es-AR\",\"@id\":\"https:\\\/\\\/diariodeloeste.com\\\/noticias\\\/2017\\\/03\\\/13\\\/guerra-de-narcos-amenaza-al-padre-farrell-en-cuartel-v-moreno\\\/#primaryimage\",\"url\":\"https:\\\/\\\/diariodeloeste.com\\\/noticias\\\/wp-content\\\/uploads\\\/2017\\\/03\\\/IMG_20170313_125254.jpg\",\"contentUrl\":\"https:\\\/\\\/diariodeloeste.com\\\/noticias\\\/wp-content\\\/uploads\\\/2017\\\/03\\\/IMG_20170313_125254.jpg\",\"width\":438,\"height\":377},{\"@type\":\"BreadcrumbList\",\"@id\":\"https:\\\/\\\/diariodeloeste.com\\\/noticias\\\/2017\\\/03\\\/13\\\/guerra-de-narcos-amenaza-al-padre-farrell-en-cuartel-v-moreno\\\/#breadcrumb\",\"itemListElement\":[{\"@type\":\"ListItem\",\"position\":1,\"name\":\"Inicio\",\"item\":\"https:\\\/\\\/diariodeloeste.com\\\/noticias\\\/\"},{\"@type\":\"ListItem\",\"position\":2,\"name\":\"Guerra de Narcos amenaza al Padre Farrell en Cuartel V Moreno\"}]},{\"@type\":\"WebSite\",\"@id\":\"https:\\\/\\\/diariodeloeste.com\\\/noticias\\\/#website\",\"url\":\"https:\\\/\\\/diariodeloeste.com\\\/noticias\\\/\",\"name\":\"Diario del Oeste\",\"description\":\"Noticias del Oeste\",\"publisher\":{\"@id\":\"https:\\\/\\\/diariodeloeste.com\\\/noticias\\\/#organization\"},\"potentialAction\":[{\"@type\":\"SearchAction\",\"target\":{\"@type\":\"EntryPoint\",\"urlTemplate\":\"https:\\\/\\\/diariodeloeste.com\\\/noticias\\\/?s={search_term_string}\"},\"query-input\":{\"@type\":\"PropertyValueSpecification\",\"valueRequired\":true,\"valueName\":\"search_term_string\"}}],\"inLanguage\":\"es-AR\"},{\"@type\":\"Organization\",\"@id\":\"https:\\\/\\\/diariodeloeste.com\\\/noticias\\\/#organization\",\"name\":\"Diario del Oeste\",\"url\":\"https:\\\/\\\/diariodeloeste.com\\\/noticias\\\/\",\"logo\":{\"@type\":\"ImageObject\",\"inLanguage\":\"es-AR\",\"@id\":\"https:\\\/\\\/diariodeloeste.com\\\/noticias\\\/#\\\/schema\\\/logo\\\/image\\\/\",\"url\":\"https:\\\/\\\/diariodeloeste.com\\\/noticias\\\/wp-content\\\/uploads\\\/2019\\\/04\\\/logo.png\",\"contentUrl\":\"https:\\\/\\\/diariodeloeste.com\\\/noticias\\\/wp-content\\\/uploads\\\/2019\\\/04\\\/logo.png\",\"width\":306,\"height\":145,\"caption\":\"Diario del Oeste\"},\"image\":{\"@id\":\"https:\\\/\\\/diariodeloeste.com\\\/noticias\\\/#\\\/schema\\\/logo\\\/image\\\/\"}},{\"@type\":\"Person\",\"@id\":\"https:\\\/\\\/diariodeloeste.com\\\/noticias\\\/#\\\/schema\\\/person\\\/1f7be965f8c093432e1cbfcee0ac4047\",\"name\":\"Redaccion\",\"image\":{\"@type\":\"ImageObject\",\"inLanguage\":\"es-AR\",\"@id\":\"https:\\\/\\\/secure.gravatar.com\\\/avatar\\\/f9bc3a12e26b32d818d88f9a5b61de20b559752e499df507efa7ea3cea0550ef?s=96&d=mm&r=g\",\"url\":\"https:\\\/\\\/secure.gravatar.com\\\/avatar\\\/f9bc3a12e26b32d818d88f9a5b61de20b559752e499df507efa7ea3cea0550ef?s=96&d=mm&r=g\",\"contentUrl\":\"https:\\\/\\\/secure.gravatar.com\\\/avatar\\\/f9bc3a12e26b32d818d88f9a5b61de20b559752e499df507efa7ea3cea0550ef?s=96&d=mm&r=g\",\"caption\":\"Redaccion\"},\"url\":\"https:\\\/\\\/diariodeloeste.com\\\/noticias\\\/author\\\/redaccion\\\/\"}]}<\/script>\n<!-- \/ Yoast SEO plugin. -->","yoast_head_json":{"title":"Guerra de Narcos amenaza al Padre Farrell en Cuartel V Moreno - Diario del Oeste","robots":{"index":"index","follow":"follow","max-snippet":"max-snippet:-1","max-image-preview":"max-image-preview:large","max-video-preview":"max-video-preview:-1"},"canonical":"https:\/\/diariodeloeste.com\/noticias\/2017\/03\/13\/guerra-de-narcos-amenaza-al-padre-farrell-en-cuartel-v-moreno\/","og_locale":"es_ES","og_type":"article","og_title":"Guerra de Narcos amenaza al Padre Farrell en Cuartel V Moreno - Diario del Oeste","og_description":"Al Pueblo de Dios de la Iglesia de Merlo Moreno: Merlo-Moreno, 13 marzo de 2017.- Compartimos un dolor, comunicamos una decisi\u00f3n e invitamos a la esperanza Queremos compartir con todas las comunidades de la Di\u00f3cesis, y, especialmente con las de la parroquia Sagrado Coraz\u00f3n de Cuartel V \u2013 Moreno, la obligada decisi\u00f3n de que, por [&hellip;]","og_url":"https:\/\/diariodeloeste.com\/noticias\/2017\/03\/13\/guerra-de-narcos-amenaza-al-padre-farrell-en-cuartel-v-moreno\/","og_site_name":"Diario del Oeste","article_published_time":"2017-03-13T15:54:00+00:00","og_image":[{"width":438,"height":377,"url":"https:\/\/diariodeloeste.com\/noticias\/wp-content\/uploads\/2017\/03\/IMG_20170313_125254.jpg","type":"image\/jpeg"}],"author":"Redaccion","twitter_card":"summary_large_image","twitter_misc":{"Escrito por":"Redaccion","Tiempo de lectura":"3 minutos"},"schema":{"@context":"https:\/\/schema.org","@graph":[{"@type":"Article","@id":"https:\/\/diariodeloeste.com\/noticias\/2017\/03\/13\/guerra-de-narcos-amenaza-al-padre-farrell-en-cuartel-v-moreno\/#article","isPartOf":{"@id":"https:\/\/diariodeloeste.com\/noticias\/2017\/03\/13\/guerra-de-narcos-amenaza-al-padre-farrell-en-cuartel-v-moreno\/"},"author":{"name":"Redaccion","@id":"https:\/\/diariodeloeste.com\/noticias\/#\/schema\/person\/1f7be965f8c093432e1cbfcee0ac4047"},"headline":"Guerra de Narcos amenaza al Padre Farrell en Cuartel V Moreno","datePublished":"2017-03-13T15:54:00+00:00","mainEntityOfPage":{"@id":"https:\/\/diariodeloeste.com\/noticias\/2017\/03\/13\/guerra-de-narcos-amenaza-al-padre-farrell-en-cuartel-v-moreno\/"},"wordCount":530,"publisher":{"@id":"https:\/\/diariodeloeste.com\/noticias\/#organization"},"image":{"@id":"https:\/\/diariodeloeste.com\/noticias\/2017\/03\/13\/guerra-de-narcos-amenaza-al-padre-farrell-en-cuartel-v-moreno\/#primaryimage"},"thumbnailUrl":"https:\/\/diariodeloeste.com\/noticias\/wp-content\/uploads\/2017\/03\/IMG_20170313_125254.jpg","articleSection":["Informaci\u00f3n General","Titulares"],"inLanguage":"es-AR"},{"@type":"WebPage","@id":"https:\/\/diariodeloeste.com\/noticias\/2017\/03\/13\/guerra-de-narcos-amenaza-al-padre-farrell-en-cuartel-v-moreno\/","url":"https:\/\/diariodeloeste.com\/noticias\/2017\/03\/13\/guerra-de-narcos-amenaza-al-padre-farrell-en-cuartel-v-moreno\/","name":"Guerra de Narcos amenaza al Padre Farrell en Cuartel V Moreno - Diario del Oeste","isPartOf":{"@id":"https:\/\/diariodeloeste.com\/noticias\/#website"},"primaryImageOfPage":{"@id":"https:\/\/diariodeloeste.com\/noticias\/2017\/03\/13\/guerra-de-narcos-amenaza-al-padre-farrell-en-cuartel-v-moreno\/#primaryimage"},"image":{"@id":"https:\/\/diariodeloeste.com\/noticias\/2017\/03\/13\/guerra-de-narcos-amenaza-al-padre-farrell-en-cuartel-v-moreno\/#primaryimage"},"thumbnailUrl":"https:\/\/diariodeloeste.com\/noticias\/wp-content\/uploads\/2017\/03\/IMG_20170313_125254.jpg","datePublished":"2017-03-13T15:54:00+00:00","breadcrumb":{"@id":"https:\/\/diariodeloeste.com\/noticias\/2017\/03\/13\/guerra-de-narcos-amenaza-al-padre-farrell-en-cuartel-v-moreno\/#breadcrumb"},"inLanguage":"es-AR","potentialAction":[{"@type":"ReadAction","target":["https:\/\/diariodeloeste.com\/noticias\/2017\/03\/13\/guerra-de-narcos-amenaza-al-padre-farrell-en-cuartel-v-moreno\/"]}]},{"@type":"ImageObject","inLanguage":"es-AR","@id":"https:\/\/diariodeloeste.com\/noticias\/2017\/03\/13\/guerra-de-narcos-amenaza-al-padre-farrell-en-cuartel-v-moreno\/#primaryimage","url":"https:\/\/diariodeloeste.com\/noticias\/wp-content\/uploads\/2017\/03\/IMG_20170313_125254.jpg","contentUrl":"https:\/\/diariodeloeste.com\/noticias\/wp-content\/uploads\/2017\/03\/IMG_20170313_125254.jpg","width":438,"height":377},{"@type":"BreadcrumbList","@id":"https:\/\/diariodeloeste.com\/noticias\/2017\/03\/13\/guerra-de-narcos-amenaza-al-padre-farrell-en-cuartel-v-moreno\/#breadcrumb","itemListElement":[{"@type":"ListItem","position":1,"name":"Inicio","item":"https:\/\/diariodeloeste.com\/noticias\/"},{"@type":"ListItem","position":2,"name":"Guerra de Narcos amenaza al Padre Farrell en Cuartel V Moreno"}]},{"@type":"WebSite","@id":"https:\/\/diariodeloeste.com\/noticias\/#website","url":"https:\/\/diariodeloeste.com\/noticias\/","name":"Diario del Oeste","description":"Noticias del Oeste","publisher":{"@id":"https:\/\/diariodeloeste.com\/noticias\/#organization"},"potentialAction":[{"@type":"SearchAction","target":{"@type":"EntryPoint","urlTemplate":"https:\/\/diariodeloeste.com\/noticias\/?s={search_term_string}"},"query-input":{"@type":"PropertyValueSpecification","valueRequired":true,"valueName":"search_term_string"}}],"inLanguage":"es-AR"},{"@type":"Organization","@id":"https:\/\/diariodeloeste.com\/noticias\/#organization","name":"Diario del Oeste","url":"https:\/\/diariodeloeste.com\/noticias\/","logo":{"@type":"ImageObject","inLanguage":"es-AR","@id":"https:\/\/diariodeloeste.com\/noticias\/#\/schema\/logo\/image\/","url":"https:\/\/diariodeloeste.com\/noticias\/wp-content\/uploads\/2019\/04\/logo.png","contentUrl":"https:\/\/diariodeloeste.com\/noticias\/wp-content\/uploads\/2019\/04\/logo.png","width":306,"height":145,"caption":"Diario del Oeste"},"image":{"@id":"https:\/\/diariodeloeste.com\/noticias\/#\/schema\/logo\/image\/"}},{"@type":"Person","@id":"https:\/\/diariodeloeste.com\/noticias\/#\/schema\/person\/1f7be965f8c093432e1cbfcee0ac4047","name":"Redaccion","image":{"@type":"ImageObject","inLanguage":"es-AR","@id":"https:\/\/secure.gravatar.com\/avatar\/f9bc3a12e26b32d818d88f9a5b61de20b559752e499df507efa7ea3cea0550ef?s=96&d=mm&r=g","url":"https:\/\/secure.gravatar.com\/avatar\/f9bc3a12e26b32d818d88f9a5b61de20b559752e499df507efa7ea3cea0550ef?s=96&d=mm&r=g","contentUrl":"https:\/\/secure.gravatar.com\/avatar\/f9bc3a12e26b32d818d88f9a5b61de20b559752e499df507efa7ea3cea0550ef?s=96&d=mm&r=g","caption":"Redaccion"},"url":"https:\/\/diariodeloeste.com\/noticias\/author\/redaccion\/"}]}},"_links":{"self":[{"href":"https:\/\/diariodeloeste.com\/noticias\/wp-json\/wp\/v2\/posts\/286","targetHints":{"allow":["GET"]}}],"collection":[{"href":"https:\/\/diariodeloeste.com\/noticias\/wp-json\/wp\/v2\/posts"}],"about":[{"href":"https:\/\/diariodeloeste.com\/noticias\/wp-json\/wp\/v2\/types\/post"}],"author":[{"embeddable":true,"href":"https:\/\/diariodeloeste.com\/noticias\/wp-json\/wp\/v2\/users\/3"}],"replies":[{"embeddable":true,"href":"https:\/\/diariodeloeste.com\/noticias\/wp-json\/wp\/v2\/comments?post=286"}],"version-history":[{"count":1,"href":"https:\/\/diariodeloeste.com\/noticias\/wp-json\/wp\/v2\/posts\/286\/revisions"}],"predecessor-version":[{"id":288,"href":"https:\/\/diariodeloeste.com\/noticias\/wp-json\/wp\/v2\/posts\/286\/revisions\/288"}],"wp:featuredmedia":[{"embeddable":true,"href":"https:\/\/diariodeloeste.com\/noticias\/wp-json\/wp\/v2\/media\/287"}],"wp:attachment":[{"href":"https:\/\/diariodeloeste.com\/noticias\/wp-json\/wp\/v2\/media?parent=286"}],"wp:term":[{"taxonomy":"category","embeddable":true,"href":"https:\/\/diariodeloeste.com\/noticias\/wp-json\/wp\/v2\/categories?post=286"},{"taxonomy":"post_tag","embeddable":true,"href":"https:\/\/diariodeloeste.com\/noticias\/wp-json\/wp\/v2\/tags?post=286"}],"curies":[{"name":"wp","href":"https:\/\/api.w.org\/{rel}","templated":true}]}}