{"id":261,"date":"2017-03-06T23:04:08","date_gmt":"2017-03-06T23:04:08","guid":{"rendered":"https:\/\/diariodeloeste.com\/noticias\/?p=261"},"modified":"2017-03-06T23:04:31","modified_gmt":"2017-03-06T23:04:31","slug":"jose-luis-benitez-culmina-temporada-del-mate-social","status":"publish","type":"post","link":"https:\/\/diariodeloeste.com\/noticias\/2017\/03\/06\/jose-luis-benitez-culmina-temporada-del-mate-social\/","title":{"rendered":"JOS\u00c9 LUIS BEN\u00cdTEZ CULMINA TEMPORADA DEL MATE SOCIAL"},"content":{"rendered":"<div class=\"t pg-1m0 pg-1x0 pg-1h2 pg-1y1 pg-1ff1 pg-1fs0 pg-1fc0 pg-1sc0 pg-1ls0 pg-1ws0\"><em><strong>El dirigente Jos\u00e9 Luis Ben\u00edtez llev<span class=\"pg-1ff2\">\u00f3<\/span> a cabo el cierre de las colonias de verano de su programa \u201cEl\u00a0Mate Social\u201d, el jueves pasado. \u201cHoy damos por finalizada la temporada de la colonia de\u00a0verano que llevamos a cabo con el mate social, m<span class=\"pg-1ff2\">\u00e1<\/span>s de mil 200 ni<span class=\"pg-1ff2\">\u00f1<\/span>os de General Rodr\u00edguez pudieron\u00a0disfrutar de la quinta recreativa en el predio de FATICA, con desayuno, almuerzo y merienda\u00a0totalmente gratuitos\u201d, dijo Ben\u00edtez al respecto.<\/strong><\/em><\/div>\n<div class=\"t pg-1m0 pg-1x0 pg-1h2 pg-1y1 pg-1ff1 pg-1fs0 pg-1fc0 pg-1sc0 pg-1ls0 pg-1ws0\"><\/div>\n<div class=\"t pg-1m0 pg-1x0 pg-1h2 pg-1y7 pg-1ff1 pg-1fs0 pg-1fc0 pg-1sc0 pg-1ls0 pg-1ws0\">El programa, que arranc\u00f3 en enero de este a<span class=\"pg-1ff2\">\u00f1<\/span>o y se desarroll\u00f3\u00a0los d\u00edas jueves, permiti\u00f3 a los\u00a0ni<span class=\"pg-1ff2\">\u00f1<\/span>os del distrito disfrutar del gran predio. Se trata de un lugar que cuenta con una pileta de m<span class=\"pg-1ff2\">\u00e1<\/span>s de 30 metros.\u00a0Benitez culmin<span class=\"pg-1ff2\">\u00f3 al decir:<\/span> \u201cQueremos agradecer a la juventud, a los padres y a los ni<span class=\"pg-1ff2\">\u00f1<\/span>os que son los <span class=\"pg-1ff2\">\u00fa<\/span>nicos\u00a0privilegiados en todo esto, porque como dec\u00eda Evita: \u2018Donde hay una necesidad, hay un derecho\u2019, y\u00a0esto que hacemos no es m\u00e1s ni menos que Peronismo\u201d.<\/div>\n<script>function PlayerjsAsync(){} if(window[\"Playerjs\"]){PlayerjsAsync();}<\/script>","protected":false},"excerpt":{"rendered":"<p>El dirigente Jos\u00e9 Luis Ben\u00edtez llev\u00f3 a cabo el cierre de las colonias de verano de su programa \u201cEl\u00a0Mate Social\u201d, el jueves pasado. \u201cHoy damos por finalizada la temporada de la colonia de\u00a0verano que llevamos a cabo con el mate social, m\u00e1s de mil 200 ni\u00f1os de General Rodr\u00edguez pudieron\u00a0disfrutar de la quinta recreativa en [&hellip;]<\/p>\n","protected":false},"author":3,"featured_media":262,"comment_status":"closed","ping_status":"closed","sticky":false,"template":"","format":"standard","meta":{"content-type":"","footnotes":""},"categories":[14],"tags":[],"class_list":{"0":"post-261","1":"post","2":"type-post","3":"status-publish","4":"format-standard","5":"has-post-thumbnail","7":"category-informacion-general"},"yoast_head":"<!-- This site is optimized with the Yoast SEO plugin v27.4 - https:\/\/yoast.com\/product\/yoast-seo-wordpress\/ -->\n<title>JOS\u00c9 LUIS BEN\u00cdTEZ CULMINA TEMPORADA DEL MATE SOCIAL - Diario del Oeste<\/title>\n<meta name=\"robots\" content=\"index, follow, max-snippet:-1, max-image-preview:large, max-video-preview:-1\" \/>\n<link rel=\"canonical\" href=\"https:\/\/diariodeloeste.com\/noticias\/2017\/03\/06\/jose-luis-benitez-culmina-temporada-del-mate-social\/\" \/>\n<meta property=\"og:locale\" content=\"es_ES\" \/>\n<meta property=\"og:type\" content=\"article\" \/>\n<meta property=\"og:title\" content=\"JOS\u00c9 LUIS BEN\u00cdTEZ CULMINA TEMPORADA DEL MATE SOCIAL - Diario del Oeste\" \/>\n<meta property=\"og:description\" content=\"El dirigente Jos\u00e9 Luis Ben\u00edtez llev\u00f3 a cabo el cierre de las colonias de verano de su programa \u201cEl\u00a0Mate Social\u201d, el jueves pasado. \u201cHoy damos por finalizada la temporada de la colonia de\u00a0verano que llevamos a cabo con el mate social, m\u00e1s de mil 200 ni\u00f1os de General Rodr\u00edguez pudieron\u00a0disfrutar de la quinta recreativa en [&hellip;]\" \/>\n<meta property=\"og:url\" content=\"https:\/\/diariodeloeste.com\/noticias\/2017\/03\/06\/jose-luis-benitez-culmina-temporada-del-mate-social\/\" \/>\n<meta property=\"og:site_name\" content=\"Diario del Oeste\" \/>\n<meta property=\"article:published_time\" content=\"2017-03-06T23:04:08+00:00\" \/>\n<meta property=\"article:modified_time\" content=\"2017-03-06T23:04:31+00:00\" \/>\n<meta property=\"og:image\" content=\"https:\/\/diariodeloeste.com\/noticias\/wp-content\/uploads\/2017\/03\/descarga-1.jpg\" \/>\n\t<meta property=\"og:image:width\" content=\"651\" \/>\n\t<meta property=\"og:image:height\" content=\"433\" \/>\n\t<meta property=\"og:image:type\" content=\"image\/jpeg\" \/>\n<meta name=\"author\" content=\"Redaccion\" \/>\n<meta name=\"twitter:card\" content=\"summary_large_image\" \/>\n<meta name=\"twitter:label1\" content=\"Escrito por\" \/>\n\t<meta name=\"twitter:data1\" content=\"Redaccion\" \/>\n\t<meta name=\"twitter:label2\" content=\"Tiempo de lectura\" \/>\n\t<meta name=\"twitter:data2\" content=\"1 minuto\" \/>\n<script type=\"application\/ld+json\" class=\"yoast-schema-graph\">{\"@context\":\"https:\\\/\\\/schema.org\",\"@graph\":[{\"@type\":\"Article\",\"@id\":\"https:\\\/\\\/diariodeloeste.com\\\/noticias\\\/2017\\\/03\\\/06\\\/jose-luis-benitez-culmina-temporada-del-mate-social\\\/#article\",\"isPartOf\":{\"@id\":\"https:\\\/\\\/diariodeloeste.com\\\/noticias\\\/2017\\\/03\\\/06\\\/jose-luis-benitez-culmina-temporada-del-mate-social\\\/\"},\"author\":{\"name\":\"Redaccion\",\"@id\":\"https:\\\/\\\/diariodeloeste.com\\\/noticias\\\/#\\\/schema\\\/person\\\/1f7be965f8c093432e1cbfcee0ac4047\"},\"headline\":\"JOS\u00c9 LUIS BEN\u00cdTEZ CULMINA TEMPORADA DEL MATE SOCIAL\",\"datePublished\":\"2017-03-06T23:04:08+00:00\",\"dateModified\":\"2017-03-06T23:04:31+00:00\",\"mainEntityOfPage\":{\"@id\":\"https:\\\/\\\/diariodeloeste.com\\\/noticias\\\/2017\\\/03\\\/06\\\/jose-luis-benitez-culmina-temporada-del-mate-social\\\/\"},\"wordCount\":178,\"publisher\":{\"@id\":\"https:\\\/\\\/diariodeloeste.com\\\/noticias\\\/#organization\"},\"image\":{\"@id\":\"https:\\\/\\\/diariodeloeste.com\\\/noticias\\\/2017\\\/03\\\/06\\\/jose-luis-benitez-culmina-temporada-del-mate-social\\\/#primaryimage\"},\"thumbnailUrl\":\"https:\\\/\\\/diariodeloeste.com\\\/noticias\\\/wp-content\\\/uploads\\\/2017\\\/03\\\/descarga-1.jpg\",\"articleSection\":[\"Informaci\u00f3n General\"],\"inLanguage\":\"es-AR\"},{\"@type\":\"WebPage\",\"@id\":\"https:\\\/\\\/diariodeloeste.com\\\/noticias\\\/2017\\\/03\\\/06\\\/jose-luis-benitez-culmina-temporada-del-mate-social\\\/\",\"url\":\"https:\\\/\\\/diariodeloeste.com\\\/noticias\\\/2017\\\/03\\\/06\\\/jose-luis-benitez-culmina-temporada-del-mate-social\\\/\",\"name\":\"JOS\u00c9 LUIS BEN\u00cdTEZ CULMINA TEMPORADA DEL MATE SOCIAL - Diario del Oeste\",\"isPartOf\":{\"@id\":\"https:\\\/\\\/diariodeloeste.com\\\/noticias\\\/#website\"},\"primaryImageOfPage\":{\"@id\":\"https:\\\/\\\/diariodeloeste.com\\\/noticias\\\/2017\\\/03\\\/06\\\/jose-luis-benitez-culmina-temporada-del-mate-social\\\/#primaryimage\"},\"image\":{\"@id\":\"https:\\\/\\\/diariodeloeste.com\\\/noticias\\\/2017\\\/03\\\/06\\\/jose-luis-benitez-culmina-temporada-del-mate-social\\\/#primaryimage\"},\"thumbnailUrl\":\"https:\\\/\\\/diariodeloeste.com\\\/noticias\\\/wp-content\\\/uploads\\\/2017\\\/03\\\/descarga-1.jpg\",\"datePublished\":\"2017-03-06T23:04:08+00:00\",\"dateModified\":\"2017-03-06T23:04:31+00:00\",\"breadcrumb\":{\"@id\":\"https:\\\/\\\/diariodeloeste.com\\\/noticias\\\/2017\\\/03\\\/06\\\/jose-luis-benitez-culmina-temporada-del-mate-social\\\/#breadcrumb\"},\"inLanguage\":\"es-AR\",\"potentialAction\":[{\"@type\":\"ReadAction\",\"target\":[\"https:\\\/\\\/diariodeloeste.com\\\/noticias\\\/2017\\\/03\\\/06\\\/jose-luis-benitez-culmina-temporada-del-mate-social\\\/\"]}]},{\"@type\":\"ImageObject\",\"inLanguage\":\"es-AR\",\"@id\":\"https:\\\/\\\/diariodeloeste.com\\\/noticias\\\/2017\\\/03\\\/06\\\/jose-luis-benitez-culmina-temporada-del-mate-social\\\/#primaryimage\",\"url\":\"https:\\\/\\\/diariodeloeste.com\\\/noticias\\\/wp-content\\\/uploads\\\/2017\\\/03\\\/descarga-1.jpg\",\"contentUrl\":\"https:\\\/\\\/diariodeloeste.com\\\/noticias\\\/wp-content\\\/uploads\\\/2017\\\/03\\\/descarga-1.jpg\",\"width\":651,\"height\":433},{\"@type\":\"BreadcrumbList\",\"@id\":\"https:\\\/\\\/diariodeloeste.com\\\/noticias\\\/2017\\\/03\\\/06\\\/jose-luis-benitez-culmina-temporada-del-mate-social\\\/#breadcrumb\",\"itemListElement\":[{\"@type\":\"ListItem\",\"position\":1,\"name\":\"Inicio\",\"item\":\"https:\\\/\\\/diariodeloeste.com\\\/noticias\\\/\"},{\"@type\":\"ListItem\",\"position\":2,\"name\":\"JOS\u00c9 LUIS BEN\u00cdTEZ CULMINA TEMPORADA DEL MATE SOCIAL\"}]},{\"@type\":\"WebSite\",\"@id\":\"https:\\\/\\\/diariodeloeste.com\\\/noticias\\\/#website\",\"url\":\"https:\\\/\\\/diariodeloeste.com\\\/noticias\\\/\",\"name\":\"Diario del Oeste\",\"description\":\"Noticias del Oeste\",\"publisher\":{\"@id\":\"https:\\\/\\\/diariodeloeste.com\\\/noticias\\\/#organization\"},\"potentialAction\":[{\"@type\":\"SearchAction\",\"target\":{\"@type\":\"EntryPoint\",\"urlTemplate\":\"https:\\\/\\\/diariodeloeste.com\\\/noticias\\\/?s={search_term_string}\"},\"query-input\":{\"@type\":\"PropertyValueSpecification\",\"valueRequired\":true,\"valueName\":\"search_term_string\"}}],\"inLanguage\":\"es-AR\"},{\"@type\":\"Organization\",\"@id\":\"https:\\\/\\\/diariodeloeste.com\\\/noticias\\\/#organization\",\"name\":\"Diario del Oeste\",\"url\":\"https:\\\/\\\/diariodeloeste.com\\\/noticias\\\/\",\"logo\":{\"@type\":\"ImageObject\",\"inLanguage\":\"es-AR\",\"@id\":\"https:\\\/\\\/diariodeloeste.com\\\/noticias\\\/#\\\/schema\\\/logo\\\/image\\\/\",\"url\":\"https:\\\/\\\/diariodeloeste.com\\\/noticias\\\/wp-content\\\/uploads\\\/2019\\\/04\\\/logo.png\",\"contentUrl\":\"https:\\\/\\\/diariodeloeste.com\\\/noticias\\\/wp-content\\\/uploads\\\/2019\\\/04\\\/logo.png\",\"width\":306,\"height\":145,\"caption\":\"Diario del Oeste\"},\"image\":{\"@id\":\"https:\\\/\\\/diariodeloeste.com\\\/noticias\\\/#\\\/schema\\\/logo\\\/image\\\/\"}},{\"@type\":\"Person\",\"@id\":\"https:\\\/\\\/diariodeloeste.com\\\/noticias\\\/#\\\/schema\\\/person\\\/1f7be965f8c093432e1cbfcee0ac4047\",\"name\":\"Redaccion\",\"image\":{\"@type\":\"ImageObject\",\"inLanguage\":\"es-AR\",\"@id\":\"https:\\\/\\\/secure.gravatar.com\\\/avatar\\\/f9bc3a12e26b32d818d88f9a5b61de20b559752e499df507efa7ea3cea0550ef?s=96&d=mm&r=g\",\"url\":\"https:\\\/\\\/secure.gravatar.com\\\/avatar\\\/f9bc3a12e26b32d818d88f9a5b61de20b559752e499df507efa7ea3cea0550ef?s=96&d=mm&r=g\",\"contentUrl\":\"https:\\\/\\\/secure.gravatar.com\\\/avatar\\\/f9bc3a12e26b32d818d88f9a5b61de20b559752e499df507efa7ea3cea0550ef?s=96&d=mm&r=g\",\"caption\":\"Redaccion\"},\"url\":\"https:\\\/\\\/diariodeloeste.com\\\/noticias\\\/author\\\/redaccion\\\/\"}]}<\/script>\n<!-- \/ Yoast SEO plugin. -->","yoast_head_json":{"title":"JOS\u00c9 LUIS BEN\u00cdTEZ CULMINA TEMPORADA DEL MATE SOCIAL - Diario del Oeste","robots":{"index":"index","follow":"follow","max-snippet":"max-snippet:-1","max-image-preview":"max-image-preview:large","max-video-preview":"max-video-preview:-1"},"canonical":"https:\/\/diariodeloeste.com\/noticias\/2017\/03\/06\/jose-luis-benitez-culmina-temporada-del-mate-social\/","og_locale":"es_ES","og_type":"article","og_title":"JOS\u00c9 LUIS BEN\u00cdTEZ CULMINA TEMPORADA DEL MATE SOCIAL - Diario del Oeste","og_description":"El dirigente Jos\u00e9 Luis Ben\u00edtez llev\u00f3 a cabo el cierre de las colonias de verano de su programa \u201cEl\u00a0Mate Social\u201d, el jueves pasado. \u201cHoy damos por finalizada la temporada de la colonia de\u00a0verano que llevamos a cabo con el mate social, m\u00e1s de mil 200 ni\u00f1os de General Rodr\u00edguez pudieron\u00a0disfrutar de la quinta recreativa en [&hellip;]","og_url":"https:\/\/diariodeloeste.com\/noticias\/2017\/03\/06\/jose-luis-benitez-culmina-temporada-del-mate-social\/","og_site_name":"Diario del Oeste","article_published_time":"2017-03-06T23:04:08+00:00","article_modified_time":"2017-03-06T23:04:31+00:00","og_image":[{"width":651,"height":433,"url":"https:\/\/diariodeloeste.com\/noticias\/wp-content\/uploads\/2017\/03\/descarga-1.jpg","type":"image\/jpeg"}],"author":"Redaccion","twitter_card":"summary_large_image","twitter_misc":{"Escrito por":"Redaccion","Tiempo de lectura":"1 minuto"},"schema":{"@context":"https:\/\/schema.org","@graph":[{"@type":"Article","@id":"https:\/\/diariodeloeste.com\/noticias\/2017\/03\/06\/jose-luis-benitez-culmina-temporada-del-mate-social\/#article","isPartOf":{"@id":"https:\/\/diariodeloeste.com\/noticias\/2017\/03\/06\/jose-luis-benitez-culmina-temporada-del-mate-social\/"},"author":{"name":"Redaccion","@id":"https:\/\/diariodeloeste.com\/noticias\/#\/schema\/person\/1f7be965f8c093432e1cbfcee0ac4047"},"headline":"JOS\u00c9 LUIS BEN\u00cdTEZ CULMINA TEMPORADA DEL MATE SOCIAL","datePublished":"2017-03-06T23:04:08+00:00","dateModified":"2017-03-06T23:04:31+00:00","mainEntityOfPage":{"@id":"https:\/\/diariodeloeste.com\/noticias\/2017\/03\/06\/jose-luis-benitez-culmina-temporada-del-mate-social\/"},"wordCount":178,"publisher":{"@id":"https:\/\/diariodeloeste.com\/noticias\/#organization"},"image":{"@id":"https:\/\/diariodeloeste.com\/noticias\/2017\/03\/06\/jose-luis-benitez-culmina-temporada-del-mate-social\/#primaryimage"},"thumbnailUrl":"https:\/\/diariodeloeste.com\/noticias\/wp-content\/uploads\/2017\/03\/descarga-1.jpg","articleSection":["Informaci\u00f3n General"],"inLanguage":"es-AR"},{"@type":"WebPage","@id":"https:\/\/diariodeloeste.com\/noticias\/2017\/03\/06\/jose-luis-benitez-culmina-temporada-del-mate-social\/","url":"https:\/\/diariodeloeste.com\/noticias\/2017\/03\/06\/jose-luis-benitez-culmina-temporada-del-mate-social\/","name":"JOS\u00c9 LUIS BEN\u00cdTEZ CULMINA TEMPORADA DEL MATE SOCIAL - Diario del Oeste","isPartOf":{"@id":"https:\/\/diariodeloeste.com\/noticias\/#website"},"primaryImageOfPage":{"@id":"https:\/\/diariodeloeste.com\/noticias\/2017\/03\/06\/jose-luis-benitez-culmina-temporada-del-mate-social\/#primaryimage"},"image":{"@id":"https:\/\/diariodeloeste.com\/noticias\/2017\/03\/06\/jose-luis-benitez-culmina-temporada-del-mate-social\/#primaryimage"},"thumbnailUrl":"https:\/\/diariodeloeste.com\/noticias\/wp-content\/uploads\/2017\/03\/descarga-1.jpg","datePublished":"2017-03-06T23:04:08+00:00","dateModified":"2017-03-06T23:04:31+00:00","breadcrumb":{"@id":"https:\/\/diariodeloeste.com\/noticias\/2017\/03\/06\/jose-luis-benitez-culmina-temporada-del-mate-social\/#breadcrumb"},"inLanguage":"es-AR","potentialAction":[{"@type":"ReadAction","target":["https:\/\/diariodeloeste.com\/noticias\/2017\/03\/06\/jose-luis-benitez-culmina-temporada-del-mate-social\/"]}]},{"@type":"ImageObject","inLanguage":"es-AR","@id":"https:\/\/diariodeloeste.com\/noticias\/2017\/03\/06\/jose-luis-benitez-culmina-temporada-del-mate-social\/#primaryimage","url":"https:\/\/diariodeloeste.com\/noticias\/wp-content\/uploads\/2017\/03\/descarga-1.jpg","contentUrl":"https:\/\/diariodeloeste.com\/noticias\/wp-content\/uploads\/2017\/03\/descarga-1.jpg","width":651,"height":433},{"@type":"BreadcrumbList","@id":"https:\/\/diariodeloeste.com\/noticias\/2017\/03\/06\/jose-luis-benitez-culmina-temporada-del-mate-social\/#breadcrumb","itemListElement":[{"@type":"ListItem","position":1,"name":"Inicio","item":"https:\/\/diariodeloeste.com\/noticias\/"},{"@type":"ListItem","position":2,"name":"JOS\u00c9 LUIS BEN\u00cdTEZ CULMINA TEMPORADA DEL MATE SOCIAL"}]},{"@type":"WebSite","@id":"https:\/\/diariodeloeste.com\/noticias\/#website","url":"https:\/\/diariodeloeste.com\/noticias\/","name":"Diario del Oeste","description":"Noticias del Oeste","publisher":{"@id":"https:\/\/diariodeloeste.com\/noticias\/#organization"},"potentialAction":[{"@type":"SearchAction","target":{"@type":"EntryPoint","urlTemplate":"https:\/\/diariodeloeste.com\/noticias\/?s={search_term_string}"},"query-input":{"@type":"PropertyValueSpecification","valueRequired":true,"valueName":"search_term_string"}}],"inLanguage":"es-AR"},{"@type":"Organization","@id":"https:\/\/diariodeloeste.com\/noticias\/#organization","name":"Diario del Oeste","url":"https:\/\/diariodeloeste.com\/noticias\/","logo":{"@type":"ImageObject","inLanguage":"es-AR","@id":"https:\/\/diariodeloeste.com\/noticias\/#\/schema\/logo\/image\/","url":"https:\/\/diariodeloeste.com\/noticias\/wp-content\/uploads\/2019\/04\/logo.png","contentUrl":"https:\/\/diariodeloeste.com\/noticias\/wp-content\/uploads\/2019\/04\/logo.png","width":306,"height":145,"caption":"Diario del Oeste"},"image":{"@id":"https:\/\/diariodeloeste.com\/noticias\/#\/schema\/logo\/image\/"}},{"@type":"Person","@id":"https:\/\/diariodeloeste.com\/noticias\/#\/schema\/person\/1f7be965f8c093432e1cbfcee0ac4047","name":"Redaccion","image":{"@type":"ImageObject","inLanguage":"es-AR","@id":"https:\/\/secure.gravatar.com\/avatar\/f9bc3a12e26b32d818d88f9a5b61de20b559752e499df507efa7ea3cea0550ef?s=96&d=mm&r=g","url":"https:\/\/secure.gravatar.com\/avatar\/f9bc3a12e26b32d818d88f9a5b61de20b559752e499df507efa7ea3cea0550ef?s=96&d=mm&r=g","contentUrl":"https:\/\/secure.gravatar.com\/avatar\/f9bc3a12e26b32d818d88f9a5b61de20b559752e499df507efa7ea3cea0550ef?s=96&d=mm&r=g","caption":"Redaccion"},"url":"https:\/\/diariodeloeste.com\/noticias\/author\/redaccion\/"}]}},"_links":{"self":[{"href":"https:\/\/diariodeloeste.com\/noticias\/wp-json\/wp\/v2\/posts\/261","targetHints":{"allow":["GET"]}}],"collection":[{"href":"https:\/\/diariodeloeste.com\/noticias\/wp-json\/wp\/v2\/posts"}],"about":[{"href":"https:\/\/diariodeloeste.com\/noticias\/wp-json\/wp\/v2\/types\/post"}],"author":[{"embeddable":true,"href":"https:\/\/diariodeloeste.com\/noticias\/wp-json\/wp\/v2\/users\/3"}],"replies":[{"embeddable":true,"href":"https:\/\/diariodeloeste.com\/noticias\/wp-json\/wp\/v2\/comments?post=261"}],"version-history":[{"count":3,"href":"https:\/\/diariodeloeste.com\/noticias\/wp-json\/wp\/v2\/posts\/261\/revisions"}],"predecessor-version":[{"id":265,"href":"https:\/\/diariodeloeste.com\/noticias\/wp-json\/wp\/v2\/posts\/261\/revisions\/265"}],"wp:featuredmedia":[{"embeddable":true,"href":"https:\/\/diariodeloeste.com\/noticias\/wp-json\/wp\/v2\/media\/262"}],"wp:attachment":[{"href":"https:\/\/diariodeloeste.com\/noticias\/wp-json\/wp\/v2\/media?parent=261"}],"wp:term":[{"taxonomy":"category","embeddable":true,"href":"https:\/\/diariodeloeste.com\/noticias\/wp-json\/wp\/v2\/categories?post=261"},{"taxonomy":"post_tag","embeddable":true,"href":"https:\/\/diariodeloeste.com\/noticias\/wp-json\/wp\/v2\/tags?post=261"}],"curies":[{"name":"wp","href":"https:\/\/api.w.org\/{rel}","templated":true}]}}