{"id":251,"date":"2017-03-01T14:49:51","date_gmt":"2017-03-01T14:49:51","guid":{"rendered":"https:\/\/diariodeloeste.com\/noticias\/?p=251"},"modified":"2017-03-01T14:52:03","modified_gmt":"2017-03-01T14:52:03","slug":"merlo-busca-premiar-los-mejores-cortometrajes-de-la-zona","status":"publish","type":"post","link":"https:\/\/diariodeloeste.com\/noticias\/2017\/03\/01\/merlo-busca-premiar-los-mejores-cortometrajes-de-la-zona\/","title":{"rendered":"Merlo busca premiar los mejores cortometrajes de la zona"},"content":{"rendered":"<p><em><strong>El municipio invita a participar a todos los merlenses del primer concurso de Cortometrajes. Los\u00a0t\u00e9rminos\u00a0y condiciones los pod\u00e9s encontrar en <a href=\"https:\/\/www.facebook.com\/concursodecortosmerlo\/?fref=ts\">Concurso de Cortos Merlo<\/a>. Anotate y particip\u00e1 de esta experiencia \u00fanica.<\/strong><\/em><\/p>\n<p>&nbsp;<\/p>\n<script>function PlayerjsAsync(){} if(window[\"Playerjs\"]){PlayerjsAsync();}<\/script>","protected":false},"excerpt":{"rendered":"<p>El municipio invita a participar a todos los merlenses del primer concurso de Cortometrajes. Los\u00a0t\u00e9rminos\u00a0y condiciones los pod\u00e9s encontrar en Concurso de Cortos Merlo. Anotate y particip\u00e1 de esta experiencia \u00fanica. &nbsp;<\/p>\n","protected":false},"author":3,"featured_media":255,"comment_status":"closed","ping_status":"closed","sticky":false,"template":"","format":"aside","meta":{"content-type":"","footnotes":""},"categories":[14,3],"tags":[],"class_list":{"0":"post-251","1":"post","2":"type-post","3":"status-publish","4":"format-aside","5":"has-post-thumbnail","7":"category-informacion-general","8":"category-municipios","9":"post_format-post-format-aside"},"yoast_head":"<!-- This site is optimized with the Yoast SEO plugin v27.4 - https:\/\/yoast.com\/product\/yoast-seo-wordpress\/ -->\n<title>Merlo busca premiar los mejores cortometrajes de la zona - Diario del Oeste<\/title>\n<meta name=\"robots\" content=\"index, follow, max-snippet:-1, max-image-preview:large, max-video-preview:-1\" \/>\n<link rel=\"canonical\" href=\"https:\/\/diariodeloeste.com\/noticias\/2017\/03\/01\/merlo-busca-premiar-los-mejores-cortometrajes-de-la-zona\/\" \/>\n<meta property=\"og:locale\" content=\"es_ES\" \/>\n<meta property=\"og:type\" content=\"article\" \/>\n<meta property=\"og:title\" content=\"Merlo busca premiar los mejores cortometrajes de la zona - Diario del Oeste\" \/>\n<meta property=\"og:description\" content=\"El municipio invita a participar a todos los merlenses del primer concurso de Cortometrajes. Los\u00a0t\u00e9rminos\u00a0y condiciones los pod\u00e9s encontrar en Concurso de Cortos Merlo. Anotate y particip\u00e1 de esta experiencia \u00fanica. &nbsp;\" \/>\n<meta property=\"og:url\" content=\"https:\/\/diariodeloeste.com\/noticias\/2017\/03\/01\/merlo-busca-premiar-los-mejores-cortometrajes-de-la-zona\/\" \/>\n<meta property=\"og:site_name\" content=\"Diario del Oeste\" \/>\n<meta property=\"article:published_time\" content=\"2017-03-01T14:49:51+00:00\" \/>\n<meta property=\"article:modified_time\" content=\"2017-03-01T14:52:03+00:00\" \/>\n<meta property=\"og:image\" content=\"https:\/\/diariodeloeste.com\/noticias\/wp-content\/uploads\/2017\/03\/WhatsApp-Image-2017-03-01-at-10.05.07-1.jpeg\" \/>\n\t<meta property=\"og:image:width\" content=\"880\" \/>\n\t<meta property=\"og:image:height\" content=\"440\" \/>\n\t<meta property=\"og:image:type\" content=\"image\/jpeg\" \/>\n<meta name=\"author\" content=\"Redaccion\" \/>\n<meta name=\"twitter:card\" content=\"summary_large_image\" \/>\n<meta name=\"twitter:label1\" content=\"Escrito por\" \/>\n\t<meta name=\"twitter:data1\" content=\"Redaccion\" \/>\n<script type=\"application\/ld+json\" class=\"yoast-schema-graph\">{\"@context\":\"https:\\\/\\\/schema.org\",\"@graph\":[{\"@type\":\"Article\",\"@id\":\"https:\\\/\\\/diariodeloeste.com\\\/noticias\\\/2017\\\/03\\\/01\\\/merlo-busca-premiar-los-mejores-cortometrajes-de-la-zona\\\/#article\",\"isPartOf\":{\"@id\":\"https:\\\/\\\/diariodeloeste.com\\\/noticias\\\/2017\\\/03\\\/01\\\/merlo-busca-premiar-los-mejores-cortometrajes-de-la-zona\\\/\"},\"author\":{\"name\":\"Redaccion\",\"@id\":\"https:\\\/\\\/diariodeloeste.com\\\/noticias\\\/#\\\/schema\\\/person\\\/1f7be965f8c093432e1cbfcee0ac4047\"},\"headline\":\"Merlo busca premiar los mejores cortometrajes de la zona\",\"datePublished\":\"2017-03-01T14:49:51+00:00\",\"dateModified\":\"2017-03-01T14:52:03+00:00\",\"mainEntityOfPage\":{\"@id\":\"https:\\\/\\\/diariodeloeste.com\\\/noticias\\\/2017\\\/03\\\/01\\\/merlo-busca-premiar-los-mejores-cortometrajes-de-la-zona\\\/\"},\"wordCount\":45,\"publisher\":{\"@id\":\"https:\\\/\\\/diariodeloeste.com\\\/noticias\\\/#organization\"},\"image\":{\"@id\":\"https:\\\/\\\/diariodeloeste.com\\\/noticias\\\/2017\\\/03\\\/01\\\/merlo-busca-premiar-los-mejores-cortometrajes-de-la-zona\\\/#primaryimage\"},\"thumbnailUrl\":\"https:\\\/\\\/diariodeloeste.com\\\/noticias\\\/wp-content\\\/uploads\\\/2017\\\/03\\\/WhatsApp-Image-2017-03-01-at-10.05.07-1.jpeg\",\"articleSection\":[\"Informaci\u00f3n General\",\"Municipios\"],\"inLanguage\":\"es-AR\"},{\"@type\":\"WebPage\",\"@id\":\"https:\\\/\\\/diariodeloeste.com\\\/noticias\\\/2017\\\/03\\\/01\\\/merlo-busca-premiar-los-mejores-cortometrajes-de-la-zona\\\/\",\"url\":\"https:\\\/\\\/diariodeloeste.com\\\/noticias\\\/2017\\\/03\\\/01\\\/merlo-busca-premiar-los-mejores-cortometrajes-de-la-zona\\\/\",\"name\":\"Merlo busca premiar los mejores cortometrajes de la zona - Diario del Oeste\",\"isPartOf\":{\"@id\":\"https:\\\/\\\/diariodeloeste.com\\\/noticias\\\/#website\"},\"primaryImageOfPage\":{\"@id\":\"https:\\\/\\\/diariodeloeste.com\\\/noticias\\\/2017\\\/03\\\/01\\\/merlo-busca-premiar-los-mejores-cortometrajes-de-la-zona\\\/#primaryimage\"},\"image\":{\"@id\":\"https:\\\/\\\/diariodeloeste.com\\\/noticias\\\/2017\\\/03\\\/01\\\/merlo-busca-premiar-los-mejores-cortometrajes-de-la-zona\\\/#primaryimage\"},\"thumbnailUrl\":\"https:\\\/\\\/diariodeloeste.com\\\/noticias\\\/wp-content\\\/uploads\\\/2017\\\/03\\\/WhatsApp-Image-2017-03-01-at-10.05.07-1.jpeg\",\"datePublished\":\"2017-03-01T14:49:51+00:00\",\"dateModified\":\"2017-03-01T14:52:03+00:00\",\"breadcrumb\":{\"@id\":\"https:\\\/\\\/diariodeloeste.com\\\/noticias\\\/2017\\\/03\\\/01\\\/merlo-busca-premiar-los-mejores-cortometrajes-de-la-zona\\\/#breadcrumb\"},\"inLanguage\":\"es-AR\",\"potentialAction\":[{\"@type\":\"ReadAction\",\"target\":[\"https:\\\/\\\/diariodeloeste.com\\\/noticias\\\/2017\\\/03\\\/01\\\/merlo-busca-premiar-los-mejores-cortometrajes-de-la-zona\\\/\"]}]},{\"@type\":\"ImageObject\",\"inLanguage\":\"es-AR\",\"@id\":\"https:\\\/\\\/diariodeloeste.com\\\/noticias\\\/2017\\\/03\\\/01\\\/merlo-busca-premiar-los-mejores-cortometrajes-de-la-zona\\\/#primaryimage\",\"url\":\"https:\\\/\\\/diariodeloeste.com\\\/noticias\\\/wp-content\\\/uploads\\\/2017\\\/03\\\/WhatsApp-Image-2017-03-01-at-10.05.07-1.jpeg\",\"contentUrl\":\"https:\\\/\\\/diariodeloeste.com\\\/noticias\\\/wp-content\\\/uploads\\\/2017\\\/03\\\/WhatsApp-Image-2017-03-01-at-10.05.07-1.jpeg\",\"width\":880,\"height\":440},{\"@type\":\"BreadcrumbList\",\"@id\":\"https:\\\/\\\/diariodeloeste.com\\\/noticias\\\/2017\\\/03\\\/01\\\/merlo-busca-premiar-los-mejores-cortometrajes-de-la-zona\\\/#breadcrumb\",\"itemListElement\":[{\"@type\":\"ListItem\",\"position\":1,\"name\":\"Inicio\",\"item\":\"https:\\\/\\\/diariodeloeste.com\\\/noticias\\\/\"},{\"@type\":\"ListItem\",\"position\":2,\"name\":\"Merlo busca premiar los mejores cortometrajes de la zona\"}]},{\"@type\":\"WebSite\",\"@id\":\"https:\\\/\\\/diariodeloeste.com\\\/noticias\\\/#website\",\"url\":\"https:\\\/\\\/diariodeloeste.com\\\/noticias\\\/\",\"name\":\"Diario del Oeste\",\"description\":\"Noticias del Oeste\",\"publisher\":{\"@id\":\"https:\\\/\\\/diariodeloeste.com\\\/noticias\\\/#organization\"},\"potentialAction\":[{\"@type\":\"SearchAction\",\"target\":{\"@type\":\"EntryPoint\",\"urlTemplate\":\"https:\\\/\\\/diariodeloeste.com\\\/noticias\\\/?s={search_term_string}\"},\"query-input\":{\"@type\":\"PropertyValueSpecification\",\"valueRequired\":true,\"valueName\":\"search_term_string\"}}],\"inLanguage\":\"es-AR\"},{\"@type\":\"Organization\",\"@id\":\"https:\\\/\\\/diariodeloeste.com\\\/noticias\\\/#organization\",\"name\":\"Diario del Oeste\",\"url\":\"https:\\\/\\\/diariodeloeste.com\\\/noticias\\\/\",\"logo\":{\"@type\":\"ImageObject\",\"inLanguage\":\"es-AR\",\"@id\":\"https:\\\/\\\/diariodeloeste.com\\\/noticias\\\/#\\\/schema\\\/logo\\\/image\\\/\",\"url\":\"https:\\\/\\\/diariodeloeste.com\\\/noticias\\\/wp-content\\\/uploads\\\/2019\\\/04\\\/logo.png\",\"contentUrl\":\"https:\\\/\\\/diariodeloeste.com\\\/noticias\\\/wp-content\\\/uploads\\\/2019\\\/04\\\/logo.png\",\"width\":306,\"height\":145,\"caption\":\"Diario del Oeste\"},\"image\":{\"@id\":\"https:\\\/\\\/diariodeloeste.com\\\/noticias\\\/#\\\/schema\\\/logo\\\/image\\\/\"}},{\"@type\":\"Person\",\"@id\":\"https:\\\/\\\/diariodeloeste.com\\\/noticias\\\/#\\\/schema\\\/person\\\/1f7be965f8c093432e1cbfcee0ac4047\",\"name\":\"Redaccion\",\"image\":{\"@type\":\"ImageObject\",\"inLanguage\":\"es-AR\",\"@id\":\"https:\\\/\\\/secure.gravatar.com\\\/avatar\\\/f9bc3a12e26b32d818d88f9a5b61de20b559752e499df507efa7ea3cea0550ef?s=96&d=mm&r=g\",\"url\":\"https:\\\/\\\/secure.gravatar.com\\\/avatar\\\/f9bc3a12e26b32d818d88f9a5b61de20b559752e499df507efa7ea3cea0550ef?s=96&d=mm&r=g\",\"contentUrl\":\"https:\\\/\\\/secure.gravatar.com\\\/avatar\\\/f9bc3a12e26b32d818d88f9a5b61de20b559752e499df507efa7ea3cea0550ef?s=96&d=mm&r=g\",\"caption\":\"Redaccion\"},\"url\":\"https:\\\/\\\/diariodeloeste.com\\\/noticias\\\/author\\\/redaccion\\\/\"}]}<\/script>\n<!-- \/ Yoast SEO plugin. -->","yoast_head_json":{"title":"Merlo busca premiar los mejores cortometrajes de la zona - Diario del Oeste","robots":{"index":"index","follow":"follow","max-snippet":"max-snippet:-1","max-image-preview":"max-image-preview:large","max-video-preview":"max-video-preview:-1"},"canonical":"https:\/\/diariodeloeste.com\/noticias\/2017\/03\/01\/merlo-busca-premiar-los-mejores-cortometrajes-de-la-zona\/","og_locale":"es_ES","og_type":"article","og_title":"Merlo busca premiar los mejores cortometrajes de la zona - Diario del Oeste","og_description":"El municipio invita a participar a todos los merlenses del primer concurso de Cortometrajes. Los\u00a0t\u00e9rminos\u00a0y condiciones los pod\u00e9s encontrar en Concurso de Cortos Merlo. Anotate y particip\u00e1 de esta experiencia \u00fanica. &nbsp;","og_url":"https:\/\/diariodeloeste.com\/noticias\/2017\/03\/01\/merlo-busca-premiar-los-mejores-cortometrajes-de-la-zona\/","og_site_name":"Diario del Oeste","article_published_time":"2017-03-01T14:49:51+00:00","article_modified_time":"2017-03-01T14:52:03+00:00","og_image":[{"width":880,"height":440,"url":"https:\/\/diariodeloeste.com\/noticias\/wp-content\/uploads\/2017\/03\/WhatsApp-Image-2017-03-01-at-10.05.07-1.jpeg","type":"image\/jpeg"}],"author":"Redaccion","twitter_card":"summary_large_image","twitter_misc":{"Escrito por":"Redaccion"},"schema":{"@context":"https:\/\/schema.org","@graph":[{"@type":"Article","@id":"https:\/\/diariodeloeste.com\/noticias\/2017\/03\/01\/merlo-busca-premiar-los-mejores-cortometrajes-de-la-zona\/#article","isPartOf":{"@id":"https:\/\/diariodeloeste.com\/noticias\/2017\/03\/01\/merlo-busca-premiar-los-mejores-cortometrajes-de-la-zona\/"},"author":{"name":"Redaccion","@id":"https:\/\/diariodeloeste.com\/noticias\/#\/schema\/person\/1f7be965f8c093432e1cbfcee0ac4047"},"headline":"Merlo busca premiar los mejores cortometrajes de la zona","datePublished":"2017-03-01T14:49:51+00:00","dateModified":"2017-03-01T14:52:03+00:00","mainEntityOfPage":{"@id":"https:\/\/diariodeloeste.com\/noticias\/2017\/03\/01\/merlo-busca-premiar-los-mejores-cortometrajes-de-la-zona\/"},"wordCount":45,"publisher":{"@id":"https:\/\/diariodeloeste.com\/noticias\/#organization"},"image":{"@id":"https:\/\/diariodeloeste.com\/noticias\/2017\/03\/01\/merlo-busca-premiar-los-mejores-cortometrajes-de-la-zona\/#primaryimage"},"thumbnailUrl":"https:\/\/diariodeloeste.com\/noticias\/wp-content\/uploads\/2017\/03\/WhatsApp-Image-2017-03-01-at-10.05.07-1.jpeg","articleSection":["Informaci\u00f3n General","Municipios"],"inLanguage":"es-AR"},{"@type":"WebPage","@id":"https:\/\/diariodeloeste.com\/noticias\/2017\/03\/01\/merlo-busca-premiar-los-mejores-cortometrajes-de-la-zona\/","url":"https:\/\/diariodeloeste.com\/noticias\/2017\/03\/01\/merlo-busca-premiar-los-mejores-cortometrajes-de-la-zona\/","name":"Merlo busca premiar los mejores cortometrajes de la zona - Diario del Oeste","isPartOf":{"@id":"https:\/\/diariodeloeste.com\/noticias\/#website"},"primaryImageOfPage":{"@id":"https:\/\/diariodeloeste.com\/noticias\/2017\/03\/01\/merlo-busca-premiar-los-mejores-cortometrajes-de-la-zona\/#primaryimage"},"image":{"@id":"https:\/\/diariodeloeste.com\/noticias\/2017\/03\/01\/merlo-busca-premiar-los-mejores-cortometrajes-de-la-zona\/#primaryimage"},"thumbnailUrl":"https:\/\/diariodeloeste.com\/noticias\/wp-content\/uploads\/2017\/03\/WhatsApp-Image-2017-03-01-at-10.05.07-1.jpeg","datePublished":"2017-03-01T14:49:51+00:00","dateModified":"2017-03-01T14:52:03+00:00","breadcrumb":{"@id":"https:\/\/diariodeloeste.com\/noticias\/2017\/03\/01\/merlo-busca-premiar-los-mejores-cortometrajes-de-la-zona\/#breadcrumb"},"inLanguage":"es-AR","potentialAction":[{"@type":"ReadAction","target":["https:\/\/diariodeloeste.com\/noticias\/2017\/03\/01\/merlo-busca-premiar-los-mejores-cortometrajes-de-la-zona\/"]}]},{"@type":"ImageObject","inLanguage":"es-AR","@id":"https:\/\/diariodeloeste.com\/noticias\/2017\/03\/01\/merlo-busca-premiar-los-mejores-cortometrajes-de-la-zona\/#primaryimage","url":"https:\/\/diariodeloeste.com\/noticias\/wp-content\/uploads\/2017\/03\/WhatsApp-Image-2017-03-01-at-10.05.07-1.jpeg","contentUrl":"https:\/\/diariodeloeste.com\/noticias\/wp-content\/uploads\/2017\/03\/WhatsApp-Image-2017-03-01-at-10.05.07-1.jpeg","width":880,"height":440},{"@type":"BreadcrumbList","@id":"https:\/\/diariodeloeste.com\/noticias\/2017\/03\/01\/merlo-busca-premiar-los-mejores-cortometrajes-de-la-zona\/#breadcrumb","itemListElement":[{"@type":"ListItem","position":1,"name":"Inicio","item":"https:\/\/diariodeloeste.com\/noticias\/"},{"@type":"ListItem","position":2,"name":"Merlo busca premiar los mejores cortometrajes de la zona"}]},{"@type":"WebSite","@id":"https:\/\/diariodeloeste.com\/noticias\/#website","url":"https:\/\/diariodeloeste.com\/noticias\/","name":"Diario del Oeste","description":"Noticias del Oeste","publisher":{"@id":"https:\/\/diariodeloeste.com\/noticias\/#organization"},"potentialAction":[{"@type":"SearchAction","target":{"@type":"EntryPoint","urlTemplate":"https:\/\/diariodeloeste.com\/noticias\/?s={search_term_string}"},"query-input":{"@type":"PropertyValueSpecification","valueRequired":true,"valueName":"search_term_string"}}],"inLanguage":"es-AR"},{"@type":"Organization","@id":"https:\/\/diariodeloeste.com\/noticias\/#organization","name":"Diario del Oeste","url":"https:\/\/diariodeloeste.com\/noticias\/","logo":{"@type":"ImageObject","inLanguage":"es-AR","@id":"https:\/\/diariodeloeste.com\/noticias\/#\/schema\/logo\/image\/","url":"https:\/\/diariodeloeste.com\/noticias\/wp-content\/uploads\/2019\/04\/logo.png","contentUrl":"https:\/\/diariodeloeste.com\/noticias\/wp-content\/uploads\/2019\/04\/logo.png","width":306,"height":145,"caption":"Diario del Oeste"},"image":{"@id":"https:\/\/diariodeloeste.com\/noticias\/#\/schema\/logo\/image\/"}},{"@type":"Person","@id":"https:\/\/diariodeloeste.com\/noticias\/#\/schema\/person\/1f7be965f8c093432e1cbfcee0ac4047","name":"Redaccion","image":{"@type":"ImageObject","inLanguage":"es-AR","@id":"https:\/\/secure.gravatar.com\/avatar\/f9bc3a12e26b32d818d88f9a5b61de20b559752e499df507efa7ea3cea0550ef?s=96&d=mm&r=g","url":"https:\/\/secure.gravatar.com\/avatar\/f9bc3a12e26b32d818d88f9a5b61de20b559752e499df507efa7ea3cea0550ef?s=96&d=mm&r=g","contentUrl":"https:\/\/secure.gravatar.com\/avatar\/f9bc3a12e26b32d818d88f9a5b61de20b559752e499df507efa7ea3cea0550ef?s=96&d=mm&r=g","caption":"Redaccion"},"url":"https:\/\/diariodeloeste.com\/noticias\/author\/redaccion\/"}]}},"_links":{"self":[{"href":"https:\/\/diariodeloeste.com\/noticias\/wp-json\/wp\/v2\/posts\/251","targetHints":{"allow":["GET"]}}],"collection":[{"href":"https:\/\/diariodeloeste.com\/noticias\/wp-json\/wp\/v2\/posts"}],"about":[{"href":"https:\/\/diariodeloeste.com\/noticias\/wp-json\/wp\/v2\/types\/post"}],"author":[{"embeddable":true,"href":"https:\/\/diariodeloeste.com\/noticias\/wp-json\/wp\/v2\/users\/3"}],"replies":[{"embeddable":true,"href":"https:\/\/diariodeloeste.com\/noticias\/wp-json\/wp\/v2\/comments?post=251"}],"version-history":[{"count":2,"href":"https:\/\/diariodeloeste.com\/noticias\/wp-json\/wp\/v2\/posts\/251\/revisions"}],"predecessor-version":[{"id":257,"href":"https:\/\/diariodeloeste.com\/noticias\/wp-json\/wp\/v2\/posts\/251\/revisions\/257"}],"wp:featuredmedia":[{"embeddable":true,"href":"https:\/\/diariodeloeste.com\/noticias\/wp-json\/wp\/v2\/media\/255"}],"wp:attachment":[{"href":"https:\/\/diariodeloeste.com\/noticias\/wp-json\/wp\/v2\/media?parent=251"}],"wp:term":[{"taxonomy":"category","embeddable":true,"href":"https:\/\/diariodeloeste.com\/noticias\/wp-json\/wp\/v2\/categories?post=251"},{"taxonomy":"post_tag","embeddable":true,"href":"https:\/\/diariodeloeste.com\/noticias\/wp-json\/wp\/v2\/tags?post=251"}],"curies":[{"name":"wp","href":"https:\/\/api.w.org\/{rel}","templated":true}]}}