{"id":2001,"date":"2018-09-13T14:55:47","date_gmt":"2018-09-13T14:55:47","guid":{"rendered":"https:\/\/diariodeloeste.com\/noticias\/?p=2001"},"modified":"2018-09-13T14:55:47","modified_gmt":"2018-09-13T14:55:47","slug":"intendentes-declaracion-de-la-emergencia-economica-social-y-alimentaria","status":"publish","type":"post","link":"https:\/\/diariodeloeste.com\/noticias\/2018\/09\/13\/intendentes-declaracion-de-la-emergencia-economica-social-y-alimentaria\/","title":{"rendered":"Intendentes: \u201cdeclaraci\u00f3n de la emergencia econ\u00f3mica, social y alimentaria\u201d"},"content":{"rendered":"<p><em><strong>M\u00e1s de veinte Intendentes del PJ bonaerense se reunieron con la intenci\u00f3n de marcarle la cancha a la Gobernadora mar\u00eda Eugenia Vidal. Ellos quieren dar&nbsp;impulso a la <\/strong><\/em><strong>\u201cdeclaraci\u00f3n de la emergencia econ\u00f3mica, social y alimentaria\u201d<\/strong><em><strong> en sus distritos.<\/strong><\/em><\/p>\n<p>Enojados le apuntaron a la gobernadora Mar\u00eda Eugenia Vidal por no convocarlos a dialogar ante la delicada situaci\u00f3n actual. Este lunes pasado, el grupo de intendentes se reuni\u00f3 con el ministro de Gobierno bonaerense, Joaqu\u00edn de la Torre, para hacerle llegar su reclamo.<\/p>\n<p>&nbsp;El martes fueron a la C\u00e1mara de Diputados de la Naci\u00f3n para &#8220;insistir con el reclamo de que se les restituya el dinero del Fondo Sojero&#8221;, que fue eliminado a fines de agosto por decisi\u00f3n de la Casa Rosada. Ah\u00ed la Intendente de La Matanza tuvo un papel principal que se reflej\u00f3 en los medios. Ayer, los jefes comunales acordaron posiciones y plantearon la estrategia que van a seguir para cumplir con su objetivo a trav\u00e9s&nbsp;de los Consejos Deliberantes.<\/p>\n<p>&nbsp;La cita fue en la quinta \u201cLa Torcaza\u201d de Ituzaingo. El intendente de Ituzaingo, Alberto Descalzo actu\u00f3 de anfitri\u00f3n. Del encuentro, participaron sus pares de la Matanza, Ver\u00f3nica Magario, de Lomas de Zamora, Mart\u00edn Insaurralde; de San Mart\u00edn, Gabriel Katopodis; de Merlo, Gustavo Men\u00e9ndez, y de Hurlingan, Juan Zabaleta. Al encuentro tambi\u00e9n asistieron los intendentes de Malvinas Argentinas, Leonardo Nardini; de Moreno,&nbsp;Walter Festa; de Esteban Echeverria, Fernando Grey; de Tigre, Julio Zamora; de Escobar, Ariel Sujarchuk; de Punta Indio, Hern\u00e1n Yzurieta; de Mercedes, Juan Pablo Ustarroz; de Ca\u00f1uelas, Gustavo Arrieta y de Presidente Per\u00f3n,&nbsp;Anibal Regueiro. Tambi\u00e9n estuvieron presentes&nbsp;el diputado nacional&nbsp;Fernando Espinoza y el diputado provincial Julio Pereyra.<\/p>\n<p>A trav\u00e9s de un comunicado de prensa, los jefes comunales manifestaron su preocupaci\u00f3n ante el crecimiento de la crisis social y econ\u00f3mica, y en ese marco criticaron a Vidal: \u201cLos intendentes hubi\u00e9semos querido escuchar a la gobernadora, saber cu\u00e1les eran sus propuestas\u201d. \u201cLamentamos que ante semejante crisis econ\u00f3mica (\u2026..) la Gobernadora no haya convocado a los intendentes que somos los que todos los d\u00edas estamos en contacto con nuestros vecinos y vecinas\u201d, insistieron en el comunicado.<\/p>\n<script>function PlayerjsAsync(){} if(window[\"Playerjs\"]){PlayerjsAsync();}<\/script>","protected":false},"excerpt":{"rendered":"<p>M\u00e1s de veinte Intendentes del PJ bonaerense se reunieron con la intenci\u00f3n de marcarle la cancha a la Gobernadora mar\u00eda Eugenia Vidal. Ellos quieren dar&nbsp;impulso a la \u201cdeclaraci\u00f3n de la emergencia econ\u00f3mica, social y alimentaria\u201d en sus distritos. Enojados le apuntaron a la gobernadora Mar\u00eda Eugenia Vidal por no convocarlos a dialogar ante la delicada [&hellip;]<\/p>\n","protected":false},"author":1,"featured_media":2002,"comment_status":"closed","ping_status":"closed","sticky":false,"template":"","format":"standard","meta":{"content-type":"","footnotes":""},"categories":[4,9],"tags":[],"class_list":{"0":"post-2001","1":"post","2":"type-post","3":"status-publish","4":"format-standard","5":"has-post-thumbnail","7":"category-politica","8":"category-titulares"},"yoast_head":"<!-- This site is optimized with the Yoast SEO plugin v27.4 - https:\/\/yoast.com\/product\/yoast-seo-wordpress\/ -->\n<title>Intendentes: \u201cdeclaraci\u00f3n de la emergencia econ\u00f3mica, social y alimentaria\u201d - Diario del Oeste<\/title>\n<meta name=\"robots\" content=\"index, follow, max-snippet:-1, max-image-preview:large, max-video-preview:-1\" \/>\n<link rel=\"canonical\" href=\"https:\/\/diariodeloeste.com\/noticias\/2018\/09\/13\/intendentes-declaracion-de-la-emergencia-economica-social-y-alimentaria\/\" \/>\n<meta property=\"og:locale\" content=\"es_ES\" \/>\n<meta property=\"og:type\" content=\"article\" \/>\n<meta property=\"og:title\" content=\"Intendentes: \u201cdeclaraci\u00f3n de la emergencia econ\u00f3mica, social y alimentaria\u201d - Diario del Oeste\" \/>\n<meta property=\"og:description\" content=\"M\u00e1s de veinte Intendentes del PJ bonaerense se reunieron con la intenci\u00f3n de marcarle la cancha a la Gobernadora mar\u00eda Eugenia Vidal. Ellos quieren dar&nbsp;impulso a la \u201cdeclaraci\u00f3n de la emergencia econ\u00f3mica, social y alimentaria\u201d en sus distritos. Enojados le apuntaron a la gobernadora Mar\u00eda Eugenia Vidal por no convocarlos a dialogar ante la delicada [&hellip;]\" \/>\n<meta property=\"og:url\" content=\"https:\/\/diariodeloeste.com\/noticias\/2018\/09\/13\/intendentes-declaracion-de-la-emergencia-economica-social-y-alimentaria\/\" \/>\n<meta property=\"og:site_name\" content=\"Diario del Oeste\" \/>\n<meta property=\"article:published_time\" content=\"2018-09-13T14:55:47+00:00\" \/>\n<meta property=\"og:image\" content=\"https:\/\/diariodeloeste.com\/noticias\/wp-content\/uploads\/2018\/09\/los-intendentes-de-la-provincia-de-buenos-aires-se-reunieron-en-ituzaingo-365152.jpg\" \/>\n\t<meta property=\"og:image:width\" content=\"840\" \/>\n\t<meta property=\"og:image:height\" content=\"472\" \/>\n\t<meta property=\"og:image:type\" content=\"image\/jpeg\" \/>\n<meta name=\"author\" content=\"admin\" \/>\n<meta name=\"twitter:card\" content=\"summary_large_image\" \/>\n<meta name=\"twitter:label1\" content=\"Escrito por\" \/>\n\t<meta name=\"twitter:data1\" content=\"admin\" \/>\n\t<meta name=\"twitter:label2\" content=\"Tiempo de lectura\" \/>\n\t<meta name=\"twitter:data2\" content=\"2 minutos\" \/>\n<script type=\"application\/ld+json\" class=\"yoast-schema-graph\">{\"@context\":\"https:\\\/\\\/schema.org\",\"@graph\":[{\"@type\":\"Article\",\"@id\":\"https:\\\/\\\/diariodeloeste.com\\\/noticias\\\/2018\\\/09\\\/13\\\/intendentes-declaracion-de-la-emergencia-economica-social-y-alimentaria\\\/#article\",\"isPartOf\":{\"@id\":\"https:\\\/\\\/diariodeloeste.com\\\/noticias\\\/2018\\\/09\\\/13\\\/intendentes-declaracion-de-la-emergencia-economica-social-y-alimentaria\\\/\"},\"author\":{\"name\":\"admin\",\"@id\":\"https:\\\/\\\/diariodeloeste.com\\\/noticias\\\/#\\\/schema\\\/person\\\/fe4f8b89d0c447922571265f616af325\"},\"headline\":\"Intendentes: \u201cdeclaraci\u00f3n de la emergencia econ\u00f3mica, social y alimentaria\u201d\",\"datePublished\":\"2018-09-13T14:55:47+00:00\",\"mainEntityOfPage\":{\"@id\":\"https:\\\/\\\/diariodeloeste.com\\\/noticias\\\/2018\\\/09\\\/13\\\/intendentes-declaracion-de-la-emergencia-economica-social-y-alimentaria\\\/\"},\"wordCount\":396,\"publisher\":{\"@id\":\"https:\\\/\\\/diariodeloeste.com\\\/noticias\\\/#organization\"},\"image\":{\"@id\":\"https:\\\/\\\/diariodeloeste.com\\\/noticias\\\/2018\\\/09\\\/13\\\/intendentes-declaracion-de-la-emergencia-economica-social-y-alimentaria\\\/#primaryimage\"},\"thumbnailUrl\":\"https:\\\/\\\/diariodeloeste.com\\\/noticias\\\/wp-content\\\/uploads\\\/2018\\\/09\\\/los-intendentes-de-la-provincia-de-buenos-aires-se-reunieron-en-ituzaingo-365152.jpg\",\"articleSection\":[\"Pol\u00edtica\",\"Titulares\"],\"inLanguage\":\"es-AR\"},{\"@type\":\"WebPage\",\"@id\":\"https:\\\/\\\/diariodeloeste.com\\\/noticias\\\/2018\\\/09\\\/13\\\/intendentes-declaracion-de-la-emergencia-economica-social-y-alimentaria\\\/\",\"url\":\"https:\\\/\\\/diariodeloeste.com\\\/noticias\\\/2018\\\/09\\\/13\\\/intendentes-declaracion-de-la-emergencia-economica-social-y-alimentaria\\\/\",\"name\":\"Intendentes: \u201cdeclaraci\u00f3n de la emergencia econ\u00f3mica, social y alimentaria\u201d - Diario del Oeste\",\"isPartOf\":{\"@id\":\"https:\\\/\\\/diariodeloeste.com\\\/noticias\\\/#website\"},\"primaryImageOfPage\":{\"@id\":\"https:\\\/\\\/diariodeloeste.com\\\/noticias\\\/2018\\\/09\\\/13\\\/intendentes-declaracion-de-la-emergencia-economica-social-y-alimentaria\\\/#primaryimage\"},\"image\":{\"@id\":\"https:\\\/\\\/diariodeloeste.com\\\/noticias\\\/2018\\\/09\\\/13\\\/intendentes-declaracion-de-la-emergencia-economica-social-y-alimentaria\\\/#primaryimage\"},\"thumbnailUrl\":\"https:\\\/\\\/diariodeloeste.com\\\/noticias\\\/wp-content\\\/uploads\\\/2018\\\/09\\\/los-intendentes-de-la-provincia-de-buenos-aires-se-reunieron-en-ituzaingo-365152.jpg\",\"datePublished\":\"2018-09-13T14:55:47+00:00\",\"breadcrumb\":{\"@id\":\"https:\\\/\\\/diariodeloeste.com\\\/noticias\\\/2018\\\/09\\\/13\\\/intendentes-declaracion-de-la-emergencia-economica-social-y-alimentaria\\\/#breadcrumb\"},\"inLanguage\":\"es-AR\",\"potentialAction\":[{\"@type\":\"ReadAction\",\"target\":[\"https:\\\/\\\/diariodeloeste.com\\\/noticias\\\/2018\\\/09\\\/13\\\/intendentes-declaracion-de-la-emergencia-economica-social-y-alimentaria\\\/\"]}]},{\"@type\":\"ImageObject\",\"inLanguage\":\"es-AR\",\"@id\":\"https:\\\/\\\/diariodeloeste.com\\\/noticias\\\/2018\\\/09\\\/13\\\/intendentes-declaracion-de-la-emergencia-economica-social-y-alimentaria\\\/#primaryimage\",\"url\":\"https:\\\/\\\/diariodeloeste.com\\\/noticias\\\/wp-content\\\/uploads\\\/2018\\\/09\\\/los-intendentes-de-la-provincia-de-buenos-aires-se-reunieron-en-ituzaingo-365152.jpg\",\"contentUrl\":\"https:\\\/\\\/diariodeloeste.com\\\/noticias\\\/wp-content\\\/uploads\\\/2018\\\/09\\\/los-intendentes-de-la-provincia-de-buenos-aires-se-reunieron-en-ituzaingo-365152.jpg\",\"width\":840,\"height\":472},{\"@type\":\"BreadcrumbList\",\"@id\":\"https:\\\/\\\/diariodeloeste.com\\\/noticias\\\/2018\\\/09\\\/13\\\/intendentes-declaracion-de-la-emergencia-economica-social-y-alimentaria\\\/#breadcrumb\",\"itemListElement\":[{\"@type\":\"ListItem\",\"position\":1,\"name\":\"Inicio\",\"item\":\"https:\\\/\\\/diariodeloeste.com\\\/noticias\\\/\"},{\"@type\":\"ListItem\",\"position\":2,\"name\":\"Intendentes: \u201cdeclaraci\u00f3n de la emergencia econ\u00f3mica, social y alimentaria\u201d\"}]},{\"@type\":\"WebSite\",\"@id\":\"https:\\\/\\\/diariodeloeste.com\\\/noticias\\\/#website\",\"url\":\"https:\\\/\\\/diariodeloeste.com\\\/noticias\\\/\",\"name\":\"Diario del Oeste\",\"description\":\"Noticias del Oeste\",\"publisher\":{\"@id\":\"https:\\\/\\\/diariodeloeste.com\\\/noticias\\\/#organization\"},\"potentialAction\":[{\"@type\":\"SearchAction\",\"target\":{\"@type\":\"EntryPoint\",\"urlTemplate\":\"https:\\\/\\\/diariodeloeste.com\\\/noticias\\\/?s={search_term_string}\"},\"query-input\":{\"@type\":\"PropertyValueSpecification\",\"valueRequired\":true,\"valueName\":\"search_term_string\"}}],\"inLanguage\":\"es-AR\"},{\"@type\":\"Organization\",\"@id\":\"https:\\\/\\\/diariodeloeste.com\\\/noticias\\\/#organization\",\"name\":\"Diario del Oeste\",\"url\":\"https:\\\/\\\/diariodeloeste.com\\\/noticias\\\/\",\"logo\":{\"@type\":\"ImageObject\",\"inLanguage\":\"es-AR\",\"@id\":\"https:\\\/\\\/diariodeloeste.com\\\/noticias\\\/#\\\/schema\\\/logo\\\/image\\\/\",\"url\":\"https:\\\/\\\/diariodeloeste.com\\\/noticias\\\/wp-content\\\/uploads\\\/2019\\\/04\\\/logo.png\",\"contentUrl\":\"https:\\\/\\\/diariodeloeste.com\\\/noticias\\\/wp-content\\\/uploads\\\/2019\\\/04\\\/logo.png\",\"width\":306,\"height\":145,\"caption\":\"Diario del Oeste\"},\"image\":{\"@id\":\"https:\\\/\\\/diariodeloeste.com\\\/noticias\\\/#\\\/schema\\\/logo\\\/image\\\/\"}},{\"@type\":\"Person\",\"@id\":\"https:\\\/\\\/diariodeloeste.com\\\/noticias\\\/#\\\/schema\\\/person\\\/fe4f8b89d0c447922571265f616af325\",\"name\":\"admin\",\"image\":{\"@type\":\"ImageObject\",\"inLanguage\":\"es-AR\",\"@id\":\"https:\\\/\\\/secure.gravatar.com\\\/avatar\\\/c1dcbae4a1eda6214c7bc9115f54e8889dd662450ef0ab6cb929af1bf9054141?s=96&d=mm&r=g\",\"url\":\"https:\\\/\\\/secure.gravatar.com\\\/avatar\\\/c1dcbae4a1eda6214c7bc9115f54e8889dd662450ef0ab6cb929af1bf9054141?s=96&d=mm&r=g\",\"contentUrl\":\"https:\\\/\\\/secure.gravatar.com\\\/avatar\\\/c1dcbae4a1eda6214c7bc9115f54e8889dd662450ef0ab6cb929af1bf9054141?s=96&d=mm&r=g\",\"caption\":\"admin\"},\"url\":\"https:\\\/\\\/diariodeloeste.com\\\/noticias\\\/author\\\/admin\\\/\"}]}<\/script>\n<!-- \/ Yoast SEO plugin. -->","yoast_head_json":{"title":"Intendentes: \u201cdeclaraci\u00f3n de la emergencia econ\u00f3mica, social y alimentaria\u201d - Diario del Oeste","robots":{"index":"index","follow":"follow","max-snippet":"max-snippet:-1","max-image-preview":"max-image-preview:large","max-video-preview":"max-video-preview:-1"},"canonical":"https:\/\/diariodeloeste.com\/noticias\/2018\/09\/13\/intendentes-declaracion-de-la-emergencia-economica-social-y-alimentaria\/","og_locale":"es_ES","og_type":"article","og_title":"Intendentes: \u201cdeclaraci\u00f3n de la emergencia econ\u00f3mica, social y alimentaria\u201d - Diario del Oeste","og_description":"M\u00e1s de veinte Intendentes del PJ bonaerense se reunieron con la intenci\u00f3n de marcarle la cancha a la Gobernadora mar\u00eda Eugenia Vidal. Ellos quieren dar&nbsp;impulso a la \u201cdeclaraci\u00f3n de la emergencia econ\u00f3mica, social y alimentaria\u201d en sus distritos. Enojados le apuntaron a la gobernadora Mar\u00eda Eugenia Vidal por no convocarlos a dialogar ante la delicada [&hellip;]","og_url":"https:\/\/diariodeloeste.com\/noticias\/2018\/09\/13\/intendentes-declaracion-de-la-emergencia-economica-social-y-alimentaria\/","og_site_name":"Diario del Oeste","article_published_time":"2018-09-13T14:55:47+00:00","og_image":[{"width":840,"height":472,"url":"https:\/\/diariodeloeste.com\/noticias\/wp-content\/uploads\/2018\/09\/los-intendentes-de-la-provincia-de-buenos-aires-se-reunieron-en-ituzaingo-365152.jpg","type":"image\/jpeg"}],"author":"admin","twitter_card":"summary_large_image","twitter_misc":{"Escrito por":"admin","Tiempo de lectura":"2 minutos"},"schema":{"@context":"https:\/\/schema.org","@graph":[{"@type":"Article","@id":"https:\/\/diariodeloeste.com\/noticias\/2018\/09\/13\/intendentes-declaracion-de-la-emergencia-economica-social-y-alimentaria\/#article","isPartOf":{"@id":"https:\/\/diariodeloeste.com\/noticias\/2018\/09\/13\/intendentes-declaracion-de-la-emergencia-economica-social-y-alimentaria\/"},"author":{"name":"admin","@id":"https:\/\/diariodeloeste.com\/noticias\/#\/schema\/person\/fe4f8b89d0c447922571265f616af325"},"headline":"Intendentes: \u201cdeclaraci\u00f3n de la emergencia econ\u00f3mica, social y alimentaria\u201d","datePublished":"2018-09-13T14:55:47+00:00","mainEntityOfPage":{"@id":"https:\/\/diariodeloeste.com\/noticias\/2018\/09\/13\/intendentes-declaracion-de-la-emergencia-economica-social-y-alimentaria\/"},"wordCount":396,"publisher":{"@id":"https:\/\/diariodeloeste.com\/noticias\/#organization"},"image":{"@id":"https:\/\/diariodeloeste.com\/noticias\/2018\/09\/13\/intendentes-declaracion-de-la-emergencia-economica-social-y-alimentaria\/#primaryimage"},"thumbnailUrl":"https:\/\/diariodeloeste.com\/noticias\/wp-content\/uploads\/2018\/09\/los-intendentes-de-la-provincia-de-buenos-aires-se-reunieron-en-ituzaingo-365152.jpg","articleSection":["Pol\u00edtica","Titulares"],"inLanguage":"es-AR"},{"@type":"WebPage","@id":"https:\/\/diariodeloeste.com\/noticias\/2018\/09\/13\/intendentes-declaracion-de-la-emergencia-economica-social-y-alimentaria\/","url":"https:\/\/diariodeloeste.com\/noticias\/2018\/09\/13\/intendentes-declaracion-de-la-emergencia-economica-social-y-alimentaria\/","name":"Intendentes: \u201cdeclaraci\u00f3n de la emergencia econ\u00f3mica, social y alimentaria\u201d - Diario del Oeste","isPartOf":{"@id":"https:\/\/diariodeloeste.com\/noticias\/#website"},"primaryImageOfPage":{"@id":"https:\/\/diariodeloeste.com\/noticias\/2018\/09\/13\/intendentes-declaracion-de-la-emergencia-economica-social-y-alimentaria\/#primaryimage"},"image":{"@id":"https:\/\/diariodeloeste.com\/noticias\/2018\/09\/13\/intendentes-declaracion-de-la-emergencia-economica-social-y-alimentaria\/#primaryimage"},"thumbnailUrl":"https:\/\/diariodeloeste.com\/noticias\/wp-content\/uploads\/2018\/09\/los-intendentes-de-la-provincia-de-buenos-aires-se-reunieron-en-ituzaingo-365152.jpg","datePublished":"2018-09-13T14:55:47+00:00","breadcrumb":{"@id":"https:\/\/diariodeloeste.com\/noticias\/2018\/09\/13\/intendentes-declaracion-de-la-emergencia-economica-social-y-alimentaria\/#breadcrumb"},"inLanguage":"es-AR","potentialAction":[{"@type":"ReadAction","target":["https:\/\/diariodeloeste.com\/noticias\/2018\/09\/13\/intendentes-declaracion-de-la-emergencia-economica-social-y-alimentaria\/"]}]},{"@type":"ImageObject","inLanguage":"es-AR","@id":"https:\/\/diariodeloeste.com\/noticias\/2018\/09\/13\/intendentes-declaracion-de-la-emergencia-economica-social-y-alimentaria\/#primaryimage","url":"https:\/\/diariodeloeste.com\/noticias\/wp-content\/uploads\/2018\/09\/los-intendentes-de-la-provincia-de-buenos-aires-se-reunieron-en-ituzaingo-365152.jpg","contentUrl":"https:\/\/diariodeloeste.com\/noticias\/wp-content\/uploads\/2018\/09\/los-intendentes-de-la-provincia-de-buenos-aires-se-reunieron-en-ituzaingo-365152.jpg","width":840,"height":472},{"@type":"BreadcrumbList","@id":"https:\/\/diariodeloeste.com\/noticias\/2018\/09\/13\/intendentes-declaracion-de-la-emergencia-economica-social-y-alimentaria\/#breadcrumb","itemListElement":[{"@type":"ListItem","position":1,"name":"Inicio","item":"https:\/\/diariodeloeste.com\/noticias\/"},{"@type":"ListItem","position":2,"name":"Intendentes: \u201cdeclaraci\u00f3n de la emergencia econ\u00f3mica, social y alimentaria\u201d"}]},{"@type":"WebSite","@id":"https:\/\/diariodeloeste.com\/noticias\/#website","url":"https:\/\/diariodeloeste.com\/noticias\/","name":"Diario del Oeste","description":"Noticias del Oeste","publisher":{"@id":"https:\/\/diariodeloeste.com\/noticias\/#organization"},"potentialAction":[{"@type":"SearchAction","target":{"@type":"EntryPoint","urlTemplate":"https:\/\/diariodeloeste.com\/noticias\/?s={search_term_string}"},"query-input":{"@type":"PropertyValueSpecification","valueRequired":true,"valueName":"search_term_string"}}],"inLanguage":"es-AR"},{"@type":"Organization","@id":"https:\/\/diariodeloeste.com\/noticias\/#organization","name":"Diario del Oeste","url":"https:\/\/diariodeloeste.com\/noticias\/","logo":{"@type":"ImageObject","inLanguage":"es-AR","@id":"https:\/\/diariodeloeste.com\/noticias\/#\/schema\/logo\/image\/","url":"https:\/\/diariodeloeste.com\/noticias\/wp-content\/uploads\/2019\/04\/logo.png","contentUrl":"https:\/\/diariodeloeste.com\/noticias\/wp-content\/uploads\/2019\/04\/logo.png","width":306,"height":145,"caption":"Diario del Oeste"},"image":{"@id":"https:\/\/diariodeloeste.com\/noticias\/#\/schema\/logo\/image\/"}},{"@type":"Person","@id":"https:\/\/diariodeloeste.com\/noticias\/#\/schema\/person\/fe4f8b89d0c447922571265f616af325","name":"admin","image":{"@type":"ImageObject","inLanguage":"es-AR","@id":"https:\/\/secure.gravatar.com\/avatar\/c1dcbae4a1eda6214c7bc9115f54e8889dd662450ef0ab6cb929af1bf9054141?s=96&d=mm&r=g","url":"https:\/\/secure.gravatar.com\/avatar\/c1dcbae4a1eda6214c7bc9115f54e8889dd662450ef0ab6cb929af1bf9054141?s=96&d=mm&r=g","contentUrl":"https:\/\/secure.gravatar.com\/avatar\/c1dcbae4a1eda6214c7bc9115f54e8889dd662450ef0ab6cb929af1bf9054141?s=96&d=mm&r=g","caption":"admin"},"url":"https:\/\/diariodeloeste.com\/noticias\/author\/admin\/"}]}},"_links":{"self":[{"href":"https:\/\/diariodeloeste.com\/noticias\/wp-json\/wp\/v2\/posts\/2001","targetHints":{"allow":["GET"]}}],"collection":[{"href":"https:\/\/diariodeloeste.com\/noticias\/wp-json\/wp\/v2\/posts"}],"about":[{"href":"https:\/\/diariodeloeste.com\/noticias\/wp-json\/wp\/v2\/types\/post"}],"author":[{"embeddable":true,"href":"https:\/\/diariodeloeste.com\/noticias\/wp-json\/wp\/v2\/users\/1"}],"replies":[{"embeddable":true,"href":"https:\/\/diariodeloeste.com\/noticias\/wp-json\/wp\/v2\/comments?post=2001"}],"version-history":[{"count":1,"href":"https:\/\/diariodeloeste.com\/noticias\/wp-json\/wp\/v2\/posts\/2001\/revisions"}],"predecessor-version":[{"id":2003,"href":"https:\/\/diariodeloeste.com\/noticias\/wp-json\/wp\/v2\/posts\/2001\/revisions\/2003"}],"wp:featuredmedia":[{"embeddable":true,"href":"https:\/\/diariodeloeste.com\/noticias\/wp-json\/wp\/v2\/media\/2002"}],"wp:attachment":[{"href":"https:\/\/diariodeloeste.com\/noticias\/wp-json\/wp\/v2\/media?parent=2001"}],"wp:term":[{"taxonomy":"category","embeddable":true,"href":"https:\/\/diariodeloeste.com\/noticias\/wp-json\/wp\/v2\/categories?post=2001"},{"taxonomy":"post_tag","embeddable":true,"href":"https:\/\/diariodeloeste.com\/noticias\/wp-json\/wp\/v2\/tags?post=2001"}],"curies":[{"name":"wp","href":"https:\/\/api.w.org\/{rel}","templated":true}]}}