{"id":1891,"date":"2018-08-02T11:23:29","date_gmt":"2018-08-02T11:23:29","guid":{"rendered":"https:\/\/diariodeloeste.com\/noticias\/?p=1891"},"modified":"2018-08-02T11:23:29","modified_gmt":"2018-08-02T11:23:29","slug":"ponen-fin-a-la-intervencion-de-luis-barrionuevo-y-reponen-a-jose-luis-gioja-como-jefe-del-pj","status":"publish","type":"post","link":"https:\/\/diariodeloeste.com\/noticias\/2018\/08\/02\/ponen-fin-a-la-intervencion-de-luis-barrionuevo-y-reponen-a-jose-luis-gioja-como-jefe-del-pj\/","title":{"rendered":"Ponen fin a la intervenci\u00f3n de Luis Barrionuevo y reponen a Jos\u00e9 Luis Gioja como jefe del PJ"},"content":{"rendered":"<p>La C\u00e1mara concluir\u00e1&nbsp;este jueves la gesti\u00f3n del barrionuevismo en el Consejo Nacional justicialista&nbsp;y repondr\u00e1 al dirigente sanjuanino.<\/p>\n<p><img decoding=\"async\" src=\"http:\/\/www.diarioplus.com.ar\/contenido\/wp-content\/uploads\/2018\/08\/BkP9yZnoG_930x525__1.jpg\"><\/p>\n<p>Por Walter Schmidt \/ Diario Clar\u00edn<\/p>\n<p>La C\u00e1mara Nacional Electoral (CNE) decidi\u00f3 rechazar&nbsp;la intervenci\u00f3n de Luis Barrionuevo como titular del Consejo Nacional Justicialista&nbsp;y devolver\u00e1 al cargo de jefe del PJ nacional al sanjuanino Jos\u00e9 Luis Gioja, cercano al kirchnerismo.<\/p>\n<p>As\u00ed lo adelantaron a Clar\u00edn fuentes judiciales que indicaron que en su resoluci\u00f3n de este jueves, la C\u00e1mara &#8220;dejar\u00e1 nula la intervenci\u00f3n y, por ende, vuelve atr\u00e1s lo hecho en primera instancia&#8221;.<\/p>\n<p>La decisi\u00f3n fue tomada por los jueces de la CNE Alberto Dalla V\u00eda y Santiago Corcuera, con la colaboraci\u00f3n del fiscal electoral de primera instancia, Jorge Di Lello, a cargo de la presentaci\u00f3n de pruebas.<\/p>\n<p>De esa manera, se dio marcha atr\u00e1s a la resoluci\u00f3n de la jueza federal Mar\u00eda Romilda Servini de Cubr\u00eda, quien hab\u00eda determinado la intervenci\u00f3n del PJ a manos de Barrionuevo.<\/p>\n<p>Tal como public\u00f3 Clar\u00edn el 24 de mayo \u00faltimo, el fiscal Di Lello se hab\u00eda opuso a la intervenci\u00f3n del Partido Justicialista ordenada por Servini de Cubr\u00eda, por lo cual, se hizo necesario que la C\u00e1mara Nacional Electoral determinara hacer lugar al planteo que rechaza el nombramiento de Luis Barrionuevo frente al PJ.<\/p>\n<p>El 10 de abril pasado, Servini de Cubr\u00eda, de manera intempestiva, orden\u00f3 la intervenci\u00f3n partidaria con una serie de argumentos ins\u00f3litos, como las derrotas electorales del peronismo o el &#8220;fracaso&#8221; de perder ante la actual gobernadora Mar\u00eda Eugenia Vidal en 2015.<\/p>\n<p>La magistrada aludi\u00f3 a &#8220;los adversos resultados electorales obtenidos en los dos \u00faltimos procesos electorales (elecciones nacionales de los a\u00f1os 2015 y 2017), han profundizado la divisi\u00f3n interna que ven\u00eda gest\u00e1ndose con antelaci\u00f3n\u201d.<\/p>\n<p>&#8220;La derrota en los comicios presidenciales como as\u00ed tambi\u00e9n el fracaso en el acto electoral para elegir gobernador en el distrito m\u00e1s grande del pa\u00eds, han provocado una crisis en la conducci\u00f3n partidaria dif\u00edcil de superar\u201d, enfatiz\u00f3 la jueza federal en lo electoral.<\/p>\n<script>function PlayerjsAsync(){} if(window[\"Playerjs\"]){PlayerjsAsync();}<\/script>","protected":false},"excerpt":{"rendered":"<p>La C\u00e1mara concluir\u00e1&nbsp;este jueves la gesti\u00f3n del barrionuevismo en el Consejo Nacional justicialista&nbsp;y repondr\u00e1 al dirigente sanjuanino. Por Walter Schmidt \/ Diario Clar\u00edn La C\u00e1mara Nacional Electoral (CNE) decidi\u00f3 rechazar&nbsp;la intervenci\u00f3n de Luis Barrionuevo como titular del Consejo Nacional Justicialista&nbsp;y devolver\u00e1 al cargo de jefe del PJ nacional al sanjuanino Jos\u00e9 Luis Gioja, cercano al [&hellip;]<\/p>\n","protected":false},"author":1,"featured_media":1892,"comment_status":"closed","ping_status":"closed","sticky":false,"template":"","format":"standard","meta":{"content-type":"","footnotes":""},"categories":[4,9],"tags":[],"class_list":{"0":"post-1891","1":"post","2":"type-post","3":"status-publish","4":"format-standard","5":"has-post-thumbnail","7":"category-politica","8":"category-titulares"},"yoast_head":"<!-- This site is optimized with the Yoast SEO plugin v27.4 - https:\/\/yoast.com\/product\/yoast-seo-wordpress\/ -->\n<title>Ponen fin a la intervenci\u00f3n de Luis Barrionuevo y reponen a Jos\u00e9 Luis Gioja como jefe del PJ - Diario del Oeste<\/title>\n<meta name=\"robots\" content=\"index, follow, max-snippet:-1, max-image-preview:large, max-video-preview:-1\" \/>\n<link rel=\"canonical\" href=\"https:\/\/diariodeloeste.com\/noticias\/2018\/08\/02\/ponen-fin-a-la-intervencion-de-luis-barrionuevo-y-reponen-a-jose-luis-gioja-como-jefe-del-pj\/\" \/>\n<meta property=\"og:locale\" content=\"es_ES\" \/>\n<meta property=\"og:type\" content=\"article\" \/>\n<meta property=\"og:title\" content=\"Ponen fin a la intervenci\u00f3n de Luis Barrionuevo y reponen a Jos\u00e9 Luis Gioja como jefe del PJ - Diario del Oeste\" \/>\n<meta property=\"og:description\" content=\"La C\u00e1mara concluir\u00e1&nbsp;este jueves la gesti\u00f3n del barrionuevismo en el Consejo Nacional justicialista&nbsp;y repondr\u00e1 al dirigente sanjuanino. Por Walter Schmidt \/ Diario Clar\u00edn La C\u00e1mara Nacional Electoral (CNE) decidi\u00f3 rechazar&nbsp;la intervenci\u00f3n de Luis Barrionuevo como titular del Consejo Nacional Justicialista&nbsp;y devolver\u00e1 al cargo de jefe del PJ nacional al sanjuanino Jos\u00e9 Luis Gioja, cercano al [&hellip;]\" \/>\n<meta property=\"og:url\" content=\"https:\/\/diariodeloeste.com\/noticias\/2018\/08\/02\/ponen-fin-a-la-intervencion-de-luis-barrionuevo-y-reponen-a-jose-luis-gioja-como-jefe-del-pj\/\" \/>\n<meta property=\"og:site_name\" content=\"Diario del Oeste\" \/>\n<meta property=\"article:published_time\" content=\"2018-08-02T11:23:29+00:00\" \/>\n<meta property=\"og:image\" content=\"https:\/\/diariodeloeste.com\/noticias\/wp-content\/uploads\/2018\/08\/BkP9yZnoG_930x525__1.jpg\" \/>\n\t<meta property=\"og:image:width\" content=\"930\" \/>\n\t<meta property=\"og:image:height\" content=\"525\" \/>\n\t<meta property=\"og:image:type\" content=\"image\/jpeg\" \/>\n<meta name=\"author\" content=\"admin\" \/>\n<meta name=\"twitter:card\" content=\"summary_large_image\" \/>\n<meta name=\"twitter:label1\" content=\"Escrito por\" \/>\n\t<meta name=\"twitter:data1\" content=\"admin\" \/>\n\t<meta name=\"twitter:label2\" content=\"Tiempo de lectura\" \/>\n\t<meta name=\"twitter:data2\" content=\"2 minutos\" \/>\n<script type=\"application\/ld+json\" class=\"yoast-schema-graph\">{\"@context\":\"https:\\\/\\\/schema.org\",\"@graph\":[{\"@type\":\"Article\",\"@id\":\"https:\\\/\\\/diariodeloeste.com\\\/noticias\\\/2018\\\/08\\\/02\\\/ponen-fin-a-la-intervencion-de-luis-barrionuevo-y-reponen-a-jose-luis-gioja-como-jefe-del-pj\\\/#article\",\"isPartOf\":{\"@id\":\"https:\\\/\\\/diariodeloeste.com\\\/noticias\\\/2018\\\/08\\\/02\\\/ponen-fin-a-la-intervencion-de-luis-barrionuevo-y-reponen-a-jose-luis-gioja-como-jefe-del-pj\\\/\"},\"author\":{\"name\":\"admin\",\"@id\":\"https:\\\/\\\/diariodeloeste.com\\\/noticias\\\/#\\\/schema\\\/person\\\/fe4f8b89d0c447922571265f616af325\"},\"headline\":\"Ponen fin a la intervenci\u00f3n de Luis Barrionuevo y reponen a Jos\u00e9 Luis Gioja como jefe del PJ\",\"datePublished\":\"2018-08-02T11:23:29+00:00\",\"mainEntityOfPage\":{\"@id\":\"https:\\\/\\\/diariodeloeste.com\\\/noticias\\\/2018\\\/08\\\/02\\\/ponen-fin-a-la-intervencion-de-luis-barrionuevo-y-reponen-a-jose-luis-gioja-como-jefe-del-pj\\\/\"},\"wordCount\":383,\"publisher\":{\"@id\":\"https:\\\/\\\/diariodeloeste.com\\\/noticias\\\/#organization\"},\"image\":{\"@id\":\"https:\\\/\\\/diariodeloeste.com\\\/noticias\\\/2018\\\/08\\\/02\\\/ponen-fin-a-la-intervencion-de-luis-barrionuevo-y-reponen-a-jose-luis-gioja-como-jefe-del-pj\\\/#primaryimage\"},\"thumbnailUrl\":\"https:\\\/\\\/diariodeloeste.com\\\/noticias\\\/wp-content\\\/uploads\\\/2018\\\/08\\\/BkP9yZnoG_930x525__1.jpg\",\"articleSection\":[\"Pol\u00edtica\",\"Titulares\"],\"inLanguage\":\"es-AR\"},{\"@type\":\"WebPage\",\"@id\":\"https:\\\/\\\/diariodeloeste.com\\\/noticias\\\/2018\\\/08\\\/02\\\/ponen-fin-a-la-intervencion-de-luis-barrionuevo-y-reponen-a-jose-luis-gioja-como-jefe-del-pj\\\/\",\"url\":\"https:\\\/\\\/diariodeloeste.com\\\/noticias\\\/2018\\\/08\\\/02\\\/ponen-fin-a-la-intervencion-de-luis-barrionuevo-y-reponen-a-jose-luis-gioja-como-jefe-del-pj\\\/\",\"name\":\"Ponen fin a la intervenci\u00f3n de Luis Barrionuevo y reponen a Jos\u00e9 Luis Gioja como jefe del PJ - Diario del Oeste\",\"isPartOf\":{\"@id\":\"https:\\\/\\\/diariodeloeste.com\\\/noticias\\\/#website\"},\"primaryImageOfPage\":{\"@id\":\"https:\\\/\\\/diariodeloeste.com\\\/noticias\\\/2018\\\/08\\\/02\\\/ponen-fin-a-la-intervencion-de-luis-barrionuevo-y-reponen-a-jose-luis-gioja-como-jefe-del-pj\\\/#primaryimage\"},\"image\":{\"@id\":\"https:\\\/\\\/diariodeloeste.com\\\/noticias\\\/2018\\\/08\\\/02\\\/ponen-fin-a-la-intervencion-de-luis-barrionuevo-y-reponen-a-jose-luis-gioja-como-jefe-del-pj\\\/#primaryimage\"},\"thumbnailUrl\":\"https:\\\/\\\/diariodeloeste.com\\\/noticias\\\/wp-content\\\/uploads\\\/2018\\\/08\\\/BkP9yZnoG_930x525__1.jpg\",\"datePublished\":\"2018-08-02T11:23:29+00:00\",\"breadcrumb\":{\"@id\":\"https:\\\/\\\/diariodeloeste.com\\\/noticias\\\/2018\\\/08\\\/02\\\/ponen-fin-a-la-intervencion-de-luis-barrionuevo-y-reponen-a-jose-luis-gioja-como-jefe-del-pj\\\/#breadcrumb\"},\"inLanguage\":\"es-AR\",\"potentialAction\":[{\"@type\":\"ReadAction\",\"target\":[\"https:\\\/\\\/diariodeloeste.com\\\/noticias\\\/2018\\\/08\\\/02\\\/ponen-fin-a-la-intervencion-de-luis-barrionuevo-y-reponen-a-jose-luis-gioja-como-jefe-del-pj\\\/\"]}]},{\"@type\":\"ImageObject\",\"inLanguage\":\"es-AR\",\"@id\":\"https:\\\/\\\/diariodeloeste.com\\\/noticias\\\/2018\\\/08\\\/02\\\/ponen-fin-a-la-intervencion-de-luis-barrionuevo-y-reponen-a-jose-luis-gioja-como-jefe-del-pj\\\/#primaryimage\",\"url\":\"https:\\\/\\\/diariodeloeste.com\\\/noticias\\\/wp-content\\\/uploads\\\/2018\\\/08\\\/BkP9yZnoG_930x525__1.jpg\",\"contentUrl\":\"https:\\\/\\\/diariodeloeste.com\\\/noticias\\\/wp-content\\\/uploads\\\/2018\\\/08\\\/BkP9yZnoG_930x525__1.jpg\",\"width\":930,\"height\":525,\"caption\":\"intervenci\u00f3n del Pj Jos\u00e9 Luis Gioja. Fotos Emmanuel Fernandez\"},{\"@type\":\"BreadcrumbList\",\"@id\":\"https:\\\/\\\/diariodeloeste.com\\\/noticias\\\/2018\\\/08\\\/02\\\/ponen-fin-a-la-intervencion-de-luis-barrionuevo-y-reponen-a-jose-luis-gioja-como-jefe-del-pj\\\/#breadcrumb\",\"itemListElement\":[{\"@type\":\"ListItem\",\"position\":1,\"name\":\"Inicio\",\"item\":\"https:\\\/\\\/diariodeloeste.com\\\/noticias\\\/\"},{\"@type\":\"ListItem\",\"position\":2,\"name\":\"Ponen fin a la intervenci\u00f3n de Luis Barrionuevo y reponen a Jos\u00e9 Luis Gioja como jefe del PJ\"}]},{\"@type\":\"WebSite\",\"@id\":\"https:\\\/\\\/diariodeloeste.com\\\/noticias\\\/#website\",\"url\":\"https:\\\/\\\/diariodeloeste.com\\\/noticias\\\/\",\"name\":\"Diario del Oeste\",\"description\":\"Noticias del Oeste\",\"publisher\":{\"@id\":\"https:\\\/\\\/diariodeloeste.com\\\/noticias\\\/#organization\"},\"potentialAction\":[{\"@type\":\"SearchAction\",\"target\":{\"@type\":\"EntryPoint\",\"urlTemplate\":\"https:\\\/\\\/diariodeloeste.com\\\/noticias\\\/?s={search_term_string}\"},\"query-input\":{\"@type\":\"PropertyValueSpecification\",\"valueRequired\":true,\"valueName\":\"search_term_string\"}}],\"inLanguage\":\"es-AR\"},{\"@type\":\"Organization\",\"@id\":\"https:\\\/\\\/diariodeloeste.com\\\/noticias\\\/#organization\",\"name\":\"Diario del Oeste\",\"url\":\"https:\\\/\\\/diariodeloeste.com\\\/noticias\\\/\",\"logo\":{\"@type\":\"ImageObject\",\"inLanguage\":\"es-AR\",\"@id\":\"https:\\\/\\\/diariodeloeste.com\\\/noticias\\\/#\\\/schema\\\/logo\\\/image\\\/\",\"url\":\"https:\\\/\\\/diariodeloeste.com\\\/noticias\\\/wp-content\\\/uploads\\\/2019\\\/04\\\/logo.png\",\"contentUrl\":\"https:\\\/\\\/diariodeloeste.com\\\/noticias\\\/wp-content\\\/uploads\\\/2019\\\/04\\\/logo.png\",\"width\":306,\"height\":145,\"caption\":\"Diario del Oeste\"},\"image\":{\"@id\":\"https:\\\/\\\/diariodeloeste.com\\\/noticias\\\/#\\\/schema\\\/logo\\\/image\\\/\"}},{\"@type\":\"Person\",\"@id\":\"https:\\\/\\\/diariodeloeste.com\\\/noticias\\\/#\\\/schema\\\/person\\\/fe4f8b89d0c447922571265f616af325\",\"name\":\"admin\",\"image\":{\"@type\":\"ImageObject\",\"inLanguage\":\"es-AR\",\"@id\":\"https:\\\/\\\/secure.gravatar.com\\\/avatar\\\/c1dcbae4a1eda6214c7bc9115f54e8889dd662450ef0ab6cb929af1bf9054141?s=96&d=mm&r=g\",\"url\":\"https:\\\/\\\/secure.gravatar.com\\\/avatar\\\/c1dcbae4a1eda6214c7bc9115f54e8889dd662450ef0ab6cb929af1bf9054141?s=96&d=mm&r=g\",\"contentUrl\":\"https:\\\/\\\/secure.gravatar.com\\\/avatar\\\/c1dcbae4a1eda6214c7bc9115f54e8889dd662450ef0ab6cb929af1bf9054141?s=96&d=mm&r=g\",\"caption\":\"admin\"},\"url\":\"https:\\\/\\\/diariodeloeste.com\\\/noticias\\\/author\\\/admin\\\/\"}]}<\/script>\n<!-- \/ Yoast SEO plugin. -->","yoast_head_json":{"title":"Ponen fin a la intervenci\u00f3n de Luis Barrionuevo y reponen a Jos\u00e9 Luis Gioja como jefe del PJ - Diario del Oeste","robots":{"index":"index","follow":"follow","max-snippet":"max-snippet:-1","max-image-preview":"max-image-preview:large","max-video-preview":"max-video-preview:-1"},"canonical":"https:\/\/diariodeloeste.com\/noticias\/2018\/08\/02\/ponen-fin-a-la-intervencion-de-luis-barrionuevo-y-reponen-a-jose-luis-gioja-como-jefe-del-pj\/","og_locale":"es_ES","og_type":"article","og_title":"Ponen fin a la intervenci\u00f3n de Luis Barrionuevo y reponen a Jos\u00e9 Luis Gioja como jefe del PJ - Diario del Oeste","og_description":"La C\u00e1mara concluir\u00e1&nbsp;este jueves la gesti\u00f3n del barrionuevismo en el Consejo Nacional justicialista&nbsp;y repondr\u00e1 al dirigente sanjuanino. Por Walter Schmidt \/ Diario Clar\u00edn La C\u00e1mara Nacional Electoral (CNE) decidi\u00f3 rechazar&nbsp;la intervenci\u00f3n de Luis Barrionuevo como titular del Consejo Nacional Justicialista&nbsp;y devolver\u00e1 al cargo de jefe del PJ nacional al sanjuanino Jos\u00e9 Luis Gioja, cercano al [&hellip;]","og_url":"https:\/\/diariodeloeste.com\/noticias\/2018\/08\/02\/ponen-fin-a-la-intervencion-de-luis-barrionuevo-y-reponen-a-jose-luis-gioja-como-jefe-del-pj\/","og_site_name":"Diario del Oeste","article_published_time":"2018-08-02T11:23:29+00:00","og_image":[{"width":930,"height":525,"url":"https:\/\/diariodeloeste.com\/noticias\/wp-content\/uploads\/2018\/08\/BkP9yZnoG_930x525__1.jpg","type":"image\/jpeg"}],"author":"admin","twitter_card":"summary_large_image","twitter_misc":{"Escrito por":"admin","Tiempo de lectura":"2 minutos"},"schema":{"@context":"https:\/\/schema.org","@graph":[{"@type":"Article","@id":"https:\/\/diariodeloeste.com\/noticias\/2018\/08\/02\/ponen-fin-a-la-intervencion-de-luis-barrionuevo-y-reponen-a-jose-luis-gioja-como-jefe-del-pj\/#article","isPartOf":{"@id":"https:\/\/diariodeloeste.com\/noticias\/2018\/08\/02\/ponen-fin-a-la-intervencion-de-luis-barrionuevo-y-reponen-a-jose-luis-gioja-como-jefe-del-pj\/"},"author":{"name":"admin","@id":"https:\/\/diariodeloeste.com\/noticias\/#\/schema\/person\/fe4f8b89d0c447922571265f616af325"},"headline":"Ponen fin a la intervenci\u00f3n de Luis Barrionuevo y reponen a Jos\u00e9 Luis Gioja como jefe del PJ","datePublished":"2018-08-02T11:23:29+00:00","mainEntityOfPage":{"@id":"https:\/\/diariodeloeste.com\/noticias\/2018\/08\/02\/ponen-fin-a-la-intervencion-de-luis-barrionuevo-y-reponen-a-jose-luis-gioja-como-jefe-del-pj\/"},"wordCount":383,"publisher":{"@id":"https:\/\/diariodeloeste.com\/noticias\/#organization"},"image":{"@id":"https:\/\/diariodeloeste.com\/noticias\/2018\/08\/02\/ponen-fin-a-la-intervencion-de-luis-barrionuevo-y-reponen-a-jose-luis-gioja-como-jefe-del-pj\/#primaryimage"},"thumbnailUrl":"https:\/\/diariodeloeste.com\/noticias\/wp-content\/uploads\/2018\/08\/BkP9yZnoG_930x525__1.jpg","articleSection":["Pol\u00edtica","Titulares"],"inLanguage":"es-AR"},{"@type":"WebPage","@id":"https:\/\/diariodeloeste.com\/noticias\/2018\/08\/02\/ponen-fin-a-la-intervencion-de-luis-barrionuevo-y-reponen-a-jose-luis-gioja-como-jefe-del-pj\/","url":"https:\/\/diariodeloeste.com\/noticias\/2018\/08\/02\/ponen-fin-a-la-intervencion-de-luis-barrionuevo-y-reponen-a-jose-luis-gioja-como-jefe-del-pj\/","name":"Ponen fin a la intervenci\u00f3n de Luis Barrionuevo y reponen a Jos\u00e9 Luis Gioja como jefe del PJ - Diario del Oeste","isPartOf":{"@id":"https:\/\/diariodeloeste.com\/noticias\/#website"},"primaryImageOfPage":{"@id":"https:\/\/diariodeloeste.com\/noticias\/2018\/08\/02\/ponen-fin-a-la-intervencion-de-luis-barrionuevo-y-reponen-a-jose-luis-gioja-como-jefe-del-pj\/#primaryimage"},"image":{"@id":"https:\/\/diariodeloeste.com\/noticias\/2018\/08\/02\/ponen-fin-a-la-intervencion-de-luis-barrionuevo-y-reponen-a-jose-luis-gioja-como-jefe-del-pj\/#primaryimage"},"thumbnailUrl":"https:\/\/diariodeloeste.com\/noticias\/wp-content\/uploads\/2018\/08\/BkP9yZnoG_930x525__1.jpg","datePublished":"2018-08-02T11:23:29+00:00","breadcrumb":{"@id":"https:\/\/diariodeloeste.com\/noticias\/2018\/08\/02\/ponen-fin-a-la-intervencion-de-luis-barrionuevo-y-reponen-a-jose-luis-gioja-como-jefe-del-pj\/#breadcrumb"},"inLanguage":"es-AR","potentialAction":[{"@type":"ReadAction","target":["https:\/\/diariodeloeste.com\/noticias\/2018\/08\/02\/ponen-fin-a-la-intervencion-de-luis-barrionuevo-y-reponen-a-jose-luis-gioja-como-jefe-del-pj\/"]}]},{"@type":"ImageObject","inLanguage":"es-AR","@id":"https:\/\/diariodeloeste.com\/noticias\/2018\/08\/02\/ponen-fin-a-la-intervencion-de-luis-barrionuevo-y-reponen-a-jose-luis-gioja-como-jefe-del-pj\/#primaryimage","url":"https:\/\/diariodeloeste.com\/noticias\/wp-content\/uploads\/2018\/08\/BkP9yZnoG_930x525__1.jpg","contentUrl":"https:\/\/diariodeloeste.com\/noticias\/wp-content\/uploads\/2018\/08\/BkP9yZnoG_930x525__1.jpg","width":930,"height":525,"caption":"intervenci\u00f3n del Pj Jos\u00e9 Luis Gioja. Fotos Emmanuel Fernandez"},{"@type":"BreadcrumbList","@id":"https:\/\/diariodeloeste.com\/noticias\/2018\/08\/02\/ponen-fin-a-la-intervencion-de-luis-barrionuevo-y-reponen-a-jose-luis-gioja-como-jefe-del-pj\/#breadcrumb","itemListElement":[{"@type":"ListItem","position":1,"name":"Inicio","item":"https:\/\/diariodeloeste.com\/noticias\/"},{"@type":"ListItem","position":2,"name":"Ponen fin a la intervenci\u00f3n de Luis Barrionuevo y reponen a Jos\u00e9 Luis Gioja como jefe del PJ"}]},{"@type":"WebSite","@id":"https:\/\/diariodeloeste.com\/noticias\/#website","url":"https:\/\/diariodeloeste.com\/noticias\/","name":"Diario del Oeste","description":"Noticias del Oeste","publisher":{"@id":"https:\/\/diariodeloeste.com\/noticias\/#organization"},"potentialAction":[{"@type":"SearchAction","target":{"@type":"EntryPoint","urlTemplate":"https:\/\/diariodeloeste.com\/noticias\/?s={search_term_string}"},"query-input":{"@type":"PropertyValueSpecification","valueRequired":true,"valueName":"search_term_string"}}],"inLanguage":"es-AR"},{"@type":"Organization","@id":"https:\/\/diariodeloeste.com\/noticias\/#organization","name":"Diario del Oeste","url":"https:\/\/diariodeloeste.com\/noticias\/","logo":{"@type":"ImageObject","inLanguage":"es-AR","@id":"https:\/\/diariodeloeste.com\/noticias\/#\/schema\/logo\/image\/","url":"https:\/\/diariodeloeste.com\/noticias\/wp-content\/uploads\/2019\/04\/logo.png","contentUrl":"https:\/\/diariodeloeste.com\/noticias\/wp-content\/uploads\/2019\/04\/logo.png","width":306,"height":145,"caption":"Diario del Oeste"},"image":{"@id":"https:\/\/diariodeloeste.com\/noticias\/#\/schema\/logo\/image\/"}},{"@type":"Person","@id":"https:\/\/diariodeloeste.com\/noticias\/#\/schema\/person\/fe4f8b89d0c447922571265f616af325","name":"admin","image":{"@type":"ImageObject","inLanguage":"es-AR","@id":"https:\/\/secure.gravatar.com\/avatar\/c1dcbae4a1eda6214c7bc9115f54e8889dd662450ef0ab6cb929af1bf9054141?s=96&d=mm&r=g","url":"https:\/\/secure.gravatar.com\/avatar\/c1dcbae4a1eda6214c7bc9115f54e8889dd662450ef0ab6cb929af1bf9054141?s=96&d=mm&r=g","contentUrl":"https:\/\/secure.gravatar.com\/avatar\/c1dcbae4a1eda6214c7bc9115f54e8889dd662450ef0ab6cb929af1bf9054141?s=96&d=mm&r=g","caption":"admin"},"url":"https:\/\/diariodeloeste.com\/noticias\/author\/admin\/"}]}},"_links":{"self":[{"href":"https:\/\/diariodeloeste.com\/noticias\/wp-json\/wp\/v2\/posts\/1891","targetHints":{"allow":["GET"]}}],"collection":[{"href":"https:\/\/diariodeloeste.com\/noticias\/wp-json\/wp\/v2\/posts"}],"about":[{"href":"https:\/\/diariodeloeste.com\/noticias\/wp-json\/wp\/v2\/types\/post"}],"author":[{"embeddable":true,"href":"https:\/\/diariodeloeste.com\/noticias\/wp-json\/wp\/v2\/users\/1"}],"replies":[{"embeddable":true,"href":"https:\/\/diariodeloeste.com\/noticias\/wp-json\/wp\/v2\/comments?post=1891"}],"version-history":[{"count":1,"href":"https:\/\/diariodeloeste.com\/noticias\/wp-json\/wp\/v2\/posts\/1891\/revisions"}],"predecessor-version":[{"id":1893,"href":"https:\/\/diariodeloeste.com\/noticias\/wp-json\/wp\/v2\/posts\/1891\/revisions\/1893"}],"wp:featuredmedia":[{"embeddable":true,"href":"https:\/\/diariodeloeste.com\/noticias\/wp-json\/wp\/v2\/media\/1892"}],"wp:attachment":[{"href":"https:\/\/diariodeloeste.com\/noticias\/wp-json\/wp\/v2\/media?parent=1891"}],"wp:term":[{"taxonomy":"category","embeddable":true,"href":"https:\/\/diariodeloeste.com\/noticias\/wp-json\/wp\/v2\/categories?post=1891"},{"taxonomy":"post_tag","embeddable":true,"href":"https:\/\/diariodeloeste.com\/noticias\/wp-json\/wp\/v2\/tags?post=1891"}],"curies":[{"name":"wp","href":"https:\/\/api.w.org\/{rel}","templated":true}]}}