{"id":1852,"date":"2018-07-30T11:09:42","date_gmt":"2018-07-30T11:09:42","guid":{"rendered":"https:\/\/diariodeloeste.com\/noticias\/?p=1852"},"modified":"2018-07-30T11:09:42","modified_gmt":"2018-07-30T11:09:42","slug":"concejales-oficialistas-repudiaran-a-luis-delia","status":"publish","type":"post","link":"https:\/\/diariodeloeste.com\/noticias\/2018\/07\/30\/concejales-oficialistas-repudiaran-a-luis-delia\/","title":{"rendered":"Concejales oficialistas repudiar\u00e1n a Luis D&#8217;El\u00eda"},"content":{"rendered":"<div class=\"bajada-int\">En todos los concejos deliberantes de la provincia de Buenos Aires, ediles de Cambiemos presentar\u00e1n proyectos de resoluci\u00f3n.<\/div>\n<div class=\"clear\">&nbsp;<\/div>\n<div id=\"texto-int\" class=\"texto-int\">En pol\u00edtica, hay silencios t\u00e1cticos. Es el que en esta coyuntura se le atribuye al l\u00edder del Frente Renovador, Sergio Massa, al que casi no se le conocen casi declaraciones y solo trascienden sus acciones. O mejor dicho, sus reuniones. Piensa que lo favorece m\u00e1s el misterio sobre su futuro accionar pol\u00edtico en un peronismo que busca reconstruirse. El otro ejemplo m\u00e1s notorio es el de la expresidenta Cristina Fern\u00e1ndez de Kirchner, que mantiene un \u201csonoro\u201d silencio que inici\u00f3 justamente cuando arranc\u00f3 la crisis cambiaria. Ah\u00ed se llam\u00f3 a silencio y desde entonces no hizo m\u00e1s que mejorar en las encuestas, conforme el gobierno experimentaba una reacci\u00f3n inversamente proporcional.<\/p>\n<p>No est\u00e1 probado el beneficio absoluto y perdurable de esos silencios, pero s\u00ed se sabe que hay declaraciones que decididamente terminan jugando en contra. El gobierno tiene sus exponentes, pero el kirchnerismo en particular cuenta con referentes que lo hunden cuando abren la boca.<\/p>\n<p>Luis D&#8217;El\u00eda hizo lo suyo la semana pasada, cuando expres\u00f3 p\u00fablicamente su sincero deseo de que el presidente Mauricio Macri sea fusilado en la Plaza de Mayo. Semejantes expresiones son celebradas como un gol en el oficialismo, pues generan espanto en la ciudadan\u00eda racional que \u201cde vez en cuando necesita que le recuerden de d\u00f3nde venimos\u201d, tales las palabras de un funcionario ante este medio.<\/p>\n<p>Varias voces del oficialismo salieron a cuestionar al exdirigente piquetero, y ayer el propio Presidente de la Naci\u00f3n aludi\u00f3 a esas expresiones, de manera el\u00edptica y sin nombrarlo.<\/p>\n<p>Hoy multiplicar\u00e1n ese repudio a trav\u00e9s de los concejos deliberantes de la provincia de Buenos Aires, donde los ediles de Cambiemos presentar\u00e1n proyectos de resoluci\u00f3n en los que expresar\u00e1n su repudio a las expresiones vertidas por Luis D&#8217;El\u00eda. Seg\u00fan el texto de esos proyectos a los que accedi\u00f3&nbsp;<strong>parlamentario.com<\/strong>, \u201cpor la gravedad de estos dichos y en defensa de la investidura presidencial repudiamos estas manifestaciones que afectan gravemente el orden p\u00fablico y la paz social, en detrimento de los principios republicanos y democr\u00e1ticos que orientan la organizaci\u00f3n institucional de la Naci\u00f3n\u201d.<\/p>\n<p>\u201cHechos de esta naturaleza son inadmisibles en un pa\u00eds democr\u00e1tico e impiden la construcci\u00f3n y el di\u00e1logo necesario que nos permite crecer como sociedad\u201d, manifiestan los concejales bonaerenses de Cambiemos.<\/p>\n<p>La semana pasada, el kirchnerismo hizo una movida en el mismo sentido en los concejos deliberantes, presentando pedidos de informes sobre aportantes truchos del oficialismo. Ahora Cambiemos recoge el guante.<\/p><\/div>\n<script>function PlayerjsAsync(){} if(window[\"Playerjs\"]){PlayerjsAsync();}<\/script>","protected":false},"excerpt":{"rendered":"<p>En todos los concejos deliberantes de la provincia de Buenos Aires, ediles de Cambiemos presentar\u00e1n proyectos de resoluci\u00f3n. &nbsp; En pol\u00edtica, hay silencios t\u00e1cticos. Es el que en esta coyuntura se le atribuye al l\u00edder del Frente Renovador, Sergio Massa, al que casi no se le conocen casi declaraciones y solo trascienden sus acciones. O [&hellip;]<\/p>\n","protected":false},"author":1,"featured_media":1853,"comment_status":"closed","ping_status":"closed","sticky":false,"template":"","format":"standard","meta":{"content-type":"","footnotes":""},"categories":[4,9],"tags":[],"class_list":{"0":"post-1852","1":"post","2":"type-post","3":"status-publish","4":"format-standard","5":"has-post-thumbnail","7":"category-politica","8":"category-titulares"},"yoast_head":"<!-- This site is optimized with the Yoast SEO plugin v27.4 - https:\/\/yoast.com\/product\/yoast-seo-wordpress\/ -->\n<title>Concejales oficialistas repudiar\u00e1n a Luis D&#039;El\u00eda - Diario del Oeste<\/title>\n<meta name=\"robots\" content=\"index, follow, max-snippet:-1, max-image-preview:large, max-video-preview:-1\" \/>\n<link rel=\"canonical\" href=\"https:\/\/diariodeloeste.com\/noticias\/2018\/07\/30\/concejales-oficialistas-repudiaran-a-luis-delia\/\" \/>\n<meta property=\"og:locale\" content=\"es_ES\" \/>\n<meta property=\"og:type\" content=\"article\" \/>\n<meta property=\"og:title\" content=\"Concejales oficialistas repudiar\u00e1n a Luis D&#039;El\u00eda - Diario del Oeste\" \/>\n<meta property=\"og:description\" content=\"En todos los concejos deliberantes de la provincia de Buenos Aires, ediles de Cambiemos presentar\u00e1n proyectos de resoluci\u00f3n. &nbsp; En pol\u00edtica, hay silencios t\u00e1cticos. Es el que en esta coyuntura se le atribuye al l\u00edder del Frente Renovador, Sergio Massa, al que casi no se le conocen casi declaraciones y solo trascienden sus acciones. O [&hellip;]\" \/>\n<meta property=\"og:url\" content=\"https:\/\/diariodeloeste.com\/noticias\/2018\/07\/30\/concejales-oficialistas-repudiaran-a-luis-delia\/\" \/>\n<meta property=\"og:site_name\" content=\"Diario del Oeste\" \/>\n<meta property=\"article:published_time\" content=\"2018-07-30T11:09:42+00:00\" \/>\n<meta property=\"og:image\" content=\"https:\/\/diariodeloeste.com\/noticias\/wp-content\/uploads\/2018\/07\/Luis-delia-1.jpg\" \/>\n\t<meta property=\"og:image:width\" content=\"487\" \/>\n\t<meta property=\"og:image:height\" content=\"273\" \/>\n\t<meta property=\"og:image:type\" content=\"image\/jpeg\" \/>\n<meta name=\"author\" content=\"admin\" \/>\n<meta name=\"twitter:card\" content=\"summary_large_image\" \/>\n<meta name=\"twitter:label1\" content=\"Escrito por\" \/>\n\t<meta name=\"twitter:data1\" content=\"admin\" \/>\n\t<meta name=\"twitter:label2\" content=\"Tiempo de lectura\" \/>\n\t<meta name=\"twitter:data2\" content=\"2 minutos\" \/>\n<script type=\"application\/ld+json\" class=\"yoast-schema-graph\">{\"@context\":\"https:\\\/\\\/schema.org\",\"@graph\":[{\"@type\":\"Article\",\"@id\":\"https:\\\/\\\/diariodeloeste.com\\\/noticias\\\/2018\\\/07\\\/30\\\/concejales-oficialistas-repudiaran-a-luis-delia\\\/#article\",\"isPartOf\":{\"@id\":\"https:\\\/\\\/diariodeloeste.com\\\/noticias\\\/2018\\\/07\\\/30\\\/concejales-oficialistas-repudiaran-a-luis-delia\\\/\"},\"author\":{\"name\":\"admin\",\"@id\":\"https:\\\/\\\/diariodeloeste.com\\\/noticias\\\/#\\\/schema\\\/person\\\/fe4f8b89d0c447922571265f616af325\"},\"headline\":\"Concejales oficialistas repudiar\u00e1n a Luis D&#8217;El\u00eda\",\"datePublished\":\"2018-07-30T11:09:42+00:00\",\"mainEntityOfPage\":{\"@id\":\"https:\\\/\\\/diariodeloeste.com\\\/noticias\\\/2018\\\/07\\\/30\\\/concejales-oficialistas-repudiaran-a-luis-delia\\\/\"},\"wordCount\":461,\"publisher\":{\"@id\":\"https:\\\/\\\/diariodeloeste.com\\\/noticias\\\/#organization\"},\"image\":{\"@id\":\"https:\\\/\\\/diariodeloeste.com\\\/noticias\\\/2018\\\/07\\\/30\\\/concejales-oficialistas-repudiaran-a-luis-delia\\\/#primaryimage\"},\"thumbnailUrl\":\"https:\\\/\\\/diariodeloeste.com\\\/noticias\\\/wp-content\\\/uploads\\\/2018\\\/07\\\/Luis-delia-1.jpg\",\"articleSection\":[\"Pol\u00edtica\",\"Titulares\"],\"inLanguage\":\"es-AR\"},{\"@type\":\"WebPage\",\"@id\":\"https:\\\/\\\/diariodeloeste.com\\\/noticias\\\/2018\\\/07\\\/30\\\/concejales-oficialistas-repudiaran-a-luis-delia\\\/\",\"url\":\"https:\\\/\\\/diariodeloeste.com\\\/noticias\\\/2018\\\/07\\\/30\\\/concejales-oficialistas-repudiaran-a-luis-delia\\\/\",\"name\":\"Concejales oficialistas repudiar\u00e1n a Luis D'El\u00eda - Diario del Oeste\",\"isPartOf\":{\"@id\":\"https:\\\/\\\/diariodeloeste.com\\\/noticias\\\/#website\"},\"primaryImageOfPage\":{\"@id\":\"https:\\\/\\\/diariodeloeste.com\\\/noticias\\\/2018\\\/07\\\/30\\\/concejales-oficialistas-repudiaran-a-luis-delia\\\/#primaryimage\"},\"image\":{\"@id\":\"https:\\\/\\\/diariodeloeste.com\\\/noticias\\\/2018\\\/07\\\/30\\\/concejales-oficialistas-repudiaran-a-luis-delia\\\/#primaryimage\"},\"thumbnailUrl\":\"https:\\\/\\\/diariodeloeste.com\\\/noticias\\\/wp-content\\\/uploads\\\/2018\\\/07\\\/Luis-delia-1.jpg\",\"datePublished\":\"2018-07-30T11:09:42+00:00\",\"breadcrumb\":{\"@id\":\"https:\\\/\\\/diariodeloeste.com\\\/noticias\\\/2018\\\/07\\\/30\\\/concejales-oficialistas-repudiaran-a-luis-delia\\\/#breadcrumb\"},\"inLanguage\":\"es-AR\",\"potentialAction\":[{\"@type\":\"ReadAction\",\"target\":[\"https:\\\/\\\/diariodeloeste.com\\\/noticias\\\/2018\\\/07\\\/30\\\/concejales-oficialistas-repudiaran-a-luis-delia\\\/\"]}]},{\"@type\":\"ImageObject\",\"inLanguage\":\"es-AR\",\"@id\":\"https:\\\/\\\/diariodeloeste.com\\\/noticias\\\/2018\\\/07\\\/30\\\/concejales-oficialistas-repudiaran-a-luis-delia\\\/#primaryimage\",\"url\":\"https:\\\/\\\/diariodeloeste.com\\\/noticias\\\/wp-content\\\/uploads\\\/2018\\\/07\\\/Luis-delia-1.jpg\",\"contentUrl\":\"https:\\\/\\\/diariodeloeste.com\\\/noticias\\\/wp-content\\\/uploads\\\/2018\\\/07\\\/Luis-delia-1.jpg\",\"width\":487,\"height\":273},{\"@type\":\"BreadcrumbList\",\"@id\":\"https:\\\/\\\/diariodeloeste.com\\\/noticias\\\/2018\\\/07\\\/30\\\/concejales-oficialistas-repudiaran-a-luis-delia\\\/#breadcrumb\",\"itemListElement\":[{\"@type\":\"ListItem\",\"position\":1,\"name\":\"Inicio\",\"item\":\"https:\\\/\\\/diariodeloeste.com\\\/noticias\\\/\"},{\"@type\":\"ListItem\",\"position\":2,\"name\":\"Concejales oficialistas repudiar\u00e1n a Luis D&#8217;El\u00eda\"}]},{\"@type\":\"WebSite\",\"@id\":\"https:\\\/\\\/diariodeloeste.com\\\/noticias\\\/#website\",\"url\":\"https:\\\/\\\/diariodeloeste.com\\\/noticias\\\/\",\"name\":\"Diario del Oeste\",\"description\":\"Noticias del Oeste\",\"publisher\":{\"@id\":\"https:\\\/\\\/diariodeloeste.com\\\/noticias\\\/#organization\"},\"potentialAction\":[{\"@type\":\"SearchAction\",\"target\":{\"@type\":\"EntryPoint\",\"urlTemplate\":\"https:\\\/\\\/diariodeloeste.com\\\/noticias\\\/?s={search_term_string}\"},\"query-input\":{\"@type\":\"PropertyValueSpecification\",\"valueRequired\":true,\"valueName\":\"search_term_string\"}}],\"inLanguage\":\"es-AR\"},{\"@type\":\"Organization\",\"@id\":\"https:\\\/\\\/diariodeloeste.com\\\/noticias\\\/#organization\",\"name\":\"Diario del Oeste\",\"url\":\"https:\\\/\\\/diariodeloeste.com\\\/noticias\\\/\",\"logo\":{\"@type\":\"ImageObject\",\"inLanguage\":\"es-AR\",\"@id\":\"https:\\\/\\\/diariodeloeste.com\\\/noticias\\\/#\\\/schema\\\/logo\\\/image\\\/\",\"url\":\"https:\\\/\\\/diariodeloeste.com\\\/noticias\\\/wp-content\\\/uploads\\\/2019\\\/04\\\/logo.png\",\"contentUrl\":\"https:\\\/\\\/diariodeloeste.com\\\/noticias\\\/wp-content\\\/uploads\\\/2019\\\/04\\\/logo.png\",\"width\":306,\"height\":145,\"caption\":\"Diario del Oeste\"},\"image\":{\"@id\":\"https:\\\/\\\/diariodeloeste.com\\\/noticias\\\/#\\\/schema\\\/logo\\\/image\\\/\"}},{\"@type\":\"Person\",\"@id\":\"https:\\\/\\\/diariodeloeste.com\\\/noticias\\\/#\\\/schema\\\/person\\\/fe4f8b89d0c447922571265f616af325\",\"name\":\"admin\",\"image\":{\"@type\":\"ImageObject\",\"inLanguage\":\"es-AR\",\"@id\":\"https:\\\/\\\/secure.gravatar.com\\\/avatar\\\/c1dcbae4a1eda6214c7bc9115f54e8889dd662450ef0ab6cb929af1bf9054141?s=96&d=mm&r=g\",\"url\":\"https:\\\/\\\/secure.gravatar.com\\\/avatar\\\/c1dcbae4a1eda6214c7bc9115f54e8889dd662450ef0ab6cb929af1bf9054141?s=96&d=mm&r=g\",\"contentUrl\":\"https:\\\/\\\/secure.gravatar.com\\\/avatar\\\/c1dcbae4a1eda6214c7bc9115f54e8889dd662450ef0ab6cb929af1bf9054141?s=96&d=mm&r=g\",\"caption\":\"admin\"},\"url\":\"https:\\\/\\\/diariodeloeste.com\\\/noticias\\\/author\\\/admin\\\/\"}]}<\/script>\n<!-- \/ Yoast SEO plugin. -->","yoast_head_json":{"title":"Concejales oficialistas repudiar\u00e1n a Luis D'El\u00eda - Diario del Oeste","robots":{"index":"index","follow":"follow","max-snippet":"max-snippet:-1","max-image-preview":"max-image-preview:large","max-video-preview":"max-video-preview:-1"},"canonical":"https:\/\/diariodeloeste.com\/noticias\/2018\/07\/30\/concejales-oficialistas-repudiaran-a-luis-delia\/","og_locale":"es_ES","og_type":"article","og_title":"Concejales oficialistas repudiar\u00e1n a Luis D'El\u00eda - Diario del Oeste","og_description":"En todos los concejos deliberantes de la provincia de Buenos Aires, ediles de Cambiemos presentar\u00e1n proyectos de resoluci\u00f3n. &nbsp; En pol\u00edtica, hay silencios t\u00e1cticos. Es el que en esta coyuntura se le atribuye al l\u00edder del Frente Renovador, Sergio Massa, al que casi no se le conocen casi declaraciones y solo trascienden sus acciones. O [&hellip;]","og_url":"https:\/\/diariodeloeste.com\/noticias\/2018\/07\/30\/concejales-oficialistas-repudiaran-a-luis-delia\/","og_site_name":"Diario del Oeste","article_published_time":"2018-07-30T11:09:42+00:00","og_image":[{"width":487,"height":273,"url":"https:\/\/diariodeloeste.com\/noticias\/wp-content\/uploads\/2018\/07\/Luis-delia-1.jpg","type":"image\/jpeg"}],"author":"admin","twitter_card":"summary_large_image","twitter_misc":{"Escrito por":"admin","Tiempo de lectura":"2 minutos"},"schema":{"@context":"https:\/\/schema.org","@graph":[{"@type":"Article","@id":"https:\/\/diariodeloeste.com\/noticias\/2018\/07\/30\/concejales-oficialistas-repudiaran-a-luis-delia\/#article","isPartOf":{"@id":"https:\/\/diariodeloeste.com\/noticias\/2018\/07\/30\/concejales-oficialistas-repudiaran-a-luis-delia\/"},"author":{"name":"admin","@id":"https:\/\/diariodeloeste.com\/noticias\/#\/schema\/person\/fe4f8b89d0c447922571265f616af325"},"headline":"Concejales oficialistas repudiar\u00e1n a Luis D&#8217;El\u00eda","datePublished":"2018-07-30T11:09:42+00:00","mainEntityOfPage":{"@id":"https:\/\/diariodeloeste.com\/noticias\/2018\/07\/30\/concejales-oficialistas-repudiaran-a-luis-delia\/"},"wordCount":461,"publisher":{"@id":"https:\/\/diariodeloeste.com\/noticias\/#organization"},"image":{"@id":"https:\/\/diariodeloeste.com\/noticias\/2018\/07\/30\/concejales-oficialistas-repudiaran-a-luis-delia\/#primaryimage"},"thumbnailUrl":"https:\/\/diariodeloeste.com\/noticias\/wp-content\/uploads\/2018\/07\/Luis-delia-1.jpg","articleSection":["Pol\u00edtica","Titulares"],"inLanguage":"es-AR"},{"@type":"WebPage","@id":"https:\/\/diariodeloeste.com\/noticias\/2018\/07\/30\/concejales-oficialistas-repudiaran-a-luis-delia\/","url":"https:\/\/diariodeloeste.com\/noticias\/2018\/07\/30\/concejales-oficialistas-repudiaran-a-luis-delia\/","name":"Concejales oficialistas repudiar\u00e1n a Luis D'El\u00eda - Diario del Oeste","isPartOf":{"@id":"https:\/\/diariodeloeste.com\/noticias\/#website"},"primaryImageOfPage":{"@id":"https:\/\/diariodeloeste.com\/noticias\/2018\/07\/30\/concejales-oficialistas-repudiaran-a-luis-delia\/#primaryimage"},"image":{"@id":"https:\/\/diariodeloeste.com\/noticias\/2018\/07\/30\/concejales-oficialistas-repudiaran-a-luis-delia\/#primaryimage"},"thumbnailUrl":"https:\/\/diariodeloeste.com\/noticias\/wp-content\/uploads\/2018\/07\/Luis-delia-1.jpg","datePublished":"2018-07-30T11:09:42+00:00","breadcrumb":{"@id":"https:\/\/diariodeloeste.com\/noticias\/2018\/07\/30\/concejales-oficialistas-repudiaran-a-luis-delia\/#breadcrumb"},"inLanguage":"es-AR","potentialAction":[{"@type":"ReadAction","target":["https:\/\/diariodeloeste.com\/noticias\/2018\/07\/30\/concejales-oficialistas-repudiaran-a-luis-delia\/"]}]},{"@type":"ImageObject","inLanguage":"es-AR","@id":"https:\/\/diariodeloeste.com\/noticias\/2018\/07\/30\/concejales-oficialistas-repudiaran-a-luis-delia\/#primaryimage","url":"https:\/\/diariodeloeste.com\/noticias\/wp-content\/uploads\/2018\/07\/Luis-delia-1.jpg","contentUrl":"https:\/\/diariodeloeste.com\/noticias\/wp-content\/uploads\/2018\/07\/Luis-delia-1.jpg","width":487,"height":273},{"@type":"BreadcrumbList","@id":"https:\/\/diariodeloeste.com\/noticias\/2018\/07\/30\/concejales-oficialistas-repudiaran-a-luis-delia\/#breadcrumb","itemListElement":[{"@type":"ListItem","position":1,"name":"Inicio","item":"https:\/\/diariodeloeste.com\/noticias\/"},{"@type":"ListItem","position":2,"name":"Concejales oficialistas repudiar\u00e1n a Luis D&#8217;El\u00eda"}]},{"@type":"WebSite","@id":"https:\/\/diariodeloeste.com\/noticias\/#website","url":"https:\/\/diariodeloeste.com\/noticias\/","name":"Diario del Oeste","description":"Noticias del Oeste","publisher":{"@id":"https:\/\/diariodeloeste.com\/noticias\/#organization"},"potentialAction":[{"@type":"SearchAction","target":{"@type":"EntryPoint","urlTemplate":"https:\/\/diariodeloeste.com\/noticias\/?s={search_term_string}"},"query-input":{"@type":"PropertyValueSpecification","valueRequired":true,"valueName":"search_term_string"}}],"inLanguage":"es-AR"},{"@type":"Organization","@id":"https:\/\/diariodeloeste.com\/noticias\/#organization","name":"Diario del Oeste","url":"https:\/\/diariodeloeste.com\/noticias\/","logo":{"@type":"ImageObject","inLanguage":"es-AR","@id":"https:\/\/diariodeloeste.com\/noticias\/#\/schema\/logo\/image\/","url":"https:\/\/diariodeloeste.com\/noticias\/wp-content\/uploads\/2019\/04\/logo.png","contentUrl":"https:\/\/diariodeloeste.com\/noticias\/wp-content\/uploads\/2019\/04\/logo.png","width":306,"height":145,"caption":"Diario del Oeste"},"image":{"@id":"https:\/\/diariodeloeste.com\/noticias\/#\/schema\/logo\/image\/"}},{"@type":"Person","@id":"https:\/\/diariodeloeste.com\/noticias\/#\/schema\/person\/fe4f8b89d0c447922571265f616af325","name":"admin","image":{"@type":"ImageObject","inLanguage":"es-AR","@id":"https:\/\/secure.gravatar.com\/avatar\/c1dcbae4a1eda6214c7bc9115f54e8889dd662450ef0ab6cb929af1bf9054141?s=96&d=mm&r=g","url":"https:\/\/secure.gravatar.com\/avatar\/c1dcbae4a1eda6214c7bc9115f54e8889dd662450ef0ab6cb929af1bf9054141?s=96&d=mm&r=g","contentUrl":"https:\/\/secure.gravatar.com\/avatar\/c1dcbae4a1eda6214c7bc9115f54e8889dd662450ef0ab6cb929af1bf9054141?s=96&d=mm&r=g","caption":"admin"},"url":"https:\/\/diariodeloeste.com\/noticias\/author\/admin\/"}]}},"_links":{"self":[{"href":"https:\/\/diariodeloeste.com\/noticias\/wp-json\/wp\/v2\/posts\/1852","targetHints":{"allow":["GET"]}}],"collection":[{"href":"https:\/\/diariodeloeste.com\/noticias\/wp-json\/wp\/v2\/posts"}],"about":[{"href":"https:\/\/diariodeloeste.com\/noticias\/wp-json\/wp\/v2\/types\/post"}],"author":[{"embeddable":true,"href":"https:\/\/diariodeloeste.com\/noticias\/wp-json\/wp\/v2\/users\/1"}],"replies":[{"embeddable":true,"href":"https:\/\/diariodeloeste.com\/noticias\/wp-json\/wp\/v2\/comments?post=1852"}],"version-history":[{"count":1,"href":"https:\/\/diariodeloeste.com\/noticias\/wp-json\/wp\/v2\/posts\/1852\/revisions"}],"predecessor-version":[{"id":1854,"href":"https:\/\/diariodeloeste.com\/noticias\/wp-json\/wp\/v2\/posts\/1852\/revisions\/1854"}],"wp:featuredmedia":[{"embeddable":true,"href":"https:\/\/diariodeloeste.com\/noticias\/wp-json\/wp\/v2\/media\/1853"}],"wp:attachment":[{"href":"https:\/\/diariodeloeste.com\/noticias\/wp-json\/wp\/v2\/media?parent=1852"}],"wp:term":[{"taxonomy":"category","embeddable":true,"href":"https:\/\/diariodeloeste.com\/noticias\/wp-json\/wp\/v2\/categories?post=1852"},{"taxonomy":"post_tag","embeddable":true,"href":"https:\/\/diariodeloeste.com\/noticias\/wp-json\/wp\/v2\/tags?post=1852"}],"curies":[{"name":"wp","href":"https:\/\/api.w.org\/{rel}","templated":true}]}}