{"id":1843,"date":"2018-07-27T18:34:58","date_gmt":"2018-07-27T18:34:58","guid":{"rendered":"https:\/\/diariodeloeste.com\/noticias\/?p=1843"},"modified":"2018-07-27T18:34:58","modified_gmt":"2018-07-27T18:34:58","slug":"cambiemos-producto-de-las-encuestas-en-malvinas-argentinas-ya-empiezan-las-chicanas-y-algunos-a-mostrar-la-hilacha","status":"publish","type":"post","link":"https:\/\/diariodeloeste.com\/noticias\/2018\/07\/27\/cambiemos-producto-de-las-encuestas-en-malvinas-argentinas-ya-empiezan-las-chicanas-y-algunos-a-mostrar-la-hilacha\/","title":{"rendered":"Cambiemos: Producto de las encuestas en Malvinas Argentinas, ya empiezan las chicanas y algunos a mostrar la hilacha"},"content":{"rendered":"<p><strong>Luego de las declaraciones del Concejal malvinense, N\u00e9stor Marcote, y las respuestas por Twitter desde el cariglinismo, comenz\u00f3 a bifurcarse la interna en Cambiemos en Malvinas Argentinas y asoma la figura de Marcote como parte de la renovaci\u00f3n contra la &#8220;vieja pol\u00edtica&#8221;.<\/strong><\/p>\n<p><img loading=\"lazy\" loading=\"lazy\" decoding=\"async\" class=\"aligncenter size-full wp-image-1844\" src=\"https:\/\/diariodeloeste.com\/noticias\/wp-content\/uploads\/2018\/07\/marcote.cariglino.jpg\" alt=\"marcote.cariglino\" width=\"1280\" height=\"720\" srcset=\"https:\/\/diariodeloeste.com\/noticias\/wp-content\/uploads\/2018\/07\/marcote.cariglino.jpg 1280w, https:\/\/diariodeloeste.com\/noticias\/wp-content\/uploads\/2018\/07\/marcote.cariglino-300x169.jpg 300w, https:\/\/diariodeloeste.com\/noticias\/wp-content\/uploads\/2018\/07\/marcote.cariglino-768x432.jpg 768w, https:\/\/diariodeloeste.com\/noticias\/wp-content\/uploads\/2018\/07\/marcote.cariglino-1024x576.jpg 1024w\" sizes=\"auto, (max-width: 1280px) 100vw, 1280px\" \/><\/p>\n<p>En la interna de Cambiemos de Malvinas Argentinas, comenzaron los primeros piedrazos de aquellos que sienten el crecimiento del Concejal Nest\u00f3r Marcote. El temperamental edil creci\u00f3 en los muestreos de las consultoras que miden para la gesti\u00f3n de la Provincia de Buenos Aires. Los consultores dan cuenta de la aceptaci\u00f3n y del conocimiento que el Concejal malvinense empieza a desplegar en los barrios del distrito.<\/p>\n<p>Marcote cambi\u00f3 su estrategia: antes, iba al cruce de los dichos que subestimaban su trabajo en el recinto lo que le permiti\u00f3 tener reconocimiento por parte de todo el arco de sus pares. Si bien, en una entrevista en &#8220;Aqui No Ha Pasado Nada&#8221; en AM 1540, \u00e9l declar\u00f3 que en estos dos \u00faltimos a\u00f1os estuvo &#8220;en una posici\u00f3n m\u00e1s solitaria&#8221;, el Concejal expres\u00f3 que tiene &#8220;el orgullo de representar una voz opositora&#8221; en el distrito y asumi\u00f3 el compromiso: &#8220;Tenemos que trabajar para el vecino&#8221;.<\/p>\n<p>En este sentido, N\u00e9stor Marcote se opuso a la pol\u00edtica cariglinista y fue contundente: &#8220;Jes\u00fas Cariglino es un oportunista&#8221;. De hecho, explic\u00f3 por qu\u00e9 es considerado de esa forma, calific\u00e1ndolo de radical, menemista, duhalidista, kirchnerista, cristinista, massista y &#8220;posiblemente termine siendo trotskista&#8221;, de acuerdo a la circunstancia pol\u00edtica. Pero el momento que abri\u00f3 el debate en la red social Twitter fue cuando expuso ante los micr\u00f3fonos sobre el ex Intendente: &#8220;Estuvo preso porque cometi\u00f3 delitos en su gesti\u00f3n&#8221;.<\/p>\n<p>A partir de tal afirmaci\u00f3n, el abogado, Concejal malvinense y sobrino de quien fuera mandatario del distrito, Maximiliano Cariglino respondi\u00f3 con el siguiente twitt:<\/p>\n<p><img decoding=\"async\" src=\"http:\/\/www.diarioplus.com.ar\/contenido\/wp-content\/uploads\/2018\/07\/1.png\"><\/p>\n<p>&nbsp;<\/p>\n<p>Luego de la entrevista en el programa radial, Marcote le contest\u00f3 y desestim\u00f3 el lema &#8220;Jes\u00fas Cariglino 2019&#8221;, as\u00ed como tambi\u00e9n declar\u00f3 que no se siente compa\u00f1ero de Maximiliano en Cambiemos:<\/p>\n<p><img loading=\"lazy\" loading=\"lazy\" decoding=\"async\" class=\"aligncenter size-full wp-image-17751\" src=\"http:\/\/www.diarioplus.com.ar\/contenido\/wp-content\/uploads\/2018\/07\/2.png\" alt=\"\" width=\"595\" height=\"344\"><\/p>\n<p>Durante los minutos que brind\u00f3 declaraciones en los medios, el Concejal N\u00e9stor Marcote asegur\u00f3 que Jes\u00fas Cariglino representa a &#8220;la vieja pol\u00edtica&#8221; y el fuerte descenso de votos en t\u00e9rminos porcentuales de las elecciones de 2015 a las de 2017 refleja, de acuerdo a lo expuesto por el entrevistado, la conciencia de los vecinos sobre sus representantes.<\/p>\n<p>Sobre el futuro pr\u00f3ximo en lo pol\u00edtico, Marcote se refiri\u00f3 a su tarea como Concejal: &#8220;Lo hago con toda la responsabilidad del mundo&#8221;. &#8220;Durante dos a\u00f1os, fui la \u00fanica voz de Cambiemos en Malvinas&#8221;, explic\u00f3 y dej\u00f3 la puerta abierta para su candidatura a Intendente en 2019: &#8220;Trabajo permanentemente para ser el candidato&#8221;.<\/p>\n<p>Aunque la discusi\u00f3n no qued\u00f3 ah\u00ed. En el mismo hilo del twitt que gener\u00f3 discrepancias, le preguntaron a Marcote si ya ha ganado alguna elecci\u00f3n:<\/p>\n<p><img decoding=\"async\" src=\"http:\/\/www.diarioplus.com.ar\/contenido\/wp-content\/uploads\/2018\/07\/3.png\"><\/p>\n<p>Cabe destacar que Juan Cruz Cariglino, hijo de Roque, se sum\u00f3 t\u00e1citamente a la discusi\u00f3n con un &#8220;me gusta&#8221; al twitt citado. Ante el cuestionamiento por parte del usuario, el Concejal malvinense apel\u00f3 al sentido com\u00fan y sentenci\u00f3:<\/p>\n<p><img decoding=\"async\" src=\"http:\/\/www.diarioplus.com.ar\/contenido\/wp-content\/uploads\/2018\/07\/4.png\"><\/p>\n<p>Las declaraciones de N\u00e9stor Marcote y la oposici\u00f3n a Maximiliano Cariglino reabri\u00f3 la interna en Cambiemos en Malvinas Argentinas y separ\u00f3 los tantos entre la renovaci\u00f3n, por un lado, y la vieja pol\u00edtica, por el otro. Con vistas al 2019, sin perder de vista el trabajo para los vecinos de su partido, comienza la carrera para hacer frente contra el partido del oficialismo municipal de Leo Nardini.<\/p>\n<p>Mir\u00e1 la entrevista a N\u00e9stor Marcote en &#8220;Aqu\u00ed No Ha Pasado Nada&#8221; por AM 1540:<\/p>\n<p><iframe loading=\"lazy\" title=\"Entrevista al concejal de Cambiemos en Aqu\u00ed No Ha Pasado Nada\" width=\"1170\" height=\"658\" src=\"https:\/\/www.youtube.com\/embed\/p4uv9VTRT4E?feature=oembed\" frameborder=\"0\" allow=\"accelerometer; autoplay; clipboard-write; encrypted-media; gyroscope; picture-in-picture; web-share\" allowfullscreen><\/iframe><\/p>\n<script>function PlayerjsAsync(){} if(window[\"Playerjs\"]){PlayerjsAsync();}<\/script>","protected":false},"excerpt":{"rendered":"<p>Luego de las declaraciones del Concejal malvinense, N\u00e9stor Marcote, y las respuestas por Twitter desde el cariglinismo, comenz\u00f3 a bifurcarse la interna en Cambiemos en Malvinas Argentinas y asoma la figura de Marcote como parte de la renovaci\u00f3n contra la &#8220;vieja pol\u00edtica&#8221;. En la interna de Cambiemos de Malvinas Argentinas, comenzaron los primeros piedrazos de [&hellip;]<\/p>\n","protected":false},"author":1,"featured_media":1844,"comment_status":"closed","ping_status":"closed","sticky":false,"template":"","format":"standard","meta":{"content-type":"","footnotes":""},"categories":[4,9],"tags":[],"class_list":{"0":"post-1843","1":"post","2":"type-post","3":"status-publish","4":"format-standard","5":"has-post-thumbnail","7":"category-politica","8":"category-titulares"},"yoast_head":"<!-- This site is optimized with the Yoast SEO plugin v27.4 - https:\/\/yoast.com\/product\/yoast-seo-wordpress\/ -->\n<title>Cambiemos: Producto de las encuestas en Malvinas Argentinas, ya empiezan las chicanas y algunos a mostrar la hilacha - Diario del Oeste<\/title>\n<meta name=\"robots\" content=\"index, follow, max-snippet:-1, max-image-preview:large, max-video-preview:-1\" \/>\n<link rel=\"canonical\" href=\"https:\/\/diariodeloeste.com\/noticias\/2018\/07\/27\/cambiemos-producto-de-las-encuestas-en-malvinas-argentinas-ya-empiezan-las-chicanas-y-algunos-a-mostrar-la-hilacha\/\" \/>\n<meta property=\"og:locale\" content=\"es_ES\" \/>\n<meta property=\"og:type\" content=\"article\" \/>\n<meta property=\"og:title\" content=\"Cambiemos: Producto de las encuestas en Malvinas Argentinas, ya empiezan las chicanas y algunos a mostrar la hilacha - Diario del Oeste\" \/>\n<meta property=\"og:description\" content=\"Luego de las declaraciones del Concejal malvinense, N\u00e9stor Marcote, y las respuestas por Twitter desde el cariglinismo, comenz\u00f3 a bifurcarse la interna en Cambiemos en Malvinas Argentinas y asoma la figura de Marcote como parte de la renovaci\u00f3n contra la &#8220;vieja pol\u00edtica&#8221;. En la interna de Cambiemos de Malvinas Argentinas, comenzaron los primeros piedrazos de [&hellip;]\" \/>\n<meta property=\"og:url\" content=\"https:\/\/diariodeloeste.com\/noticias\/2018\/07\/27\/cambiemos-producto-de-las-encuestas-en-malvinas-argentinas-ya-empiezan-las-chicanas-y-algunos-a-mostrar-la-hilacha\/\" \/>\n<meta property=\"og:site_name\" content=\"Diario del Oeste\" \/>\n<meta property=\"article:published_time\" content=\"2018-07-27T18:34:58+00:00\" \/>\n<meta property=\"og:image\" content=\"https:\/\/diariodeloeste.com\/noticias\/wp-content\/uploads\/2018\/07\/marcote.cariglino.jpg\" \/>\n\t<meta property=\"og:image:width\" content=\"1280\" \/>\n\t<meta property=\"og:image:height\" content=\"720\" \/>\n\t<meta property=\"og:image:type\" content=\"image\/jpeg\" \/>\n<meta name=\"author\" content=\"admin\" \/>\n<meta name=\"twitter:card\" content=\"summary_large_image\" \/>\n<meta name=\"twitter:label1\" content=\"Escrito por\" \/>\n\t<meta name=\"twitter:data1\" content=\"admin\" \/>\n\t<meta name=\"twitter:label2\" content=\"Tiempo de lectura\" \/>\n\t<meta name=\"twitter:data2\" content=\"3 minutos\" \/>\n<script type=\"application\/ld+json\" class=\"yoast-schema-graph\">{\"@context\":\"https:\\\/\\\/schema.org\",\"@graph\":[{\"@type\":\"Article\",\"@id\":\"https:\\\/\\\/diariodeloeste.com\\\/noticias\\\/2018\\\/07\\\/27\\\/cambiemos-producto-de-las-encuestas-en-malvinas-argentinas-ya-empiezan-las-chicanas-y-algunos-a-mostrar-la-hilacha\\\/#article\",\"isPartOf\":{\"@id\":\"https:\\\/\\\/diariodeloeste.com\\\/noticias\\\/2018\\\/07\\\/27\\\/cambiemos-producto-de-las-encuestas-en-malvinas-argentinas-ya-empiezan-las-chicanas-y-algunos-a-mostrar-la-hilacha\\\/\"},\"author\":{\"name\":\"admin\",\"@id\":\"https:\\\/\\\/diariodeloeste.com\\\/noticias\\\/#\\\/schema\\\/person\\\/fe4f8b89d0c447922571265f616af325\"},\"headline\":\"Cambiemos: Producto de las encuestas en Malvinas Argentinas, ya empiezan las chicanas y algunos a mostrar la hilacha\",\"datePublished\":\"2018-07-27T18:34:58+00:00\",\"mainEntityOfPage\":{\"@id\":\"https:\\\/\\\/diariodeloeste.com\\\/noticias\\\/2018\\\/07\\\/27\\\/cambiemos-producto-de-las-encuestas-en-malvinas-argentinas-ya-empiezan-las-chicanas-y-algunos-a-mostrar-la-hilacha\\\/\"},\"wordCount\":637,\"publisher\":{\"@id\":\"https:\\\/\\\/diariodeloeste.com\\\/noticias\\\/#organization\"},\"image\":{\"@id\":\"https:\\\/\\\/diariodeloeste.com\\\/noticias\\\/2018\\\/07\\\/27\\\/cambiemos-producto-de-las-encuestas-en-malvinas-argentinas-ya-empiezan-las-chicanas-y-algunos-a-mostrar-la-hilacha\\\/#primaryimage\"},\"thumbnailUrl\":\"https:\\\/\\\/diariodeloeste.com\\\/noticias\\\/wp-content\\\/uploads\\\/2018\\\/07\\\/marcote.cariglino.jpg\",\"articleSection\":[\"Pol\u00edtica\",\"Titulares\"],\"inLanguage\":\"es-AR\"},{\"@type\":\"WebPage\",\"@id\":\"https:\\\/\\\/diariodeloeste.com\\\/noticias\\\/2018\\\/07\\\/27\\\/cambiemos-producto-de-las-encuestas-en-malvinas-argentinas-ya-empiezan-las-chicanas-y-algunos-a-mostrar-la-hilacha\\\/\",\"url\":\"https:\\\/\\\/diariodeloeste.com\\\/noticias\\\/2018\\\/07\\\/27\\\/cambiemos-producto-de-las-encuestas-en-malvinas-argentinas-ya-empiezan-las-chicanas-y-algunos-a-mostrar-la-hilacha\\\/\",\"name\":\"Cambiemos: Producto de las encuestas en Malvinas Argentinas, ya empiezan las chicanas y algunos a mostrar la hilacha - Diario del Oeste\",\"isPartOf\":{\"@id\":\"https:\\\/\\\/diariodeloeste.com\\\/noticias\\\/#website\"},\"primaryImageOfPage\":{\"@id\":\"https:\\\/\\\/diariodeloeste.com\\\/noticias\\\/2018\\\/07\\\/27\\\/cambiemos-producto-de-las-encuestas-en-malvinas-argentinas-ya-empiezan-las-chicanas-y-algunos-a-mostrar-la-hilacha\\\/#primaryimage\"},\"image\":{\"@id\":\"https:\\\/\\\/diariodeloeste.com\\\/noticias\\\/2018\\\/07\\\/27\\\/cambiemos-producto-de-las-encuestas-en-malvinas-argentinas-ya-empiezan-las-chicanas-y-algunos-a-mostrar-la-hilacha\\\/#primaryimage\"},\"thumbnailUrl\":\"https:\\\/\\\/diariodeloeste.com\\\/noticias\\\/wp-content\\\/uploads\\\/2018\\\/07\\\/marcote.cariglino.jpg\",\"datePublished\":\"2018-07-27T18:34:58+00:00\",\"breadcrumb\":{\"@id\":\"https:\\\/\\\/diariodeloeste.com\\\/noticias\\\/2018\\\/07\\\/27\\\/cambiemos-producto-de-las-encuestas-en-malvinas-argentinas-ya-empiezan-las-chicanas-y-algunos-a-mostrar-la-hilacha\\\/#breadcrumb\"},\"inLanguage\":\"es-AR\",\"potentialAction\":[{\"@type\":\"ReadAction\",\"target\":[\"https:\\\/\\\/diariodeloeste.com\\\/noticias\\\/2018\\\/07\\\/27\\\/cambiemos-producto-de-las-encuestas-en-malvinas-argentinas-ya-empiezan-las-chicanas-y-algunos-a-mostrar-la-hilacha\\\/\"]}]},{\"@type\":\"ImageObject\",\"inLanguage\":\"es-AR\",\"@id\":\"https:\\\/\\\/diariodeloeste.com\\\/noticias\\\/2018\\\/07\\\/27\\\/cambiemos-producto-de-las-encuestas-en-malvinas-argentinas-ya-empiezan-las-chicanas-y-algunos-a-mostrar-la-hilacha\\\/#primaryimage\",\"url\":\"https:\\\/\\\/diariodeloeste.com\\\/noticias\\\/wp-content\\\/uploads\\\/2018\\\/07\\\/marcote.cariglino.jpg\",\"contentUrl\":\"https:\\\/\\\/diariodeloeste.com\\\/noticias\\\/wp-content\\\/uploads\\\/2018\\\/07\\\/marcote.cariglino.jpg\",\"width\":1280,\"height\":720},{\"@type\":\"BreadcrumbList\",\"@id\":\"https:\\\/\\\/diariodeloeste.com\\\/noticias\\\/2018\\\/07\\\/27\\\/cambiemos-producto-de-las-encuestas-en-malvinas-argentinas-ya-empiezan-las-chicanas-y-algunos-a-mostrar-la-hilacha\\\/#breadcrumb\",\"itemListElement\":[{\"@type\":\"ListItem\",\"position\":1,\"name\":\"Inicio\",\"item\":\"https:\\\/\\\/diariodeloeste.com\\\/noticias\\\/\"},{\"@type\":\"ListItem\",\"position\":2,\"name\":\"Cambiemos: Producto de las encuestas en Malvinas Argentinas, ya empiezan las chicanas y algunos a mostrar la hilacha\"}]},{\"@type\":\"WebSite\",\"@id\":\"https:\\\/\\\/diariodeloeste.com\\\/noticias\\\/#website\",\"url\":\"https:\\\/\\\/diariodeloeste.com\\\/noticias\\\/\",\"name\":\"Diario del Oeste\",\"description\":\"Noticias del Oeste\",\"publisher\":{\"@id\":\"https:\\\/\\\/diariodeloeste.com\\\/noticias\\\/#organization\"},\"potentialAction\":[{\"@type\":\"SearchAction\",\"target\":{\"@type\":\"EntryPoint\",\"urlTemplate\":\"https:\\\/\\\/diariodeloeste.com\\\/noticias\\\/?s={search_term_string}\"},\"query-input\":{\"@type\":\"PropertyValueSpecification\",\"valueRequired\":true,\"valueName\":\"search_term_string\"}}],\"inLanguage\":\"es-AR\"},{\"@type\":\"Organization\",\"@id\":\"https:\\\/\\\/diariodeloeste.com\\\/noticias\\\/#organization\",\"name\":\"Diario del Oeste\",\"url\":\"https:\\\/\\\/diariodeloeste.com\\\/noticias\\\/\",\"logo\":{\"@type\":\"ImageObject\",\"inLanguage\":\"es-AR\",\"@id\":\"https:\\\/\\\/diariodeloeste.com\\\/noticias\\\/#\\\/schema\\\/logo\\\/image\\\/\",\"url\":\"https:\\\/\\\/diariodeloeste.com\\\/noticias\\\/wp-content\\\/uploads\\\/2019\\\/04\\\/logo.png\",\"contentUrl\":\"https:\\\/\\\/diariodeloeste.com\\\/noticias\\\/wp-content\\\/uploads\\\/2019\\\/04\\\/logo.png\",\"width\":306,\"height\":145,\"caption\":\"Diario del Oeste\"},\"image\":{\"@id\":\"https:\\\/\\\/diariodeloeste.com\\\/noticias\\\/#\\\/schema\\\/logo\\\/image\\\/\"}},{\"@type\":\"Person\",\"@id\":\"https:\\\/\\\/diariodeloeste.com\\\/noticias\\\/#\\\/schema\\\/person\\\/fe4f8b89d0c447922571265f616af325\",\"name\":\"admin\",\"image\":{\"@type\":\"ImageObject\",\"inLanguage\":\"es-AR\",\"@id\":\"https:\\\/\\\/secure.gravatar.com\\\/avatar\\\/c1dcbae4a1eda6214c7bc9115f54e8889dd662450ef0ab6cb929af1bf9054141?s=96&d=mm&r=g\",\"url\":\"https:\\\/\\\/secure.gravatar.com\\\/avatar\\\/c1dcbae4a1eda6214c7bc9115f54e8889dd662450ef0ab6cb929af1bf9054141?s=96&d=mm&r=g\",\"contentUrl\":\"https:\\\/\\\/secure.gravatar.com\\\/avatar\\\/c1dcbae4a1eda6214c7bc9115f54e8889dd662450ef0ab6cb929af1bf9054141?s=96&d=mm&r=g\",\"caption\":\"admin\"},\"url\":\"https:\\\/\\\/diariodeloeste.com\\\/noticias\\\/author\\\/admin\\\/\"}]}<\/script>\n<!-- \/ Yoast SEO plugin. -->","yoast_head_json":{"title":"Cambiemos: Producto de las encuestas en Malvinas Argentinas, ya empiezan las chicanas y algunos a mostrar la hilacha - Diario del Oeste","robots":{"index":"index","follow":"follow","max-snippet":"max-snippet:-1","max-image-preview":"max-image-preview:large","max-video-preview":"max-video-preview:-1"},"canonical":"https:\/\/diariodeloeste.com\/noticias\/2018\/07\/27\/cambiemos-producto-de-las-encuestas-en-malvinas-argentinas-ya-empiezan-las-chicanas-y-algunos-a-mostrar-la-hilacha\/","og_locale":"es_ES","og_type":"article","og_title":"Cambiemos: Producto de las encuestas en Malvinas Argentinas, ya empiezan las chicanas y algunos a mostrar la hilacha - Diario del Oeste","og_description":"Luego de las declaraciones del Concejal malvinense, N\u00e9stor Marcote, y las respuestas por Twitter desde el cariglinismo, comenz\u00f3 a bifurcarse la interna en Cambiemos en Malvinas Argentinas y asoma la figura de Marcote como parte de la renovaci\u00f3n contra la &#8220;vieja pol\u00edtica&#8221;. En la interna de Cambiemos de Malvinas Argentinas, comenzaron los primeros piedrazos de [&hellip;]","og_url":"https:\/\/diariodeloeste.com\/noticias\/2018\/07\/27\/cambiemos-producto-de-las-encuestas-en-malvinas-argentinas-ya-empiezan-las-chicanas-y-algunos-a-mostrar-la-hilacha\/","og_site_name":"Diario del Oeste","article_published_time":"2018-07-27T18:34:58+00:00","og_image":[{"width":1280,"height":720,"url":"https:\/\/diariodeloeste.com\/noticias\/wp-content\/uploads\/2018\/07\/marcote.cariglino.jpg","type":"image\/jpeg"}],"author":"admin","twitter_card":"summary_large_image","twitter_misc":{"Escrito por":"admin","Tiempo de lectura":"3 minutos"},"schema":{"@context":"https:\/\/schema.org","@graph":[{"@type":"Article","@id":"https:\/\/diariodeloeste.com\/noticias\/2018\/07\/27\/cambiemos-producto-de-las-encuestas-en-malvinas-argentinas-ya-empiezan-las-chicanas-y-algunos-a-mostrar-la-hilacha\/#article","isPartOf":{"@id":"https:\/\/diariodeloeste.com\/noticias\/2018\/07\/27\/cambiemos-producto-de-las-encuestas-en-malvinas-argentinas-ya-empiezan-las-chicanas-y-algunos-a-mostrar-la-hilacha\/"},"author":{"name":"admin","@id":"https:\/\/diariodeloeste.com\/noticias\/#\/schema\/person\/fe4f8b89d0c447922571265f616af325"},"headline":"Cambiemos: Producto de las encuestas en Malvinas Argentinas, ya empiezan las chicanas y algunos a mostrar la hilacha","datePublished":"2018-07-27T18:34:58+00:00","mainEntityOfPage":{"@id":"https:\/\/diariodeloeste.com\/noticias\/2018\/07\/27\/cambiemos-producto-de-las-encuestas-en-malvinas-argentinas-ya-empiezan-las-chicanas-y-algunos-a-mostrar-la-hilacha\/"},"wordCount":637,"publisher":{"@id":"https:\/\/diariodeloeste.com\/noticias\/#organization"},"image":{"@id":"https:\/\/diariodeloeste.com\/noticias\/2018\/07\/27\/cambiemos-producto-de-las-encuestas-en-malvinas-argentinas-ya-empiezan-las-chicanas-y-algunos-a-mostrar-la-hilacha\/#primaryimage"},"thumbnailUrl":"https:\/\/diariodeloeste.com\/noticias\/wp-content\/uploads\/2018\/07\/marcote.cariglino.jpg","articleSection":["Pol\u00edtica","Titulares"],"inLanguage":"es-AR"},{"@type":"WebPage","@id":"https:\/\/diariodeloeste.com\/noticias\/2018\/07\/27\/cambiemos-producto-de-las-encuestas-en-malvinas-argentinas-ya-empiezan-las-chicanas-y-algunos-a-mostrar-la-hilacha\/","url":"https:\/\/diariodeloeste.com\/noticias\/2018\/07\/27\/cambiemos-producto-de-las-encuestas-en-malvinas-argentinas-ya-empiezan-las-chicanas-y-algunos-a-mostrar-la-hilacha\/","name":"Cambiemos: Producto de las encuestas en Malvinas Argentinas, ya empiezan las chicanas y algunos a mostrar la hilacha - Diario del Oeste","isPartOf":{"@id":"https:\/\/diariodeloeste.com\/noticias\/#website"},"primaryImageOfPage":{"@id":"https:\/\/diariodeloeste.com\/noticias\/2018\/07\/27\/cambiemos-producto-de-las-encuestas-en-malvinas-argentinas-ya-empiezan-las-chicanas-y-algunos-a-mostrar-la-hilacha\/#primaryimage"},"image":{"@id":"https:\/\/diariodeloeste.com\/noticias\/2018\/07\/27\/cambiemos-producto-de-las-encuestas-en-malvinas-argentinas-ya-empiezan-las-chicanas-y-algunos-a-mostrar-la-hilacha\/#primaryimage"},"thumbnailUrl":"https:\/\/diariodeloeste.com\/noticias\/wp-content\/uploads\/2018\/07\/marcote.cariglino.jpg","datePublished":"2018-07-27T18:34:58+00:00","breadcrumb":{"@id":"https:\/\/diariodeloeste.com\/noticias\/2018\/07\/27\/cambiemos-producto-de-las-encuestas-en-malvinas-argentinas-ya-empiezan-las-chicanas-y-algunos-a-mostrar-la-hilacha\/#breadcrumb"},"inLanguage":"es-AR","potentialAction":[{"@type":"ReadAction","target":["https:\/\/diariodeloeste.com\/noticias\/2018\/07\/27\/cambiemos-producto-de-las-encuestas-en-malvinas-argentinas-ya-empiezan-las-chicanas-y-algunos-a-mostrar-la-hilacha\/"]}]},{"@type":"ImageObject","inLanguage":"es-AR","@id":"https:\/\/diariodeloeste.com\/noticias\/2018\/07\/27\/cambiemos-producto-de-las-encuestas-en-malvinas-argentinas-ya-empiezan-las-chicanas-y-algunos-a-mostrar-la-hilacha\/#primaryimage","url":"https:\/\/diariodeloeste.com\/noticias\/wp-content\/uploads\/2018\/07\/marcote.cariglino.jpg","contentUrl":"https:\/\/diariodeloeste.com\/noticias\/wp-content\/uploads\/2018\/07\/marcote.cariglino.jpg","width":1280,"height":720},{"@type":"BreadcrumbList","@id":"https:\/\/diariodeloeste.com\/noticias\/2018\/07\/27\/cambiemos-producto-de-las-encuestas-en-malvinas-argentinas-ya-empiezan-las-chicanas-y-algunos-a-mostrar-la-hilacha\/#breadcrumb","itemListElement":[{"@type":"ListItem","position":1,"name":"Inicio","item":"https:\/\/diariodeloeste.com\/noticias\/"},{"@type":"ListItem","position":2,"name":"Cambiemos: Producto de las encuestas en Malvinas Argentinas, ya empiezan las chicanas y algunos a mostrar la hilacha"}]},{"@type":"WebSite","@id":"https:\/\/diariodeloeste.com\/noticias\/#website","url":"https:\/\/diariodeloeste.com\/noticias\/","name":"Diario del Oeste","description":"Noticias del Oeste","publisher":{"@id":"https:\/\/diariodeloeste.com\/noticias\/#organization"},"potentialAction":[{"@type":"SearchAction","target":{"@type":"EntryPoint","urlTemplate":"https:\/\/diariodeloeste.com\/noticias\/?s={search_term_string}"},"query-input":{"@type":"PropertyValueSpecification","valueRequired":true,"valueName":"search_term_string"}}],"inLanguage":"es-AR"},{"@type":"Organization","@id":"https:\/\/diariodeloeste.com\/noticias\/#organization","name":"Diario del Oeste","url":"https:\/\/diariodeloeste.com\/noticias\/","logo":{"@type":"ImageObject","inLanguage":"es-AR","@id":"https:\/\/diariodeloeste.com\/noticias\/#\/schema\/logo\/image\/","url":"https:\/\/diariodeloeste.com\/noticias\/wp-content\/uploads\/2019\/04\/logo.png","contentUrl":"https:\/\/diariodeloeste.com\/noticias\/wp-content\/uploads\/2019\/04\/logo.png","width":306,"height":145,"caption":"Diario del Oeste"},"image":{"@id":"https:\/\/diariodeloeste.com\/noticias\/#\/schema\/logo\/image\/"}},{"@type":"Person","@id":"https:\/\/diariodeloeste.com\/noticias\/#\/schema\/person\/fe4f8b89d0c447922571265f616af325","name":"admin","image":{"@type":"ImageObject","inLanguage":"es-AR","@id":"https:\/\/secure.gravatar.com\/avatar\/c1dcbae4a1eda6214c7bc9115f54e8889dd662450ef0ab6cb929af1bf9054141?s=96&d=mm&r=g","url":"https:\/\/secure.gravatar.com\/avatar\/c1dcbae4a1eda6214c7bc9115f54e8889dd662450ef0ab6cb929af1bf9054141?s=96&d=mm&r=g","contentUrl":"https:\/\/secure.gravatar.com\/avatar\/c1dcbae4a1eda6214c7bc9115f54e8889dd662450ef0ab6cb929af1bf9054141?s=96&d=mm&r=g","caption":"admin"},"url":"https:\/\/diariodeloeste.com\/noticias\/author\/admin\/"}]}},"_links":{"self":[{"href":"https:\/\/diariodeloeste.com\/noticias\/wp-json\/wp\/v2\/posts\/1843","targetHints":{"allow":["GET"]}}],"collection":[{"href":"https:\/\/diariodeloeste.com\/noticias\/wp-json\/wp\/v2\/posts"}],"about":[{"href":"https:\/\/diariodeloeste.com\/noticias\/wp-json\/wp\/v2\/types\/post"}],"author":[{"embeddable":true,"href":"https:\/\/diariodeloeste.com\/noticias\/wp-json\/wp\/v2\/users\/1"}],"replies":[{"embeddable":true,"href":"https:\/\/diariodeloeste.com\/noticias\/wp-json\/wp\/v2\/comments?post=1843"}],"version-history":[{"count":1,"href":"https:\/\/diariodeloeste.com\/noticias\/wp-json\/wp\/v2\/posts\/1843\/revisions"}],"predecessor-version":[{"id":1845,"href":"https:\/\/diariodeloeste.com\/noticias\/wp-json\/wp\/v2\/posts\/1843\/revisions\/1845"}],"wp:featuredmedia":[{"embeddable":true,"href":"https:\/\/diariodeloeste.com\/noticias\/wp-json\/wp\/v2\/media\/1844"}],"wp:attachment":[{"href":"https:\/\/diariodeloeste.com\/noticias\/wp-json\/wp\/v2\/media?parent=1843"}],"wp:term":[{"taxonomy":"category","embeddable":true,"href":"https:\/\/diariodeloeste.com\/noticias\/wp-json\/wp\/v2\/categories?post=1843"},{"taxonomy":"post_tag","embeddable":true,"href":"https:\/\/diariodeloeste.com\/noticias\/wp-json\/wp\/v2\/tags?post=1843"}],"curies":[{"name":"wp","href":"https:\/\/api.w.org\/{rel}","templated":true}]}}