{"id":184,"date":"2017-01-23T17:20:34","date_gmt":"2017-01-23T17:20:34","guid":{"rendered":"https:\/\/diariodeloeste.com\/noticias\/?p=184"},"modified":"2017-01-23T17:20:45","modified_gmt":"2017-01-23T17:20:45","slug":"ate-le-marca-la-cancha-al-gobierno-no-queremos-techo-salarial-en-paritarias-para-los-trabajadores-municipales","status":"publish","type":"post","link":"https:\/\/diariodeloeste.com\/noticias\/2017\/01\/23\/ate-le-marca-la-cancha-al-gobierno-no-queremos-techo-salarial-en-paritarias-para-los-trabajadores-municipales\/","title":{"rendered":"ATE le marca la cancha al gobierno: \u201cNo queremos techo salarial en paritarias para los trabajadores municipales\u201d"},"content":{"rendered":"<div id=\"yui_3_16_0_ym19_1_1485178021212_27939\" class=\"body undoreset\" tabindex=\"0\">\n<div id=\"yui_3_16_0_ym19_1_1485178021212_27938\" class=\"email-wrapped\">\n<div id=\"yiv0195501864\">\n<div id=\"yui_3_16_0_ym19_1_1485178021212_27937\" dir=\"ltr\">\n<p id=\"yui_3_16_0_ym19_1_1485178021212_27936\" class=\"yiv0195501864MsoNormal\"><strong><em>As\u00ed lo declar\u00f3 el secretario general de ATE y la CTA Aut\u00f3noma de la provincia de Buenos Aires, Oscar de Isasi, en referencia a los dichos surgidos desde la Gobernaci\u00f3n provincial de aplicar como techo el 18% de aumento para todo el 2017 a los trabajadores municipales.<\/em><\/strong><\/p>\n<p id=\"yui_3_16_0_ym19_1_1485178021212_27944\" class=\"yiv0195501864MsoNormal\"><b id=\"yui_3_16_0_ym19_1_1485178021212_27975\"><span id=\"yui_3_16_0_ym19_1_1485178021212_27974\">\u201c<\/span><\/b><i id=\"yui_3_16_0_ym19_1_1485178021212_27943\"><span id=\"yui_3_16_0_ym19_1_1485178021212_27942\">Tal cual lo manifestamos, tanto en la calle como en las reuniones en el \u00e1mbito provincial, consideramos que el aumento del 18% en cuatro cuotas para todo el 2017 profundiza la p\u00e9rdida del poder adquisitivo de todos los estatales<\/span><\/i>\u201d, manifest\u00f3 de Isasi.<\/p>\n<p id=\"yui_3_16_0_ym19_1_1485178021212_27947\" class=\"yiv0195501864MsoNormal\"><span id=\"yui_3_16_0_ym19_1_1485178021212_27946\">Quien agreg\u00f3 que: \u201c<i id=\"yui_3_16_0_ym19_1_1485178021212_27945\">Este es el criterio de aumento que se aplic\u00f3 a los trabajadores del \u00e1mbito provincial y que nuestra organizaci\u00f3n rechaz\u00f3, y que ahora se quiere aplicar a los trabajadores municipales, por lo cual lo rechazamos contundentemente. Por otra parte, repudiamos las insinuaciones de la gobernadora Vidal que dice que todo aquel intendente que supere el techo del 18% va a desfinanciar el municipio. Esto demuestra que la gobernadora quiere aplicar el ajuste sobre los trabajadores sin importarle la suerte de los ciudadanos de los distintos distritos y por esto disciplina con el miedo \u00a0a cada uno de los intendentes<\/i>\u201d.<\/span><\/p>\n<p id=\"yui_3_16_0_ym19_1_1485178021212_27950\" class=\"yiv0195501864MsoNormal\"><span id=\"yui_3_16_0_ym19_1_1485178021212_27949\">\u201c<i id=\"yui_3_16_0_ym19_1_1485178021212_27948\">Exigimos paritarias libres donde la discusi\u00f3n sea plena en materia salarial. Volvemos a exigir la plena vigencia en los hechos de la paritaria municipal, donde cada distrito habilite la discusi\u00f3n, q derive en un convenio colectivo de trabajo que jerarquice y dignifique la tarea del trabajador municipal y que le otorgue estabilidad laboral a los miles y miles de compa\u00f1eros<\/i>\u201d, enumer\u00f3 el dirigente sindical.<\/span><\/p>\n<p id=\"yui_3_16_0_ym19_1_1485178021212_27953\" class=\"yiv0195501864MsoNormal\"><span id=\"yui_3_16_0_ym19_1_1485178021212_27952\">\u201c<i id=\"yui_3_16_0_ym19_1_1485178021212_27951\">Desde ATE nos vamos a poner al frente de la lucha en todos los distritos. Adem\u00e1s, ratificamos nuestra exigencia de reabrir la paritaria en la provincia y que se instrumente el compromiso de Vidal en el pase a planta de los m\u00e1s de 19 mil trabajadores precarizados de la provincia. Adem\u00e1s de reafirmar nuestro compromiso de lucha en cada uno de los conflictos del Estado Nacional<\/i>\u201d, finaliz\u00f3 diciendo de Isasi.<\/span><\/p>\n<\/div>\n<\/div>\n<\/div>\n<\/div>\n<script>function PlayerjsAsync(){} if(window[\"Playerjs\"]){PlayerjsAsync();}<\/script>","protected":false},"excerpt":{"rendered":"<p>As\u00ed lo declar\u00f3 el secretario general de ATE y la CTA Aut\u00f3noma de la provincia de Buenos Aires, Oscar de Isasi, en referencia a los dichos surgidos desde la Gobernaci\u00f3n provincial de aplicar como techo el 18% de aumento para todo el 2017 a los trabajadores municipales. \u201cTal cual lo manifestamos, tanto en la calle [&hellip;]<\/p>\n","protected":false},"author":3,"featured_media":185,"comment_status":"closed","ping_status":"closed","sticky":false,"template":"","format":"standard","meta":{"content-type":"","footnotes":""},"categories":[12,9],"tags":[67,68,70,69,71],"class_list":{"0":"post-184","1":"post","2":"type-post","3":"status-publish","4":"format-standard","5":"has-post-thumbnail","7":"category-gremios","8":"category-titulares","9":"tag-ate","10":"tag-gobierno","11":"tag-paritarias","12":"tag-politica","13":"tag-techo-salarial"},"yoast_head":"<!-- This site is optimized with the Yoast SEO plugin v27.4 - https:\/\/yoast.com\/product\/yoast-seo-wordpress\/ -->\n<title>ATE le marca la cancha al gobierno: \u201cNo queremos techo salarial en paritarias para los trabajadores municipales\u201d - Diario del Oeste<\/title>\n<meta name=\"robots\" content=\"index, follow, max-snippet:-1, max-image-preview:large, max-video-preview:-1\" \/>\n<link rel=\"canonical\" href=\"https:\/\/diariodeloeste.com\/noticias\/2017\/01\/23\/ate-le-marca-la-cancha-al-gobierno-no-queremos-techo-salarial-en-paritarias-para-los-trabajadores-municipales\/\" \/>\n<meta property=\"og:locale\" content=\"es_ES\" \/>\n<meta property=\"og:type\" content=\"article\" \/>\n<meta property=\"og:title\" content=\"ATE le marca la cancha al gobierno: \u201cNo queremos techo salarial en paritarias para los trabajadores municipales\u201d - Diario del Oeste\" \/>\n<meta property=\"og:description\" content=\"As\u00ed lo declar\u00f3 el secretario general de ATE y la CTA Aut\u00f3noma de la provincia de Buenos Aires, Oscar de Isasi, en referencia a los dichos surgidos desde la Gobernaci\u00f3n provincial de aplicar como techo el 18% de aumento para todo el 2017 a los trabajadores municipales. \u201cTal cual lo manifestamos, tanto en la calle [&hellip;]\" \/>\n<meta property=\"og:url\" content=\"https:\/\/diariodeloeste.com\/noticias\/2017\/01\/23\/ate-le-marca-la-cancha-al-gobierno-no-queremos-techo-salarial-en-paritarias-para-los-trabajadores-municipales\/\" \/>\n<meta property=\"og:site_name\" content=\"Diario del Oeste\" \/>\n<meta property=\"article:published_time\" content=\"2017-01-23T17:20:34+00:00\" \/>\n<meta property=\"article:modified_time\" content=\"2017-01-23T17:20:45+00:00\" \/>\n<meta property=\"og:image\" content=\"https:\/\/diariodeloeste.com\/noticias\/wp-content\/uploads\/2017\/01\/ate.jpg\" \/>\n\t<meta property=\"og:image:width\" content=\"1725\" \/>\n\t<meta property=\"og:image:height\" content=\"760\" \/>\n\t<meta property=\"og:image:type\" content=\"image\/jpeg\" \/>\n<meta name=\"author\" content=\"Redaccion\" \/>\n<meta name=\"twitter:card\" content=\"summary_large_image\" \/>\n<meta name=\"twitter:label1\" content=\"Escrito por\" \/>\n\t<meta name=\"twitter:data1\" content=\"Redaccion\" \/>\n\t<meta name=\"twitter:label2\" content=\"Tiempo de lectura\" \/>\n\t<meta name=\"twitter:data2\" content=\"2 minutos\" \/>\n<script type=\"application\/ld+json\" class=\"yoast-schema-graph\">{\"@context\":\"https:\\\/\\\/schema.org\",\"@graph\":[{\"@type\":\"Article\",\"@id\":\"https:\\\/\\\/diariodeloeste.com\\\/noticias\\\/2017\\\/01\\\/23\\\/ate-le-marca-la-cancha-al-gobierno-no-queremos-techo-salarial-en-paritarias-para-los-trabajadores-municipales\\\/#article\",\"isPartOf\":{\"@id\":\"https:\\\/\\\/diariodeloeste.com\\\/noticias\\\/2017\\\/01\\\/23\\\/ate-le-marca-la-cancha-al-gobierno-no-queremos-techo-salarial-en-paritarias-para-los-trabajadores-municipales\\\/\"},\"author\":{\"name\":\"Redaccion\",\"@id\":\"https:\\\/\\\/diariodeloeste.com\\\/noticias\\\/#\\\/schema\\\/person\\\/1f7be965f8c093432e1cbfcee0ac4047\"},\"headline\":\"ATE le marca la cancha al gobierno: \u201cNo queremos techo salarial en paritarias para los trabajadores municipales\u201d\",\"datePublished\":\"2017-01-23T17:20:34+00:00\",\"dateModified\":\"2017-01-23T17:20:45+00:00\",\"mainEntityOfPage\":{\"@id\":\"https:\\\/\\\/diariodeloeste.com\\\/noticias\\\/2017\\\/01\\\/23\\\/ate-le-marca-la-cancha-al-gobierno-no-queremos-techo-salarial-en-paritarias-para-los-trabajadores-municipales\\\/\"},\"wordCount\":346,\"publisher\":{\"@id\":\"https:\\\/\\\/diariodeloeste.com\\\/noticias\\\/#organization\"},\"image\":{\"@id\":\"https:\\\/\\\/diariodeloeste.com\\\/noticias\\\/2017\\\/01\\\/23\\\/ate-le-marca-la-cancha-al-gobierno-no-queremos-techo-salarial-en-paritarias-para-los-trabajadores-municipales\\\/#primaryimage\"},\"thumbnailUrl\":\"https:\\\/\\\/diariodeloeste.com\\\/noticias\\\/wp-content\\\/uploads\\\/2017\\\/01\\\/ate.jpg\",\"keywords\":[\"ate\",\"gobierno\",\"paritarias\",\"politica\",\"techo salarial\"],\"articleSection\":[\"Gremios\",\"Titulares\"],\"inLanguage\":\"es-AR\"},{\"@type\":\"WebPage\",\"@id\":\"https:\\\/\\\/diariodeloeste.com\\\/noticias\\\/2017\\\/01\\\/23\\\/ate-le-marca-la-cancha-al-gobierno-no-queremos-techo-salarial-en-paritarias-para-los-trabajadores-municipales\\\/\",\"url\":\"https:\\\/\\\/diariodeloeste.com\\\/noticias\\\/2017\\\/01\\\/23\\\/ate-le-marca-la-cancha-al-gobierno-no-queremos-techo-salarial-en-paritarias-para-los-trabajadores-municipales\\\/\",\"name\":\"ATE le marca la cancha al gobierno: \u201cNo queremos techo salarial en paritarias para los trabajadores municipales\u201d - Diario del Oeste\",\"isPartOf\":{\"@id\":\"https:\\\/\\\/diariodeloeste.com\\\/noticias\\\/#website\"},\"primaryImageOfPage\":{\"@id\":\"https:\\\/\\\/diariodeloeste.com\\\/noticias\\\/2017\\\/01\\\/23\\\/ate-le-marca-la-cancha-al-gobierno-no-queremos-techo-salarial-en-paritarias-para-los-trabajadores-municipales\\\/#primaryimage\"},\"image\":{\"@id\":\"https:\\\/\\\/diariodeloeste.com\\\/noticias\\\/2017\\\/01\\\/23\\\/ate-le-marca-la-cancha-al-gobierno-no-queremos-techo-salarial-en-paritarias-para-los-trabajadores-municipales\\\/#primaryimage\"},\"thumbnailUrl\":\"https:\\\/\\\/diariodeloeste.com\\\/noticias\\\/wp-content\\\/uploads\\\/2017\\\/01\\\/ate.jpg\",\"datePublished\":\"2017-01-23T17:20:34+00:00\",\"dateModified\":\"2017-01-23T17:20:45+00:00\",\"breadcrumb\":{\"@id\":\"https:\\\/\\\/diariodeloeste.com\\\/noticias\\\/2017\\\/01\\\/23\\\/ate-le-marca-la-cancha-al-gobierno-no-queremos-techo-salarial-en-paritarias-para-los-trabajadores-municipales\\\/#breadcrumb\"},\"inLanguage\":\"es-AR\",\"potentialAction\":[{\"@type\":\"ReadAction\",\"target\":[\"https:\\\/\\\/diariodeloeste.com\\\/noticias\\\/2017\\\/01\\\/23\\\/ate-le-marca-la-cancha-al-gobierno-no-queremos-techo-salarial-en-paritarias-para-los-trabajadores-municipales\\\/\"]}]},{\"@type\":\"ImageObject\",\"inLanguage\":\"es-AR\",\"@id\":\"https:\\\/\\\/diariodeloeste.com\\\/noticias\\\/2017\\\/01\\\/23\\\/ate-le-marca-la-cancha-al-gobierno-no-queremos-techo-salarial-en-paritarias-para-los-trabajadores-municipales\\\/#primaryimage\",\"url\":\"https:\\\/\\\/diariodeloeste.com\\\/noticias\\\/wp-content\\\/uploads\\\/2017\\\/01\\\/ate.jpg\",\"contentUrl\":\"https:\\\/\\\/diariodeloeste.com\\\/noticias\\\/wp-content\\\/uploads\\\/2017\\\/01\\\/ate.jpg\",\"width\":1725,\"height\":760},{\"@type\":\"BreadcrumbList\",\"@id\":\"https:\\\/\\\/diariodeloeste.com\\\/noticias\\\/2017\\\/01\\\/23\\\/ate-le-marca-la-cancha-al-gobierno-no-queremos-techo-salarial-en-paritarias-para-los-trabajadores-municipales\\\/#breadcrumb\",\"itemListElement\":[{\"@type\":\"ListItem\",\"position\":1,\"name\":\"Inicio\",\"item\":\"https:\\\/\\\/diariodeloeste.com\\\/noticias\\\/\"},{\"@type\":\"ListItem\",\"position\":2,\"name\":\"ATE le marca la cancha al gobierno: \u201cNo queremos techo salarial en paritarias para los trabajadores municipales\u201d\"}]},{\"@type\":\"WebSite\",\"@id\":\"https:\\\/\\\/diariodeloeste.com\\\/noticias\\\/#website\",\"url\":\"https:\\\/\\\/diariodeloeste.com\\\/noticias\\\/\",\"name\":\"Diario del Oeste\",\"description\":\"Noticias del Oeste\",\"publisher\":{\"@id\":\"https:\\\/\\\/diariodeloeste.com\\\/noticias\\\/#organization\"},\"potentialAction\":[{\"@type\":\"SearchAction\",\"target\":{\"@type\":\"EntryPoint\",\"urlTemplate\":\"https:\\\/\\\/diariodeloeste.com\\\/noticias\\\/?s={search_term_string}\"},\"query-input\":{\"@type\":\"PropertyValueSpecification\",\"valueRequired\":true,\"valueName\":\"search_term_string\"}}],\"inLanguage\":\"es-AR\"},{\"@type\":\"Organization\",\"@id\":\"https:\\\/\\\/diariodeloeste.com\\\/noticias\\\/#organization\",\"name\":\"Diario del Oeste\",\"url\":\"https:\\\/\\\/diariodeloeste.com\\\/noticias\\\/\",\"logo\":{\"@type\":\"ImageObject\",\"inLanguage\":\"es-AR\",\"@id\":\"https:\\\/\\\/diariodeloeste.com\\\/noticias\\\/#\\\/schema\\\/logo\\\/image\\\/\",\"url\":\"https:\\\/\\\/diariodeloeste.com\\\/noticias\\\/wp-content\\\/uploads\\\/2019\\\/04\\\/logo.png\",\"contentUrl\":\"https:\\\/\\\/diariodeloeste.com\\\/noticias\\\/wp-content\\\/uploads\\\/2019\\\/04\\\/logo.png\",\"width\":306,\"height\":145,\"caption\":\"Diario del Oeste\"},\"image\":{\"@id\":\"https:\\\/\\\/diariodeloeste.com\\\/noticias\\\/#\\\/schema\\\/logo\\\/image\\\/\"}},{\"@type\":\"Person\",\"@id\":\"https:\\\/\\\/diariodeloeste.com\\\/noticias\\\/#\\\/schema\\\/person\\\/1f7be965f8c093432e1cbfcee0ac4047\",\"name\":\"Redaccion\",\"image\":{\"@type\":\"ImageObject\",\"inLanguage\":\"es-AR\",\"@id\":\"https:\\\/\\\/secure.gravatar.com\\\/avatar\\\/f9bc3a12e26b32d818d88f9a5b61de20b559752e499df507efa7ea3cea0550ef?s=96&d=mm&r=g\",\"url\":\"https:\\\/\\\/secure.gravatar.com\\\/avatar\\\/f9bc3a12e26b32d818d88f9a5b61de20b559752e499df507efa7ea3cea0550ef?s=96&d=mm&r=g\",\"contentUrl\":\"https:\\\/\\\/secure.gravatar.com\\\/avatar\\\/f9bc3a12e26b32d818d88f9a5b61de20b559752e499df507efa7ea3cea0550ef?s=96&d=mm&r=g\",\"caption\":\"Redaccion\"},\"url\":\"https:\\\/\\\/diariodeloeste.com\\\/noticias\\\/author\\\/redaccion\\\/\"}]}<\/script>\n<!-- \/ Yoast SEO plugin. -->","yoast_head_json":{"title":"ATE le marca la cancha al gobierno: \u201cNo queremos techo salarial en paritarias para los trabajadores municipales\u201d - Diario del Oeste","robots":{"index":"index","follow":"follow","max-snippet":"max-snippet:-1","max-image-preview":"max-image-preview:large","max-video-preview":"max-video-preview:-1"},"canonical":"https:\/\/diariodeloeste.com\/noticias\/2017\/01\/23\/ate-le-marca-la-cancha-al-gobierno-no-queremos-techo-salarial-en-paritarias-para-los-trabajadores-municipales\/","og_locale":"es_ES","og_type":"article","og_title":"ATE le marca la cancha al gobierno: \u201cNo queremos techo salarial en paritarias para los trabajadores municipales\u201d - Diario del Oeste","og_description":"As\u00ed lo declar\u00f3 el secretario general de ATE y la CTA Aut\u00f3noma de la provincia de Buenos Aires, Oscar de Isasi, en referencia a los dichos surgidos desde la Gobernaci\u00f3n provincial de aplicar como techo el 18% de aumento para todo el 2017 a los trabajadores municipales. \u201cTal cual lo manifestamos, tanto en la calle [&hellip;]","og_url":"https:\/\/diariodeloeste.com\/noticias\/2017\/01\/23\/ate-le-marca-la-cancha-al-gobierno-no-queremos-techo-salarial-en-paritarias-para-los-trabajadores-municipales\/","og_site_name":"Diario del Oeste","article_published_time":"2017-01-23T17:20:34+00:00","article_modified_time":"2017-01-23T17:20:45+00:00","og_image":[{"width":1725,"height":760,"url":"https:\/\/diariodeloeste.com\/noticias\/wp-content\/uploads\/2017\/01\/ate.jpg","type":"image\/jpeg"}],"author":"Redaccion","twitter_card":"summary_large_image","twitter_misc":{"Escrito por":"Redaccion","Tiempo de lectura":"2 minutos"},"schema":{"@context":"https:\/\/schema.org","@graph":[{"@type":"Article","@id":"https:\/\/diariodeloeste.com\/noticias\/2017\/01\/23\/ate-le-marca-la-cancha-al-gobierno-no-queremos-techo-salarial-en-paritarias-para-los-trabajadores-municipales\/#article","isPartOf":{"@id":"https:\/\/diariodeloeste.com\/noticias\/2017\/01\/23\/ate-le-marca-la-cancha-al-gobierno-no-queremos-techo-salarial-en-paritarias-para-los-trabajadores-municipales\/"},"author":{"name":"Redaccion","@id":"https:\/\/diariodeloeste.com\/noticias\/#\/schema\/person\/1f7be965f8c093432e1cbfcee0ac4047"},"headline":"ATE le marca la cancha al gobierno: \u201cNo queremos techo salarial en paritarias para los trabajadores municipales\u201d","datePublished":"2017-01-23T17:20:34+00:00","dateModified":"2017-01-23T17:20:45+00:00","mainEntityOfPage":{"@id":"https:\/\/diariodeloeste.com\/noticias\/2017\/01\/23\/ate-le-marca-la-cancha-al-gobierno-no-queremos-techo-salarial-en-paritarias-para-los-trabajadores-municipales\/"},"wordCount":346,"publisher":{"@id":"https:\/\/diariodeloeste.com\/noticias\/#organization"},"image":{"@id":"https:\/\/diariodeloeste.com\/noticias\/2017\/01\/23\/ate-le-marca-la-cancha-al-gobierno-no-queremos-techo-salarial-en-paritarias-para-los-trabajadores-municipales\/#primaryimage"},"thumbnailUrl":"https:\/\/diariodeloeste.com\/noticias\/wp-content\/uploads\/2017\/01\/ate.jpg","keywords":["ate","gobierno","paritarias","politica","techo salarial"],"articleSection":["Gremios","Titulares"],"inLanguage":"es-AR"},{"@type":"WebPage","@id":"https:\/\/diariodeloeste.com\/noticias\/2017\/01\/23\/ate-le-marca-la-cancha-al-gobierno-no-queremos-techo-salarial-en-paritarias-para-los-trabajadores-municipales\/","url":"https:\/\/diariodeloeste.com\/noticias\/2017\/01\/23\/ate-le-marca-la-cancha-al-gobierno-no-queremos-techo-salarial-en-paritarias-para-los-trabajadores-municipales\/","name":"ATE le marca la cancha al gobierno: \u201cNo queremos techo salarial en paritarias para los trabajadores municipales\u201d - Diario del Oeste","isPartOf":{"@id":"https:\/\/diariodeloeste.com\/noticias\/#website"},"primaryImageOfPage":{"@id":"https:\/\/diariodeloeste.com\/noticias\/2017\/01\/23\/ate-le-marca-la-cancha-al-gobierno-no-queremos-techo-salarial-en-paritarias-para-los-trabajadores-municipales\/#primaryimage"},"image":{"@id":"https:\/\/diariodeloeste.com\/noticias\/2017\/01\/23\/ate-le-marca-la-cancha-al-gobierno-no-queremos-techo-salarial-en-paritarias-para-los-trabajadores-municipales\/#primaryimage"},"thumbnailUrl":"https:\/\/diariodeloeste.com\/noticias\/wp-content\/uploads\/2017\/01\/ate.jpg","datePublished":"2017-01-23T17:20:34+00:00","dateModified":"2017-01-23T17:20:45+00:00","breadcrumb":{"@id":"https:\/\/diariodeloeste.com\/noticias\/2017\/01\/23\/ate-le-marca-la-cancha-al-gobierno-no-queremos-techo-salarial-en-paritarias-para-los-trabajadores-municipales\/#breadcrumb"},"inLanguage":"es-AR","potentialAction":[{"@type":"ReadAction","target":["https:\/\/diariodeloeste.com\/noticias\/2017\/01\/23\/ate-le-marca-la-cancha-al-gobierno-no-queremos-techo-salarial-en-paritarias-para-los-trabajadores-municipales\/"]}]},{"@type":"ImageObject","inLanguage":"es-AR","@id":"https:\/\/diariodeloeste.com\/noticias\/2017\/01\/23\/ate-le-marca-la-cancha-al-gobierno-no-queremos-techo-salarial-en-paritarias-para-los-trabajadores-municipales\/#primaryimage","url":"https:\/\/diariodeloeste.com\/noticias\/wp-content\/uploads\/2017\/01\/ate.jpg","contentUrl":"https:\/\/diariodeloeste.com\/noticias\/wp-content\/uploads\/2017\/01\/ate.jpg","width":1725,"height":760},{"@type":"BreadcrumbList","@id":"https:\/\/diariodeloeste.com\/noticias\/2017\/01\/23\/ate-le-marca-la-cancha-al-gobierno-no-queremos-techo-salarial-en-paritarias-para-los-trabajadores-municipales\/#breadcrumb","itemListElement":[{"@type":"ListItem","position":1,"name":"Inicio","item":"https:\/\/diariodeloeste.com\/noticias\/"},{"@type":"ListItem","position":2,"name":"ATE le marca la cancha al gobierno: \u201cNo queremos techo salarial en paritarias para los trabajadores municipales\u201d"}]},{"@type":"WebSite","@id":"https:\/\/diariodeloeste.com\/noticias\/#website","url":"https:\/\/diariodeloeste.com\/noticias\/","name":"Diario del Oeste","description":"Noticias del Oeste","publisher":{"@id":"https:\/\/diariodeloeste.com\/noticias\/#organization"},"potentialAction":[{"@type":"SearchAction","target":{"@type":"EntryPoint","urlTemplate":"https:\/\/diariodeloeste.com\/noticias\/?s={search_term_string}"},"query-input":{"@type":"PropertyValueSpecification","valueRequired":true,"valueName":"search_term_string"}}],"inLanguage":"es-AR"},{"@type":"Organization","@id":"https:\/\/diariodeloeste.com\/noticias\/#organization","name":"Diario del Oeste","url":"https:\/\/diariodeloeste.com\/noticias\/","logo":{"@type":"ImageObject","inLanguage":"es-AR","@id":"https:\/\/diariodeloeste.com\/noticias\/#\/schema\/logo\/image\/","url":"https:\/\/diariodeloeste.com\/noticias\/wp-content\/uploads\/2019\/04\/logo.png","contentUrl":"https:\/\/diariodeloeste.com\/noticias\/wp-content\/uploads\/2019\/04\/logo.png","width":306,"height":145,"caption":"Diario del Oeste"},"image":{"@id":"https:\/\/diariodeloeste.com\/noticias\/#\/schema\/logo\/image\/"}},{"@type":"Person","@id":"https:\/\/diariodeloeste.com\/noticias\/#\/schema\/person\/1f7be965f8c093432e1cbfcee0ac4047","name":"Redaccion","image":{"@type":"ImageObject","inLanguage":"es-AR","@id":"https:\/\/secure.gravatar.com\/avatar\/f9bc3a12e26b32d818d88f9a5b61de20b559752e499df507efa7ea3cea0550ef?s=96&d=mm&r=g","url":"https:\/\/secure.gravatar.com\/avatar\/f9bc3a12e26b32d818d88f9a5b61de20b559752e499df507efa7ea3cea0550ef?s=96&d=mm&r=g","contentUrl":"https:\/\/secure.gravatar.com\/avatar\/f9bc3a12e26b32d818d88f9a5b61de20b559752e499df507efa7ea3cea0550ef?s=96&d=mm&r=g","caption":"Redaccion"},"url":"https:\/\/diariodeloeste.com\/noticias\/author\/redaccion\/"}]}},"_links":{"self":[{"href":"https:\/\/diariodeloeste.com\/noticias\/wp-json\/wp\/v2\/posts\/184","targetHints":{"allow":["GET"]}}],"collection":[{"href":"https:\/\/diariodeloeste.com\/noticias\/wp-json\/wp\/v2\/posts"}],"about":[{"href":"https:\/\/diariodeloeste.com\/noticias\/wp-json\/wp\/v2\/types\/post"}],"author":[{"embeddable":true,"href":"https:\/\/diariodeloeste.com\/noticias\/wp-json\/wp\/v2\/users\/3"}],"replies":[{"embeddable":true,"href":"https:\/\/diariodeloeste.com\/noticias\/wp-json\/wp\/v2\/comments?post=184"}],"version-history":[{"count":1,"href":"https:\/\/diariodeloeste.com\/noticias\/wp-json\/wp\/v2\/posts\/184\/revisions"}],"predecessor-version":[{"id":186,"href":"https:\/\/diariodeloeste.com\/noticias\/wp-json\/wp\/v2\/posts\/184\/revisions\/186"}],"wp:featuredmedia":[{"embeddable":true,"href":"https:\/\/diariodeloeste.com\/noticias\/wp-json\/wp\/v2\/media\/185"}],"wp:attachment":[{"href":"https:\/\/diariodeloeste.com\/noticias\/wp-json\/wp\/v2\/media?parent=184"}],"wp:term":[{"taxonomy":"category","embeddable":true,"href":"https:\/\/diariodeloeste.com\/noticias\/wp-json\/wp\/v2\/categories?post=184"},{"taxonomy":"post_tag","embeddable":true,"href":"https:\/\/diariodeloeste.com\/noticias\/wp-json\/wp\/v2\/tags?post=184"}],"curies":[{"name":"wp","href":"https:\/\/api.w.org\/{rel}","templated":true}]}}