{"id":176,"date":"2017-01-19T18:42:48","date_gmt":"2017-01-19T18:42:48","guid":{"rendered":"https:\/\/diariodeloeste.com\/noticias\/?p=176"},"modified":"2017-01-19T18:42:48","modified_gmt":"2017-01-19T18:42:48","slug":"joven-fallecio-electrocutado-en-general-rodriguez","status":"publish","type":"post","link":"https:\/\/diariodeloeste.com\/noticias\/2017\/01\/19\/joven-fallecio-electrocutado-en-general-rodriguez\/","title":{"rendered":"Joven falleci\u00f3 electrocutado en General Rodriguez"},"content":{"rendered":"<h3><strong>El accidente sucedi\u00f3 el lunes 16 de enero, cerca de las 23:30 hs en una vivienda ubicada en las calles Fort\u00edn Atahualpa y Melincu\u00e9. La v\u00edctima tendr\u00eda 17 a\u00f1os de edad. Una vieja caja de medidor transmiti\u00f3 a la reja y dej\u00f3 \u201cpegado\u201d al joven durante varios minutos.<\/strong><\/h3>\n<p>Un adolescente de 17 a\u00f1os de edad sufri\u00f3 una descarga el\u00e9ctrica letal, en una vivienda ubicada en la calle Fort\u00edn Atahualpa, a metros de la asfaltada Melincu\u00e9. Seguramente anoche, cuando Orlando sali\u00f3 anoche a ver a un amigo a pocas cuadras de su casa de Parque Irigoyen, no pas\u00f3 por su mente que pod\u00eda ser lo \u00faltimo que iba a hacer en su vida. No ten\u00eda por qu\u00e9. Los accidentes suceden, pero cuando se trata de electricidad y de precariedad, nuestra ciudad tiene un alt\u00edsimo riesgo de que un imprevisto o una imprudencia, terminen con la vida de un vecino.<\/p>\n<p>Se trata de Orlando Leiva, que seg\u00fan algunos testimonios, habr\u00eda ido al domicilio a visitar a su amigo (de apellido Barraza), que vive all\u00ed. El episodio ocurri\u00f3 cerca de las 23.30 hs. cuando el chico lleg\u00f3 en una bicicleta y se apoy\u00f3 en la reja de la casa. Al parecer, esta se habr\u00eda electrificado a ra\u00edz de una falla de la caja medidor, que puede haber\u00a0tenido relaci\u00f3n con filtraciones del agua de lluvias o con la antig\u00fcedad de la conexi\u00f3n, aunque todav\u00eda resta confirmarse cualquier hip\u00f3tesis.<\/p>\n<p>Lo cierto es que el chico estuvo gritando fuerte durante algunos minutos y los vecinos salieron a la calle, aunque algunos dec\u00edan que quiz\u00e1s tardaron un poco porque es com\u00fan que los chicos jueguen a los gritos.<br \/>\nEsos largos minutos de la descarga fueron demasiado para el cuerpo del joven. Mientras trataban de reanimarlo los vecinos llamaron a las emergencias, cerca de las 23:45, pero pasados varios minutos trataron de subirlo a un veh\u00edculo, que era chico y finalmente a otro auto que acerc\u00f3 otro vecino (a las 00:10 emprendieron viaje).Al notar lo que pasaba, se desesperaron por encontrar alg\u00fan modo de despegarlo de las rejas, pero en estas situaciones, nadie est\u00e1 preparado para una reacci\u00f3n apropiada, algunos cruzaron con barras o ramas para sacarlo, pero finalmente ya otro grupo y supuestamente el propietario de la misma casa lo hab\u00edan despegado \u00a0pr\u00e1cticamente a golpes, seg\u00fan comentaron.<\/p>\n<p>Lleg\u00f3 la ambulancia segundos m\u00e1s tarde, pero el auto donde lo cargaron ya estaba en camino raudamente hacia el Hospital Vicente L\u00f3pez y Planes, donde ingres\u00f3 en la guardia.<\/p>\n<p>Tras maniobras m\u00e9dicas, no mucho se pudo lograr y antes de la 1 de la madrugada, ya\u00a0habr\u00eda\u00a0fallecido. El chico ser\u00eda alumno de la Escuela N\u00b04 y vecino de a pocas cuadras de all\u00ed.<\/p>\n<p>En nuestra ciudad se han vuelto pr\u00e1cticamente \u201cnormales\u201d los accidentes graves de esta \u00edndole, en general, con conexiones clandestinas, pero no exclusivamente.Los vecinos aseguraban que hasta el momento, s\u00f3lo fueron al lugar los bomberos, que cortaron la energ\u00eda de dos casas por el riesgo existente y dejaron una cinta de peligro alrededor. Edenor no estuvo presente todav\u00eda y seguramente tambi\u00e9n habr\u00e1 que ver lo que dicte la autopsia y la investigaci\u00f3n a cargo de la fiscal\u00eda para establecer las responsabilidades.<\/p>\n<p>Muchos de ellos terminan de modo fatal y esto lleva a repensar tambi\u00e9n desde el Estado, qu\u00e9 cuestiones deben cambiar para comenzar a revisar las conexiones domiciliarias, capacitar a la ciudadan\u00eda en la cuesti\u00f3n y tratar de terminar con esta larga mala racha de accidentes que se podr\u00edan prevenir y que se van llevando vidas de tantos vecinos.<\/p>\n<p>Gentileza de: La Posta Noticias<\/p>\n<script>function PlayerjsAsync(){} if(window[\"Playerjs\"]){PlayerjsAsync();}<\/script>","protected":false},"excerpt":{"rendered":"<p>El accidente sucedi\u00f3 el lunes 16 de enero, cerca de las 23:30 hs en una vivienda ubicada en las calles Fort\u00edn Atahualpa y Melincu\u00e9. La v\u00edctima tendr\u00eda 17 a\u00f1os de edad. Una vieja caja de medidor transmiti\u00f3 a la reja y dej\u00f3 \u201cpegado\u201d al joven durante varios minutos. Un adolescente de 17 a\u00f1os de edad [&hellip;]<\/p>\n","protected":false},"author":3,"featured_media":177,"comment_status":"closed","ping_status":"closed","sticky":false,"template":"","format":"standard","meta":{"content-type":"","footnotes":""},"categories":[5,9],"tags":[61,62,60],"class_list":{"0":"post-176","1":"post","2":"type-post","3":"status-publish","4":"format-standard","5":"has-post-thumbnail","7":"category-policiales","8":"category-titulares","9":"tag-general-rodriguez","10":"tag-joven","11":"tag-murio-electrocutado"},"yoast_head":"<!-- This site is optimized with the Yoast SEO plugin v27.4 - https:\/\/yoast.com\/product\/yoast-seo-wordpress\/ -->\n<title>Joven falleci\u00f3 electrocutado en General Rodriguez - Diario del Oeste<\/title>\n<meta name=\"robots\" content=\"index, follow, max-snippet:-1, max-image-preview:large, max-video-preview:-1\" \/>\n<link rel=\"canonical\" href=\"https:\/\/diariodeloeste.com\/noticias\/2017\/01\/19\/joven-fallecio-electrocutado-en-general-rodriguez\/\" \/>\n<meta property=\"og:locale\" content=\"es_ES\" \/>\n<meta property=\"og:type\" content=\"article\" \/>\n<meta property=\"og:title\" content=\"Joven falleci\u00f3 electrocutado en General Rodriguez - Diario del Oeste\" \/>\n<meta property=\"og:description\" content=\"El accidente sucedi\u00f3 el lunes 16 de enero, cerca de las 23:30 hs en una vivienda ubicada en las calles Fort\u00edn Atahualpa y Melincu\u00e9. La v\u00edctima tendr\u00eda 17 a\u00f1os de edad. Una vieja caja de medidor transmiti\u00f3 a la reja y dej\u00f3 \u201cpegado\u201d al joven durante varios minutos. Un adolescente de 17 a\u00f1os de edad [&hellip;]\" \/>\n<meta property=\"og:url\" content=\"https:\/\/diariodeloeste.com\/noticias\/2017\/01\/19\/joven-fallecio-electrocutado-en-general-rodriguez\/\" \/>\n<meta property=\"og:site_name\" content=\"Diario del Oeste\" \/>\n<meta property=\"article:published_time\" content=\"2017-01-19T18:42:48+00:00\" \/>\n<meta property=\"og:image\" content=\"https:\/\/diariodeloeste.com\/noticias\/wp-content\/uploads\/2017\/01\/IMG_20170117_101103.jpg\" \/>\n\t<meta property=\"og:image:width\" content=\"1135\" \/>\n\t<meta property=\"og:image:height\" content=\"851\" \/>\n\t<meta property=\"og:image:type\" content=\"image\/jpeg\" \/>\n<meta name=\"author\" content=\"Redaccion\" \/>\n<meta name=\"twitter:card\" content=\"summary_large_image\" \/>\n<meta name=\"twitter:label1\" content=\"Escrito por\" \/>\n\t<meta name=\"twitter:data1\" content=\"Redaccion\" \/>\n\t<meta name=\"twitter:label2\" content=\"Tiempo de lectura\" \/>\n\t<meta name=\"twitter:data2\" content=\"3 minutos\" \/>\n<script type=\"application\/ld+json\" class=\"yoast-schema-graph\">{\"@context\":\"https:\\\/\\\/schema.org\",\"@graph\":[{\"@type\":\"Article\",\"@id\":\"https:\\\/\\\/diariodeloeste.com\\\/noticias\\\/2017\\\/01\\\/19\\\/joven-fallecio-electrocutado-en-general-rodriguez\\\/#article\",\"isPartOf\":{\"@id\":\"https:\\\/\\\/diariodeloeste.com\\\/noticias\\\/2017\\\/01\\\/19\\\/joven-fallecio-electrocutado-en-general-rodriguez\\\/\"},\"author\":{\"name\":\"Redaccion\",\"@id\":\"https:\\\/\\\/diariodeloeste.com\\\/noticias\\\/#\\\/schema\\\/person\\\/1f7be965f8c093432e1cbfcee0ac4047\"},\"headline\":\"Joven falleci\u00f3 electrocutado en General Rodriguez\",\"datePublished\":\"2017-01-19T18:42:48+00:00\",\"mainEntityOfPage\":{\"@id\":\"https:\\\/\\\/diariodeloeste.com\\\/noticias\\\/2017\\\/01\\\/19\\\/joven-fallecio-electrocutado-en-general-rodriguez\\\/\"},\"wordCount\":632,\"publisher\":{\"@id\":\"https:\\\/\\\/diariodeloeste.com\\\/noticias\\\/#organization\"},\"image\":{\"@id\":\"https:\\\/\\\/diariodeloeste.com\\\/noticias\\\/2017\\\/01\\\/19\\\/joven-fallecio-electrocutado-en-general-rodriguez\\\/#primaryimage\"},\"thumbnailUrl\":\"https:\\\/\\\/diariodeloeste.com\\\/noticias\\\/wp-content\\\/uploads\\\/2017\\\/01\\\/IMG_20170117_101103.jpg\",\"keywords\":[\"general rodriguez\",\"joven+\",\"murio electrocutado\"],\"articleSection\":[\"Policiales\",\"Titulares\"],\"inLanguage\":\"es-AR\"},{\"@type\":\"WebPage\",\"@id\":\"https:\\\/\\\/diariodeloeste.com\\\/noticias\\\/2017\\\/01\\\/19\\\/joven-fallecio-electrocutado-en-general-rodriguez\\\/\",\"url\":\"https:\\\/\\\/diariodeloeste.com\\\/noticias\\\/2017\\\/01\\\/19\\\/joven-fallecio-electrocutado-en-general-rodriguez\\\/\",\"name\":\"Joven falleci\u00f3 electrocutado en General Rodriguez - Diario del Oeste\",\"isPartOf\":{\"@id\":\"https:\\\/\\\/diariodeloeste.com\\\/noticias\\\/#website\"},\"primaryImageOfPage\":{\"@id\":\"https:\\\/\\\/diariodeloeste.com\\\/noticias\\\/2017\\\/01\\\/19\\\/joven-fallecio-electrocutado-en-general-rodriguez\\\/#primaryimage\"},\"image\":{\"@id\":\"https:\\\/\\\/diariodeloeste.com\\\/noticias\\\/2017\\\/01\\\/19\\\/joven-fallecio-electrocutado-en-general-rodriguez\\\/#primaryimage\"},\"thumbnailUrl\":\"https:\\\/\\\/diariodeloeste.com\\\/noticias\\\/wp-content\\\/uploads\\\/2017\\\/01\\\/IMG_20170117_101103.jpg\",\"datePublished\":\"2017-01-19T18:42:48+00:00\",\"breadcrumb\":{\"@id\":\"https:\\\/\\\/diariodeloeste.com\\\/noticias\\\/2017\\\/01\\\/19\\\/joven-fallecio-electrocutado-en-general-rodriguez\\\/#breadcrumb\"},\"inLanguage\":\"es-AR\",\"potentialAction\":[{\"@type\":\"ReadAction\",\"target\":[\"https:\\\/\\\/diariodeloeste.com\\\/noticias\\\/2017\\\/01\\\/19\\\/joven-fallecio-electrocutado-en-general-rodriguez\\\/\"]}]},{\"@type\":\"ImageObject\",\"inLanguage\":\"es-AR\",\"@id\":\"https:\\\/\\\/diariodeloeste.com\\\/noticias\\\/2017\\\/01\\\/19\\\/joven-fallecio-electrocutado-en-general-rodriguez\\\/#primaryimage\",\"url\":\"https:\\\/\\\/diariodeloeste.com\\\/noticias\\\/wp-content\\\/uploads\\\/2017\\\/01\\\/IMG_20170117_101103.jpg\",\"contentUrl\":\"https:\\\/\\\/diariodeloeste.com\\\/noticias\\\/wp-content\\\/uploads\\\/2017\\\/01\\\/IMG_20170117_101103.jpg\",\"width\":1135,\"height\":851},{\"@type\":\"BreadcrumbList\",\"@id\":\"https:\\\/\\\/diariodeloeste.com\\\/noticias\\\/2017\\\/01\\\/19\\\/joven-fallecio-electrocutado-en-general-rodriguez\\\/#breadcrumb\",\"itemListElement\":[{\"@type\":\"ListItem\",\"position\":1,\"name\":\"Inicio\",\"item\":\"https:\\\/\\\/diariodeloeste.com\\\/noticias\\\/\"},{\"@type\":\"ListItem\",\"position\":2,\"name\":\"Joven falleci\u00f3 electrocutado en General Rodriguez\"}]},{\"@type\":\"WebSite\",\"@id\":\"https:\\\/\\\/diariodeloeste.com\\\/noticias\\\/#website\",\"url\":\"https:\\\/\\\/diariodeloeste.com\\\/noticias\\\/\",\"name\":\"Diario del Oeste\",\"description\":\"Noticias del Oeste\",\"publisher\":{\"@id\":\"https:\\\/\\\/diariodeloeste.com\\\/noticias\\\/#organization\"},\"potentialAction\":[{\"@type\":\"SearchAction\",\"target\":{\"@type\":\"EntryPoint\",\"urlTemplate\":\"https:\\\/\\\/diariodeloeste.com\\\/noticias\\\/?s={search_term_string}\"},\"query-input\":{\"@type\":\"PropertyValueSpecification\",\"valueRequired\":true,\"valueName\":\"search_term_string\"}}],\"inLanguage\":\"es-AR\"},{\"@type\":\"Organization\",\"@id\":\"https:\\\/\\\/diariodeloeste.com\\\/noticias\\\/#organization\",\"name\":\"Diario del Oeste\",\"url\":\"https:\\\/\\\/diariodeloeste.com\\\/noticias\\\/\",\"logo\":{\"@type\":\"ImageObject\",\"inLanguage\":\"es-AR\",\"@id\":\"https:\\\/\\\/diariodeloeste.com\\\/noticias\\\/#\\\/schema\\\/logo\\\/image\\\/\",\"url\":\"https:\\\/\\\/diariodeloeste.com\\\/noticias\\\/wp-content\\\/uploads\\\/2019\\\/04\\\/logo.png\",\"contentUrl\":\"https:\\\/\\\/diariodeloeste.com\\\/noticias\\\/wp-content\\\/uploads\\\/2019\\\/04\\\/logo.png\",\"width\":306,\"height\":145,\"caption\":\"Diario del Oeste\"},\"image\":{\"@id\":\"https:\\\/\\\/diariodeloeste.com\\\/noticias\\\/#\\\/schema\\\/logo\\\/image\\\/\"}},{\"@type\":\"Person\",\"@id\":\"https:\\\/\\\/diariodeloeste.com\\\/noticias\\\/#\\\/schema\\\/person\\\/1f7be965f8c093432e1cbfcee0ac4047\",\"name\":\"Redaccion\",\"image\":{\"@type\":\"ImageObject\",\"inLanguage\":\"es-AR\",\"@id\":\"https:\\\/\\\/secure.gravatar.com\\\/avatar\\\/f9bc3a12e26b32d818d88f9a5b61de20b559752e499df507efa7ea3cea0550ef?s=96&d=mm&r=g\",\"url\":\"https:\\\/\\\/secure.gravatar.com\\\/avatar\\\/f9bc3a12e26b32d818d88f9a5b61de20b559752e499df507efa7ea3cea0550ef?s=96&d=mm&r=g\",\"contentUrl\":\"https:\\\/\\\/secure.gravatar.com\\\/avatar\\\/f9bc3a12e26b32d818d88f9a5b61de20b559752e499df507efa7ea3cea0550ef?s=96&d=mm&r=g\",\"caption\":\"Redaccion\"},\"url\":\"https:\\\/\\\/diariodeloeste.com\\\/noticias\\\/author\\\/redaccion\\\/\"}]}<\/script>\n<!-- \/ Yoast SEO plugin. -->","yoast_head_json":{"title":"Joven falleci\u00f3 electrocutado en General Rodriguez - Diario del Oeste","robots":{"index":"index","follow":"follow","max-snippet":"max-snippet:-1","max-image-preview":"max-image-preview:large","max-video-preview":"max-video-preview:-1"},"canonical":"https:\/\/diariodeloeste.com\/noticias\/2017\/01\/19\/joven-fallecio-electrocutado-en-general-rodriguez\/","og_locale":"es_ES","og_type":"article","og_title":"Joven falleci\u00f3 electrocutado en General Rodriguez - Diario del Oeste","og_description":"El accidente sucedi\u00f3 el lunes 16 de enero, cerca de las 23:30 hs en una vivienda ubicada en las calles Fort\u00edn Atahualpa y Melincu\u00e9. La v\u00edctima tendr\u00eda 17 a\u00f1os de edad. Una vieja caja de medidor transmiti\u00f3 a la reja y dej\u00f3 \u201cpegado\u201d al joven durante varios minutos. Un adolescente de 17 a\u00f1os de edad [&hellip;]","og_url":"https:\/\/diariodeloeste.com\/noticias\/2017\/01\/19\/joven-fallecio-electrocutado-en-general-rodriguez\/","og_site_name":"Diario del Oeste","article_published_time":"2017-01-19T18:42:48+00:00","og_image":[{"width":1135,"height":851,"url":"https:\/\/diariodeloeste.com\/noticias\/wp-content\/uploads\/2017\/01\/IMG_20170117_101103.jpg","type":"image\/jpeg"}],"author":"Redaccion","twitter_card":"summary_large_image","twitter_misc":{"Escrito por":"Redaccion","Tiempo de lectura":"3 minutos"},"schema":{"@context":"https:\/\/schema.org","@graph":[{"@type":"Article","@id":"https:\/\/diariodeloeste.com\/noticias\/2017\/01\/19\/joven-fallecio-electrocutado-en-general-rodriguez\/#article","isPartOf":{"@id":"https:\/\/diariodeloeste.com\/noticias\/2017\/01\/19\/joven-fallecio-electrocutado-en-general-rodriguez\/"},"author":{"name":"Redaccion","@id":"https:\/\/diariodeloeste.com\/noticias\/#\/schema\/person\/1f7be965f8c093432e1cbfcee0ac4047"},"headline":"Joven falleci\u00f3 electrocutado en General Rodriguez","datePublished":"2017-01-19T18:42:48+00:00","mainEntityOfPage":{"@id":"https:\/\/diariodeloeste.com\/noticias\/2017\/01\/19\/joven-fallecio-electrocutado-en-general-rodriguez\/"},"wordCount":632,"publisher":{"@id":"https:\/\/diariodeloeste.com\/noticias\/#organization"},"image":{"@id":"https:\/\/diariodeloeste.com\/noticias\/2017\/01\/19\/joven-fallecio-electrocutado-en-general-rodriguez\/#primaryimage"},"thumbnailUrl":"https:\/\/diariodeloeste.com\/noticias\/wp-content\/uploads\/2017\/01\/IMG_20170117_101103.jpg","keywords":["general rodriguez","joven+","murio electrocutado"],"articleSection":["Policiales","Titulares"],"inLanguage":"es-AR"},{"@type":"WebPage","@id":"https:\/\/diariodeloeste.com\/noticias\/2017\/01\/19\/joven-fallecio-electrocutado-en-general-rodriguez\/","url":"https:\/\/diariodeloeste.com\/noticias\/2017\/01\/19\/joven-fallecio-electrocutado-en-general-rodriguez\/","name":"Joven falleci\u00f3 electrocutado en General Rodriguez - Diario del Oeste","isPartOf":{"@id":"https:\/\/diariodeloeste.com\/noticias\/#website"},"primaryImageOfPage":{"@id":"https:\/\/diariodeloeste.com\/noticias\/2017\/01\/19\/joven-fallecio-electrocutado-en-general-rodriguez\/#primaryimage"},"image":{"@id":"https:\/\/diariodeloeste.com\/noticias\/2017\/01\/19\/joven-fallecio-electrocutado-en-general-rodriguez\/#primaryimage"},"thumbnailUrl":"https:\/\/diariodeloeste.com\/noticias\/wp-content\/uploads\/2017\/01\/IMG_20170117_101103.jpg","datePublished":"2017-01-19T18:42:48+00:00","breadcrumb":{"@id":"https:\/\/diariodeloeste.com\/noticias\/2017\/01\/19\/joven-fallecio-electrocutado-en-general-rodriguez\/#breadcrumb"},"inLanguage":"es-AR","potentialAction":[{"@type":"ReadAction","target":["https:\/\/diariodeloeste.com\/noticias\/2017\/01\/19\/joven-fallecio-electrocutado-en-general-rodriguez\/"]}]},{"@type":"ImageObject","inLanguage":"es-AR","@id":"https:\/\/diariodeloeste.com\/noticias\/2017\/01\/19\/joven-fallecio-electrocutado-en-general-rodriguez\/#primaryimage","url":"https:\/\/diariodeloeste.com\/noticias\/wp-content\/uploads\/2017\/01\/IMG_20170117_101103.jpg","contentUrl":"https:\/\/diariodeloeste.com\/noticias\/wp-content\/uploads\/2017\/01\/IMG_20170117_101103.jpg","width":1135,"height":851},{"@type":"BreadcrumbList","@id":"https:\/\/diariodeloeste.com\/noticias\/2017\/01\/19\/joven-fallecio-electrocutado-en-general-rodriguez\/#breadcrumb","itemListElement":[{"@type":"ListItem","position":1,"name":"Inicio","item":"https:\/\/diariodeloeste.com\/noticias\/"},{"@type":"ListItem","position":2,"name":"Joven falleci\u00f3 electrocutado en General Rodriguez"}]},{"@type":"WebSite","@id":"https:\/\/diariodeloeste.com\/noticias\/#website","url":"https:\/\/diariodeloeste.com\/noticias\/","name":"Diario del Oeste","description":"Noticias del Oeste","publisher":{"@id":"https:\/\/diariodeloeste.com\/noticias\/#organization"},"potentialAction":[{"@type":"SearchAction","target":{"@type":"EntryPoint","urlTemplate":"https:\/\/diariodeloeste.com\/noticias\/?s={search_term_string}"},"query-input":{"@type":"PropertyValueSpecification","valueRequired":true,"valueName":"search_term_string"}}],"inLanguage":"es-AR"},{"@type":"Organization","@id":"https:\/\/diariodeloeste.com\/noticias\/#organization","name":"Diario del Oeste","url":"https:\/\/diariodeloeste.com\/noticias\/","logo":{"@type":"ImageObject","inLanguage":"es-AR","@id":"https:\/\/diariodeloeste.com\/noticias\/#\/schema\/logo\/image\/","url":"https:\/\/diariodeloeste.com\/noticias\/wp-content\/uploads\/2019\/04\/logo.png","contentUrl":"https:\/\/diariodeloeste.com\/noticias\/wp-content\/uploads\/2019\/04\/logo.png","width":306,"height":145,"caption":"Diario del Oeste"},"image":{"@id":"https:\/\/diariodeloeste.com\/noticias\/#\/schema\/logo\/image\/"}},{"@type":"Person","@id":"https:\/\/diariodeloeste.com\/noticias\/#\/schema\/person\/1f7be965f8c093432e1cbfcee0ac4047","name":"Redaccion","image":{"@type":"ImageObject","inLanguage":"es-AR","@id":"https:\/\/secure.gravatar.com\/avatar\/f9bc3a12e26b32d818d88f9a5b61de20b559752e499df507efa7ea3cea0550ef?s=96&d=mm&r=g","url":"https:\/\/secure.gravatar.com\/avatar\/f9bc3a12e26b32d818d88f9a5b61de20b559752e499df507efa7ea3cea0550ef?s=96&d=mm&r=g","contentUrl":"https:\/\/secure.gravatar.com\/avatar\/f9bc3a12e26b32d818d88f9a5b61de20b559752e499df507efa7ea3cea0550ef?s=96&d=mm&r=g","caption":"Redaccion"},"url":"https:\/\/diariodeloeste.com\/noticias\/author\/redaccion\/"}]}},"_links":{"self":[{"href":"https:\/\/diariodeloeste.com\/noticias\/wp-json\/wp\/v2\/posts\/176","targetHints":{"allow":["GET"]}}],"collection":[{"href":"https:\/\/diariodeloeste.com\/noticias\/wp-json\/wp\/v2\/posts"}],"about":[{"href":"https:\/\/diariodeloeste.com\/noticias\/wp-json\/wp\/v2\/types\/post"}],"author":[{"embeddable":true,"href":"https:\/\/diariodeloeste.com\/noticias\/wp-json\/wp\/v2\/users\/3"}],"replies":[{"embeddable":true,"href":"https:\/\/diariodeloeste.com\/noticias\/wp-json\/wp\/v2\/comments?post=176"}],"version-history":[{"count":1,"href":"https:\/\/diariodeloeste.com\/noticias\/wp-json\/wp\/v2\/posts\/176\/revisions"}],"predecessor-version":[{"id":178,"href":"https:\/\/diariodeloeste.com\/noticias\/wp-json\/wp\/v2\/posts\/176\/revisions\/178"}],"wp:featuredmedia":[{"embeddable":true,"href":"https:\/\/diariodeloeste.com\/noticias\/wp-json\/wp\/v2\/media\/177"}],"wp:attachment":[{"href":"https:\/\/diariodeloeste.com\/noticias\/wp-json\/wp\/v2\/media?parent=176"}],"wp:term":[{"taxonomy":"category","embeddable":true,"href":"https:\/\/diariodeloeste.com\/noticias\/wp-json\/wp\/v2\/categories?post=176"},{"taxonomy":"post_tag","embeddable":true,"href":"https:\/\/diariodeloeste.com\/noticias\/wp-json\/wp\/v2\/tags?post=176"}],"curies":[{"name":"wp","href":"https:\/\/api.w.org\/{rel}","templated":true}]}}