{"id":1684,"date":"2018-07-11T13:29:02","date_gmt":"2018-07-11T13:29:02","guid":{"rendered":"https:\/\/diariodeloeste.com\/noticias\/?p=1684"},"modified":"2018-07-11T13:29:02","modified_gmt":"2018-07-11T13:29:02","slug":"diez-intendentes-peronistas-del-conurbano-se-reunieron-en-defensa-de-aysa","status":"publish","type":"post","link":"https:\/\/diariodeloeste.com\/noticias\/2018\/07\/11\/diez-intendentes-peronistas-del-conurbano-se-reunieron-en-defensa-de-aysa\/","title":{"rendered":"Diez intendentes peronistas del Conurbano se reunieron en defensa de AySa"},"content":{"rendered":"<p><strong>Jefes municipales del Conurbano Bonaerense mantuvieron una reuni\u00f3n con Jos\u00e9 Luis Lingieri, Secretario General del Sindicato Gran Buenos Aires de Trabajadores de Obras Sanitarias, para ratificar el compromiso asumido por la defensa de AySa, respaldando la postura de Mar\u00eda Eugenia Vidal.<\/strong><\/p>\n<p><img loading=\"lazy\" loading=\"lazy\" decoding=\"async\" class=\"alignnone size-large wp-image-1685\" src=\"https:\/\/diariodeloeste.com\/noticias\/wp-content\/uploads\/2018\/07\/intendentes-1024x652.jpg\" alt=\"intendentes\" width=\"800\" height=\"509\" srcset=\"https:\/\/diariodeloeste.com\/noticias\/wp-content\/uploads\/2018\/07\/intendentes-1024x652.jpg 1024w, https:\/\/diariodeloeste.com\/noticias\/wp-content\/uploads\/2018\/07\/intendentes-300x191.jpg 300w, https:\/\/diariodeloeste.com\/noticias\/wp-content\/uploads\/2018\/07\/intendentes-768x489.jpg 768w, https:\/\/diariodeloeste.com\/noticias\/wp-content\/uploads\/2018\/07\/intendentes.jpg 1200w\" sizes=\"auto, (max-width: 800px) 100vw, 800px\" \/><\/p>\n<p>Foto: Diagonal.com<\/p>\n<p>Luego de la presentaci\u00f3n del proyecto de &#8220;Ley de equidad federal de servicios p\u00fablicos&#8221;, a cargo de legisladores nacionales y pol\u00edticos encabezados por el gobernador de C\u00f3rdoba, Juan Schiaretti, diez intendentes del Conurbano Bonaerense tuvieron un encuentro en el que ratificaron su compromiso con la defensa de la empresa estatal AySa, en apoyo a lo sostenido por la Gobernadora de Buenos Aires, Mar\u00eda Eugenia Vidal.<\/p>\n<p>De acuerdo a lo expuesto por los legisladores nacionales que presentaron el proyecto, \u00e9ste exige a los gobiernos de la Ciudad de Buenos Aires y de la provincia bonaerense a que se hagan cargo de las empresas AySa (Agua y Saneamientos Argentinos), Edenor y Edesur, con el objetivo de reducir el d\u00e9ficit e igualar las condiciones para todos los puntos del pa\u00eds.<\/p>\n<p>Junto al Secretario General del Sindicato de Gran Buenos Aires de Trabajadores de Obras Sanitarias, Jos\u00e9 Luis Lingieri, asistieron a la reuni\u00f3n los jefes municipales Leonardo Nardini (Malvinas Argentinas),&nbsp;Julio Zamora (Tigre), Mart\u00edn Insaurralde (Lomas de Zamora),&nbsp;Juan Zabaleta (Hurlingham), Fernando Gray (Esteban Echeverr\u00eda), Alberto Descalzo (Ituzaing\u00f3), Gabriel Katopodis (San Mart\u00edn), Andr\u00e9s Watson (Florencio Varela), An\u00edbal Regueiro (Presidente Per\u00f3n) y Mariano Cascallares (Almirante Brown). Los diez intendentes manifestaron la importancia de los puestos de trabajos a mantener y la continuidad de las obras de agua y cloacas en cada localidad.<\/p>\n<script>function PlayerjsAsync(){} if(window[\"Playerjs\"]){PlayerjsAsync();}<\/script>","protected":false},"excerpt":{"rendered":"<p>Jefes municipales del Conurbano Bonaerense mantuvieron una reuni\u00f3n con Jos\u00e9 Luis Lingieri, Secretario General del Sindicato Gran Buenos Aires de Trabajadores de Obras Sanitarias, para ratificar el compromiso asumido por la defensa de AySa, respaldando la postura de Mar\u00eda Eugenia Vidal. Foto: Diagonal.com Luego de la presentaci\u00f3n del proyecto de &#8220;Ley de equidad federal de [&hellip;]<\/p>\n","protected":false},"author":1,"featured_media":1685,"comment_status":"closed","ping_status":"closed","sticky":false,"template":"","format":"standard","meta":{"content-type":"","footnotes":""},"categories":[4,9],"tags":[],"class_list":{"0":"post-1684","1":"post","2":"type-post","3":"status-publish","4":"format-standard","5":"has-post-thumbnail","7":"category-politica","8":"category-titulares"},"yoast_head":"<!-- This site is optimized with the Yoast SEO plugin v27.4 - https:\/\/yoast.com\/product\/yoast-seo-wordpress\/ -->\n<title>Diez intendentes peronistas del Conurbano se reunieron en defensa de AySa - Diario del Oeste<\/title>\n<meta name=\"robots\" content=\"index, follow, max-snippet:-1, max-image-preview:large, max-video-preview:-1\" \/>\n<link rel=\"canonical\" href=\"https:\/\/diariodeloeste.com\/noticias\/2018\/07\/11\/diez-intendentes-peronistas-del-conurbano-se-reunieron-en-defensa-de-aysa\/\" \/>\n<meta property=\"og:locale\" content=\"es_ES\" \/>\n<meta property=\"og:type\" content=\"article\" \/>\n<meta property=\"og:title\" content=\"Diez intendentes peronistas del Conurbano se reunieron en defensa de AySa - Diario del Oeste\" \/>\n<meta property=\"og:description\" content=\"Jefes municipales del Conurbano Bonaerense mantuvieron una reuni\u00f3n con Jos\u00e9 Luis Lingieri, Secretario General del Sindicato Gran Buenos Aires de Trabajadores de Obras Sanitarias, para ratificar el compromiso asumido por la defensa de AySa, respaldando la postura de Mar\u00eda Eugenia Vidal. Foto: Diagonal.com Luego de la presentaci\u00f3n del proyecto de &#8220;Ley de equidad federal de [&hellip;]\" \/>\n<meta property=\"og:url\" content=\"https:\/\/diariodeloeste.com\/noticias\/2018\/07\/11\/diez-intendentes-peronistas-del-conurbano-se-reunieron-en-defensa-de-aysa\/\" \/>\n<meta property=\"og:site_name\" content=\"Diario del Oeste\" \/>\n<meta property=\"article:published_time\" content=\"2018-07-11T13:29:02+00:00\" \/>\n<meta property=\"og:image\" content=\"https:\/\/diariodeloeste.com\/noticias\/wp-content\/uploads\/2018\/07\/intendentes.jpg\" \/>\n\t<meta property=\"og:image:width\" content=\"1200\" \/>\n\t<meta property=\"og:image:height\" content=\"764\" \/>\n\t<meta property=\"og:image:type\" content=\"image\/jpeg\" \/>\n<meta name=\"author\" content=\"admin\" \/>\n<meta name=\"twitter:card\" content=\"summary_large_image\" \/>\n<meta name=\"twitter:label1\" content=\"Escrito por\" \/>\n\t<meta name=\"twitter:data1\" content=\"admin\" \/>\n\t<meta name=\"twitter:label2\" content=\"Tiempo de lectura\" \/>\n\t<meta name=\"twitter:data2\" content=\"1 minuto\" \/>\n<script type=\"application\/ld+json\" class=\"yoast-schema-graph\">{\"@context\":\"https:\\\/\\\/schema.org\",\"@graph\":[{\"@type\":\"Article\",\"@id\":\"https:\\\/\\\/diariodeloeste.com\\\/noticias\\\/2018\\\/07\\\/11\\\/diez-intendentes-peronistas-del-conurbano-se-reunieron-en-defensa-de-aysa\\\/#article\",\"isPartOf\":{\"@id\":\"https:\\\/\\\/diariodeloeste.com\\\/noticias\\\/2018\\\/07\\\/11\\\/diez-intendentes-peronistas-del-conurbano-se-reunieron-en-defensa-de-aysa\\\/\"},\"author\":{\"name\":\"admin\",\"@id\":\"https:\\\/\\\/diariodeloeste.com\\\/noticias\\\/#\\\/schema\\\/person\\\/fe4f8b89d0c447922571265f616af325\"},\"headline\":\"Diez intendentes peronistas del Conurbano se reunieron en defensa de AySa\",\"datePublished\":\"2018-07-11T13:29:02+00:00\",\"mainEntityOfPage\":{\"@id\":\"https:\\\/\\\/diariodeloeste.com\\\/noticias\\\/2018\\\/07\\\/11\\\/diez-intendentes-peronistas-del-conurbano-se-reunieron-en-defensa-de-aysa\\\/\"},\"wordCount\":290,\"publisher\":{\"@id\":\"https:\\\/\\\/diariodeloeste.com\\\/noticias\\\/#organization\"},\"image\":{\"@id\":\"https:\\\/\\\/diariodeloeste.com\\\/noticias\\\/2018\\\/07\\\/11\\\/diez-intendentes-peronistas-del-conurbano-se-reunieron-en-defensa-de-aysa\\\/#primaryimage\"},\"thumbnailUrl\":\"https:\\\/\\\/diariodeloeste.com\\\/noticias\\\/wp-content\\\/uploads\\\/2018\\\/07\\\/intendentes.jpg\",\"articleSection\":[\"Pol\u00edtica\",\"Titulares\"],\"inLanguage\":\"es-AR\"},{\"@type\":\"WebPage\",\"@id\":\"https:\\\/\\\/diariodeloeste.com\\\/noticias\\\/2018\\\/07\\\/11\\\/diez-intendentes-peronistas-del-conurbano-se-reunieron-en-defensa-de-aysa\\\/\",\"url\":\"https:\\\/\\\/diariodeloeste.com\\\/noticias\\\/2018\\\/07\\\/11\\\/diez-intendentes-peronistas-del-conurbano-se-reunieron-en-defensa-de-aysa\\\/\",\"name\":\"Diez intendentes peronistas del Conurbano se reunieron en defensa de AySa - Diario del Oeste\",\"isPartOf\":{\"@id\":\"https:\\\/\\\/diariodeloeste.com\\\/noticias\\\/#website\"},\"primaryImageOfPage\":{\"@id\":\"https:\\\/\\\/diariodeloeste.com\\\/noticias\\\/2018\\\/07\\\/11\\\/diez-intendentes-peronistas-del-conurbano-se-reunieron-en-defensa-de-aysa\\\/#primaryimage\"},\"image\":{\"@id\":\"https:\\\/\\\/diariodeloeste.com\\\/noticias\\\/2018\\\/07\\\/11\\\/diez-intendentes-peronistas-del-conurbano-se-reunieron-en-defensa-de-aysa\\\/#primaryimage\"},\"thumbnailUrl\":\"https:\\\/\\\/diariodeloeste.com\\\/noticias\\\/wp-content\\\/uploads\\\/2018\\\/07\\\/intendentes.jpg\",\"datePublished\":\"2018-07-11T13:29:02+00:00\",\"breadcrumb\":{\"@id\":\"https:\\\/\\\/diariodeloeste.com\\\/noticias\\\/2018\\\/07\\\/11\\\/diez-intendentes-peronistas-del-conurbano-se-reunieron-en-defensa-de-aysa\\\/#breadcrumb\"},\"inLanguage\":\"es-AR\",\"potentialAction\":[{\"@type\":\"ReadAction\",\"target\":[\"https:\\\/\\\/diariodeloeste.com\\\/noticias\\\/2018\\\/07\\\/11\\\/diez-intendentes-peronistas-del-conurbano-se-reunieron-en-defensa-de-aysa\\\/\"]}]},{\"@type\":\"ImageObject\",\"inLanguage\":\"es-AR\",\"@id\":\"https:\\\/\\\/diariodeloeste.com\\\/noticias\\\/2018\\\/07\\\/11\\\/diez-intendentes-peronistas-del-conurbano-se-reunieron-en-defensa-de-aysa\\\/#primaryimage\",\"url\":\"https:\\\/\\\/diariodeloeste.com\\\/noticias\\\/wp-content\\\/uploads\\\/2018\\\/07\\\/intendentes.jpg\",\"contentUrl\":\"https:\\\/\\\/diariodeloeste.com\\\/noticias\\\/wp-content\\\/uploads\\\/2018\\\/07\\\/intendentes.jpg\",\"width\":1200,\"height\":764},{\"@type\":\"BreadcrumbList\",\"@id\":\"https:\\\/\\\/diariodeloeste.com\\\/noticias\\\/2018\\\/07\\\/11\\\/diez-intendentes-peronistas-del-conurbano-se-reunieron-en-defensa-de-aysa\\\/#breadcrumb\",\"itemListElement\":[{\"@type\":\"ListItem\",\"position\":1,\"name\":\"Inicio\",\"item\":\"https:\\\/\\\/diariodeloeste.com\\\/noticias\\\/\"},{\"@type\":\"ListItem\",\"position\":2,\"name\":\"Diez intendentes peronistas del Conurbano se reunieron en defensa de AySa\"}]},{\"@type\":\"WebSite\",\"@id\":\"https:\\\/\\\/diariodeloeste.com\\\/noticias\\\/#website\",\"url\":\"https:\\\/\\\/diariodeloeste.com\\\/noticias\\\/\",\"name\":\"Diario del Oeste\",\"description\":\"Noticias del Oeste\",\"publisher\":{\"@id\":\"https:\\\/\\\/diariodeloeste.com\\\/noticias\\\/#organization\"},\"potentialAction\":[{\"@type\":\"SearchAction\",\"target\":{\"@type\":\"EntryPoint\",\"urlTemplate\":\"https:\\\/\\\/diariodeloeste.com\\\/noticias\\\/?s={search_term_string}\"},\"query-input\":{\"@type\":\"PropertyValueSpecification\",\"valueRequired\":true,\"valueName\":\"search_term_string\"}}],\"inLanguage\":\"es-AR\"},{\"@type\":\"Organization\",\"@id\":\"https:\\\/\\\/diariodeloeste.com\\\/noticias\\\/#organization\",\"name\":\"Diario del Oeste\",\"url\":\"https:\\\/\\\/diariodeloeste.com\\\/noticias\\\/\",\"logo\":{\"@type\":\"ImageObject\",\"inLanguage\":\"es-AR\",\"@id\":\"https:\\\/\\\/diariodeloeste.com\\\/noticias\\\/#\\\/schema\\\/logo\\\/image\\\/\",\"url\":\"https:\\\/\\\/diariodeloeste.com\\\/noticias\\\/wp-content\\\/uploads\\\/2019\\\/04\\\/logo.png\",\"contentUrl\":\"https:\\\/\\\/diariodeloeste.com\\\/noticias\\\/wp-content\\\/uploads\\\/2019\\\/04\\\/logo.png\",\"width\":306,\"height\":145,\"caption\":\"Diario del Oeste\"},\"image\":{\"@id\":\"https:\\\/\\\/diariodeloeste.com\\\/noticias\\\/#\\\/schema\\\/logo\\\/image\\\/\"}},{\"@type\":\"Person\",\"@id\":\"https:\\\/\\\/diariodeloeste.com\\\/noticias\\\/#\\\/schema\\\/person\\\/fe4f8b89d0c447922571265f616af325\",\"name\":\"admin\",\"image\":{\"@type\":\"ImageObject\",\"inLanguage\":\"es-AR\",\"@id\":\"https:\\\/\\\/secure.gravatar.com\\\/avatar\\\/c1dcbae4a1eda6214c7bc9115f54e8889dd662450ef0ab6cb929af1bf9054141?s=96&d=mm&r=g\",\"url\":\"https:\\\/\\\/secure.gravatar.com\\\/avatar\\\/c1dcbae4a1eda6214c7bc9115f54e8889dd662450ef0ab6cb929af1bf9054141?s=96&d=mm&r=g\",\"contentUrl\":\"https:\\\/\\\/secure.gravatar.com\\\/avatar\\\/c1dcbae4a1eda6214c7bc9115f54e8889dd662450ef0ab6cb929af1bf9054141?s=96&d=mm&r=g\",\"caption\":\"admin\"},\"url\":\"https:\\\/\\\/diariodeloeste.com\\\/noticias\\\/author\\\/admin\\\/\"}]}<\/script>\n<!-- \/ Yoast SEO plugin. -->","yoast_head_json":{"title":"Diez intendentes peronistas del Conurbano se reunieron en defensa de AySa - Diario del Oeste","robots":{"index":"index","follow":"follow","max-snippet":"max-snippet:-1","max-image-preview":"max-image-preview:large","max-video-preview":"max-video-preview:-1"},"canonical":"https:\/\/diariodeloeste.com\/noticias\/2018\/07\/11\/diez-intendentes-peronistas-del-conurbano-se-reunieron-en-defensa-de-aysa\/","og_locale":"es_ES","og_type":"article","og_title":"Diez intendentes peronistas del Conurbano se reunieron en defensa de AySa - Diario del Oeste","og_description":"Jefes municipales del Conurbano Bonaerense mantuvieron una reuni\u00f3n con Jos\u00e9 Luis Lingieri, Secretario General del Sindicato Gran Buenos Aires de Trabajadores de Obras Sanitarias, para ratificar el compromiso asumido por la defensa de AySa, respaldando la postura de Mar\u00eda Eugenia Vidal. Foto: Diagonal.com Luego de la presentaci\u00f3n del proyecto de &#8220;Ley de equidad federal de [&hellip;]","og_url":"https:\/\/diariodeloeste.com\/noticias\/2018\/07\/11\/diez-intendentes-peronistas-del-conurbano-se-reunieron-en-defensa-de-aysa\/","og_site_name":"Diario del Oeste","article_published_time":"2018-07-11T13:29:02+00:00","og_image":[{"width":1200,"height":764,"url":"https:\/\/diariodeloeste.com\/noticias\/wp-content\/uploads\/2018\/07\/intendentes.jpg","type":"image\/jpeg"}],"author":"admin","twitter_card":"summary_large_image","twitter_misc":{"Escrito por":"admin","Tiempo de lectura":"1 minuto"},"schema":{"@context":"https:\/\/schema.org","@graph":[{"@type":"Article","@id":"https:\/\/diariodeloeste.com\/noticias\/2018\/07\/11\/diez-intendentes-peronistas-del-conurbano-se-reunieron-en-defensa-de-aysa\/#article","isPartOf":{"@id":"https:\/\/diariodeloeste.com\/noticias\/2018\/07\/11\/diez-intendentes-peronistas-del-conurbano-se-reunieron-en-defensa-de-aysa\/"},"author":{"name":"admin","@id":"https:\/\/diariodeloeste.com\/noticias\/#\/schema\/person\/fe4f8b89d0c447922571265f616af325"},"headline":"Diez intendentes peronistas del Conurbano se reunieron en defensa de AySa","datePublished":"2018-07-11T13:29:02+00:00","mainEntityOfPage":{"@id":"https:\/\/diariodeloeste.com\/noticias\/2018\/07\/11\/diez-intendentes-peronistas-del-conurbano-se-reunieron-en-defensa-de-aysa\/"},"wordCount":290,"publisher":{"@id":"https:\/\/diariodeloeste.com\/noticias\/#organization"},"image":{"@id":"https:\/\/diariodeloeste.com\/noticias\/2018\/07\/11\/diez-intendentes-peronistas-del-conurbano-se-reunieron-en-defensa-de-aysa\/#primaryimage"},"thumbnailUrl":"https:\/\/diariodeloeste.com\/noticias\/wp-content\/uploads\/2018\/07\/intendentes.jpg","articleSection":["Pol\u00edtica","Titulares"],"inLanguage":"es-AR"},{"@type":"WebPage","@id":"https:\/\/diariodeloeste.com\/noticias\/2018\/07\/11\/diez-intendentes-peronistas-del-conurbano-se-reunieron-en-defensa-de-aysa\/","url":"https:\/\/diariodeloeste.com\/noticias\/2018\/07\/11\/diez-intendentes-peronistas-del-conurbano-se-reunieron-en-defensa-de-aysa\/","name":"Diez intendentes peronistas del Conurbano se reunieron en defensa de AySa - Diario del Oeste","isPartOf":{"@id":"https:\/\/diariodeloeste.com\/noticias\/#website"},"primaryImageOfPage":{"@id":"https:\/\/diariodeloeste.com\/noticias\/2018\/07\/11\/diez-intendentes-peronistas-del-conurbano-se-reunieron-en-defensa-de-aysa\/#primaryimage"},"image":{"@id":"https:\/\/diariodeloeste.com\/noticias\/2018\/07\/11\/diez-intendentes-peronistas-del-conurbano-se-reunieron-en-defensa-de-aysa\/#primaryimage"},"thumbnailUrl":"https:\/\/diariodeloeste.com\/noticias\/wp-content\/uploads\/2018\/07\/intendentes.jpg","datePublished":"2018-07-11T13:29:02+00:00","breadcrumb":{"@id":"https:\/\/diariodeloeste.com\/noticias\/2018\/07\/11\/diez-intendentes-peronistas-del-conurbano-se-reunieron-en-defensa-de-aysa\/#breadcrumb"},"inLanguage":"es-AR","potentialAction":[{"@type":"ReadAction","target":["https:\/\/diariodeloeste.com\/noticias\/2018\/07\/11\/diez-intendentes-peronistas-del-conurbano-se-reunieron-en-defensa-de-aysa\/"]}]},{"@type":"ImageObject","inLanguage":"es-AR","@id":"https:\/\/diariodeloeste.com\/noticias\/2018\/07\/11\/diez-intendentes-peronistas-del-conurbano-se-reunieron-en-defensa-de-aysa\/#primaryimage","url":"https:\/\/diariodeloeste.com\/noticias\/wp-content\/uploads\/2018\/07\/intendentes.jpg","contentUrl":"https:\/\/diariodeloeste.com\/noticias\/wp-content\/uploads\/2018\/07\/intendentes.jpg","width":1200,"height":764},{"@type":"BreadcrumbList","@id":"https:\/\/diariodeloeste.com\/noticias\/2018\/07\/11\/diez-intendentes-peronistas-del-conurbano-se-reunieron-en-defensa-de-aysa\/#breadcrumb","itemListElement":[{"@type":"ListItem","position":1,"name":"Inicio","item":"https:\/\/diariodeloeste.com\/noticias\/"},{"@type":"ListItem","position":2,"name":"Diez intendentes peronistas del Conurbano se reunieron en defensa de AySa"}]},{"@type":"WebSite","@id":"https:\/\/diariodeloeste.com\/noticias\/#website","url":"https:\/\/diariodeloeste.com\/noticias\/","name":"Diario del Oeste","description":"Noticias del Oeste","publisher":{"@id":"https:\/\/diariodeloeste.com\/noticias\/#organization"},"potentialAction":[{"@type":"SearchAction","target":{"@type":"EntryPoint","urlTemplate":"https:\/\/diariodeloeste.com\/noticias\/?s={search_term_string}"},"query-input":{"@type":"PropertyValueSpecification","valueRequired":true,"valueName":"search_term_string"}}],"inLanguage":"es-AR"},{"@type":"Organization","@id":"https:\/\/diariodeloeste.com\/noticias\/#organization","name":"Diario del Oeste","url":"https:\/\/diariodeloeste.com\/noticias\/","logo":{"@type":"ImageObject","inLanguage":"es-AR","@id":"https:\/\/diariodeloeste.com\/noticias\/#\/schema\/logo\/image\/","url":"https:\/\/diariodeloeste.com\/noticias\/wp-content\/uploads\/2019\/04\/logo.png","contentUrl":"https:\/\/diariodeloeste.com\/noticias\/wp-content\/uploads\/2019\/04\/logo.png","width":306,"height":145,"caption":"Diario del Oeste"},"image":{"@id":"https:\/\/diariodeloeste.com\/noticias\/#\/schema\/logo\/image\/"}},{"@type":"Person","@id":"https:\/\/diariodeloeste.com\/noticias\/#\/schema\/person\/fe4f8b89d0c447922571265f616af325","name":"admin","image":{"@type":"ImageObject","inLanguage":"es-AR","@id":"https:\/\/secure.gravatar.com\/avatar\/c1dcbae4a1eda6214c7bc9115f54e8889dd662450ef0ab6cb929af1bf9054141?s=96&d=mm&r=g","url":"https:\/\/secure.gravatar.com\/avatar\/c1dcbae4a1eda6214c7bc9115f54e8889dd662450ef0ab6cb929af1bf9054141?s=96&d=mm&r=g","contentUrl":"https:\/\/secure.gravatar.com\/avatar\/c1dcbae4a1eda6214c7bc9115f54e8889dd662450ef0ab6cb929af1bf9054141?s=96&d=mm&r=g","caption":"admin"},"url":"https:\/\/diariodeloeste.com\/noticias\/author\/admin\/"}]}},"_links":{"self":[{"href":"https:\/\/diariodeloeste.com\/noticias\/wp-json\/wp\/v2\/posts\/1684","targetHints":{"allow":["GET"]}}],"collection":[{"href":"https:\/\/diariodeloeste.com\/noticias\/wp-json\/wp\/v2\/posts"}],"about":[{"href":"https:\/\/diariodeloeste.com\/noticias\/wp-json\/wp\/v2\/types\/post"}],"author":[{"embeddable":true,"href":"https:\/\/diariodeloeste.com\/noticias\/wp-json\/wp\/v2\/users\/1"}],"replies":[{"embeddable":true,"href":"https:\/\/diariodeloeste.com\/noticias\/wp-json\/wp\/v2\/comments?post=1684"}],"version-history":[{"count":1,"href":"https:\/\/diariodeloeste.com\/noticias\/wp-json\/wp\/v2\/posts\/1684\/revisions"}],"predecessor-version":[{"id":1686,"href":"https:\/\/diariodeloeste.com\/noticias\/wp-json\/wp\/v2\/posts\/1684\/revisions\/1686"}],"wp:featuredmedia":[{"embeddable":true,"href":"https:\/\/diariodeloeste.com\/noticias\/wp-json\/wp\/v2\/media\/1685"}],"wp:attachment":[{"href":"https:\/\/diariodeloeste.com\/noticias\/wp-json\/wp\/v2\/media?parent=1684"}],"wp:term":[{"taxonomy":"category","embeddable":true,"href":"https:\/\/diariodeloeste.com\/noticias\/wp-json\/wp\/v2\/categories?post=1684"},{"taxonomy":"post_tag","embeddable":true,"href":"https:\/\/diariodeloeste.com\/noticias\/wp-json\/wp\/v2\/tags?post=1684"}],"curies":[{"name":"wp","href":"https:\/\/api.w.org\/{rel}","templated":true}]}}