{"id":1636,"date":"2018-06-29T19:45:15","date_gmt":"2018-06-29T19:45:15","guid":{"rendered":"https:\/\/diariodeloeste.com\/noticias\/?p=1636"},"modified":"2018-06-29T19:45:15","modified_gmt":"2018-06-29T19:45:15","slug":"amparo-medina-argentina-es-y-debe-ser-pro-vida","status":"publish","type":"post","link":"https:\/\/diariodeloeste.com\/noticias\/2018\/06\/29\/amparo-medina-argentina-es-y-debe-ser-pro-vida\/","title":{"rendered":"Amparo Medina: &#8220;Argentina es y debe ser pro-vida&#8221;"},"content":{"rendered":"<p><strong>La pedagoga social ecuatoriana y activista en Derechos Humanos, Amparo Medina, se dirigi\u00f3 a los Senadores Nacionales argentinos ante la decisi\u00f3n que deber\u00e1n tomar el pr\u00f3ximo 8 de agosto sobre la despenalizaci\u00f3n del aborto: &#8220;Si ustedes caen, cae toda Am\u00e9rica Latina&#8221;.<\/strong><\/p>\n<p><img loading=\"lazy\" loading=\"lazy\" decoding=\"async\" class=\"alignnone size-full wp-image-1637\" src=\"https:\/\/diariodeloeste.com\/noticias\/wp-content\/uploads\/2018\/06\/aborto.png\" alt=\"aborto\" width=\"596\" height=\"406\" srcset=\"https:\/\/diariodeloeste.com\/noticias\/wp-content\/uploads\/2018\/06\/aborto.png 596w, https:\/\/diariodeloeste.com\/noticias\/wp-content\/uploads\/2018\/06\/aborto-300x204.png 300w, https:\/\/diariodeloeste.com\/noticias\/wp-content\/uploads\/2018\/06\/aborto-130x90.png 130w\" sizes=\"auto, (max-width: 596px) 100vw, 596px\" \/><\/p>\n<p>La activista de Derechos Humanos, Amparo Medina, se manifest\u00f3 ante los Senadores Nacionales argentinos con el fin de develar el proyecto de otros pa\u00edses sobre la implementaci\u00f3n del aborto. En sus inicios en la militancia de izquierda, Medina se mostraba a favor de la despenalizaci\u00f3n del aborto pero hubo momento que modific\u00f3 su pensamiento: presenciar una pr\u00e1ctica abortiva en primera persona.<\/p>\n<p>Sobre aquella experiencia, Amparo Medina relat\u00f3 que hab\u00eda acompa\u00f1ado a una amiga suya y que, en ese momento, conoci\u00f3 lo que significa efectuar un aborto al observarlo: &#8220;V\u00ed como cortaban al beb\u00e9&#8221;. Adem\u00e1s, agreg\u00f3 que tambi\u00e9n vio c\u00f3mo desechaban al ni\u00f1o abortado.<\/p>\n<p>En esa conversi\u00f3n de ideales, la pedagoga social ecuatoriana clarific\u00f3 cu\u00e1l es el negocio que pretenden ejecutar con la legalizaci\u00f3n del aborto, en el que ejemplific\u00f3 de acuerdo con lo sucedido en otros pa\u00edses. &#8220;Matar a un ni\u00f1o es matar a una generaci\u00f3n&#8221;, especific\u00f3 Medina.<\/p>\n<p>Dirigido directamente a los Senadores Nacionales de Argentina, la activista en Derechos Humanos concluy\u00f3 que &#8220;si ustedes caen, cae toda Am\u00e9rica Latina&#8221; y, adem\u00e1s, agreg\u00f3 que &#8220;Argentina es y debe ser pro-vida&#8221; porque, desde su posici\u00f3n, anunci\u00f3 que el aborto es &#8220;eso que no queremos para Am\u00e9rica Latina&#8221;.<\/p>\n<p><iframe loading=\"lazy\" title=\"Amparo Medina a Senadores de la Naci\u00f3n Argentina\" width=\"1170\" height=\"658\" src=\"https:\/\/www.youtube.com\/embed\/QU2NNcFEQQA?feature=oembed\" frameborder=\"0\" allow=\"accelerometer; autoplay; clipboard-write; encrypted-media; gyroscope; picture-in-picture; web-share\" allowfullscreen><\/iframe><\/p>\n<script>function PlayerjsAsync(){} if(window[\"Playerjs\"]){PlayerjsAsync();}<\/script>","protected":false},"excerpt":{"rendered":"<p>La pedagoga social ecuatoriana y activista en Derechos Humanos, Amparo Medina, se dirigi\u00f3 a los Senadores Nacionales argentinos ante la decisi\u00f3n que deber\u00e1n tomar el pr\u00f3ximo 8 de agosto sobre la despenalizaci\u00f3n del aborto: &#8220;Si ustedes caen, cae toda Am\u00e9rica Latina&#8221;. La activista de Derechos Humanos, Amparo Medina, se manifest\u00f3 ante los Senadores Nacionales argentinos [&hellip;]<\/p>\n","protected":false},"author":1,"featured_media":1637,"comment_status":"closed","ping_status":"closed","sticky":false,"template":"","format":"standard","meta":{"content-type":"","footnotes":""},"categories":[4,9],"tags":[],"class_list":{"0":"post-1636","1":"post","2":"type-post","3":"status-publish","4":"format-standard","5":"has-post-thumbnail","7":"category-politica","8":"category-titulares"},"yoast_head":"<!-- This site is optimized with the Yoast SEO plugin v27.4 - https:\/\/yoast.com\/product\/yoast-seo-wordpress\/ -->\n<title>Amparo Medina: &quot;Argentina es y debe ser pro-vida&quot; - Diario del Oeste<\/title>\n<meta name=\"robots\" content=\"index, follow, max-snippet:-1, max-image-preview:large, max-video-preview:-1\" \/>\n<link rel=\"canonical\" href=\"https:\/\/diariodeloeste.com\/noticias\/2018\/06\/29\/amparo-medina-argentina-es-y-debe-ser-pro-vida\/\" \/>\n<meta property=\"og:locale\" content=\"es_ES\" \/>\n<meta property=\"og:type\" content=\"article\" \/>\n<meta property=\"og:title\" content=\"Amparo Medina: &quot;Argentina es y debe ser pro-vida&quot; - Diario del Oeste\" \/>\n<meta property=\"og:description\" content=\"La pedagoga social ecuatoriana y activista en Derechos Humanos, Amparo Medina, se dirigi\u00f3 a los Senadores Nacionales argentinos ante la decisi\u00f3n que deber\u00e1n tomar el pr\u00f3ximo 8 de agosto sobre la despenalizaci\u00f3n del aborto: &#8220;Si ustedes caen, cae toda Am\u00e9rica Latina&#8221;. La activista de Derechos Humanos, Amparo Medina, se manifest\u00f3 ante los Senadores Nacionales argentinos [&hellip;]\" \/>\n<meta property=\"og:url\" content=\"https:\/\/diariodeloeste.com\/noticias\/2018\/06\/29\/amparo-medina-argentina-es-y-debe-ser-pro-vida\/\" \/>\n<meta property=\"og:site_name\" content=\"Diario del Oeste\" \/>\n<meta property=\"article:published_time\" content=\"2018-06-29T19:45:15+00:00\" \/>\n<meta property=\"og:image\" content=\"https:\/\/diariodeloeste.com\/noticias\/wp-content\/uploads\/2018\/06\/aborto.png\" \/>\n\t<meta property=\"og:image:width\" content=\"596\" \/>\n\t<meta property=\"og:image:height\" content=\"406\" \/>\n\t<meta property=\"og:image:type\" content=\"image\/png\" \/>\n<meta name=\"author\" content=\"admin\" \/>\n<meta name=\"twitter:card\" content=\"summary_large_image\" \/>\n<meta name=\"twitter:label1\" content=\"Escrito por\" \/>\n\t<meta name=\"twitter:data1\" content=\"admin\" \/>\n\t<meta name=\"twitter:label2\" content=\"Tiempo de lectura\" \/>\n\t<meta name=\"twitter:data2\" content=\"1 minuto\" \/>\n<script type=\"application\/ld+json\" class=\"yoast-schema-graph\">{\"@context\":\"https:\\\/\\\/schema.org\",\"@graph\":[{\"@type\":\"Article\",\"@id\":\"https:\\\/\\\/diariodeloeste.com\\\/noticias\\\/2018\\\/06\\\/29\\\/amparo-medina-argentina-es-y-debe-ser-pro-vida\\\/#article\",\"isPartOf\":{\"@id\":\"https:\\\/\\\/diariodeloeste.com\\\/noticias\\\/2018\\\/06\\\/29\\\/amparo-medina-argentina-es-y-debe-ser-pro-vida\\\/\"},\"author\":{\"name\":\"admin\",\"@id\":\"https:\\\/\\\/diariodeloeste.com\\\/noticias\\\/#\\\/schema\\\/person\\\/fe4f8b89d0c447922571265f616af325\"},\"headline\":\"Amparo Medina: &#8220;Argentina es y debe ser pro-vida&#8221;\",\"datePublished\":\"2018-06-29T19:45:15+00:00\",\"mainEntityOfPage\":{\"@id\":\"https:\\\/\\\/diariodeloeste.com\\\/noticias\\\/2018\\\/06\\\/29\\\/amparo-medina-argentina-es-y-debe-ser-pro-vida\\\/\"},\"wordCount\":277,\"publisher\":{\"@id\":\"https:\\\/\\\/diariodeloeste.com\\\/noticias\\\/#organization\"},\"image\":{\"@id\":\"https:\\\/\\\/diariodeloeste.com\\\/noticias\\\/2018\\\/06\\\/29\\\/amparo-medina-argentina-es-y-debe-ser-pro-vida\\\/#primaryimage\"},\"thumbnailUrl\":\"https:\\\/\\\/diariodeloeste.com\\\/noticias\\\/wp-content\\\/uploads\\\/2018\\\/06\\\/aborto.png\",\"articleSection\":[\"Pol\u00edtica\",\"Titulares\"],\"inLanguage\":\"es-AR\"},{\"@type\":\"WebPage\",\"@id\":\"https:\\\/\\\/diariodeloeste.com\\\/noticias\\\/2018\\\/06\\\/29\\\/amparo-medina-argentina-es-y-debe-ser-pro-vida\\\/\",\"url\":\"https:\\\/\\\/diariodeloeste.com\\\/noticias\\\/2018\\\/06\\\/29\\\/amparo-medina-argentina-es-y-debe-ser-pro-vida\\\/\",\"name\":\"Amparo Medina: \\\"Argentina es y debe ser pro-vida\\\" - Diario del Oeste\",\"isPartOf\":{\"@id\":\"https:\\\/\\\/diariodeloeste.com\\\/noticias\\\/#website\"},\"primaryImageOfPage\":{\"@id\":\"https:\\\/\\\/diariodeloeste.com\\\/noticias\\\/2018\\\/06\\\/29\\\/amparo-medina-argentina-es-y-debe-ser-pro-vida\\\/#primaryimage\"},\"image\":{\"@id\":\"https:\\\/\\\/diariodeloeste.com\\\/noticias\\\/2018\\\/06\\\/29\\\/amparo-medina-argentina-es-y-debe-ser-pro-vida\\\/#primaryimage\"},\"thumbnailUrl\":\"https:\\\/\\\/diariodeloeste.com\\\/noticias\\\/wp-content\\\/uploads\\\/2018\\\/06\\\/aborto.png\",\"datePublished\":\"2018-06-29T19:45:15+00:00\",\"breadcrumb\":{\"@id\":\"https:\\\/\\\/diariodeloeste.com\\\/noticias\\\/2018\\\/06\\\/29\\\/amparo-medina-argentina-es-y-debe-ser-pro-vida\\\/#breadcrumb\"},\"inLanguage\":\"es-AR\",\"potentialAction\":[{\"@type\":\"ReadAction\",\"target\":[\"https:\\\/\\\/diariodeloeste.com\\\/noticias\\\/2018\\\/06\\\/29\\\/amparo-medina-argentina-es-y-debe-ser-pro-vida\\\/\"]}]},{\"@type\":\"ImageObject\",\"inLanguage\":\"es-AR\",\"@id\":\"https:\\\/\\\/diariodeloeste.com\\\/noticias\\\/2018\\\/06\\\/29\\\/amparo-medina-argentina-es-y-debe-ser-pro-vida\\\/#primaryimage\",\"url\":\"https:\\\/\\\/diariodeloeste.com\\\/noticias\\\/wp-content\\\/uploads\\\/2018\\\/06\\\/aborto.png\",\"contentUrl\":\"https:\\\/\\\/diariodeloeste.com\\\/noticias\\\/wp-content\\\/uploads\\\/2018\\\/06\\\/aborto.png\",\"width\":596,\"height\":406},{\"@type\":\"BreadcrumbList\",\"@id\":\"https:\\\/\\\/diariodeloeste.com\\\/noticias\\\/2018\\\/06\\\/29\\\/amparo-medina-argentina-es-y-debe-ser-pro-vida\\\/#breadcrumb\",\"itemListElement\":[{\"@type\":\"ListItem\",\"position\":1,\"name\":\"Inicio\",\"item\":\"https:\\\/\\\/diariodeloeste.com\\\/noticias\\\/\"},{\"@type\":\"ListItem\",\"position\":2,\"name\":\"Amparo Medina: &#8220;Argentina es y debe ser pro-vida&#8221;\"}]},{\"@type\":\"WebSite\",\"@id\":\"https:\\\/\\\/diariodeloeste.com\\\/noticias\\\/#website\",\"url\":\"https:\\\/\\\/diariodeloeste.com\\\/noticias\\\/\",\"name\":\"Diario del Oeste\",\"description\":\"Noticias del Oeste\",\"publisher\":{\"@id\":\"https:\\\/\\\/diariodeloeste.com\\\/noticias\\\/#organization\"},\"potentialAction\":[{\"@type\":\"SearchAction\",\"target\":{\"@type\":\"EntryPoint\",\"urlTemplate\":\"https:\\\/\\\/diariodeloeste.com\\\/noticias\\\/?s={search_term_string}\"},\"query-input\":{\"@type\":\"PropertyValueSpecification\",\"valueRequired\":true,\"valueName\":\"search_term_string\"}}],\"inLanguage\":\"es-AR\"},{\"@type\":\"Organization\",\"@id\":\"https:\\\/\\\/diariodeloeste.com\\\/noticias\\\/#organization\",\"name\":\"Diario del Oeste\",\"url\":\"https:\\\/\\\/diariodeloeste.com\\\/noticias\\\/\",\"logo\":{\"@type\":\"ImageObject\",\"inLanguage\":\"es-AR\",\"@id\":\"https:\\\/\\\/diariodeloeste.com\\\/noticias\\\/#\\\/schema\\\/logo\\\/image\\\/\",\"url\":\"https:\\\/\\\/diariodeloeste.com\\\/noticias\\\/wp-content\\\/uploads\\\/2019\\\/04\\\/logo.png\",\"contentUrl\":\"https:\\\/\\\/diariodeloeste.com\\\/noticias\\\/wp-content\\\/uploads\\\/2019\\\/04\\\/logo.png\",\"width\":306,\"height\":145,\"caption\":\"Diario del Oeste\"},\"image\":{\"@id\":\"https:\\\/\\\/diariodeloeste.com\\\/noticias\\\/#\\\/schema\\\/logo\\\/image\\\/\"}},{\"@type\":\"Person\",\"@id\":\"https:\\\/\\\/diariodeloeste.com\\\/noticias\\\/#\\\/schema\\\/person\\\/fe4f8b89d0c447922571265f616af325\",\"name\":\"admin\",\"image\":{\"@type\":\"ImageObject\",\"inLanguage\":\"es-AR\",\"@id\":\"https:\\\/\\\/secure.gravatar.com\\\/avatar\\\/c1dcbae4a1eda6214c7bc9115f54e8889dd662450ef0ab6cb929af1bf9054141?s=96&d=mm&r=g\",\"url\":\"https:\\\/\\\/secure.gravatar.com\\\/avatar\\\/c1dcbae4a1eda6214c7bc9115f54e8889dd662450ef0ab6cb929af1bf9054141?s=96&d=mm&r=g\",\"contentUrl\":\"https:\\\/\\\/secure.gravatar.com\\\/avatar\\\/c1dcbae4a1eda6214c7bc9115f54e8889dd662450ef0ab6cb929af1bf9054141?s=96&d=mm&r=g\",\"caption\":\"admin\"},\"url\":\"https:\\\/\\\/diariodeloeste.com\\\/noticias\\\/author\\\/admin\\\/\"}]}<\/script>\n<!-- \/ Yoast SEO plugin. -->","yoast_head_json":{"title":"Amparo Medina: \"Argentina es y debe ser pro-vida\" - Diario del Oeste","robots":{"index":"index","follow":"follow","max-snippet":"max-snippet:-1","max-image-preview":"max-image-preview:large","max-video-preview":"max-video-preview:-1"},"canonical":"https:\/\/diariodeloeste.com\/noticias\/2018\/06\/29\/amparo-medina-argentina-es-y-debe-ser-pro-vida\/","og_locale":"es_ES","og_type":"article","og_title":"Amparo Medina: \"Argentina es y debe ser pro-vida\" - Diario del Oeste","og_description":"La pedagoga social ecuatoriana y activista en Derechos Humanos, Amparo Medina, se dirigi\u00f3 a los Senadores Nacionales argentinos ante la decisi\u00f3n que deber\u00e1n tomar el pr\u00f3ximo 8 de agosto sobre la despenalizaci\u00f3n del aborto: &#8220;Si ustedes caen, cae toda Am\u00e9rica Latina&#8221;. La activista de Derechos Humanos, Amparo Medina, se manifest\u00f3 ante los Senadores Nacionales argentinos [&hellip;]","og_url":"https:\/\/diariodeloeste.com\/noticias\/2018\/06\/29\/amparo-medina-argentina-es-y-debe-ser-pro-vida\/","og_site_name":"Diario del Oeste","article_published_time":"2018-06-29T19:45:15+00:00","og_image":[{"width":596,"height":406,"url":"https:\/\/diariodeloeste.com\/noticias\/wp-content\/uploads\/2018\/06\/aborto.png","type":"image\/png"}],"author":"admin","twitter_card":"summary_large_image","twitter_misc":{"Escrito por":"admin","Tiempo de lectura":"1 minuto"},"schema":{"@context":"https:\/\/schema.org","@graph":[{"@type":"Article","@id":"https:\/\/diariodeloeste.com\/noticias\/2018\/06\/29\/amparo-medina-argentina-es-y-debe-ser-pro-vida\/#article","isPartOf":{"@id":"https:\/\/diariodeloeste.com\/noticias\/2018\/06\/29\/amparo-medina-argentina-es-y-debe-ser-pro-vida\/"},"author":{"name":"admin","@id":"https:\/\/diariodeloeste.com\/noticias\/#\/schema\/person\/fe4f8b89d0c447922571265f616af325"},"headline":"Amparo Medina: &#8220;Argentina es y debe ser pro-vida&#8221;","datePublished":"2018-06-29T19:45:15+00:00","mainEntityOfPage":{"@id":"https:\/\/diariodeloeste.com\/noticias\/2018\/06\/29\/amparo-medina-argentina-es-y-debe-ser-pro-vida\/"},"wordCount":277,"publisher":{"@id":"https:\/\/diariodeloeste.com\/noticias\/#organization"},"image":{"@id":"https:\/\/diariodeloeste.com\/noticias\/2018\/06\/29\/amparo-medina-argentina-es-y-debe-ser-pro-vida\/#primaryimage"},"thumbnailUrl":"https:\/\/diariodeloeste.com\/noticias\/wp-content\/uploads\/2018\/06\/aborto.png","articleSection":["Pol\u00edtica","Titulares"],"inLanguage":"es-AR"},{"@type":"WebPage","@id":"https:\/\/diariodeloeste.com\/noticias\/2018\/06\/29\/amparo-medina-argentina-es-y-debe-ser-pro-vida\/","url":"https:\/\/diariodeloeste.com\/noticias\/2018\/06\/29\/amparo-medina-argentina-es-y-debe-ser-pro-vida\/","name":"Amparo Medina: \"Argentina es y debe ser pro-vida\" - Diario del Oeste","isPartOf":{"@id":"https:\/\/diariodeloeste.com\/noticias\/#website"},"primaryImageOfPage":{"@id":"https:\/\/diariodeloeste.com\/noticias\/2018\/06\/29\/amparo-medina-argentina-es-y-debe-ser-pro-vida\/#primaryimage"},"image":{"@id":"https:\/\/diariodeloeste.com\/noticias\/2018\/06\/29\/amparo-medina-argentina-es-y-debe-ser-pro-vida\/#primaryimage"},"thumbnailUrl":"https:\/\/diariodeloeste.com\/noticias\/wp-content\/uploads\/2018\/06\/aborto.png","datePublished":"2018-06-29T19:45:15+00:00","breadcrumb":{"@id":"https:\/\/diariodeloeste.com\/noticias\/2018\/06\/29\/amparo-medina-argentina-es-y-debe-ser-pro-vida\/#breadcrumb"},"inLanguage":"es-AR","potentialAction":[{"@type":"ReadAction","target":["https:\/\/diariodeloeste.com\/noticias\/2018\/06\/29\/amparo-medina-argentina-es-y-debe-ser-pro-vida\/"]}]},{"@type":"ImageObject","inLanguage":"es-AR","@id":"https:\/\/diariodeloeste.com\/noticias\/2018\/06\/29\/amparo-medina-argentina-es-y-debe-ser-pro-vida\/#primaryimage","url":"https:\/\/diariodeloeste.com\/noticias\/wp-content\/uploads\/2018\/06\/aborto.png","contentUrl":"https:\/\/diariodeloeste.com\/noticias\/wp-content\/uploads\/2018\/06\/aborto.png","width":596,"height":406},{"@type":"BreadcrumbList","@id":"https:\/\/diariodeloeste.com\/noticias\/2018\/06\/29\/amparo-medina-argentina-es-y-debe-ser-pro-vida\/#breadcrumb","itemListElement":[{"@type":"ListItem","position":1,"name":"Inicio","item":"https:\/\/diariodeloeste.com\/noticias\/"},{"@type":"ListItem","position":2,"name":"Amparo Medina: &#8220;Argentina es y debe ser pro-vida&#8221;"}]},{"@type":"WebSite","@id":"https:\/\/diariodeloeste.com\/noticias\/#website","url":"https:\/\/diariodeloeste.com\/noticias\/","name":"Diario del Oeste","description":"Noticias del Oeste","publisher":{"@id":"https:\/\/diariodeloeste.com\/noticias\/#organization"},"potentialAction":[{"@type":"SearchAction","target":{"@type":"EntryPoint","urlTemplate":"https:\/\/diariodeloeste.com\/noticias\/?s={search_term_string}"},"query-input":{"@type":"PropertyValueSpecification","valueRequired":true,"valueName":"search_term_string"}}],"inLanguage":"es-AR"},{"@type":"Organization","@id":"https:\/\/diariodeloeste.com\/noticias\/#organization","name":"Diario del Oeste","url":"https:\/\/diariodeloeste.com\/noticias\/","logo":{"@type":"ImageObject","inLanguage":"es-AR","@id":"https:\/\/diariodeloeste.com\/noticias\/#\/schema\/logo\/image\/","url":"https:\/\/diariodeloeste.com\/noticias\/wp-content\/uploads\/2019\/04\/logo.png","contentUrl":"https:\/\/diariodeloeste.com\/noticias\/wp-content\/uploads\/2019\/04\/logo.png","width":306,"height":145,"caption":"Diario del Oeste"},"image":{"@id":"https:\/\/diariodeloeste.com\/noticias\/#\/schema\/logo\/image\/"}},{"@type":"Person","@id":"https:\/\/diariodeloeste.com\/noticias\/#\/schema\/person\/fe4f8b89d0c447922571265f616af325","name":"admin","image":{"@type":"ImageObject","inLanguage":"es-AR","@id":"https:\/\/secure.gravatar.com\/avatar\/c1dcbae4a1eda6214c7bc9115f54e8889dd662450ef0ab6cb929af1bf9054141?s=96&d=mm&r=g","url":"https:\/\/secure.gravatar.com\/avatar\/c1dcbae4a1eda6214c7bc9115f54e8889dd662450ef0ab6cb929af1bf9054141?s=96&d=mm&r=g","contentUrl":"https:\/\/secure.gravatar.com\/avatar\/c1dcbae4a1eda6214c7bc9115f54e8889dd662450ef0ab6cb929af1bf9054141?s=96&d=mm&r=g","caption":"admin"},"url":"https:\/\/diariodeloeste.com\/noticias\/author\/admin\/"}]}},"_links":{"self":[{"href":"https:\/\/diariodeloeste.com\/noticias\/wp-json\/wp\/v2\/posts\/1636","targetHints":{"allow":["GET"]}}],"collection":[{"href":"https:\/\/diariodeloeste.com\/noticias\/wp-json\/wp\/v2\/posts"}],"about":[{"href":"https:\/\/diariodeloeste.com\/noticias\/wp-json\/wp\/v2\/types\/post"}],"author":[{"embeddable":true,"href":"https:\/\/diariodeloeste.com\/noticias\/wp-json\/wp\/v2\/users\/1"}],"replies":[{"embeddable":true,"href":"https:\/\/diariodeloeste.com\/noticias\/wp-json\/wp\/v2\/comments?post=1636"}],"version-history":[{"count":1,"href":"https:\/\/diariodeloeste.com\/noticias\/wp-json\/wp\/v2\/posts\/1636\/revisions"}],"predecessor-version":[{"id":1638,"href":"https:\/\/diariodeloeste.com\/noticias\/wp-json\/wp\/v2\/posts\/1636\/revisions\/1638"}],"wp:featuredmedia":[{"embeddable":true,"href":"https:\/\/diariodeloeste.com\/noticias\/wp-json\/wp\/v2\/media\/1637"}],"wp:attachment":[{"href":"https:\/\/diariodeloeste.com\/noticias\/wp-json\/wp\/v2\/media?parent=1636"}],"wp:term":[{"taxonomy":"category","embeddable":true,"href":"https:\/\/diariodeloeste.com\/noticias\/wp-json\/wp\/v2\/categories?post=1636"},{"taxonomy":"post_tag","embeddable":true,"href":"https:\/\/diariodeloeste.com\/noticias\/wp-json\/wp\/v2\/tags?post=1636"}],"curies":[{"name":"wp","href":"https:\/\/api.w.org\/{rel}","templated":true}]}}