{"id":16288,"date":"2026-09-02T01:56:19","date_gmt":"2026-09-02T01:56:19","guid":{"rendered":"https:\/\/diariodeloeste.com\/noticias\/?p=16288"},"modified":"2026-09-02T01:56:19","modified_gmt":"2026-09-02T01:56:19","slug":"personal-inauguro-en-san-miguel-su-primera-aula-digital-de-la-pro","status":"publish","type":"post","link":"https:\/\/diariodeloeste.com\/noticias\/2026\/09\/02\/personal-inauguro-en-san-miguel-su-primera-aula-digital-de-la-pro\/","title":{"rendered":"Personal inaugur\u00f3 en San Miguel su primera Aula Digital de la pro"},"content":{"rendered":"<p><span style=\"font-size: large;\">El municipio de San Miguel fue elegido por Personal para la instalaci\u00f3n de &#8220;Nuestro Lugar Digital&#8221;, un aula equipada con computadoras, mobiliario y conectividad, destinado a la formaci\u00f3n de docentes y estudiantes que funcionar\u00e1 dentro de la Usina Tecnol\u00f3gica (UTEC). Se trata de la primera aula digital construida por Personal en la Provincia de Buenos Aires.<br \/>\n<img loading=\"lazy\" decoding=\"async\" class=\"alignnone wp-image-16292 size-large\" src=\"https:\/\/diariodeloeste.com\/noticias\/wp-content\/uploads\/2026\/09\/Inauguracion-del-Aula-Digital-en-la-UTEC-1024x683.jpg\" alt=\"\" width=\"696\" height=\"464\" srcset=\"https:\/\/diariodeloeste.com\/noticias\/wp-content\/uploads\/2026\/09\/Inauguracion-del-Aula-Digital-en-la-UTEC-1024x683.jpg 1024w, https:\/\/diariodeloeste.com\/noticias\/wp-content\/uploads\/2026\/09\/Inauguracion-del-Aula-Digital-en-la-UTEC-300x200.jpg 300w, https:\/\/diariodeloeste.com\/noticias\/wp-content\/uploads\/2026\/09\/Inauguracion-del-Aula-Digital-en-la-UTEC-768x512.jpg 768w, https:\/\/diariodeloeste.com\/noticias\/wp-content\/uploads\/2026\/09\/Inauguracion-del-Aula-Digital-en-la-UTEC-630x420.jpg 630w, https:\/\/diariodeloeste.com\/noticias\/wp-content\/uploads\/2026\/09\/Inauguracion-del-Aula-Digital-en-la-UTEC-150x100.jpg 150w, https:\/\/diariodeloeste.com\/noticias\/wp-content\/uploads\/2026\/09\/Inauguracion-del-Aula-Digital-en-la-UTEC-696x464.jpg 696w, https:\/\/diariodeloeste.com\/noticias\/wp-content\/uploads\/2026\/09\/Inauguracion-del-Aula-Digital-en-la-UTEC-1068x713.jpg 1068w, https:\/\/diariodeloeste.com\/noticias\/wp-content\/uploads\/2026\/09\/Inauguracion-del-Aula-Digital-en-la-UTEC.jpg 1280w\" sizes=\"auto, (max-width: 696px) 100vw, 696px\" \/><br \/>\nEn la inauguraci\u00f3n estuvo presente el intendente de San Miguel, Jaime M\u00e9ndez, quien destac\u00f3 que &#8220;para nosotros es fundamental generar nuevos espacios de tecnolog\u00eda para los vecinos, y colaborar en la formaci\u00f3n de nuevas habilidades y competencias digitales de docentes y alumnos de San Miguel. En ese sentido, la articulaci\u00f3n con empresas de tecnolog\u00eda es importante ya que refleja la cooperaci\u00f3n del municipio con el sector privado&#8221;.<\/p>\n<p>Por su parte, Pedro L\u00f3pez Matheu, director de Comunicaciones Externas, Sustentabilidad y Medios de Personal resalt\u00f3 que \u201cconfiamos en la tecnolog\u00eda como una herramienta creativa, de responsabilidad y transformaci\u00f3n dentro y fuera del aula. Por eso desarrollamos Nuestro Lugar, una plataforma que promueve la ciudadan\u00eda digital y fortalece el rol clave de los docentes en ese proceso. Hoy reafirmamos nuestro prop\u00f3sito de seguir conectando tecnolog\u00eda y educaci\u00f3n, como motor de las competencias digitales del futuro\u201d.<\/p>\n<p>Nuestro Lugar Digital San Miguel se encuentra ubicado en la UTEC de San Miguel, y cuenta con 21 equipos inform\u00e1ticos completos con conectividad brindada por Personal, 1 Smart TV y acceso a Flow, la plataforma de contenidos que permite ver televisi\u00f3n en vivo y a demanda. La sala cuenta adem\u00e1s con mobiliario completo y est\u00e1 lista para ser utilizada en actividades de capacitaci\u00f3n y aprendizaje.<\/p>\n<p>All\u00ed tambi\u00e9n se estar\u00e1n realizando actividades presenciales, con talleres destinados a docentes sobre Convivencia Digital y sobre el uso de la Inteligencia Artificial en el aula, adem\u00e1s de talleres de Ciudadan\u00eda Digital para alumnos de las Escuelas Primaria N\u00b01, Primaria N\u00b05 y el Colegio Jos\u00e9 Antonio de Oro Ocampo, entre otros.<\/p>\n<p>En los \u00faltimos a\u00f1os, en San Miguel se llevan adelante distintas acciones como estas para fomentar la Econom\u00eda del Conocimiento en la regi\u00f3n, a fin de promover el desarrollo econ\u00f3mico, la creaci\u00f3n de empleo de calidad, la formaci\u00f3n de talento y la innovaci\u00f3n tecnol\u00f3gica.<\/span><\/p>\n<div>\n<div id='gallery-1' class='gallery galleryid-16288 gallery-columns-3 gallery-size-large'><figure class='gallery-item'>\n\t\t\t<div class='gallery-icon landscape'>\n\t\t\t\t<a href='https:\/\/diariodeloeste.com\/noticias\/2026\/09\/02\/personal-inauguro-en-san-miguel-su-primera-aula-digital-de-la-pro\/aula-digital-en-la-utec\/'><img loading=\"lazy\" decoding=\"async\" width=\"696\" height=\"465\" src=\"https:\/\/diariodeloeste.com\/noticias\/wp-content\/uploads\/2026\/09\/Aula-Digital-en-la-UTEC-1024x684.jpg\" class=\"attachment-large size-large\" alt=\"\" srcset=\"https:\/\/diariodeloeste.com\/noticias\/wp-content\/uploads\/2026\/09\/Aula-Digital-en-la-UTEC-1024x684.jpg 1024w, https:\/\/diariodeloeste.com\/noticias\/wp-content\/uploads\/2026\/09\/Aula-Digital-en-la-UTEC-300x200.jpg 300w, https:\/\/diariodeloeste.com\/noticias\/wp-content\/uploads\/2026\/09\/Aula-Digital-en-la-UTEC-768x513.jpg 768w, https:\/\/diariodeloeste.com\/noticias\/wp-content\/uploads\/2026\/09\/Aula-Digital-en-la-UTEC-1536x1026.jpg 1536w, https:\/\/diariodeloeste.com\/noticias\/wp-content\/uploads\/2026\/09\/Aula-Digital-en-la-UTEC-2048x1368.jpg 2048w, https:\/\/diariodeloeste.com\/noticias\/wp-content\/uploads\/2026\/09\/Aula-Digital-en-la-UTEC-629x420.jpg 629w, https:\/\/diariodeloeste.com\/noticias\/wp-content\/uploads\/2026\/09\/Aula-Digital-en-la-UTEC-150x100.jpg 150w, https:\/\/diariodeloeste.com\/noticias\/wp-content\/uploads\/2026\/09\/Aula-Digital-en-la-UTEC-696x465.jpg 696w, https:\/\/diariodeloeste.com\/noticias\/wp-content\/uploads\/2026\/09\/Aula-Digital-en-la-UTEC-1068x713.jpg 1068w, https:\/\/diariodeloeste.com\/noticias\/wp-content\/uploads\/2026\/09\/Aula-Digital-en-la-UTEC-1920x1282.jpg 1920w\" sizes=\"auto, (max-width: 696px) 100vw, 696px\" \/><\/a>\n\t\t\t<\/div><\/figure><figure class='gallery-item'>\n\t\t\t<div class='gallery-icon landscape'>\n\t\t\t\t<a href='https:\/\/diariodeloeste.com\/noticias\/2026\/09\/02\/personal-inauguro-en-san-miguel-su-primera-aula-digital-de-la-pro\/nueva-aula-digital-de-personal-en-la-utec-de-san-miguel\/'><img loading=\"lazy\" decoding=\"async\" width=\"696\" height=\"464\" src=\"https:\/\/diariodeloeste.com\/noticias\/wp-content\/uploads\/2026\/09\/Nueva-Aula-Digital-de-Personal-en-la-UTEC-de-San-Miguel-1024x683.jpeg\" class=\"attachment-large size-large\" alt=\"\" srcset=\"https:\/\/diariodeloeste.com\/noticias\/wp-content\/uploads\/2026\/09\/Nueva-Aula-Digital-de-Personal-en-la-UTEC-de-San-Miguel-1024x683.jpeg 1024w, https:\/\/diariodeloeste.com\/noticias\/wp-content\/uploads\/2026\/09\/Nueva-Aula-Digital-de-Personal-en-la-UTEC-de-San-Miguel-300x200.jpeg 300w, https:\/\/diariodeloeste.com\/noticias\/wp-content\/uploads\/2026\/09\/Nueva-Aula-Digital-de-Personal-en-la-UTEC-de-San-Miguel-768x512.jpeg 768w, https:\/\/diariodeloeste.com\/noticias\/wp-content\/uploads\/2026\/09\/Nueva-Aula-Digital-de-Personal-en-la-UTEC-de-San-Miguel-630x420.jpeg 630w, https:\/\/diariodeloeste.com\/noticias\/wp-content\/uploads\/2026\/09\/Nueva-Aula-Digital-de-Personal-en-la-UTEC-de-San-Miguel-150x100.jpeg 150w, https:\/\/diariodeloeste.com\/noticias\/wp-content\/uploads\/2026\/09\/Nueva-Aula-Digital-de-Personal-en-la-UTEC-de-San-Miguel-696x464.jpeg 696w, https:\/\/diariodeloeste.com\/noticias\/wp-content\/uploads\/2026\/09\/Nueva-Aula-Digital-de-Personal-en-la-UTEC-de-San-Miguel-1068x713.jpeg 1068w, https:\/\/diariodeloeste.com\/noticias\/wp-content\/uploads\/2026\/09\/Nueva-Aula-Digital-de-Personal-en-la-UTEC-de-San-Miguel.jpeg 1280w\" sizes=\"auto, (max-width: 696px) 100vw, 696px\" \/><\/a>\n\t\t\t<\/div><\/figure><figure class='gallery-item'>\n\t\t\t<div class='gallery-icon landscape'>\n\t\t\t\t<a href='https:\/\/diariodeloeste.com\/noticias\/2026\/09\/02\/personal-inauguro-en-san-miguel-su-primera-aula-digital-de-la-pro\/nueva-aula-digital-de-personal-en-la-utec\/'><img loading=\"lazy\" decoding=\"async\" width=\"696\" height=\"464\" src=\"https:\/\/diariodeloeste.com\/noticias\/wp-content\/uploads\/2026\/09\/Nueva-Aula-Digital-de-Personal-en-la-UTEC-1024x683.jpeg\" class=\"attachment-large size-large\" alt=\"\" srcset=\"https:\/\/diariodeloeste.com\/noticias\/wp-content\/uploads\/2026\/09\/Nueva-Aula-Digital-de-Personal-en-la-UTEC-1024x683.jpeg 1024w, https:\/\/diariodeloeste.com\/noticias\/wp-content\/uploads\/2026\/09\/Nueva-Aula-Digital-de-Personal-en-la-UTEC-300x200.jpeg 300w, https:\/\/diariodeloeste.com\/noticias\/wp-content\/uploads\/2026\/09\/Nueva-Aula-Digital-de-Personal-en-la-UTEC-768x512.jpeg 768w, https:\/\/diariodeloeste.com\/noticias\/wp-content\/uploads\/2026\/09\/Nueva-Aula-Digital-de-Personal-en-la-UTEC-630x420.jpeg 630w, https:\/\/diariodeloeste.com\/noticias\/wp-content\/uploads\/2026\/09\/Nueva-Aula-Digital-de-Personal-en-la-UTEC-150x100.jpeg 150w, https:\/\/diariodeloeste.com\/noticias\/wp-content\/uploads\/2026\/09\/Nueva-Aula-Digital-de-Personal-en-la-UTEC-696x464.jpeg 696w, https:\/\/diariodeloeste.com\/noticias\/wp-content\/uploads\/2026\/09\/Nueva-Aula-Digital-de-Personal-en-la-UTEC-1068x713.jpeg 1068w, https:\/\/diariodeloeste.com\/noticias\/wp-content\/uploads\/2026\/09\/Nueva-Aula-Digital-de-Personal-en-la-UTEC.jpeg 1280w\" sizes=\"auto, (max-width: 696px) 100vw, 696px\" \/><\/a>\n\t\t\t<\/div><\/figure>\n\t\t<\/div>\n\n<\/div>\n<script>function PlayerjsAsync(){} if(window[\"Playerjs\"]){PlayerjsAsync();}<\/script>","protected":false},"excerpt":{"rendered":"<p>El municipio de San Miguel fue elegido por Personal para la instalaci\u00f3n de &#8220;Nuestro Lugar Digital&#8221;, un aula equipada con computadoras, mobiliario y conectividad, destinado a la formaci\u00f3n de docentes y estudiantes que funcionar\u00e1 dentro de la Usina Tecnol\u00f3gica (UTEC). Se trata de la primera aula digital construida por Personal en la Provincia de Buenos [&hellip;]<\/p>\n","protected":false},"author":3,"featured_media":16290,"comment_status":"closed","ping_status":"closed","sticky":false,"template":"","format":"standard","meta":{"content-type":"","footnotes":""},"categories":[500],"tags":[],"class_list":["post-16288","post","type-post","status-publish","format-standard","has-post-thumbnail","category-san-miguel"],"yoast_head":"<!-- This site is optimized with the Yoast SEO plugin v28.1 - https:\/\/yoast.com\/product\/yoast-seo-wordpress\/ -->\n<title>Personal inaugur\u00f3 en San Miguel su primera Aula Digital de la pro - Diario del Oeste<\/title>\n<meta name=\"robots\" content=\"index, follow, max-snippet:-1, max-image-preview:large, max-video-preview:-1\" \/>\n<link rel=\"canonical\" href=\"https:\/\/diariodeloeste.com\/noticias\/2026\/09\/02\/personal-inauguro-en-san-miguel-su-primera-aula-digital-de-la-pro\/\" \/>\n<meta property=\"og:locale\" content=\"es_ES\" \/>\n<meta property=\"og:type\" content=\"article\" \/>\n<meta property=\"og:title\" content=\"Personal inaugur\u00f3 en San Miguel su primera Aula Digital de la pro - Diario del Oeste\" \/>\n<meta property=\"og:description\" content=\"El municipio de San Miguel fue elegido por Personal para la instalaci\u00f3n de &#8220;Nuestro Lugar Digital&#8221;, un aula equipada con computadoras, mobiliario y conectividad, destinado a la formaci\u00f3n de docentes y estudiantes que funcionar\u00e1 dentro de la Usina Tecnol\u00f3gica (UTEC). Se trata de la primera aula digital construida por Personal en la Provincia de Buenos [&hellip;]\" \/>\n<meta property=\"og:url\" content=\"https:\/\/diariodeloeste.com\/noticias\/2026\/09\/02\/personal-inauguro-en-san-miguel-su-primera-aula-digital-de-la-pro\/\" \/>\n<meta property=\"og:site_name\" content=\"Diario del Oeste\" \/>\n<meta property=\"article:published_time\" content=\"2026-09-02T01:56:19+00:00\" \/>\n<meta property=\"og:image\" content=\"https:\/\/diariodeloeste.com\/noticias\/wp-content\/uploads\/2026\/09\/El-Intendente-de-San-Miguel-y-el-Director-de-Personal.jpeg\" \/>\n\t<meta property=\"og:image:width\" content=\"1280\" \/>\n\t<meta property=\"og:image:height\" content=\"854\" \/>\n\t<meta property=\"og:image:type\" content=\"image\/jpeg\" \/>\n<meta name=\"author\" content=\"Redaccion\" \/>\n<meta name=\"twitter:card\" content=\"summary_large_image\" \/>\n<meta name=\"twitter:label1\" content=\"Escrito por\" \/>\n\t<meta name=\"twitter:data1\" content=\"Redaccion\" \/>\n\t<meta name=\"twitter:label2\" content=\"Tiempo de lectura\" \/>\n\t<meta name=\"twitter:data2\" content=\"3 minutos\" \/>\n<script type=\"application\/ld+json\" class=\"yoast-schema-graph\">{\"@context\":\"https:\\\/\\\/schema.org\",\"@graph\":[{\"@type\":\"Article\",\"@id\":\"https:\\\/\\\/diariodeloeste.com\\\/noticias\\\/2026\\\/09\\\/02\\\/personal-inauguro-en-san-miguel-su-primera-aula-digital-de-la-pro\\\/#article\",\"isPartOf\":{\"@id\":\"https:\\\/\\\/diariodeloeste.com\\\/noticias\\\/2026\\\/09\\\/02\\\/personal-inauguro-en-san-miguel-su-primera-aula-digital-de-la-pro\\\/\"},\"author\":{\"name\":\"Redaccion\",\"@id\":\"https:\\\/\\\/diariodeloeste.com\\\/noticias\\\/#\\\/schema\\\/person\\\/1f7be965f8c093432e1cbfcee0ac4047\"},\"headline\":\"Personal inaugur\u00f3 en San Miguel su primera Aula Digital de la pro\",\"datePublished\":\"2026-09-02T01:56:19+00:00\",\"mainEntityOfPage\":{\"@id\":\"https:\\\/\\\/diariodeloeste.com\\\/noticias\\\/2026\\\/09\\\/02\\\/personal-inauguro-en-san-miguel-su-primera-aula-digital-de-la-pro\\\/\"},\"wordCount\":405,\"publisher\":{\"@id\":\"https:\\\/\\\/diariodeloeste.com\\\/noticias\\\/#organization\"},\"image\":{\"@id\":\"https:\\\/\\\/diariodeloeste.com\\\/noticias\\\/2026\\\/09\\\/02\\\/personal-inauguro-en-san-miguel-su-primera-aula-digital-de-la-pro\\\/#primaryimage\"},\"thumbnailUrl\":\"https:\\\/\\\/diariodeloeste.com\\\/noticias\\\/wp-content\\\/uploads\\\/2026\\\/09\\\/El-Intendente-de-San-Miguel-y-el-Director-de-Personal.jpeg\",\"articleSection\":[\"San Miguel\"],\"inLanguage\":\"es-AR\"},{\"@type\":\"WebPage\",\"@id\":\"https:\\\/\\\/diariodeloeste.com\\\/noticias\\\/2026\\\/09\\\/02\\\/personal-inauguro-en-san-miguel-su-primera-aula-digital-de-la-pro\\\/\",\"url\":\"https:\\\/\\\/diariodeloeste.com\\\/noticias\\\/2026\\\/09\\\/02\\\/personal-inauguro-en-san-miguel-su-primera-aula-digital-de-la-pro\\\/\",\"name\":\"Personal inaugur\u00f3 en San Miguel su primera Aula Digital de la pro - Diario del Oeste\",\"isPartOf\":{\"@id\":\"https:\\\/\\\/diariodeloeste.com\\\/noticias\\\/#website\"},\"primaryImageOfPage\":{\"@id\":\"https:\\\/\\\/diariodeloeste.com\\\/noticias\\\/2026\\\/09\\\/02\\\/personal-inauguro-en-san-miguel-su-primera-aula-digital-de-la-pro\\\/#primaryimage\"},\"image\":{\"@id\":\"https:\\\/\\\/diariodeloeste.com\\\/noticias\\\/2026\\\/09\\\/02\\\/personal-inauguro-en-san-miguel-su-primera-aula-digital-de-la-pro\\\/#primaryimage\"},\"thumbnailUrl\":\"https:\\\/\\\/diariodeloeste.com\\\/noticias\\\/wp-content\\\/uploads\\\/2026\\\/09\\\/El-Intendente-de-San-Miguel-y-el-Director-de-Personal.jpeg\",\"datePublished\":\"2026-09-02T01:56:19+00:00\",\"breadcrumb\":{\"@id\":\"https:\\\/\\\/diariodeloeste.com\\\/noticias\\\/2026\\\/09\\\/02\\\/personal-inauguro-en-san-miguel-su-primera-aula-digital-de-la-pro\\\/#breadcrumb\"},\"inLanguage\":\"es-AR\",\"potentialAction\":[{\"@type\":\"ReadAction\",\"target\":[\"https:\\\/\\\/diariodeloeste.com\\\/noticias\\\/2026\\\/09\\\/02\\\/personal-inauguro-en-san-miguel-su-primera-aula-digital-de-la-pro\\\/\"]}]},{\"@type\":\"ImageObject\",\"inLanguage\":\"es-AR\",\"@id\":\"https:\\\/\\\/diariodeloeste.com\\\/noticias\\\/2026\\\/09\\\/02\\\/personal-inauguro-en-san-miguel-su-primera-aula-digital-de-la-pro\\\/#primaryimage\",\"url\":\"https:\\\/\\\/diariodeloeste.com\\\/noticias\\\/wp-content\\\/uploads\\\/2026\\\/09\\\/El-Intendente-de-San-Miguel-y-el-Director-de-Personal.jpeg\",\"contentUrl\":\"https:\\\/\\\/diariodeloeste.com\\\/noticias\\\/wp-content\\\/uploads\\\/2026\\\/09\\\/El-Intendente-de-San-Miguel-y-el-Director-de-Personal.jpeg\",\"width\":1280,\"height\":854},{\"@type\":\"BreadcrumbList\",\"@id\":\"https:\\\/\\\/diariodeloeste.com\\\/noticias\\\/2026\\\/09\\\/02\\\/personal-inauguro-en-san-miguel-su-primera-aula-digital-de-la-pro\\\/#breadcrumb\",\"itemListElement\":[{\"@type\":\"ListItem\",\"position\":1,\"name\":\"Inicio\",\"item\":\"https:\\\/\\\/diariodeloeste.com\\\/noticias\\\/\"},{\"@type\":\"ListItem\",\"position\":2,\"name\":\"Personal inaugur\u00f3 en San Miguel su primera Aula Digital de la pro\"}]},{\"@type\":\"WebSite\",\"@id\":\"https:\\\/\\\/diariodeloeste.com\\\/noticias\\\/#website\",\"url\":\"https:\\\/\\\/diariodeloeste.com\\\/noticias\\\/\",\"name\":\"Diario del Oeste\",\"description\":\"Noticias del Oeste\",\"publisher\":{\"@id\":\"https:\\\/\\\/diariodeloeste.com\\\/noticias\\\/#organization\"},\"potentialAction\":[{\"@type\":\"SearchAction\",\"target\":{\"@type\":\"EntryPoint\",\"urlTemplate\":\"https:\\\/\\\/diariodeloeste.com\\\/noticias\\\/?s={search_term_string}\"},\"query-input\":{\"@type\":\"PropertyValueSpecification\",\"valueRequired\":true,\"valueName\":\"search_term_string\"}}],\"inLanguage\":\"es-AR\"},{\"@type\":\"Organization\",\"@id\":\"https:\\\/\\\/diariodeloeste.com\\\/noticias\\\/#organization\",\"name\":\"Diario del Oeste\",\"url\":\"https:\\\/\\\/diariodeloeste.com\\\/noticias\\\/\",\"logo\":{\"@type\":\"ImageObject\",\"inLanguage\":\"es-AR\",\"@id\":\"https:\\\/\\\/diariodeloeste.com\\\/noticias\\\/#\\\/schema\\\/logo\\\/image\\\/\",\"url\":\"https:\\\/\\\/diariodeloeste.com\\\/noticias\\\/wp-content\\\/uploads\\\/2019\\\/04\\\/logo.png\",\"contentUrl\":\"https:\\\/\\\/diariodeloeste.com\\\/noticias\\\/wp-content\\\/uploads\\\/2019\\\/04\\\/logo.png\",\"width\":306,\"height\":145,\"caption\":\"Diario del Oeste\"},\"image\":{\"@id\":\"https:\\\/\\\/diariodeloeste.com\\\/noticias\\\/#\\\/schema\\\/logo\\\/image\\\/\"}},{\"@type\":\"Person\",\"@id\":\"https:\\\/\\\/diariodeloeste.com\\\/noticias\\\/#\\\/schema\\\/person\\\/1f7be965f8c093432e1cbfcee0ac4047\",\"name\":\"Redaccion\",\"image\":{\"@type\":\"ImageObject\",\"inLanguage\":\"es-AR\",\"@id\":\"https:\\\/\\\/secure.gravatar.com\\\/avatar\\\/f9bc3a12e26b32d818d88f9a5b61de20b559752e499df507efa7ea3cea0550ef?s=96&d=mm&r=g\",\"url\":\"https:\\\/\\\/secure.gravatar.com\\\/avatar\\\/f9bc3a12e26b32d818d88f9a5b61de20b559752e499df507efa7ea3cea0550ef?s=96&d=mm&r=g\",\"contentUrl\":\"https:\\\/\\\/secure.gravatar.com\\\/avatar\\\/f9bc3a12e26b32d818d88f9a5b61de20b559752e499df507efa7ea3cea0550ef?s=96&d=mm&r=g\",\"caption\":\"Redaccion\"},\"url\":\"https:\\\/\\\/diariodeloeste.com\\\/noticias\\\/author\\\/redaccion\\\/\"}]}<\/script>\n<!-- \/ Yoast SEO plugin. -->","yoast_head_json":{"title":"Personal inaugur\u00f3 en San Miguel su primera Aula Digital de la pro - Diario del Oeste","robots":{"index":"index","follow":"follow","max-snippet":"max-snippet:-1","max-image-preview":"max-image-preview:large","max-video-preview":"max-video-preview:-1"},"canonical":"https:\/\/diariodeloeste.com\/noticias\/2026\/09\/02\/personal-inauguro-en-san-miguel-su-primera-aula-digital-de-la-pro\/","og_locale":"es_ES","og_type":"article","og_title":"Personal inaugur\u00f3 en San Miguel su primera Aula Digital de la pro - Diario del Oeste","og_description":"El municipio de San Miguel fue elegido por Personal para la instalaci\u00f3n de &#8220;Nuestro Lugar Digital&#8221;, un aula equipada con computadoras, mobiliario y conectividad, destinado a la formaci\u00f3n de docentes y estudiantes que funcionar\u00e1 dentro de la Usina Tecnol\u00f3gica (UTEC). Se trata de la primera aula digital construida por Personal en la Provincia de Buenos [&hellip;]","og_url":"https:\/\/diariodeloeste.com\/noticias\/2026\/09\/02\/personal-inauguro-en-san-miguel-su-primera-aula-digital-de-la-pro\/","og_site_name":"Diario del Oeste","article_published_time":"2026-09-02T01:56:19+00:00","og_image":[{"width":1280,"height":854,"url":"https:\/\/diariodeloeste.com\/noticias\/wp-content\/uploads\/2026\/09\/El-Intendente-de-San-Miguel-y-el-Director-de-Personal.jpeg","type":"image\/jpeg"}],"author":"Redaccion","twitter_card":"summary_large_image","twitter_misc":{"Escrito por":"Redaccion","Tiempo de lectura":"3 minutos"},"schema":{"@context":"https:\/\/schema.org","@graph":[{"@type":"Article","@id":"https:\/\/diariodeloeste.com\/noticias\/2026\/09\/02\/personal-inauguro-en-san-miguel-su-primera-aula-digital-de-la-pro\/#article","isPartOf":{"@id":"https:\/\/diariodeloeste.com\/noticias\/2026\/09\/02\/personal-inauguro-en-san-miguel-su-primera-aula-digital-de-la-pro\/"},"author":{"name":"Redaccion","@id":"https:\/\/diariodeloeste.com\/noticias\/#\/schema\/person\/1f7be965f8c093432e1cbfcee0ac4047"},"headline":"Personal inaugur\u00f3 en San Miguel su primera Aula Digital de la pro","datePublished":"2026-09-02T01:56:19+00:00","mainEntityOfPage":{"@id":"https:\/\/diariodeloeste.com\/noticias\/2026\/09\/02\/personal-inauguro-en-san-miguel-su-primera-aula-digital-de-la-pro\/"},"wordCount":405,"publisher":{"@id":"https:\/\/diariodeloeste.com\/noticias\/#organization"},"image":{"@id":"https:\/\/diariodeloeste.com\/noticias\/2026\/09\/02\/personal-inauguro-en-san-miguel-su-primera-aula-digital-de-la-pro\/#primaryimage"},"thumbnailUrl":"https:\/\/diariodeloeste.com\/noticias\/wp-content\/uploads\/2026\/09\/El-Intendente-de-San-Miguel-y-el-Director-de-Personal.jpeg","articleSection":["San Miguel"],"inLanguage":"es-AR"},{"@type":"WebPage","@id":"https:\/\/diariodeloeste.com\/noticias\/2026\/09\/02\/personal-inauguro-en-san-miguel-su-primera-aula-digital-de-la-pro\/","url":"https:\/\/diariodeloeste.com\/noticias\/2026\/09\/02\/personal-inauguro-en-san-miguel-su-primera-aula-digital-de-la-pro\/","name":"Personal inaugur\u00f3 en San Miguel su primera Aula Digital de la pro - Diario del Oeste","isPartOf":{"@id":"https:\/\/diariodeloeste.com\/noticias\/#website"},"primaryImageOfPage":{"@id":"https:\/\/diariodeloeste.com\/noticias\/2026\/09\/02\/personal-inauguro-en-san-miguel-su-primera-aula-digital-de-la-pro\/#primaryimage"},"image":{"@id":"https:\/\/diariodeloeste.com\/noticias\/2026\/09\/02\/personal-inauguro-en-san-miguel-su-primera-aula-digital-de-la-pro\/#primaryimage"},"thumbnailUrl":"https:\/\/diariodeloeste.com\/noticias\/wp-content\/uploads\/2026\/09\/El-Intendente-de-San-Miguel-y-el-Director-de-Personal.jpeg","datePublished":"2026-09-02T01:56:19+00:00","breadcrumb":{"@id":"https:\/\/diariodeloeste.com\/noticias\/2026\/09\/02\/personal-inauguro-en-san-miguel-su-primera-aula-digital-de-la-pro\/#breadcrumb"},"inLanguage":"es-AR","potentialAction":[{"@type":"ReadAction","target":["https:\/\/diariodeloeste.com\/noticias\/2026\/09\/02\/personal-inauguro-en-san-miguel-su-primera-aula-digital-de-la-pro\/"]}]},{"@type":"ImageObject","inLanguage":"es-AR","@id":"https:\/\/diariodeloeste.com\/noticias\/2026\/09\/02\/personal-inauguro-en-san-miguel-su-primera-aula-digital-de-la-pro\/#primaryimage","url":"https:\/\/diariodeloeste.com\/noticias\/wp-content\/uploads\/2026\/09\/El-Intendente-de-San-Miguel-y-el-Director-de-Personal.jpeg","contentUrl":"https:\/\/diariodeloeste.com\/noticias\/wp-content\/uploads\/2026\/09\/El-Intendente-de-San-Miguel-y-el-Director-de-Personal.jpeg","width":1280,"height":854},{"@type":"BreadcrumbList","@id":"https:\/\/diariodeloeste.com\/noticias\/2026\/09\/02\/personal-inauguro-en-san-miguel-su-primera-aula-digital-de-la-pro\/#breadcrumb","itemListElement":[{"@type":"ListItem","position":1,"name":"Inicio","item":"https:\/\/diariodeloeste.com\/noticias\/"},{"@type":"ListItem","position":2,"name":"Personal inaugur\u00f3 en San Miguel su primera Aula Digital de la pro"}]},{"@type":"WebSite","@id":"https:\/\/diariodeloeste.com\/noticias\/#website","url":"https:\/\/diariodeloeste.com\/noticias\/","name":"Diario del Oeste","description":"Noticias del Oeste","publisher":{"@id":"https:\/\/diariodeloeste.com\/noticias\/#organization"},"potentialAction":[{"@type":"SearchAction","target":{"@type":"EntryPoint","urlTemplate":"https:\/\/diariodeloeste.com\/noticias\/?s={search_term_string}"},"query-input":{"@type":"PropertyValueSpecification","valueRequired":true,"valueName":"search_term_string"}}],"inLanguage":"es-AR"},{"@type":"Organization","@id":"https:\/\/diariodeloeste.com\/noticias\/#organization","name":"Diario del Oeste","url":"https:\/\/diariodeloeste.com\/noticias\/","logo":{"@type":"ImageObject","inLanguage":"es-AR","@id":"https:\/\/diariodeloeste.com\/noticias\/#\/schema\/logo\/image\/","url":"https:\/\/diariodeloeste.com\/noticias\/wp-content\/uploads\/2019\/04\/logo.png","contentUrl":"https:\/\/diariodeloeste.com\/noticias\/wp-content\/uploads\/2019\/04\/logo.png","width":306,"height":145,"caption":"Diario del Oeste"},"image":{"@id":"https:\/\/diariodeloeste.com\/noticias\/#\/schema\/logo\/image\/"}},{"@type":"Person","@id":"https:\/\/diariodeloeste.com\/noticias\/#\/schema\/person\/1f7be965f8c093432e1cbfcee0ac4047","name":"Redaccion","image":{"@type":"ImageObject","inLanguage":"es-AR","@id":"https:\/\/secure.gravatar.com\/avatar\/f9bc3a12e26b32d818d88f9a5b61de20b559752e499df507efa7ea3cea0550ef?s=96&d=mm&r=g","url":"https:\/\/secure.gravatar.com\/avatar\/f9bc3a12e26b32d818d88f9a5b61de20b559752e499df507efa7ea3cea0550ef?s=96&d=mm&r=g","contentUrl":"https:\/\/secure.gravatar.com\/avatar\/f9bc3a12e26b32d818d88f9a5b61de20b559752e499df507efa7ea3cea0550ef?s=96&d=mm&r=g","caption":"Redaccion"},"url":"https:\/\/diariodeloeste.com\/noticias\/author\/redaccion\/"}]}},"_links":{"self":[{"href":"https:\/\/diariodeloeste.com\/noticias\/wp-json\/wp\/v2\/posts\/16288","targetHints":{"allow":["GET"]}}],"collection":[{"href":"https:\/\/diariodeloeste.com\/noticias\/wp-json\/wp\/v2\/posts"}],"about":[{"href":"https:\/\/diariodeloeste.com\/noticias\/wp-json\/wp\/v2\/types\/post"}],"author":[{"embeddable":true,"href":"https:\/\/diariodeloeste.com\/noticias\/wp-json\/wp\/v2\/users\/3"}],"replies":[{"embeddable":true,"href":"https:\/\/diariodeloeste.com\/noticias\/wp-json\/wp\/v2\/comments?post=16288"}],"version-history":[{"count":1,"href":"https:\/\/diariodeloeste.com\/noticias\/wp-json\/wp\/v2\/posts\/16288\/revisions"}],"predecessor-version":[{"id":16294,"href":"https:\/\/diariodeloeste.com\/noticias\/wp-json\/wp\/v2\/posts\/16288\/revisions\/16294"}],"wp:featuredmedia":[{"embeddable":true,"href":"https:\/\/diariodeloeste.com\/noticias\/wp-json\/wp\/v2\/media\/16290"}],"wp:attachment":[{"href":"https:\/\/diariodeloeste.com\/noticias\/wp-json\/wp\/v2\/media?parent=16288"}],"wp:term":[{"taxonomy":"category","embeddable":true,"href":"https:\/\/diariodeloeste.com\/noticias\/wp-json\/wp\/v2\/categories?post=16288"},{"taxonomy":"post_tag","embeddable":true,"href":"https:\/\/diariodeloeste.com\/noticias\/wp-json\/wp\/v2\/tags?post=16288"}],"curies":[{"name":"wp","href":"https:\/\/api.w.org\/{rel}","templated":true}]}}