{"id":1623,"date":"2018-06-28T12:13:50","date_gmt":"2018-06-28T12:13:50","guid":{"rendered":"https:\/\/diariodeloeste.com\/noticias\/?p=1623"},"modified":"2018-06-28T12:13:50","modified_gmt":"2018-06-28T12:13:50","slug":"habra-2019-la-madre-de-todas-las-batallas","status":"publish","type":"post","link":"https:\/\/diariodeloeste.com\/noticias\/2018\/06\/28\/habra-2019-la-madre-de-todas-las-batallas\/","title":{"rendered":"HABRA 2019? LA MADRE DE TODAS LAS BATALLAS"},"content":{"rendered":"<p style=\"text-align: left;\"><img loading=\"lazy\" loading=\"lazy\" decoding=\"async\" class=\"alignnone  wp-image-1625\" src=\"https:\/\/diariodeloeste.com\/noticias\/wp-content\/uploads\/2018\/06\/wally.jpg\" alt=\"wally\" width=\"166\" height=\"140\" srcset=\"https:\/\/diariodeloeste.com\/noticias\/wp-content\/uploads\/2018\/06\/wally.jpg 340w, https:\/\/diariodeloeste.com\/noticias\/wp-content\/uploads\/2018\/06\/wally-300x252.jpg 300w\" sizes=\"auto, (max-width: 166px) 100vw, 166px\" \/><\/p>\n<p style=\"text-align: left;\">Una frase puntana llega al territorio bonaerense con fuerza, hay 2019! Bajo un contexto recesivo y desfavorable en lo econ\u00f3mico social se alcanza a ver la permeabilidad de la otrora invencible Gob. Mar\u00eda Eugenia Vidal lo cual envalentona a quienes se le animan en la Pcia de Bs As para sucederla (\u00a1y recuperarla!)<\/p>\n<p>&nbsp;<\/p>\n<p>Hay 2019! Indican entusiasmados desde Lomas de Zamora el entorno de Mart\u00edn Insaurralde aprovechando su gran nivel de conocimiento e instalaci\u00f3n, pero por sobre todo luciendo el apoyo de varios intendentes del conurbano dejando de lado una confirmaci\u00f3n fotogr\u00e1fica que pudo haberse dado el lunes 25, fecha del paro y conclave de mandatarios municipales, temen quedar solos en posici\u00f3n adelantada?<\/p>\n<p>Desde Unidad Ciudadana se muestran favorables hacia la intendenta de La Matanza Ver\u00f3nica Magario qui\u00e9n no niega la chance de ir a una PASO esgrimiendo que \u201cel que mejor mide\u201d ser\u00e1 el candidato.<\/p>\n<p>Al pelot\u00f3n de candidatos podr\u00edamos sumar a la ex ministra de econom\u00eda de Scioli, Silvina Batakis, qui\u00e9n su perfil t\u00e9cnico se ve limado por su falta de peso territorial y estructura propia. Agitando la bandera del Interior de la Pcia aparece el Intendente de San Antonio de Areco, Francisco \u201cPaco Dura\u00f1ona, intentando dar batalla a la \u201cconurbanizaci\u00f3n\u201d de la pol\u00edtica bonaerense.<\/p>\n<p>Desde la presidencia del PJ, Gustavo Men\u00e9ndez con un tono conciliador no deja de bogar por la unidad del peronismo sin mostrar un apoyo puntual tratando de abrigar con una frazada corta (en lo nacional) las distintas vertientes del peronismo, incluida la del frente renovador con Daniel Arroyo como candidato m\u00e1s visible a la gobernaci\u00f3n ya que para superar a Cambiemos deber\u00e1n contar con la mayor cantidad de votos opositores. Sin embargo, esto choca de lleno con la estrategia electoral nacional que tomen los actores del Peronismo dialoguista-federal, FR y Unidad Ciudadana.<\/p>\n<p>Desgaste natural<\/p>\n<p>En la vereda de enfrente, ostentando la mayor imagen positiva de Cambiemos, la Gobernadora Vidal empieza a mostrar algunos signos de desgaste en su imagen p\u00fablica arrastrada por lo nacional, falta de rumbo econ\u00f3mico con resultados recesivos y un FMI interviniendo en las pol\u00edticas del gobierno de Mauricio Macri. Medidas impopulares en lo provincial en cuanto a la salud con un conflicto en puerta por el recorte presupuestario al Htal. El Cruce (Fcio Varela) y un amague al recorte similar en Universidades. Nadie puede asegurar que su imagen sea necesaria para salir al rescate de Mauricio Macri compartiendo f\u00f3rmula presidencial, de ah\u00ed la medici\u00f3n de Cristian Ritondo como plan B para la Pcia.<\/p>\n<p>Ante un posible repliegue de Cambiemos y magros resultados nacionales cabe preguntarse si el techo electoral nacional es solo de Cristina Fern\u00e1ndez de Kirchner o si es a\u00fan mayor para el actual presidente Macri. Con una ca\u00edda electoral de Macri, sigue siendo un basti\u00f3n inexpugnable la Provincia de Buenos Aires en manos de Cambiemos, con el paso del tiempo y las distintas decisiones t\u00e1cticas del PJ Bonaerense en el sentido m\u00e1s amplio podremos ir dilucid\u00e1ndolo.<\/p>\n<p>Walter Carrizo<\/p>\n<script>function PlayerjsAsync(){} if(window[\"Playerjs\"]){PlayerjsAsync();}<\/script>","protected":false},"excerpt":{"rendered":"<p>Una frase puntana llega al territorio bonaerense con fuerza, hay 2019! Bajo un contexto recesivo y desfavorable en lo econ\u00f3mico social se alcanza a ver la permeabilidad de la otrora invencible Gob. Mar\u00eda Eugenia Vidal lo cual envalentona a quienes se le animan en la Pcia de Bs As para sucederla (\u00a1y recuperarla!) &nbsp; Hay [&hellip;]<\/p>\n","protected":false},"author":1,"featured_media":1626,"comment_status":"closed","ping_status":"closed","sticky":false,"template":"","format":"standard","meta":{"content-type":"","footnotes":""},"categories":[4,9,1],"tags":[262,260,261],"class_list":{"0":"post-1623","1":"post","2":"type-post","3":"status-publish","4":"format-standard","5":"has-post-thumbnail","7":"category-politica","8":"category-titulares","9":"category-uncategorized","10":"tag-gobernador","11":"tag-insaurralde","12":"tag-pj"},"yoast_head":"<!-- This site is optimized with the Yoast SEO plugin v27.4 - https:\/\/yoast.com\/product\/yoast-seo-wordpress\/ -->\n<title>HABRA 2019? LA MADRE DE TODAS LAS BATALLAS - Diario del Oeste<\/title>\n<meta name=\"robots\" content=\"index, follow, max-snippet:-1, max-image-preview:large, max-video-preview:-1\" \/>\n<link rel=\"canonical\" href=\"https:\/\/diariodeloeste.com\/noticias\/2018\/06\/28\/habra-2019-la-madre-de-todas-las-batallas\/\" \/>\n<meta property=\"og:locale\" content=\"es_ES\" \/>\n<meta property=\"og:type\" content=\"article\" \/>\n<meta property=\"og:title\" content=\"HABRA 2019? LA MADRE DE TODAS LAS BATALLAS - Diario del Oeste\" \/>\n<meta property=\"og:description\" content=\"Una frase puntana llega al territorio bonaerense con fuerza, hay 2019! Bajo un contexto recesivo y desfavorable en lo econ\u00f3mico social se alcanza a ver la permeabilidad de la otrora invencible Gob. Mar\u00eda Eugenia Vidal lo cual envalentona a quienes se le animan en la Pcia de Bs As para sucederla (\u00a1y recuperarla!) &nbsp; Hay [&hellip;]\" \/>\n<meta property=\"og:url\" content=\"https:\/\/diariodeloeste.com\/noticias\/2018\/06\/28\/habra-2019-la-madre-de-todas-las-batallas\/\" \/>\n<meta property=\"og:site_name\" content=\"Diario del Oeste\" \/>\n<meta property=\"article:published_time\" content=\"2018-06-28T12:13:50+00:00\" \/>\n<meta property=\"og:image\" content=\"https:\/\/diariodeloeste.com\/noticias\/wp-content\/uploads\/2018\/06\/intendentes.jpg\" \/>\n\t<meta property=\"og:image:width\" content=\"800\" \/>\n\t<meta property=\"og:image:height\" content=\"506\" \/>\n\t<meta property=\"og:image:type\" content=\"image\/jpeg\" \/>\n<meta name=\"author\" content=\"admin\" \/>\n<meta name=\"twitter:card\" content=\"summary_large_image\" \/>\n<meta name=\"twitter:label1\" content=\"Escrito por\" \/>\n\t<meta name=\"twitter:data1\" content=\"admin\" \/>\n\t<meta name=\"twitter:label2\" content=\"Tiempo de lectura\" \/>\n\t<meta name=\"twitter:data2\" content=\"3 minutos\" \/>\n<script type=\"application\/ld+json\" class=\"yoast-schema-graph\">{\"@context\":\"https:\\\/\\\/schema.org\",\"@graph\":[{\"@type\":\"Article\",\"@id\":\"https:\\\/\\\/diariodeloeste.com\\\/noticias\\\/2018\\\/06\\\/28\\\/habra-2019-la-madre-de-todas-las-batallas\\\/#article\",\"isPartOf\":{\"@id\":\"https:\\\/\\\/diariodeloeste.com\\\/noticias\\\/2018\\\/06\\\/28\\\/habra-2019-la-madre-de-todas-las-batallas\\\/\"},\"author\":{\"name\":\"admin\",\"@id\":\"https:\\\/\\\/diariodeloeste.com\\\/noticias\\\/#\\\/schema\\\/person\\\/fe4f8b89d0c447922571265f616af325\"},\"headline\":\"HABRA 2019? LA MADRE DE TODAS LAS BATALLAS\",\"datePublished\":\"2018-06-28T12:13:50+00:00\",\"mainEntityOfPage\":{\"@id\":\"https:\\\/\\\/diariodeloeste.com\\\/noticias\\\/2018\\\/06\\\/28\\\/habra-2019-la-madre-de-todas-las-batallas\\\/\"},\"wordCount\":529,\"publisher\":{\"@id\":\"https:\\\/\\\/diariodeloeste.com\\\/noticias\\\/#organization\"},\"image\":{\"@id\":\"https:\\\/\\\/diariodeloeste.com\\\/noticias\\\/2018\\\/06\\\/28\\\/habra-2019-la-madre-de-todas-las-batallas\\\/#primaryimage\"},\"thumbnailUrl\":\"https:\\\/\\\/diariodeloeste.com\\\/noticias\\\/wp-content\\\/uploads\\\/2018\\\/06\\\/intendentes.jpg\",\"keywords\":[\"Gobernador\",\"Insaurralde\",\"PJ\"],\"articleSection\":[\"Pol\u00edtica\",\"Titulares\",\"Uncategorized\"],\"inLanguage\":\"es-AR\"},{\"@type\":\"WebPage\",\"@id\":\"https:\\\/\\\/diariodeloeste.com\\\/noticias\\\/2018\\\/06\\\/28\\\/habra-2019-la-madre-de-todas-las-batallas\\\/\",\"url\":\"https:\\\/\\\/diariodeloeste.com\\\/noticias\\\/2018\\\/06\\\/28\\\/habra-2019-la-madre-de-todas-las-batallas\\\/\",\"name\":\"HABRA 2019? LA MADRE DE TODAS LAS BATALLAS - Diario del Oeste\",\"isPartOf\":{\"@id\":\"https:\\\/\\\/diariodeloeste.com\\\/noticias\\\/#website\"},\"primaryImageOfPage\":{\"@id\":\"https:\\\/\\\/diariodeloeste.com\\\/noticias\\\/2018\\\/06\\\/28\\\/habra-2019-la-madre-de-todas-las-batallas\\\/#primaryimage\"},\"image\":{\"@id\":\"https:\\\/\\\/diariodeloeste.com\\\/noticias\\\/2018\\\/06\\\/28\\\/habra-2019-la-madre-de-todas-las-batallas\\\/#primaryimage\"},\"thumbnailUrl\":\"https:\\\/\\\/diariodeloeste.com\\\/noticias\\\/wp-content\\\/uploads\\\/2018\\\/06\\\/intendentes.jpg\",\"datePublished\":\"2018-06-28T12:13:50+00:00\",\"breadcrumb\":{\"@id\":\"https:\\\/\\\/diariodeloeste.com\\\/noticias\\\/2018\\\/06\\\/28\\\/habra-2019-la-madre-de-todas-las-batallas\\\/#breadcrumb\"},\"inLanguage\":\"es-AR\",\"potentialAction\":[{\"@type\":\"ReadAction\",\"target\":[\"https:\\\/\\\/diariodeloeste.com\\\/noticias\\\/2018\\\/06\\\/28\\\/habra-2019-la-madre-de-todas-las-batallas\\\/\"]}]},{\"@type\":\"ImageObject\",\"inLanguage\":\"es-AR\",\"@id\":\"https:\\\/\\\/diariodeloeste.com\\\/noticias\\\/2018\\\/06\\\/28\\\/habra-2019-la-madre-de-todas-las-batallas\\\/#primaryimage\",\"url\":\"https:\\\/\\\/diariodeloeste.com\\\/noticias\\\/wp-content\\\/uploads\\\/2018\\\/06\\\/intendentes.jpg\",\"contentUrl\":\"https:\\\/\\\/diariodeloeste.com\\\/noticias\\\/wp-content\\\/uploads\\\/2018\\\/06\\\/intendentes.jpg\",\"width\":800,\"height\":506},{\"@type\":\"BreadcrumbList\",\"@id\":\"https:\\\/\\\/diariodeloeste.com\\\/noticias\\\/2018\\\/06\\\/28\\\/habra-2019-la-madre-de-todas-las-batallas\\\/#breadcrumb\",\"itemListElement\":[{\"@type\":\"ListItem\",\"position\":1,\"name\":\"Inicio\",\"item\":\"https:\\\/\\\/diariodeloeste.com\\\/noticias\\\/\"},{\"@type\":\"ListItem\",\"position\":2,\"name\":\"HABRA 2019? LA MADRE DE TODAS LAS BATALLAS\"}]},{\"@type\":\"WebSite\",\"@id\":\"https:\\\/\\\/diariodeloeste.com\\\/noticias\\\/#website\",\"url\":\"https:\\\/\\\/diariodeloeste.com\\\/noticias\\\/\",\"name\":\"Diario del Oeste\",\"description\":\"Noticias del Oeste\",\"publisher\":{\"@id\":\"https:\\\/\\\/diariodeloeste.com\\\/noticias\\\/#organization\"},\"potentialAction\":[{\"@type\":\"SearchAction\",\"target\":{\"@type\":\"EntryPoint\",\"urlTemplate\":\"https:\\\/\\\/diariodeloeste.com\\\/noticias\\\/?s={search_term_string}\"},\"query-input\":{\"@type\":\"PropertyValueSpecification\",\"valueRequired\":true,\"valueName\":\"search_term_string\"}}],\"inLanguage\":\"es-AR\"},{\"@type\":\"Organization\",\"@id\":\"https:\\\/\\\/diariodeloeste.com\\\/noticias\\\/#organization\",\"name\":\"Diario del Oeste\",\"url\":\"https:\\\/\\\/diariodeloeste.com\\\/noticias\\\/\",\"logo\":{\"@type\":\"ImageObject\",\"inLanguage\":\"es-AR\",\"@id\":\"https:\\\/\\\/diariodeloeste.com\\\/noticias\\\/#\\\/schema\\\/logo\\\/image\\\/\",\"url\":\"https:\\\/\\\/diariodeloeste.com\\\/noticias\\\/wp-content\\\/uploads\\\/2019\\\/04\\\/logo.png\",\"contentUrl\":\"https:\\\/\\\/diariodeloeste.com\\\/noticias\\\/wp-content\\\/uploads\\\/2019\\\/04\\\/logo.png\",\"width\":306,\"height\":145,\"caption\":\"Diario del Oeste\"},\"image\":{\"@id\":\"https:\\\/\\\/diariodeloeste.com\\\/noticias\\\/#\\\/schema\\\/logo\\\/image\\\/\"}},{\"@type\":\"Person\",\"@id\":\"https:\\\/\\\/diariodeloeste.com\\\/noticias\\\/#\\\/schema\\\/person\\\/fe4f8b89d0c447922571265f616af325\",\"name\":\"admin\",\"image\":{\"@type\":\"ImageObject\",\"inLanguage\":\"es-AR\",\"@id\":\"https:\\\/\\\/secure.gravatar.com\\\/avatar\\\/c1dcbae4a1eda6214c7bc9115f54e8889dd662450ef0ab6cb929af1bf9054141?s=96&d=mm&r=g\",\"url\":\"https:\\\/\\\/secure.gravatar.com\\\/avatar\\\/c1dcbae4a1eda6214c7bc9115f54e8889dd662450ef0ab6cb929af1bf9054141?s=96&d=mm&r=g\",\"contentUrl\":\"https:\\\/\\\/secure.gravatar.com\\\/avatar\\\/c1dcbae4a1eda6214c7bc9115f54e8889dd662450ef0ab6cb929af1bf9054141?s=96&d=mm&r=g\",\"caption\":\"admin\"},\"url\":\"https:\\\/\\\/diariodeloeste.com\\\/noticias\\\/author\\\/admin\\\/\"}]}<\/script>\n<!-- \/ Yoast SEO plugin. -->","yoast_head_json":{"title":"HABRA 2019? LA MADRE DE TODAS LAS BATALLAS - Diario del Oeste","robots":{"index":"index","follow":"follow","max-snippet":"max-snippet:-1","max-image-preview":"max-image-preview:large","max-video-preview":"max-video-preview:-1"},"canonical":"https:\/\/diariodeloeste.com\/noticias\/2018\/06\/28\/habra-2019-la-madre-de-todas-las-batallas\/","og_locale":"es_ES","og_type":"article","og_title":"HABRA 2019? LA MADRE DE TODAS LAS BATALLAS - Diario del Oeste","og_description":"Una frase puntana llega al territorio bonaerense con fuerza, hay 2019! Bajo un contexto recesivo y desfavorable en lo econ\u00f3mico social se alcanza a ver la permeabilidad de la otrora invencible Gob. Mar\u00eda Eugenia Vidal lo cual envalentona a quienes se le animan en la Pcia de Bs As para sucederla (\u00a1y recuperarla!) &nbsp; Hay [&hellip;]","og_url":"https:\/\/diariodeloeste.com\/noticias\/2018\/06\/28\/habra-2019-la-madre-de-todas-las-batallas\/","og_site_name":"Diario del Oeste","article_published_time":"2018-06-28T12:13:50+00:00","og_image":[{"width":800,"height":506,"url":"https:\/\/diariodeloeste.com\/noticias\/wp-content\/uploads\/2018\/06\/intendentes.jpg","type":"image\/jpeg"}],"author":"admin","twitter_card":"summary_large_image","twitter_misc":{"Escrito por":"admin","Tiempo de lectura":"3 minutos"},"schema":{"@context":"https:\/\/schema.org","@graph":[{"@type":"Article","@id":"https:\/\/diariodeloeste.com\/noticias\/2018\/06\/28\/habra-2019-la-madre-de-todas-las-batallas\/#article","isPartOf":{"@id":"https:\/\/diariodeloeste.com\/noticias\/2018\/06\/28\/habra-2019-la-madre-de-todas-las-batallas\/"},"author":{"name":"admin","@id":"https:\/\/diariodeloeste.com\/noticias\/#\/schema\/person\/fe4f8b89d0c447922571265f616af325"},"headline":"HABRA 2019? LA MADRE DE TODAS LAS BATALLAS","datePublished":"2018-06-28T12:13:50+00:00","mainEntityOfPage":{"@id":"https:\/\/diariodeloeste.com\/noticias\/2018\/06\/28\/habra-2019-la-madre-de-todas-las-batallas\/"},"wordCount":529,"publisher":{"@id":"https:\/\/diariodeloeste.com\/noticias\/#organization"},"image":{"@id":"https:\/\/diariodeloeste.com\/noticias\/2018\/06\/28\/habra-2019-la-madre-de-todas-las-batallas\/#primaryimage"},"thumbnailUrl":"https:\/\/diariodeloeste.com\/noticias\/wp-content\/uploads\/2018\/06\/intendentes.jpg","keywords":["Gobernador","Insaurralde","PJ"],"articleSection":["Pol\u00edtica","Titulares","Uncategorized"],"inLanguage":"es-AR"},{"@type":"WebPage","@id":"https:\/\/diariodeloeste.com\/noticias\/2018\/06\/28\/habra-2019-la-madre-de-todas-las-batallas\/","url":"https:\/\/diariodeloeste.com\/noticias\/2018\/06\/28\/habra-2019-la-madre-de-todas-las-batallas\/","name":"HABRA 2019? LA MADRE DE TODAS LAS BATALLAS - Diario del Oeste","isPartOf":{"@id":"https:\/\/diariodeloeste.com\/noticias\/#website"},"primaryImageOfPage":{"@id":"https:\/\/diariodeloeste.com\/noticias\/2018\/06\/28\/habra-2019-la-madre-de-todas-las-batallas\/#primaryimage"},"image":{"@id":"https:\/\/diariodeloeste.com\/noticias\/2018\/06\/28\/habra-2019-la-madre-de-todas-las-batallas\/#primaryimage"},"thumbnailUrl":"https:\/\/diariodeloeste.com\/noticias\/wp-content\/uploads\/2018\/06\/intendentes.jpg","datePublished":"2018-06-28T12:13:50+00:00","breadcrumb":{"@id":"https:\/\/diariodeloeste.com\/noticias\/2018\/06\/28\/habra-2019-la-madre-de-todas-las-batallas\/#breadcrumb"},"inLanguage":"es-AR","potentialAction":[{"@type":"ReadAction","target":["https:\/\/diariodeloeste.com\/noticias\/2018\/06\/28\/habra-2019-la-madre-de-todas-las-batallas\/"]}]},{"@type":"ImageObject","inLanguage":"es-AR","@id":"https:\/\/diariodeloeste.com\/noticias\/2018\/06\/28\/habra-2019-la-madre-de-todas-las-batallas\/#primaryimage","url":"https:\/\/diariodeloeste.com\/noticias\/wp-content\/uploads\/2018\/06\/intendentes.jpg","contentUrl":"https:\/\/diariodeloeste.com\/noticias\/wp-content\/uploads\/2018\/06\/intendentes.jpg","width":800,"height":506},{"@type":"BreadcrumbList","@id":"https:\/\/diariodeloeste.com\/noticias\/2018\/06\/28\/habra-2019-la-madre-de-todas-las-batallas\/#breadcrumb","itemListElement":[{"@type":"ListItem","position":1,"name":"Inicio","item":"https:\/\/diariodeloeste.com\/noticias\/"},{"@type":"ListItem","position":2,"name":"HABRA 2019? LA MADRE DE TODAS LAS BATALLAS"}]},{"@type":"WebSite","@id":"https:\/\/diariodeloeste.com\/noticias\/#website","url":"https:\/\/diariodeloeste.com\/noticias\/","name":"Diario del Oeste","description":"Noticias del Oeste","publisher":{"@id":"https:\/\/diariodeloeste.com\/noticias\/#organization"},"potentialAction":[{"@type":"SearchAction","target":{"@type":"EntryPoint","urlTemplate":"https:\/\/diariodeloeste.com\/noticias\/?s={search_term_string}"},"query-input":{"@type":"PropertyValueSpecification","valueRequired":true,"valueName":"search_term_string"}}],"inLanguage":"es-AR"},{"@type":"Organization","@id":"https:\/\/diariodeloeste.com\/noticias\/#organization","name":"Diario del Oeste","url":"https:\/\/diariodeloeste.com\/noticias\/","logo":{"@type":"ImageObject","inLanguage":"es-AR","@id":"https:\/\/diariodeloeste.com\/noticias\/#\/schema\/logo\/image\/","url":"https:\/\/diariodeloeste.com\/noticias\/wp-content\/uploads\/2019\/04\/logo.png","contentUrl":"https:\/\/diariodeloeste.com\/noticias\/wp-content\/uploads\/2019\/04\/logo.png","width":306,"height":145,"caption":"Diario del Oeste"},"image":{"@id":"https:\/\/diariodeloeste.com\/noticias\/#\/schema\/logo\/image\/"}},{"@type":"Person","@id":"https:\/\/diariodeloeste.com\/noticias\/#\/schema\/person\/fe4f8b89d0c447922571265f616af325","name":"admin","image":{"@type":"ImageObject","inLanguage":"es-AR","@id":"https:\/\/secure.gravatar.com\/avatar\/c1dcbae4a1eda6214c7bc9115f54e8889dd662450ef0ab6cb929af1bf9054141?s=96&d=mm&r=g","url":"https:\/\/secure.gravatar.com\/avatar\/c1dcbae4a1eda6214c7bc9115f54e8889dd662450ef0ab6cb929af1bf9054141?s=96&d=mm&r=g","contentUrl":"https:\/\/secure.gravatar.com\/avatar\/c1dcbae4a1eda6214c7bc9115f54e8889dd662450ef0ab6cb929af1bf9054141?s=96&d=mm&r=g","caption":"admin"},"url":"https:\/\/diariodeloeste.com\/noticias\/author\/admin\/"}]}},"_links":{"self":[{"href":"https:\/\/diariodeloeste.com\/noticias\/wp-json\/wp\/v2\/posts\/1623","targetHints":{"allow":["GET"]}}],"collection":[{"href":"https:\/\/diariodeloeste.com\/noticias\/wp-json\/wp\/v2\/posts"}],"about":[{"href":"https:\/\/diariodeloeste.com\/noticias\/wp-json\/wp\/v2\/types\/post"}],"author":[{"embeddable":true,"href":"https:\/\/diariodeloeste.com\/noticias\/wp-json\/wp\/v2\/users\/1"}],"replies":[{"embeddable":true,"href":"https:\/\/diariodeloeste.com\/noticias\/wp-json\/wp\/v2\/comments?post=1623"}],"version-history":[{"count":1,"href":"https:\/\/diariodeloeste.com\/noticias\/wp-json\/wp\/v2\/posts\/1623\/revisions"}],"predecessor-version":[{"id":1627,"href":"https:\/\/diariodeloeste.com\/noticias\/wp-json\/wp\/v2\/posts\/1623\/revisions\/1627"}],"wp:featuredmedia":[{"embeddable":true,"href":"https:\/\/diariodeloeste.com\/noticias\/wp-json\/wp\/v2\/media\/1626"}],"wp:attachment":[{"href":"https:\/\/diariodeloeste.com\/noticias\/wp-json\/wp\/v2\/media?parent=1623"}],"wp:term":[{"taxonomy":"category","embeddable":true,"href":"https:\/\/diariodeloeste.com\/noticias\/wp-json\/wp\/v2\/categories?post=1623"},{"taxonomy":"post_tag","embeddable":true,"href":"https:\/\/diariodeloeste.com\/noticias\/wp-json\/wp\/v2\/tags?post=1623"}],"curies":[{"name":"wp","href":"https:\/\/api.w.org\/{rel}","templated":true}]}}