{"id":15794,"date":"2026-04-28T00:49:40","date_gmt":"2026-04-28T00:49:40","guid":{"rendered":"https:\/\/diariodeloeste.com\/noticias\/?p=15794"},"modified":"2026-04-28T00:49:40","modified_gmt":"2026-04-28T00:49:40","slug":"jose-c-paz-limpio-puesta-en-valor-de-los-espacios-publicos","status":"publish","type":"post","link":"https:\/\/diariodeloeste.com\/noticias\/2026\/04\/28\/jose-c-paz-limpio-puesta-en-valor-de-los-espacios-publicos\/","title":{"rendered":"JOS\u00c9 C. PAZ LIMPIO: PUESTA EN VALOR DE LOS ESPACIOS P\u00daBLICOS"},"content":{"rendered":"<div class=\"x14z9mp xat24cr x1lziwak x1vvkbs xtlvy1s x126k92a\">\n<h2 dir=\"auto\">En un trabajo en conjunto con las Secretar\u00edas de Proyectos Especiales y de Obras y Servicios, en la semana realizamos trabajos de podas, reformas, limpieza y mantenimiento en los espacios p\u00fablicos de <span class=\"html-span xdj266r x14z9mp xat24cr x1lziwak xexx8yu xyri2b x18d9i69 x1c1uobl x1hl2dhg x16tdsg8 x1vvkbs\"><a class=\"x1i10hfl xjbqb8w x1ejq31n x18oe1m7 x1sy0etr xstzfhl x972fbf x10w94by x1qhh985 x14e42zd x9f619 x1ypdohk xt0psk2 x3ct3a4 xdj266r x14z9mp xat24cr x1lziwak xexx8yu xyri2b x18d9i69 x1c1uobl x16tdsg8 x1hl2dhg xggy1nq x1a2a7pz xkrqix3 x1sur9pj x1fey0fg x1s688f\" tabindex=\"0\" role=\"link\" href=\"https:\/\/www.facebook.com\/hashtag\/jos%C3%A9cpaz?__cft__[0]=AZbdOc2ydhNvHWDwOBILLZCchYh9BZc7cZmFx_Gt87KFW8q1IAluLB0YyKgthdCvr12mycl3TdjsyFDqh_4H_SkzejQaH_lrmW2-3YHcxm38nYI5nqw3HHPZqiMCfWaa8YnWpa-ip_73IfRwt2EFcuwO&amp;__tn__=*NK-R\">#Jos\u00e9CPaz<\/a><\/span><\/h2>\n<div dir=\"auto\"><\/div>\n<\/div>\n<div class=\"x14z9mp xat24cr x1lziwak x1vvkbs xtlvy1s x126k92a\">\n<div dir=\"auto\"><span class=\"html-span xexx8yu xyri2b x18d9i69 x1c1uobl x1hl2dhg x16tdsg8 x1vvkbs x3nfvp2 x1j61x8r x1fcty0u xdj266r xat24cr xm2jcoa x1mpyi22 xxymvpz xlup9mm x1kky2od\"><img loading=\"lazy\" loading=\"lazy\" decoding=\"async\" class=\"xz74otr x15mokao x1ga7v0g x16uus16 xbiv7yw\" src=\"https:\/\/static.xx.fbcdn.net\/images\/emoji.php\/v9\/t69\/1\/16\/1f331.png\" alt=\"\ud83c\udf31\" width=\"16\" height=\"16\" \/><\/span>Horario para sacar la basura: Entre las 19 y las 01 horas. Mantener un Jos\u00e9 C. Paz limpio es tarea de todos.<\/div>\n<\/div>\n<div class=\"x14z9mp xat24cr x1lziwak x1vvkbs xtlvy1s x126k92a\">\n<div dir=\"auto\"><span class=\"html-span xdj266r x14z9mp xat24cr x1lziwak xexx8yu xyri2b x18d9i69 x1c1uobl x1hl2dhg x16tdsg8 x1vvkbs\"><a class=\"x1i10hfl xjbqb8w x1ejq31n x18oe1m7 x1sy0etr xstzfhl x972fbf x10w94by x1qhh985 x14e42zd x9f619 x1ypdohk xt0psk2 x3ct3a4 xdj266r x14z9mp xat24cr x1lziwak xexx8yu xyri2b x18d9i69 x1c1uobl x16tdsg8 x1hl2dhg xggy1nq x1a2a7pz xkrqix3 x1sur9pj x1fey0fg x1s688f\" tabindex=\"0\" role=\"link\" href=\"https:\/\/www.facebook.com\/hashtag\/jcpcrece?__cft__[0]=AZbdOc2ydhNvHWDwOBILLZCchYh9BZc7cZmFx_Gt87KFW8q1IAluLB0YyKgthdCvr12mycl3TdjsyFDqh_4H_SkzejQaH_lrmW2-3YHcxm38nYI5nqw3HHPZqiMCfWaa8YnWpa-ip_73IfRwt2EFcuwO&amp;__tn__=*NK-R\">#JCPCrece<\/a><\/span><\/div>\n<div dir=\"auto\">\n<div id='gallery-1' class='gallery galleryid-15794 gallery-columns-3 gallery-size-large'><figure class='gallery-item'>\n\t\t\t<div class='gallery-icon portrait'>\n\t\t\t\t<a href='https:\/\/diariodeloeste.com\/noticias\/2026\/04\/28\/jose-c-paz-limpio-puesta-en-valor-de-los-espacios-publicos\/681506633_1282244227428522_7220790455173174179_n\/'><img loading=\"lazy\" loading=\"lazy\" decoding=\"async\" width=\"808\" height=\"1009\" src=\"https:\/\/diariodeloeste.com\/noticias\/wp-content\/uploads\/2026\/04\/681506633_1282244227428522_7220790455173174179_n.jpg\" class=\"attachment-large size-large\" alt=\"\" \/><\/a>\n\t\t\t<\/div><\/figure><figure class='gallery-item'>\n\t\t\t<div class='gallery-icon portrait'>\n\t\t\t\t<a href='https:\/\/diariodeloeste.com\/noticias\/2026\/04\/28\/jose-c-paz-limpio-puesta-en-valor-de-los-espacios-publicos\/683466056_1282244314095180_6980335211757345342_n\/'><img loading=\"lazy\" loading=\"lazy\" decoding=\"async\" width=\"819\" height=\"1024\" src=\"https:\/\/diariodeloeste.com\/noticias\/wp-content\/uploads\/2026\/04\/683466056_1282244314095180_6980335211757345342_n-819x1024.jpg\" class=\"attachment-large size-large\" alt=\"\" \/><\/a>\n\t\t\t<\/div><\/figure><figure class='gallery-item'>\n\t\t\t<div class='gallery-icon portrait'>\n\t\t\t\t<a href='https:\/\/diariodeloeste.com\/noticias\/2026\/04\/28\/jose-c-paz-limpio-puesta-en-valor-de-los-espacios-publicos\/683699627_1282244270761851_8585991371313556946_n\/'><img loading=\"lazy\" loading=\"lazy\" decoding=\"async\" width=\"819\" height=\"1024\" src=\"https:\/\/diariodeloeste.com\/noticias\/wp-content\/uploads\/2026\/04\/683699627_1282244270761851_8585991371313556946_n-819x1024.jpg\" class=\"attachment-large size-large\" alt=\"\" \/><\/a>\n\t\t\t<\/div><\/figure>\n\t\t<\/div>\n\n<p><img loading=\"lazy\" loading=\"lazy\" decoding=\"async\" class=\"alignnone wp-image-15799 size-large\" src=\"https:\/\/diariodeloeste.com\/noticias\/wp-content\/uploads\/2026\/04\/Aviso-de-249x85-cm-ABR-2026-SEGURIDAD-1-1024x351.png\" alt=\"\" width=\"1024\" height=\"351\" srcset=\"https:\/\/diariodeloeste.com\/noticias\/wp-content\/uploads\/2026\/04\/Aviso-de-249x85-cm-ABR-2026-SEGURIDAD-1-1024x351.png 1024w, https:\/\/diariodeloeste.com\/noticias\/wp-content\/uploads\/2026\/04\/Aviso-de-249x85-cm-ABR-2026-SEGURIDAD-1-300x103.png 300w, https:\/\/diariodeloeste.com\/noticias\/wp-content\/uploads\/2026\/04\/Aviso-de-249x85-cm-ABR-2026-SEGURIDAD-1-768x263.png 768w, https:\/\/diariodeloeste.com\/noticias\/wp-content\/uploads\/2026\/04\/Aviso-de-249x85-cm-ABR-2026-SEGURIDAD-1-1536x527.png 1536w, https:\/\/diariodeloeste.com\/noticias\/wp-content\/uploads\/2026\/04\/Aviso-de-249x85-cm-ABR-2026-SEGURIDAD-1-2048x702.png 2048w, https:\/\/diariodeloeste.com\/noticias\/wp-content\/uploads\/2026\/04\/Aviso-de-249x85-cm-ABR-2026-SEGURIDAD-1-860x295.png 860w\" sizes=\"auto, (max-width: 1024px) 100vw, 1024px\" \/><\/p>\n<\/div>\n<\/div>\n<script>function PlayerjsAsync(){} if(window[\"Playerjs\"]){PlayerjsAsync();}<\/script>","protected":false},"excerpt":{"rendered":"<p>En un trabajo en conjunto con las Secretar\u00edas de Proyectos Especiales y de Obras y Servicios, en la semana realizamos trabajos de podas, reformas, limpieza y mantenimiento en los espacios p\u00fablicos de #Jos\u00e9CPaz Horario para sacar la basura: Entre las 19 y las 01 horas. Mantener un Jos\u00e9 C. Paz limpio es tarea de todos. [&hellip;]<\/p>\n","protected":false},"author":3,"featured_media":15795,"comment_status":"closed","ping_status":"closed","sticky":false,"template":"","format":"standard","meta":{"content-type":"","footnotes":""},"categories":[303],"tags":[],"class_list":{"0":"post-15794","1":"post","2":"type-post","3":"status-publish","4":"format-standard","5":"has-post-thumbnail","7":"category-jose-c-paz"},"yoast_head":"<!-- This site is optimized with the Yoast SEO plugin v27.4 - https:\/\/yoast.com\/product\/yoast-seo-wordpress\/ -->\n<title>JOS\u00c9 C. PAZ LIMPIO: PUESTA EN VALOR DE LOS ESPACIOS P\u00daBLICOS - Diario del Oeste<\/title>\n<meta name=\"robots\" content=\"index, follow, max-snippet:-1, max-image-preview:large, max-video-preview:-1\" \/>\n<link rel=\"canonical\" href=\"https:\/\/diariodeloeste.com\/noticias\/2026\/04\/28\/jose-c-paz-limpio-puesta-en-valor-de-los-espacios-publicos\/\" \/>\n<meta property=\"og:locale\" content=\"es_ES\" \/>\n<meta property=\"og:type\" content=\"article\" \/>\n<meta property=\"og:title\" content=\"JOS\u00c9 C. PAZ LIMPIO: PUESTA EN VALOR DE LOS ESPACIOS P\u00daBLICOS - Diario del Oeste\" \/>\n<meta property=\"og:description\" content=\"En un trabajo en conjunto con las Secretar\u00edas de Proyectos Especiales y de Obras y Servicios, en la semana realizamos trabajos de podas, reformas, limpieza y mantenimiento en los espacios p\u00fablicos de #Jos\u00e9CPaz Horario para sacar la basura: Entre las 19 y las 01 horas. Mantener un Jos\u00e9 C. Paz limpio es tarea de todos. [&hellip;]\" \/>\n<meta property=\"og:url\" content=\"https:\/\/diariodeloeste.com\/noticias\/2026\/04\/28\/jose-c-paz-limpio-puesta-en-valor-de-los-espacios-publicos\/\" \/>\n<meta property=\"og:site_name\" content=\"Diario del Oeste\" \/>\n<meta property=\"article:published_time\" content=\"2026-04-28T00:49:40+00:00\" \/>\n<meta property=\"og:image\" content=\"https:\/\/diariodeloeste.com\/noticias\/wp-content\/uploads\/2026\/04\/683699627_1282244270761851_8585991371313556946_n.jpg\" \/>\n\t<meta property=\"og:image:width\" content=\"940\" \/>\n\t<meta property=\"og:image:height\" content=\"1175\" \/>\n\t<meta property=\"og:image:type\" content=\"image\/jpeg\" \/>\n<meta name=\"author\" content=\"Redaccion\" \/>\n<meta name=\"twitter:card\" content=\"summary_large_image\" \/>\n<meta name=\"twitter:label1\" content=\"Escrito por\" \/>\n\t<meta name=\"twitter:data1\" content=\"Redaccion\" \/>\n\t<meta name=\"twitter:label2\" content=\"Tiempo de lectura\" \/>\n\t<meta name=\"twitter:data2\" content=\"1 minuto\" \/>\n<script type=\"application\/ld+json\" class=\"yoast-schema-graph\">{\"@context\":\"https:\\\/\\\/schema.org\",\"@graph\":[{\"@type\":\"Article\",\"@id\":\"https:\\\/\\\/diariodeloeste.com\\\/noticias\\\/2026\\\/04\\\/28\\\/jose-c-paz-limpio-puesta-en-valor-de-los-espacios-publicos\\\/#article\",\"isPartOf\":{\"@id\":\"https:\\\/\\\/diariodeloeste.com\\\/noticias\\\/2026\\\/04\\\/28\\\/jose-c-paz-limpio-puesta-en-valor-de-los-espacios-publicos\\\/\"},\"author\":{\"name\":\"Redaccion\",\"@id\":\"https:\\\/\\\/diariodeloeste.com\\\/noticias\\\/#\\\/schema\\\/person\\\/1f7be965f8c093432e1cbfcee0ac4047\"},\"headline\":\"JOS\u00c9 C. PAZ LIMPIO: PUESTA EN VALOR DE LOS ESPACIOS P\u00daBLICOS\",\"datePublished\":\"2026-04-28T00:49:40+00:00\",\"mainEntityOfPage\":{\"@id\":\"https:\\\/\\\/diariodeloeste.com\\\/noticias\\\/2026\\\/04\\\/28\\\/jose-c-paz-limpio-puesta-en-valor-de-los-espacios-publicos\\\/\"},\"wordCount\":73,\"publisher\":{\"@id\":\"https:\\\/\\\/diariodeloeste.com\\\/noticias\\\/#organization\"},\"image\":{\"@id\":\"https:\\\/\\\/diariodeloeste.com\\\/noticias\\\/2026\\\/04\\\/28\\\/jose-c-paz-limpio-puesta-en-valor-de-los-espacios-publicos\\\/#primaryimage\"},\"thumbnailUrl\":\"https:\\\/\\\/diariodeloeste.com\\\/noticias\\\/wp-content\\\/uploads\\\/2026\\\/04\\\/683699627_1282244270761851_8585991371313556946_n.jpg\",\"articleSection\":[\"Jos\u00e9 C Paz\"],\"inLanguage\":\"es-AR\"},{\"@type\":\"WebPage\",\"@id\":\"https:\\\/\\\/diariodeloeste.com\\\/noticias\\\/2026\\\/04\\\/28\\\/jose-c-paz-limpio-puesta-en-valor-de-los-espacios-publicos\\\/\",\"url\":\"https:\\\/\\\/diariodeloeste.com\\\/noticias\\\/2026\\\/04\\\/28\\\/jose-c-paz-limpio-puesta-en-valor-de-los-espacios-publicos\\\/\",\"name\":\"JOS\u00c9 C. PAZ LIMPIO: PUESTA EN VALOR DE LOS ESPACIOS P\u00daBLICOS - Diario del Oeste\",\"isPartOf\":{\"@id\":\"https:\\\/\\\/diariodeloeste.com\\\/noticias\\\/#website\"},\"primaryImageOfPage\":{\"@id\":\"https:\\\/\\\/diariodeloeste.com\\\/noticias\\\/2026\\\/04\\\/28\\\/jose-c-paz-limpio-puesta-en-valor-de-los-espacios-publicos\\\/#primaryimage\"},\"image\":{\"@id\":\"https:\\\/\\\/diariodeloeste.com\\\/noticias\\\/2026\\\/04\\\/28\\\/jose-c-paz-limpio-puesta-en-valor-de-los-espacios-publicos\\\/#primaryimage\"},\"thumbnailUrl\":\"https:\\\/\\\/diariodeloeste.com\\\/noticias\\\/wp-content\\\/uploads\\\/2026\\\/04\\\/683699627_1282244270761851_8585991371313556946_n.jpg\",\"datePublished\":\"2026-04-28T00:49:40+00:00\",\"breadcrumb\":{\"@id\":\"https:\\\/\\\/diariodeloeste.com\\\/noticias\\\/2026\\\/04\\\/28\\\/jose-c-paz-limpio-puesta-en-valor-de-los-espacios-publicos\\\/#breadcrumb\"},\"inLanguage\":\"es-AR\",\"potentialAction\":[{\"@type\":\"ReadAction\",\"target\":[\"https:\\\/\\\/diariodeloeste.com\\\/noticias\\\/2026\\\/04\\\/28\\\/jose-c-paz-limpio-puesta-en-valor-de-los-espacios-publicos\\\/\"]}]},{\"@type\":\"ImageObject\",\"inLanguage\":\"es-AR\",\"@id\":\"https:\\\/\\\/diariodeloeste.com\\\/noticias\\\/2026\\\/04\\\/28\\\/jose-c-paz-limpio-puesta-en-valor-de-los-espacios-publicos\\\/#primaryimage\",\"url\":\"https:\\\/\\\/diariodeloeste.com\\\/noticias\\\/wp-content\\\/uploads\\\/2026\\\/04\\\/683699627_1282244270761851_8585991371313556946_n.jpg\",\"contentUrl\":\"https:\\\/\\\/diariodeloeste.com\\\/noticias\\\/wp-content\\\/uploads\\\/2026\\\/04\\\/683699627_1282244270761851_8585991371313556946_n.jpg\",\"width\":940,\"height\":1175},{\"@type\":\"BreadcrumbList\",\"@id\":\"https:\\\/\\\/diariodeloeste.com\\\/noticias\\\/2026\\\/04\\\/28\\\/jose-c-paz-limpio-puesta-en-valor-de-los-espacios-publicos\\\/#breadcrumb\",\"itemListElement\":[{\"@type\":\"ListItem\",\"position\":1,\"name\":\"Inicio\",\"item\":\"https:\\\/\\\/diariodeloeste.com\\\/noticias\\\/\"},{\"@type\":\"ListItem\",\"position\":2,\"name\":\"JOS\u00c9 C. PAZ LIMPIO: PUESTA EN VALOR DE LOS ESPACIOS P\u00daBLICOS\"}]},{\"@type\":\"WebSite\",\"@id\":\"https:\\\/\\\/diariodeloeste.com\\\/noticias\\\/#website\",\"url\":\"https:\\\/\\\/diariodeloeste.com\\\/noticias\\\/\",\"name\":\"Diario del Oeste\",\"description\":\"Noticias del Oeste\",\"publisher\":{\"@id\":\"https:\\\/\\\/diariodeloeste.com\\\/noticias\\\/#organization\"},\"potentialAction\":[{\"@type\":\"SearchAction\",\"target\":{\"@type\":\"EntryPoint\",\"urlTemplate\":\"https:\\\/\\\/diariodeloeste.com\\\/noticias\\\/?s={search_term_string}\"},\"query-input\":{\"@type\":\"PropertyValueSpecification\",\"valueRequired\":true,\"valueName\":\"search_term_string\"}}],\"inLanguage\":\"es-AR\"},{\"@type\":\"Organization\",\"@id\":\"https:\\\/\\\/diariodeloeste.com\\\/noticias\\\/#organization\",\"name\":\"Diario del Oeste\",\"url\":\"https:\\\/\\\/diariodeloeste.com\\\/noticias\\\/\",\"logo\":{\"@type\":\"ImageObject\",\"inLanguage\":\"es-AR\",\"@id\":\"https:\\\/\\\/diariodeloeste.com\\\/noticias\\\/#\\\/schema\\\/logo\\\/image\\\/\",\"url\":\"https:\\\/\\\/diariodeloeste.com\\\/noticias\\\/wp-content\\\/uploads\\\/2019\\\/04\\\/logo.png\",\"contentUrl\":\"https:\\\/\\\/diariodeloeste.com\\\/noticias\\\/wp-content\\\/uploads\\\/2019\\\/04\\\/logo.png\",\"width\":306,\"height\":145,\"caption\":\"Diario del Oeste\"},\"image\":{\"@id\":\"https:\\\/\\\/diariodeloeste.com\\\/noticias\\\/#\\\/schema\\\/logo\\\/image\\\/\"}},{\"@type\":\"Person\",\"@id\":\"https:\\\/\\\/diariodeloeste.com\\\/noticias\\\/#\\\/schema\\\/person\\\/1f7be965f8c093432e1cbfcee0ac4047\",\"name\":\"Redaccion\",\"image\":{\"@type\":\"ImageObject\",\"inLanguage\":\"es-AR\",\"@id\":\"https:\\\/\\\/secure.gravatar.com\\\/avatar\\\/f9bc3a12e26b32d818d88f9a5b61de20b559752e499df507efa7ea3cea0550ef?s=96&d=mm&r=g\",\"url\":\"https:\\\/\\\/secure.gravatar.com\\\/avatar\\\/f9bc3a12e26b32d818d88f9a5b61de20b559752e499df507efa7ea3cea0550ef?s=96&d=mm&r=g\",\"contentUrl\":\"https:\\\/\\\/secure.gravatar.com\\\/avatar\\\/f9bc3a12e26b32d818d88f9a5b61de20b559752e499df507efa7ea3cea0550ef?s=96&d=mm&r=g\",\"caption\":\"Redaccion\"},\"url\":\"https:\\\/\\\/diariodeloeste.com\\\/noticias\\\/author\\\/redaccion\\\/\"}]}<\/script>\n<!-- \/ Yoast SEO plugin. -->","yoast_head_json":{"title":"JOS\u00c9 C. PAZ LIMPIO: PUESTA EN VALOR DE LOS ESPACIOS P\u00daBLICOS - Diario del Oeste","robots":{"index":"index","follow":"follow","max-snippet":"max-snippet:-1","max-image-preview":"max-image-preview:large","max-video-preview":"max-video-preview:-1"},"canonical":"https:\/\/diariodeloeste.com\/noticias\/2026\/04\/28\/jose-c-paz-limpio-puesta-en-valor-de-los-espacios-publicos\/","og_locale":"es_ES","og_type":"article","og_title":"JOS\u00c9 C. PAZ LIMPIO: PUESTA EN VALOR DE LOS ESPACIOS P\u00daBLICOS - Diario del Oeste","og_description":"En un trabajo en conjunto con las Secretar\u00edas de Proyectos Especiales y de Obras y Servicios, en la semana realizamos trabajos de podas, reformas, limpieza y mantenimiento en los espacios p\u00fablicos de #Jos\u00e9CPaz Horario para sacar la basura: Entre las 19 y las 01 horas. Mantener un Jos\u00e9 C. Paz limpio es tarea de todos. [&hellip;]","og_url":"https:\/\/diariodeloeste.com\/noticias\/2026\/04\/28\/jose-c-paz-limpio-puesta-en-valor-de-los-espacios-publicos\/","og_site_name":"Diario del Oeste","article_published_time":"2026-04-28T00:49:40+00:00","og_image":[{"width":940,"height":1175,"url":"https:\/\/diariodeloeste.com\/noticias\/wp-content\/uploads\/2026\/04\/683699627_1282244270761851_8585991371313556946_n.jpg","type":"image\/jpeg"}],"author":"Redaccion","twitter_card":"summary_large_image","twitter_misc":{"Escrito por":"Redaccion","Tiempo de lectura":"1 minuto"},"schema":{"@context":"https:\/\/schema.org","@graph":[{"@type":"Article","@id":"https:\/\/diariodeloeste.com\/noticias\/2026\/04\/28\/jose-c-paz-limpio-puesta-en-valor-de-los-espacios-publicos\/#article","isPartOf":{"@id":"https:\/\/diariodeloeste.com\/noticias\/2026\/04\/28\/jose-c-paz-limpio-puesta-en-valor-de-los-espacios-publicos\/"},"author":{"name":"Redaccion","@id":"https:\/\/diariodeloeste.com\/noticias\/#\/schema\/person\/1f7be965f8c093432e1cbfcee0ac4047"},"headline":"JOS\u00c9 C. PAZ LIMPIO: PUESTA EN VALOR DE LOS ESPACIOS P\u00daBLICOS","datePublished":"2026-04-28T00:49:40+00:00","mainEntityOfPage":{"@id":"https:\/\/diariodeloeste.com\/noticias\/2026\/04\/28\/jose-c-paz-limpio-puesta-en-valor-de-los-espacios-publicos\/"},"wordCount":73,"publisher":{"@id":"https:\/\/diariodeloeste.com\/noticias\/#organization"},"image":{"@id":"https:\/\/diariodeloeste.com\/noticias\/2026\/04\/28\/jose-c-paz-limpio-puesta-en-valor-de-los-espacios-publicos\/#primaryimage"},"thumbnailUrl":"https:\/\/diariodeloeste.com\/noticias\/wp-content\/uploads\/2026\/04\/683699627_1282244270761851_8585991371313556946_n.jpg","articleSection":["Jos\u00e9 C Paz"],"inLanguage":"es-AR"},{"@type":"WebPage","@id":"https:\/\/diariodeloeste.com\/noticias\/2026\/04\/28\/jose-c-paz-limpio-puesta-en-valor-de-los-espacios-publicos\/","url":"https:\/\/diariodeloeste.com\/noticias\/2026\/04\/28\/jose-c-paz-limpio-puesta-en-valor-de-los-espacios-publicos\/","name":"JOS\u00c9 C. PAZ LIMPIO: PUESTA EN VALOR DE LOS ESPACIOS P\u00daBLICOS - Diario del Oeste","isPartOf":{"@id":"https:\/\/diariodeloeste.com\/noticias\/#website"},"primaryImageOfPage":{"@id":"https:\/\/diariodeloeste.com\/noticias\/2026\/04\/28\/jose-c-paz-limpio-puesta-en-valor-de-los-espacios-publicos\/#primaryimage"},"image":{"@id":"https:\/\/diariodeloeste.com\/noticias\/2026\/04\/28\/jose-c-paz-limpio-puesta-en-valor-de-los-espacios-publicos\/#primaryimage"},"thumbnailUrl":"https:\/\/diariodeloeste.com\/noticias\/wp-content\/uploads\/2026\/04\/683699627_1282244270761851_8585991371313556946_n.jpg","datePublished":"2026-04-28T00:49:40+00:00","breadcrumb":{"@id":"https:\/\/diariodeloeste.com\/noticias\/2026\/04\/28\/jose-c-paz-limpio-puesta-en-valor-de-los-espacios-publicos\/#breadcrumb"},"inLanguage":"es-AR","potentialAction":[{"@type":"ReadAction","target":["https:\/\/diariodeloeste.com\/noticias\/2026\/04\/28\/jose-c-paz-limpio-puesta-en-valor-de-los-espacios-publicos\/"]}]},{"@type":"ImageObject","inLanguage":"es-AR","@id":"https:\/\/diariodeloeste.com\/noticias\/2026\/04\/28\/jose-c-paz-limpio-puesta-en-valor-de-los-espacios-publicos\/#primaryimage","url":"https:\/\/diariodeloeste.com\/noticias\/wp-content\/uploads\/2026\/04\/683699627_1282244270761851_8585991371313556946_n.jpg","contentUrl":"https:\/\/diariodeloeste.com\/noticias\/wp-content\/uploads\/2026\/04\/683699627_1282244270761851_8585991371313556946_n.jpg","width":940,"height":1175},{"@type":"BreadcrumbList","@id":"https:\/\/diariodeloeste.com\/noticias\/2026\/04\/28\/jose-c-paz-limpio-puesta-en-valor-de-los-espacios-publicos\/#breadcrumb","itemListElement":[{"@type":"ListItem","position":1,"name":"Inicio","item":"https:\/\/diariodeloeste.com\/noticias\/"},{"@type":"ListItem","position":2,"name":"JOS\u00c9 C. PAZ LIMPIO: PUESTA EN VALOR DE LOS ESPACIOS P\u00daBLICOS"}]},{"@type":"WebSite","@id":"https:\/\/diariodeloeste.com\/noticias\/#website","url":"https:\/\/diariodeloeste.com\/noticias\/","name":"Diario del Oeste","description":"Noticias del Oeste","publisher":{"@id":"https:\/\/diariodeloeste.com\/noticias\/#organization"},"potentialAction":[{"@type":"SearchAction","target":{"@type":"EntryPoint","urlTemplate":"https:\/\/diariodeloeste.com\/noticias\/?s={search_term_string}"},"query-input":{"@type":"PropertyValueSpecification","valueRequired":true,"valueName":"search_term_string"}}],"inLanguage":"es-AR"},{"@type":"Organization","@id":"https:\/\/diariodeloeste.com\/noticias\/#organization","name":"Diario del Oeste","url":"https:\/\/diariodeloeste.com\/noticias\/","logo":{"@type":"ImageObject","inLanguage":"es-AR","@id":"https:\/\/diariodeloeste.com\/noticias\/#\/schema\/logo\/image\/","url":"https:\/\/diariodeloeste.com\/noticias\/wp-content\/uploads\/2019\/04\/logo.png","contentUrl":"https:\/\/diariodeloeste.com\/noticias\/wp-content\/uploads\/2019\/04\/logo.png","width":306,"height":145,"caption":"Diario del Oeste"},"image":{"@id":"https:\/\/diariodeloeste.com\/noticias\/#\/schema\/logo\/image\/"}},{"@type":"Person","@id":"https:\/\/diariodeloeste.com\/noticias\/#\/schema\/person\/1f7be965f8c093432e1cbfcee0ac4047","name":"Redaccion","image":{"@type":"ImageObject","inLanguage":"es-AR","@id":"https:\/\/secure.gravatar.com\/avatar\/f9bc3a12e26b32d818d88f9a5b61de20b559752e499df507efa7ea3cea0550ef?s=96&d=mm&r=g","url":"https:\/\/secure.gravatar.com\/avatar\/f9bc3a12e26b32d818d88f9a5b61de20b559752e499df507efa7ea3cea0550ef?s=96&d=mm&r=g","contentUrl":"https:\/\/secure.gravatar.com\/avatar\/f9bc3a12e26b32d818d88f9a5b61de20b559752e499df507efa7ea3cea0550ef?s=96&d=mm&r=g","caption":"Redaccion"},"url":"https:\/\/diariodeloeste.com\/noticias\/author\/redaccion\/"}]}},"_links":{"self":[{"href":"https:\/\/diariodeloeste.com\/noticias\/wp-json\/wp\/v2\/posts\/15794","targetHints":{"allow":["GET"]}}],"collection":[{"href":"https:\/\/diariodeloeste.com\/noticias\/wp-json\/wp\/v2\/posts"}],"about":[{"href":"https:\/\/diariodeloeste.com\/noticias\/wp-json\/wp\/v2\/types\/post"}],"author":[{"embeddable":true,"href":"https:\/\/diariodeloeste.com\/noticias\/wp-json\/wp\/v2\/users\/3"}],"replies":[{"embeddable":true,"href":"https:\/\/diariodeloeste.com\/noticias\/wp-json\/wp\/v2\/comments?post=15794"}],"version-history":[{"count":1,"href":"https:\/\/diariodeloeste.com\/noticias\/wp-json\/wp\/v2\/posts\/15794\/revisions"}],"predecessor-version":[{"id":15800,"href":"https:\/\/diariodeloeste.com\/noticias\/wp-json\/wp\/v2\/posts\/15794\/revisions\/15800"}],"wp:featuredmedia":[{"embeddable":true,"href":"https:\/\/diariodeloeste.com\/noticias\/wp-json\/wp\/v2\/media\/15795"}],"wp:attachment":[{"href":"https:\/\/diariodeloeste.com\/noticias\/wp-json\/wp\/v2\/media?parent=15794"}],"wp:term":[{"taxonomy":"category","embeddable":true,"href":"https:\/\/diariodeloeste.com\/noticias\/wp-json\/wp\/v2\/categories?post=15794"},{"taxonomy":"post_tag","embeddable":true,"href":"https:\/\/diariodeloeste.com\/noticias\/wp-json\/wp\/v2\/tags?post=15794"}],"curies":[{"name":"wp","href":"https:\/\/api.w.org\/{rel}","templated":true}]}}