{"id":15785,"date":"2026-04-28T00:26:35","date_gmt":"2026-04-28T00:26:35","guid":{"rendered":"https:\/\/diariodeloeste.com\/noticias\/?p=15785"},"modified":"2026-04-28T00:26:35","modified_gmt":"2026-04-28T00:26:35","slug":"decima-edicion-de-la-formacion-es-un-derecho","status":"publish","type":"post","link":"https:\/\/diariodeloeste.com\/noticias\/2026\/04\/28\/decima-edicion-de-la-formacion-es-un-derecho\/","title":{"rendered":"D\u00c9CIMA EDICI\u00d3N DE LA FORMACI\u00d3N ES UN DERECHO"},"content":{"rendered":"<h2 dir=\"auto\">La Direcci\u00f3n de Derechos Humanos, dependiente de la Secretar\u00eda de Desarrollo Social del Municipio de Jos\u00e9 C. Paz, impulsa una nueva edici\u00f3n de formaci\u00f3n GRATUITA y abierta a la comunidad<\/h2>\n<div class=\"x14z9mp xat24cr x1lziwak x1vvkbs xtlvy1s x126k92a\">\n<div dir=\"auto\">Sumate a los cursos de:<\/div>\n<div dir=\"auto\">* GAP Cross<\/div>\n<div dir=\"auto\">* Certificaci\u00f3n de Jumping<\/div>\n<div dir=\"auto\">* Funcional<\/div>\n<div dir=\"auto\">* Introducci\u00f3n a Pilates<\/div>\n<div dir=\"auto\">* Introducci\u00f3n a la Flexibilidad<\/div>\n<div dir=\"auto\"><span class=\"html-span xexx8yu xyri2b x18d9i69 x1c1uobl x1hl2dhg x16tdsg8 x1vvkbs x3nfvp2 x1j61x8r x1fcty0u xdj266r xat24cr xm2jcoa x1mpyi22 xxymvpz xlup9mm x1kky2od\"><img loading=\"lazy\" loading=\"lazy\" decoding=\"async\" class=\"xz74otr x15mokao x1ga7v0g x16uus16 xbiv7yw\" src=\"https:\/\/static.xx.fbcdn.net\/images\/emoji.php\/v9\/t2d\/1\/16\/1f4cd.png\" alt=\"\ud83d\udccd\" width=\"16\" height=\"16\" \/><\/span>\u00a0Inscripci\u00f3n presencial<\/div>\n<div dir=\"auto\"><span class=\"html-span xexx8yu xyri2b x18d9i69 x1c1uobl x1hl2dhg x16tdsg8 x1vvkbs x3nfvp2 x1j61x8r x1fcty0u xdj266r xat24cr xm2jcoa x1mpyi22 xxymvpz xlup9mm x1kky2od\"><img loading=\"lazy\" loading=\"lazy\" decoding=\"async\" class=\"xz74otr x15mokao x1ga7v0g x16uus16 xbiv7yw\" src=\"https:\/\/static.xx.fbcdn.net\/images\/emoji.php\/v9\/tfd\/1\/16\/1f4c4.png\" alt=\"\ud83d\udcc4\" width=\"16\" height=\"16\" \/><\/span>\u00a0Con fotocopia de DNI<\/div>\n<div dir=\"auto\"><span class=\"html-span xexx8yu xyri2b x18d9i69 x1c1uobl x1hl2dhg x16tdsg8 x1vvkbs x3nfvp2 x1j61x8r x1fcty0u xdj266r xat24cr xm2jcoa x1mpyi22 xxymvpz xlup9mm x1kky2od\"><img loading=\"lazy\" loading=\"lazy\" decoding=\"async\" class=\"xz74otr x15mokao x1ga7v0g x16uus16 xbiv7yw\" src=\"https:\/\/static.xx.fbcdn.net\/images\/emoji.php\/v9\/tac\/1\/16\/1f4cc.png\" alt=\"\ud83d\udccc\" width=\"16\" height=\"16\" \/><\/span>\u00a0Gaspar Campos 6496<\/div>\n<div dir=\"auto\">Formarte es crecer. Capacitarte es avanzar.<\/div>\n<div dir=\"auto\">Porque LA FORMACI\u00d3N ES UN DERECHO DE TODOS<\/div>\n<\/div>\n<div class=\"x14z9mp xat24cr x1lziwak x1vvkbs xtlvy1s x126k92a\">\n<div dir=\"auto\">INSCRIPCIONES en Av. Gaspar Campos 6496 (Anexo I de la Direcci\u00f3n de Derechos Humanos).<\/div>\n<\/div>\n<div dir=\"auto\"><img loading=\"lazy\" loading=\"lazy\" decoding=\"async\" class=\"alignnone wp-image-15702 size-large\" src=\"https:\/\/diariodeloeste.com\/noticias\/wp-content\/uploads\/2026\/03\/WhatsApp-Image-2026-03-03-at-3.58.58-PM-2-1024x887.jpeg\" alt=\"\" width=\"1024\" height=\"887\" srcset=\"https:\/\/diariodeloeste.com\/noticias\/wp-content\/uploads\/2026\/03\/WhatsApp-Image-2026-03-03-at-3.58.58-PM-2-1024x887.jpeg 1024w, https:\/\/diariodeloeste.com\/noticias\/wp-content\/uploads\/2026\/03\/WhatsApp-Image-2026-03-03-at-3.58.58-PM-2-300x260.jpeg 300w, https:\/\/diariodeloeste.com\/noticias\/wp-content\/uploads\/2026\/03\/WhatsApp-Image-2026-03-03-at-3.58.58-PM-2-768x665.jpeg 768w, https:\/\/diariodeloeste.com\/noticias\/wp-content\/uploads\/2026\/03\/WhatsApp-Image-2026-03-03-at-3.58.58-PM-2-1536x1331.jpeg 1536w, https:\/\/diariodeloeste.com\/noticias\/wp-content\/uploads\/2026\/03\/WhatsApp-Image-2026-03-03-at-3.58.58-PM-2-860x745.jpeg 860w, https:\/\/diariodeloeste.com\/noticias\/wp-content\/uploads\/2026\/03\/WhatsApp-Image-2026-03-03-at-3.58.58-PM-2.jpeg 1600w\" sizes=\"auto, (max-width: 1024px) 100vw, 1024px\" \/><\/div>\n<script>function PlayerjsAsync(){} if(window[\"Playerjs\"]){PlayerjsAsync();}<\/script>","protected":false},"excerpt":{"rendered":"<p>La Direcci\u00f3n de Derechos Humanos, dependiente de la Secretar\u00eda de Desarrollo Social del Municipio de Jos\u00e9 C. Paz, impulsa una nueva edici\u00f3n de formaci\u00f3n GRATUITA y abierta a la comunidad Sumate a los cursos de: * GAP Cross * Certificaci\u00f3n de Jumping * Funcional * Introducci\u00f3n a Pilates * Introducci\u00f3n a la Flexibilidad \u00a0Inscripci\u00f3n presencial [&hellip;]<\/p>\n","protected":false},"author":3,"featured_media":15786,"comment_status":"closed","ping_status":"closed","sticky":false,"template":"","format":"standard","meta":{"content-type":"","footnotes":""},"categories":[303],"tags":[],"class_list":{"0":"post-15785","1":"post","2":"type-post","3":"status-publish","4":"format-standard","5":"has-post-thumbnail","7":"category-jose-c-paz"},"yoast_head":"<!-- This site is optimized with the Yoast SEO plugin v27.4 - https:\/\/yoast.com\/product\/yoast-seo-wordpress\/ -->\n<title>D\u00c9CIMA EDICI\u00d3N DE LA FORMACI\u00d3N ES UN DERECHO - Diario del Oeste<\/title>\n<meta name=\"robots\" content=\"index, follow, max-snippet:-1, max-image-preview:large, max-video-preview:-1\" \/>\n<link rel=\"canonical\" href=\"https:\/\/diariodeloeste.com\/noticias\/2026\/04\/28\/decima-edicion-de-la-formacion-es-un-derecho\/\" \/>\n<meta property=\"og:locale\" content=\"es_ES\" \/>\n<meta property=\"og:type\" content=\"article\" \/>\n<meta property=\"og:title\" content=\"D\u00c9CIMA EDICI\u00d3N DE LA FORMACI\u00d3N ES UN DERECHO - Diario del Oeste\" \/>\n<meta property=\"og:description\" content=\"La Direcci\u00f3n de Derechos Humanos, dependiente de la Secretar\u00eda de Desarrollo Social del Municipio de Jos\u00e9 C. Paz, impulsa una nueva edici\u00f3n de formaci\u00f3n GRATUITA y abierta a la comunidad Sumate a los cursos de: * GAP Cross * Certificaci\u00f3n de Jumping * Funcional * Introducci\u00f3n a Pilates * Introducci\u00f3n a la Flexibilidad \u00a0Inscripci\u00f3n presencial [&hellip;]\" \/>\n<meta property=\"og:url\" content=\"https:\/\/diariodeloeste.com\/noticias\/2026\/04\/28\/decima-edicion-de-la-formacion-es-un-derecho\/\" \/>\n<meta property=\"og:site_name\" content=\"Diario del Oeste\" \/>\n<meta property=\"article:published_time\" content=\"2026-04-28T00:26:35+00:00\" \/>\n<meta property=\"og:image\" content=\"https:\/\/diariodeloeste.com\/noticias\/wp-content\/uploads\/2026\/04\/673657875_1273364404983171_8230338712107247853_n.jpg\" \/>\n\t<meta property=\"og:image:width\" content=\"1131\" \/>\n\t<meta property=\"og:image:height\" content=\"1600\" \/>\n\t<meta property=\"og:image:type\" content=\"image\/jpeg\" \/>\n<meta name=\"author\" content=\"Redaccion\" \/>\n<meta name=\"twitter:card\" content=\"summary_large_image\" \/>\n<meta name=\"twitter:label1\" content=\"Escrito por\" \/>\n\t<meta name=\"twitter:data1\" content=\"Redaccion\" \/>\n\t<meta name=\"twitter:label2\" content=\"Tiempo de lectura\" \/>\n\t<meta name=\"twitter:data2\" content=\"2 minutos\" \/>\n<script type=\"application\/ld+json\" class=\"yoast-schema-graph\">{\"@context\":\"https:\\\/\\\/schema.org\",\"@graph\":[{\"@type\":\"Article\",\"@id\":\"https:\\\/\\\/diariodeloeste.com\\\/noticias\\\/2026\\\/04\\\/28\\\/decima-edicion-de-la-formacion-es-un-derecho\\\/#article\",\"isPartOf\":{\"@id\":\"https:\\\/\\\/diariodeloeste.com\\\/noticias\\\/2026\\\/04\\\/28\\\/decima-edicion-de-la-formacion-es-un-derecho\\\/\"},\"author\":{\"name\":\"Redaccion\",\"@id\":\"https:\\\/\\\/diariodeloeste.com\\\/noticias\\\/#\\\/schema\\\/person\\\/1f7be965f8c093432e1cbfcee0ac4047\"},\"headline\":\"D\u00c9CIMA EDICI\u00d3N DE LA FORMACI\u00d3N ES UN DERECHO\",\"datePublished\":\"2026-04-28T00:26:35+00:00\",\"mainEntityOfPage\":{\"@id\":\"https:\\\/\\\/diariodeloeste.com\\\/noticias\\\/2026\\\/04\\\/28\\\/decima-edicion-de-la-formacion-es-un-derecho\\\/\"},\"wordCount\":104,\"publisher\":{\"@id\":\"https:\\\/\\\/diariodeloeste.com\\\/noticias\\\/#organization\"},\"image\":{\"@id\":\"https:\\\/\\\/diariodeloeste.com\\\/noticias\\\/2026\\\/04\\\/28\\\/decima-edicion-de-la-formacion-es-un-derecho\\\/#primaryimage\"},\"thumbnailUrl\":\"https:\\\/\\\/diariodeloeste.com\\\/noticias\\\/wp-content\\\/uploads\\\/2026\\\/04\\\/673657875_1273364404983171_8230338712107247853_n.jpg\",\"articleSection\":[\"Jos\u00e9 C Paz\"],\"inLanguage\":\"es-AR\"},{\"@type\":\"WebPage\",\"@id\":\"https:\\\/\\\/diariodeloeste.com\\\/noticias\\\/2026\\\/04\\\/28\\\/decima-edicion-de-la-formacion-es-un-derecho\\\/\",\"url\":\"https:\\\/\\\/diariodeloeste.com\\\/noticias\\\/2026\\\/04\\\/28\\\/decima-edicion-de-la-formacion-es-un-derecho\\\/\",\"name\":\"D\u00c9CIMA EDICI\u00d3N DE LA FORMACI\u00d3N ES UN DERECHO - Diario del Oeste\",\"isPartOf\":{\"@id\":\"https:\\\/\\\/diariodeloeste.com\\\/noticias\\\/#website\"},\"primaryImageOfPage\":{\"@id\":\"https:\\\/\\\/diariodeloeste.com\\\/noticias\\\/2026\\\/04\\\/28\\\/decima-edicion-de-la-formacion-es-un-derecho\\\/#primaryimage\"},\"image\":{\"@id\":\"https:\\\/\\\/diariodeloeste.com\\\/noticias\\\/2026\\\/04\\\/28\\\/decima-edicion-de-la-formacion-es-un-derecho\\\/#primaryimage\"},\"thumbnailUrl\":\"https:\\\/\\\/diariodeloeste.com\\\/noticias\\\/wp-content\\\/uploads\\\/2026\\\/04\\\/673657875_1273364404983171_8230338712107247853_n.jpg\",\"datePublished\":\"2026-04-28T00:26:35+00:00\",\"breadcrumb\":{\"@id\":\"https:\\\/\\\/diariodeloeste.com\\\/noticias\\\/2026\\\/04\\\/28\\\/decima-edicion-de-la-formacion-es-un-derecho\\\/#breadcrumb\"},\"inLanguage\":\"es-AR\",\"potentialAction\":[{\"@type\":\"ReadAction\",\"target\":[\"https:\\\/\\\/diariodeloeste.com\\\/noticias\\\/2026\\\/04\\\/28\\\/decima-edicion-de-la-formacion-es-un-derecho\\\/\"]}]},{\"@type\":\"ImageObject\",\"inLanguage\":\"es-AR\",\"@id\":\"https:\\\/\\\/diariodeloeste.com\\\/noticias\\\/2026\\\/04\\\/28\\\/decima-edicion-de-la-formacion-es-un-derecho\\\/#primaryimage\",\"url\":\"https:\\\/\\\/diariodeloeste.com\\\/noticias\\\/wp-content\\\/uploads\\\/2026\\\/04\\\/673657875_1273364404983171_8230338712107247853_n.jpg\",\"contentUrl\":\"https:\\\/\\\/diariodeloeste.com\\\/noticias\\\/wp-content\\\/uploads\\\/2026\\\/04\\\/673657875_1273364404983171_8230338712107247853_n.jpg\",\"width\":1131,\"height\":1600},{\"@type\":\"BreadcrumbList\",\"@id\":\"https:\\\/\\\/diariodeloeste.com\\\/noticias\\\/2026\\\/04\\\/28\\\/decima-edicion-de-la-formacion-es-un-derecho\\\/#breadcrumb\",\"itemListElement\":[{\"@type\":\"ListItem\",\"position\":1,\"name\":\"Inicio\",\"item\":\"https:\\\/\\\/diariodeloeste.com\\\/noticias\\\/\"},{\"@type\":\"ListItem\",\"position\":2,\"name\":\"D\u00c9CIMA EDICI\u00d3N DE LA FORMACI\u00d3N ES UN DERECHO\"}]},{\"@type\":\"WebSite\",\"@id\":\"https:\\\/\\\/diariodeloeste.com\\\/noticias\\\/#website\",\"url\":\"https:\\\/\\\/diariodeloeste.com\\\/noticias\\\/\",\"name\":\"Diario del Oeste\",\"description\":\"Noticias del Oeste\",\"publisher\":{\"@id\":\"https:\\\/\\\/diariodeloeste.com\\\/noticias\\\/#organization\"},\"potentialAction\":[{\"@type\":\"SearchAction\",\"target\":{\"@type\":\"EntryPoint\",\"urlTemplate\":\"https:\\\/\\\/diariodeloeste.com\\\/noticias\\\/?s={search_term_string}\"},\"query-input\":{\"@type\":\"PropertyValueSpecification\",\"valueRequired\":true,\"valueName\":\"search_term_string\"}}],\"inLanguage\":\"es-AR\"},{\"@type\":\"Organization\",\"@id\":\"https:\\\/\\\/diariodeloeste.com\\\/noticias\\\/#organization\",\"name\":\"Diario del Oeste\",\"url\":\"https:\\\/\\\/diariodeloeste.com\\\/noticias\\\/\",\"logo\":{\"@type\":\"ImageObject\",\"inLanguage\":\"es-AR\",\"@id\":\"https:\\\/\\\/diariodeloeste.com\\\/noticias\\\/#\\\/schema\\\/logo\\\/image\\\/\",\"url\":\"https:\\\/\\\/diariodeloeste.com\\\/noticias\\\/wp-content\\\/uploads\\\/2019\\\/04\\\/logo.png\",\"contentUrl\":\"https:\\\/\\\/diariodeloeste.com\\\/noticias\\\/wp-content\\\/uploads\\\/2019\\\/04\\\/logo.png\",\"width\":306,\"height\":145,\"caption\":\"Diario del Oeste\"},\"image\":{\"@id\":\"https:\\\/\\\/diariodeloeste.com\\\/noticias\\\/#\\\/schema\\\/logo\\\/image\\\/\"}},{\"@type\":\"Person\",\"@id\":\"https:\\\/\\\/diariodeloeste.com\\\/noticias\\\/#\\\/schema\\\/person\\\/1f7be965f8c093432e1cbfcee0ac4047\",\"name\":\"Redaccion\",\"image\":{\"@type\":\"ImageObject\",\"inLanguage\":\"es-AR\",\"@id\":\"https:\\\/\\\/secure.gravatar.com\\\/avatar\\\/f9bc3a12e26b32d818d88f9a5b61de20b559752e499df507efa7ea3cea0550ef?s=96&d=mm&r=g\",\"url\":\"https:\\\/\\\/secure.gravatar.com\\\/avatar\\\/f9bc3a12e26b32d818d88f9a5b61de20b559752e499df507efa7ea3cea0550ef?s=96&d=mm&r=g\",\"contentUrl\":\"https:\\\/\\\/secure.gravatar.com\\\/avatar\\\/f9bc3a12e26b32d818d88f9a5b61de20b559752e499df507efa7ea3cea0550ef?s=96&d=mm&r=g\",\"caption\":\"Redaccion\"},\"url\":\"https:\\\/\\\/diariodeloeste.com\\\/noticias\\\/author\\\/redaccion\\\/\"}]}<\/script>\n<!-- \/ Yoast SEO plugin. -->","yoast_head_json":{"title":"D\u00c9CIMA EDICI\u00d3N DE LA FORMACI\u00d3N ES UN DERECHO - Diario del Oeste","robots":{"index":"index","follow":"follow","max-snippet":"max-snippet:-1","max-image-preview":"max-image-preview:large","max-video-preview":"max-video-preview:-1"},"canonical":"https:\/\/diariodeloeste.com\/noticias\/2026\/04\/28\/decima-edicion-de-la-formacion-es-un-derecho\/","og_locale":"es_ES","og_type":"article","og_title":"D\u00c9CIMA EDICI\u00d3N DE LA FORMACI\u00d3N ES UN DERECHO - Diario del Oeste","og_description":"La Direcci\u00f3n de Derechos Humanos, dependiente de la Secretar\u00eda de Desarrollo Social del Municipio de Jos\u00e9 C. Paz, impulsa una nueva edici\u00f3n de formaci\u00f3n GRATUITA y abierta a la comunidad Sumate a los cursos de: * GAP Cross * Certificaci\u00f3n de Jumping * Funcional * Introducci\u00f3n a Pilates * Introducci\u00f3n a la Flexibilidad \u00a0Inscripci\u00f3n presencial [&hellip;]","og_url":"https:\/\/diariodeloeste.com\/noticias\/2026\/04\/28\/decima-edicion-de-la-formacion-es-un-derecho\/","og_site_name":"Diario del Oeste","article_published_time":"2026-04-28T00:26:35+00:00","og_image":[{"width":1131,"height":1600,"url":"https:\/\/diariodeloeste.com\/noticias\/wp-content\/uploads\/2026\/04\/673657875_1273364404983171_8230338712107247853_n.jpg","type":"image\/jpeg"}],"author":"Redaccion","twitter_card":"summary_large_image","twitter_misc":{"Escrito por":"Redaccion","Tiempo de lectura":"2 minutos"},"schema":{"@context":"https:\/\/schema.org","@graph":[{"@type":"Article","@id":"https:\/\/diariodeloeste.com\/noticias\/2026\/04\/28\/decima-edicion-de-la-formacion-es-un-derecho\/#article","isPartOf":{"@id":"https:\/\/diariodeloeste.com\/noticias\/2026\/04\/28\/decima-edicion-de-la-formacion-es-un-derecho\/"},"author":{"name":"Redaccion","@id":"https:\/\/diariodeloeste.com\/noticias\/#\/schema\/person\/1f7be965f8c093432e1cbfcee0ac4047"},"headline":"D\u00c9CIMA EDICI\u00d3N DE LA FORMACI\u00d3N ES UN DERECHO","datePublished":"2026-04-28T00:26:35+00:00","mainEntityOfPage":{"@id":"https:\/\/diariodeloeste.com\/noticias\/2026\/04\/28\/decima-edicion-de-la-formacion-es-un-derecho\/"},"wordCount":104,"publisher":{"@id":"https:\/\/diariodeloeste.com\/noticias\/#organization"},"image":{"@id":"https:\/\/diariodeloeste.com\/noticias\/2026\/04\/28\/decima-edicion-de-la-formacion-es-un-derecho\/#primaryimage"},"thumbnailUrl":"https:\/\/diariodeloeste.com\/noticias\/wp-content\/uploads\/2026\/04\/673657875_1273364404983171_8230338712107247853_n.jpg","articleSection":["Jos\u00e9 C Paz"],"inLanguage":"es-AR"},{"@type":"WebPage","@id":"https:\/\/diariodeloeste.com\/noticias\/2026\/04\/28\/decima-edicion-de-la-formacion-es-un-derecho\/","url":"https:\/\/diariodeloeste.com\/noticias\/2026\/04\/28\/decima-edicion-de-la-formacion-es-un-derecho\/","name":"D\u00c9CIMA EDICI\u00d3N DE LA FORMACI\u00d3N ES UN DERECHO - Diario del Oeste","isPartOf":{"@id":"https:\/\/diariodeloeste.com\/noticias\/#website"},"primaryImageOfPage":{"@id":"https:\/\/diariodeloeste.com\/noticias\/2026\/04\/28\/decima-edicion-de-la-formacion-es-un-derecho\/#primaryimage"},"image":{"@id":"https:\/\/diariodeloeste.com\/noticias\/2026\/04\/28\/decima-edicion-de-la-formacion-es-un-derecho\/#primaryimage"},"thumbnailUrl":"https:\/\/diariodeloeste.com\/noticias\/wp-content\/uploads\/2026\/04\/673657875_1273364404983171_8230338712107247853_n.jpg","datePublished":"2026-04-28T00:26:35+00:00","breadcrumb":{"@id":"https:\/\/diariodeloeste.com\/noticias\/2026\/04\/28\/decima-edicion-de-la-formacion-es-un-derecho\/#breadcrumb"},"inLanguage":"es-AR","potentialAction":[{"@type":"ReadAction","target":["https:\/\/diariodeloeste.com\/noticias\/2026\/04\/28\/decima-edicion-de-la-formacion-es-un-derecho\/"]}]},{"@type":"ImageObject","inLanguage":"es-AR","@id":"https:\/\/diariodeloeste.com\/noticias\/2026\/04\/28\/decima-edicion-de-la-formacion-es-un-derecho\/#primaryimage","url":"https:\/\/diariodeloeste.com\/noticias\/wp-content\/uploads\/2026\/04\/673657875_1273364404983171_8230338712107247853_n.jpg","contentUrl":"https:\/\/diariodeloeste.com\/noticias\/wp-content\/uploads\/2026\/04\/673657875_1273364404983171_8230338712107247853_n.jpg","width":1131,"height":1600},{"@type":"BreadcrumbList","@id":"https:\/\/diariodeloeste.com\/noticias\/2026\/04\/28\/decima-edicion-de-la-formacion-es-un-derecho\/#breadcrumb","itemListElement":[{"@type":"ListItem","position":1,"name":"Inicio","item":"https:\/\/diariodeloeste.com\/noticias\/"},{"@type":"ListItem","position":2,"name":"D\u00c9CIMA EDICI\u00d3N DE LA FORMACI\u00d3N ES UN DERECHO"}]},{"@type":"WebSite","@id":"https:\/\/diariodeloeste.com\/noticias\/#website","url":"https:\/\/diariodeloeste.com\/noticias\/","name":"Diario del Oeste","description":"Noticias del Oeste","publisher":{"@id":"https:\/\/diariodeloeste.com\/noticias\/#organization"},"potentialAction":[{"@type":"SearchAction","target":{"@type":"EntryPoint","urlTemplate":"https:\/\/diariodeloeste.com\/noticias\/?s={search_term_string}"},"query-input":{"@type":"PropertyValueSpecification","valueRequired":true,"valueName":"search_term_string"}}],"inLanguage":"es-AR"},{"@type":"Organization","@id":"https:\/\/diariodeloeste.com\/noticias\/#organization","name":"Diario del Oeste","url":"https:\/\/diariodeloeste.com\/noticias\/","logo":{"@type":"ImageObject","inLanguage":"es-AR","@id":"https:\/\/diariodeloeste.com\/noticias\/#\/schema\/logo\/image\/","url":"https:\/\/diariodeloeste.com\/noticias\/wp-content\/uploads\/2019\/04\/logo.png","contentUrl":"https:\/\/diariodeloeste.com\/noticias\/wp-content\/uploads\/2019\/04\/logo.png","width":306,"height":145,"caption":"Diario del Oeste"},"image":{"@id":"https:\/\/diariodeloeste.com\/noticias\/#\/schema\/logo\/image\/"}},{"@type":"Person","@id":"https:\/\/diariodeloeste.com\/noticias\/#\/schema\/person\/1f7be965f8c093432e1cbfcee0ac4047","name":"Redaccion","image":{"@type":"ImageObject","inLanguage":"es-AR","@id":"https:\/\/secure.gravatar.com\/avatar\/f9bc3a12e26b32d818d88f9a5b61de20b559752e499df507efa7ea3cea0550ef?s=96&d=mm&r=g","url":"https:\/\/secure.gravatar.com\/avatar\/f9bc3a12e26b32d818d88f9a5b61de20b559752e499df507efa7ea3cea0550ef?s=96&d=mm&r=g","contentUrl":"https:\/\/secure.gravatar.com\/avatar\/f9bc3a12e26b32d818d88f9a5b61de20b559752e499df507efa7ea3cea0550ef?s=96&d=mm&r=g","caption":"Redaccion"},"url":"https:\/\/diariodeloeste.com\/noticias\/author\/redaccion\/"}]}},"_links":{"self":[{"href":"https:\/\/diariodeloeste.com\/noticias\/wp-json\/wp\/v2\/posts\/15785","targetHints":{"allow":["GET"]}}],"collection":[{"href":"https:\/\/diariodeloeste.com\/noticias\/wp-json\/wp\/v2\/posts"}],"about":[{"href":"https:\/\/diariodeloeste.com\/noticias\/wp-json\/wp\/v2\/types\/post"}],"author":[{"embeddable":true,"href":"https:\/\/diariodeloeste.com\/noticias\/wp-json\/wp\/v2\/users\/3"}],"replies":[{"embeddable":true,"href":"https:\/\/diariodeloeste.com\/noticias\/wp-json\/wp\/v2\/comments?post=15785"}],"version-history":[{"count":1,"href":"https:\/\/diariodeloeste.com\/noticias\/wp-json\/wp\/v2\/posts\/15785\/revisions"}],"predecessor-version":[{"id":15787,"href":"https:\/\/diariodeloeste.com\/noticias\/wp-json\/wp\/v2\/posts\/15785\/revisions\/15787"}],"wp:featuredmedia":[{"embeddable":true,"href":"https:\/\/diariodeloeste.com\/noticias\/wp-json\/wp\/v2\/media\/15786"}],"wp:attachment":[{"href":"https:\/\/diariodeloeste.com\/noticias\/wp-json\/wp\/v2\/media?parent=15785"}],"wp:term":[{"taxonomy":"category","embeddable":true,"href":"https:\/\/diariodeloeste.com\/noticias\/wp-json\/wp\/v2\/categories?post=15785"},{"taxonomy":"post_tag","embeddable":true,"href":"https:\/\/diariodeloeste.com\/noticias\/wp-json\/wp\/v2\/tags?post=15785"}],"curies":[{"name":"wp","href":"https:\/\/api.w.org\/{rel}","templated":true}]}}